{"id":2711,"date":"2022-12-15T12:41:02","date_gmt":"2022-12-15T11:41:02","guid":{"rendered":"https:\/\/hub.hslu.ch\/business-psychology\/?p=2711"},"modified":"2022-12-15T12:41:03","modified_gmt":"2022-12-15T11:41:03","slug":"studierende-im-portrait-dennis-in-madrid","status":"publish","type":"post","link":"https:\/\/hub.hslu.ch\/business-psychology\/studierende-im-portrait-dennis-in-madrid\/","title":{"rendered":"Im Portrait: Studierende im Auslandssemester &#8211; Dennis in Madrid"},"content":{"rendered":"\n<p class=\"has-text-align-center\">Lesezeit 3&#8242; Minuten \/\/ Im Interview mit Dennis Justo Ruiz <\/p>\n\n\n\n<p class=\"has-drop-cap has-text-align-left\">In unserer Reihe <a href=\"https:\/\/hub.hslu.ch\/business-psychology\/category\/im-portraet\/\" target=\"_blank\" rel=\"noreferrer noopener\">&#171;Im Portrait&#187;<\/a> stellen wir Studierende, Mitarbeitende, Dozierende sowie Personen aus dem Bereich der Wirtschaftspsychologie vor. Diesen Monat er\u00f6ffnen wir eine neue Rubrik: Studierende im Auslandssemester. Dennis Justo Ruiz, Business Psychology Student im 7. Semester, berichtet \u00fcber seine Erfahrungen im Auslandssemester in Madrid.<\/p>\n\n\n\n<div class=\"wp-block-media-text alignwide is-stacked-on-mobile is-image-fill\"><figure class=\"wp-block-media-text__media\" style=\"background-image:url(https:\/\/hub.hslu.ch\/business-psychology\/wp-content\/uploads\/sites\/21\/2022\/12\/IMG_1073-Kopie-2-768x1024.jpg);background-position:58% 54%\"><img loading=\"lazy\" decoding=\"async\" width=\"768\" height=\"1024\" src=\"https:\/\/hub.hslu.ch\/business-psychology\/wp-content\/uploads\/sites\/21\/2022\/12\/IMG_1073-Kopie-2-768x1024.jpg\" alt=\"\" class=\"wp-image-2730 size-full\" srcset=\"https:\/\/hub.hslu.ch\/business-psychology\/wp-content\/uploads\/sites\/21\/2022\/12\/IMG_1073-Kopie-2-768x1024.jpg 768w, https:\/\/hub.hslu.ch\/business-psychology\/wp-content\/uploads\/sites\/21\/2022\/12\/IMG_1073-Kopie-2-225x300.jpg 225w, https:\/\/hub.hslu.ch\/business-psychology\/wp-content\/uploads\/sites\/21\/2022\/12\/IMG_1073-Kopie-2-1152x1536.jpg 1152w, https:\/\/hub.hslu.ch\/business-psychology\/wp-content\/uploads\/sites\/21\/2022\/12\/IMG_1073-Kopie-2-390x520.jpg 390w, https:\/\/hub.hslu.ch\/business-psychology\/wp-content\/uploads\/sites\/21\/2022\/12\/IMG_1073-Kopie-2-524x698.jpg 524w, https:\/\/hub.hslu.ch\/business-psychology\/wp-content\/uploads\/sites\/21\/2022\/12\/IMG_1073-Kopie-2.jpg 1536w\" sizes=\"auto, (max-width: 768px) 100vw, 768px\" \/><\/figure><div class=\"wp-block-media-text__content\">\n<p>Im Interview erfahrt ihr, warum sich Dennis f\u00fcr ein Auslandssemester entschieden hat, wie aktuell ein typischer Studienalltag von ihm aussieht und welche Herausforderungen ihm bisher begegnet sind.<\/p>\n<\/div><\/div>\n\n\n\n<p><\/p>\n\n\n\n<p><\/p>\n\n\n\n<h4 class=\"has-text-color has-medium-font-size wp-block-heading\" style=\"color:#495967\"><strong>Hallo Dennis! Du befindest dich aktuell mitten im Auslandssemester. Wann hat dieses f\u00fcr dich begonnen, wo genau befindest du dich gerade und wie lange bleibst du da?<\/strong><\/h4>\n\n\n\n<p><strong><em>Dennis:<\/em><\/strong> Meine Reise nach Madrid begann am 01. September 2022 und dauert bis am 15. Januar 2023.<\/p>\n\n\n\n<h4 class=\"has-text-color has-medium-font-size wp-block-heading\" style=\"color:#495967\"><strong><strong>Warum hast du dich f\u00fcr ein Auslandssemester entschieden?&nbsp;<\/strong><\/strong><\/h4>\n\n\n\n<p><strong><em>Dennis:<\/em><\/strong>\u00a0Zu Beginn unseres Business Psychology Studiums im Herbstsemester 2019 wurde das Auslandssemester w\u00e4hrend der Einf\u00fchrungspr\u00e4sentation zum ersten Mal pr\u00e4sentiert. Daraufhin traf ich bereits die Entscheidung, meine akademischen Perspektiven mit einem Auslandssemester zu erg\u00e4nzen.<\/p>\n\n\n\n<h4 class=\"has-text-color has-medium-font-size wp-block-heading\" style=\"color:#495967\"><strong>Warum hast du dich f\u00fcr die Universit\u00e4t San Pablo in Madrid entschieden?<\/strong><\/h4>\n\n\n\n<p><em><b>Dennis:<\/b><\/em> Aufgrund meiner spanischen Wurzeln war f\u00fcr mich klar, dass ich ein spanischsprechendes Land erkunden will. Mit Madrid hatte ich nicht nur die Chance, eine mit mir verbundene Kultur, sondern auch einen neuen Wirtschaftsstandort kennenzulernen. Auch Faktoren wie die Zeitzone haben zu meiner Entscheidung beigetragen, da ich auch w\u00e4hrend dem Auslandssemester f\u00fcr mein Start-up gearbeitet habe.&nbsp;<\/p>\n\n\n\n<h4 class=\"has-text-color has-medium-font-size wp-block-heading\" style=\"color:#495967\"><strong>Wie war dein erster Eindruck nach der Ankunft? Gab es irgendwelche Herausforderungen?<\/strong><\/h4>\n\n\n\n<p><strong><em>Dennis:<\/em><\/strong> Die ersten zwei Wochen nach Studienbeginn war ich noch immer nicht immatrikuliert. F\u00fcr Erasmusstudierende bestehen hier jedoch viele Freiheiten, den Stundenplan nach Studienbeginn noch zu definieren. An diese Flexibilit\u00e4t der Universit\u00e4t musste man sich in erster Linie gew\u00f6hnen. Die spanischen Mitstudierenden waren sehr offen und hilfsbereit, was mir die Ankunft und die Schwierigkeiten sehr vereinfacht haben.&nbsp;<\/p>\n\n\n\n<h4 class=\"has-text-color has-medium-font-size wp-block-heading\" style=\"color:#495967\"><strong>Wie sieht aktuell ein typischer Unialltag bei dir aus? Wie unterscheidet sich das Studierendenleben zu dem in Luzern?<\/strong><\/h4>\n\n\n\n<p><em><strong>Dennis<\/strong>:<\/em> Der Unterschied besteht vor allem darin, dass es an der Universit\u00e4t San Pablo kein berufsbegleitendes Modell gibt. Zudem studiere ich hier keine Mischung aus Wirtschaft und Psychologie, sondern besuche haupts\u00e4chlich Module der klinischen Psychologie. Einerseits ist dies sehr spannend, da man tiefer in die Materie der Psychologie eintauchen kann. Andererseits fehlt mir die Verbindung zur Wirtschaft, welche f\u00fcr unser Studium zentral ist. Theorie und Praxis wird getrennt unterrichtet. Im Praxisunterricht werden reale Beispiele besprochen und durchgespielt, was sehr unterhaltsam sein kann und einen guten Lerneffekt aufweist.&nbsp;<\/p>\n\n\n\n<h4 class=\"has-text-color has-medium-font-size wp-block-heading\" style=\"color:#495967\"><font color=\"#495963\"><strong>Wie verbringst du in Madrid deine Freizeit?&nbsp;&nbsp;&nbsp;<\/strong><\/font><\/h4>\n\n\n\n<p><span><strong style=\"font-style: italic\">Denni<\/strong><\/span><strong style=\"font-style: italic\">s<\/strong><i>:<\/i> W\u00e4hrend meiner Freizeit lebe ich die spanische Kultur in vollen Z\u00fcgen \u2013 beim Ap\u00e9ro! Nebst dem bin ich auch sportlich aktiv, gehe ins Fitnessstudio und spiele beim Fussballteam der Universit\u00e4t mit. Meine Lieblingsbesch\u00e4ftigung ist es, Freunde zu treffen und die Stadt zu erkunden. Zudem hat Madrid sehr empfehlenswerte Sonnenunterg\u00e4nge!\u00a0<\/p>\n\n\n\n<p class=\"has-text-color has-medium-font-size\" style=\"color:#495967\"><strong>Worauf freust du dich noch in den n\u00e4chsten Wochen?<\/strong><\/p>\n\n\n\n<p><span><strong style=\"font-style: italic\">Denni<\/strong><\/span><strong style=\"font-style: italic\">s<\/strong><i>:<\/i> Alles Sch\u00f6ne hat ein Ende und dementsprechend werde ich meine Zeit meinen Freunden, gutem Essen, gutem Wein und sch\u00f6nen Sonnenunterg\u00e4ngen widmen.&nbsp;<\/p>\n\n\n\n<p><em>Vielen Dank f\u00fcr das Interview und weiterhin viel Spass in Madrid!&nbsp;Wir freuen uns schon auf deinen Bericht nach Ende des Semesters!&nbsp;<\/em><\/p>\n\n\n\n<figure class=\"wp-block-gallery has-nested-images columns-default is-cropped wp-block-gallery-1 is-layout-flex wp-block-gallery-is-layout-flex\">\n<figure class=\"wp-block-image size-large\"><img loading=\"lazy\" decoding=\"async\" width=\"667\" height=\"1024\" data-id=\"2723\" src=\"https:\/\/hub.hslu.ch\/business-psychology\/wp-content\/uploads\/sites\/21\/2022\/12\/72039CCB-6236-484D-976B-A0E2C5AF556B-Kopie-1-667x1024.jpg\" alt=\"\" class=\"wp-image-2723\" srcset=\"https:\/\/hub.hslu.ch\/business-psychology\/wp-content\/uploads\/sites\/21\/2022\/12\/72039CCB-6236-484D-976B-A0E2C5AF556B-Kopie-1-667x1024.jpg 667w, https:\/\/hub.hslu.ch\/business-psychology\/wp-content\/uploads\/sites\/21\/2022\/12\/72039CCB-6236-484D-976B-A0E2C5AF556B-Kopie-1-195x300.jpg 195w, https:\/\/hub.hslu.ch\/business-psychology\/wp-content\/uploads\/sites\/21\/2022\/12\/72039CCB-6236-484D-976B-A0E2C5AF556B-Kopie-1-768x1180.jpg 768w, https:\/\/hub.hslu.ch\/business-psychology\/wp-content\/uploads\/sites\/21\/2022\/12\/72039CCB-6236-484D-976B-A0E2C5AF556B-Kopie-1-1000x1536.jpg 1000w, https:\/\/hub.hslu.ch\/business-psychology\/wp-content\/uploads\/sites\/21\/2022\/12\/72039CCB-6236-484D-976B-A0E2C5AF556B-Kopie-1-454x698.jpg 454w, https:\/\/hub.hslu.ch\/business-psychology\/wp-content\/uploads\/sites\/21\/2022\/12\/72039CCB-6236-484D-976B-A0E2C5AF556B-Kopie-1.jpg 1080w\" sizes=\"auto, (max-width: 667px) 100vw, 667px\" \/><\/figure>\n\n\n\n<figure class=\"wp-block-image size-large\"><img loading=\"lazy\" decoding=\"async\" width=\"768\" height=\"1024\" data-id=\"2739\" src=\"https:\/\/hub.hslu.ch\/business-psychology\/wp-content\/uploads\/sites\/21\/2022\/12\/IMG_9938-Kopie-3-768x1024.jpg\" alt=\"\" class=\"wp-image-2739\" srcset=\"https:\/\/hub.hslu.ch\/business-psychology\/wp-content\/uploads\/sites\/21\/2022\/12\/IMG_9938-Kopie-3-768x1024.jpg 768w, https:\/\/hub.hslu.ch\/business-psychology\/wp-content\/uploads\/sites\/21\/2022\/12\/IMG_9938-Kopie-3-225x300.jpg 225w, https:\/\/hub.hslu.ch\/business-psychology\/wp-content\/uploads\/sites\/21\/2022\/12\/IMG_9938-Kopie-3-1152x1536.jpg 1152w, https:\/\/hub.hslu.ch\/business-psychology\/wp-content\/uploads\/sites\/21\/2022\/12\/IMG_9938-Kopie-3-390x520.jpg 390w, https:\/\/hub.hslu.ch\/business-psychology\/wp-content\/uploads\/sites\/21\/2022\/12\/IMG_9938-Kopie-3-524x698.jpg 524w, https:\/\/hub.hslu.ch\/business-psychology\/wp-content\/uploads\/sites\/21\/2022\/12\/IMG_9938-Kopie-3.jpg 1536w\" sizes=\"auto, (max-width: 768px) 100vw, 768px\" \/><\/figure>\n\n\n\n<figure class=\"wp-block-image size-large\"><img loading=\"lazy\" decoding=\"async\" width=\"768\" height=\"1024\" data-id=\"2725\" src=\"https:\/\/hub.hslu.ch\/business-psychology\/wp-content\/uploads\/sites\/21\/2022\/12\/IMG_1506-Kopie-1-768x1024.jpg\" alt=\"\" class=\"wp-image-2725\" srcset=\"https:\/\/hub.hslu.ch\/business-psychology\/wp-content\/uploads\/sites\/21\/2022\/12\/IMG_1506-Kopie-1-768x1024.jpg 768w, https:\/\/hub.hslu.ch\/business-psychology\/wp-content\/uploads\/sites\/21\/2022\/12\/IMG_1506-Kopie-1-225x300.jpg 225w, https:\/\/hub.hslu.ch\/business-psychology\/wp-content\/uploads\/sites\/21\/2022\/12\/IMG_1506-Kopie-1-1152x1536.jpg 1152w, https:\/\/hub.hslu.ch\/business-psychology\/wp-content\/uploads\/sites\/21\/2022\/12\/IMG_1506-Kopie-1-390x520.jpg 390w, https:\/\/hub.hslu.ch\/business-psychology\/wp-content\/uploads\/sites\/21\/2022\/12\/IMG_1506-Kopie-1-524x698.jpg 524w, https:\/\/hub.hslu.ch\/business-psychology\/wp-content\/uploads\/sites\/21\/2022\/12\/IMG_1506-Kopie-1.jpg 1536w\" sizes=\"auto, (max-width: 768px) 100vw, 768px\" \/><\/figure>\n\n\n\n<figure class=\"wp-block-image size-large\"><img loading=\"lazy\" decoding=\"async\" width=\"768\" height=\"1024\" data-id=\"2724\" src=\"https:\/\/hub.hslu.ch\/business-psychology\/wp-content\/uploads\/sites\/21\/2022\/12\/IMG_3024-Kopie-1-768x1024.jpg\" alt=\"\" class=\"wp-image-2724\" srcset=\"https:\/\/hub.hslu.ch\/business-psychology\/wp-content\/uploads\/sites\/21\/2022\/12\/IMG_3024-Kopie-1-768x1024.jpg 768w, https:\/\/hub.hslu.ch\/business-psychology\/wp-content\/uploads\/sites\/21\/2022\/12\/IMG_3024-Kopie-1-225x300.jpg 225w, https:\/\/hub.hslu.ch\/business-psychology\/wp-content\/uploads\/sites\/21\/2022\/12\/IMG_3024-Kopie-1-1152x1536.jpg 1152w, https:\/\/hub.hslu.ch\/business-psychology\/wp-content\/uploads\/sites\/21\/2022\/12\/IMG_3024-Kopie-1-390x520.jpg 390w, https:\/\/hub.hslu.ch\/business-psychology\/wp-content\/uploads\/sites\/21\/2022\/12\/IMG_3024-Kopie-1-524x698.jpg 524w, https:\/\/hub.hslu.ch\/business-psychology\/wp-content\/uploads\/sites\/21\/2022\/12\/IMG_3024-Kopie-1.jpg 1536w\" sizes=\"auto, (max-width: 768px) 100vw, 768px\" \/><\/figure>\n\n\n\n<figure class=\"wp-block-image size-large\"><img loading=\"lazy\" decoding=\"async\" width=\"768\" height=\"1024\" data-id=\"2729\" src=\"https:\/\/hub.hslu.ch\/business-psychology\/wp-content\/uploads\/sites\/21\/2022\/12\/IMG_9493-Kopie-1-768x1024.jpg\" alt=\"\" class=\"wp-image-2729\" srcset=\"https:\/\/hub.hslu.ch\/business-psychology\/wp-content\/uploads\/sites\/21\/2022\/12\/IMG_9493-Kopie-1-768x1024.jpg 768w, https:\/\/hub.hslu.ch\/business-psychology\/wp-content\/uploads\/sites\/21\/2022\/12\/IMG_9493-Kopie-1-225x300.jpg 225w, https:\/\/hub.hslu.ch\/business-psychology\/wp-content\/uploads\/sites\/21\/2022\/12\/IMG_9493-Kopie-1-1152x1536.jpg 1152w, https:\/\/hub.hslu.ch\/business-psychology\/wp-content\/uploads\/sites\/21\/2022\/12\/IMG_9493-Kopie-1-390x520.jpg 390w, https:\/\/hub.hslu.ch\/business-psychology\/wp-content\/uploads\/sites\/21\/2022\/12\/IMG_9493-Kopie-1-524x698.jpg 524w, https:\/\/hub.hslu.ch\/business-psychology\/wp-content\/uploads\/sites\/21\/2022\/12\/IMG_9493-Kopie-1.jpg 1536w\" sizes=\"auto, (max-width: 768px) 100vw, 768px\" \/><\/figure>\n\n\n\n<figure class=\"wp-block-image size-large\"><img loading=\"lazy\" decoding=\"async\" width=\"768\" height=\"1024\" data-id=\"2727\" src=\"https:\/\/hub.hslu.ch\/business-psychology\/wp-content\/uploads\/sites\/21\/2022\/12\/IMG_9582-Kopie-768x1024.jpg\" alt=\"\" class=\"wp-image-2727\" srcset=\"https:\/\/hub.hslu.ch\/business-psychology\/wp-content\/uploads\/sites\/21\/2022\/12\/IMG_9582-Kopie-768x1024.jpg 768w, https:\/\/hub.hslu.ch\/business-psychology\/wp-content\/uploads\/sites\/21\/2022\/12\/IMG_9582-Kopie-225x300.jpg 225w, https:\/\/hub.hslu.ch\/business-psychology\/wp-content\/uploads\/sites\/21\/2022\/12\/IMG_9582-Kopie-1152x1536.jpg 1152w, https:\/\/hub.hslu.ch\/business-psychology\/wp-content\/uploads\/sites\/21\/2022\/12\/IMG_9582-Kopie-390x520.jpg 390w, https:\/\/hub.hslu.ch\/business-psychology\/wp-content\/uploads\/sites\/21\/2022\/12\/IMG_9582-Kopie-524x698.jpg 524w, https:\/\/hub.hslu.ch\/business-psychology\/wp-content\/uploads\/sites\/21\/2022\/12\/IMG_9582-Kopie.jpg 1536w\" sizes=\"auto, (max-width: 768px) 100vw, 768px\" \/><\/figure>\n<figcaption class=\"blocks-gallery-caption wp-element-caption\">Fotos von Dennis Justo Ruiz<\/figcaption><\/figure>\n\n\n\n<hr class=\"wp-block-separator has-alpha-channel-opacity\" \/>\n\n\n\n<h3 class=\"wp-block-heading\">Referenzen<\/h3>\n\n\n\n<ul class=\"wp-block-list\">\n<li>Foto von Abhishek Verma: https:\/\/www.pexels.com\/de-de\/foto\/architekturfotografie-der-metropole-unter-stratuswolken-670261\/<\/li>\n<\/ul>\n","protected":false},"excerpt":{"rendered":"<p>In diesem Interview berichtet Dennis Justo Ruiz von seinen ersten Erfahrungen im Auslandssemester an der Universit\u00e4t San Pablo in Madrid.<\/p>\n","protected":false},"author":250,"featured_media":2714,"comment_status":"open","ping_status":"open","sticky":false,"template":"","format":"standard","meta":{"_acf_changed":false,"inline_featured_image":false,"_relevanssi_hide_post":"","_relevanssi_hide_content":"","_relevanssi_pin_for_all":"","_relevanssi_pin_keywords":"","_relevanssi_unpin_keywords":"","_relevanssi_related_keywords":"","_relevanssi_related_include_ids":"","_relevanssi_related_exclude_ids":"","_relevanssi_related_no_append":"","_relevanssi_related_not_related":"","_relevanssi_related_posts":"2580,2552,2404,2346,2433,2340","_relevanssi_noindex_reason":"","footnotes":"","_links_to":"","_links_to_target":""},"categories":[18,6],"tags":[223,290,200,289,240,291,12],"class_list":["post-2711","post","type-post","status-publish","format-standard","has-post-thumbnail","hentry","category-im-portrait","category-studium","tag-auslandssemester","tag-erasmus","tag-im-portrait","tag-madrid","tag-studierende","tag-universitaet-san-pablo","tag-wirtschaftspsychologie"],"acf":[],"yoast_head":"<!-- This site is optimized with the Yoast SEO plugin v27.4 - https:\/\/yoast.com\/product\/yoast-seo-wordpress\/ -->\n<title>Im Portrait: Studierende im Auslandssemester - Dennis in Madrid - Business Psychology<\/title>\n<meta name=\"description\" content=\"In diesem Interview berichtet Dennis Justo Ruiz von seinen ersten Erfahrungen im Auslandssemester an der Universit\u00e4t San Pablo in Madrid.\" \/>\n<meta name=\"robots\" content=\"index, follow, max-snippet:-1, max-image-preview:large, max-video-preview:-1\" \/>\n<link rel=\"canonical\" href=\"https:\/\/hub.hslu.ch\/business-psychology\/studierende-im-portrait-dennis-in-madrid\/\" \/>\n<meta property=\"og:locale\" content=\"de_DE\" \/>\n<meta property=\"og:type\" content=\"article\" \/>\n<meta property=\"og:title\" content=\"Im Portrait: Studierende im Auslandssemester - Dennis in Madrid - Business Psychology\" \/>\n<meta property=\"og:description\" content=\"In diesem Interview berichtet Dennis Justo Ruiz von seinen ersten Erfahrungen im Auslandssemester an der Universit\u00e4t San Pablo in Madrid.\" \/>\n<meta property=\"og:url\" content=\"https:\/\/hub.hslu.ch\/business-psychology\/studierende-im-portrait-dennis-in-madrid\/\" \/>\n<meta property=\"og:site_name\" content=\"Business Psychology\" \/>\n<meta property=\"article:published_time\" content=\"2022-12-15T11:41:02+00:00\" \/>\n<meta property=\"article:modified_time\" content=\"2022-12-15T11:41:03+00:00\" \/>\n<meta property=\"og:image\" content=\"https:\/\/hub.hslu.ch\/business-psychology\/wp-content\/uploads\/sites\/21\/2022\/12\/pexels-abhishek-verma-670261.jpg\" \/>\n\t<meta property=\"og:image:width\" content=\"2048\" \/>\n\t<meta property=\"og:image:height\" content=\"1573\" \/>\n\t<meta property=\"og:image:type\" content=\"image\/jpeg\" \/>\n<meta name=\"author\" content=\"rabeaheinzmann\" \/>\n<meta name=\"twitter:card\" content=\"summary_large_image\" \/>\n<meta name=\"twitter:label1\" content=\"Geschrieben von\" \/>\n\t<meta name=\"twitter:data1\" content=\"rabeaheinzmann\" \/>\n\t<meta name=\"twitter:label2\" content=\"Gesch\u00e4tzte Lesezeit\" \/>\n\t<meta name=\"twitter:data2\" content=\"5\u00a0Minuten\" \/>\n<script type=\"application\/ld+json\" class=\"yoast-schema-graph\">{\"@context\":\"https:\\\/\\\/schema.org\",\"@graph\":[{\"@type\":\"Article\",\"@id\":\"https:\\\/\\\/hub.hslu.ch\\\/business-psychology\\\/studierende-im-portrait-dennis-in-madrid\\\/#article\",\"isPartOf\":{\"@id\":\"https:\\\/\\\/hub.hslu.ch\\\/business-psychology\\\/studierende-im-portrait-dennis-in-madrid\\\/\"},\"author\":{\"name\":\"rabeaheinzmann\",\"@id\":\"https:\\\/\\\/hub.hslu.ch\\\/business-psychology\\\/#\\\/schema\\\/person\\\/712ffc0c5e2dea4393f219b4fcb88cd2\"},\"headline\":\"Im Portrait: Studierende im Auslandssemester &#8211; Dennis in Madrid\",\"datePublished\":\"2022-12-15T11:41:02+00:00\",\"dateModified\":\"2022-12-15T11:41:03+00:00\",\"mainEntityOfPage\":{\"@id\":\"https:\\\/\\\/hub.hslu.ch\\\/business-psychology\\\/studierende-im-portrait-dennis-in-madrid\\\/\"},\"wordCount\":581,\"commentCount\":0,\"image\":{\"@id\":\"https:\\\/\\\/hub.hslu.ch\\\/business-psychology\\\/studierende-im-portrait-dennis-in-madrid\\\/#primaryimage\"},\"thumbnailUrl\":\"https:\\\/\\\/hub.hslu.ch\\\/business-psychology\\\/wp-content\\\/uploads\\\/sites\\\/21\\\/2022\\\/12\\\/pexels-abhishek-verma-670261.jpg\",\"keywords\":[\"Auslandssemester\",\"Erasmus\",\"Im Portrait\",\"Madrid\",\"Studierende\",\"Universit\u00e4t San Pablo\",\"Wirtschaftspsychologie\"],\"articleSection\":[\"Im Portrait\",\"Studium\"],\"inLanguage\":\"de-CH\",\"potentialAction\":[{\"@type\":\"CommentAction\",\"name\":\"Comment\",\"target\":[\"https:\\\/\\\/hub.hslu.ch\\\/business-psychology\\\/studierende-im-portrait-dennis-in-madrid\\\/#respond\"]}]},{\"@type\":\"WebPage\",\"@id\":\"https:\\\/\\\/hub.hslu.ch\\\/business-psychology\\\/studierende-im-portrait-dennis-in-madrid\\\/\",\"url\":\"https:\\\/\\\/hub.hslu.ch\\\/business-psychology\\\/studierende-im-portrait-dennis-in-madrid\\\/\",\"name\":\"Im Portrait: Studierende im Auslandssemester - Dennis in Madrid - Business Psychology\",\"isPartOf\":{\"@id\":\"https:\\\/\\\/hub.hslu.ch\\\/business-psychology\\\/#website\"},\"primaryImageOfPage\":{\"@id\":\"https:\\\/\\\/hub.hslu.ch\\\/business-psychology\\\/studierende-im-portrait-dennis-in-madrid\\\/#primaryimage\"},\"image\":{\"@id\":\"https:\\\/\\\/hub.hslu.ch\\\/business-psychology\\\/studierende-im-portrait-dennis-in-madrid\\\/#primaryimage\"},\"thumbnailUrl\":\"https:\\\/\\\/hub.hslu.ch\\\/business-psychology\\\/wp-content\\\/uploads\\\/sites\\\/21\\\/2022\\\/12\\\/pexels-abhishek-verma-670261.jpg\",\"datePublished\":\"2022-12-15T11:41:02+00:00\",\"dateModified\":\"2022-12-15T11:41:03+00:00\",\"author\":{\"@id\":\"https:\\\/\\\/hub.hslu.ch\\\/business-psychology\\\/#\\\/schema\\\/person\\\/712ffc0c5e2dea4393f219b4fcb88cd2\"},\"description\":\"In diesem Interview berichtet Dennis Justo Ruiz von seinen ersten Erfahrungen im Auslandssemester an der Universit\u00e4t San Pablo in Madrid.\",\"breadcrumb\":{\"@id\":\"https:\\\/\\\/hub.hslu.ch\\\/business-psychology\\\/studierende-im-portrait-dennis-in-madrid\\\/#breadcrumb\"},\"inLanguage\":\"de-CH\",\"potentialAction\":[{\"@type\":\"ReadAction\",\"target\":[\"https:\\\/\\\/hub.hslu.ch\\\/business-psychology\\\/studierende-im-portrait-dennis-in-madrid\\\/\"]}]},{\"@type\":\"ImageObject\",\"inLanguage\":\"de-CH\",\"@id\":\"https:\\\/\\\/hub.hslu.ch\\\/business-psychology\\\/studierende-im-portrait-dennis-in-madrid\\\/#primaryimage\",\"url\":\"https:\\\/\\\/hub.hslu.ch\\\/business-psychology\\\/wp-content\\\/uploads\\\/sites\\\/21\\\/2022\\\/12\\\/pexels-abhishek-verma-670261.jpg\",\"contentUrl\":\"https:\\\/\\\/hub.hslu.ch\\\/business-psychology\\\/wp-content\\\/uploads\\\/sites\\\/21\\\/2022\\\/12\\\/pexels-abhishek-verma-670261.jpg\",\"width\":2048,\"height\":1573,\"caption\":\"Studierende im Auslandssemester: Dennis in Madrid \\\/\\\/ Foto von Abhishek Verma (Pexels)\"},{\"@type\":\"BreadcrumbList\",\"@id\":\"https:\\\/\\\/hub.hslu.ch\\\/business-psychology\\\/studierende-im-portrait-dennis-in-madrid\\\/#breadcrumb\",\"itemListElement\":[{\"@type\":\"ListItem\",\"position\":1,\"name\":\"Home\",\"item\":\"https:\\\/\\\/hub.hslu.ch\\\/business-psychology\\\/\"},{\"@type\":\"ListItem\",\"position\":2,\"name\":\"Im Portrait: Studierende im Auslandssemester &#8211; Dennis in Madrid\"}]},{\"@type\":\"WebSite\",\"@id\":\"https:\\\/\\\/hub.hslu.ch\\\/business-psychology\\\/#website\",\"url\":\"https:\\\/\\\/hub.hslu.ch\\\/business-psychology\\\/\",\"name\":\"Business Psychology\",\"description\":\"Wirtschaftspsychologie an der Hochschule Luzern\",\"potentialAction\":[{\"@type\":\"SearchAction\",\"target\":{\"@type\":\"EntryPoint\",\"urlTemplate\":\"https:\\\/\\\/hub.hslu.ch\\\/business-psychology\\\/?s={search_term_string}\"},\"query-input\":{\"@type\":\"PropertyValueSpecification\",\"valueRequired\":true,\"valueName\":\"search_term_string\"}}],\"inLanguage\":\"de-CH\"},{\"@type\":\"Person\",\"@id\":\"https:\\\/\\\/hub.hslu.ch\\\/business-psychology\\\/#\\\/schema\\\/person\\\/712ffc0c5e2dea4393f219b4fcb88cd2\",\"name\":\"rabeaheinzmann\"}]}<\/script>\n<!-- \/ Yoast SEO plugin. -->","yoast_head_json":{"title":"Im Portrait: Studierende im Auslandssemester - Dennis in Madrid - Business Psychology","description":"In diesem Interview berichtet Dennis Justo Ruiz von seinen ersten Erfahrungen im Auslandssemester an der Universit\u00e4t San Pablo in Madrid.","robots":{"index":"index","follow":"follow","max-snippet":"max-snippet:-1","max-image-preview":"max-image-preview:large","max-video-preview":"max-video-preview:-1"},"canonical":"https:\/\/hub.hslu.ch\/business-psychology\/studierende-im-portrait-dennis-in-madrid\/","og_locale":"de_DE","og_type":"article","og_title":"Im Portrait: Studierende im Auslandssemester - Dennis in Madrid - Business Psychology","og_description":"In diesem Interview berichtet Dennis Justo Ruiz von seinen ersten Erfahrungen im Auslandssemester an der Universit\u00e4t San Pablo in Madrid.","og_url":"https:\/\/hub.hslu.ch\/business-psychology\/studierende-im-portrait-dennis-in-madrid\/","og_site_name":"Business Psychology","article_published_time":"2022-12-15T11:41:02+00:00","article_modified_time":"2022-12-15T11:41:03+00:00","og_image":[{"width":2048,"height":1573,"url":"https:\/\/hub.hslu.ch\/business-psychology\/wp-content\/uploads\/sites\/21\/2022\/12\/pexels-abhishek-verma-670261.jpg","type":"image\/jpeg"}],"author":"rabeaheinzmann","twitter_card":"summary_large_image","twitter_misc":{"Geschrieben von":"rabeaheinzmann","Gesch\u00e4tzte Lesezeit":"5\u00a0Minuten"},"schema":{"@context":"https:\/\/schema.org","@graph":[{"@type":"Article","@id":"https:\/\/hub.hslu.ch\/business-psychology\/studierende-im-portrait-dennis-in-madrid\/#article","isPartOf":{"@id":"https:\/\/hub.hslu.ch\/business-psychology\/studierende-im-portrait-dennis-in-madrid\/"},"author":{"name":"rabeaheinzmann","@id":"https:\/\/hub.hslu.ch\/business-psychology\/#\/schema\/person\/712ffc0c5e2dea4393f219b4fcb88cd2"},"headline":"Im Portrait: Studierende im Auslandssemester &#8211; Dennis in Madrid","datePublished":"2022-12-15T11:41:02+00:00","dateModified":"2022-12-15T11:41:03+00:00","mainEntityOfPage":{"@id":"https:\/\/hub.hslu.ch\/business-psychology\/studierende-im-portrait-dennis-in-madrid\/"},"wordCount":581,"commentCount":0,"image":{"@id":"https:\/\/hub.hslu.ch\/business-psychology\/studierende-im-portrait-dennis-in-madrid\/#primaryimage"},"thumbnailUrl":"https:\/\/hub.hslu.ch\/business-psychology\/wp-content\/uploads\/sites\/21\/2022\/12\/pexels-abhishek-verma-670261.jpg","keywords":["Auslandssemester","Erasmus","Im Portrait","Madrid","Studierende","Universit\u00e4t San Pablo","Wirtschaftspsychologie"],"articleSection":["Im Portrait","Studium"],"inLanguage":"de-CH","potentialAction":[{"@type":"CommentAction","name":"Comment","target":["https:\/\/hub.hslu.ch\/business-psychology\/studierende-im-portrait-dennis-in-madrid\/#respond"]}]},{"@type":"WebPage","@id":"https:\/\/hub.hslu.ch\/business-psychology\/studierende-im-portrait-dennis-in-madrid\/","url":"https:\/\/hub.hslu.ch\/business-psychology\/studierende-im-portrait-dennis-in-madrid\/","name":"Im Portrait: Studierende im Auslandssemester - Dennis in Madrid - Business Psychology","isPartOf":{"@id":"https:\/\/hub.hslu.ch\/business-psychology\/#website"},"primaryImageOfPage":{"@id":"https:\/\/hub.hslu.ch\/business-psychology\/studierende-im-portrait-dennis-in-madrid\/#primaryimage"},"image":{"@id":"https:\/\/hub.hslu.ch\/business-psychology\/studierende-im-portrait-dennis-in-madrid\/#primaryimage"},"thumbnailUrl":"https:\/\/hub.hslu.ch\/business-psychology\/wp-content\/uploads\/sites\/21\/2022\/12\/pexels-abhishek-verma-670261.jpg","datePublished":"2022-12-15T11:41:02+00:00","dateModified":"2022-12-15T11:41:03+00:00","author":{"@id":"https:\/\/hub.hslu.ch\/business-psychology\/#\/schema\/person\/712ffc0c5e2dea4393f219b4fcb88cd2"},"description":"In diesem Interview berichtet Dennis Justo Ruiz von seinen ersten Erfahrungen im Auslandssemester an der Universit\u00e4t San Pablo in Madrid.","breadcrumb":{"@id":"https:\/\/hub.hslu.ch\/business-psychology\/studierende-im-portrait-dennis-in-madrid\/#breadcrumb"},"inLanguage":"de-CH","potentialAction":[{"@type":"ReadAction","target":["https:\/\/hub.hslu.ch\/business-psychology\/studierende-im-portrait-dennis-in-madrid\/"]}]},{"@type":"ImageObject","inLanguage":"de-CH","@id":"https:\/\/hub.hslu.ch\/business-psychology\/studierende-im-portrait-dennis-in-madrid\/#primaryimage","url":"https:\/\/hub.hslu.ch\/business-psychology\/wp-content\/uploads\/sites\/21\/2022\/12\/pexels-abhishek-verma-670261.jpg","contentUrl":"https:\/\/hub.hslu.ch\/business-psychology\/wp-content\/uploads\/sites\/21\/2022\/12\/pexels-abhishek-verma-670261.jpg","width":2048,"height":1573,"caption":"Studierende im Auslandssemester: Dennis in Madrid \/\/ Foto von Abhishek Verma (Pexels)"},{"@type":"BreadcrumbList","@id":"https:\/\/hub.hslu.ch\/business-psychology\/studierende-im-portrait-dennis-in-madrid\/#breadcrumb","itemListElement":[{"@type":"ListItem","position":1,"name":"Home","item":"https:\/\/hub.hslu.ch\/business-psychology\/"},{"@type":"ListItem","position":2,"name":"Im Portrait: Studierende im Auslandssemester &#8211; Dennis in Madrid"}]},{"@type":"WebSite","@id":"https:\/\/hub.hslu.ch\/business-psychology\/#website","url":"https:\/\/hub.hslu.ch\/business-psychology\/","name":"Business Psychology","description":"Wirtschaftspsychologie an der Hochschule Luzern","potentialAction":[{"@type":"SearchAction","target":{"@type":"EntryPoint","urlTemplate":"https:\/\/hub.hslu.ch\/business-psychology\/?s={search_term_string}"},"query-input":{"@type":"PropertyValueSpecification","valueRequired":true,"valueName":"search_term_string"}}],"inLanguage":"de-CH"},{"@type":"Person","@id":"https:\/\/hub.hslu.ch\/business-psychology\/#\/schema\/person\/712ffc0c5e2dea4393f219b4fcb88cd2","name":"rabeaheinzmann"}]}},"featured_image_src":"https:\/\/hub.hslu.ch\/business-psychology\/wp-content\/uploads\/sites\/21\/2022\/12\/pexels-abhishek-verma-670261.jpg","featured_image_src_square":"https:\/\/hub.hslu.ch\/business-psychology\/wp-content\/uploads\/sites\/21\/2022\/12\/pexels-abhishek-verma-670261.jpg","author_info":{"display_name":"rabeaheinzmann","author_link":"https:\/\/hub.hslu.ch\/business-psychology\/author\/rabeaheinzmann\/"},"_links":{"self":[{"href":"https:\/\/hub.hslu.ch\/business-psychology\/wp-json\/wp\/v2\/posts\/2711","targetHints":{"allow":["GET"]}}],"collection":[{"href":"https:\/\/hub.hslu.ch\/business-psychology\/wp-json\/wp\/v2\/posts"}],"about":[{"href":"https:\/\/hub.hslu.ch\/business-psychology\/wp-json\/wp\/v2\/types\/post"}],"author":[{"embeddable":true,"href":"https:\/\/hub.hslu.ch\/business-psychology\/wp-json\/wp\/v2\/users\/250"}],"replies":[{"embeddable":true,"href":"https:\/\/hub.hslu.ch\/business-psychology\/wp-json\/wp\/v2\/comments?post=2711"}],"version-history":[{"count":11,"href":"https:\/\/hub.hslu.ch\/business-psychology\/wp-json\/wp\/v2\/posts\/2711\/revisions"}],"predecessor-version":[{"id":2753,"href":"https:\/\/hub.hslu.ch\/business-psychology\/wp-json\/wp\/v2\/posts\/2711\/revisions\/2753"}],"wp:featuredmedia":[{"embeddable":true,"href":"https:\/\/hub.hslu.ch\/business-psychology\/wp-json\/wp\/v2\/media\/2714"}],"wp:attachment":[{"href":"https:\/\/hub.hslu.ch\/business-psychology\/wp-json\/wp\/v2\/media?parent=2711"}],"wp:term":[{"taxonomy":"category","embeddable":true,"href":"https:\/\/hub.hslu.ch\/business-psychology\/wp-json\/wp\/v2\/categories?post=2711"},{"taxonomy":"post_tag","embeddable":true,"href":"https:\/\/hub.hslu.ch\/business-psychology\/wp-json\/wp\/v2\/tags?post=2711"}],"curies":[{"name":"wp","href":"https:\/\/api.w.org\/{rel}","templated":true}]}}