{"id":2765,"date":"2023-01-17T15:26:11","date_gmt":"2023-01-17T14:26:11","guid":{"rendered":"https:\/\/hub.hslu.ch\/business-psychology\/?p=2765"},"modified":"2023-01-17T17:57:14","modified_gmt":"2023-01-17T16:57:14","slug":"im-portrait-studierende-im-auslandssemester-isabell-in-geislingen","status":"publish","type":"post","link":"https:\/\/hub.hslu.ch\/business-psychology\/im-portrait-studierende-im-auslandssemester-isabell-in-geislingen\/","title":{"rendered":"Im Portrait: Studierende im Auslandssemester &#8211; Isabelle in Geislingen an der Steige"},"content":{"rendered":"\n<p class=\"has-text-align-center\">Lesezeit 3&#8242; Minuten \/\/ Im Interview mit <a href=\"https:\/\/www.linkedin.com\/in\/isabelle-alig-0146b2146\" target=\"_blank\" rel=\"noreferrer noopener\">Isabelle Alig <\/a><\/p>\n\n\n\n<p class=\"has-drop-cap has-text-align-left\">In unserer <a href=\"https:\/\/hub.hslu.ch\/business-psychology\/category\/im-portraet\/\" target=\"_blank\" rel=\"noreferrer noopener\">&#171;Im Portrait&#187;<\/a>-Reihe stellen wir Studierende, Mitarbeitende, Dozierende sowie Personen aus dem Bereich der Wirtschaftspsychologie vor. Im letzten Monat berichtete Dennis Justo Ruiz \u00fcber sein <a href=\"https:\/\/hub.hslu.ch\/business-psychology\/studierende-im-portrait-dennis-in-madrid\/\" target=\"_blank\" rel=\"noreferrer noopener\">Auslandssemester in Madrid<\/a>. Diesen Monat haben wir Isabelle Alig, Business Psychology Studentin im 7. Semester, \u00fcber ihre ersten Eindr\u00fccke im Auslandssemester interviewt. Sie befindet sich derzeit in Geislingen an der Steige in Deutschland. <\/p>\n\n\n\n<div class=\"wp-block-columns are-vertically-aligned-center is-layout-flex wp-container-core-columns-is-layout-9d6595d7 wp-block-columns-is-layout-flex\">\n<div class=\"wp-block-column is-vertically-aligned-center has-medium-font-size is-layout-flow wp-block-column-is-layout-flow\" style=\"flex-basis:66.66%\">\n<figure class=\"wp-block-pullquote\" style=\"border-style:none;border-width:0px;font-style:italic;font-weight:300\"><blockquote><p>Das Neue, Unbekannte hat mich seit dem ersten Semester gereizt. <\/p><cite>Isabelle Alig<\/cite><\/blockquote><\/figure>\n<\/div>\n\n\n\n<div class=\"wp-block-column is-vertically-aligned-center is-layout-flow wp-block-column-is-layout-flow\" style=\"flex-basis:33.33%\">\n<figure class=\"wp-block-image size-large is-resized\"><img loading=\"lazy\" decoding=\"async\" src=\"https:\/\/hub.hslu.ch\/business-psychology\/wp-content\/uploads\/sites\/21\/2023\/01\/pexels-lil-artsy-1194775-683x1024.jpg\" alt=\"\" class=\"wp-image-2785\" width=\"139\" height=\"208\" srcset=\"https:\/\/hub.hslu.ch\/business-psychology\/wp-content\/uploads\/sites\/21\/2023\/01\/pexels-lil-artsy-1194775-683x1024.jpg 683w, https:\/\/hub.hslu.ch\/business-psychology\/wp-content\/uploads\/sites\/21\/2023\/01\/pexels-lil-artsy-1194775-200x300.jpg 200w, https:\/\/hub.hslu.ch\/business-psychology\/wp-content\/uploads\/sites\/21\/2023\/01\/pexels-lil-artsy-1194775-768x1152.jpg 768w, https:\/\/hub.hslu.ch\/business-psychology\/wp-content\/uploads\/sites\/21\/2023\/01\/pexels-lil-artsy-1194775-1024x1536.jpg 1024w, https:\/\/hub.hslu.ch\/business-psychology\/wp-content\/uploads\/sites\/21\/2023\/01\/pexels-lil-artsy-1194775-465x698.jpg 465w, https:\/\/hub.hslu.ch\/business-psychology\/wp-content\/uploads\/sites\/21\/2023\/01\/pexels-lil-artsy-1194775.jpg 1365w\" sizes=\"auto, (max-width: 139px) 100vw, 139px\" \/><figcaption class=\"wp-element-caption\">Foto von lil artsy (Pexels)<\/figcaption><\/figure>\n<\/div>\n<\/div>\n\n\n\n<blockquote class=\"wp-block-quote is-layout-flow wp-block-quote-is-layout-flow\">\n<p><\/p>\n<\/blockquote>\n\n\n\n<h4 class=\"has-text-color has-medium-font-size wp-block-heading\" style=\"color:#495967\"><strong>Hallo Isabelle! Du befindest dich aktuell auch mitten im Auslandssemester. Wann hat dieses f\u00fcr dich begonnen, wo genau befindest du dich gerade und wie lange bleibst du da?<\/strong><\/h4>\n\n\n\n<p><strong><em>Isabelle:<\/em><\/strong> Ich reiste am 24.9.22 mit dem Auto nach Geislingen an der Steige. Die Vorlesungen begannen dann am Dienstag, 4.10.22 und dauern noch bis Ende Januar 2023. Ich befinde mich aktuell in meinem WG-Zimmer in Geislingen, weiss aber noch nicht, wann genau ich zur\u00fcck gehe. Dies ist von den Pr\u00fcfungsdaten abh\u00e4ngig, welche bis Mitte Februar 2023 dauern.&nbsp;&nbsp;<\/p>\n\n\n\n<h4 class=\"has-text-color has-medium-font-size wp-block-heading\" style=\"color:#495967\"><strong><strong>Warum hast du dich f\u00fcr ein Auslandssemester entschieden?&nbsp;<\/strong><\/strong><\/h4>\n\n\n\n<p><strong><em>Isabelle:<\/em><\/strong>&nbsp;Ich fand den Gedanken schon seit Beginn des Studiums interessant. Ich wollte neue Leute kennenlernen, eine andere Stadt sehen und an einer anderen Hochschule in die Vorlesungen gehen. Das Neue, Unbekannte hat mich seit dem ersten Semester gereizt. Lange Zeit gab es aber an der HSLU keine Partnerhochschulen f\u00fcr meine Vertiefung in Markt- &amp; Konsumentenpsychologie. Deswegen vergass ich schnell, dass ich irgendwann mal ins Ausland wollte.&nbsp;Erst w\u00e4hrend einer Infoveranstaltung vor knapp einem Jahr fand ich heraus, dass es mittlerweile zwei Partnerhochschulen f\u00fcr die Vertiefung gab. Und so begann ich wieder, mir Gedanken dar\u00fcber zu machen.&nbsp;Schlussendlich habe ich mich f\u00fcr ein Auslandssemester entschieden, weil ich von dem Alltagstrott in der Schweiz ein bisschen gelangweilt war. Klar, der Alltag ist in Deutschland nicht wirklich anders. Trotzdem war es eine neue Umgebung mit anderen Leuten. In Geislingen lebe ich in einer privaten WG. Da ich aktuell in der Schweiz noch zu Hause wohne, war das kurzzeitige Ausziehen ein spannendes Erlebnis f\u00fcr mich. Ich konnte andere Erfahrungen sammeln, bekam neue Eindr\u00fccke und fand heraus, dass Hochdeutsch nicht gleich Hochdeutsch ist. \ud83d\ude09&nbsp;<\/p>\n\n\n\n<h4 class=\"has-text-color has-medium-font-size wp-block-heading\" style=\"color:#495967\"><strong>Und warum hast du dich f\u00fcr Geislingen entschieden?<\/strong><\/h4>\n\n\n\n<p><em><b>Isabelle:<\/b><\/em> Die Entscheidung wurde mir gr\u00f6sstenteils abgenommen. Es gab nur die M\u00f6glichkeit, entweder nach Australien oder nach Geislingen zu gehen. Die beiden Hochschulen waren die einzigen Partnerhochschulen bis zum Zeitpunkt der Anmeldefrist. Ich hatte nicht die Zeit und das n\u00f6tige Wissen, eine andere Hochschule in einem anderen Land zu finden. Zudem fehlten mir die ben\u00f6tigten Sprachzertifikate, um in einem anderen Sprachraum studieren zu gehen. Daher war f\u00fcr mich direkt klar, es wird Geislingen an der Steige in Deutschland.&nbsp;&nbsp;<\/p>\n\n\n\n<h4 class=\"has-text-color has-medium-font-size wp-block-heading\" style=\"color:#495967\"><strong>Wie war dein erster Eindruck nach der Ankunft? Gab es irgendwelche Herausforderungen?<\/strong><\/h4>\n\n\n\n<p><strong><em>Isabelle:<\/em><\/strong> Die gr\u00f6sste Herausforderung bestand darin, Module zu finden, die an der HSLU angerechnet werden.&nbsp;Es war schwierig, \u00e4hnliche Module an der Hochschule in Deutschland zu finden. Sie passten inhaltlich nicht optimal zu den Modulen der HSLU. Oft waren nur gewisse Teilkapitel \u00fcbereinstimmend oder die Module wurden in dieser Art in Deutschland gar nicht angeboten. Vertiefungsmodule gibt es in Deutschland nur knapp eine Handvoll, aber in der Schweiz macht die Vertiefung einen grossen Teil des Studiums aus. Schlussendlich funktionierte es dann aber doch noch. Die HSLU half mir mit den Abkl\u00e4rungen und zusammen mit der deutschen Hochschule fanden wir Module, die ich besuchen kann.<\/p>\n\n\n\n<h4 class=\"has-text-color has-medium-font-size wp-block-heading\" style=\"color:#495967\"><strong>Wie sieht aktuell ein typischer Unialltag bei dir aus? Wie unterscheidet sich das Studierendenleben zu dem in Luzern?<\/strong><\/h4>\n\n\n\n<p><em><strong>Isabelle<\/strong>:<\/em> In Luzern bin ich als Teilzeitstudentin jeweils dienstags und mittwochs an der Hochschule. Da an der Hochschule in Geislingen nur Vollzeit angeboten wird, habe ich an mehreren Tagen pro Woche Vorlesungen.&nbsp;Ausserdem dauern meine Module nicht knapp 2.5 Stunden wie in Luzern, sondern \u00fcber drei Stunden. Das l\u00e4ngste Modul findet samstags statt und dauert mehr als sieben Stunden. Daf\u00fcr haben wir dieses Modul aber nur jede zweite Woche.&nbsp;<\/p>\n\n\n\n<p>Da die Module so unterschiedlich lang sind, gibt es keinen typischen Alltag. Jeder Tag ist anders und das bringt eine gewisse Abwechslung mit sich, die ich mag. Aber nat\u00fcrlich ist es anstrengend, sieben Stunden dem gleichen Dozenten zuzuh\u00f6ren. Wir legen regelm\u00e4ssig Pausen ein und er gestaltet die Vorlesungen sehr abwechslungsreich und spannend. Dadurch geht die Zeit viel schneller vorbei und die Vorlesung selbst macht auch Spass.<\/p>\n\n\n\n<h4 class=\"has-text-color has-medium-font-size wp-block-heading\" style=\"color:#495967\"><font color=\"#495963\"><strong>Wie verbringst du in Geislingen deine Freizeit?&nbsp;&nbsp;&nbsp;<\/strong><\/font><\/h4>\n\n\n\n<p><span><strong style=\"font-style: italic\">Isabelle<\/strong><\/span><i>:<\/i> Es gibt viele Veranstaltungen im Verein des Studiengangs Wirtschaftspsychologie, welche ich regelm\u00e4ssig besuche. Zudem liegt Geislingen in der N\u00e4he von Stuttgart und Ulm und kann mit dem Zug gut erreicht werden. Daher ist es m\u00f6glich, shoppen zu gehen oder Sightseeing zu machen. In der Umgebung gibt es viele h\u00fcbsche Weihnachtsm\u00e4rkte wie beispielsweise in Stuttgart, Ulm oder Esslingen, die ebenfalls gut mit dem Zug erreichbar sind. Ausserdem treffe ich mich mit meinen Kommilitoninnen oder unternehme etwas mit meinen Mitbewohnerinnen. Ich habe Mentorinnen an der Hochschule, die ebenfalls regelm\u00e4ssige Treffen organisieren. Auch die Hochschule selbst organisiert Events mit den Austauschstudierenden, sodass immer irgendetwas los ist neben den Vorlesungen. Das Kino ist zwei Gehminuten von der WG entfernt und gutes Essen findet man in den wenigen Restaurants rund um die Altstadt herum. Die Natur ist sehr nahe, da die Stadt Geislingen in einem Tal liegt und von H\u00fcgeln umgeben ist. Ich liebe es, spazieren zu gehen oder mit dem Fahrrad zu fahren. Und wenn es draussen zu kalt ist, dann besuche ich das Hallenbad. Ausserdem gibt es viele Partys. \ud83d\ude09<\/p>\n\n\n\n<h4 class=\"has-text-color has-medium-font-size wp-block-heading\" style=\"color:#495967\"><strong>Worauf freust du dich noch in den n\u00e4chsten Wochen?<\/strong><\/h4>\n\n\n\n<p><span><strong style=\"font-style: italic\">Isabelle<\/strong><\/span><i>:<\/i> Gute Frage\u2026 Ich werde viel Zeit mit den Menschen verbringen, welche ich hier getroffen habe. Ich werde noch einmal die St\u00e4dte besuchen und einfach die Zeit geniessen, die ich in Geislingen verbringe.&nbsp;<br>Auch wenn einige vielleicht denken: \u201eBoaa, wie kann man nur nach Geislingen in Deutschland gehen?\u201c Vergesst nicht, es ist trotzdem eine Stadt mit fast 30\u2018000 Einwohnern, die Nahe an Stuttgart liegt. In Geislingen kann alles sehr gut zu Fuss erreicht werden. Meine WG liegt maximal sieben Gehminuten von der Hochschule weg und zum Einkaufen laufe ich etwa zehn Minuten. Es gibt viele Sportvereine, die Natur ist direkt um die Ecke und die kleinen Kaffees und Restaurants in der Altstadt laden zum Verweilen ein. Wenn mich jemand fragen w\u00fcrde, ob ich wieder nach Geislingen in den Austausch gehen w\u00fcrde, ist meine Antwort \u201eJa\u201c.&nbsp;<\/p>\n\n\n\n<p><em>Vielen Dank f\u00fcr das Interview und weiterhin viel Spass in Geislingen!&nbsp;Wir freuen uns schon auf deinen Bericht nach Ende des Semesters!&nbsp;<\/em><\/p>\n\n\n\n<figure class=\"wp-block-gallery has-nested-images columns-default is-cropped wp-block-gallery-1 is-layout-flex wp-block-gallery-is-layout-flex\">\n<figure class=\"wp-block-image size-large\"><img loading=\"lazy\" decoding=\"async\" width=\"1024\" height=\"768\" data-id=\"2766\" src=\"https:\/\/hub.hslu.ch\/business-psychology\/wp-content\/uploads\/sites\/21\/2022\/12\/Esslinger_Weihnachtsmarkt_16-1024x768.jpg\" alt=\"\" class=\"wp-image-2766\" srcset=\"https:\/\/hub.hslu.ch\/business-psychology\/wp-content\/uploads\/sites\/21\/2022\/12\/Esslinger_Weihnachtsmarkt_16-1024x768.jpg 1024w, https:\/\/hub.hslu.ch\/business-psychology\/wp-content\/uploads\/sites\/21\/2022\/12\/Esslinger_Weihnachtsmarkt_16-300x225.jpg 300w, https:\/\/hub.hslu.ch\/business-psychology\/wp-content\/uploads\/sites\/21\/2022\/12\/Esslinger_Weihnachtsmarkt_16-768x576.jpg 768w, https:\/\/hub.hslu.ch\/business-psychology\/wp-content\/uploads\/sites\/21\/2022\/12\/Esslinger_Weihnachtsmarkt_16-1536x1152.jpg 1536w, https:\/\/hub.hslu.ch\/business-psychology\/wp-content\/uploads\/sites\/21\/2022\/12\/Esslinger_Weihnachtsmarkt_16-928x696.jpg 928w, https:\/\/hub.hslu.ch\/business-psychology\/wp-content\/uploads\/sites\/21\/2022\/12\/Esslinger_Weihnachtsmarkt_16.jpg 2048w\" sizes=\"auto, (max-width: 1024px) 100vw, 1024px\" \/><\/figure>\n\n\n\n<figure class=\"wp-block-image size-large\"><img loading=\"lazy\" decoding=\"async\" width=\"1024\" height=\"768\" data-id=\"2767\" src=\"https:\/\/hub.hslu.ch\/business-psychology\/wp-content\/uploads\/sites\/21\/2022\/12\/Esslinger_Weihnachtsmarkt_24-1024x768.jpg\" alt=\"\" class=\"wp-image-2767\" srcset=\"https:\/\/hub.hslu.ch\/business-psychology\/wp-content\/uploads\/sites\/21\/2022\/12\/Esslinger_Weihnachtsmarkt_24-1024x768.jpg 1024w, https:\/\/hub.hslu.ch\/business-psychology\/wp-content\/uploads\/sites\/21\/2022\/12\/Esslinger_Weihnachtsmarkt_24-300x225.jpg 300w, https:\/\/hub.hslu.ch\/business-psychology\/wp-content\/uploads\/sites\/21\/2022\/12\/Esslinger_Weihnachtsmarkt_24-768x576.jpg 768w, https:\/\/hub.hslu.ch\/business-psychology\/wp-content\/uploads\/sites\/21\/2022\/12\/Esslinger_Weihnachtsmarkt_24-1536x1152.jpg 1536w, https:\/\/hub.hslu.ch\/business-psychology\/wp-content\/uploads\/sites\/21\/2022\/12\/Esslinger_Weihnachtsmarkt_24-928x696.jpg 928w, https:\/\/hub.hslu.ch\/business-psychology\/wp-content\/uploads\/sites\/21\/2022\/12\/Esslinger_Weihnachtsmarkt_24.jpg 2048w\" sizes=\"auto, (max-width: 1024px) 100vw, 1024px\" \/><\/figure>\n\n\n\n<figure class=\"wp-block-image size-large\"><img loading=\"lazy\" decoding=\"async\" width=\"768\" height=\"1024\" data-id=\"2768\" src=\"https:\/\/hub.hslu.ch\/business-psychology\/wp-content\/uploads\/sites\/21\/2022\/12\/Geislingen_Altstadt_111-768x1024.jpg\" alt=\"\" class=\"wp-image-2768\" srcset=\"https:\/\/hub.hslu.ch\/business-psychology\/wp-content\/uploads\/sites\/21\/2022\/12\/Geislingen_Altstadt_111-768x1024.jpg 768w, https:\/\/hub.hslu.ch\/business-psychology\/wp-content\/uploads\/sites\/21\/2022\/12\/Geislingen_Altstadt_111-225x300.jpg 225w, https:\/\/hub.hslu.ch\/business-psychology\/wp-content\/uploads\/sites\/21\/2022\/12\/Geislingen_Altstadt_111-1152x1536.jpg 1152w, https:\/\/hub.hslu.ch\/business-psychology\/wp-content\/uploads\/sites\/21\/2022\/12\/Geislingen_Altstadt_111-390x520.jpg 390w, https:\/\/hub.hslu.ch\/business-psychology\/wp-content\/uploads\/sites\/21\/2022\/12\/Geislingen_Altstadt_111-524x698.jpg 524w, https:\/\/hub.hslu.ch\/business-psychology\/wp-content\/uploads\/sites\/21\/2022\/12\/Geislingen_Altstadt_111.jpg 1536w\" sizes=\"auto, (max-width: 768px) 100vw, 768px\" \/><\/figure>\n\n\n\n<figure class=\"wp-block-image size-large\"><img loading=\"lazy\" decoding=\"async\" width=\"768\" height=\"1024\" data-id=\"2769\" src=\"https:\/\/hub.hslu.ch\/business-psychology\/wp-content\/uploads\/sites\/21\/2022\/12\/Geislingen_Altstadt_293-768x1024.jpg\" alt=\"\" class=\"wp-image-2769\" srcset=\"https:\/\/hub.hslu.ch\/business-psychology\/wp-content\/uploads\/sites\/21\/2022\/12\/Geislingen_Altstadt_293-768x1024.jpg 768w, https:\/\/hub.hslu.ch\/business-psychology\/wp-content\/uploads\/sites\/21\/2022\/12\/Geislingen_Altstadt_293-225x300.jpg 225w, https:\/\/hub.hslu.ch\/business-psychology\/wp-content\/uploads\/sites\/21\/2022\/12\/Geislingen_Altstadt_293-1152x1536.jpg 1152w, https:\/\/hub.hslu.ch\/business-psychology\/wp-content\/uploads\/sites\/21\/2022\/12\/Geislingen_Altstadt_293-390x520.jpg 390w, https:\/\/hub.hslu.ch\/business-psychology\/wp-content\/uploads\/sites\/21\/2022\/12\/Geislingen_Altstadt_293-524x698.jpg 524w, https:\/\/hub.hslu.ch\/business-psychology\/wp-content\/uploads\/sites\/21\/2022\/12\/Geislingen_Altstadt_293.jpg 1536w\" sizes=\"auto, (max-width: 768px) 100vw, 768px\" \/><\/figure>\n\n\n\n<figure class=\"wp-block-image size-large\"><img loading=\"lazy\" decoding=\"async\" width=\"1024\" height=\"472\" data-id=\"2770\" src=\"https:\/\/hub.hslu.ch\/business-psychology\/wp-content\/uploads\/sites\/21\/2022\/12\/Geislingen29-1024x472.jpg\" alt=\"\" class=\"wp-image-2770\" srcset=\"https:\/\/hub.hslu.ch\/business-psychology\/wp-content\/uploads\/sites\/21\/2022\/12\/Geislingen29-1024x472.jpg 1024w, https:\/\/hub.hslu.ch\/business-psychology\/wp-content\/uploads\/sites\/21\/2022\/12\/Geislingen29-300x138.jpg 300w, https:\/\/hub.hslu.ch\/business-psychology\/wp-content\/uploads\/sites\/21\/2022\/12\/Geislingen29-768x354.jpg 768w, https:\/\/hub.hslu.ch\/business-psychology\/wp-content\/uploads\/sites\/21\/2022\/12\/Geislingen29-1536x707.jpg 1536w, https:\/\/hub.hslu.ch\/business-psychology\/wp-content\/uploads\/sites\/21\/2022\/12\/Geislingen29-928x427.jpg 928w, https:\/\/hub.hslu.ch\/business-psychology\/wp-content\/uploads\/sites\/21\/2022\/12\/Geislingen29.jpg 2048w\" sizes=\"auto, (max-width: 1024px) 100vw, 1024px\" \/><\/figure>\n\n\n\n<figure class=\"wp-block-image size-large\"><img loading=\"lazy\" decoding=\"async\" width=\"1024\" height=\"768\" data-id=\"2771\" src=\"https:\/\/hub.hslu.ch\/business-psychology\/wp-content\/uploads\/sites\/21\/2022\/12\/Stuttgart_Koenigsplatz74-1024x768.jpg\" alt=\"\" class=\"wp-image-2771\" srcset=\"https:\/\/hub.hslu.ch\/business-psychology\/wp-content\/uploads\/sites\/21\/2022\/12\/Stuttgart_Koenigsplatz74-1024x768.jpg 1024w, https:\/\/hub.hslu.ch\/business-psychology\/wp-content\/uploads\/sites\/21\/2022\/12\/Stuttgart_Koenigsplatz74-300x225.jpg 300w, https:\/\/hub.hslu.ch\/business-psychology\/wp-content\/uploads\/sites\/21\/2022\/12\/Stuttgart_Koenigsplatz74-768x576.jpg 768w, https:\/\/hub.hslu.ch\/business-psychology\/wp-content\/uploads\/sites\/21\/2022\/12\/Stuttgart_Koenigsplatz74-1536x1152.jpg 1536w, https:\/\/hub.hslu.ch\/business-psychology\/wp-content\/uploads\/sites\/21\/2022\/12\/Stuttgart_Koenigsplatz74-928x696.jpg 928w, https:\/\/hub.hslu.ch\/business-psychology\/wp-content\/uploads\/sites\/21\/2022\/12\/Stuttgart_Koenigsplatz74.jpg 2048w\" sizes=\"auto, (max-width: 1024px) 100vw, 1024px\" \/><\/figure>\n<figcaption class=\"blocks-gallery-caption wp-element-caption\">Fotos von Isabelle Alig<\/figcaption><\/figure>\n\n\n\n<hr class=\"wp-block-separator has-alpha-channel-opacity\" \/>\n\n\n\n<h3 class=\"wp-block-heading\">Referenzen<\/h3>\n\n\n\n<p>Foto von lil artsy: https:\/\/www.pexels.com\/de-de\/foto\/selektives-fokusfoto-der-lupe-1194775\/<\/p>\n","protected":false},"excerpt":{"rendered":"<p>Isabelle Alig befindet sich derzeit in Geislingen an der Steige im Auslandssemester und berichtet im Interview von ihren ersten Eindr\u00fccken.<\/p>\n","protected":false},"author":250,"featured_media":2775,"comment_status":"open","ping_status":"open","sticky":false,"template":"","format":"standard","meta":{"_acf_changed":false,"inline_featured_image":false,"_relevanssi_hide_post":"","_relevanssi_hide_content":"","_relevanssi_pin_for_all":"","_relevanssi_pin_keywords":"","_relevanssi_unpin_keywords":"","_relevanssi_related_keywords":"","_relevanssi_related_include_ids":"","_relevanssi_related_exclude_ids":"","_relevanssi_related_no_append":"","_relevanssi_related_not_related":"","_relevanssi_related_posts":"2580,2552,2404,2346,2433,2340","_relevanssi_noindex_reason":"","footnotes":"","_links_to":"","_links_to_target":""},"categories":[18,6],"tags":[223,290,200,289,240,291,12],"class_list":["post-2765","post","type-post","status-publish","format-standard","has-post-thumbnail","hentry","category-im-portrait","category-studium","tag-auslandssemester","tag-erasmus","tag-im-portrait","tag-madrid","tag-studierende","tag-universitaet-san-pablo","tag-wirtschaftspsychologie"],"acf":[],"yoast_head":"<!-- This site is optimized with the Yoast SEO plugin v27.4 - https:\/\/yoast.com\/product\/yoast-seo-wordpress\/ -->\n<title>Im Portrait: Studierende im Auslandssemester - Isabelle in Geislingen an der Steige - Business Psychology<\/title>\n<meta name=\"description\" content=\"In diesem Interview berichtet Isabelle Alig von ihren ersten Eindr\u00fccken im Auslandssemester in Geislingen an der Steige.\" \/>\n<meta name=\"robots\" content=\"index, follow, max-snippet:-1, max-image-preview:large, max-video-preview:-1\" \/>\n<link rel=\"canonical\" href=\"https:\/\/hub.hslu.ch\/business-psychology\/im-portrait-studierende-im-auslandssemester-isabell-in-geislingen\/\" \/>\n<meta property=\"og:locale\" content=\"de_DE\" \/>\n<meta property=\"og:type\" content=\"article\" \/>\n<meta property=\"og:title\" content=\"Im Portrait: Studierende im Auslandssemester - Isabelle in Geislingen an der Steige - Business Psychology\" \/>\n<meta property=\"og:description\" content=\"In diesem Interview berichtet Isabelle Alig von ihren ersten Eindr\u00fccken im Auslandssemester in Geislingen an der Steige.\" \/>\n<meta property=\"og:url\" content=\"https:\/\/hub.hslu.ch\/business-psychology\/im-portrait-studierende-im-auslandssemester-isabell-in-geislingen\/\" \/>\n<meta property=\"og:site_name\" content=\"Business Psychology\" \/>\n<meta property=\"article:published_time\" content=\"2023-01-17T14:26:11+00:00\" \/>\n<meta property=\"article:modified_time\" content=\"2023-01-17T16:57:14+00:00\" \/>\n<meta property=\"og:image\" content=\"https:\/\/hub.hslu.ch\/business-psychology\/wp-content\/uploads\/sites\/21\/2022\/12\/Geislingen29-1.jpg\" \/>\n\t<meta property=\"og:image:width\" content=\"2048\" \/>\n\t<meta property=\"og:image:height\" content=\"1136\" \/>\n\t<meta property=\"og:image:type\" content=\"image\/jpeg\" \/>\n<meta name=\"author\" content=\"rabeaheinzmann\" \/>\n<meta name=\"twitter:card\" content=\"summary_large_image\" \/>\n<meta name=\"twitter:label1\" content=\"Geschrieben von\" \/>\n\t<meta name=\"twitter:data1\" content=\"rabeaheinzmann\" \/>\n<script type=\"application\/ld+json\" class=\"yoast-schema-graph\">{\"@context\":\"https:\\\/\\\/schema.org\",\"@graph\":[{\"@type\":\"Article\",\"@id\":\"https:\\\/\\\/hub.hslu.ch\\\/business-psychology\\\/im-portrait-studierende-im-auslandssemester-isabell-in-geislingen\\\/#article\",\"isPartOf\":{\"@id\":\"https:\\\/\\\/hub.hslu.ch\\\/business-psychology\\\/im-portrait-studierende-im-auslandssemester-isabell-in-geislingen\\\/\"},\"author\":{\"name\":\"rabeaheinzmann\",\"@id\":\"https:\\\/\\\/hub.hslu.ch\\\/business-psychology\\\/#\\\/schema\\\/person\\\/712ffc0c5e2dea4393f219b4fcb88cd2\"},\"headline\":\"Im Portrait: Studierende im Auslandssemester &#8211; Isabelle in Geislingen an der Steige\",\"datePublished\":\"2023-01-17T14:26:11+00:00\",\"dateModified\":\"2023-01-17T16:57:14+00:00\",\"mainEntityOfPage\":{\"@id\":\"https:\\\/\\\/hub.hslu.ch\\\/business-psychology\\\/im-portrait-studierende-im-auslandssemester-isabell-in-geislingen\\\/\"},\"wordCount\":1139,\"commentCount\":0,\"image\":{\"@id\":\"https:\\\/\\\/hub.hslu.ch\\\/business-psychology\\\/im-portrait-studierende-im-auslandssemester-isabell-in-geislingen\\\/#primaryimage\"},\"thumbnailUrl\":\"https:\\\/\\\/hub.hslu.ch\\\/business-psychology\\\/wp-content\\\/uploads\\\/sites\\\/21\\\/2022\\\/12\\\/Geislingen29-1.jpg\",\"keywords\":[\"Auslandssemester\",\"Erasmus\",\"Im Portrait\",\"Madrid\",\"Studierende\",\"Universit\u00e4t San Pablo\",\"Wirtschaftspsychologie\"],\"articleSection\":[\"Im Portrait\",\"Studium\"],\"inLanguage\":\"de-CH\",\"potentialAction\":[{\"@type\":\"CommentAction\",\"name\":\"Comment\",\"target\":[\"https:\\\/\\\/hub.hslu.ch\\\/business-psychology\\\/im-portrait-studierende-im-auslandssemester-isabell-in-geislingen\\\/#respond\"]}]},{\"@type\":\"WebPage\",\"@id\":\"https:\\\/\\\/hub.hslu.ch\\\/business-psychology\\\/im-portrait-studierende-im-auslandssemester-isabell-in-geislingen\\\/\",\"url\":\"https:\\\/\\\/hub.hslu.ch\\\/business-psychology\\\/im-portrait-studierende-im-auslandssemester-isabell-in-geislingen\\\/\",\"name\":\"Im Portrait: Studierende im Auslandssemester - Isabelle in Geislingen an der Steige - Business Psychology\",\"isPartOf\":{\"@id\":\"https:\\\/\\\/hub.hslu.ch\\\/business-psychology\\\/#website\"},\"primaryImageOfPage\":{\"@id\":\"https:\\\/\\\/hub.hslu.ch\\\/business-psychology\\\/im-portrait-studierende-im-auslandssemester-isabell-in-geislingen\\\/#primaryimage\"},\"image\":{\"@id\":\"https:\\\/\\\/hub.hslu.ch\\\/business-psychology\\\/im-portrait-studierende-im-auslandssemester-isabell-in-geislingen\\\/#primaryimage\"},\"thumbnailUrl\":\"https:\\\/\\\/hub.hslu.ch\\\/business-psychology\\\/wp-content\\\/uploads\\\/sites\\\/21\\\/2022\\\/12\\\/Geislingen29-1.jpg\",\"datePublished\":\"2023-01-17T14:26:11+00:00\",\"dateModified\":\"2023-01-17T16:57:14+00:00\",\"author\":{\"@id\":\"https:\\\/\\\/hub.hslu.ch\\\/business-psychology\\\/#\\\/schema\\\/person\\\/712ffc0c5e2dea4393f219b4fcb88cd2\"},\"description\":\"In diesem Interview berichtet Isabelle Alig von ihren ersten Eindr\u00fccken im Auslandssemester in Geislingen an der Steige.\",\"breadcrumb\":{\"@id\":\"https:\\\/\\\/hub.hslu.ch\\\/business-psychology\\\/im-portrait-studierende-im-auslandssemester-isabell-in-geislingen\\\/#breadcrumb\"},\"inLanguage\":\"de-CH\",\"potentialAction\":[{\"@type\":\"ReadAction\",\"target\":[\"https:\\\/\\\/hub.hslu.ch\\\/business-psychology\\\/im-portrait-studierende-im-auslandssemester-isabell-in-geislingen\\\/\"]}]},{\"@type\":\"ImageObject\",\"inLanguage\":\"de-CH\",\"@id\":\"https:\\\/\\\/hub.hslu.ch\\\/business-psychology\\\/im-portrait-studierende-im-auslandssemester-isabell-in-geislingen\\\/#primaryimage\",\"url\":\"https:\\\/\\\/hub.hslu.ch\\\/business-psychology\\\/wp-content\\\/uploads\\\/sites\\\/21\\\/2022\\\/12\\\/Geislingen29-1.jpg\",\"contentUrl\":\"https:\\\/\\\/hub.hslu.ch\\\/business-psychology\\\/wp-content\\\/uploads\\\/sites\\\/21\\\/2022\\\/12\\\/Geislingen29-1.jpg\",\"width\":2048,\"height\":1136,\"caption\":\"Blick \u00fcber Geislingen an der Steige - Foto von Isabelle Alig\"},{\"@type\":\"BreadcrumbList\",\"@id\":\"https:\\\/\\\/hub.hslu.ch\\\/business-psychology\\\/im-portrait-studierende-im-auslandssemester-isabell-in-geislingen\\\/#breadcrumb\",\"itemListElement\":[{\"@type\":\"ListItem\",\"position\":1,\"name\":\"Home\",\"item\":\"https:\\\/\\\/hub.hslu.ch\\\/business-psychology\\\/\"},{\"@type\":\"ListItem\",\"position\":2,\"name\":\"Im Portrait: Studierende im Auslandssemester &#8211; Isabelle in Geislingen an der Steige\"}]},{\"@type\":\"WebSite\",\"@id\":\"https:\\\/\\\/hub.hslu.ch\\\/business-psychology\\\/#website\",\"url\":\"https:\\\/\\\/hub.hslu.ch\\\/business-psychology\\\/\",\"name\":\"Business Psychology\",\"description\":\"Wirtschaftspsychologie an der Hochschule Luzern\",\"potentialAction\":[{\"@type\":\"SearchAction\",\"target\":{\"@type\":\"EntryPoint\",\"urlTemplate\":\"https:\\\/\\\/hub.hslu.ch\\\/business-psychology\\\/?s={search_term_string}\"},\"query-input\":{\"@type\":\"PropertyValueSpecification\",\"valueRequired\":true,\"valueName\":\"search_term_string\"}}],\"inLanguage\":\"de-CH\"},{\"@type\":\"Person\",\"@id\":\"https:\\\/\\\/hub.hslu.ch\\\/business-psychology\\\/#\\\/schema\\\/person\\\/712ffc0c5e2dea4393f219b4fcb88cd2\",\"name\":\"rabeaheinzmann\"}]}<\/script>\n<!-- \/ Yoast SEO plugin. -->","yoast_head_json":{"title":"Im Portrait: Studierende im Auslandssemester - Isabelle in Geislingen an der Steige - Business Psychology","description":"In diesem Interview berichtet Isabelle Alig von ihren ersten Eindr\u00fccken im Auslandssemester in Geislingen an der Steige.","robots":{"index":"index","follow":"follow","max-snippet":"max-snippet:-1","max-image-preview":"max-image-preview:large","max-video-preview":"max-video-preview:-1"},"canonical":"https:\/\/hub.hslu.ch\/business-psychology\/im-portrait-studierende-im-auslandssemester-isabell-in-geislingen\/","og_locale":"de_DE","og_type":"article","og_title":"Im Portrait: Studierende im Auslandssemester - Isabelle in Geislingen an der Steige - Business Psychology","og_description":"In diesem Interview berichtet Isabelle Alig von ihren ersten Eindr\u00fccken im Auslandssemester in Geislingen an der Steige.","og_url":"https:\/\/hub.hslu.ch\/business-psychology\/im-portrait-studierende-im-auslandssemester-isabell-in-geislingen\/","og_site_name":"Business Psychology","article_published_time":"2023-01-17T14:26:11+00:00","article_modified_time":"2023-01-17T16:57:14+00:00","og_image":[{"width":2048,"height":1136,"url":"https:\/\/hub.hslu.ch\/business-psychology\/wp-content\/uploads\/sites\/21\/2022\/12\/Geislingen29-1.jpg","type":"image\/jpeg"}],"author":"rabeaheinzmann","twitter_card":"summary_large_image","twitter_misc":{"Geschrieben von":"rabeaheinzmann"},"schema":{"@context":"https:\/\/schema.org","@graph":[{"@type":"Article","@id":"https:\/\/hub.hslu.ch\/business-psychology\/im-portrait-studierende-im-auslandssemester-isabell-in-geislingen\/#article","isPartOf":{"@id":"https:\/\/hub.hslu.ch\/business-psychology\/im-portrait-studierende-im-auslandssemester-isabell-in-geislingen\/"},"author":{"name":"rabeaheinzmann","@id":"https:\/\/hub.hslu.ch\/business-psychology\/#\/schema\/person\/712ffc0c5e2dea4393f219b4fcb88cd2"},"headline":"Im Portrait: Studierende im Auslandssemester &#8211; Isabelle in Geislingen an der Steige","datePublished":"2023-01-17T14:26:11+00:00","dateModified":"2023-01-17T16:57:14+00:00","mainEntityOfPage":{"@id":"https:\/\/hub.hslu.ch\/business-psychology\/im-portrait-studierende-im-auslandssemester-isabell-in-geislingen\/"},"wordCount":1139,"commentCount":0,"image":{"@id":"https:\/\/hub.hslu.ch\/business-psychology\/im-portrait-studierende-im-auslandssemester-isabell-in-geislingen\/#primaryimage"},"thumbnailUrl":"https:\/\/hub.hslu.ch\/business-psychology\/wp-content\/uploads\/sites\/21\/2022\/12\/Geislingen29-1.jpg","keywords":["Auslandssemester","Erasmus","Im Portrait","Madrid","Studierende","Universit\u00e4t San Pablo","Wirtschaftspsychologie"],"articleSection":["Im Portrait","Studium"],"inLanguage":"de-CH","potentialAction":[{"@type":"CommentAction","name":"Comment","target":["https:\/\/hub.hslu.ch\/business-psychology\/im-portrait-studierende-im-auslandssemester-isabell-in-geislingen\/#respond"]}]},{"@type":"WebPage","@id":"https:\/\/hub.hslu.ch\/business-psychology\/im-portrait-studierende-im-auslandssemester-isabell-in-geislingen\/","url":"https:\/\/hub.hslu.ch\/business-psychology\/im-portrait-studierende-im-auslandssemester-isabell-in-geislingen\/","name":"Im Portrait: Studierende im Auslandssemester - Isabelle in Geislingen an der Steige - Business Psychology","isPartOf":{"@id":"https:\/\/hub.hslu.ch\/business-psychology\/#website"},"primaryImageOfPage":{"@id":"https:\/\/hub.hslu.ch\/business-psychology\/im-portrait-studierende-im-auslandssemester-isabell-in-geislingen\/#primaryimage"},"image":{"@id":"https:\/\/hub.hslu.ch\/business-psychology\/im-portrait-studierende-im-auslandssemester-isabell-in-geislingen\/#primaryimage"},"thumbnailUrl":"https:\/\/hub.hslu.ch\/business-psychology\/wp-content\/uploads\/sites\/21\/2022\/12\/Geislingen29-1.jpg","datePublished":"2023-01-17T14:26:11+00:00","dateModified":"2023-01-17T16:57:14+00:00","author":{"@id":"https:\/\/hub.hslu.ch\/business-psychology\/#\/schema\/person\/712ffc0c5e2dea4393f219b4fcb88cd2"},"description":"In diesem Interview berichtet Isabelle Alig von ihren ersten Eindr\u00fccken im Auslandssemester in Geislingen an der Steige.","breadcrumb":{"@id":"https:\/\/hub.hslu.ch\/business-psychology\/im-portrait-studierende-im-auslandssemester-isabell-in-geislingen\/#breadcrumb"},"inLanguage":"de-CH","potentialAction":[{"@type":"ReadAction","target":["https:\/\/hub.hslu.ch\/business-psychology\/im-portrait-studierende-im-auslandssemester-isabell-in-geislingen\/"]}]},{"@type":"ImageObject","inLanguage":"de-CH","@id":"https:\/\/hub.hslu.ch\/business-psychology\/im-portrait-studierende-im-auslandssemester-isabell-in-geislingen\/#primaryimage","url":"https:\/\/hub.hslu.ch\/business-psychology\/wp-content\/uploads\/sites\/21\/2022\/12\/Geislingen29-1.jpg","contentUrl":"https:\/\/hub.hslu.ch\/business-psychology\/wp-content\/uploads\/sites\/21\/2022\/12\/Geislingen29-1.jpg","width":2048,"height":1136,"caption":"Blick \u00fcber Geislingen an der Steige - Foto von Isabelle Alig"},{"@type":"BreadcrumbList","@id":"https:\/\/hub.hslu.ch\/business-psychology\/im-portrait-studierende-im-auslandssemester-isabell-in-geislingen\/#breadcrumb","itemListElement":[{"@type":"ListItem","position":1,"name":"Home","item":"https:\/\/hub.hslu.ch\/business-psychology\/"},{"@type":"ListItem","position":2,"name":"Im Portrait: Studierende im Auslandssemester &#8211; Isabelle in Geislingen an der Steige"}]},{"@type":"WebSite","@id":"https:\/\/hub.hslu.ch\/business-psychology\/#website","url":"https:\/\/hub.hslu.ch\/business-psychology\/","name":"Business Psychology","description":"Wirtschaftspsychologie an der Hochschule Luzern","potentialAction":[{"@type":"SearchAction","target":{"@type":"EntryPoint","urlTemplate":"https:\/\/hub.hslu.ch\/business-psychology\/?s={search_term_string}"},"query-input":{"@type":"PropertyValueSpecification","valueRequired":true,"valueName":"search_term_string"}}],"inLanguage":"de-CH"},{"@type":"Person","@id":"https:\/\/hub.hslu.ch\/business-psychology\/#\/schema\/person\/712ffc0c5e2dea4393f219b4fcb88cd2","name":"rabeaheinzmann"}]}},"featured_image_src":"https:\/\/hub.hslu.ch\/business-psychology\/wp-content\/uploads\/sites\/21\/2022\/12\/Geislingen29-1.jpg","featured_image_src_square":"https:\/\/hub.hslu.ch\/business-psychology\/wp-content\/uploads\/sites\/21\/2022\/12\/Geislingen29-1.jpg","author_info":{"display_name":"rabeaheinzmann","author_link":"https:\/\/hub.hslu.ch\/business-psychology\/author\/rabeaheinzmann\/"},"_links":{"self":[{"href":"https:\/\/hub.hslu.ch\/business-psychology\/wp-json\/wp\/v2\/posts\/2765","targetHints":{"allow":["GET"]}}],"collection":[{"href":"https:\/\/hub.hslu.ch\/business-psychology\/wp-json\/wp\/v2\/posts"}],"about":[{"href":"https:\/\/hub.hslu.ch\/business-psychology\/wp-json\/wp\/v2\/types\/post"}],"author":[{"embeddable":true,"href":"https:\/\/hub.hslu.ch\/business-psychology\/wp-json\/wp\/v2\/users\/250"}],"replies":[{"embeddable":true,"href":"https:\/\/hub.hslu.ch\/business-psychology\/wp-json\/wp\/v2\/comments?post=2765"}],"version-history":[{"count":18,"href":"https:\/\/hub.hslu.ch\/business-psychology\/wp-json\/wp\/v2\/posts\/2765\/revisions"}],"predecessor-version":[{"id":2804,"href":"https:\/\/hub.hslu.ch\/business-psychology\/wp-json\/wp\/v2\/posts\/2765\/revisions\/2804"}],"wp:featuredmedia":[{"embeddable":true,"href":"https:\/\/hub.hslu.ch\/business-psychology\/wp-json\/wp\/v2\/media\/2775"}],"wp:attachment":[{"href":"https:\/\/hub.hslu.ch\/business-psychology\/wp-json\/wp\/v2\/media?parent=2765"}],"wp:term":[{"taxonomy":"category","embeddable":true,"href":"https:\/\/hub.hslu.ch\/business-psychology\/wp-json\/wp\/v2\/categories?post=2765"},{"taxonomy":"post_tag","embeddable":true,"href":"https:\/\/hub.hslu.ch\/business-psychology\/wp-json\/wp\/v2\/tags?post=2765"}],"curies":[{"name":"wp","href":"https:\/\/api.w.org\/{rel}","templated":true}]}}