{"id":3995,"date":"2024-11-27T16:35:16","date_gmt":"2024-11-27T15:35:16","guid":{"rendered":"https:\/\/hub.hslu.ch\/business-psychology\/?p=3995"},"modified":"2024-11-27T16:38:43","modified_gmt":"2024-11-27T15:38:43","slug":"im-portrait-studierende-im-auslandssemester-lisa-in-madrid","status":"publish","type":"post","link":"https:\/\/hub.hslu.ch\/business-psychology\/im-portrait-studierende-im-auslandssemester-lisa-in-madrid\/","title":{"rendered":"Im Portrait: Studierende im Auslandssemester \u2013 Lisa in Madrid"},"content":{"rendered":"\n<p class=\"has-text-align-center\">Lesezeit 3\u2032 Minuten \/\/ Im Interview mit Lisa B\u00fccher<\/p>\n\n\n\n<p class=\"has-drop-cap\">In unserer\u00a0<a href=\"https:\/\/hub.hslu.ch\/business-psychology\/category\/im-portrait\/\" target=\"_blank\" rel=\"noreferrer noopener\">\u00abIm Portrait\u00bb<\/a>-Reihe stellen wir Studierende, Mitarbeitende, Dozierende sowie Personen aus dem Bereich der Wirtschaftspsychologie vor. Diesen Monat haben wir Lisa B\u00fccher, Business Psychology Studentin im 5. Semester, \u00fcber ihre Eindr\u00fccke im Auslandssemester interviewt. Sie befindet sich derzeit in Madrid.<\/p>\n\n\n\n<p class=\"has-text-color has-medium-font-size\" style=\"color:#495967\"><strong>Hallo Lisa! Du befindest dich aktuell mitten im Auslandssemester. Kannst du bitte eingangs erz\u00e4hlen, wann es begonnen hat, wo genau du dich gerade befindest und bis wann du dableibst?<\/strong><\/p>\n\n\n\n<p><strong><em>Lisa:<\/em><\/strong> Mein Auslandssemester begann am 2. September und dauert bis zum 18. Dezember. Ich studiere aktuell an der IE University in Madrid und wohne im Studentenwohnheim Micampus.<\/p>\n\n\n\n<p class=\"has-text-color has-medium-font-size\" style=\"color:#495967\"><strong>Warum hast du dich f\u00fcr ein Auslandssemester entschieden?<\/strong><\/p>\n\n\n\n<p><strong><em>Lisa:<\/em><\/strong> Ich habe mich f\u00fcr ein Auslandssemester entschieden, weil ich gerne neue Erfahrungen mache und andere Kulturen direkt erleben m\u00f6chte. Zudem wollte ich verschiedene Bildungssysteme kennenlernen und Menschen aus unterschiedlichsten L\u00e4ndern treffen.<\/p>\n\n\n\n<p class=\"has-text-color has-medium-font-size\" style=\"color:#495967\"><strong>Warum hast du dich f\u00fcr die IE University in Madrid&nbsp;entschieden?<\/strong><\/p>\n\n\n\n<p><strong><em>Lisa:<\/em><\/strong> Da unser Studiengang neu ist, hat die HSLU derzeit nur wenige Partneruniversit\u00e4ten. Eigentlich wollte ich au\u00dferhalb Europas studieren, um einen Kulturschock zu erleben. Spanien bot sich aber ebenfalls als spannende M\u00f6glichkeit an, da ich dabei auch mein Spanisch verbessern kann.<\/p>\n\n\n\n<p class=\"has-text-color has-medium-font-size\" style=\"color:#495967\"><strong>Wie war dein erster Eindruck nach der Ankunft? Gab es irgendwelche Herausforderungen?<\/strong><\/p>\n\n\n\n<p><strong><em>Lisa:<\/em><\/strong> Vor Studienbeginn habe ich mit einer Freundin Madrid touristisch erkundet, was mir beim Schulstart viel Druck genommen hat. So konnte ich mich anfangs besser auf das Studium und das Kennenlernen neuer Leute konzentrieren. Mein erster Eindruck der IE University war sehr positiv \u2013 die Uni ist modern, luxuri\u00f6s und bestens organisiert, mit einer internationalen Atmosph\u00e4re. Die gr\u00f6\u00dfte Herausforderung ist eher derzeit die Balance zwischen Studium, dem Erkunden von Spanien und meiner Vorstudie f\u00fcr die Bachelorarbeit.<\/p>\n\n\n\n<p class=\"has-text-color has-medium-font-size\" style=\"color:#495967\"><strong>Wie sieht aktuell ein typischer Unialltag bei dir aus? Wie unterscheidet sich das Studierendenleben zu dem in Luzern?<\/strong><\/p>\n\n\n\n<p><strong><em>Lisa:<\/em><\/strong> Ein typischer Tag beginnt bei mir sp\u00e4t \u2013 ich fr\u00fchst\u00fccke kurz und gehe dann zu Fu\u00df zur Uni, da ich in der N\u00e4he wohne. Zwischen den Vorlesungen tausche ich mich mit anderen Studierenden, vor allem Austauschstudierenden, \u00fcber empfehlenswerte Orte und Unterschiede zum Studium in der Heimat aus. Wenn ich Zeit habe, lerne ich oder arbeite an Abgaben. Nach der Uni gehe ich nach Hause, erledige wichtige Aufgaben, koche mir etwas und verbringe den Abend oft mit Freunden im Wohnheim. Ich gehe dann ziemlich sp\u00e4t schlafen, denn hier in Spanien ist alles um ein paar Stunden nach hinten verschoben (Mittagessen gegen 14:00 Uhr und Abendessen gegen 21:00 Uhr). Anders als in Luzern gibt es hier bereits w\u00e4hrend des Semesters viele kleine Pr\u00fcfungen und regelm\u00e4\u00dfige Abgaben, was die Noten stabilisiert, aber auch st\u00e4ndige Aufmerksamkeit erfordert.<\/p>\n\n\n\n<p class=\"has-text-color has-medium-font-size\" style=\"color:#495967\"><strong>Wie verbringst du dort deine Freizeit?&nbsp;&nbsp;&nbsp;<\/strong><\/p>\n\n\n\n<p><strong><em>Lisa:<\/em><\/strong> In meiner Freizeit probiere ich gerne neue Caf\u00e9s und Restaurants in Madrid und mache gelegentlich Tagesausfl\u00fcge in die Umgebung oder besuche andere St\u00e4dte in Spanien. Au\u00dferdem halte ich Ausschau nach interessanten Veranstaltungen und Shows, um das kulturelle Angebot der Stadt auszukosten.<\/p>\n\n\n\n<p class=\"has-text-color has-medium-font-size\" style=\"color:#495967\"><strong>Worauf freust du dich noch in den n\u00e4chsten Wochen?<\/strong><\/p>\n\n\n\n<p><strong><em>Lisa:<\/em><\/strong> Ich freue mich darauf, dass mich bald meine beste Freundin besucht. Wir werden zusammen neue Seiten von Madrid entdecken und gut essen gehen. Geplant ist auch ein Ausflug nach Segovia, wo die IE University einen weiteren Campus hat. Au\u00dferdem freue ich mich auf die weihnachtliche Dekoration in Madrid und den Besuch meiner Eltern nach Semesterende.<\/p>\n\n\n\n<p><em>Vielen Dank f\u00fcr das Interview und weiterhin viel Spass in Madrid!&nbsp;<\/em><\/p>\n\n\n\n<figure class=\"wp-block-gallery has-nested-images columns-default is-cropped wp-block-gallery-1 is-layout-flex wp-block-gallery-is-layout-flex\">\n<figure class=\"wp-block-image size-large\"><img loading=\"lazy\" decoding=\"async\" width=\"683\" height=\"1024\" data-id=\"3999\" src=\"https:\/\/hub.hslu.ch\/business-psychology\/wp-content\/uploads\/sites\/21\/2024\/11\/DSC_0041-683x1024.jpeg\" alt=\"\" class=\"wp-image-3999\" srcset=\"https:\/\/hub.hslu.ch\/business-psychology\/wp-content\/uploads\/sites\/21\/2024\/11\/DSC_0041-683x1024.jpeg 683w, https:\/\/hub.hslu.ch\/business-psychology\/wp-content\/uploads\/sites\/21\/2024\/11\/DSC_0041-200x300.jpeg 200w, https:\/\/hub.hslu.ch\/business-psychology\/wp-content\/uploads\/sites\/21\/2024\/11\/DSC_0041-768x1152.jpeg 768w, https:\/\/hub.hslu.ch\/business-psychology\/wp-content\/uploads\/sites\/21\/2024\/11\/DSC_0041-1024x1536.jpeg 1024w, https:\/\/hub.hslu.ch\/business-psychology\/wp-content\/uploads\/sites\/21\/2024\/11\/DSC_0041-465x698.jpeg 465w, https:\/\/hub.hslu.ch\/business-psychology\/wp-content\/uploads\/sites\/21\/2024\/11\/DSC_0041-600x900.jpeg 600w, https:\/\/hub.hslu.ch\/business-psychology\/wp-content\/uploads\/sites\/21\/2024\/11\/DSC_0041.jpeg 1365w\" sizes=\"auto, (max-width: 683px) 100vw, 683px\" \/><\/figure>\n\n\n\n<figure class=\"wp-block-image size-large\"><img loading=\"lazy\" decoding=\"async\" width=\"768\" height=\"1024\" data-id=\"4006\" src=\"https:\/\/hub.hslu.ch\/business-psychology\/wp-content\/uploads\/sites\/21\/2024\/11\/IMG20241001165405-4-768x1024.jpeg\" alt=\"\" class=\"wp-image-4006\" srcset=\"https:\/\/hub.hslu.ch\/business-psychology\/wp-content\/uploads\/sites\/21\/2024\/11\/IMG20241001165405-4-768x1024.jpeg 768w, https:\/\/hub.hslu.ch\/business-psychology\/wp-content\/uploads\/sites\/21\/2024\/11\/IMG20241001165405-4-225x300.jpeg 225w, https:\/\/hub.hslu.ch\/business-psychology\/wp-content\/uploads\/sites\/21\/2024\/11\/IMG20241001165405-4-1152x1536.jpeg 1152w, https:\/\/hub.hslu.ch\/business-psychology\/wp-content\/uploads\/sites\/21\/2024\/11\/IMG20241001165405-4-390x520.jpeg 390w, https:\/\/hub.hslu.ch\/business-psychology\/wp-content\/uploads\/sites\/21\/2024\/11\/IMG20241001165405-4-524x698.jpeg 524w, https:\/\/hub.hslu.ch\/business-psychology\/wp-content\/uploads\/sites\/21\/2024\/11\/IMG20241001165405-4-600x800.jpeg 600w, https:\/\/hub.hslu.ch\/business-psychology\/wp-content\/uploads\/sites\/21\/2024\/11\/IMG20241001165405-4.jpeg 1536w\" sizes=\"auto, (max-width: 768px) 100vw, 768px\" \/><\/figure>\n\n\n\n<figure class=\"wp-block-image size-large\"><img loading=\"lazy\" decoding=\"async\" width=\"768\" height=\"1024\" data-id=\"4007\" src=\"https:\/\/hub.hslu.ch\/business-psychology\/wp-content\/uploads\/sites\/21\/2024\/11\/IMG20241013125325-768x1024.jpeg\" alt=\"\" class=\"wp-image-4007\" srcset=\"https:\/\/hub.hslu.ch\/business-psychology\/wp-content\/uploads\/sites\/21\/2024\/11\/IMG20241013125325-768x1024.jpeg 768w, https:\/\/hub.hslu.ch\/business-psychology\/wp-content\/uploads\/sites\/21\/2024\/11\/IMG20241013125325-225x300.jpeg 225w, https:\/\/hub.hslu.ch\/business-psychology\/wp-content\/uploads\/sites\/21\/2024\/11\/IMG20241013125325-1152x1536.jpeg 1152w, https:\/\/hub.hslu.ch\/business-psychology\/wp-content\/uploads\/sites\/21\/2024\/11\/IMG20241013125325-390x520.jpeg 390w, https:\/\/hub.hslu.ch\/business-psychology\/wp-content\/uploads\/sites\/21\/2024\/11\/IMG20241013125325-524x698.jpeg 524w, https:\/\/hub.hslu.ch\/business-psychology\/wp-content\/uploads\/sites\/21\/2024\/11\/IMG20241013125325-600x800.jpeg 600w, https:\/\/hub.hslu.ch\/business-psychology\/wp-content\/uploads\/sites\/21\/2024\/11\/IMG20241013125325.jpeg 1536w\" sizes=\"auto, (max-width: 768px) 100vw, 768px\" \/><\/figure>\n<\/figure>\n\n\n\n<figure class=\"wp-block-gallery has-nested-images columns-default is-cropped wp-block-gallery-2 is-layout-flex wp-block-gallery-is-layout-flex\">\n<figure class=\"wp-block-image size-large\"><img loading=\"lazy\" decoding=\"async\" width=\"683\" height=\"1024\" data-id=\"4003\" src=\"https:\/\/hub.hslu.ch\/business-psychology\/wp-content\/uploads\/sites\/21\/2024\/11\/DSC_0048_1-683x1024.jpeg\" alt=\"\" class=\"wp-image-4003\" srcset=\"https:\/\/hub.hslu.ch\/business-psychology\/wp-content\/uploads\/sites\/21\/2024\/11\/DSC_0048_1-683x1024.jpeg 683w, https:\/\/hub.hslu.ch\/business-psychology\/wp-content\/uploads\/sites\/21\/2024\/11\/DSC_0048_1-200x300.jpeg 200w, https:\/\/hub.hslu.ch\/business-psychology\/wp-content\/uploads\/sites\/21\/2024\/11\/DSC_0048_1-768x1152.jpeg 768w, https:\/\/hub.hslu.ch\/business-psychology\/wp-content\/uploads\/sites\/21\/2024\/11\/DSC_0048_1-1024x1536.jpeg 1024w, https:\/\/hub.hslu.ch\/business-psychology\/wp-content\/uploads\/sites\/21\/2024\/11\/DSC_0048_1-465x698.jpeg 465w, https:\/\/hub.hslu.ch\/business-psychology\/wp-content\/uploads\/sites\/21\/2024\/11\/DSC_0048_1-600x900.jpeg 600w, https:\/\/hub.hslu.ch\/business-psychology\/wp-content\/uploads\/sites\/21\/2024\/11\/DSC_0048_1-rotated.jpeg 1080w\" sizes=\"auto, (max-width: 683px) 100vw, 683px\" \/><\/figure>\n\n\n\n<figure class=\"wp-block-image size-large\"><img loading=\"lazy\" decoding=\"async\" width=\"1024\" height=\"683\" data-id=\"4010\" src=\"https:\/\/hub.hslu.ch\/business-psychology\/wp-content\/uploads\/sites\/21\/2024\/11\/DSC_0275-1024x683.jpeg\" alt=\"\" class=\"wp-image-4010\" srcset=\"https:\/\/hub.hslu.ch\/business-psychology\/wp-content\/uploads\/sites\/21\/2024\/11\/DSC_0275-1024x683.jpeg 1024w, https:\/\/hub.hslu.ch\/business-psychology\/wp-content\/uploads\/sites\/21\/2024\/11\/DSC_0275-300x200.jpeg 300w, https:\/\/hub.hslu.ch\/business-psychology\/wp-content\/uploads\/sites\/21\/2024\/11\/DSC_0275-768x512.jpeg 768w, https:\/\/hub.hslu.ch\/business-psychology\/wp-content\/uploads\/sites\/21\/2024\/11\/DSC_0275-1536x1024.jpeg 1536w, https:\/\/hub.hslu.ch\/business-psychology\/wp-content\/uploads\/sites\/21\/2024\/11\/DSC_0275-600x400.jpeg 600w, https:\/\/hub.hslu.ch\/business-psychology\/wp-content\/uploads\/sites\/21\/2024\/11\/DSC_0275-928x619.jpeg 928w, https:\/\/hub.hslu.ch\/business-psychology\/wp-content\/uploads\/sites\/21\/2024\/11\/DSC_0275.jpeg 2048w\" sizes=\"auto, (max-width: 1024px) 100vw, 1024px\" \/><\/figure>\n<\/figure>\n\n\n\n<p class=\"has-text-align-center\">Fotos von Lisa B\u00fccher<\/p>\n\n\n\n<hr class=\"wp-block-separator has-alpha-channel-opacity\" \/>\n\n\n\n<p><strong>Referenzen<\/strong><\/p>\n\n\n\n<p>Foto von Alex Azabache: https:\/\/www.pexels.com\/de-de\/foto\/foto-der-stadt-wahrend-der-morgendammerung-3757144\/<\/p>\n","protected":false},"excerpt":{"rendered":"<p>Lisa B\u00fccher befindet sich derzeit in Madrid im Auslandssemester und berichtet im Interview von ihren Erfahrungen.<\/p>\n","protected":false},"author":250,"featured_media":4011,"comment_status":"open","ping_status":"open","sticky":false,"template":"","format":"standard","meta":{"_acf_changed":false,"inline_featured_image":false,"_relevanssi_hide_post":"","_relevanssi_hide_content":"","_relevanssi_pin_for_all":"","_relevanssi_pin_keywords":"","_relevanssi_unpin_keywords":"","_relevanssi_related_keywords":"","_relevanssi_related_include_ids":"","_relevanssi_related_exclude_ids":"","_relevanssi_related_no_append":"","_relevanssi_related_not_related":"","_relevanssi_related_posts":"2806,805,1197,2711,2014,3904","_relevanssi_noindex_reason":"","footnotes":"","_links_to":"","_links_to_target":""},"categories":[18],"tags":[223,11,290,200,289,321],"class_list":["post-3995","post","type-post","status-publish","format-standard","has-post-thumbnail","hentry","category-im-portrait","tag-auslandssemester","tag-business-psychology","tag-erasmus","tag-im-portrait","tag-madrid","tag-semester-abroad"],"acf":[],"yoast_head":"<!-- This site is optimized with the Yoast SEO plugin v27.4 - https:\/\/yoast.com\/product\/yoast-seo-wordpress\/ -->\n<title>Im Portrait: Studierende im Auslandssemester \u2013 Lisa in Madrid - Business Psychology<\/title>\n<meta name=\"robots\" content=\"index, follow, max-snippet:-1, max-image-preview:large, max-video-preview:-1\" \/>\n<link rel=\"canonical\" href=\"https:\/\/hub.hslu.ch\/business-psychology\/im-portrait-studierende-im-auslandssemester-lisa-in-madrid\/\" \/>\n<meta property=\"og:locale\" content=\"de_DE\" \/>\n<meta property=\"og:type\" content=\"article\" \/>\n<meta property=\"og:title\" content=\"Im Portrait: Studierende im Auslandssemester \u2013 Lisa in Madrid - Business Psychology\" \/>\n<meta property=\"og:description\" content=\"Lisa B\u00fccher befindet sich derzeit in Madrid im Auslandssemester und berichtet im Interview von ihren Erfahrungen.\" \/>\n<meta property=\"og:url\" content=\"https:\/\/hub.hslu.ch\/business-psychology\/im-portrait-studierende-im-auslandssemester-lisa-in-madrid\/\" \/>\n<meta property=\"og:site_name\" content=\"Business Psychology\" \/>\n<meta property=\"article:published_time\" content=\"2024-11-27T15:35:16+00:00\" \/>\n<meta property=\"article:modified_time\" content=\"2024-11-27T15:38:43+00:00\" \/>\n<meta property=\"og:image\" content=\"https:\/\/hub.hslu.ch\/business-psychology\/wp-content\/uploads\/sites\/21\/2024\/11\/pexels-alexazabache-3757144.jpg\" \/>\n\t<meta property=\"og:image:width\" content=\"2048\" \/>\n\t<meta property=\"og:image:height\" content=\"1365\" \/>\n\t<meta property=\"og:image:type\" content=\"image\/jpeg\" \/>\n<meta name=\"author\" content=\"rabeaheinzmann\" \/>\n<meta name=\"twitter:card\" content=\"summary_large_image\" \/>\n<meta name=\"twitter:label1\" content=\"Geschrieben von\" \/>\n\t<meta name=\"twitter:data1\" content=\"rabeaheinzmann\" \/>\n\t<meta name=\"twitter:label2\" content=\"Gesch\u00e4tzte Lesezeit\" \/>\n\t<meta name=\"twitter:data2\" content=\"5\u00a0Minuten\" \/>\n<script type=\"application\/ld+json\" class=\"yoast-schema-graph\">{\"@context\":\"https:\\\/\\\/schema.org\",\"@graph\":[{\"@type\":\"Article\",\"@id\":\"https:\\\/\\\/hub.hslu.ch\\\/business-psychology\\\/im-portrait-studierende-im-auslandssemester-lisa-in-madrid\\\/#article\",\"isPartOf\":{\"@id\":\"https:\\\/\\\/hub.hslu.ch\\\/business-psychology\\\/im-portrait-studierende-im-auslandssemester-lisa-in-madrid\\\/\"},\"author\":{\"name\":\"rabeaheinzmann\",\"@id\":\"https:\\\/\\\/hub.hslu.ch\\\/business-psychology\\\/#\\\/schema\\\/person\\\/712ffc0c5e2dea4393f219b4fcb88cd2\"},\"headline\":\"Im Portrait: Studierende im Auslandssemester \u2013 Lisa in Madrid\",\"datePublished\":\"2024-11-27T15:35:16+00:00\",\"dateModified\":\"2024-11-27T15:38:43+00:00\",\"mainEntityOfPage\":{\"@id\":\"https:\\\/\\\/hub.hslu.ch\\\/business-psychology\\\/im-portrait-studierende-im-auslandssemester-lisa-in-madrid\\\/\"},\"wordCount\":616,\"commentCount\":0,\"image\":{\"@id\":\"https:\\\/\\\/hub.hslu.ch\\\/business-psychology\\\/im-portrait-studierende-im-auslandssemester-lisa-in-madrid\\\/#primaryimage\"},\"thumbnailUrl\":\"https:\\\/\\\/hub.hslu.ch\\\/business-psychology\\\/wp-content\\\/uploads\\\/sites\\\/21\\\/2024\\\/11\\\/pexels-alexazabache-3757144.jpg\",\"keywords\":[\"Auslandssemester\",\"Business Psychology\",\"Erasmus\",\"Im Portrait\",\"Madrid\",\"Semester abroad\"],\"articleSection\":[\"Im Portrait\"],\"inLanguage\":\"de-CH\",\"potentialAction\":[{\"@type\":\"CommentAction\",\"name\":\"Comment\",\"target\":[\"https:\\\/\\\/hub.hslu.ch\\\/business-psychology\\\/im-portrait-studierende-im-auslandssemester-lisa-in-madrid\\\/#respond\"]}]},{\"@type\":\"WebPage\",\"@id\":\"https:\\\/\\\/hub.hslu.ch\\\/business-psychology\\\/im-portrait-studierende-im-auslandssemester-lisa-in-madrid\\\/\",\"url\":\"https:\\\/\\\/hub.hslu.ch\\\/business-psychology\\\/im-portrait-studierende-im-auslandssemester-lisa-in-madrid\\\/\",\"name\":\"Im Portrait: Studierende im Auslandssemester \u2013 Lisa in Madrid - Business Psychology\",\"isPartOf\":{\"@id\":\"https:\\\/\\\/hub.hslu.ch\\\/business-psychology\\\/#website\"},\"primaryImageOfPage\":{\"@id\":\"https:\\\/\\\/hub.hslu.ch\\\/business-psychology\\\/im-portrait-studierende-im-auslandssemester-lisa-in-madrid\\\/#primaryimage\"},\"image\":{\"@id\":\"https:\\\/\\\/hub.hslu.ch\\\/business-psychology\\\/im-portrait-studierende-im-auslandssemester-lisa-in-madrid\\\/#primaryimage\"},\"thumbnailUrl\":\"https:\\\/\\\/hub.hslu.ch\\\/business-psychology\\\/wp-content\\\/uploads\\\/sites\\\/21\\\/2024\\\/11\\\/pexels-alexazabache-3757144.jpg\",\"datePublished\":\"2024-11-27T15:35:16+00:00\",\"dateModified\":\"2024-11-27T15:38:43+00:00\",\"author\":{\"@id\":\"https:\\\/\\\/hub.hslu.ch\\\/business-psychology\\\/#\\\/schema\\\/person\\\/712ffc0c5e2dea4393f219b4fcb88cd2\"},\"breadcrumb\":{\"@id\":\"https:\\\/\\\/hub.hslu.ch\\\/business-psychology\\\/im-portrait-studierende-im-auslandssemester-lisa-in-madrid\\\/#breadcrumb\"},\"inLanguage\":\"de-CH\",\"potentialAction\":[{\"@type\":\"ReadAction\",\"target\":[\"https:\\\/\\\/hub.hslu.ch\\\/business-psychology\\\/im-portrait-studierende-im-auslandssemester-lisa-in-madrid\\\/\"]}]},{\"@type\":\"ImageObject\",\"inLanguage\":\"de-CH\",\"@id\":\"https:\\\/\\\/hub.hslu.ch\\\/business-psychology\\\/im-portrait-studierende-im-auslandssemester-lisa-in-madrid\\\/#primaryimage\",\"url\":\"https:\\\/\\\/hub.hslu.ch\\\/business-psychology\\\/wp-content\\\/uploads\\\/sites\\\/21\\\/2024\\\/11\\\/pexels-alexazabache-3757144.jpg\",\"contentUrl\":\"https:\\\/\\\/hub.hslu.ch\\\/business-psychology\\\/wp-content\\\/uploads\\\/sites\\\/21\\\/2024\\\/11\\\/pexels-alexazabache-3757144.jpg\",\"width\":2048,\"height\":1365},{\"@type\":\"BreadcrumbList\",\"@id\":\"https:\\\/\\\/hub.hslu.ch\\\/business-psychology\\\/im-portrait-studierende-im-auslandssemester-lisa-in-madrid\\\/#breadcrumb\",\"itemListElement\":[{\"@type\":\"ListItem\",\"position\":1,\"name\":\"Home\",\"item\":\"https:\\\/\\\/hub.hslu.ch\\\/business-psychology\\\/\"},{\"@type\":\"ListItem\",\"position\":2,\"name\":\"Im Portrait: Studierende im Auslandssemester \u2013 Lisa in Madrid\"}]},{\"@type\":\"WebSite\",\"@id\":\"https:\\\/\\\/hub.hslu.ch\\\/business-psychology\\\/#website\",\"url\":\"https:\\\/\\\/hub.hslu.ch\\\/business-psychology\\\/\",\"name\":\"Business Psychology\",\"description\":\"Wirtschaftspsychologie an der Hochschule Luzern\",\"potentialAction\":[{\"@type\":\"SearchAction\",\"target\":{\"@type\":\"EntryPoint\",\"urlTemplate\":\"https:\\\/\\\/hub.hslu.ch\\\/business-psychology\\\/?s={search_term_string}\"},\"query-input\":{\"@type\":\"PropertyValueSpecification\",\"valueRequired\":true,\"valueName\":\"search_term_string\"}}],\"inLanguage\":\"de-CH\"},{\"@type\":\"Person\",\"@id\":\"https:\\\/\\\/hub.hslu.ch\\\/business-psychology\\\/#\\\/schema\\\/person\\\/712ffc0c5e2dea4393f219b4fcb88cd2\",\"name\":\"rabeaheinzmann\"}]}<\/script>\n<!-- \/ Yoast SEO plugin. -->","yoast_head_json":{"title":"Im Portrait: Studierende im Auslandssemester \u2013 Lisa in Madrid - Business Psychology","robots":{"index":"index","follow":"follow","max-snippet":"max-snippet:-1","max-image-preview":"max-image-preview:large","max-video-preview":"max-video-preview:-1"},"canonical":"https:\/\/hub.hslu.ch\/business-psychology\/im-portrait-studierende-im-auslandssemester-lisa-in-madrid\/","og_locale":"de_DE","og_type":"article","og_title":"Im Portrait: Studierende im Auslandssemester \u2013 Lisa in Madrid - Business Psychology","og_description":"Lisa B\u00fccher befindet sich derzeit in Madrid im Auslandssemester und berichtet im Interview von ihren Erfahrungen.","og_url":"https:\/\/hub.hslu.ch\/business-psychology\/im-portrait-studierende-im-auslandssemester-lisa-in-madrid\/","og_site_name":"Business Psychology","article_published_time":"2024-11-27T15:35:16+00:00","article_modified_time":"2024-11-27T15:38:43+00:00","og_image":[{"width":2048,"height":1365,"url":"https:\/\/hub.hslu.ch\/business-psychology\/wp-content\/uploads\/sites\/21\/2024\/11\/pexels-alexazabache-3757144.jpg","type":"image\/jpeg"}],"author":"rabeaheinzmann","twitter_card":"summary_large_image","twitter_misc":{"Geschrieben von":"rabeaheinzmann","Gesch\u00e4tzte Lesezeit":"5\u00a0Minuten"},"schema":{"@context":"https:\/\/schema.org","@graph":[{"@type":"Article","@id":"https:\/\/hub.hslu.ch\/business-psychology\/im-portrait-studierende-im-auslandssemester-lisa-in-madrid\/#article","isPartOf":{"@id":"https:\/\/hub.hslu.ch\/business-psychology\/im-portrait-studierende-im-auslandssemester-lisa-in-madrid\/"},"author":{"name":"rabeaheinzmann","@id":"https:\/\/hub.hslu.ch\/business-psychology\/#\/schema\/person\/712ffc0c5e2dea4393f219b4fcb88cd2"},"headline":"Im Portrait: Studierende im Auslandssemester \u2013 Lisa in Madrid","datePublished":"2024-11-27T15:35:16+00:00","dateModified":"2024-11-27T15:38:43+00:00","mainEntityOfPage":{"@id":"https:\/\/hub.hslu.ch\/business-psychology\/im-portrait-studierende-im-auslandssemester-lisa-in-madrid\/"},"wordCount":616,"commentCount":0,"image":{"@id":"https:\/\/hub.hslu.ch\/business-psychology\/im-portrait-studierende-im-auslandssemester-lisa-in-madrid\/#primaryimage"},"thumbnailUrl":"https:\/\/hub.hslu.ch\/business-psychology\/wp-content\/uploads\/sites\/21\/2024\/11\/pexels-alexazabache-3757144.jpg","keywords":["Auslandssemester","Business Psychology","Erasmus","Im Portrait","Madrid","Semester abroad"],"articleSection":["Im Portrait"],"inLanguage":"de-CH","potentialAction":[{"@type":"CommentAction","name":"Comment","target":["https:\/\/hub.hslu.ch\/business-psychology\/im-portrait-studierende-im-auslandssemester-lisa-in-madrid\/#respond"]}]},{"@type":"WebPage","@id":"https:\/\/hub.hslu.ch\/business-psychology\/im-portrait-studierende-im-auslandssemester-lisa-in-madrid\/","url":"https:\/\/hub.hslu.ch\/business-psychology\/im-portrait-studierende-im-auslandssemester-lisa-in-madrid\/","name":"Im Portrait: Studierende im Auslandssemester \u2013 Lisa in Madrid - Business Psychology","isPartOf":{"@id":"https:\/\/hub.hslu.ch\/business-psychology\/#website"},"primaryImageOfPage":{"@id":"https:\/\/hub.hslu.ch\/business-psychology\/im-portrait-studierende-im-auslandssemester-lisa-in-madrid\/#primaryimage"},"image":{"@id":"https:\/\/hub.hslu.ch\/business-psychology\/im-portrait-studierende-im-auslandssemester-lisa-in-madrid\/#primaryimage"},"thumbnailUrl":"https:\/\/hub.hslu.ch\/business-psychology\/wp-content\/uploads\/sites\/21\/2024\/11\/pexels-alexazabache-3757144.jpg","datePublished":"2024-11-27T15:35:16+00:00","dateModified":"2024-11-27T15:38:43+00:00","author":{"@id":"https:\/\/hub.hslu.ch\/business-psychology\/#\/schema\/person\/712ffc0c5e2dea4393f219b4fcb88cd2"},"breadcrumb":{"@id":"https:\/\/hub.hslu.ch\/business-psychology\/im-portrait-studierende-im-auslandssemester-lisa-in-madrid\/#breadcrumb"},"inLanguage":"de-CH","potentialAction":[{"@type":"ReadAction","target":["https:\/\/hub.hslu.ch\/business-psychology\/im-portrait-studierende-im-auslandssemester-lisa-in-madrid\/"]}]},{"@type":"ImageObject","inLanguage":"de-CH","@id":"https:\/\/hub.hslu.ch\/business-psychology\/im-portrait-studierende-im-auslandssemester-lisa-in-madrid\/#primaryimage","url":"https:\/\/hub.hslu.ch\/business-psychology\/wp-content\/uploads\/sites\/21\/2024\/11\/pexels-alexazabache-3757144.jpg","contentUrl":"https:\/\/hub.hslu.ch\/business-psychology\/wp-content\/uploads\/sites\/21\/2024\/11\/pexels-alexazabache-3757144.jpg","width":2048,"height":1365},{"@type":"BreadcrumbList","@id":"https:\/\/hub.hslu.ch\/business-psychology\/im-portrait-studierende-im-auslandssemester-lisa-in-madrid\/#breadcrumb","itemListElement":[{"@type":"ListItem","position":1,"name":"Home","item":"https:\/\/hub.hslu.ch\/business-psychology\/"},{"@type":"ListItem","position":2,"name":"Im Portrait: Studierende im Auslandssemester \u2013 Lisa in Madrid"}]},{"@type":"WebSite","@id":"https:\/\/hub.hslu.ch\/business-psychology\/#website","url":"https:\/\/hub.hslu.ch\/business-psychology\/","name":"Business Psychology","description":"Wirtschaftspsychologie an der Hochschule Luzern","potentialAction":[{"@type":"SearchAction","target":{"@type":"EntryPoint","urlTemplate":"https:\/\/hub.hslu.ch\/business-psychology\/?s={search_term_string}"},"query-input":{"@type":"PropertyValueSpecification","valueRequired":true,"valueName":"search_term_string"}}],"inLanguage":"de-CH"},{"@type":"Person","@id":"https:\/\/hub.hslu.ch\/business-psychology\/#\/schema\/person\/712ffc0c5e2dea4393f219b4fcb88cd2","name":"rabeaheinzmann"}]}},"featured_image_src":"https:\/\/hub.hslu.ch\/business-psychology\/wp-content\/uploads\/sites\/21\/2024\/11\/pexels-alexazabache-3757144.jpg","featured_image_src_square":"https:\/\/hub.hslu.ch\/business-psychology\/wp-content\/uploads\/sites\/21\/2024\/11\/pexels-alexazabache-3757144.jpg","author_info":{"display_name":"rabeaheinzmann","author_link":"https:\/\/hub.hslu.ch\/business-psychology\/author\/rabeaheinzmann\/"},"_links":{"self":[{"href":"https:\/\/hub.hslu.ch\/business-psychology\/wp-json\/wp\/v2\/posts\/3995","targetHints":{"allow":["GET"]}}],"collection":[{"href":"https:\/\/hub.hslu.ch\/business-psychology\/wp-json\/wp\/v2\/posts"}],"about":[{"href":"https:\/\/hub.hslu.ch\/business-psychology\/wp-json\/wp\/v2\/types\/post"}],"author":[{"embeddable":true,"href":"https:\/\/hub.hslu.ch\/business-psychology\/wp-json\/wp\/v2\/users\/250"}],"replies":[{"embeddable":true,"href":"https:\/\/hub.hslu.ch\/business-psychology\/wp-json\/wp\/v2\/comments?post=3995"}],"version-history":[{"count":12,"href":"https:\/\/hub.hslu.ch\/business-psychology\/wp-json\/wp\/v2\/posts\/3995\/revisions"}],"predecessor-version":[{"id":4020,"href":"https:\/\/hub.hslu.ch\/business-psychology\/wp-json\/wp\/v2\/posts\/3995\/revisions\/4020"}],"wp:featuredmedia":[{"embeddable":true,"href":"https:\/\/hub.hslu.ch\/business-psychology\/wp-json\/wp\/v2\/media\/4011"}],"wp:attachment":[{"href":"https:\/\/hub.hslu.ch\/business-psychology\/wp-json\/wp\/v2\/media?parent=3995"}],"wp:term":[{"taxonomy":"category","embeddable":true,"href":"https:\/\/hub.hslu.ch\/business-psychology\/wp-json\/wp\/v2\/categories?post=3995"},{"taxonomy":"post_tag","embeddable":true,"href":"https:\/\/hub.hslu.ch\/business-psychology\/wp-json\/wp\/v2\/tags?post=3995"}],"curies":[{"name":"wp","href":"https:\/\/api.w.org\/{rel}","templated":true}]}}