{"id":384,"date":"2020-11-23T05:00:31","date_gmt":"2020-11-23T05:00:31","guid":{"rendered":"https:\/\/hub.hslu.ch\/economiccrime\/2020\/11\/23\/corona-kreditbetr%c3%bcger-auch-gemeinden-unterwegs\/"},"modified":"2026-02-11T14:53:27","modified_gmt":"2026-02-11T13:53:27","slug":"corona-kreditbetrueger-auch-gemeinden-unterwegs","status":"publish","type":"post","link":"https:\/\/hub.hslu.ch\/economiccrime\/corona-kreditbetrueger-auch-gemeinden-unterwegs\/","title":{"rendered":"\u00abCorona-Kreditbetr\u00fcger\u00bb &#8211; auch in Gemeinden unterwegs?"},"content":{"rendered":"\n<p>Von <a href=\"http:\/\/www.linkedin.com\/in\/margrit-keller-a6327914\" target=\"_blank\" rel=\"noreferrer noopener\">Margrit Keller<\/a><\/p>\n\n\n\n\n\n<p>Im M\u00e4rz 2020 hat der Bundesrat zur Bew\u00e4ltigung der wirtschaftlichen Folgen der Pandemie ein umfassendes Massnahmenpaket beschlossen. Zu grosser, medialer Bekanntheit haben es die Liquidit\u00e4tshilfen f\u00fcr KMU, die \u00abCorona-Kredite\u00bb gebracht: 40 Milliarden Schweizer Franken f\u00fcr die Absicherung von zinsfreien Krediten. Diese Kredite konnten mit dem Standard Kreditantragsformular des Bundes per Mail oder Brief bei der Bank beantragt werden. Die Auszahlung erfolgte sofort und ohne n\u00e4here Pr\u00fcfung. Insgesamt haben die Banken <a href=\"https:\/\/covid19.easygov.swiss\/#anchor-1\" target=\"_blank\" rel=\"noreferrer noopener\">136&#8217;596 Kredite von 16\u2019908,2 Millionen Schweizer Franken ausbezahlt<\/a> (Stand 18. November 2020). Aktuell sind gem\u00e4ss dem <a href=\"https:\/\/covid19.easygov.swiss\/#anchor-3\" target=\"_blank\" rel=\"noreferrer noopener\">eidg. Departement f\u00fcr Wirtschaft, Bildung und Forschung und dem eidg. Finanzdepartement<\/a> 4&#8217;465 Missbrauchsf\u00e4lle in Abkl\u00e4rung und bei 242 F\u00e4llen mit einer Deliktsumme von 37&#8217;494&#8217;486 Schweizer Franken wurde ein Verfahren eingeleitet (Stand 18. November 2020). <a href=\"https:\/\/www.fedpol.admin.ch\/fedpol\/de\/home\/kriminalitaet\/geldwaescherei\/ueberbrueckungskredite.html\" target=\"_blank\" rel=\"noreferrer noopener\">Die Statistik der Meldestelle f\u00fcr Geldw\u00e4scherei MROS<\/a> weist 633 an die Strafverfolgungsbeh\u00f6rden erstatte&nbsp;Anzeigen gem\u00e4ss Artikel 23 Absatz 4 Geldw\u00e4schereigesetz aus (Stand 29. Oktober 2020).<\/p>\n\n\n\n<p><strong>Kreditvergaben der Stadt Dietikon<\/strong><\/p>\n\n\n\n<p>Erg\u00e4nzend dazu hat der <a href=\"https:\/\/www.dietikon.ch\/dietikonheuteundmorgen\/heute\/aktuelles\/pressemitteilungen\/900473\" target=\"_blank\" rel=\"noreferrer noopener\">Stadtrat von Dietikon<\/a> Ende M\u00e4rz 2020 einen <a href=\"https:\/\/www.limmattalerzeitung.ch\/limmattal\/eine-million-furs-dietiker-gewerbe-stadtrat-vergibt-corona-kredite-ld.1209159?nativeApp=false\" target=\"_blank\" rel=\"noreferrer noopener\">Kredit von 1 Million Schweizer<\/a> Franken als Soforthilfe f\u00fcr Kleinstunternehmen und Selbst\u00e4ndigerwerbende beschlossen. Diese Massnahme war ein Teil\u00a0 des <a href=\"https:\/\/www.zh.ch\/de\/news-uebersicht\/medienmitteilungen\/2020\/03\/regierungsrat-schnuert-corona-paket.html\" target=\"_blank\" rel=\"noreferrer noopener\">Corona-Paketes des Kantons Z\u00fcrich<\/a>, das den Gemeinden zur Umsetzung \u00fcbertragen wurde. Mit der Vergabe von zinsfreien, kurzfristigen und r\u00fcckzahlbaren Darlehen sollte vermieden werden, dass zeitliche Verz\u00f6gerungen bis zur Auszahlung der vom Bund und Kanton zugesagten Finanzhilfen, wie zum Beispiel die Kurzarbeits- und Erwerbsausfallentsch\u00e4digung, zu existenzbedrohenden Situationen f\u00fchren und die Betroffenen dadurch in die Sozialhilfe abgleiten. Der Kantonsbeitrag pro Einwohnerin und Einwohner betrug 10 Franken. Die Stadt Dietikon hat rund 277&#8217;000 Schweizer Franken erhalten, der \u00abRest\u00bb sollte aus eigenen Mitteln finanziert werden.<\/p>\n\n\n\n<p>Die Grundlagen und Instrumente zur Umsetzung, wie zum Beispiel das Gesuchsformular oder der Darlehensvertrag, wurden gemeinde\u00fcbergreifend \u00fcber den Gemeindepr\u00e4sidentenverband des Kantons Z\u00fcrich koordiniert. Die konkrete Ausgestaltung der Prozesse und der Auszahlungsmodalit\u00e4ten erfolgte jedoch individuell durch die einzelnen Gemeinden. In der Stadt Dietikon hat die Sozialabteilung die Darlehensantr\u00e4ge gepr\u00fcft und der Sozialvorstand hat diese zur Auszahlung durch die Finanzabteilung freigegeben. \u00dcber eine Laufzeit von drei Monaten hinweg wurden 19 Darlehen gew\u00e4hrt und rund 80\u2019000 Schweizer Franken ausbezahlt.<\/p>\n\n\n\n<p><strong>Bereicherung durch \u00abCorona-Kreditbetr\u00fcger\u00bb?<\/strong><\/p>\n\n\n\n<p>Angesichts der sich fast \u00fcberschlagenden Meldungen \u00fcber \u00abCorona-Kreditbetr\u00fcger\u00bb in den Print- und Onlinemedien, wie zum Beispiel in der <a href=\"https:\/\/www.nzz.ch\/zuerich\/coronakredite-das-sind-die-maschen-der-betrueger-ld.1566641\" target=\"_blank\" rel=\"noreferrer noopener\">NZZ vom 16. Juli 2020<\/a>, auf <a href=\"https:\/\/www.finews.ch\/news\/banken\/41455-corona-notkredite-missbrauch-geldwaescherei-banken-alix-partners-capco\" target=\"_blank\" rel=\"noreferrer noopener\">finews.ch am 25. Juni 2020<\/a> und <a href=\"https:\/\/www.finews.ch\/news\/banken\/41946-corona-kredit-missbrauch-betrug-mros\" target=\"_blank\" rel=\"noreferrer noopener\">2. Juli 2020<\/a>, habe ich mich gefragt, ob allenfalls auch in Dietikon \u00abCorona-Kreditbetr\u00fcger\u00bb unterwegs waren und zumindest versucht haben, sich ungerechtfertigt \u00abzu bedienen\u00bb. Allerdings d\u00fcrfte die Wahrscheinlichkeit eher tief sein, wenn man die Anzahl und die Schadenssumme bei den Corona-Krediten des Bundes in Prozentwerten und nicht in absoluten Zahlen betrachtet.<\/p>\n\n\n\n<p>R\u00fcckblickend gab es auch in Dietikon einzelne Gesuchsteller, die kurz vorher gr\u00f6ssere Summen f\u00fcr Kinderwunschkliniken, Autos, Ferien, Hochzeiten und weiteres ausgegeben hatten und auch Gesuche, die sich bei kritischer Pr\u00fcfung als falsch herausstellten. Weiter war es in Einzelf\u00e4llen, wie zum Beispiel bei Taxifahrern sehr schwierig, die Eink\u00fcnfte richtig zu berechnen, da auf eine Plausibilisierung der Fahrtenschreiber verzichtet wurde. Die Dossiers wurden relativ kritisch gepr\u00fcft und die Gesuchsteller mussten auch sehr detaillierte Unterlagen einreichen. Grunds\u00e4tzlich kann eine gewisse Dunkelziffer nicht mit absoluter Sicherheit ausgeschlossen werden. Allerdings w\u00e4re eine allf\u00e4llige Schadenssumme marginal, da die jeweils ausbezahlten Betr\u00e4ge eher tief waren.<\/p>\n\n\n\n<p>\u00dcberraschend war f\u00fcr mich, dass nach der Berichterstattung in der <a href=\"https:\/\/www.limmattalerzeitung.ch\/limmattal\/eine-million-fuers-dietiker-gewerbe-stadtrat-vergibt-corona-kredite-137572879\" target=\"_blank\" rel=\"noreferrer noopener\">Limmattalerzeitung vom 1. April 2020<\/a> ein Ansturm auf die Kredite ausgeblieben ist und offensichtlich auch keine Personen mit unlauteren Absichten angelockt wurden.<\/p>\n\n\n\n<p>Die genauen Gr\u00fcnde werden sich wohl nie herausfinden lassen. Meine Vermutung ist allerdings, dass die Ansiedelung der Darlehenspr\u00fcfung und -vergabe bei der Sozialabteilung in der Wohngemeinde vor allem in psychologischer Hinsicht eine gewisse Hemmschwelle dargestellt hat, \u00fcberhaupt pers\u00f6nlich hinzugehen und Anspr\u00fcche geltend zu machen. Im Vergleich dazu ist es wesentlich einfacher &#8211; und damit auch f\u00fcr potentielle Betr\u00fcger erfolgsversprechender &#8211;&nbsp; einen COVID-19-Kredit gem\u00e4ss dem <a href=\"https:\/\/www.efd.admin.ch\/efd\/de\/home\/covid19-ueberbrueckungshilfe\/schema-covid19-kredit.html\" target=\"_blank\" rel=\"noreferrer noopener\">Schema des eidg. Finanzdepartements <\/a>weitestgehend anonym bei der Bank zu beantragen und diesen ohne Vorabpr\u00fcfung ausbezahlt zu erhalten. Hinzu kommt, dass die Wohngemeinde die in den Kreditantr\u00e4gen gemachten Angaben dank der darin integrierten Datenschutz-Entbindungserkl\u00e4rung innerhalb k\u00fcrzester Zeit \u00fcberpr\u00fcfen kann.<\/p>\n\n\n\n<p><strong>Fazit<\/strong><\/p>\n\n\n\n<p>In der pr\u00e4ventiven Abwehr von \u00abCorona-Kreditbetr\u00fcgern\u00bb waren die Gemeinden gegen\u00fcber dem Bund dank der N\u00e4he zu den Antragstellern und den effizienten und effektiven Kontrollinstrumenten ganz klar im Vorteil, ohne dabei unn\u00f6tige b\u00fcrokratische Hindernisse aufzubauen.<\/p>\n\n\n\t\t<div class=\"detail__member\">\n\t\t<h1 class=\"detail__member--title\">Autorin: Margrit Keller<\/h1>\n\t\t<figure class=\"detail__member--img\">\n\t\t\t\t\t\t<!-- <img loading=\"lazy\" decoding=\"async\" width=\"407\" height=\"544\" src=\"https:\/\/hub.hslu.ch\/economiccrime\/wp-content\/uploads\/sites\/11\/2022\/07\/MArgrit-Keller.jpg\" class=\"attachment-normal size-normal\" alt=\"\" srcset=\"https:\/\/hub.hslu.ch\/economiccrime\/wp-content\/uploads\/sites\/11\/2022\/07\/MArgrit-Keller.jpg 407w, https:\/\/hub.hslu.ch\/economiccrime\/wp-content\/uploads\/sites\/11\/2022\/07\/MArgrit-Keller-224x300.jpg 224w, https:\/\/hub.hslu.ch\/economiccrime\/wp-content\/uploads\/sites\/11\/2022\/07\/MArgrit-Keller-390x520.jpg 390w\" sizes=\"auto, (max-width: 407px) 100vw, 407px\" \/> -->\n\t\t\t<img decoding=\"async\" src=\"https:\/\/hub.hslu.ch\/economiccrime\/wp-content\/uploads\/sites\/11\/2022\/07\/MArgrit-Keller.jpg\" alt=\"\">\n\t\t<\/figure>\n\t\t<div class=\"detail__member--content\">\n\t\t\t<div class=\"detail__member--content--description\">\n\t\t\t\t<a href=\"https:\/\/www.linkedin.com\/authwall?trk=bf&amp;trkInfo=AQHVvehAqZsXzwAAAYI_0bA4_WXp034LRdR3P38OoJt2_Wr9gV1Gfmxgmspb08Xm0mbQ3c92chcsnkVTAw-iRQI4KXHUz7GhAYF_VKxyXWfp55cQ8NaFW80ZlFj65PjYD2tZqrw=&amp;original_referer=&amp;sessionRedirect=https%3A%2F%2Fwww.linkedin.com%2Fin%2Fmargrit-keller-a6327914\" target=\"_blank\">Margrit Keller<\/a>, <a href=\"https:\/\/www.hslu.ch\/de-ch\/wirtschaft\/weiterbildung\/mas\/ifz\/economic-crime-investigation\/\" target=\"_blank\">MAS Economic Crime Investigation<\/a>, EMBA und MAS Controlling, arbeitet seit \u00fcber f\u00fcnfzehn Jahren in leitender Position in unterschiedlichen Funktionen im Finanzbereich der \u00f6ffentlichen Verwaltung. Seit Anfang M\u00e4rz 2019 leitet sie die Finanzabteilung der Stadt Dietikon.\r\n\r\n\t\t\t<\/div>\n\t\t\t\n\t\t\t\n\t\t<\/div>\n\t<\/div>\n","protected":false},"excerpt":{"rendered":"<p>\u00abEine Million f\u00fcrs Dietiker Gewerbe: Stadtrat vergibt Corona-Kredite\u00bb so lautete die Schlagzeile der Limmattalerzeitung am 1. April 2020. Eine Aufforderung f\u00fcr die mittlerweile landesweit \u00abber\u00fchmt\u00bb gewordenen \u00abCorona-Kreditbetr\u00fcger\u00bb, sich auch hier noch zu bedienen? <\/p>\n","protected":false},"author":111,"featured_media":1115,"comment_status":"open","ping_status":"open","sticky":false,"template":"","format":"standard","meta":{"_acf_changed":false,"inline_featured_image":false,"_relevanssi_hide_post":"","_relevanssi_hide_content":"","_relevanssi_pin_for_all":"","_relevanssi_pin_keywords":"","_relevanssi_unpin_keywords":"","_relevanssi_related_keywords":"","_relevanssi_related_include_ids":"","_relevanssi_related_exclude_ids":"","_relevanssi_related_no_append":"","_relevanssi_related_not_related":"","_relevanssi_related_posts":"6065,6028,6017,5987,5956,5911","_relevanssi_noindex_reason":"","footnotes":"","_links_to":"","_links_to_target":""},"categories":[12],"tags":[507,525,164,526,527,528,529],"class_list":["post-384","post","type-post","status-publish","format-standard","has-post-thumbnail","hentry","category-wirtschaftskriminalistik","tag-corona-kredite","tag-corona-kreditbetrueger","tag-datenschutz","tag-kreditantraegen","tag-kredite","tag-kreditpruefung","tag-pandemie"],"acf":[],"yoast_head":"<!-- This site is optimized with the Yoast SEO plugin v27.5 - https:\/\/yoast.com\/product\/yoast-seo-wordpress\/ -->\n<title>\u00abCorona-Kreditbetr\u00fcger\u00bb - auch in Gemeinden unterwegs? - Economic Crime Blog<\/title>\n<meta name=\"robots\" content=\"index, follow, max-snippet:-1, max-image-preview:large, max-video-preview:-1\" \/>\n<link rel=\"canonical\" href=\"https:\/\/hub.hslu.ch\/economiccrime\/corona-kreditbetrueger-auch-gemeinden-unterwegs\/\" \/>\n<meta property=\"og:locale\" content=\"de_DE\" \/>\n<meta property=\"og:type\" content=\"article\" \/>\n<meta property=\"og:title\" content=\"\u00abCorona-Kreditbetr\u00fcger\u00bb - auch in Gemeinden unterwegs? - Economic Crime Blog\" \/>\n<meta property=\"og:description\" content=\"\u00abEine Million f\u00fcrs Dietiker Gewerbe: Stadtrat vergibt Corona-Kredite\u00bb so lautete die Schlagzeile der Limmattalerzeitung am 1. April 2020. Eine Aufforderung f\u00fcr die mittlerweile landesweit \u00abber\u00fchmt\u00bb gewordenen \u00abCorona-Kreditbetr\u00fcger\u00bb, sich auch hier noch zu bedienen?\" \/>\n<meta property=\"og:url\" content=\"https:\/\/hub.hslu.ch\/economiccrime\/corona-kreditbetrueger-auch-gemeinden-unterwegs\/\" \/>\n<meta property=\"og:site_name\" content=\"Economic Crime Blog\" \/>\n<meta property=\"article:published_time\" content=\"2020-11-23T05:00:31+00:00\" \/>\n<meta property=\"article:modified_time\" content=\"2026-02-11T13:53:27+00:00\" \/>\n<meta property=\"og:image\" content=\"https:\/\/hub.hslu.ch\/economiccrime\/wp-content\/uploads\/sites\/11\/2020\/11\/Titelbild-702x336-1.jpeg\" \/>\n\t<meta property=\"og:image:width\" content=\"702\" \/>\n\t<meta property=\"og:image:height\" content=\"336\" \/>\n\t<meta property=\"og:image:type\" content=\"image\/jpeg\" \/>\n<meta name=\"author\" content=\"webkinder\" \/>\n<meta name=\"twitter:card\" content=\"summary_large_image\" \/>\n<meta name=\"twitter:label1\" content=\"Geschrieben von\" \/>\n\t<meta name=\"twitter:data1\" content=\"webkinder\" \/>\n\t<meta name=\"twitter:label2\" content=\"Gesch\u00e4tzte Lesezeit\" \/>\n\t<meta name=\"twitter:data2\" content=\"5\u00a0Minuten\" \/>\n<script type=\"application\/ld+json\" class=\"yoast-schema-graph\">{\"@context\":\"https:\\\/\\\/schema.org\",\"@graph\":[{\"@type\":\"Article\",\"@id\":\"https:\\\/\\\/hub.hslu.ch\\\/economiccrime\\\/corona-kreditbetrueger-auch-gemeinden-unterwegs\\\/#article\",\"isPartOf\":{\"@id\":\"https:\\\/\\\/hub.hslu.ch\\\/economiccrime\\\/corona-kreditbetrueger-auch-gemeinden-unterwegs\\\/\"},\"author\":{\"name\":\"webkinder\",\"@id\":\"https:\\\/\\\/hub.hslu.ch\\\/economiccrime\\\/#\\\/schema\\\/person\\\/2fbc41f8eff3a89d0755cce0ed9a2542\"},\"headline\":\"\u00abCorona-Kreditbetr\u00fcger\u00bb &#8211; auch in Gemeinden unterwegs?\",\"datePublished\":\"2020-11-23T05:00:31+00:00\",\"dateModified\":\"2026-02-11T13:53:27+00:00\",\"mainEntityOfPage\":{\"@id\":\"https:\\\/\\\/hub.hslu.ch\\\/economiccrime\\\/corona-kreditbetrueger-auch-gemeinden-unterwegs\\\/\"},\"wordCount\":738,\"commentCount\":0,\"image\":{\"@id\":\"https:\\\/\\\/hub.hslu.ch\\\/economiccrime\\\/corona-kreditbetrueger-auch-gemeinden-unterwegs\\\/#primaryimage\"},\"thumbnailUrl\":\"https:\\\/\\\/hub.hslu.ch\\\/economiccrime\\\/wp-content\\\/uploads\\\/sites\\\/11\\\/2020\\\/11\\\/Titelbild-702x336-1.jpeg\",\"keywords\":[\"Corona Kredite\",\"Corona-Kreditbetr\u00fcger\",\"Datenschutz\",\"Kreditantr\u00e4gen\",\"Kredite\",\"Kreditpr\u00fcfung\",\"Pandemie\"],\"articleSection\":[\"Wirtschaftskriminalistik\"],\"inLanguage\":\"de-CH\",\"potentialAction\":[{\"@type\":\"CommentAction\",\"name\":\"Comment\",\"target\":[\"https:\\\/\\\/hub.hslu.ch\\\/economiccrime\\\/corona-kreditbetrueger-auch-gemeinden-unterwegs\\\/#respond\"]}]},{\"@type\":\"WebPage\",\"@id\":\"https:\\\/\\\/hub.hslu.ch\\\/economiccrime\\\/corona-kreditbetrueger-auch-gemeinden-unterwegs\\\/\",\"url\":\"https:\\\/\\\/hub.hslu.ch\\\/economiccrime\\\/corona-kreditbetrueger-auch-gemeinden-unterwegs\\\/\",\"name\":\"\u00abCorona-Kreditbetr\u00fcger\u00bb - auch in Gemeinden unterwegs? - Economic Crime Blog\",\"isPartOf\":{\"@id\":\"https:\\\/\\\/hub.hslu.ch\\\/economiccrime\\\/#website\"},\"primaryImageOfPage\":{\"@id\":\"https:\\\/\\\/hub.hslu.ch\\\/economiccrime\\\/corona-kreditbetrueger-auch-gemeinden-unterwegs\\\/#primaryimage\"},\"image\":{\"@id\":\"https:\\\/\\\/hub.hslu.ch\\\/economiccrime\\\/corona-kreditbetrueger-auch-gemeinden-unterwegs\\\/#primaryimage\"},\"thumbnailUrl\":\"https:\\\/\\\/hub.hslu.ch\\\/economiccrime\\\/wp-content\\\/uploads\\\/sites\\\/11\\\/2020\\\/11\\\/Titelbild-702x336-1.jpeg\",\"datePublished\":\"2020-11-23T05:00:31+00:00\",\"dateModified\":\"2026-02-11T13:53:27+00:00\",\"author\":{\"@id\":\"https:\\\/\\\/hub.hslu.ch\\\/economiccrime\\\/#\\\/schema\\\/person\\\/2fbc41f8eff3a89d0755cce0ed9a2542\"},\"breadcrumb\":{\"@id\":\"https:\\\/\\\/hub.hslu.ch\\\/economiccrime\\\/corona-kreditbetrueger-auch-gemeinden-unterwegs\\\/#breadcrumb\"},\"inLanguage\":\"de-CH\",\"potentialAction\":[{\"@type\":\"ReadAction\",\"target\":[\"https:\\\/\\\/hub.hslu.ch\\\/economiccrime\\\/corona-kreditbetrueger-auch-gemeinden-unterwegs\\\/\"]}]},{\"@type\":\"ImageObject\",\"inLanguage\":\"de-CH\",\"@id\":\"https:\\\/\\\/hub.hslu.ch\\\/economiccrime\\\/corona-kreditbetrueger-auch-gemeinden-unterwegs\\\/#primaryimage\",\"url\":\"https:\\\/\\\/hub.hslu.ch\\\/economiccrime\\\/wp-content\\\/uploads\\\/sites\\\/11\\\/2020\\\/11\\\/Titelbild-702x336-1.jpeg\",\"contentUrl\":\"https:\\\/\\\/hub.hslu.ch\\\/economiccrime\\\/wp-content\\\/uploads\\\/sites\\\/11\\\/2020\\\/11\\\/Titelbild-702x336-1.jpeg\",\"width\":702,\"height\":336},{\"@type\":\"BreadcrumbList\",\"@id\":\"https:\\\/\\\/hub.hslu.ch\\\/economiccrime\\\/corona-kreditbetrueger-auch-gemeinden-unterwegs\\\/#breadcrumb\",\"itemListElement\":[{\"@type\":\"ListItem\",\"position\":1,\"name\":\"Home\",\"item\":\"https:\\\/\\\/hub.hslu.ch\\\/economiccrime\\\/\"},{\"@type\":\"ListItem\",\"position\":2,\"name\":\"\u00abCorona-Kreditbetr\u00fcger\u00bb &#8211; auch in Gemeinden unterwegs?\"}]},{\"@type\":\"WebSite\",\"@id\":\"https:\\\/\\\/hub.hslu.ch\\\/economiccrime\\\/#website\",\"url\":\"https:\\\/\\\/hub.hslu.ch\\\/economiccrime\\\/\",\"name\":\"Economic Crime Blog\",\"description\":\"Bek\u00e4mpfung der Wirtschaftskriminalit\u00e4t\",\"potentialAction\":[{\"@type\":\"SearchAction\",\"target\":{\"@type\":\"EntryPoint\",\"urlTemplate\":\"https:\\\/\\\/hub.hslu.ch\\\/economiccrime\\\/?s={search_term_string}\"},\"query-input\":{\"@type\":\"PropertyValueSpecification\",\"valueRequired\":true,\"valueName\":\"search_term_string\"}}],\"inLanguage\":\"de-CH\"},{\"@type\":\"Person\",\"@id\":\"https:\\\/\\\/hub.hslu.ch\\\/economiccrime\\\/#\\\/schema\\\/person\\\/2fbc41f8eff3a89d0755cce0ed9a2542\",\"name\":\"webkinder\",\"image\":{\"@type\":\"ImageObject\",\"inLanguage\":\"de-CH\",\"@id\":\"https:\\\/\\\/secure.gravatar.com\\\/avatar\\\/597462d46107dd3eedd2b10f3add8a737c67c8148836713dd97585128d19d477?s=96&d=mm&r=g\",\"url\":\"https:\\\/\\\/secure.gravatar.com\\\/avatar\\\/597462d46107dd3eedd2b10f3add8a737c67c8148836713dd97585128d19d477?s=96&d=mm&r=g\",\"contentUrl\":\"https:\\\/\\\/secure.gravatar.com\\\/avatar\\\/597462d46107dd3eedd2b10f3add8a737c67c8148836713dd97585128d19d477?s=96&d=mm&r=g\",\"caption\":\"webkinder\"}}]}<\/script>\n<!-- \/ Yoast SEO plugin. -->","yoast_head_json":{"title":"\u00abCorona-Kreditbetr\u00fcger\u00bb - auch in Gemeinden unterwegs? - Economic Crime Blog","robots":{"index":"index","follow":"follow","max-snippet":"max-snippet:-1","max-image-preview":"max-image-preview:large","max-video-preview":"max-video-preview:-1"},"canonical":"https:\/\/hub.hslu.ch\/economiccrime\/corona-kreditbetrueger-auch-gemeinden-unterwegs\/","og_locale":"de_DE","og_type":"article","og_title":"\u00abCorona-Kreditbetr\u00fcger\u00bb - auch in Gemeinden unterwegs? - Economic Crime Blog","og_description":"\u00abEine Million f\u00fcrs Dietiker Gewerbe: Stadtrat vergibt Corona-Kredite\u00bb so lautete die Schlagzeile der Limmattalerzeitung am 1. April 2020. Eine Aufforderung f\u00fcr die mittlerweile landesweit \u00abber\u00fchmt\u00bb gewordenen \u00abCorona-Kreditbetr\u00fcger\u00bb, sich auch hier noch zu bedienen?","og_url":"https:\/\/hub.hslu.ch\/economiccrime\/corona-kreditbetrueger-auch-gemeinden-unterwegs\/","og_site_name":"Economic Crime Blog","article_published_time":"2020-11-23T05:00:31+00:00","article_modified_time":"2026-02-11T13:53:27+00:00","og_image":[{"width":702,"height":336,"url":"https:\/\/hub.hslu.ch\/economiccrime\/wp-content\/uploads\/sites\/11\/2020\/11\/Titelbild-702x336-1.jpeg","type":"image\/jpeg"}],"author":"webkinder","twitter_card":"summary_large_image","twitter_misc":{"Geschrieben von":"webkinder","Gesch\u00e4tzte Lesezeit":"5\u00a0Minuten"},"schema":{"@context":"https:\/\/schema.org","@graph":[{"@type":"Article","@id":"https:\/\/hub.hslu.ch\/economiccrime\/corona-kreditbetrueger-auch-gemeinden-unterwegs\/#article","isPartOf":{"@id":"https:\/\/hub.hslu.ch\/economiccrime\/corona-kreditbetrueger-auch-gemeinden-unterwegs\/"},"author":{"name":"webkinder","@id":"https:\/\/hub.hslu.ch\/economiccrime\/#\/schema\/person\/2fbc41f8eff3a89d0755cce0ed9a2542"},"headline":"\u00abCorona-Kreditbetr\u00fcger\u00bb &#8211; auch in Gemeinden unterwegs?","datePublished":"2020-11-23T05:00:31+00:00","dateModified":"2026-02-11T13:53:27+00:00","mainEntityOfPage":{"@id":"https:\/\/hub.hslu.ch\/economiccrime\/corona-kreditbetrueger-auch-gemeinden-unterwegs\/"},"wordCount":738,"commentCount":0,"image":{"@id":"https:\/\/hub.hslu.ch\/economiccrime\/corona-kreditbetrueger-auch-gemeinden-unterwegs\/#primaryimage"},"thumbnailUrl":"https:\/\/hub.hslu.ch\/economiccrime\/wp-content\/uploads\/sites\/11\/2020\/11\/Titelbild-702x336-1.jpeg","keywords":["Corona Kredite","Corona-Kreditbetr\u00fcger","Datenschutz","Kreditantr\u00e4gen","Kredite","Kreditpr\u00fcfung","Pandemie"],"articleSection":["Wirtschaftskriminalistik"],"inLanguage":"de-CH","potentialAction":[{"@type":"CommentAction","name":"Comment","target":["https:\/\/hub.hslu.ch\/economiccrime\/corona-kreditbetrueger-auch-gemeinden-unterwegs\/#respond"]}]},{"@type":"WebPage","@id":"https:\/\/hub.hslu.ch\/economiccrime\/corona-kreditbetrueger-auch-gemeinden-unterwegs\/","url":"https:\/\/hub.hslu.ch\/economiccrime\/corona-kreditbetrueger-auch-gemeinden-unterwegs\/","name":"\u00abCorona-Kreditbetr\u00fcger\u00bb - auch in Gemeinden unterwegs? - Economic Crime Blog","isPartOf":{"@id":"https:\/\/hub.hslu.ch\/economiccrime\/#website"},"primaryImageOfPage":{"@id":"https:\/\/hub.hslu.ch\/economiccrime\/corona-kreditbetrueger-auch-gemeinden-unterwegs\/#primaryimage"},"image":{"@id":"https:\/\/hub.hslu.ch\/economiccrime\/corona-kreditbetrueger-auch-gemeinden-unterwegs\/#primaryimage"},"thumbnailUrl":"https:\/\/hub.hslu.ch\/economiccrime\/wp-content\/uploads\/sites\/11\/2020\/11\/Titelbild-702x336-1.jpeg","datePublished":"2020-11-23T05:00:31+00:00","dateModified":"2026-02-11T13:53:27+00:00","author":{"@id":"https:\/\/hub.hslu.ch\/economiccrime\/#\/schema\/person\/2fbc41f8eff3a89d0755cce0ed9a2542"},"breadcrumb":{"@id":"https:\/\/hub.hslu.ch\/economiccrime\/corona-kreditbetrueger-auch-gemeinden-unterwegs\/#breadcrumb"},"inLanguage":"de-CH","potentialAction":[{"@type":"ReadAction","target":["https:\/\/hub.hslu.ch\/economiccrime\/corona-kreditbetrueger-auch-gemeinden-unterwegs\/"]}]},{"@type":"ImageObject","inLanguage":"de-CH","@id":"https:\/\/hub.hslu.ch\/economiccrime\/corona-kreditbetrueger-auch-gemeinden-unterwegs\/#primaryimage","url":"https:\/\/hub.hslu.ch\/economiccrime\/wp-content\/uploads\/sites\/11\/2020\/11\/Titelbild-702x336-1.jpeg","contentUrl":"https:\/\/hub.hslu.ch\/economiccrime\/wp-content\/uploads\/sites\/11\/2020\/11\/Titelbild-702x336-1.jpeg","width":702,"height":336},{"@type":"BreadcrumbList","@id":"https:\/\/hub.hslu.ch\/economiccrime\/corona-kreditbetrueger-auch-gemeinden-unterwegs\/#breadcrumb","itemListElement":[{"@type":"ListItem","position":1,"name":"Home","item":"https:\/\/hub.hslu.ch\/economiccrime\/"},{"@type":"ListItem","position":2,"name":"\u00abCorona-Kreditbetr\u00fcger\u00bb &#8211; auch in Gemeinden unterwegs?"}]},{"@type":"WebSite","@id":"https:\/\/hub.hslu.ch\/economiccrime\/#website","url":"https:\/\/hub.hslu.ch\/economiccrime\/","name":"Economic Crime Blog","description":"Bek\u00e4mpfung der Wirtschaftskriminalit\u00e4t","potentialAction":[{"@type":"SearchAction","target":{"@type":"EntryPoint","urlTemplate":"https:\/\/hub.hslu.ch\/economiccrime\/?s={search_term_string}"},"query-input":{"@type":"PropertyValueSpecification","valueRequired":true,"valueName":"search_term_string"}}],"inLanguage":"de-CH"},{"@type":"Person","@id":"https:\/\/hub.hslu.ch\/economiccrime\/#\/schema\/person\/2fbc41f8eff3a89d0755cce0ed9a2542","name":"webkinder","image":{"@type":"ImageObject","inLanguage":"de-CH","@id":"https:\/\/secure.gravatar.com\/avatar\/597462d46107dd3eedd2b10f3add8a737c67c8148836713dd97585128d19d477?s=96&d=mm&r=g","url":"https:\/\/secure.gravatar.com\/avatar\/597462d46107dd3eedd2b10f3add8a737c67c8148836713dd97585128d19d477?s=96&d=mm&r=g","contentUrl":"https:\/\/secure.gravatar.com\/avatar\/597462d46107dd3eedd2b10f3add8a737c67c8148836713dd97585128d19d477?s=96&d=mm&r=g","caption":"webkinder"}}]}},"featured_image_src":"https:\/\/hub.hslu.ch\/economiccrime\/wp-content\/uploads\/sites\/11\/2020\/11\/Titelbild-702x336-1.jpeg","featured_image_src_square":"https:\/\/hub.hslu.ch\/economiccrime\/wp-content\/uploads\/sites\/11\/2020\/11\/Titelbild-702x336-1.jpeg","author_info":{"display_name":"webkinder","author_link":"https:\/\/hub.hslu.ch\/economiccrime\/author\/webkinder\/"},"_links":{"self":[{"href":"https:\/\/hub.hslu.ch\/economiccrime\/wp-json\/wp\/v2\/posts\/384","targetHints":{"allow":["GET"]}}],"collection":[{"href":"https:\/\/hub.hslu.ch\/economiccrime\/wp-json\/wp\/v2\/posts"}],"about":[{"href":"https:\/\/hub.hslu.ch\/economiccrime\/wp-json\/wp\/v2\/types\/post"}],"author":[{"embeddable":true,"href":"https:\/\/hub.hslu.ch\/economiccrime\/wp-json\/wp\/v2\/users\/111"}],"replies":[{"embeddable":true,"href":"https:\/\/hub.hslu.ch\/economiccrime\/wp-json\/wp\/v2\/comments?post=384"}],"version-history":[{"count":10,"href":"https:\/\/hub.hslu.ch\/economiccrime\/wp-json\/wp\/v2\/posts\/384\/revisions"}],"predecessor-version":[{"id":6295,"href":"https:\/\/hub.hslu.ch\/economiccrime\/wp-json\/wp\/v2\/posts\/384\/revisions\/6295"}],"wp:featuredmedia":[{"embeddable":true,"href":"https:\/\/hub.hslu.ch\/economiccrime\/wp-json\/wp\/v2\/media\/1115"}],"wp:attachment":[{"href":"https:\/\/hub.hslu.ch\/economiccrime\/wp-json\/wp\/v2\/media?parent=384"}],"wp:term":[{"taxonomy":"category","embeddable":true,"href":"https:\/\/hub.hslu.ch\/economiccrime\/wp-json\/wp\/v2\/categories?post=384"},{"taxonomy":"post_tag","embeddable":true,"href":"https:\/\/hub.hslu.ch\/economiccrime\/wp-json\/wp\/v2\/tags?post=384"}],"curies":[{"name":"wp","href":"https:\/\/api.w.org\/{rel}","templated":true}]}}