{"id":449,"date":"2021-03-29T04:00:02","date_gmt":"2021-03-29T04:00:02","guid":{"rendered":"https:\/\/hub.hslu.ch\/economiccrime\/2021\/03\/29\/krisen-und-kriminalitaet-gehen-hand-in-hand\/"},"modified":"2026-02-11T14:53:28","modified_gmt":"2026-02-11T13:53:28","slug":"krisen-und-kriminalitaet-gehen-hand-in-hand","status":"publish","type":"post","link":"https:\/\/hub.hslu.ch\/economiccrime\/krisen-und-kriminalitaet-gehen-hand-in-hand\/","title":{"rendered":"Krisen und Kriminalit\u00e4t gehen Hand in Hand"},"content":{"rendered":"\n<p>Von <a href=\"https:\/\/www.linkedin.com\/in\/stefan-volken-78828922\/\" target=\"_blank\" rel=\"noreferrer noopener\"><strong>Stefan Volken<\/strong><\/a><\/p>\n\n\n\n\n\n<p>Am 13. November 2020 h\u00e4tte die <a href=\"http:\/\/www.seeci.ch\" target=\"_blank\" rel=\"noreferrer noopener\">Schweizerische Expertenvereinigung \u00abBek\u00e4mpfung der Wirtschaftskriminalit\u00e4t\u00bb SEBWK<\/a> ihre j\u00e4hrliche Tagung durchf\u00fchren wollen. Aber im Coronajahr 2020 kam alles ganz anders. Anstelle der j\u00e4hrlichen Tagung organisierte der Vorstand der SEBWK nun eine Miniserie von Interviews.<\/p>\n\n\n\n<p>Das vierte Interview fand mit dem Experten f\u00fcr Finanzkriminalit\u00e4t Leo M\u00fcller statt, welcher sich auf investigative Due Diligence spezialisiert hat.<\/p>\n\n\n<div class=\"wp-block-image\">\n<figure class=\"aligncenter size-medium\"><img loading=\"lazy\" decoding=\"async\" width=\"200\" height=\"300\" src=\"https:\/\/hub.hslu.ch\/economiccrime\/wp-content\/uploads\/sites\/11\/2022\/07\/Portraet-LM-bearbeitet-200x300.jpg\" alt=\"\" class=\"wp-image-451\" srcset=\"https:\/\/hub.hslu.ch\/economiccrime\/wp-content\/uploads\/sites\/11\/2022\/07\/Portraet-LM-bearbeitet-200x300.jpg 200w, https:\/\/hub.hslu.ch\/economiccrime\/wp-content\/uploads\/sites\/11\/2022\/07\/Portraet-LM-bearbeitet-683x1024.jpg 683w, https:\/\/hub.hslu.ch\/economiccrime\/wp-content\/uploads\/sites\/11\/2022\/07\/Portraet-LM-bearbeitet-768x1152.jpg 768w, https:\/\/hub.hslu.ch\/economiccrime\/wp-content\/uploads\/sites\/11\/2022\/07\/Portraet-LM-bearbeitet-1024x1536.jpg 1024w, https:\/\/hub.hslu.ch\/economiccrime\/wp-content\/uploads\/sites\/11\/2022\/07\/Portraet-LM-bearbeitet-1365x2048.jpg 1365w, https:\/\/hub.hslu.ch\/economiccrime\/wp-content\/uploads\/sites\/11\/2022\/07\/Portraet-LM-bearbeitet-465x698.jpg 465w, https:\/\/hub.hslu.ch\/economiccrime\/wp-content\/uploads\/sites\/11\/2022\/07\/Portraet-LM-bearbeitet.jpg 1440w\" sizes=\"auto, (max-width: 200px) 100vw, 200px\" \/><figcaption>Leo M\u00fcller<\/figcaption><\/figure>\n<\/div>\n\n\n<p>Ein Blick zur\u00fcck in die Wirtschaftsgeschichte helfe laut dem Interview mit Leo M\u00fcller, die gegenw\u00e4rtige Krise aus dem kriminologischen Blickwinkel zu betrachten und besser zu verstehen. \u00abVon Wirtschaftshistorikern gut untersucht sind grosse Wirtschaftskrisen, die durch Kriminalit\u00e4t verursacht worden sind oder Kriminalit\u00e4t als systemisches Element hatten\u00bb, sagt M\u00fcller. Dazu geh\u00f6re die grosse Wirtschaftskrise von 1929. \u00abIch erinnere an Charles Ponzi, dem \u00abErfinder\u00bb des Anlagebetruges, der 1920 mit seinen Schwindelprojekten begonnen hat\u00bb. Es gebe auch j\u00fcngere Krisen, die durch die Ponzi-Kultur stark beeinflusst worden sind wie die Savings and Loans Krise in den 1980er Jahren in den USA, die Dotcom Blase und auch die Bankenkrise von 2007 und 2008.<\/p>\n\n\n\n<p>Nun haben wir eine Krise, die \u00e4hnlich einer Naturkatastrophe verursacht worden ist: die Pandemie. Kriminalit\u00e4t sei hier nicht die Ursache, sondern eine Folge der Krise, so M\u00fcller. Man k\u00f6nne drei Segmente von Opfern sehen: den Staat, die Konsumenten und die Unternehmen. Banken als Opfer seien dieses Mal ein geringeres Problem. Gelegenheitst\u00e4ter nutzten die Krise aus, wobei es auch Menschen gebe, die aus Not zu T\u00e4tern w\u00fcrden.<\/p>\n\n\n\n<p><em><strong>\u00abCrime never sleeps, den Spruch kennen wir von der Wall Street\u00bb,<\/strong><\/em><\/p>\n\n\n\n<p>sagt Leo M\u00fcller. Kriminell operierende Mitglieder der Gesellschaft versuchen, sich in der Krise umzuorientieren. Player, die ihre Werbung bisher zum Beispiel auf Begriffen wie \u00abBlockchain\u00bb oder \u00abArtificial Intelligence\u00bb aufgebaut hatten, versuchten nun, ein neues Marketing-Tool zu finden. \u00abDas ist Covid-19. Und diese Player versuchen, mit angeblichen Angeboten zur \u00dcberwindung der Pandemie auf den Markt zu kommen\u00bb, meint er. Solche Tatmuster werde man noch mehr sehen. Man stehe erst am Anfang dieser Entwicklung.<\/p>\n\n\n\n<p>In Unternehmen werden Bilanzen gef\u00e4lscht, um an Covid-19 Staatskredite zu kommen, Missbrauch von Kurzarbeitsentsch\u00e4digung findet statt und Schwindelprojekte tauchen auf dem Markt f\u00fcr Pharma- und Medizinprodukte auf.<\/p>\n\n\n\n<p><em><strong>\u00abDie Instrumente, um die Kriminalit\u00e4t zu sehen, sind erst jetzt vorhanden\u00bb,<\/strong><\/em><\/p>\n\n\n\n<p>sagt M\u00fcller. Das werde aber erst ab 2021 erkennbar. Die entsprechenden Jahresberichte und Bilanzen 2020 seien zum Teil noch nicht geschrieben, beurteilt oder revidiert.<\/p>\n\n\n\n<p>Wenn man vergangene Krisen betrachtet, wird man vermutlich bald erkennen, dass fr\u00fchere Formen von Kriminalit\u00e4t jetzt kollabieren. M\u00fcller nennt als Beispiel Anlagebetr\u00fcger, die in einer Krise ihr \u00abProjekt geschmeidig beenden, indem sie einen Konkurs durch die Krise legitimieren\u00bb. Dank Bilanzuntersuchungen werde man feststellen k\u00f6nnen, dass es Bilanzf\u00e4lschungen und -manipulationen mit dem Ziel des Kreditbetrugs gab.<\/p>\n\n\n\n<p>Gem\u00e4ss M\u00fcller braucht es ein<\/p>\n\n\n\n<p><em><strong>\u00abschnelles Handeln zum Schutz der Opfer\u00bb.<\/strong><\/em><\/p>\n\n\n\n<p>F\u00fcr den Staat gelte es, die Konsumenten und sich selbst zu sch\u00fctzen. Leo M\u00fcller sieht gute Beispiele bei Europol und dem Department of Justice (DOJ) in den USA. Diese h\u00e4tten sehr schnell gehandelt und angefangen, diese Ph\u00e4nomene zu beobachten, zu benennen und mit Warnlisten arbeiten. Auf der Website des DOJ werden t\u00e4glich Anklagen gegen mutmassliche T\u00e4ter publiziert. F\u00fcr Konsumenten und Unternehmen gelte, dass sie sich am effizientesten mit professioneller Sammlung, Aufbereitung und Analyse von Informationen f\u00fcr ihre Betrugsabwehr sch\u00fctzen k\u00f6nnen.<\/p>\n\n\n\n<div class=\"wp-block-buttons is-layout-flex wp-block-buttons-is-layout-flex\">\n<div class=\"wp-block-button is-style-fill\"><a class=\"wp-block-button__link has-background\" href=\"https:\/\/www.seeci.ch\/2021\/03\/12\/krisen-verstehen-hilft-kriminalitaet-effizienter-zu-bekaempfen\" style=\"background-color:#6a95a9\" target=\"_blank\" rel=\"noreferrer noopener\">zum gesamten Interview<\/a><\/div>\n<\/div>\n\n\n\n<div style=\"height:32px\" aria-hidden=\"true\" class=\"wp-block-spacer\"><\/div>\n\n\n\n<p><em>Der n\u00e4chste Beitrag auf dem Blog Economic Crime erscheint&nbsp; am 12. April 2021.<\/em><\/p>\n\n\n\n<p><em>Frohe Ostern!<\/em><\/p>\n\n\n\t\t<div class=\"detail__member\">\n\t\t<h1 class=\"detail__member--title\">Autor: Stefan Volken<\/h1>\n\t\t<figure class=\"detail__member--img\">\n\t\t\t\t\t\t<!-- <img loading=\"lazy\" decoding=\"async\" width=\"819\" height=\"1024\" src=\"https:\/\/hub.hslu.ch\/economiccrime\/wp-content\/uploads\/sites\/11\/2022\/07\/Volken-Stefan1.jpg\" class=\"attachment-normal size-normal\" alt=\"\" srcset=\"https:\/\/hub.hslu.ch\/economiccrime\/wp-content\/uploads\/sites\/11\/2022\/07\/Volken-Stefan1.jpg 819w, https:\/\/hub.hslu.ch\/economiccrime\/wp-content\/uploads\/sites\/11\/2022\/07\/Volken-Stefan1-240x300.jpg 240w, https:\/\/hub.hslu.ch\/economiccrime\/wp-content\/uploads\/sites\/11\/2022\/07\/Volken-Stefan1-768x960.jpg 768w, https:\/\/hub.hslu.ch\/economiccrime\/wp-content\/uploads\/sites\/11\/2022\/07\/Volken-Stefan1-558x698.jpg 558w\" sizes=\"auto, (max-width: 819px) 100vw, 819px\" \/> -->\n\t\t\t<img decoding=\"async\" src=\"https:\/\/hub.hslu.ch\/economiccrime\/wp-content\/uploads\/sites\/11\/2022\/07\/Volken-Stefan1.jpg\" alt=\"\">\n\t\t<\/figure>\n\t\t<div class=\"detail__member--content\">\n\t\t\t<div class=\"detail__member--content--description\">\n\t\t\t\t<a href=\"https:\/\/www.linkedin.com\/authwall?trk=gf&amp;trkInfo=AQEkVqznw1ZqywAAAYI_vNB4b-s4Xyam2K4Agye90draH55wMBdCYHVEYELNOv4Ju8VwZRG3mRXAamy3QkzoBFA7pR8HLUn-36GyqHtusjkKj5I6rC9lI8rXw1gXFMTHttHuTMg=&amp;original_referer=https:\/\/blog.hslu.ch\/&amp;sessionRedirect=https%3A%2F%2Fwww.linkedin.com%2Fin%2Fstefan-volken-78828922%2F\" target=\"_blank\">Stefan Volken<\/a> ist dipl. Wirtschaftspr\u00fcfer, CIA und hat den <a href=\"https:\/\/www.hslu.ch\/de-ch\/wirtschaft\/weiterbildung\/mas\/ifz\/economic-crime-investigation\/\" target=\"_blank\">MAS Economic Crime Investigation<\/a> an der Hochschule Luzern absolviert. Er war als leitender Wirtschaftspr\u00fcfer und Partner bei Pr\u00fcfungs- und Beratungsgesellschaften im In- und Ausland t\u00e4tig. Zudem war er f\u00fcr den Aufbau von Dienstleistungen im Bereich der Pr\u00e4vention und Untersuchung von Wirtschaftskriminalit\u00e4tsf\u00e4llen verantwortlich. Heute leitet der die Niederlassung der BDO in Frauenfeld. Stefan Volken ist Vorstandsmitglied der Schweizer Expertenvereinigung &#171;Bek\u00e4mpfung Wirtschaftskriminalit\u00e4t&#187; (<a href=\"https:\/\/www.seeci.ch\/\" target=\"_blank\">SEBWK<\/a>).\t\t\t<\/div>\n\t\t\t\n\t\t\t\n\t\t<\/div>\n\t<\/div>\n","protected":false},"excerpt":{"rendered":"<p>Krisen und Kriminalit\u00e4t beeinflussen sich gegenseitig. Ein Blick in die Geschichtsb\u00fccher hilft, dies besser zu verstehen. Wie Kriminelle sich in der Krise neu orientieren, erz\u00e4hlt der Experte f\u00fcr Finanzkriminalit\u00e4t Leo M\u00fcller.<\/p>\n","protected":false},"author":111,"featured_media":450,"comment_status":"open","ping_status":"open","sticky":false,"template":"","format":"standard","meta":{"_acf_changed":false,"inline_featured_image":false,"_relevanssi_hide_post":"","_relevanssi_hide_content":"","_relevanssi_pin_for_all":"","_relevanssi_pin_keywords":"","_relevanssi_unpin_keywords":"","_relevanssi_related_keywords":"","_relevanssi_related_include_ids":"","_relevanssi_related_exclude_ids":"","_relevanssi_related_no_append":"","_relevanssi_related_not_related":"","_relevanssi_related_posts":"","_relevanssi_noindex_reason":"","footnotes":"","_links_to":"","_links_to_target":""},"categories":[58],"tags":[70,406,576,577,529,578],"class_list":["post-449","post","type-post","status-publish","format-standard","has-post-thumbnail","hentry","category-allgemein","tag-anlagebetrug","tag-corona","tag-kriminalitaet","tag-krise","tag-pandemie","tag-ponzi"],"acf":[],"yoast_head":"<!-- This site is optimized with the Yoast SEO plugin v27.5 - https:\/\/yoast.com\/product\/yoast-seo-wordpress\/ -->\n<title>Krisen und Kriminalit\u00e4t gehen Hand in Hand - Economic Crime Blog<\/title>\n<meta name=\"robots\" content=\"index, follow, max-snippet:-1, max-image-preview:large, max-video-preview:-1\" \/>\n<link rel=\"canonical\" href=\"https:\/\/hub.hslu.ch\/economiccrime\/krisen-und-kriminalitaet-gehen-hand-in-hand\/\" \/>\n<meta property=\"og:locale\" content=\"de_DE\" \/>\n<meta property=\"og:type\" content=\"article\" \/>\n<meta property=\"og:title\" content=\"Krisen und Kriminalit\u00e4t gehen Hand in Hand - Economic Crime Blog\" \/>\n<meta property=\"og:description\" content=\"Krisen und Kriminalit\u00e4t beeinflussen sich gegenseitig. Ein Blick in die Geschichtsb\u00fccher hilft, dies besser zu verstehen. Wie Kriminelle sich in der Krise neu orientieren, erz\u00e4hlt der Experte f\u00fcr Finanzkriminalit\u00e4t Leo M\u00fcller.\" \/>\n<meta property=\"og:url\" content=\"https:\/\/hub.hslu.ch\/economiccrime\/krisen-und-kriminalitaet-gehen-hand-in-hand\/\" \/>\n<meta property=\"og:site_name\" content=\"Economic Crime Blog\" \/>\n<meta property=\"article:published_time\" content=\"2021-03-29T04:00:02+00:00\" \/>\n<meta property=\"article:modified_time\" content=\"2026-02-11T13:53:28+00:00\" \/>\n<meta property=\"og:image\" content=\"https:\/\/hub.hslu.ch\/economiccrime\/wp-content\/uploads\/sites\/11\/2022\/07\/merged-verkleinert-1.jpg\" \/>\n\t<meta property=\"og:image:width\" content=\"900\" \/>\n\t<meta property=\"og:image:height\" content=\"622\" \/>\n\t<meta property=\"og:image:type\" content=\"image\/jpeg\" \/>\n<meta name=\"author\" content=\"webkinder\" \/>\n<meta name=\"twitter:card\" content=\"summary_large_image\" \/>\n<meta name=\"twitter:label1\" content=\"Geschrieben von\" \/>\n\t<meta name=\"twitter:data1\" content=\"webkinder\" \/>\n\t<meta name=\"twitter:label2\" content=\"Gesch\u00e4tzte Lesezeit\" \/>\n\t<meta name=\"twitter:data2\" content=\"4\u00a0Minuten\" \/>\n<script type=\"application\/ld+json\" class=\"yoast-schema-graph\">{\"@context\":\"https:\\\/\\\/schema.org\",\"@graph\":[{\"@type\":\"Article\",\"@id\":\"https:\\\/\\\/hub.hslu.ch\\\/economiccrime\\\/krisen-und-kriminalitaet-gehen-hand-in-hand\\\/#article\",\"isPartOf\":{\"@id\":\"https:\\\/\\\/hub.hslu.ch\\\/economiccrime\\\/krisen-und-kriminalitaet-gehen-hand-in-hand\\\/\"},\"author\":{\"name\":\"webkinder\",\"@id\":\"https:\\\/\\\/hub.hslu.ch\\\/economiccrime\\\/#\\\/schema\\\/person\\\/2fbc41f8eff3a89d0755cce0ed9a2542\"},\"headline\":\"Krisen und Kriminalit\u00e4t gehen Hand in Hand\",\"datePublished\":\"2021-03-29T04:00:02+00:00\",\"dateModified\":\"2026-02-11T13:53:28+00:00\",\"mainEntityOfPage\":{\"@id\":\"https:\\\/\\\/hub.hslu.ch\\\/economiccrime\\\/krisen-und-kriminalitaet-gehen-hand-in-hand\\\/\"},\"wordCount\":594,\"commentCount\":0,\"image\":{\"@id\":\"https:\\\/\\\/hub.hslu.ch\\\/economiccrime\\\/krisen-und-kriminalitaet-gehen-hand-in-hand\\\/#primaryimage\"},\"thumbnailUrl\":\"https:\\\/\\\/hub.hslu.ch\\\/economiccrime\\\/wp-content\\\/uploads\\\/sites\\\/11\\\/2022\\\/07\\\/merged-verkleinert-1.jpg\",\"keywords\":[\"Anlagebetrug\",\"Corona\",\"Kriminalit\u00e4t\",\"Krise\",\"Pandemie\",\"Ponzi\"],\"inLanguage\":\"de-CH\",\"potentialAction\":[{\"@type\":\"CommentAction\",\"name\":\"Comment\",\"target\":[\"https:\\\/\\\/hub.hslu.ch\\\/economiccrime\\\/krisen-und-kriminalitaet-gehen-hand-in-hand\\\/#respond\"]}]},{\"@type\":\"WebPage\",\"@id\":\"https:\\\/\\\/hub.hslu.ch\\\/economiccrime\\\/krisen-und-kriminalitaet-gehen-hand-in-hand\\\/\",\"url\":\"https:\\\/\\\/hub.hslu.ch\\\/economiccrime\\\/krisen-und-kriminalitaet-gehen-hand-in-hand\\\/\",\"name\":\"Krisen und Kriminalit\u00e4t gehen Hand in Hand - Economic Crime Blog\",\"isPartOf\":{\"@id\":\"https:\\\/\\\/hub.hslu.ch\\\/economiccrime\\\/#website\"},\"primaryImageOfPage\":{\"@id\":\"https:\\\/\\\/hub.hslu.ch\\\/economiccrime\\\/krisen-und-kriminalitaet-gehen-hand-in-hand\\\/#primaryimage\"},\"image\":{\"@id\":\"https:\\\/\\\/hub.hslu.ch\\\/economiccrime\\\/krisen-und-kriminalitaet-gehen-hand-in-hand\\\/#primaryimage\"},\"thumbnailUrl\":\"https:\\\/\\\/hub.hslu.ch\\\/economiccrime\\\/wp-content\\\/uploads\\\/sites\\\/11\\\/2022\\\/07\\\/merged-verkleinert-1.jpg\",\"datePublished\":\"2021-03-29T04:00:02+00:00\",\"dateModified\":\"2026-02-11T13:53:28+00:00\",\"author\":{\"@id\":\"https:\\\/\\\/hub.hslu.ch\\\/economiccrime\\\/#\\\/schema\\\/person\\\/2fbc41f8eff3a89d0755cce0ed9a2542\"},\"breadcrumb\":{\"@id\":\"https:\\\/\\\/hub.hslu.ch\\\/economiccrime\\\/krisen-und-kriminalitaet-gehen-hand-in-hand\\\/#breadcrumb\"},\"inLanguage\":\"de-CH\",\"potentialAction\":[{\"@type\":\"ReadAction\",\"target\":[\"https:\\\/\\\/hub.hslu.ch\\\/economiccrime\\\/krisen-und-kriminalitaet-gehen-hand-in-hand\\\/\"]}]},{\"@type\":\"ImageObject\",\"inLanguage\":\"de-CH\",\"@id\":\"https:\\\/\\\/hub.hslu.ch\\\/economiccrime\\\/krisen-und-kriminalitaet-gehen-hand-in-hand\\\/#primaryimage\",\"url\":\"https:\\\/\\\/hub.hslu.ch\\\/economiccrime\\\/wp-content\\\/uploads\\\/sites\\\/11\\\/2022\\\/07\\\/merged-verkleinert-1.jpg\",\"contentUrl\":\"https:\\\/\\\/hub.hslu.ch\\\/economiccrime\\\/wp-content\\\/uploads\\\/sites\\\/11\\\/2022\\\/07\\\/merged-verkleinert-1.jpg\",\"width\":900,\"height\":622},{\"@type\":\"BreadcrumbList\",\"@id\":\"https:\\\/\\\/hub.hslu.ch\\\/economiccrime\\\/krisen-und-kriminalitaet-gehen-hand-in-hand\\\/#breadcrumb\",\"itemListElement\":[{\"@type\":\"ListItem\",\"position\":1,\"name\":\"Home\",\"item\":\"https:\\\/\\\/hub.hslu.ch\\\/economiccrime\\\/\"},{\"@type\":\"ListItem\",\"position\":2,\"name\":\"Krisen und Kriminalit\u00e4t gehen Hand in Hand\"}]},{\"@type\":\"WebSite\",\"@id\":\"https:\\\/\\\/hub.hslu.ch\\\/economiccrime\\\/#website\",\"url\":\"https:\\\/\\\/hub.hslu.ch\\\/economiccrime\\\/\",\"name\":\"Economic Crime Blog\",\"description\":\"Bek\u00e4mpfung der Wirtschaftskriminalit\u00e4t\",\"potentialAction\":[{\"@type\":\"SearchAction\",\"target\":{\"@type\":\"EntryPoint\",\"urlTemplate\":\"https:\\\/\\\/hub.hslu.ch\\\/economiccrime\\\/?s={search_term_string}\"},\"query-input\":{\"@type\":\"PropertyValueSpecification\",\"valueRequired\":true,\"valueName\":\"search_term_string\"}}],\"inLanguage\":\"de-CH\"},{\"@type\":\"Person\",\"@id\":\"https:\\\/\\\/hub.hslu.ch\\\/economiccrime\\\/#\\\/schema\\\/person\\\/2fbc41f8eff3a89d0755cce0ed9a2542\",\"name\":\"webkinder\",\"image\":{\"@type\":\"ImageObject\",\"inLanguage\":\"de-CH\",\"@id\":\"https:\\\/\\\/secure.gravatar.com\\\/avatar\\\/597462d46107dd3eedd2b10f3add8a737c67c8148836713dd97585128d19d477?s=96&d=mm&r=g\",\"url\":\"https:\\\/\\\/secure.gravatar.com\\\/avatar\\\/597462d46107dd3eedd2b10f3add8a737c67c8148836713dd97585128d19d477?s=96&d=mm&r=g\",\"contentUrl\":\"https:\\\/\\\/secure.gravatar.com\\\/avatar\\\/597462d46107dd3eedd2b10f3add8a737c67c8148836713dd97585128d19d477?s=96&d=mm&r=g\",\"caption\":\"webkinder\"}}]}<\/script>\n<!-- \/ Yoast SEO plugin. -->","yoast_head_json":{"title":"Krisen und Kriminalit\u00e4t gehen Hand in Hand - Economic Crime Blog","robots":{"index":"index","follow":"follow","max-snippet":"max-snippet:-1","max-image-preview":"max-image-preview:large","max-video-preview":"max-video-preview:-1"},"canonical":"https:\/\/hub.hslu.ch\/economiccrime\/krisen-und-kriminalitaet-gehen-hand-in-hand\/","og_locale":"de_DE","og_type":"article","og_title":"Krisen und Kriminalit\u00e4t gehen Hand in Hand - Economic Crime Blog","og_description":"Krisen und Kriminalit\u00e4t beeinflussen sich gegenseitig. Ein Blick in die Geschichtsb\u00fccher hilft, dies besser zu verstehen. Wie Kriminelle sich in der Krise neu orientieren, erz\u00e4hlt der Experte f\u00fcr Finanzkriminalit\u00e4t Leo M\u00fcller.","og_url":"https:\/\/hub.hslu.ch\/economiccrime\/krisen-und-kriminalitaet-gehen-hand-in-hand\/","og_site_name":"Economic Crime Blog","article_published_time":"2021-03-29T04:00:02+00:00","article_modified_time":"2026-02-11T13:53:28+00:00","og_image":[{"width":900,"height":622,"url":"https:\/\/hub.hslu.ch\/economiccrime\/wp-content\/uploads\/sites\/11\/2022\/07\/merged-verkleinert-1.jpg","type":"image\/jpeg"}],"author":"webkinder","twitter_card":"summary_large_image","twitter_misc":{"Geschrieben von":"webkinder","Gesch\u00e4tzte Lesezeit":"4\u00a0Minuten"},"schema":{"@context":"https:\/\/schema.org","@graph":[{"@type":"Article","@id":"https:\/\/hub.hslu.ch\/economiccrime\/krisen-und-kriminalitaet-gehen-hand-in-hand\/#article","isPartOf":{"@id":"https:\/\/hub.hslu.ch\/economiccrime\/krisen-und-kriminalitaet-gehen-hand-in-hand\/"},"author":{"name":"webkinder","@id":"https:\/\/hub.hslu.ch\/economiccrime\/#\/schema\/person\/2fbc41f8eff3a89d0755cce0ed9a2542"},"headline":"Krisen und Kriminalit\u00e4t gehen Hand in Hand","datePublished":"2021-03-29T04:00:02+00:00","dateModified":"2026-02-11T13:53:28+00:00","mainEntityOfPage":{"@id":"https:\/\/hub.hslu.ch\/economiccrime\/krisen-und-kriminalitaet-gehen-hand-in-hand\/"},"wordCount":594,"commentCount":0,"image":{"@id":"https:\/\/hub.hslu.ch\/economiccrime\/krisen-und-kriminalitaet-gehen-hand-in-hand\/#primaryimage"},"thumbnailUrl":"https:\/\/hub.hslu.ch\/economiccrime\/wp-content\/uploads\/sites\/11\/2022\/07\/merged-verkleinert-1.jpg","keywords":["Anlagebetrug","Corona","Kriminalit\u00e4t","Krise","Pandemie","Ponzi"],"inLanguage":"de-CH","potentialAction":[{"@type":"CommentAction","name":"Comment","target":["https:\/\/hub.hslu.ch\/economiccrime\/krisen-und-kriminalitaet-gehen-hand-in-hand\/#respond"]}]},{"@type":"WebPage","@id":"https:\/\/hub.hslu.ch\/economiccrime\/krisen-und-kriminalitaet-gehen-hand-in-hand\/","url":"https:\/\/hub.hslu.ch\/economiccrime\/krisen-und-kriminalitaet-gehen-hand-in-hand\/","name":"Krisen und Kriminalit\u00e4t gehen Hand in Hand - Economic Crime Blog","isPartOf":{"@id":"https:\/\/hub.hslu.ch\/economiccrime\/#website"},"primaryImageOfPage":{"@id":"https:\/\/hub.hslu.ch\/economiccrime\/krisen-und-kriminalitaet-gehen-hand-in-hand\/#primaryimage"},"image":{"@id":"https:\/\/hub.hslu.ch\/economiccrime\/krisen-und-kriminalitaet-gehen-hand-in-hand\/#primaryimage"},"thumbnailUrl":"https:\/\/hub.hslu.ch\/economiccrime\/wp-content\/uploads\/sites\/11\/2022\/07\/merged-verkleinert-1.jpg","datePublished":"2021-03-29T04:00:02+00:00","dateModified":"2026-02-11T13:53:28+00:00","author":{"@id":"https:\/\/hub.hslu.ch\/economiccrime\/#\/schema\/person\/2fbc41f8eff3a89d0755cce0ed9a2542"},"breadcrumb":{"@id":"https:\/\/hub.hslu.ch\/economiccrime\/krisen-und-kriminalitaet-gehen-hand-in-hand\/#breadcrumb"},"inLanguage":"de-CH","potentialAction":[{"@type":"ReadAction","target":["https:\/\/hub.hslu.ch\/economiccrime\/krisen-und-kriminalitaet-gehen-hand-in-hand\/"]}]},{"@type":"ImageObject","inLanguage":"de-CH","@id":"https:\/\/hub.hslu.ch\/economiccrime\/krisen-und-kriminalitaet-gehen-hand-in-hand\/#primaryimage","url":"https:\/\/hub.hslu.ch\/economiccrime\/wp-content\/uploads\/sites\/11\/2022\/07\/merged-verkleinert-1.jpg","contentUrl":"https:\/\/hub.hslu.ch\/economiccrime\/wp-content\/uploads\/sites\/11\/2022\/07\/merged-verkleinert-1.jpg","width":900,"height":622},{"@type":"BreadcrumbList","@id":"https:\/\/hub.hslu.ch\/economiccrime\/krisen-und-kriminalitaet-gehen-hand-in-hand\/#breadcrumb","itemListElement":[{"@type":"ListItem","position":1,"name":"Home","item":"https:\/\/hub.hslu.ch\/economiccrime\/"},{"@type":"ListItem","position":2,"name":"Krisen und Kriminalit\u00e4t gehen Hand in Hand"}]},{"@type":"WebSite","@id":"https:\/\/hub.hslu.ch\/economiccrime\/#website","url":"https:\/\/hub.hslu.ch\/economiccrime\/","name":"Economic Crime Blog","description":"Bek\u00e4mpfung der Wirtschaftskriminalit\u00e4t","potentialAction":[{"@type":"SearchAction","target":{"@type":"EntryPoint","urlTemplate":"https:\/\/hub.hslu.ch\/economiccrime\/?s={search_term_string}"},"query-input":{"@type":"PropertyValueSpecification","valueRequired":true,"valueName":"search_term_string"}}],"inLanguage":"de-CH"},{"@type":"Person","@id":"https:\/\/hub.hslu.ch\/economiccrime\/#\/schema\/person\/2fbc41f8eff3a89d0755cce0ed9a2542","name":"webkinder","image":{"@type":"ImageObject","inLanguage":"de-CH","@id":"https:\/\/secure.gravatar.com\/avatar\/597462d46107dd3eedd2b10f3add8a737c67c8148836713dd97585128d19d477?s=96&d=mm&r=g","url":"https:\/\/secure.gravatar.com\/avatar\/597462d46107dd3eedd2b10f3add8a737c67c8148836713dd97585128d19d477?s=96&d=mm&r=g","contentUrl":"https:\/\/secure.gravatar.com\/avatar\/597462d46107dd3eedd2b10f3add8a737c67c8148836713dd97585128d19d477?s=96&d=mm&r=g","caption":"webkinder"}}]}},"featured_image_src":"https:\/\/hub.hslu.ch\/economiccrime\/wp-content\/uploads\/sites\/11\/2022\/07\/merged-verkleinert-1.jpg","featured_image_src_square":"https:\/\/hub.hslu.ch\/economiccrime\/wp-content\/uploads\/sites\/11\/2022\/07\/merged-verkleinert-1.jpg","author_info":{"display_name":"webkinder","author_link":"https:\/\/hub.hslu.ch\/economiccrime\/author\/webkinder\/"},"_links":{"self":[{"href":"https:\/\/hub.hslu.ch\/economiccrime\/wp-json\/wp\/v2\/posts\/449","targetHints":{"allow":["GET"]}}],"collection":[{"href":"https:\/\/hub.hslu.ch\/economiccrime\/wp-json\/wp\/v2\/posts"}],"about":[{"href":"https:\/\/hub.hslu.ch\/economiccrime\/wp-json\/wp\/v2\/types\/post"}],"author":[{"embeddable":true,"href":"https:\/\/hub.hslu.ch\/economiccrime\/wp-json\/wp\/v2\/users\/111"}],"replies":[{"embeddable":true,"href":"https:\/\/hub.hslu.ch\/economiccrime\/wp-json\/wp\/v2\/comments?post=449"}],"version-history":[{"count":14,"href":"https:\/\/hub.hslu.ch\/economiccrime\/wp-json\/wp\/v2\/posts\/449\/revisions"}],"predecessor-version":[{"id":6307,"href":"https:\/\/hub.hslu.ch\/economiccrime\/wp-json\/wp\/v2\/posts\/449\/revisions\/6307"}],"wp:featuredmedia":[{"embeddable":true,"href":"https:\/\/hub.hslu.ch\/economiccrime\/wp-json\/wp\/v2\/media\/450"}],"wp:attachment":[{"href":"https:\/\/hub.hslu.ch\/economiccrime\/wp-json\/wp\/v2\/media?parent=449"}],"wp:term":[{"taxonomy":"category","embeddable":true,"href":"https:\/\/hub.hslu.ch\/economiccrime\/wp-json\/wp\/v2\/categories?post=449"},{"taxonomy":"post_tag","embeddable":true,"href":"https:\/\/hub.hslu.ch\/economiccrime\/wp-json\/wp\/v2\/tags?post=449"}],"curies":[{"name":"wp","href":"https:\/\/api.w.org\/{rel}","templated":true}]}}