{"id":475,"date":"2021-05-17T04:00:08","date_gmt":"2021-05-17T04:00:08","guid":{"rendered":"https:\/\/hub.hslu.ch\/economiccrime\/2021\/05\/17\/die-geschichte-der-bek%c3%a4mpfung-der-wirtschaftskriminalit%c3%a4t\/"},"modified":"2026-02-11T14:53:28","modified_gmt":"2026-02-11T13:53:28","slug":"die-geschichte-der-bekaempfung-der-wirtschaftskriminalitaet","status":"publish","type":"post","link":"https:\/\/hub.hslu.ch\/economiccrime\/die-geschichte-der-bekaempfung-der-wirtschaftskriminalitaet\/","title":{"rendered":"Die Geschichte der Bek\u00e4mpfung der Wirtschaftskriminalit\u00e4t"},"content":{"rendered":"\n<p>Von <strong><a href=\"https:\/\/www.linkedin.com\/in\/thibaud-giddey-7b75a129\/\" target=\"_blank\" rel=\"noreferrer noopener\">Dr. Thibaud Giddey<\/a><\/strong><\/p>\n\n\n\n\n\n<p>W\u00e4hrend die Schweizer Justiz in der Mitte des 20. Jahrhunderts noch mangelhaft auf F\u00e4lle von Wirtschaftskriminalit\u00e4t vorbereitet war, hat sich die Handhabung der Ermittlung und Verfolgung solcher F\u00e4lle etwa zwischen 1970 und 1990 insbesondere in den Kantonen Z\u00fcrich und Genf stark ver\u00e4ndert.<\/p>\n\n\n\n<p><strong>Wirtschaftskriminalit\u00e4t in den 1950er-Jahren<\/strong><\/p>\n\n\n\n<p>Ende der 1950er Jahre wurde einem Zuger Untersuchungsrichter durch die eidgen\u00f6ssische Bankenkommission, der heutigen Finanzmarktaufsicht (FINMA), eine Strafanzeige gegen eine kleine Zuger Lokalbank, der Kredit- und Verwaltungsbank, \u00fcberreicht. Schon nach kurzem geriet die Untersuchung ins Stocken. Einerseits lag dies darin begr\u00fcndet, dass die angeklagte Bank mittels wiederholter Verwaltungsgerichtsbeschwerde das Verfahren verz\u00f6gerte. Andererseits fehlten dem zust\u00e4ndigen Untersuchungsrichter, dem heutigen Staatsanwalt, aber insbesondere die n\u00f6tigen Fachkenntnisse, um den Fall zu beurteilen, da er \u00absich haupts\u00e4chlich mit Verkehrsdelikten befasste\u00bb. Dies f\u00fchrte dazu, dass die Verj\u00e4hrungsfrist f\u00fcr Verst\u00f6sse gegen das Bankengesetz im Zeitpunkt des Urteils bereits abgelaufen war. In der Folge wurden die Angeklagten freigelassen und die Banksparer hatten aufgrund der Liquidation der Bank die finanziellen Verluste zu tragen. Ein Beispiel, dass sinnbildlich f\u00fcr viele weitere F\u00e4lle \u00e4hnlicher Art genannt werden kann.<\/p>\n\n\n\n<p><strong>Die Entwicklungen in Z\u00fcrich bis 1990<\/strong><\/p>\n\n\n\n<p>Zwischen 1975 und 1979 erfuhr die Organisation der Justiz im Kanton Z\u00fcrich eine wesentliche \u00c4nderung. Auf allen drei Stufen wurde die Situation verbessert. Sowohl bei der Ermittlung als auch bei den Anklagebeh\u00f6rden und den Gerichten schuf der Kanton Z\u00fcrich eine spezialisierte Einheit zur Bek\u00e4mpfung der Wirtschaftskriminalit\u00e4t. Bei der Kantonspolizei Z\u00fcrich entstand die Spezialabteilung 1 f\u00fcr Betrug- und Wirtschaftsdelikte. Im Jahr 1976 wurde dann bei der Bezirksanwaltschaft Z\u00fcrich die Wirtschaftsabteilung geschaffen, bevor im Jahr 1978 bei der ersten Strafkammer des Obergerichts Z\u00fcrich die, zun\u00e4chst inoffizielle, Strafkammer f\u00fcr Wirtschaftsdelikte, die sogenannte \u00abWirtschaftsstrafkammer\u00bb, entstand. Die Polizisten, Staatsanw\u00e4lte und Richter wurden zunehmend von Wirtschafts- und Buchhaltungsexperten unterst\u00fctzt und auch die Gerichtsverfahren wurden angepasst, um die Prozesse gegen Wirtschaftskriminelle effektiver zu f\u00fchren. Verantwortlich f\u00fcr die Entwicklungen im Kanton Z\u00fcrich war unter anderem der zunehmende Druck der Bev\u00f6lkerung. So gelang es dem Anzeigeblatt \u00abZ\u00fcri Leu\u00bb im Fr\u00fchjahr 1976 gen\u00fcgend Unterschriften f\u00fcr eine kantonale Volksinitiative \u00abf\u00fcr eine bessere Verfolgung der Wirtschaftskriminalit\u00e4t\u00bb zu sammeln. Im September 1977 genehmigten die Z\u00fcrcherinnen und Z\u00fcrcher an der Urne den Gegenentwurf des Regierungsrats.<\/p>\n\n\n\n<p><strong>Die Entwicklungen in Genf bis 1990<\/strong><\/p>\n\n\n\n<p>Im Kanton Genf fanden die wichtigsten \u00c4nderungen in der Gerichtsorganisation deutlich sp\u00e4ter sowie in mehreren Phasen statt. In den 1970er bis 1980er Jahren pr\u00e4gten vereinzelte Rufe aus dem Parlament sowie Verbesserungsw\u00fcnsche von \u00fcberforderten Richtern das Geschehen. Konkrete Anpassungen erfolgten allerdings kaum. Der vom Volk neu gew\u00e4hlte Generalstaatsanwalt, der sogenannte \u00abprocureur g\u00e9n\u00e9ral\u00bb, schuf im Fr\u00fchjahr 1990 die Voraussetzungen f\u00fcr einen entscheidenden Schritt im Kampf gegen die Wirtschaftskriminalit\u00e4t. Das verst\u00e4rkte Team an Ermittlungsrichtern um Bernard Bertossa markierte eine Wende in der Kriminalpolitik der Genfer Justiz. In Einklang mit dem von ihm propagierten Wahlprogramm setzte Bertossa in der Folge ein strengeres Vorgehen gegen wirtschaftskriminelle Handlungen um. Zielstrebig verfolgte er den durch ihn verk\u00f6rperten, starken politischen Willen, mehr strafrechtliche Ermittlungen einzuleiten und damit die Zahl der Strafverfolgungen von Delikten aus dem Bereich Wirtschaftskriminalit\u00e4t zu erh\u00f6hen. In der Folge leistete die Genfer Justiz viel bereitwilliger internationale Rechtshilfe und es wurde die internationale, justizielle Zusammenarbeit aktiv gef\u00f6rdert.<\/p>\n\n\n\n<p><strong>Die Entwicklungen im Vergleich<\/strong><\/p>\n\n\n\n<p>Die Reorganisation der Strafverfolgungs- und Justizbeh\u00f6rden im Kanton Genf erfolgte im Vergleich zum Kanton Z\u00fcrich sp\u00e4ter und kam langsam voran. Mit ihrem eisernen Willen, die wachsende internationale Finanzkriminalit\u00e4t einzud\u00e4mmen, machten sie aber vieles wieder wett. Erm\u00f6glicht wurde dieses striktere Vorgehen in den sp\u00e4ten 1970er Jahren aber auch durch die Entwicklungen auf gesetzlicher Eben. Die ersten Anti-Geldw\u00e4schereivorschriften traten Anfang der 1990er Jahre in Kraft und gaben der Justiz zus\u00e4tzliche Kapazit\u00e4ten zur Bek\u00e4mpfung der Finanzkriminalit\u00e4t.<\/p>\n\n\n\n<p>S\u00e4mtliche Ver\u00e4nderungen auf Seiten der Justizbeh\u00f6rden fanden vor dem Hintergrund der Entwicklungen auf dem Schweizer Finanzplatz statt. Im globalen Kontext des steigenden Offshore- Finanzplatzes waren die Schweizer Banken und Beh\u00f6rden bestrebt, ihren weltweiten Ruf zu wahren. Kriminelles oder betr\u00fcgerisches Verhalten, das durch das f\u00fcr das Schweizer Bankwesen charakteristische Umfeld der Geheimhaltung beg\u00fcnstigt wurde, stellte ein ernsthaftes Reputationsrisiko dar. Die unter dem Schlagwort &#171;Bek\u00e4mpfung der Wirtschaftskriminalit\u00e4t&#187; formulierten Verwaltungsreformen im Justizwesen trugen zu diesen Bem\u00fchungen bei.<\/p>\n\n\n\n<p><em>Dieser Blogbeitrag ist eine Zusammenfassung eines <\/em><a href=\"https:\/\/www.tandfonline.com\/doi\/full\/10.1080\/00076791.2020.1856077\" target=\"_blank\" rel=\"noreferrer noopener\"><em>wissenschaftlichen Artikels<\/em><\/a><em>, der im Dezember 2020 in der Zeitschrift \u00abBusiness History\u00bb erschienen ist.<\/em><\/p>\n\n\n\n<p><em>Der n\u00e4chste Beitrag auf dem Blog Economic Crime erscheint&nbsp; am 31. Mai 2021.<\/em><\/p>\n\n\n\t\t<div class=\"detail__member\">\n\t\t<h1 class=\"detail__member--title\">Autor: Dr. Thibaud Giddey<\/h1>\n\t\t<figure class=\"detail__member--img\">\n\t\t\t\t\t\t<!-- <img loading=\"lazy\" decoding=\"async\" width=\"276\" height=\"373\" src=\"https:\/\/hub.hslu.ch\/economiccrime\/wp-content\/uploads\/sites\/11\/2021\/05\/Autorenbild-zugeschnitten.jpeg\" class=\"attachment-normal size-normal\" alt=\"\" srcset=\"https:\/\/hub.hslu.ch\/economiccrime\/wp-content\/uploads\/sites\/11\/2021\/05\/Autorenbild-zugeschnitten.jpeg 276w, https:\/\/hub.hslu.ch\/economiccrime\/wp-content\/uploads\/sites\/11\/2021\/05\/Autorenbild-zugeschnitten-222x300.jpeg 222w\" sizes=\"auto, (max-width: 276px) 100vw, 276px\" \/> -->\n\t\t\t<img decoding=\"async\" src=\"https:\/\/hub.hslu.ch\/economiccrime\/wp-content\/uploads\/sites\/11\/2021\/05\/Autorenbild-zugeschnitten.jpeg\" alt=\"\">\n\t\t<\/figure>\n\t\t<div class=\"detail__member--content\">\n\t\t\t<div class=\"detail__member--content--description\">\n\t\t\t\t<a href=\"https:\/\/blog.hslu.ch\/economiccrime\/2021\/05\/17\/die-geschichte-der-bek%c3%a4mpfung-der-wirtschaftskriminalit%c3%a4t\/\" target=\"_blank\">Dr. Thibaud Giddey<\/a> ist Historiker und lehrt derzeit an der Universit\u00e4t Lausanne und der Eidgen\u00f6ssischen Technischen Hochschule Lausanne (EPFL). Seine Forschungsinteressen umfassen die Geschichte der Finanzaufsicht und -regulierung, die Geschichte der Wirtschaftskriminalit\u00e4t, Finanzskandale und die Entwicklung der europ\u00e4ischen Integration.\t\t\t<\/div>\n\t\t\t\n\t\t\t\n\t\t<\/div>\n\t<\/div>\n","protected":false},"excerpt":{"rendered":"<p>Bei den Strafverfolgungsbeh\u00f6rden der Schweiz sind sowohl auf Bundes- wie auch auf Kantonsebene Abteilungen auf die Bek\u00e4mpfung der Wirtschaftskriminalit\u00e4t spezialisiert. Welche Entwicklungen f\u00fchrten dazu, dass die Schweizer Justizbeh\u00f6rden diese Spezialabteilungen errichteten? <\/p>\n","protected":false},"author":111,"featured_media":478,"comment_status":"open","ping_status":"open","sticky":false,"template":"","format":"standard","meta":{"_acf_changed":false,"inline_featured_image":false,"_relevanssi_hide_post":"","_relevanssi_hide_content":"","_relevanssi_pin_for_all":"","_relevanssi_pin_keywords":"","_relevanssi_unpin_keywords":"","_relevanssi_related_keywords":"","_relevanssi_related_include_ids":"","_relevanssi_related_exclude_ids":"","_relevanssi_related_no_append":"","_relevanssi_related_not_related":"","_relevanssi_related_posts":"","_relevanssi_noindex_reason":"","footnotes":"","_links_to":"","_links_to_target":""},"categories":[58,87,12,19],"tags":[221,167,583,584,232,11],"class_list":["post-475","post","type-post","status-publish","format-standard","has-post-thumbnail","hentry","category-allgemein","category-geldwaescherei","category-wirtschaftskriminalistik","category-wirtschaftsrecht","tag-financial-crime","tag-finanzplatz","tag-geschichte","tag-justizsystem","tag-schweiz","tag-wirtschaftskriminalitaet"],"acf":[],"yoast_head":"<!-- This site is optimized with the Yoast SEO plugin v27.4 - https:\/\/yoast.com\/product\/yoast-seo-wordpress\/ -->\n<title>Die Geschichte der Bek\u00e4mpfung der Wirtschaftskriminalit\u00e4t - Economic Crime Blog<\/title>\n<meta name=\"robots\" content=\"index, follow, max-snippet:-1, max-image-preview:large, max-video-preview:-1\" \/>\n<link rel=\"canonical\" href=\"https:\/\/hub.hslu.ch\/economiccrime\/die-geschichte-der-bekaempfung-der-wirtschaftskriminalitaet\/\" \/>\n<meta property=\"og:locale\" content=\"de_DE\" \/>\n<meta property=\"og:type\" content=\"article\" \/>\n<meta property=\"og:title\" content=\"Die Geschichte der Bek\u00e4mpfung der Wirtschaftskriminalit\u00e4t - Economic Crime Blog\" \/>\n<meta property=\"og:description\" content=\"Bei den Strafverfolgungsbeh\u00f6rden der Schweiz sind sowohl auf Bundes- wie auch auf Kantonsebene Abteilungen auf die Bek\u00e4mpfung der Wirtschaftskriminalit\u00e4t spezialisiert. Welche Entwicklungen f\u00fchrten dazu, dass die Schweizer Justizbeh\u00f6rden diese Spezialabteilungen errichteten?\" \/>\n<meta property=\"og:url\" content=\"https:\/\/hub.hslu.ch\/economiccrime\/die-geschichte-der-bekaempfung-der-wirtschaftskriminalitaet\/\" \/>\n<meta property=\"og:site_name\" content=\"Economic Crime Blog\" \/>\n<meta property=\"article:published_time\" content=\"2021-05-17T04:00:08+00:00\" \/>\n<meta property=\"article:modified_time\" content=\"2026-02-11T13:53:28+00:00\" \/>\n<meta property=\"og:image\" content=\"https:\/\/hub.hslu.ch\/economiccrime\/wp-content\/uploads\/sites\/11\/2022\/07\/Beitragsbild-Vorschlag-Marc.jpg\" \/>\n\t<meta property=\"og:image:width\" content=\"1920\" \/>\n\t<meta property=\"og:image:height\" content=\"1101\" \/>\n\t<meta property=\"og:image:type\" content=\"image\/jpeg\" \/>\n<meta name=\"author\" content=\"webkinder\" \/>\n<meta name=\"twitter:card\" content=\"summary_large_image\" \/>\n<meta name=\"twitter:label1\" content=\"Geschrieben von\" \/>\n\t<meta name=\"twitter:data1\" content=\"webkinder\" \/>\n\t<meta name=\"twitter:label2\" content=\"Gesch\u00e4tzte Lesezeit\" \/>\n\t<meta name=\"twitter:data2\" content=\"5\u00a0Minuten\" \/>\n<script type=\"application\/ld+json\" class=\"yoast-schema-graph\">{\"@context\":\"https:\\\/\\\/schema.org\",\"@graph\":[{\"@type\":\"Article\",\"@id\":\"https:\\\/\\\/hub.hslu.ch\\\/economiccrime\\\/die-geschichte-der-bekaempfung-der-wirtschaftskriminalitaet\\\/#article\",\"isPartOf\":{\"@id\":\"https:\\\/\\\/hub.hslu.ch\\\/economiccrime\\\/die-geschichte-der-bekaempfung-der-wirtschaftskriminalitaet\\\/\"},\"author\":{\"name\":\"webkinder\",\"@id\":\"https:\\\/\\\/hub.hslu.ch\\\/economiccrime\\\/#\\\/schema\\\/person\\\/2fbc41f8eff3a89d0755cce0ed9a2542\"},\"headline\":\"Die Geschichte der Bek\u00e4mpfung der Wirtschaftskriminalit\u00e4t\",\"datePublished\":\"2021-05-17T04:00:08+00:00\",\"dateModified\":\"2026-02-11T13:53:28+00:00\",\"mainEntityOfPage\":{\"@id\":\"https:\\\/\\\/hub.hslu.ch\\\/economiccrime\\\/die-geschichte-der-bekaempfung-der-wirtschaftskriminalitaet\\\/\"},\"wordCount\":770,\"commentCount\":0,\"image\":{\"@id\":\"https:\\\/\\\/hub.hslu.ch\\\/economiccrime\\\/die-geschichte-der-bekaempfung-der-wirtschaftskriminalitaet\\\/#primaryimage\"},\"thumbnailUrl\":\"https:\\\/\\\/hub.hslu.ch\\\/economiccrime\\\/wp-content\\\/uploads\\\/sites\\\/11\\\/2022\\\/07\\\/Beitragsbild-Vorschlag-Marc.jpg\",\"keywords\":[\"Financial Crime\",\"Finanzplatz\",\"Geschichte\",\"Justizsystem\",\"Schweiz\",\"Wirtschaftskriminalit\u00e4t\"],\"articleSection\":{\"1\":\"Geldw\u00e4scherei\",\"2\":\"Wirtschaftskriminalistik\",\"3\":\"Wirtschaftsrecht\"},\"inLanguage\":\"de-CH\",\"potentialAction\":[{\"@type\":\"CommentAction\",\"name\":\"Comment\",\"target\":[\"https:\\\/\\\/hub.hslu.ch\\\/economiccrime\\\/die-geschichte-der-bekaempfung-der-wirtschaftskriminalitaet\\\/#respond\"]}]},{\"@type\":\"WebPage\",\"@id\":\"https:\\\/\\\/hub.hslu.ch\\\/economiccrime\\\/die-geschichte-der-bekaempfung-der-wirtschaftskriminalitaet\\\/\",\"url\":\"https:\\\/\\\/hub.hslu.ch\\\/economiccrime\\\/die-geschichte-der-bekaempfung-der-wirtschaftskriminalitaet\\\/\",\"name\":\"Die Geschichte der Bek\u00e4mpfung der Wirtschaftskriminalit\u00e4t - Economic Crime Blog\",\"isPartOf\":{\"@id\":\"https:\\\/\\\/hub.hslu.ch\\\/economiccrime\\\/#website\"},\"primaryImageOfPage\":{\"@id\":\"https:\\\/\\\/hub.hslu.ch\\\/economiccrime\\\/die-geschichte-der-bekaempfung-der-wirtschaftskriminalitaet\\\/#primaryimage\"},\"image\":{\"@id\":\"https:\\\/\\\/hub.hslu.ch\\\/economiccrime\\\/die-geschichte-der-bekaempfung-der-wirtschaftskriminalitaet\\\/#primaryimage\"},\"thumbnailUrl\":\"https:\\\/\\\/hub.hslu.ch\\\/economiccrime\\\/wp-content\\\/uploads\\\/sites\\\/11\\\/2022\\\/07\\\/Beitragsbild-Vorschlag-Marc.jpg\",\"datePublished\":\"2021-05-17T04:00:08+00:00\",\"dateModified\":\"2026-02-11T13:53:28+00:00\",\"author\":{\"@id\":\"https:\\\/\\\/hub.hslu.ch\\\/economiccrime\\\/#\\\/schema\\\/person\\\/2fbc41f8eff3a89d0755cce0ed9a2542\"},\"breadcrumb\":{\"@id\":\"https:\\\/\\\/hub.hslu.ch\\\/economiccrime\\\/die-geschichte-der-bekaempfung-der-wirtschaftskriminalitaet\\\/#breadcrumb\"},\"inLanguage\":\"de-CH\",\"potentialAction\":[{\"@type\":\"ReadAction\",\"target\":[\"https:\\\/\\\/hub.hslu.ch\\\/economiccrime\\\/die-geschichte-der-bekaempfung-der-wirtschaftskriminalitaet\\\/\"]}]},{\"@type\":\"ImageObject\",\"inLanguage\":\"de-CH\",\"@id\":\"https:\\\/\\\/hub.hslu.ch\\\/economiccrime\\\/die-geschichte-der-bekaempfung-der-wirtschaftskriminalitaet\\\/#primaryimage\",\"url\":\"https:\\\/\\\/hub.hslu.ch\\\/economiccrime\\\/wp-content\\\/uploads\\\/sites\\\/11\\\/2022\\\/07\\\/Beitragsbild-Vorschlag-Marc.jpg\",\"contentUrl\":\"https:\\\/\\\/hub.hslu.ch\\\/economiccrime\\\/wp-content\\\/uploads\\\/sites\\\/11\\\/2022\\\/07\\\/Beitragsbild-Vorschlag-Marc.jpg\",\"width\":1920,\"height\":1101},{\"@type\":\"BreadcrumbList\",\"@id\":\"https:\\\/\\\/hub.hslu.ch\\\/economiccrime\\\/die-geschichte-der-bekaempfung-der-wirtschaftskriminalitaet\\\/#breadcrumb\",\"itemListElement\":[{\"@type\":\"ListItem\",\"position\":1,\"name\":\"Home\",\"item\":\"https:\\\/\\\/hub.hslu.ch\\\/economiccrime\\\/\"},{\"@type\":\"ListItem\",\"position\":2,\"name\":\"Die Geschichte der Bek\u00e4mpfung der Wirtschaftskriminalit\u00e4t\"}]},{\"@type\":\"WebSite\",\"@id\":\"https:\\\/\\\/hub.hslu.ch\\\/economiccrime\\\/#website\",\"url\":\"https:\\\/\\\/hub.hslu.ch\\\/economiccrime\\\/\",\"name\":\"Economic Crime Blog\",\"description\":\"Bek\u00e4mpfung der Wirtschaftskriminalit\u00e4t\",\"potentialAction\":[{\"@type\":\"SearchAction\",\"target\":{\"@type\":\"EntryPoint\",\"urlTemplate\":\"https:\\\/\\\/hub.hslu.ch\\\/economiccrime\\\/?s={search_term_string}\"},\"query-input\":{\"@type\":\"PropertyValueSpecification\",\"valueRequired\":true,\"valueName\":\"search_term_string\"}}],\"inLanguage\":\"de-CH\"},{\"@type\":\"Person\",\"@id\":\"https:\\\/\\\/hub.hslu.ch\\\/economiccrime\\\/#\\\/schema\\\/person\\\/2fbc41f8eff3a89d0755cce0ed9a2542\",\"name\":\"webkinder\",\"image\":{\"@type\":\"ImageObject\",\"inLanguage\":\"de-CH\",\"@id\":\"https:\\\/\\\/secure.gravatar.com\\\/avatar\\\/597462d46107dd3eedd2b10f3add8a737c67c8148836713dd97585128d19d477?s=96&d=mm&r=g\",\"url\":\"https:\\\/\\\/secure.gravatar.com\\\/avatar\\\/597462d46107dd3eedd2b10f3add8a737c67c8148836713dd97585128d19d477?s=96&d=mm&r=g\",\"contentUrl\":\"https:\\\/\\\/secure.gravatar.com\\\/avatar\\\/597462d46107dd3eedd2b10f3add8a737c67c8148836713dd97585128d19d477?s=96&d=mm&r=g\",\"caption\":\"webkinder\"}}]}<\/script>\n<!-- \/ Yoast SEO plugin. -->","yoast_head_json":{"title":"Die Geschichte der Bek\u00e4mpfung der Wirtschaftskriminalit\u00e4t - Economic Crime Blog","robots":{"index":"index","follow":"follow","max-snippet":"max-snippet:-1","max-image-preview":"max-image-preview:large","max-video-preview":"max-video-preview:-1"},"canonical":"https:\/\/hub.hslu.ch\/economiccrime\/die-geschichte-der-bekaempfung-der-wirtschaftskriminalitaet\/","og_locale":"de_DE","og_type":"article","og_title":"Die Geschichte der Bek\u00e4mpfung der Wirtschaftskriminalit\u00e4t - Economic Crime Blog","og_description":"Bei den Strafverfolgungsbeh\u00f6rden der Schweiz sind sowohl auf Bundes- wie auch auf Kantonsebene Abteilungen auf die Bek\u00e4mpfung der Wirtschaftskriminalit\u00e4t spezialisiert. Welche Entwicklungen f\u00fchrten dazu, dass die Schweizer Justizbeh\u00f6rden diese Spezialabteilungen errichteten?","og_url":"https:\/\/hub.hslu.ch\/economiccrime\/die-geschichte-der-bekaempfung-der-wirtschaftskriminalitaet\/","og_site_name":"Economic Crime Blog","article_published_time":"2021-05-17T04:00:08+00:00","article_modified_time":"2026-02-11T13:53:28+00:00","og_image":[{"width":1920,"height":1101,"url":"https:\/\/hub.hslu.ch\/economiccrime\/wp-content\/uploads\/sites\/11\/2022\/07\/Beitragsbild-Vorschlag-Marc.jpg","type":"image\/jpeg"}],"author":"webkinder","twitter_card":"summary_large_image","twitter_misc":{"Geschrieben von":"webkinder","Gesch\u00e4tzte Lesezeit":"5\u00a0Minuten"},"schema":{"@context":"https:\/\/schema.org","@graph":[{"@type":"Article","@id":"https:\/\/hub.hslu.ch\/economiccrime\/die-geschichte-der-bekaempfung-der-wirtschaftskriminalitaet\/#article","isPartOf":{"@id":"https:\/\/hub.hslu.ch\/economiccrime\/die-geschichte-der-bekaempfung-der-wirtschaftskriminalitaet\/"},"author":{"name":"webkinder","@id":"https:\/\/hub.hslu.ch\/economiccrime\/#\/schema\/person\/2fbc41f8eff3a89d0755cce0ed9a2542"},"headline":"Die Geschichte der Bek\u00e4mpfung der Wirtschaftskriminalit\u00e4t","datePublished":"2021-05-17T04:00:08+00:00","dateModified":"2026-02-11T13:53:28+00:00","mainEntityOfPage":{"@id":"https:\/\/hub.hslu.ch\/economiccrime\/die-geschichte-der-bekaempfung-der-wirtschaftskriminalitaet\/"},"wordCount":770,"commentCount":0,"image":{"@id":"https:\/\/hub.hslu.ch\/economiccrime\/die-geschichte-der-bekaempfung-der-wirtschaftskriminalitaet\/#primaryimage"},"thumbnailUrl":"https:\/\/hub.hslu.ch\/economiccrime\/wp-content\/uploads\/sites\/11\/2022\/07\/Beitragsbild-Vorschlag-Marc.jpg","keywords":["Financial Crime","Finanzplatz","Geschichte","Justizsystem","Schweiz","Wirtschaftskriminalit\u00e4t"],"articleSection":{"1":"Geldw\u00e4scherei","2":"Wirtschaftskriminalistik","3":"Wirtschaftsrecht"},"inLanguage":"de-CH","potentialAction":[{"@type":"CommentAction","name":"Comment","target":["https:\/\/hub.hslu.ch\/economiccrime\/die-geschichte-der-bekaempfung-der-wirtschaftskriminalitaet\/#respond"]}]},{"@type":"WebPage","@id":"https:\/\/hub.hslu.ch\/economiccrime\/die-geschichte-der-bekaempfung-der-wirtschaftskriminalitaet\/","url":"https:\/\/hub.hslu.ch\/economiccrime\/die-geschichte-der-bekaempfung-der-wirtschaftskriminalitaet\/","name":"Die Geschichte der Bek\u00e4mpfung der Wirtschaftskriminalit\u00e4t - Economic Crime Blog","isPartOf":{"@id":"https:\/\/hub.hslu.ch\/economiccrime\/#website"},"primaryImageOfPage":{"@id":"https:\/\/hub.hslu.ch\/economiccrime\/die-geschichte-der-bekaempfung-der-wirtschaftskriminalitaet\/#primaryimage"},"image":{"@id":"https:\/\/hub.hslu.ch\/economiccrime\/die-geschichte-der-bekaempfung-der-wirtschaftskriminalitaet\/#primaryimage"},"thumbnailUrl":"https:\/\/hub.hslu.ch\/economiccrime\/wp-content\/uploads\/sites\/11\/2022\/07\/Beitragsbild-Vorschlag-Marc.jpg","datePublished":"2021-05-17T04:00:08+00:00","dateModified":"2026-02-11T13:53:28+00:00","author":{"@id":"https:\/\/hub.hslu.ch\/economiccrime\/#\/schema\/person\/2fbc41f8eff3a89d0755cce0ed9a2542"},"breadcrumb":{"@id":"https:\/\/hub.hslu.ch\/economiccrime\/die-geschichte-der-bekaempfung-der-wirtschaftskriminalitaet\/#breadcrumb"},"inLanguage":"de-CH","potentialAction":[{"@type":"ReadAction","target":["https:\/\/hub.hslu.ch\/economiccrime\/die-geschichte-der-bekaempfung-der-wirtschaftskriminalitaet\/"]}]},{"@type":"ImageObject","inLanguage":"de-CH","@id":"https:\/\/hub.hslu.ch\/economiccrime\/die-geschichte-der-bekaempfung-der-wirtschaftskriminalitaet\/#primaryimage","url":"https:\/\/hub.hslu.ch\/economiccrime\/wp-content\/uploads\/sites\/11\/2022\/07\/Beitragsbild-Vorschlag-Marc.jpg","contentUrl":"https:\/\/hub.hslu.ch\/economiccrime\/wp-content\/uploads\/sites\/11\/2022\/07\/Beitragsbild-Vorschlag-Marc.jpg","width":1920,"height":1101},{"@type":"BreadcrumbList","@id":"https:\/\/hub.hslu.ch\/economiccrime\/die-geschichte-der-bekaempfung-der-wirtschaftskriminalitaet\/#breadcrumb","itemListElement":[{"@type":"ListItem","position":1,"name":"Home","item":"https:\/\/hub.hslu.ch\/economiccrime\/"},{"@type":"ListItem","position":2,"name":"Die Geschichte der Bek\u00e4mpfung der Wirtschaftskriminalit\u00e4t"}]},{"@type":"WebSite","@id":"https:\/\/hub.hslu.ch\/economiccrime\/#website","url":"https:\/\/hub.hslu.ch\/economiccrime\/","name":"Economic Crime Blog","description":"Bek\u00e4mpfung der Wirtschaftskriminalit\u00e4t","potentialAction":[{"@type":"SearchAction","target":{"@type":"EntryPoint","urlTemplate":"https:\/\/hub.hslu.ch\/economiccrime\/?s={search_term_string}"},"query-input":{"@type":"PropertyValueSpecification","valueRequired":true,"valueName":"search_term_string"}}],"inLanguage":"de-CH"},{"@type":"Person","@id":"https:\/\/hub.hslu.ch\/economiccrime\/#\/schema\/person\/2fbc41f8eff3a89d0755cce0ed9a2542","name":"webkinder","image":{"@type":"ImageObject","inLanguage":"de-CH","@id":"https:\/\/secure.gravatar.com\/avatar\/597462d46107dd3eedd2b10f3add8a737c67c8148836713dd97585128d19d477?s=96&d=mm&r=g","url":"https:\/\/secure.gravatar.com\/avatar\/597462d46107dd3eedd2b10f3add8a737c67c8148836713dd97585128d19d477?s=96&d=mm&r=g","contentUrl":"https:\/\/secure.gravatar.com\/avatar\/597462d46107dd3eedd2b10f3add8a737c67c8148836713dd97585128d19d477?s=96&d=mm&r=g","caption":"webkinder"}}]}},"featured_image_src":"https:\/\/hub.hslu.ch\/economiccrime\/wp-content\/uploads\/sites\/11\/2022\/07\/Beitragsbild-Vorschlag-Marc.jpg","featured_image_src_square":"https:\/\/hub.hslu.ch\/economiccrime\/wp-content\/uploads\/sites\/11\/2022\/07\/Beitragsbild-Vorschlag-Marc.jpg","author_info":{"display_name":"webkinder","author_link":"https:\/\/hub.hslu.ch\/economiccrime\/author\/webkinder\/"},"_links":{"self":[{"href":"https:\/\/hub.hslu.ch\/economiccrime\/wp-json\/wp\/v2\/posts\/475","targetHints":{"allow":["GET"]}}],"collection":[{"href":"https:\/\/hub.hslu.ch\/economiccrime\/wp-json\/wp\/v2\/posts"}],"about":[{"href":"https:\/\/hub.hslu.ch\/economiccrime\/wp-json\/wp\/v2\/types\/post"}],"author":[{"embeddable":true,"href":"https:\/\/hub.hslu.ch\/economiccrime\/wp-json\/wp\/v2\/users\/111"}],"replies":[{"embeddable":true,"href":"https:\/\/hub.hslu.ch\/economiccrime\/wp-json\/wp\/v2\/comments?post=475"}],"version-history":[{"count":8,"href":"https:\/\/hub.hslu.ch\/economiccrime\/wp-json\/wp\/v2\/posts\/475\/revisions"}],"predecessor-version":[{"id":6311,"href":"https:\/\/hub.hslu.ch\/economiccrime\/wp-json\/wp\/v2\/posts\/475\/revisions\/6311"}],"wp:featuredmedia":[{"embeddable":true,"href":"https:\/\/hub.hslu.ch\/economiccrime\/wp-json\/wp\/v2\/media\/478"}],"wp:attachment":[{"href":"https:\/\/hub.hslu.ch\/economiccrime\/wp-json\/wp\/v2\/media?parent=475"}],"wp:term":[{"taxonomy":"category","embeddable":true,"href":"https:\/\/hub.hslu.ch\/economiccrime\/wp-json\/wp\/v2\/categories?post=475"},{"taxonomy":"post_tag","embeddable":true,"href":"https:\/\/hub.hslu.ch\/economiccrime\/wp-json\/wp\/v2\/tags?post=475"}],"curies":[{"name":"wp","href":"https:\/\/api.w.org\/{rel}","templated":true}]}}