{"id":63,"date":"2018-06-11T05:00:00","date_gmt":"2018-06-11T05:00:00","guid":{"rendered":"https:\/\/hub.hslu.ch\/economiccrime\/2018\/06\/11\/its-not-it-its-economy-stupid\/"},"modified":"2026-02-11T14:53:24","modified_gmt":"2026-02-11T13:53:24","slug":"its-not-it-its-economy-stupid","status":"publish","type":"post","link":"https:\/\/hub.hslu.ch\/economiccrime\/its-not-it-its-economy-stupid\/","title":{"rendered":"It\u2019s Not IT, It\u2019s Economy \u2013 Stupid"},"content":{"rendered":"\n<p>Von <a href=\"https:\/\/www.linkedin.com\/in\/marc-henauer-4374201\/\" target=\"_blank\" rel=\"noopener noreferrer\">Marc Henauer<\/a><\/p>\n\n\n\n\n\n<p>Ein Anbieter hoch gesicherter Webmails wird Opfer einer so genannten DDoS-Attacke, sprich einem Angriff auf die Verf\u00fcgbarkeit seiner Webseite. Nach der ersten Welle wird noch auf die Forderungen der Erpresser eingegangen. Die Webseite ist wieder verf\u00fcgbar und somit auch das eigentliche Produkt, n\u00e4mlich das Lesen und Versenden von E-Mails \u00fcber diese Webseite. Kurz darauf rollt eine neue DDoS-Well an und der Anbieter kommt zum Schluss, dass nun eigentlich eine anst\u00e4ndige Sicherung der Webseite gegen solche Angriffe angezeigt w\u00e4re, was nach internen Berechnungen mit rund 100&#8217;000 Schweizer Franken zu Buche schl\u00e4gt.<\/p>\n\n\n\n<p>Ein bundesnaher Betrieb wird Opfer einer IT-Spionage. W\u00e4hrend die Tatsache, dass in diesem Betrieb heikle und sensitive Informationen lagern schon alarmierend genug w\u00e4re, betreibt das Unternehmen auch kritische Leistungen f\u00fcr Teile der Bundesverwaltung und gef\u00e4hrdet damit die Integrit\u00e4t der Bundesnetze. Wo genau das Unternehmen in die Bundesnetze greift, ist zum Zeitpunkt der Entdeckung des Angriffes allerdings mehr als unklar. Die Entflechtung der Unternehmensnetze und jener der Bundesverwaltung dauert auch noch zwei Jahre sp\u00e4ter an.<\/p>\n\n\n\n<p>Dies sind nur zwei Beispiele aus der j\u00fcngsten Vergangenheit, in denen kriminelle Vorg\u00e4nge gegen IT-Systeme L\u00fccken im Umgang mit der Digitalisierung von Diensten und Prozessen offenbarten. Es w\u00e4re allerdings zu kurz gegriffen, nun den IT-Verantwortlichen einen Vorwurf zu machen, sie h\u00e4tten die Angriffe halt einfach fr\u00fchzeitig abwehren m\u00fcssen. Jede Einheit arbeitet mit den Ressourcen, die verf\u00fcgbar sind und gerade eine spezialisierte, technische Einheit kann kaum daf\u00fcr geradestehen, die wirklich gesch\u00e4ftskritischen Prozesse falsch oder ungen\u00fcgend eingesch\u00e4tzt zu haben. F\u00fcr das Risikomanagement und das damit verbundene Allokieren von Ressourcen ist am Ende die Gesch\u00e4ftsleitung verantwortlich und damit auch daf\u00fcr, dass f\u00fcr den Fall der F\u00e4lle die Prozesse und Ansprechpartner bekannt, die n\u00f6tigen Informationen greifbar und der Plan B zu Gew\u00e4hrleistung der gesch\u00e4ftskritischen Prozesse vorhanden sind.<\/p>\n\n\n\n<p>Die zwei oben erw\u00e4hnten Beispiele sollen als Fallstudien dienen, die aufzeigen welche Herausforderungen sich heutzutage stellen, um mit Vorf\u00e4llen im Cyberbereich umzugehen jenseits der IT-Abteilung. Dies bedeutet, die Verantwortlichkeiten \u00fcber die IT-Grenzen auf allen Ebenen in Unternehmen und Verwaltungen klar zu definieren. Die einzelnen Einheiten, von der Kommunikation \u00fcber die Compliance, das Legal-Team, die BCM Abteilung bis n\u00f6tigenfalls zum Verwaltungsrat m\u00fcssen in der Lage sein, die richtigen Fragen zu stellen und Auswirkungen auf ihren Bereich abzusch\u00e4tzen. Das setzt die n\u00f6tigen Strukturen und Prozesse vorg\u00e4ngig voraus. Die in der Realit\u00e4t gestellte Frage einer IT-Abteilung eines Finanzinstitutes, ob der Abfluss von Daten eines Kontaktformulars f\u00fcr Bankkunden nun meldepflichtig gegen\u00fcber der Finma sei oder nicht, zeigt die Problematik solch fehlender Prozesse. Die IT-Abteilung sollte eine solche Frage gar nicht erst stellen, sondern schlicht wissen, wer bei solchen Vorf\u00e4llen involviert geh\u00f6rt, um sich diesen Dingen anzunehmen.<\/p>\n\n\n\n<p>Bei aller Vorbereitung und perfekt integrierter Prozesse f\u00fcr Cyber-Vorf\u00e4lle, steht am Ende aber auch die Akzeptanz, was Seitens der Beh\u00f6rden, der Strafverfolgung und der internen Untersuchung machbar und m\u00f6glich ist. In mehr als weniger F\u00e4llen f\u00fchrt am Ende des Tages selbst der effizienteste und kompletteste Umgang mit solchen F\u00e4llen nicht dazu, das Ger\u00e4usch klickender Handschellen am anderen Ende der Welt zu vernehmen. Das soll allerdings nicht als Ausrede dienen, sich intern schon gar nicht erst korrekt aufzustellen. Denn ob am Ende jemand vor den Kadi gezogen wird oder nicht, ist mit Blick auf die Unternehmenst\u00e4tigkeit und der Bef\u00e4higung der zust\u00e4ndigen und unterst\u00fctzenden Organisationen und Einheiten vor, w\u00e4hrend und nach einem Angriff irrelevant.<\/p>\n\n\n\n<p>Was IT-Spionage f\u00fcr Unternehmen bedeutet und wie sie sich dagegen wappnen sollten ist auch Gegenstand des <a href=\"https:\/\/www.hslu.ch\/de-ch\/wirtschaft\/weiterbildung\/seminare\/ifz\/cyber-defence\/?instance_id=12\" target=\"_blank\" rel=\"noopener noreferrer\">Seminars Cyber Defence der Hochschule Luzern am 26. Juni 2018<\/a>.<\/p>\n\n\n\t\t<div class=\"detail__member\">\n\t\t<h1 class=\"detail__member--title\">Autor: Marc Henauer<\/h1>\n\t\t<figure class=\"detail__member--img\">\n\t\t\t\t\t\t<!-- <img loading=\"lazy\" decoding=\"async\" width=\"1229\" height=\"1632\" src=\"https:\/\/hub.hslu.ch\/economiccrime\/wp-content\/uploads\/sites\/11\/2018\/06\/Portrait.jpg\" class=\"attachment-normal size-normal\" alt=\"\" srcset=\"https:\/\/hub.hslu.ch\/economiccrime\/wp-content\/uploads\/sites\/11\/2018\/06\/Portrait.jpg 1229w, https:\/\/hub.hslu.ch\/economiccrime\/wp-content\/uploads\/sites\/11\/2018\/06\/Portrait-226x300.jpg 226w, https:\/\/hub.hslu.ch\/economiccrime\/wp-content\/uploads\/sites\/11\/2018\/06\/Portrait-771x1024.jpg 771w, https:\/\/hub.hslu.ch\/economiccrime\/wp-content\/uploads\/sites\/11\/2018\/06\/Portrait-768x1020.jpg 768w, https:\/\/hub.hslu.ch\/economiccrime\/wp-content\/uploads\/sites\/11\/2018\/06\/Portrait-1157x1536.jpg 1157w, https:\/\/hub.hslu.ch\/economiccrime\/wp-content\/uploads\/sites\/11\/2018\/06\/Portrait-526x698.jpg 526w\" sizes=\"auto, (max-width: 1229px) 100vw, 1229px\" \/> -->\n\t\t\t<img decoding=\"async\" src=\"https:\/\/hub.hslu.ch\/economiccrime\/wp-content\/uploads\/sites\/11\/2018\/06\/Portrait.jpg\" alt=\"\">\n\t\t<\/figure>\n\t\t<div class=\"detail__member--content\">\n\t\t\t<div class=\"detail__member--content--description\">\n\t\t\t\t<a href=\"https:\/\/www.linkedin.com\/authwall?trk=bf&amp;trkInfo=AQHn6bSZc2Jr-QAAAYJAPwxQjaVXKcAytgynZx3ae4c46wPQXl_iMnkRIQ3p-dcsrNaFwLhiUc0u-Iu0n8EL15BN0rlnkALVjLKXCnG10Jr7AT4p2HSdqo5d5_3VfpEY1ycnHJk=&amp;original_referer=&amp;sessionRedirect=https%3A%2F%2Fwww.linkedin.com%2Fin%2Fmarc-henauer-4374201%2F\" target=\"_blank\">Marc Henauer<\/a> ist Chef der Sektion MELANI (Melde- und Analysestelle Informationssicherung) beim Nachrichtendienst des Bundes. Zuvor war er im Dienst f\u00fcr Analyse und Pr\u00e4vention als Analytiker f\u00fcr Wirtschafts- und Internetkriminalit\u00e4t t\u00e4tig und Sektionschef bei MELANI\/KOBIK.\r\n\r\nMarc Henauer erlangte seinen Master of Arts in Foreign Service and National Security Studies an der Georgetown University, Washington, D.C.\t\t\t<\/div>\n\t\t\t\n\t\t\t\n\t\t<\/div>\n\t<\/div>\n","protected":false},"excerpt":{"rendered":"<p>Mit der fortlaufenden Digitalisierung in allen Lebensbereichen und \u00fcber alle Ebenen hinweg, wird selbst der einfachste Prozess eine Frage der IT, eingebettet in ein zunehmend komplexes System. Grund genug auf dem IT-Arbeitsmarkt auf Einkaufstour zu gehen um der Lage Herr zu werden? Leider ist die Antwort etwas komplexer und hat mit IT eigentlich nichts zu tun.<\/p>\n","protected":false},"author":111,"featured_media":64,"comment_status":"open","ping_status":"open","sticky":false,"template":"","format":"standard","meta":{"_acf_changed":false,"inline_featured_image":false,"_relevanssi_hide_post":"","_relevanssi_hide_content":"","_relevanssi_pin_for_all":"","_relevanssi_pin_keywords":"","_relevanssi_unpin_keywords":"","_relevanssi_related_keywords":"","_relevanssi_related_include_ids":"","_relevanssi_related_exclude_ids":"","_relevanssi_related_no_append":"","_relevanssi_related_not_related":"","_relevanssi_related_posts":"","_relevanssi_noindex_reason":"","footnotes":"","_links_to":"","_links_to_target":""},"categories":[41],"tags":[],"class_list":["post-63","post","type-post","status-publish","format-standard","has-post-thumbnail","hentry","category-cybercrime"],"acf":[],"yoast_head":"<!-- This site is optimized with the Yoast SEO plugin v27.5 - https:\/\/yoast.com\/product\/yoast-seo-wordpress\/ -->\n<title>It\u2019s Not IT, It\u2019s Economy \u2013 Stupid - Economic Crime Blog<\/title>\n<meta name=\"robots\" content=\"index, follow, max-snippet:-1, max-image-preview:large, max-video-preview:-1\" \/>\n<link rel=\"canonical\" href=\"https:\/\/hub.hslu.ch\/economiccrime\/its-not-it-its-economy-stupid\/\" \/>\n<meta property=\"og:locale\" content=\"de_DE\" \/>\n<meta property=\"og:type\" content=\"article\" \/>\n<meta property=\"og:title\" content=\"It\u2019s Not IT, It\u2019s Economy \u2013 Stupid - Economic Crime Blog\" \/>\n<meta property=\"og:description\" content=\"Mit der fortlaufenden Digitalisierung in allen Lebensbereichen und \u00fcber alle Ebenen hinweg, wird selbst der einfachste Prozess eine Frage der IT, eingebettet in ein zunehmend komplexes System. Grund genug auf dem IT-Arbeitsmarkt auf Einkaufstour zu gehen um der Lage Herr zu werden? Leider ist die Antwort etwas komplexer und hat mit IT eigentlich nichts zu tun.\" \/>\n<meta property=\"og:url\" content=\"https:\/\/hub.hslu.ch\/economiccrime\/its-not-it-its-economy-stupid\/\" \/>\n<meta property=\"og:site_name\" content=\"Economic Crime Blog\" \/>\n<meta property=\"article:published_time\" content=\"2018-06-11T05:00:00+00:00\" \/>\n<meta property=\"article:modified_time\" content=\"2026-02-11T13:53:24+00:00\" \/>\n<meta property=\"og:image\" content=\"https:\/\/hub.hslu.ch\/economiccrime\/wp-content\/uploads\/sites\/11\/2022\/07\/network-2402637_1280.jpg\" \/>\n\t<meta property=\"og:image:width\" content=\"1280\" \/>\n\t<meta property=\"og:image:height\" content=\"720\" \/>\n\t<meta property=\"og:image:type\" content=\"image\/jpeg\" \/>\n<meta name=\"author\" content=\"webkinder\" \/>\n<meta name=\"twitter:card\" content=\"summary_large_image\" \/>\n<meta name=\"twitter:label1\" content=\"Geschrieben von\" \/>\n\t<meta name=\"twitter:data1\" content=\"webkinder\" \/>\n\t<meta name=\"twitter:label2\" content=\"Gesch\u00e4tzte Lesezeit\" \/>\n\t<meta name=\"twitter:data2\" content=\"4\u00a0Minuten\" \/>\n<script type=\"application\/ld+json\" class=\"yoast-schema-graph\">{\"@context\":\"https:\\\/\\\/schema.org\",\"@graph\":[{\"@type\":\"Article\",\"@id\":\"https:\\\/\\\/hub.hslu.ch\\\/economiccrime\\\/its-not-it-its-economy-stupid\\\/#article\",\"isPartOf\":{\"@id\":\"https:\\\/\\\/hub.hslu.ch\\\/economiccrime\\\/its-not-it-its-economy-stupid\\\/\"},\"author\":{\"name\":\"webkinder\",\"@id\":\"https:\\\/\\\/hub.hslu.ch\\\/economiccrime\\\/#\\\/schema\\\/person\\\/2fbc41f8eff3a89d0755cce0ed9a2542\"},\"headline\":\"It\u2019s Not IT, It\u2019s Economy \u2013 Stupid\",\"datePublished\":\"2018-06-11T05:00:00+00:00\",\"dateModified\":\"2026-02-11T13:53:24+00:00\",\"mainEntityOfPage\":{\"@id\":\"https:\\\/\\\/hub.hslu.ch\\\/economiccrime\\\/its-not-it-its-economy-stupid\\\/\"},\"wordCount\":633,\"commentCount\":0,\"image\":{\"@id\":\"https:\\\/\\\/hub.hslu.ch\\\/economiccrime\\\/its-not-it-its-economy-stupid\\\/#primaryimage\"},\"thumbnailUrl\":\"https:\\\/\\\/hub.hslu.ch\\\/economiccrime\\\/wp-content\\\/uploads\\\/sites\\\/11\\\/2022\\\/07\\\/network-2402637_1280.jpg\",\"articleSection\":[\"Cybercrime\"],\"inLanguage\":\"de-CH\",\"potentialAction\":[{\"@type\":\"CommentAction\",\"name\":\"Comment\",\"target\":[\"https:\\\/\\\/hub.hslu.ch\\\/economiccrime\\\/its-not-it-its-economy-stupid\\\/#respond\"]}]},{\"@type\":\"WebPage\",\"@id\":\"https:\\\/\\\/hub.hslu.ch\\\/economiccrime\\\/its-not-it-its-economy-stupid\\\/\",\"url\":\"https:\\\/\\\/hub.hslu.ch\\\/economiccrime\\\/its-not-it-its-economy-stupid\\\/\",\"name\":\"It\u2019s Not IT, It\u2019s Economy \u2013 Stupid - Economic Crime Blog\",\"isPartOf\":{\"@id\":\"https:\\\/\\\/hub.hslu.ch\\\/economiccrime\\\/#website\"},\"primaryImageOfPage\":{\"@id\":\"https:\\\/\\\/hub.hslu.ch\\\/economiccrime\\\/its-not-it-its-economy-stupid\\\/#primaryimage\"},\"image\":{\"@id\":\"https:\\\/\\\/hub.hslu.ch\\\/economiccrime\\\/its-not-it-its-economy-stupid\\\/#primaryimage\"},\"thumbnailUrl\":\"https:\\\/\\\/hub.hslu.ch\\\/economiccrime\\\/wp-content\\\/uploads\\\/sites\\\/11\\\/2022\\\/07\\\/network-2402637_1280.jpg\",\"datePublished\":\"2018-06-11T05:00:00+00:00\",\"dateModified\":\"2026-02-11T13:53:24+00:00\",\"author\":{\"@id\":\"https:\\\/\\\/hub.hslu.ch\\\/economiccrime\\\/#\\\/schema\\\/person\\\/2fbc41f8eff3a89d0755cce0ed9a2542\"},\"breadcrumb\":{\"@id\":\"https:\\\/\\\/hub.hslu.ch\\\/economiccrime\\\/its-not-it-its-economy-stupid\\\/#breadcrumb\"},\"inLanguage\":\"de-CH\",\"potentialAction\":[{\"@type\":\"ReadAction\",\"target\":[\"https:\\\/\\\/hub.hslu.ch\\\/economiccrime\\\/its-not-it-its-economy-stupid\\\/\"]}]},{\"@type\":\"ImageObject\",\"inLanguage\":\"de-CH\",\"@id\":\"https:\\\/\\\/hub.hslu.ch\\\/economiccrime\\\/its-not-it-its-economy-stupid\\\/#primaryimage\",\"url\":\"https:\\\/\\\/hub.hslu.ch\\\/economiccrime\\\/wp-content\\\/uploads\\\/sites\\\/11\\\/2022\\\/07\\\/network-2402637_1280.jpg\",\"contentUrl\":\"https:\\\/\\\/hub.hslu.ch\\\/economiccrime\\\/wp-content\\\/uploads\\\/sites\\\/11\\\/2022\\\/07\\\/network-2402637_1280.jpg\",\"width\":1280,\"height\":720},{\"@type\":\"BreadcrumbList\",\"@id\":\"https:\\\/\\\/hub.hslu.ch\\\/economiccrime\\\/its-not-it-its-economy-stupid\\\/#breadcrumb\",\"itemListElement\":[{\"@type\":\"ListItem\",\"position\":1,\"name\":\"Home\",\"item\":\"https:\\\/\\\/hub.hslu.ch\\\/economiccrime\\\/\"},{\"@type\":\"ListItem\",\"position\":2,\"name\":\"It\u2019s Not IT, It\u2019s Economy \u2013 Stupid\"}]},{\"@type\":\"WebSite\",\"@id\":\"https:\\\/\\\/hub.hslu.ch\\\/economiccrime\\\/#website\",\"url\":\"https:\\\/\\\/hub.hslu.ch\\\/economiccrime\\\/\",\"name\":\"Economic Crime Blog\",\"description\":\"Bek\u00e4mpfung der Wirtschaftskriminalit\u00e4t\",\"potentialAction\":[{\"@type\":\"SearchAction\",\"target\":{\"@type\":\"EntryPoint\",\"urlTemplate\":\"https:\\\/\\\/hub.hslu.ch\\\/economiccrime\\\/?s={search_term_string}\"},\"query-input\":{\"@type\":\"PropertyValueSpecification\",\"valueRequired\":true,\"valueName\":\"search_term_string\"}}],\"inLanguage\":\"de-CH\"},{\"@type\":\"Person\",\"@id\":\"https:\\\/\\\/hub.hslu.ch\\\/economiccrime\\\/#\\\/schema\\\/person\\\/2fbc41f8eff3a89d0755cce0ed9a2542\",\"name\":\"webkinder\",\"image\":{\"@type\":\"ImageObject\",\"inLanguage\":\"de-CH\",\"@id\":\"https:\\\/\\\/secure.gravatar.com\\\/avatar\\\/597462d46107dd3eedd2b10f3add8a737c67c8148836713dd97585128d19d477?s=96&d=mm&r=g\",\"url\":\"https:\\\/\\\/secure.gravatar.com\\\/avatar\\\/597462d46107dd3eedd2b10f3add8a737c67c8148836713dd97585128d19d477?s=96&d=mm&r=g\",\"contentUrl\":\"https:\\\/\\\/secure.gravatar.com\\\/avatar\\\/597462d46107dd3eedd2b10f3add8a737c67c8148836713dd97585128d19d477?s=96&d=mm&r=g\",\"caption\":\"webkinder\"}}]}<\/script>\n<!-- \/ Yoast SEO plugin. -->","yoast_head_json":{"title":"It\u2019s Not IT, It\u2019s Economy \u2013 Stupid - Economic Crime Blog","robots":{"index":"index","follow":"follow","max-snippet":"max-snippet:-1","max-image-preview":"max-image-preview:large","max-video-preview":"max-video-preview:-1"},"canonical":"https:\/\/hub.hslu.ch\/economiccrime\/its-not-it-its-economy-stupid\/","og_locale":"de_DE","og_type":"article","og_title":"It\u2019s Not IT, It\u2019s Economy \u2013 Stupid - Economic Crime Blog","og_description":"Mit der fortlaufenden Digitalisierung in allen Lebensbereichen und \u00fcber alle Ebenen hinweg, wird selbst der einfachste Prozess eine Frage der IT, eingebettet in ein zunehmend komplexes System. Grund genug auf dem IT-Arbeitsmarkt auf Einkaufstour zu gehen um der Lage Herr zu werden? Leider ist die Antwort etwas komplexer und hat mit IT eigentlich nichts zu tun.","og_url":"https:\/\/hub.hslu.ch\/economiccrime\/its-not-it-its-economy-stupid\/","og_site_name":"Economic Crime Blog","article_published_time":"2018-06-11T05:00:00+00:00","article_modified_time":"2026-02-11T13:53:24+00:00","og_image":[{"width":1280,"height":720,"url":"https:\/\/hub.hslu.ch\/economiccrime\/wp-content\/uploads\/sites\/11\/2022\/07\/network-2402637_1280.jpg","type":"image\/jpeg"}],"author":"webkinder","twitter_card":"summary_large_image","twitter_misc":{"Geschrieben von":"webkinder","Gesch\u00e4tzte Lesezeit":"4\u00a0Minuten"},"schema":{"@context":"https:\/\/schema.org","@graph":[{"@type":"Article","@id":"https:\/\/hub.hslu.ch\/economiccrime\/its-not-it-its-economy-stupid\/#article","isPartOf":{"@id":"https:\/\/hub.hslu.ch\/economiccrime\/its-not-it-its-economy-stupid\/"},"author":{"name":"webkinder","@id":"https:\/\/hub.hslu.ch\/economiccrime\/#\/schema\/person\/2fbc41f8eff3a89d0755cce0ed9a2542"},"headline":"It\u2019s Not IT, It\u2019s Economy \u2013 Stupid","datePublished":"2018-06-11T05:00:00+00:00","dateModified":"2026-02-11T13:53:24+00:00","mainEntityOfPage":{"@id":"https:\/\/hub.hslu.ch\/economiccrime\/its-not-it-its-economy-stupid\/"},"wordCount":633,"commentCount":0,"image":{"@id":"https:\/\/hub.hslu.ch\/economiccrime\/its-not-it-its-economy-stupid\/#primaryimage"},"thumbnailUrl":"https:\/\/hub.hslu.ch\/economiccrime\/wp-content\/uploads\/sites\/11\/2022\/07\/network-2402637_1280.jpg","articleSection":["Cybercrime"],"inLanguage":"de-CH","potentialAction":[{"@type":"CommentAction","name":"Comment","target":["https:\/\/hub.hslu.ch\/economiccrime\/its-not-it-its-economy-stupid\/#respond"]}]},{"@type":"WebPage","@id":"https:\/\/hub.hslu.ch\/economiccrime\/its-not-it-its-economy-stupid\/","url":"https:\/\/hub.hslu.ch\/economiccrime\/its-not-it-its-economy-stupid\/","name":"It\u2019s Not IT, It\u2019s Economy \u2013 Stupid - Economic Crime Blog","isPartOf":{"@id":"https:\/\/hub.hslu.ch\/economiccrime\/#website"},"primaryImageOfPage":{"@id":"https:\/\/hub.hslu.ch\/economiccrime\/its-not-it-its-economy-stupid\/#primaryimage"},"image":{"@id":"https:\/\/hub.hslu.ch\/economiccrime\/its-not-it-its-economy-stupid\/#primaryimage"},"thumbnailUrl":"https:\/\/hub.hslu.ch\/economiccrime\/wp-content\/uploads\/sites\/11\/2022\/07\/network-2402637_1280.jpg","datePublished":"2018-06-11T05:00:00+00:00","dateModified":"2026-02-11T13:53:24+00:00","author":{"@id":"https:\/\/hub.hslu.ch\/economiccrime\/#\/schema\/person\/2fbc41f8eff3a89d0755cce0ed9a2542"},"breadcrumb":{"@id":"https:\/\/hub.hslu.ch\/economiccrime\/its-not-it-its-economy-stupid\/#breadcrumb"},"inLanguage":"de-CH","potentialAction":[{"@type":"ReadAction","target":["https:\/\/hub.hslu.ch\/economiccrime\/its-not-it-its-economy-stupid\/"]}]},{"@type":"ImageObject","inLanguage":"de-CH","@id":"https:\/\/hub.hslu.ch\/economiccrime\/its-not-it-its-economy-stupid\/#primaryimage","url":"https:\/\/hub.hslu.ch\/economiccrime\/wp-content\/uploads\/sites\/11\/2022\/07\/network-2402637_1280.jpg","contentUrl":"https:\/\/hub.hslu.ch\/economiccrime\/wp-content\/uploads\/sites\/11\/2022\/07\/network-2402637_1280.jpg","width":1280,"height":720},{"@type":"BreadcrumbList","@id":"https:\/\/hub.hslu.ch\/economiccrime\/its-not-it-its-economy-stupid\/#breadcrumb","itemListElement":[{"@type":"ListItem","position":1,"name":"Home","item":"https:\/\/hub.hslu.ch\/economiccrime\/"},{"@type":"ListItem","position":2,"name":"It\u2019s Not IT, It\u2019s Economy \u2013 Stupid"}]},{"@type":"WebSite","@id":"https:\/\/hub.hslu.ch\/economiccrime\/#website","url":"https:\/\/hub.hslu.ch\/economiccrime\/","name":"Economic Crime Blog","description":"Bek\u00e4mpfung der Wirtschaftskriminalit\u00e4t","potentialAction":[{"@type":"SearchAction","target":{"@type":"EntryPoint","urlTemplate":"https:\/\/hub.hslu.ch\/economiccrime\/?s={search_term_string}"},"query-input":{"@type":"PropertyValueSpecification","valueRequired":true,"valueName":"search_term_string"}}],"inLanguage":"de-CH"},{"@type":"Person","@id":"https:\/\/hub.hslu.ch\/economiccrime\/#\/schema\/person\/2fbc41f8eff3a89d0755cce0ed9a2542","name":"webkinder","image":{"@type":"ImageObject","inLanguage":"de-CH","@id":"https:\/\/secure.gravatar.com\/avatar\/597462d46107dd3eedd2b10f3add8a737c67c8148836713dd97585128d19d477?s=96&d=mm&r=g","url":"https:\/\/secure.gravatar.com\/avatar\/597462d46107dd3eedd2b10f3add8a737c67c8148836713dd97585128d19d477?s=96&d=mm&r=g","contentUrl":"https:\/\/secure.gravatar.com\/avatar\/597462d46107dd3eedd2b10f3add8a737c67c8148836713dd97585128d19d477?s=96&d=mm&r=g","caption":"webkinder"}}]}},"featured_image_src":"https:\/\/hub.hslu.ch\/economiccrime\/wp-content\/uploads\/sites\/11\/2022\/07\/network-2402637_1280.jpg","featured_image_src_square":"https:\/\/hub.hslu.ch\/economiccrime\/wp-content\/uploads\/sites\/11\/2022\/07\/network-2402637_1280.jpg","author_info":{"display_name":"webkinder","author_link":"https:\/\/hub.hslu.ch\/economiccrime\/author\/webkinder\/"},"_links":{"self":[{"href":"https:\/\/hub.hslu.ch\/economiccrime\/wp-json\/wp\/v2\/posts\/63","targetHints":{"allow":["GET"]}}],"collection":[{"href":"https:\/\/hub.hslu.ch\/economiccrime\/wp-json\/wp\/v2\/posts"}],"about":[{"href":"https:\/\/hub.hslu.ch\/economiccrime\/wp-json\/wp\/v2\/types\/post"}],"author":[{"embeddable":true,"href":"https:\/\/hub.hslu.ch\/economiccrime\/wp-json\/wp\/v2\/users\/111"}],"replies":[{"embeddable":true,"href":"https:\/\/hub.hslu.ch\/economiccrime\/wp-json\/wp\/v2\/comments?post=63"}],"version-history":[{"count":11,"href":"https:\/\/hub.hslu.ch\/economiccrime\/wp-json\/wp\/v2\/posts\/63\/revisions"}],"predecessor-version":[{"id":6199,"href":"https:\/\/hub.hslu.ch\/economiccrime\/wp-json\/wp\/v2\/posts\/63\/revisions\/6199"}],"wp:featuredmedia":[{"embeddable":true,"href":"https:\/\/hub.hslu.ch\/economiccrime\/wp-json\/wp\/v2\/media\/64"}],"wp:attachment":[{"href":"https:\/\/hub.hslu.ch\/economiccrime\/wp-json\/wp\/v2\/media?parent=63"}],"wp:term":[{"taxonomy":"category","embeddable":true,"href":"https:\/\/hub.hslu.ch\/economiccrime\/wp-json\/wp\/v2\/categories?post=63"},{"taxonomy":"post_tag","embeddable":true,"href":"https:\/\/hub.hslu.ch\/economiccrime\/wp-json\/wp\/v2\/tags?post=63"}],"curies":[{"name":"wp","href":"https:\/\/api.w.org\/{rel}","templated":true}]}}