{"id":10186,"date":"2024-09-27T06:55:00","date_gmt":"2024-09-27T04:55:00","guid":{"rendered":"https:\/\/hub.hslu.ch\/financialmanagement\/?p=10186"},"modified":"2026-02-11T14:53:51","modified_gmt":"2026-02-11T13:53:51","slug":"rueckblick-auf-die-carf-2024-in-luzern-10-jaehriges-jubilaeum","status":"publish","type":"post","link":"https:\/\/hub.hslu.ch\/financialmanagement\/2024\/09\/27\/rueckblick-auf-die-carf-2024-in-luzern-10-jaehriges-jubilaeum\/","title":{"rendered":"R\u00fcckblick auf die CARF 2024 in Luzern: 10-J\u00e4hriges Jubil\u00e4um"},"content":{"rendered":"\n\n\n<p>Der erste Konferenztag startete vielversprechend mit einem Vortrag von <a href=\"https:\/\/www.linkedin.com\/in\/dr-franz-schencking-873005257\/?originalSubdomain=de\">Dr. Franz Schencking<\/a>, Gesch\u00e4ftsf\u00fchrer des forstwirtschaftlichen Zusammenschlusses \u00abDie M\u00e4rkischen\u00bb und Experte f\u00fcr Entrepreneurship-BWL. In seinem Vortrag \u00abBWL von der Unsicherheit her neu denken\u00bb stellte er seinen methodischen Ansatz vor, der die traditionelle rationale Wahl durch existenzielle Rationalit\u00e4t ersetzt. Seine Ausf\u00fchrungen f\u00fchrten zu einer lebhaften Diskussion im Plenum.<\/p>\n\n\n\n<div class=\"swiper__responsive-container \">\n\t<div class=\"swiper__responsive-wrapper\">\n\t\t<div class=\"swiper mainSwiper\">\n\t\t\t<div class=\"swiper-wrapper\">\n\t\t\t\t\t\t\t\t\t\t\t\t\t\t<div class=\"swiper-slide\">\n\t\t\t\t\t\t<figure class=\"slide-figure\">\n\t\t\t\t\t\t\t<img decoding=\"async\" class=\"slide-image\" src=\"https:\/\/hub.hslu.ch\/financialmanagement\/wp-content\/blogs.dir\/488\/files\/sites\/16\/2024\/09\/3.jpg\" alt=\"\">\n\t\t\t\t\t\t\t<figcaption class=\"slide-caption\"><span><\/span><\/figcaption>\n\t\t\t\t\t\t<\/figure>\n\t\t\t\t\t\t<div class=\"slide-action-container\">\n\t\t\t\t\t\t\t<div class=\"slide-action slide-action-zoom\" data-id=\"69f23e757da29\">\uf188<\/div>\n\t\t\t\t\t\t\t\t\t\t\t\t\t<\/div>\n\t\t\t\t\t<\/div>\n\t\t\t\t\t\t\t\t\t\t\t\t\t\t<div class=\"swiper-slide\">\n\t\t\t\t\t\t<figure class=\"slide-figure\">\n\t\t\t\t\t\t\t<img decoding=\"async\" class=\"slide-image\" src=\"https:\/\/hub.hslu.ch\/financialmanagement\/wp-content\/blogs.dir\/488\/files\/sites\/16\/2024\/09\/5.jpeg\" alt=\"\">\n\t\t\t\t\t\t\t<figcaption class=\"slide-caption\"><span><\/span><\/figcaption>\n\t\t\t\t\t\t<\/figure>\n\t\t\t\t\t\t<div class=\"slide-action-container\">\n\t\t\t\t\t\t\t<div class=\"slide-action slide-action-zoom\" data-id=\"69f23e757da29\">\uf188<\/div>\n\t\t\t\t\t\t\t\t\t\t\t\t\t<\/div>\n\t\t\t\t\t<\/div>\n\t\t\t\t\t\t\t\t\t\t\t\t\t\t<div class=\"swiper-slide\">\n\t\t\t\t\t\t<figure class=\"slide-figure\">\n\t\t\t\t\t\t\t<img decoding=\"async\" class=\"slide-image\" src=\"https:\/\/hub.hslu.ch\/financialmanagement\/wp-content\/blogs.dir\/488\/files\/sites\/16\/2024\/09\/13.jpg\" alt=\"\">\n\t\t\t\t\t\t\t<figcaption class=\"slide-caption\"><span><\/span><\/figcaption>\n\t\t\t\t\t\t<\/figure>\n\t\t\t\t\t\t<div class=\"slide-action-container\">\n\t\t\t\t\t\t\t<div class=\"slide-action slide-action-zoom\" data-id=\"69f23e757da29\">\uf188<\/div>\n\t\t\t\t\t\t\t\t\t\t\t\t\t<\/div>\n\t\t\t\t\t<\/div>\n\t\t\t\t\t\t\t\t\t\t\t\t\t\t<div class=\"swiper-slide\">\n\t\t\t\t\t\t<figure class=\"slide-figure\">\n\t\t\t\t\t\t\t<img decoding=\"async\" class=\"slide-image\" src=\"https:\/\/hub.hslu.ch\/financialmanagement\/wp-content\/blogs.dir\/488\/files\/sites\/16\/2024\/09\/21-1.jpeg\" alt=\"\">\n\t\t\t\t\t\t\t<figcaption class=\"slide-caption\"><span><\/span><\/figcaption>\n\t\t\t\t\t\t<\/figure>\n\t\t\t\t\t\t<div class=\"slide-action-container\">\n\t\t\t\t\t\t\t<div class=\"slide-action slide-action-zoom\" data-id=\"69f23e757da29\">\uf188<\/div>\n\t\t\t\t\t\t\t\t\t\t\t\t\t<\/div>\n\t\t\t\t\t<\/div>\n\t\t\t\t\t\t\t\t\t\t\t\t\t\t<div class=\"swiper-slide\">\n\t\t\t\t\t\t<figure class=\"slide-figure\">\n\t\t\t\t\t\t\t<img decoding=\"async\" class=\"slide-image\" src=\"https:\/\/hub.hslu.ch\/financialmanagement\/wp-content\/blogs.dir\/488\/files\/sites\/16\/2024\/09\/22.jpg\" alt=\"\">\n\t\t\t\t\t\t\t<figcaption class=\"slide-caption\"><span><\/span><\/figcaption>\n\t\t\t\t\t\t<\/figure>\n\t\t\t\t\t\t<div class=\"slide-action-container\">\n\t\t\t\t\t\t\t<div class=\"slide-action slide-action-zoom\" data-id=\"69f23e757da29\">\uf188<\/div>\n\t\t\t\t\t\t\t\t\t\t\t\t\t<\/div>\n\t\t\t\t\t<\/div>\n\t\t\t\t\t\t\t\t\t\t\t\t\t\t<div class=\"swiper-slide\">\n\t\t\t\t\t\t<figure class=\"slide-figure\">\n\t\t\t\t\t\t\t<img decoding=\"async\" class=\"slide-image\" src=\"https:\/\/hub.hslu.ch\/financialmanagement\/wp-content\/blogs.dir\/488\/files\/sites\/16\/2024\/09\/29.jpeg\" alt=\"\">\n\t\t\t\t\t\t\t<figcaption class=\"slide-caption\"><span><\/span><\/figcaption>\n\t\t\t\t\t\t<\/figure>\n\t\t\t\t\t\t<div class=\"slide-action-container\">\n\t\t\t\t\t\t\t<div class=\"slide-action slide-action-zoom\" data-id=\"69f23e757da29\">\uf188<\/div>\n\t\t\t\t\t\t\t\t\t\t\t\t\t<\/div>\n\t\t\t\t\t<\/div>\n\t\t\t\t\t\t\t<\/div>\n\t\t\t<div class=\"swiper-button-prev\"><\/div>\n\t\t\t<div class=\"swiper-button-next\"><\/div>\n\t\t<\/div>\n\t\t<div class=\"swiper-pagination\"><\/div>\n\t<\/div>\n<\/div>\n\n<div class=\"zoom-container\" data-id=\"69f23e757da29\">\n\t<div class=\"zoom-container-inner\">\n\t\t<div class=\"zoom-responsive-container\">\n\t\t\t<div class=\"zoom-wrapper\">\n\t\t\t\t<div class=\"swiper zoomSwiper\">\n\t\t\t\t\t<div class=\"swiper-wrapper\">\n\t\t\t\t\t\t\t\t\t\t\t\t\t\t\t\t\t\t\t\t<div class=\"swiper-slide\">\n\t\t\t\t\t\t\t\t<figure class=\"slide-figure\">\n\t\t\t\t\t\t\t\t\t<img decoding=\"async\" class=\"slide-image\" src=\"https:\/\/hub.hslu.ch\/financialmanagement\/wp-content\/blogs.dir\/488\/files\/sites\/16\/2024\/09\/3.jpg\" alt=\"\">\n\t\t\t\t\t\t\t\t\t<figcaption class=\"slide-caption\"><span><\/span><\/figcaption>\n\t\t\t\t\t\t\t\t<\/figure>\n\t\t\t\t\t\t\t\t<div class=\"slide-action-container\">\n\t\t\t\t\t\t\t\t\t<div class=\"slide-action zoom-action-close\">\uf189<\/div>\n\t\t\t\t\t\t\t\t\t\t\t\t\t\t\t\t\t<\/div>\n\t\t\t\t\t\t\t<\/div>\n\t\t\t\t\t\t\t\t\t\t\t\t\t\t\t\t\t\t\t\t<div class=\"swiper-slide\">\n\t\t\t\t\t\t\t\t<figure class=\"slide-figure\">\n\t\t\t\t\t\t\t\t\t<img decoding=\"async\" class=\"slide-image\" src=\"https:\/\/hub.hslu.ch\/financialmanagement\/wp-content\/blogs.dir\/488\/files\/sites\/16\/2024\/09\/5.jpeg\" alt=\"\">\n\t\t\t\t\t\t\t\t\t<figcaption class=\"slide-caption\"><span><\/span><\/figcaption>\n\t\t\t\t\t\t\t\t<\/figure>\n\t\t\t\t\t\t\t\t<div class=\"slide-action-container\">\n\t\t\t\t\t\t\t\t\t<div class=\"slide-action zoom-action-close\">\uf189<\/div>\n\t\t\t\t\t\t\t\t\t\t\t\t\t\t\t\t\t<\/div>\n\t\t\t\t\t\t\t<\/div>\n\t\t\t\t\t\t\t\t\t\t\t\t\t\t\t\t\t\t\t\t<div class=\"swiper-slide\">\n\t\t\t\t\t\t\t\t<figure class=\"slide-figure\">\n\t\t\t\t\t\t\t\t\t<img decoding=\"async\" class=\"slide-image\" src=\"https:\/\/hub.hslu.ch\/financialmanagement\/wp-content\/blogs.dir\/488\/files\/sites\/16\/2024\/09\/13.jpg\" alt=\"\">\n\t\t\t\t\t\t\t\t\t<figcaption class=\"slide-caption\"><span><\/span><\/figcaption>\n\t\t\t\t\t\t\t\t<\/figure>\n\t\t\t\t\t\t\t\t<div class=\"slide-action-container\">\n\t\t\t\t\t\t\t\t\t<div class=\"slide-action zoom-action-close\">\uf189<\/div>\n\t\t\t\t\t\t\t\t\t\t\t\t\t\t\t\t\t<\/div>\n\t\t\t\t\t\t\t<\/div>\n\t\t\t\t\t\t\t\t\t\t\t\t\t\t\t\t\t\t\t\t<div class=\"swiper-slide\">\n\t\t\t\t\t\t\t\t<figure class=\"slide-figure\">\n\t\t\t\t\t\t\t\t\t<img decoding=\"async\" class=\"slide-image\" src=\"https:\/\/hub.hslu.ch\/financialmanagement\/wp-content\/blogs.dir\/488\/files\/sites\/16\/2024\/09\/21-1.jpeg\" alt=\"\">\n\t\t\t\t\t\t\t\t\t<figcaption class=\"slide-caption\"><span><\/span><\/figcaption>\n\t\t\t\t\t\t\t\t<\/figure>\n\t\t\t\t\t\t\t\t<div class=\"slide-action-container\">\n\t\t\t\t\t\t\t\t\t<div class=\"slide-action zoom-action-close\">\uf189<\/div>\n\t\t\t\t\t\t\t\t\t\t\t\t\t\t\t\t\t<\/div>\n\t\t\t\t\t\t\t<\/div>\n\t\t\t\t\t\t\t\t\t\t\t\t\t\t\t\t\t\t\t\t<div class=\"swiper-slide\">\n\t\t\t\t\t\t\t\t<figure class=\"slide-figure\">\n\t\t\t\t\t\t\t\t\t<img decoding=\"async\" class=\"slide-image\" src=\"https:\/\/hub.hslu.ch\/financialmanagement\/wp-content\/blogs.dir\/488\/files\/sites\/16\/2024\/09\/22.jpg\" alt=\"\">\n\t\t\t\t\t\t\t\t\t<figcaption class=\"slide-caption\"><span><\/span><\/figcaption>\n\t\t\t\t\t\t\t\t<\/figure>\n\t\t\t\t\t\t\t\t<div class=\"slide-action-container\">\n\t\t\t\t\t\t\t\t\t<div class=\"slide-action zoom-action-close\">\uf189<\/div>\n\t\t\t\t\t\t\t\t\t\t\t\t\t\t\t\t\t<\/div>\n\t\t\t\t\t\t\t<\/div>\n\t\t\t\t\t\t\t\t\t\t\t\t\t\t\t\t\t\t\t\t<div class=\"swiper-slide\">\n\t\t\t\t\t\t\t\t<figure class=\"slide-figure\">\n\t\t\t\t\t\t\t\t\t<img decoding=\"async\" class=\"slide-image\" src=\"https:\/\/hub.hslu.ch\/financialmanagement\/wp-content\/blogs.dir\/488\/files\/sites\/16\/2024\/09\/29.jpeg\" alt=\"\">\n\t\t\t\t\t\t\t\t\t<figcaption class=\"slide-caption\"><span><\/span><\/figcaption>\n\t\t\t\t\t\t\t\t<\/figure>\n\t\t\t\t\t\t\t\t<div class=\"slide-action-container\">\n\t\t\t\t\t\t\t\t\t<div class=\"slide-action zoom-action-close\">\uf189<\/div>\n\t\t\t\t\t\t\t\t\t\t\t\t\t\t\t\t\t<\/div>\n\t\t\t\t\t\t\t<\/div>\n\t\t\t\t\t\t\t\t\t\t\t<\/div>\n\t\t\t\t\t<div class=\"swiper-button-prev\"><\/div>\n\t\t\t\t\t<div class=\"swiper-button-next\"><\/div>\n\t\t\t\t<\/div>\n\t\t\t\t<div class=\"swiper-pagination\"><\/div>\n\t\t\t<\/div>\n\t\t<\/div>\n\t<\/div>\n<\/div>\n\n\n\n<p>Im Anschluss wurden zahlreiche Beitr\u00e4ge in verschiedenen Tracks pr\u00e4sentiert. Der intensive wissenschaftliche Austausch in den Sessions erm\u00f6glichte es den Teilnehmenden, neue Ideen zu entwickeln und wertvolle Netzwerke zu kn\u00fcpfen. Im Mittelpunkt der diesj\u00e4hrigen Vortr\u00e4ge von Forschenden aus dem DACH-Raum standen Themen zur K\u00fcnstlichen Intelligenz, dem Bereich Reporting und Controlling von ESG-Aspekten und die Digitalisierung in der betriebswirtschaftlichen Hochschulausbildung.<\/p>\n\n\n\n<p>Zum 10-j\u00e4hrigen Jubil\u00e4um wurde den Teilnehmenden nach dem ersten Konferenztag ein besonderes Rahmenprogramm geboten. Bei einer Schiffsrundfahrt auf dem Vierwaldst\u00e4ttersee konnten sie die landschaftliche Vielfalt der Region beim Ap\u00e9ro geniessen. Der Abend klang mit einem k\u00f6stlichen Men\u00fc im Hotel Seeburg aus, wo in entspannter Atmosph\u00e4re Gespr\u00e4che gef\u00fchrt und Kontakte gekn\u00fcpft wurden.<\/p>\n\n\n\n<p>Der zweite Konferenztag widmete sich aktuellen Entwicklungen in den Bereichen Controlling, Accounting, Risk &amp; Compliance und Finance. <a href=\"https:\/\/www.linkedin.com\/in\/alan-hippe-181543116\/\" target=\"_blank\" rel=\"noreferrer noopener\">Alan Hippe<\/a>, CFO und CIO von Roche, er\u00f6ffnete den Tag mit einer inspirierenden Keynote zum Thema \u00abBeyond Numbers &#8211; the tech driven future of finance\u00bb. Er betonte die Herausforderungen, die die Transformation der Finanzfunktion an die Hochschulausbildung stellt, insbesondere durch Digitalisierung und Globalisierung.<\/p>\n\n\n\n<p>Ein weiterer H\u00f6hepunkt der CARF 2024 war die Verleihung der Best Paper Awards. In der Kategorie Forschung wurde <a href=\"https:\/\/www.linkedin.com\/in\/robert-nothhelfer-03bbba5b\/\" target=\"_blank\" rel=\"noreferrer noopener\">Prof. Dr. Robert Nothhelfer<\/a> von der Hochschule Pforzheim f\u00fcr seinen Beitrag \u00abBerichterstattung \u00fcber immaterielle Ressourcen \u2013 Umfang und Grenzen der neuen Berichtspflicht\u00bb ausgezeichnet. In der Kategorie Lehre \u00fcberzeugten <a href=\"https:\/\/www.linkedin.com\/in\/prof-dr-ute-vanini-75aa00222\/\" target=\"_blank\" rel=\"noreferrer noopener\">Prof. Dr. Ute Vanini<\/a> und <a href=\"https:\/\/www.linkedin.com\/in\/annika-jacobsen-6545a92b3\/\" target=\"_blank\" rel=\"noreferrer noopener\">Annika Jacobsen<\/a> von der Fachhochschule Kiel mit ihrem Beitrag \u00abFit f\u00fcr die Nachhaltigkeitstransformation? \u2013 Zur Integration von Nachhaltigkeitskompetenzen in der Controllinglehre\u00bb.<\/p>\n\n\n\n<p>Insgesamt wurden 42 hochwertige Beitr\u00e4ge aus verschiedenen Themenbereichen pr\u00e4sentiert. Die CARF-Konferenz bewies erneut ihre Bedeutung als Plattform f\u00fcr den Wissensaustausch und die Vernetzung von Fachleuten im deutschsprachigen Raum. Die famili\u00e4re Atmosph\u00e4re der Konferenz, gepr\u00e4gt durch wertvolle Diskussionen, konstruktive Feedbackgespr\u00e4che und Networking-M\u00f6glichkeiten, wird von den Teilnehmenden als einer der Hauptgr\u00fcnde f\u00fcr den Erfolg der CARF-Konferenz genannt.<\/p>\n\n\n\n<p>Wir freuen uns bereits auf ein Wiedersehen und die Einreichung vieler interessanter Beitr\u00e4ge bei der CARF 2025, die am 11. und 12. September 2025 stattfinden wird.<\/p>\n\n\n\n<div style=\"height:20px\" aria-hidden=\"true\" class=\"wp-block-spacer\"><\/div>\n\n\n\n<div class=\"wp-block-buttons is-content-justification-center is-layout-flex wp-container-core-buttons-is-layout-16018d1d wp-block-buttons-is-layout-flex\">\n<div class=\"wp-block-button has-custom-width wp-block-button__width-50\"><a class=\"wp-block-button__link has-background wp-element-button\" href=\"https:\/\/www.hslu.ch\/de-ch\/wirtschaft\/forschung\/konferenzen\/carf-luzern\/rueckblick-carf-luzern-konferenzen\/\" style=\"background:linear-gradient(90deg,rgb(119,197,216) 0%,rgb(119,197,216) 100%)\">R\u00fcckblick CARF 2024<\/a><\/div>\n<\/div>\n","protected":false},"excerpt":{"rendered":"<p>Die CARF hat sich in den letzten Jahren zu einem festen Termin im Kalender von Forschenden, Dozierenden und wissenschaftlichen Mitarbeitenden in den Bereichen Controlling, Accounting &amp; Audit, Risk &amp; Compliance, Finanzen sowie Lehre etabliert. Auch dieses Jahr fand die Konferenz am 12. und 13. September in Luzern statt und zog rund 70 Teilnehmende aus der Schweiz, Deutschland und \u00d6sterreich an.<\/p>\n","protected":false},"author":236,"featured_media":6894,"comment_status":"closed","ping_status":"closed","sticky":false,"template":"","format":"standard","meta":{"_acf_changed":false,"inline_featured_image":false,"_relevanssi_hide_post":"","_relevanssi_hide_content":"","_relevanssi_pin_for_all":"","_relevanssi_pin_keywords":"","_relevanssi_unpin_keywords":"","_relevanssi_related_keywords":"","_relevanssi_related_include_ids":"","_relevanssi_related_exclude_ids":"","_relevanssi_related_no_append":"","_relevanssi_related_not_related":"","_relevanssi_related_posts":"2837,8567,3753,5117,3515,4440","_relevanssi_noindex_reason":"","ngg_post_thumbnail":0,"footnotes":"","_links_to":"","_links_to_target":""},"categories":[94436,723],"tags":[3825,67358,67432,3797,404],"class_list":["post-10186","post","type-post","status-publish","format-standard","has-post-thumbnail","hentry","category-carf-luzern","category-veranstaltungen","tag-accounting","tag-carf","tag-controlling","tag-finance","tag-risk-management"],"acf":[],"yoast_head":"<!-- This site is optimized with the Yoast SEO plugin v27.5 - https:\/\/yoast.com\/product\/yoast-seo-wordpress\/ -->\n<title>R\u00fcckblick auf die CARF 2024 in Luzern: 10-J\u00e4hriges Jubil\u00e4um - Financial Management Blog<\/title>\n<meta name=\"description\" content=\"Die CARF hat sich in den letzten Jahren zu einem festen Termin im Kalender von Forschenden, Dozierenden und wissenschaftlichen Mitarbeitenden in den Bereichen Controlling, Accounting &amp; Audit, Risk &amp; Compliance, Finanzen sowie Lehre etabliert. Auch dieses Jahr fand die Konferenz am 12. und 13. September in Luzern statt und zog rund 70 Teilnehmende aus der Schweiz, Deutschland und \u00d6sterreich an.\" \/>\n<meta name=\"robots\" content=\"index, follow, max-snippet:-1, max-image-preview:large, max-video-preview:-1\" \/>\n<link rel=\"canonical\" href=\"https:\/\/hub.hslu.ch\/financialmanagement\/2024\/09\/27\/rueckblick-auf-die-carf-2024-in-luzern-10-jaehriges-jubilaeum\/\" \/>\n<meta property=\"og:locale\" content=\"de_DE\" \/>\n<meta property=\"og:type\" content=\"article\" \/>\n<meta property=\"og:title\" content=\"R\u00fcckblick auf die CARF 2024 in Luzern: 10-J\u00e4hriges Jubil\u00e4um - Financial Management Blog\" \/>\n<meta property=\"og:description\" content=\"Die CARF hat sich in den letzten Jahren zu einem festen Termin im Kalender von Forschenden, Dozierenden und wissenschaftlichen Mitarbeitenden in den Bereichen Controlling, Accounting &amp; Audit, Risk &amp; Compliance, Finanzen sowie Lehre etabliert. Auch dieses Jahr fand die Konferenz am 12. und 13. September in Luzern statt und zog rund 70 Teilnehmende aus der Schweiz, Deutschland und \u00d6sterreich an.\" \/>\n<meta property=\"og:url\" content=\"https:\/\/hub.hslu.ch\/financialmanagement\/2024\/09\/27\/rueckblick-auf-die-carf-2024-in-luzern-10-jaehriges-jubilaeum\/\" \/>\n<meta property=\"og:site_name\" content=\"Financial Management Blog\" \/>\n<meta property=\"article:published_time\" content=\"2024-09-27T04:55:00+00:00\" \/>\n<meta property=\"article:modified_time\" content=\"2026-02-11T13:53:51+00:00\" \/>\n<meta property=\"og:image\" content=\"https:\/\/hub.hslu.ch\/financialmanagement\/wp-content\/blogs.dir\/488\/files\/sites\/16\/2020\/09\/CARF_luzern_2009_mdb_027.jpg\" \/>\n\t<meta property=\"og:image:width\" content=\"1181\" \/>\n\t<meta property=\"og:image:height\" content=\"785\" \/>\n\t<meta property=\"og:image:type\" content=\"image\/jpeg\" \/>\n<meta name=\"author\" content=\"melanielisafuerch\" \/>\n<meta name=\"twitter:card\" content=\"summary_large_image\" \/>\n<meta name=\"twitter:label1\" content=\"Geschrieben von\" \/>\n\t<meta name=\"twitter:data1\" content=\"melanielisafuerch\" \/>\n\t<meta name=\"twitter:label2\" content=\"Gesch\u00e4tzte Lesezeit\" \/>\n\t<meta name=\"twitter:data2\" content=\"3\u00a0Minuten\" \/>\n<script type=\"application\/ld+json\" class=\"yoast-schema-graph\">{\"@context\":\"https:\\\/\\\/schema.org\",\"@graph\":[{\"@type\":\"Article\",\"@id\":\"https:\\\/\\\/hub.hslu.ch\\\/financialmanagement\\\/2024\\\/09\\\/27\\\/rueckblick-auf-die-carf-2024-in-luzern-10-jaehriges-jubilaeum\\\/#article\",\"isPartOf\":{\"@id\":\"https:\\\/\\\/hub.hslu.ch\\\/financialmanagement\\\/2024\\\/09\\\/27\\\/rueckblick-auf-die-carf-2024-in-luzern-10-jaehriges-jubilaeum\\\/\"},\"author\":{\"name\":\"melanielisafuerch\",\"@id\":\"https:\\\/\\\/hub.hslu.ch\\\/financialmanagement\\\/#\\\/schema\\\/person\\\/37830b930c7191bcaf93c2a45521ee16\"},\"headline\":\"R\u00fcckblick auf die CARF 2024 in Luzern: 10-J\u00e4hriges Jubil\u00e4um\",\"datePublished\":\"2024-09-27T04:55:00+00:00\",\"dateModified\":\"2026-02-11T13:53:51+00:00\",\"mainEntityOfPage\":{\"@id\":\"https:\\\/\\\/hub.hslu.ch\\\/financialmanagement\\\/2024\\\/09\\\/27\\\/rueckblick-auf-die-carf-2024-in-luzern-10-jaehriges-jubilaeum\\\/\"},\"wordCount\":422,\"image\":{\"@id\":\"https:\\\/\\\/hub.hslu.ch\\\/financialmanagement\\\/2024\\\/09\\\/27\\\/rueckblick-auf-die-carf-2024-in-luzern-10-jaehriges-jubilaeum\\\/#primaryimage\"},\"thumbnailUrl\":\"https:\\\/\\\/hub.hslu.ch\\\/financialmanagement\\\/wp-content\\\/blogs.dir\\\/488\\\/files\\\/sites\\\/16\\\/2020\\\/09\\\/CARF_luzern_2009_mdb_027.jpg\",\"keywords\":[\"Accounting\",\"CARF\",\"Controlling\",\"Finance\",\"Risk Management\"],\"articleSection\":[\"CARF Luzern\",\"Veranstaltungen\"],\"inLanguage\":\"de-CH\"},{\"@type\":\"WebPage\",\"@id\":\"https:\\\/\\\/hub.hslu.ch\\\/financialmanagement\\\/2024\\\/09\\\/27\\\/rueckblick-auf-die-carf-2024-in-luzern-10-jaehriges-jubilaeum\\\/\",\"url\":\"https:\\\/\\\/hub.hslu.ch\\\/financialmanagement\\\/2024\\\/09\\\/27\\\/rueckblick-auf-die-carf-2024-in-luzern-10-jaehriges-jubilaeum\\\/\",\"name\":\"R\u00fcckblick auf die CARF 2024 in Luzern: 10-J\u00e4hriges Jubil\u00e4um - Financial Management Blog\",\"isPartOf\":{\"@id\":\"https:\\\/\\\/hub.hslu.ch\\\/financialmanagement\\\/#website\"},\"primaryImageOfPage\":{\"@id\":\"https:\\\/\\\/hub.hslu.ch\\\/financialmanagement\\\/2024\\\/09\\\/27\\\/rueckblick-auf-die-carf-2024-in-luzern-10-jaehriges-jubilaeum\\\/#primaryimage\"},\"image\":{\"@id\":\"https:\\\/\\\/hub.hslu.ch\\\/financialmanagement\\\/2024\\\/09\\\/27\\\/rueckblick-auf-die-carf-2024-in-luzern-10-jaehriges-jubilaeum\\\/#primaryimage\"},\"thumbnailUrl\":\"https:\\\/\\\/hub.hslu.ch\\\/financialmanagement\\\/wp-content\\\/blogs.dir\\\/488\\\/files\\\/sites\\\/16\\\/2020\\\/09\\\/CARF_luzern_2009_mdb_027.jpg\",\"datePublished\":\"2024-09-27T04:55:00+00:00\",\"dateModified\":\"2026-02-11T13:53:51+00:00\",\"author\":{\"@id\":\"https:\\\/\\\/hub.hslu.ch\\\/financialmanagement\\\/#\\\/schema\\\/person\\\/37830b930c7191bcaf93c2a45521ee16\"},\"description\":\"Die CARF hat sich in den letzten Jahren zu einem festen Termin im Kalender von Forschenden, Dozierenden und wissenschaftlichen Mitarbeitenden in den Bereichen Controlling, Accounting &amp; Audit, Risk &amp; Compliance, Finanzen sowie Lehre etabliert. Auch dieses Jahr fand die Konferenz am 12. und 13. September in Luzern statt und zog rund 70 Teilnehmende aus der Schweiz, Deutschland und \u00d6sterreich an.\",\"breadcrumb\":{\"@id\":\"https:\\\/\\\/hub.hslu.ch\\\/financialmanagement\\\/2024\\\/09\\\/27\\\/rueckblick-auf-die-carf-2024-in-luzern-10-jaehriges-jubilaeum\\\/#breadcrumb\"},\"inLanguage\":\"de-CH\",\"potentialAction\":[{\"@type\":\"ReadAction\",\"target\":[\"https:\\\/\\\/hub.hslu.ch\\\/financialmanagement\\\/2024\\\/09\\\/27\\\/rueckblick-auf-die-carf-2024-in-luzern-10-jaehriges-jubilaeum\\\/\"]}]},{\"@type\":\"ImageObject\",\"inLanguage\":\"de-CH\",\"@id\":\"https:\\\/\\\/hub.hslu.ch\\\/financialmanagement\\\/2024\\\/09\\\/27\\\/rueckblick-auf-die-carf-2024-in-luzern-10-jaehriges-jubilaeum\\\/#primaryimage\",\"url\":\"https:\\\/\\\/hub.hslu.ch\\\/financialmanagement\\\/wp-content\\\/blogs.dir\\\/488\\\/files\\\/sites\\\/16\\\/2020\\\/09\\\/CARF_luzern_2009_mdb_027.jpg\",\"contentUrl\":\"https:\\\/\\\/hub.hslu.ch\\\/financialmanagement\\\/wp-content\\\/blogs.dir\\\/488\\\/files\\\/sites\\\/16\\\/2020\\\/09\\\/CARF_luzern_2009_mdb_027.jpg\",\"width\":1181,\"height\":785},{\"@type\":\"BreadcrumbList\",\"@id\":\"https:\\\/\\\/hub.hslu.ch\\\/financialmanagement\\\/2024\\\/09\\\/27\\\/rueckblick-auf-die-carf-2024-in-luzern-10-jaehriges-jubilaeum\\\/#breadcrumb\",\"itemListElement\":[{\"@type\":\"ListItem\",\"position\":1,\"name\":\"Home\",\"item\":\"https:\\\/\\\/hub.hslu.ch\\\/financialmanagement\\\/\"},{\"@type\":\"ListItem\",\"position\":2,\"name\":\"R\u00fcckblick auf die CARF 2024 in Luzern: 10-J\u00e4hriges Jubil\u00e4um\"}]},{\"@type\":\"WebSite\",\"@id\":\"https:\\\/\\\/hub.hslu.ch\\\/financialmanagement\\\/#website\",\"url\":\"https:\\\/\\\/hub.hslu.ch\\\/financialmanagement\\\/\",\"name\":\"Financial Management Blog\",\"description\":\"Controlling, Accounting, Risk &amp; Corporate Finance am Institut f\u00fcr Finanzdienstleistungen Zug IFZ\",\"potentialAction\":[{\"@type\":\"SearchAction\",\"target\":{\"@type\":\"EntryPoint\",\"urlTemplate\":\"https:\\\/\\\/hub.hslu.ch\\\/financialmanagement\\\/?s={search_term_string}\"},\"query-input\":{\"@type\":\"PropertyValueSpecification\",\"valueRequired\":true,\"valueName\":\"search_term_string\"}}],\"inLanguage\":\"de-CH\"},{\"@type\":\"Person\",\"@id\":\"https:\\\/\\\/hub.hslu.ch\\\/financialmanagement\\\/#\\\/schema\\\/person\\\/37830b930c7191bcaf93c2a45521ee16\",\"name\":\"melanielisafuerch\"}]}<\/script>\n<!-- \/ Yoast SEO plugin. -->","yoast_head_json":{"title":"R\u00fcckblick auf die CARF 2024 in Luzern: 10-J\u00e4hriges Jubil\u00e4um - Financial Management Blog","description":"Die CARF hat sich in den letzten Jahren zu einem festen Termin im Kalender von Forschenden, Dozierenden und wissenschaftlichen Mitarbeitenden in den Bereichen Controlling, Accounting &amp; Audit, Risk &amp; Compliance, Finanzen sowie Lehre etabliert. Auch dieses Jahr fand die Konferenz am 12. und 13. September in Luzern statt und zog rund 70 Teilnehmende aus der Schweiz, Deutschland und \u00d6sterreich an.","robots":{"index":"index","follow":"follow","max-snippet":"max-snippet:-1","max-image-preview":"max-image-preview:large","max-video-preview":"max-video-preview:-1"},"canonical":"https:\/\/hub.hslu.ch\/financialmanagement\/2024\/09\/27\/rueckblick-auf-die-carf-2024-in-luzern-10-jaehriges-jubilaeum\/","og_locale":"de_DE","og_type":"article","og_title":"R\u00fcckblick auf die CARF 2024 in Luzern: 10-J\u00e4hriges Jubil\u00e4um - Financial Management Blog","og_description":"Die CARF hat sich in den letzten Jahren zu einem festen Termin im Kalender von Forschenden, Dozierenden und wissenschaftlichen Mitarbeitenden in den Bereichen Controlling, Accounting &amp; Audit, Risk &amp; Compliance, Finanzen sowie Lehre etabliert. Auch dieses Jahr fand die Konferenz am 12. und 13. September in Luzern statt und zog rund 70 Teilnehmende aus der Schweiz, Deutschland und \u00d6sterreich an.","og_url":"https:\/\/hub.hslu.ch\/financialmanagement\/2024\/09\/27\/rueckblick-auf-die-carf-2024-in-luzern-10-jaehriges-jubilaeum\/","og_site_name":"Financial Management Blog","article_published_time":"2024-09-27T04:55:00+00:00","article_modified_time":"2026-02-11T13:53:51+00:00","og_image":[{"width":1181,"height":785,"url":"https:\/\/hub.hslu.ch\/financialmanagement\/wp-content\/blogs.dir\/488\/files\/sites\/16\/2020\/09\/CARF_luzern_2009_mdb_027.jpg","type":"image\/jpeg"}],"author":"melanielisafuerch","twitter_card":"summary_large_image","twitter_misc":{"Geschrieben von":"melanielisafuerch","Gesch\u00e4tzte Lesezeit":"3\u00a0Minuten"},"schema":{"@context":"https:\/\/schema.org","@graph":[{"@type":"Article","@id":"https:\/\/hub.hslu.ch\/financialmanagement\/2024\/09\/27\/rueckblick-auf-die-carf-2024-in-luzern-10-jaehriges-jubilaeum\/#article","isPartOf":{"@id":"https:\/\/hub.hslu.ch\/financialmanagement\/2024\/09\/27\/rueckblick-auf-die-carf-2024-in-luzern-10-jaehriges-jubilaeum\/"},"author":{"name":"melanielisafuerch","@id":"https:\/\/hub.hslu.ch\/financialmanagement\/#\/schema\/person\/37830b930c7191bcaf93c2a45521ee16"},"headline":"R\u00fcckblick auf die CARF 2024 in Luzern: 10-J\u00e4hriges Jubil\u00e4um","datePublished":"2024-09-27T04:55:00+00:00","dateModified":"2026-02-11T13:53:51+00:00","mainEntityOfPage":{"@id":"https:\/\/hub.hslu.ch\/financialmanagement\/2024\/09\/27\/rueckblick-auf-die-carf-2024-in-luzern-10-jaehriges-jubilaeum\/"},"wordCount":422,"image":{"@id":"https:\/\/hub.hslu.ch\/financialmanagement\/2024\/09\/27\/rueckblick-auf-die-carf-2024-in-luzern-10-jaehriges-jubilaeum\/#primaryimage"},"thumbnailUrl":"https:\/\/hub.hslu.ch\/financialmanagement\/wp-content\/blogs.dir\/488\/files\/sites\/16\/2020\/09\/CARF_luzern_2009_mdb_027.jpg","keywords":["Accounting","CARF","Controlling","Finance","Risk Management"],"articleSection":["CARF Luzern","Veranstaltungen"],"inLanguage":"de-CH"},{"@type":"WebPage","@id":"https:\/\/hub.hslu.ch\/financialmanagement\/2024\/09\/27\/rueckblick-auf-die-carf-2024-in-luzern-10-jaehriges-jubilaeum\/","url":"https:\/\/hub.hslu.ch\/financialmanagement\/2024\/09\/27\/rueckblick-auf-die-carf-2024-in-luzern-10-jaehriges-jubilaeum\/","name":"R\u00fcckblick auf die CARF 2024 in Luzern: 10-J\u00e4hriges Jubil\u00e4um - Financial Management Blog","isPartOf":{"@id":"https:\/\/hub.hslu.ch\/financialmanagement\/#website"},"primaryImageOfPage":{"@id":"https:\/\/hub.hslu.ch\/financialmanagement\/2024\/09\/27\/rueckblick-auf-die-carf-2024-in-luzern-10-jaehriges-jubilaeum\/#primaryimage"},"image":{"@id":"https:\/\/hub.hslu.ch\/financialmanagement\/2024\/09\/27\/rueckblick-auf-die-carf-2024-in-luzern-10-jaehriges-jubilaeum\/#primaryimage"},"thumbnailUrl":"https:\/\/hub.hslu.ch\/financialmanagement\/wp-content\/blogs.dir\/488\/files\/sites\/16\/2020\/09\/CARF_luzern_2009_mdb_027.jpg","datePublished":"2024-09-27T04:55:00+00:00","dateModified":"2026-02-11T13:53:51+00:00","author":{"@id":"https:\/\/hub.hslu.ch\/financialmanagement\/#\/schema\/person\/37830b930c7191bcaf93c2a45521ee16"},"description":"Die CARF hat sich in den letzten Jahren zu einem festen Termin im Kalender von Forschenden, Dozierenden und wissenschaftlichen Mitarbeitenden in den Bereichen Controlling, Accounting &amp; Audit, Risk &amp; Compliance, Finanzen sowie Lehre etabliert. Auch dieses Jahr fand die Konferenz am 12. und 13. September in Luzern statt und zog rund 70 Teilnehmende aus der Schweiz, Deutschland und \u00d6sterreich an.","breadcrumb":{"@id":"https:\/\/hub.hslu.ch\/financialmanagement\/2024\/09\/27\/rueckblick-auf-die-carf-2024-in-luzern-10-jaehriges-jubilaeum\/#breadcrumb"},"inLanguage":"de-CH","potentialAction":[{"@type":"ReadAction","target":["https:\/\/hub.hslu.ch\/financialmanagement\/2024\/09\/27\/rueckblick-auf-die-carf-2024-in-luzern-10-jaehriges-jubilaeum\/"]}]},{"@type":"ImageObject","inLanguage":"de-CH","@id":"https:\/\/hub.hslu.ch\/financialmanagement\/2024\/09\/27\/rueckblick-auf-die-carf-2024-in-luzern-10-jaehriges-jubilaeum\/#primaryimage","url":"https:\/\/hub.hslu.ch\/financialmanagement\/wp-content\/blogs.dir\/488\/files\/sites\/16\/2020\/09\/CARF_luzern_2009_mdb_027.jpg","contentUrl":"https:\/\/hub.hslu.ch\/financialmanagement\/wp-content\/blogs.dir\/488\/files\/sites\/16\/2020\/09\/CARF_luzern_2009_mdb_027.jpg","width":1181,"height":785},{"@type":"BreadcrumbList","@id":"https:\/\/hub.hslu.ch\/financialmanagement\/2024\/09\/27\/rueckblick-auf-die-carf-2024-in-luzern-10-jaehriges-jubilaeum\/#breadcrumb","itemListElement":[{"@type":"ListItem","position":1,"name":"Home","item":"https:\/\/hub.hslu.ch\/financialmanagement\/"},{"@type":"ListItem","position":2,"name":"R\u00fcckblick auf die CARF 2024 in Luzern: 10-J\u00e4hriges Jubil\u00e4um"}]},{"@type":"WebSite","@id":"https:\/\/hub.hslu.ch\/financialmanagement\/#website","url":"https:\/\/hub.hslu.ch\/financialmanagement\/","name":"Financial Management Blog","description":"Controlling, Accounting, Risk &amp; Corporate Finance am Institut f\u00fcr Finanzdienstleistungen Zug IFZ","potentialAction":[{"@type":"SearchAction","target":{"@type":"EntryPoint","urlTemplate":"https:\/\/hub.hslu.ch\/financialmanagement\/?s={search_term_string}"},"query-input":{"@type":"PropertyValueSpecification","valueRequired":true,"valueName":"search_term_string"}}],"inLanguage":"de-CH"},{"@type":"Person","@id":"https:\/\/hub.hslu.ch\/financialmanagement\/#\/schema\/person\/37830b930c7191bcaf93c2a45521ee16","name":"melanielisafuerch"}]}},"featured_image_src":"https:\/\/hub.hslu.ch\/financialmanagement\/wp-content\/blogs.dir\/488\/files\/sites\/16\/2020\/09\/CARF_luzern_2009_mdb_027.jpg","featured_image_src_square":"https:\/\/hub.hslu.ch\/financialmanagement\/wp-content\/blogs.dir\/488\/files\/sites\/16\/2020\/09\/CARF_luzern_2009_mdb_027.jpg","author_info":{"display_name":"melanielisafuerch","author_link":"https:\/\/hub.hslu.ch\/financialmanagement\/author\/melanielisafuerch\/"},"_links":{"self":[{"href":"https:\/\/hub.hslu.ch\/financialmanagement\/wp-json\/wp\/v2\/posts\/10186","targetHints":{"allow":["GET"]}}],"collection":[{"href":"https:\/\/hub.hslu.ch\/financialmanagement\/wp-json\/wp\/v2\/posts"}],"about":[{"href":"https:\/\/hub.hslu.ch\/financialmanagement\/wp-json\/wp\/v2\/types\/post"}],"author":[{"embeddable":true,"href":"https:\/\/hub.hslu.ch\/financialmanagement\/wp-json\/wp\/v2\/users\/236"}],"replies":[{"embeddable":true,"href":"https:\/\/hub.hslu.ch\/financialmanagement\/wp-json\/wp\/v2\/comments?post=10186"}],"version-history":[{"count":4,"href":"https:\/\/hub.hslu.ch\/financialmanagement\/wp-json\/wp\/v2\/posts\/10186\/revisions"}],"predecessor-version":[{"id":12180,"href":"https:\/\/hub.hslu.ch\/financialmanagement\/wp-json\/wp\/v2\/posts\/10186\/revisions\/12180"}],"wp:featuredmedia":[{"embeddable":true,"href":"https:\/\/hub.hslu.ch\/financialmanagement\/wp-json\/wp\/v2\/media\/6894"}],"wp:attachment":[{"href":"https:\/\/hub.hslu.ch\/financialmanagement\/wp-json\/wp\/v2\/media?parent=10186"}],"wp:term":[{"taxonomy":"category","embeddable":true,"href":"https:\/\/hub.hslu.ch\/financialmanagement\/wp-json\/wp\/v2\/categories?post=10186"},{"taxonomy":"post_tag","embeddable":true,"href":"https:\/\/hub.hslu.ch\/financialmanagement\/wp-json\/wp\/v2\/tags?post=10186"}],"curies":[{"name":"wp","href":"https:\/\/api.w.org\/{rel}","templated":true}]}}