{"id":10558,"date":"2025-05-26T15:57:04","date_gmt":"2025-05-26T13:57:04","guid":{"rendered":"https:\/\/hub.hslu.ch\/financialmanagement\/?p=10558"},"modified":"2026-02-11T14:53:52","modified_gmt":"2026-02-11T13:53:52","slug":"carf-keynotes-2025-interview-mit-prof-dr-peter-g-kirchschlaeger","status":"publish","type":"post","link":"https:\/\/hub.hslu.ch\/financialmanagement\/2025\/05\/26\/carf-keynotes-2025-interview-mit-prof-dr-peter-g-kirchschlaeger\/","title":{"rendered":"CARF Keynotes 2025: Interview mit Prof. Dr. Peter G. Kirchschl\u00e4ger"},"content":{"rendered":"\n<p>Von <a href=\"https:\/\/www.hslu.ch\/de-ch\/hochschule-luzern\/ueber-uns\/personensuche\/profile\/?pid=6352\" target=\"_blank\" rel=\"noreferrer noopener\">Melanie Lisa F\u00fcrch<\/a><\/p>\n\n\n\n\n\n\n\n<p><strong>Welche Leitgedanken bzw. Fragestellungen sind f\u00fcr Sie im Rahmen Ihrer Arbeit besonders wichtig?<\/strong> <\/p>\n\n\n\n<p>Die Frage nach den ethischen Chancen und Risiken von \u201cKI\u201d und konkrete Wege zur Nutzung des ethisch Positiven und zur Vermeidung des ethisch Negativen von \u201cKI\u201d besch\u00e4ftigt mich in meiner Arbeit intensiv.<\/p>\n\n\n\n<p><strong>Welche Meilensteine auf Ihrem pers\u00f6nlichen Weg haben diese Leitgedanken geformt?<\/strong><\/p>\n\n\n\n<p>Vor mehr als zwei Jahrzehnten durfte ich w\u00e4hrend meines Philosophiestudiums einer technischen Einf\u00fchrungsvorlesung in die \u201cKI\u201d teilnehmen. Seither hat mich das Thema \u201cKI\u201d wegen der zahlreichen damit verbundenen ethischen Themen nicht mehr losgelassen.<\/p>\n\n\n\n<p><strong>Welche Themen stellen die Wissenschaft aktuell vor die gr\u00f6ssten Herausforderungen und wie kann man diese angehen?<\/strong>             <\/p>\n\n\n\n<p> Aktuell kommt es zu zahlreichen und massiven Menschenrechtsverletzungen und Umweltzerst\u00f6rung durch, mit und wegen \u201cKI\u201d. Wir m\u00fcssen so schnell wie m\u00f6glich diese Menschenrechtsverletzungen und Umweltzerst\u00f6rung stoppen und verhindern.<\/p>\n\n\n\n<p><strong>Welche Key Message m\u00f6chten Sie Ihrer Keynote an der CARF 2025 vermitteln?<\/strong>  <\/p>\n\n\n\n<p>Es ist dringend notwendig, dass wir den gesamten Lebenszyklus von \u201cKI\u201d menschenrechtsbasiert global regulieren und durch die Schaffung einer Internationalen Agentur f\u00fcr datenbasierte Systeme (IDA) bei der UNO auch f\u00fcr die Durchsetzung dieser globalen Regulierung sorgen \u2013 im Dienste aller Menschen und des Planeten.<\/p>\n\n\n\n<p><strong>Vielen Dank f\u00fcr das Interview, wir freuen uns auf Ihren Vortrag bei der CARF 2025<\/strong>!<\/p>\n\n\n\n<div class=\"wp-block-columns alignwide is-layout-flex wp-container-core-columns-is-layout-829b1d53 wp-block-columns-is-layout-flex\" style=\"margin-bottom:0\">\n<div class=\"wp-block-column has-text-color has-background has-link-color wp-elements-ccc5e6490fa400d5f9433595f94e2752 is-layout-flow wp-block-column-is-layout-flow\" style=\"color:#000000;background:linear-gradient(135deg,rgb(119,197,216) 0%,rgb(119,197,216) 100%);padding-top:2em;padding-right:2em;padding-bottom:2em;padding-left:2em\">\n<h2 class=\"wp-block-heading\" id=\"patron\" style=\"font-size:40px\">Vita<\/h2>\n\n\n\n<hr class=\"wp-block-separator has-css-opacity is-style-wide\" \/>\n\n\n\n<p><a href=\"https:\/\/www.unilu.ch\/fakultaeten\/tf\/professuren\/theologische-ethik\/mitarbeitende\/peter-kirchschlaeger\/#tab=c38079\" target=\"_blank\" rel=\"noreferrer noopener\">Prof. Dr. Peter G. Kirchschlaeger<\/a> ist Ethik-Professor und Leiter des Instituts f\u00fcr Sozialethik ISE der Universit\u00e4t Luzern, Gastprofessor an der ETH Z\u00fcrich, Visiting Fellow an der Universit\u00e4t T\u00fcbingen sowie Research Fellow an der University of the Free State, Bloemfontein (S\u00fcdafrika). Zuvor war er Visiting Fellow an der Yale University (USA). Seine Forschungsschwerpunkte umfassen die Ethik der digitalen Transformation und \u00abk\u00fcnstlichen Intelligenz\u00bb, Ethik der Menschenrechte, die Wirtschafts-, Finanz- und Unternehmensethik sowie Grundlagenfragen der Ethik. Zudem war er Gast in TV-Sendungen wie u. a. \u00abBBC News\u00bb und Interviewpartner von Zeitungen wie u. a. \u00abThe New York Times\u00bb. Ausserdem ber\u00e4t er internationale Organisationen und Institutionen sowie Unternehmen und NGOs in ethischen Fragen und ist u. a. Pr\u00e4sident der Eidgen\u00f6ssischen Ethikkommission f\u00fcr die Biotechnologie im Ausserhumanbereich (EKAH) sowie Studienleiter des neuen Masterstudiums \u00ab<a href=\"http:\/\/www.unilu.ch\/master-ethik\" target=\"_blank\" rel=\"noreferrer noopener\">Ethik<\/a>\u00bb an der Universit\u00e4t Luzern.<\/p>\n\n\n\n<p><strong>Buchtipps:<\/strong><\/p>\n\n\n\n<p>Digitale Transformation und Ethik. Ethische \u00dcberlegungen zur Robotisierung und Automatisierung von Gesellschaft und Wirtschaft und zum Einsatz von &#171;K\u00fcnstlicher Intelligenz&#187; (2024) <\/p>\n\n\n\n<p>Ethisches Entscheiden (2023)<\/p>\n<\/div>\n<\/div>\n\n\n","protected":false},"excerpt":{"rendered":"<p>Peter Kirchschl\u00e4ger z\u00e4hlt zu den f\u00fchrenden internationalen Ethik-Experten. Als Dozent, Redner und Berater besch\u00e4ftigt er sich mit den dr\u00e4ngenden ethischen Fragen unserer Zeit. Im Zentrum seiner Arbeit stehen die digitale Transformation, Menschenrechte und Unternehmensethik. Wir freuen uns, Prof. Dr. Peter G. Kirchschl\u00e4ger als Keynote-Speaker bei der CARF 2025 begr\u00fcssen zu d\u00fcrfen und haben und haben im Vorfeld zentrale Fragen gemeinsam mit ihm er\u00f6rtert.<\/p>\n","protected":false},"author":236,"featured_media":10573,"comment_status":"closed","ping_status":"closed","sticky":false,"template":"","format":"standard","meta":{"_acf_changed":false,"inline_featured_image":false,"_relevanssi_hide_post":"","_relevanssi_hide_content":"","_relevanssi_pin_for_all":"","_relevanssi_pin_keywords":"","_relevanssi_unpin_keywords":"","_relevanssi_related_keywords":"","_relevanssi_related_include_ids":"","_relevanssi_related_exclude_ids":"","_relevanssi_related_no_append":"","_relevanssi_related_not_related":"","_relevanssi_related_posts":"8390,4380,7157,8898,8445,791","_relevanssi_noindex_reason":"","ngg_post_thumbnail":0,"footnotes":"","_links_to":"","_links_to_target":""},"categories":[1,723],"tags":[67358,67456,587768,68728,28,3648,588113,67435,588138,346596],"class_list":["post-10558","post","type-post","status-publish","format-standard","has-post-thumbnail","hentry","category-allgemein","category-veranstaltungen","tag-carf","tag-carf-luzern","tag-esg","tag-ethik","tag-hslu","tag-ifz","tag-ki","tag-konferenz","tag-luzern-2025","tag-risk"],"acf":[],"yoast_head":"<!-- This site is optimized with the Yoast SEO plugin v27.5 - https:\/\/yoast.com\/product\/yoast-seo-wordpress\/ -->\n<title>CARF Keynotes 2025: Interview mit Prof. Dr. Peter G. Kirchschl\u00e4ger - Financial Management Blog<\/title>\n<meta name=\"description\" content=\"Peter Kirchschl\u00e4ger z\u00e4hlt zu den f\u00fchrenden internationalen Ethik-Experten. Als Dozent, Redner und Berater besch\u00e4ftigt er sich mit den dr\u00e4ngenden ethischen Fragen unserer Zeit. Im Zentrum seiner Arbeit stehen die digitale Transformation, Menschenrechte und Unternehmensethik. Wir freuen uns, Prof. Dr. Peter G. Kirchschl\u00e4ger als Keynote-Speaker bei der CARF 2025 begr\u00fcssen zu d\u00fcrfen und haben und haben im Vorfeld zentrale Fragen gemeinsam mit ihm er\u00f6rtert.\" \/>\n<meta name=\"robots\" content=\"index, follow, max-snippet:-1, max-image-preview:large, max-video-preview:-1\" \/>\n<link rel=\"canonical\" href=\"https:\/\/hub.hslu.ch\/financialmanagement\/2025\/05\/26\/carf-keynotes-2025-interview-mit-prof-dr-peter-g-kirchschlaeger\/\" \/>\n<meta property=\"og:locale\" content=\"de_DE\" \/>\n<meta property=\"og:type\" content=\"article\" \/>\n<meta property=\"og:title\" content=\"CARF Keynotes 2025: Interview mit Prof. Dr. Peter G. Kirchschl\u00e4ger - Financial Management Blog\" \/>\n<meta property=\"og:description\" content=\"Peter Kirchschl\u00e4ger z\u00e4hlt zu den f\u00fchrenden internationalen Ethik-Experten. Als Dozent, Redner und Berater besch\u00e4ftigt er sich mit den dr\u00e4ngenden ethischen Fragen unserer Zeit. Im Zentrum seiner Arbeit stehen die digitale Transformation, Menschenrechte und Unternehmensethik. Wir freuen uns, Prof. Dr. Peter G. Kirchschl\u00e4ger als Keynote-Speaker bei der CARF 2025 begr\u00fcssen zu d\u00fcrfen und haben und haben im Vorfeld zentrale Fragen gemeinsam mit ihm er\u00f6rtert.\" \/>\n<meta property=\"og:url\" content=\"https:\/\/hub.hslu.ch\/financialmanagement\/2025\/05\/26\/carf-keynotes-2025-interview-mit-prof-dr-peter-g-kirchschlaeger\/\" \/>\n<meta property=\"og:site_name\" content=\"Financial Management Blog\" \/>\n<meta property=\"article:published_time\" content=\"2025-05-26T13:57:04+00:00\" \/>\n<meta property=\"article:modified_time\" content=\"2026-02-11T13:53:52+00:00\" \/>\n<meta property=\"og:image\" content=\"https:\/\/hub.hslu.ch\/financialmanagement\/wp-content\/blogs.dir\/488\/files\/sites\/16\/2025\/05\/Kirchschlaeger_Peter_A-e1748244156868.jpg\" \/>\n\t<meta property=\"og:image:width\" content=\"1040\" \/>\n\t<meta property=\"og:image:height\" content=\"1287\" \/>\n\t<meta property=\"og:image:type\" content=\"image\/jpeg\" \/>\n<meta name=\"author\" content=\"melanielisafuerch\" \/>\n<meta name=\"twitter:card\" content=\"summary_large_image\" \/>\n<meta name=\"twitter:label1\" content=\"Geschrieben von\" \/>\n\t<meta name=\"twitter:data1\" content=\"melanielisafuerch\" \/>\n\t<meta name=\"twitter:label2\" content=\"Gesch\u00e4tzte Lesezeit\" \/>\n\t<meta name=\"twitter:data2\" content=\"3\u00a0Minuten\" \/>\n<script type=\"application\/ld+json\" class=\"yoast-schema-graph\">{\"@context\":\"https:\\\/\\\/schema.org\",\"@graph\":[{\"@type\":\"Article\",\"@id\":\"https:\\\/\\\/hub.hslu.ch\\\/financialmanagement\\\/2025\\\/05\\\/26\\\/carf-keynotes-2025-interview-mit-prof-dr-peter-g-kirchschlaeger\\\/#article\",\"isPartOf\":{\"@id\":\"https:\\\/\\\/hub.hslu.ch\\\/financialmanagement\\\/2025\\\/05\\\/26\\\/carf-keynotes-2025-interview-mit-prof-dr-peter-g-kirchschlaeger\\\/\"},\"author\":{\"name\":\"melanielisafuerch\",\"@id\":\"https:\\\/\\\/hub.hslu.ch\\\/financialmanagement\\\/#\\\/schema\\\/person\\\/37830b930c7191bcaf93c2a45521ee16\"},\"headline\":\"CARF Keynotes 2025: Interview mit Prof. Dr. Peter G. Kirchschl\u00e4ger\",\"datePublished\":\"2025-05-26T13:57:04+00:00\",\"dateModified\":\"2026-02-11T13:53:52+00:00\",\"mainEntityOfPage\":{\"@id\":\"https:\\\/\\\/hub.hslu.ch\\\/financialmanagement\\\/2025\\\/05\\\/26\\\/carf-keynotes-2025-interview-mit-prof-dr-peter-g-kirchschlaeger\\\/\"},\"wordCount\":399,\"image\":{\"@id\":\"https:\\\/\\\/hub.hslu.ch\\\/financialmanagement\\\/2025\\\/05\\\/26\\\/carf-keynotes-2025-interview-mit-prof-dr-peter-g-kirchschlaeger\\\/#primaryimage\"},\"thumbnailUrl\":\"https:\\\/\\\/hub.hslu.ch\\\/financialmanagement\\\/wp-content\\\/blogs.dir\\\/488\\\/files\\\/sites\\\/16\\\/2025\\\/05\\\/Kirchschlaeger_Peter_A-e1748244156868.jpg\",\"keywords\":[\"CARF\",\"CARF Luzern\",\"ESG\",\"Ethik\",\"HSLU\",\"IFZ\",\"KI\",\"Konferenz\",\"Luzern 2025\",\"risk\"],\"articleSection\":{\"1\":\"Veranstaltungen\"},\"inLanguage\":\"de-CH\"},{\"@type\":\"WebPage\",\"@id\":\"https:\\\/\\\/hub.hslu.ch\\\/financialmanagement\\\/2025\\\/05\\\/26\\\/carf-keynotes-2025-interview-mit-prof-dr-peter-g-kirchschlaeger\\\/\",\"url\":\"https:\\\/\\\/hub.hslu.ch\\\/financialmanagement\\\/2025\\\/05\\\/26\\\/carf-keynotes-2025-interview-mit-prof-dr-peter-g-kirchschlaeger\\\/\",\"name\":\"CARF Keynotes 2025: Interview mit Prof. Dr. Peter G. Kirchschl\u00e4ger - Financial Management Blog\",\"isPartOf\":{\"@id\":\"https:\\\/\\\/hub.hslu.ch\\\/financialmanagement\\\/#website\"},\"primaryImageOfPage\":{\"@id\":\"https:\\\/\\\/hub.hslu.ch\\\/financialmanagement\\\/2025\\\/05\\\/26\\\/carf-keynotes-2025-interview-mit-prof-dr-peter-g-kirchschlaeger\\\/#primaryimage\"},\"image\":{\"@id\":\"https:\\\/\\\/hub.hslu.ch\\\/financialmanagement\\\/2025\\\/05\\\/26\\\/carf-keynotes-2025-interview-mit-prof-dr-peter-g-kirchschlaeger\\\/#primaryimage\"},\"thumbnailUrl\":\"https:\\\/\\\/hub.hslu.ch\\\/financialmanagement\\\/wp-content\\\/blogs.dir\\\/488\\\/files\\\/sites\\\/16\\\/2025\\\/05\\\/Kirchschlaeger_Peter_A-e1748244156868.jpg\",\"datePublished\":\"2025-05-26T13:57:04+00:00\",\"dateModified\":\"2026-02-11T13:53:52+00:00\",\"author\":{\"@id\":\"https:\\\/\\\/hub.hslu.ch\\\/financialmanagement\\\/#\\\/schema\\\/person\\\/37830b930c7191bcaf93c2a45521ee16\"},\"description\":\"Peter Kirchschl\u00e4ger z\u00e4hlt zu den f\u00fchrenden internationalen Ethik-Experten. Als Dozent, Redner und Berater besch\u00e4ftigt er sich mit den dr\u00e4ngenden ethischen Fragen unserer Zeit. Im Zentrum seiner Arbeit stehen die digitale Transformation, Menschenrechte und Unternehmensethik. Wir freuen uns, Prof. Dr. Peter G. Kirchschl\u00e4ger als Keynote-Speaker bei der CARF 2025 begr\u00fcssen zu d\u00fcrfen und haben und haben im Vorfeld zentrale Fragen gemeinsam mit ihm er\u00f6rtert.\",\"breadcrumb\":{\"@id\":\"https:\\\/\\\/hub.hslu.ch\\\/financialmanagement\\\/2025\\\/05\\\/26\\\/carf-keynotes-2025-interview-mit-prof-dr-peter-g-kirchschlaeger\\\/#breadcrumb\"},\"inLanguage\":\"de-CH\",\"potentialAction\":[{\"@type\":\"ReadAction\",\"target\":[\"https:\\\/\\\/hub.hslu.ch\\\/financialmanagement\\\/2025\\\/05\\\/26\\\/carf-keynotes-2025-interview-mit-prof-dr-peter-g-kirchschlaeger\\\/\"]}]},{\"@type\":\"ImageObject\",\"inLanguage\":\"de-CH\",\"@id\":\"https:\\\/\\\/hub.hslu.ch\\\/financialmanagement\\\/2025\\\/05\\\/26\\\/carf-keynotes-2025-interview-mit-prof-dr-peter-g-kirchschlaeger\\\/#primaryimage\",\"url\":\"https:\\\/\\\/hub.hslu.ch\\\/financialmanagement\\\/wp-content\\\/blogs.dir\\\/488\\\/files\\\/sites\\\/16\\\/2025\\\/05\\\/Kirchschlaeger_Peter_A-e1748244156868.jpg\",\"contentUrl\":\"https:\\\/\\\/hub.hslu.ch\\\/financialmanagement\\\/wp-content\\\/blogs.dir\\\/488\\\/files\\\/sites\\\/16\\\/2025\\\/05\\\/Kirchschlaeger_Peter_A-e1748244156868.jpg\",\"width\":1040,\"height\":1287},{\"@type\":\"BreadcrumbList\",\"@id\":\"https:\\\/\\\/hub.hslu.ch\\\/financialmanagement\\\/2025\\\/05\\\/26\\\/carf-keynotes-2025-interview-mit-prof-dr-peter-g-kirchschlaeger\\\/#breadcrumb\",\"itemListElement\":[{\"@type\":\"ListItem\",\"position\":1,\"name\":\"Home\",\"item\":\"https:\\\/\\\/hub.hslu.ch\\\/financialmanagement\\\/\"},{\"@type\":\"ListItem\",\"position\":2,\"name\":\"CARF Keynotes 2025: Interview mit Prof. Dr. Peter G. Kirchschl\u00e4ger\"}]},{\"@type\":\"WebSite\",\"@id\":\"https:\\\/\\\/hub.hslu.ch\\\/financialmanagement\\\/#website\",\"url\":\"https:\\\/\\\/hub.hslu.ch\\\/financialmanagement\\\/\",\"name\":\"Financial Management Blog\",\"description\":\"Controlling, Accounting, Risk &amp; Corporate Finance am Institut f\u00fcr Finanzdienstleistungen Zug IFZ\",\"potentialAction\":[{\"@type\":\"SearchAction\",\"target\":{\"@type\":\"EntryPoint\",\"urlTemplate\":\"https:\\\/\\\/hub.hslu.ch\\\/financialmanagement\\\/?s={search_term_string}\"},\"query-input\":{\"@type\":\"PropertyValueSpecification\",\"valueRequired\":true,\"valueName\":\"search_term_string\"}}],\"inLanguage\":\"de-CH\"},{\"@type\":\"Person\",\"@id\":\"https:\\\/\\\/hub.hslu.ch\\\/financialmanagement\\\/#\\\/schema\\\/person\\\/37830b930c7191bcaf93c2a45521ee16\",\"name\":\"melanielisafuerch\"}]}<\/script>\n<!-- \/ Yoast SEO plugin. -->","yoast_head_json":{"title":"CARF Keynotes 2025: Interview mit Prof. Dr. Peter G. Kirchschl\u00e4ger - Financial Management Blog","description":"Peter Kirchschl\u00e4ger z\u00e4hlt zu den f\u00fchrenden internationalen Ethik-Experten. Als Dozent, Redner und Berater besch\u00e4ftigt er sich mit den dr\u00e4ngenden ethischen Fragen unserer Zeit. Im Zentrum seiner Arbeit stehen die digitale Transformation, Menschenrechte und Unternehmensethik. Wir freuen uns, Prof. Dr. Peter G. Kirchschl\u00e4ger als Keynote-Speaker bei der CARF 2025 begr\u00fcssen zu d\u00fcrfen und haben und haben im Vorfeld zentrale Fragen gemeinsam mit ihm er\u00f6rtert.","robots":{"index":"index","follow":"follow","max-snippet":"max-snippet:-1","max-image-preview":"max-image-preview:large","max-video-preview":"max-video-preview:-1"},"canonical":"https:\/\/hub.hslu.ch\/financialmanagement\/2025\/05\/26\/carf-keynotes-2025-interview-mit-prof-dr-peter-g-kirchschlaeger\/","og_locale":"de_DE","og_type":"article","og_title":"CARF Keynotes 2025: Interview mit Prof. Dr. Peter G. Kirchschl\u00e4ger - Financial Management Blog","og_description":"Peter Kirchschl\u00e4ger z\u00e4hlt zu den f\u00fchrenden internationalen Ethik-Experten. Als Dozent, Redner und Berater besch\u00e4ftigt er sich mit den dr\u00e4ngenden ethischen Fragen unserer Zeit. Im Zentrum seiner Arbeit stehen die digitale Transformation, Menschenrechte und Unternehmensethik. Wir freuen uns, Prof. Dr. Peter G. Kirchschl\u00e4ger als Keynote-Speaker bei der CARF 2025 begr\u00fcssen zu d\u00fcrfen und haben und haben im Vorfeld zentrale Fragen gemeinsam mit ihm er\u00f6rtert.","og_url":"https:\/\/hub.hslu.ch\/financialmanagement\/2025\/05\/26\/carf-keynotes-2025-interview-mit-prof-dr-peter-g-kirchschlaeger\/","og_site_name":"Financial Management Blog","article_published_time":"2025-05-26T13:57:04+00:00","article_modified_time":"2026-02-11T13:53:52+00:00","og_image":[{"width":1040,"height":1287,"url":"https:\/\/hub.hslu.ch\/financialmanagement\/wp-content\/blogs.dir\/488\/files\/sites\/16\/2025\/05\/Kirchschlaeger_Peter_A-e1748244156868.jpg","type":"image\/jpeg"}],"author":"melanielisafuerch","twitter_card":"summary_large_image","twitter_misc":{"Geschrieben von":"melanielisafuerch","Gesch\u00e4tzte Lesezeit":"3\u00a0Minuten"},"schema":{"@context":"https:\/\/schema.org","@graph":[{"@type":"Article","@id":"https:\/\/hub.hslu.ch\/financialmanagement\/2025\/05\/26\/carf-keynotes-2025-interview-mit-prof-dr-peter-g-kirchschlaeger\/#article","isPartOf":{"@id":"https:\/\/hub.hslu.ch\/financialmanagement\/2025\/05\/26\/carf-keynotes-2025-interview-mit-prof-dr-peter-g-kirchschlaeger\/"},"author":{"name":"melanielisafuerch","@id":"https:\/\/hub.hslu.ch\/financialmanagement\/#\/schema\/person\/37830b930c7191bcaf93c2a45521ee16"},"headline":"CARF Keynotes 2025: Interview mit Prof. Dr. Peter G. Kirchschl\u00e4ger","datePublished":"2025-05-26T13:57:04+00:00","dateModified":"2026-02-11T13:53:52+00:00","mainEntityOfPage":{"@id":"https:\/\/hub.hslu.ch\/financialmanagement\/2025\/05\/26\/carf-keynotes-2025-interview-mit-prof-dr-peter-g-kirchschlaeger\/"},"wordCount":399,"image":{"@id":"https:\/\/hub.hslu.ch\/financialmanagement\/2025\/05\/26\/carf-keynotes-2025-interview-mit-prof-dr-peter-g-kirchschlaeger\/#primaryimage"},"thumbnailUrl":"https:\/\/hub.hslu.ch\/financialmanagement\/wp-content\/blogs.dir\/488\/files\/sites\/16\/2025\/05\/Kirchschlaeger_Peter_A-e1748244156868.jpg","keywords":["CARF","CARF Luzern","ESG","Ethik","HSLU","IFZ","KI","Konferenz","Luzern 2025","risk"],"articleSection":{"1":"Veranstaltungen"},"inLanguage":"de-CH"},{"@type":"WebPage","@id":"https:\/\/hub.hslu.ch\/financialmanagement\/2025\/05\/26\/carf-keynotes-2025-interview-mit-prof-dr-peter-g-kirchschlaeger\/","url":"https:\/\/hub.hslu.ch\/financialmanagement\/2025\/05\/26\/carf-keynotes-2025-interview-mit-prof-dr-peter-g-kirchschlaeger\/","name":"CARF Keynotes 2025: Interview mit Prof. Dr. Peter G. Kirchschl\u00e4ger - Financial Management Blog","isPartOf":{"@id":"https:\/\/hub.hslu.ch\/financialmanagement\/#website"},"primaryImageOfPage":{"@id":"https:\/\/hub.hslu.ch\/financialmanagement\/2025\/05\/26\/carf-keynotes-2025-interview-mit-prof-dr-peter-g-kirchschlaeger\/#primaryimage"},"image":{"@id":"https:\/\/hub.hslu.ch\/financialmanagement\/2025\/05\/26\/carf-keynotes-2025-interview-mit-prof-dr-peter-g-kirchschlaeger\/#primaryimage"},"thumbnailUrl":"https:\/\/hub.hslu.ch\/financialmanagement\/wp-content\/blogs.dir\/488\/files\/sites\/16\/2025\/05\/Kirchschlaeger_Peter_A-e1748244156868.jpg","datePublished":"2025-05-26T13:57:04+00:00","dateModified":"2026-02-11T13:53:52+00:00","author":{"@id":"https:\/\/hub.hslu.ch\/financialmanagement\/#\/schema\/person\/37830b930c7191bcaf93c2a45521ee16"},"description":"Peter Kirchschl\u00e4ger z\u00e4hlt zu den f\u00fchrenden internationalen Ethik-Experten. Als Dozent, Redner und Berater besch\u00e4ftigt er sich mit den dr\u00e4ngenden ethischen Fragen unserer Zeit. Im Zentrum seiner Arbeit stehen die digitale Transformation, Menschenrechte und Unternehmensethik. Wir freuen uns, Prof. Dr. Peter G. Kirchschl\u00e4ger als Keynote-Speaker bei der CARF 2025 begr\u00fcssen zu d\u00fcrfen und haben und haben im Vorfeld zentrale Fragen gemeinsam mit ihm er\u00f6rtert.","breadcrumb":{"@id":"https:\/\/hub.hslu.ch\/financialmanagement\/2025\/05\/26\/carf-keynotes-2025-interview-mit-prof-dr-peter-g-kirchschlaeger\/#breadcrumb"},"inLanguage":"de-CH","potentialAction":[{"@type":"ReadAction","target":["https:\/\/hub.hslu.ch\/financialmanagement\/2025\/05\/26\/carf-keynotes-2025-interview-mit-prof-dr-peter-g-kirchschlaeger\/"]}]},{"@type":"ImageObject","inLanguage":"de-CH","@id":"https:\/\/hub.hslu.ch\/financialmanagement\/2025\/05\/26\/carf-keynotes-2025-interview-mit-prof-dr-peter-g-kirchschlaeger\/#primaryimage","url":"https:\/\/hub.hslu.ch\/financialmanagement\/wp-content\/blogs.dir\/488\/files\/sites\/16\/2025\/05\/Kirchschlaeger_Peter_A-e1748244156868.jpg","contentUrl":"https:\/\/hub.hslu.ch\/financialmanagement\/wp-content\/blogs.dir\/488\/files\/sites\/16\/2025\/05\/Kirchschlaeger_Peter_A-e1748244156868.jpg","width":1040,"height":1287},{"@type":"BreadcrumbList","@id":"https:\/\/hub.hslu.ch\/financialmanagement\/2025\/05\/26\/carf-keynotes-2025-interview-mit-prof-dr-peter-g-kirchschlaeger\/#breadcrumb","itemListElement":[{"@type":"ListItem","position":1,"name":"Home","item":"https:\/\/hub.hslu.ch\/financialmanagement\/"},{"@type":"ListItem","position":2,"name":"CARF Keynotes 2025: Interview mit Prof. Dr. Peter G. Kirchschl\u00e4ger"}]},{"@type":"WebSite","@id":"https:\/\/hub.hslu.ch\/financialmanagement\/#website","url":"https:\/\/hub.hslu.ch\/financialmanagement\/","name":"Financial Management Blog","description":"Controlling, Accounting, Risk &amp; Corporate Finance am Institut f\u00fcr Finanzdienstleistungen Zug IFZ","potentialAction":[{"@type":"SearchAction","target":{"@type":"EntryPoint","urlTemplate":"https:\/\/hub.hslu.ch\/financialmanagement\/?s={search_term_string}"},"query-input":{"@type":"PropertyValueSpecification","valueRequired":true,"valueName":"search_term_string"}}],"inLanguage":"de-CH"},{"@type":"Person","@id":"https:\/\/hub.hslu.ch\/financialmanagement\/#\/schema\/person\/37830b930c7191bcaf93c2a45521ee16","name":"melanielisafuerch"}]}},"featured_image_src":"https:\/\/hub.hslu.ch\/financialmanagement\/wp-content\/blogs.dir\/488\/files\/sites\/16\/2025\/05\/Kirchschlaeger_Peter_A-e1748244156868.jpg","featured_image_src_square":"https:\/\/hub.hslu.ch\/financialmanagement\/wp-content\/blogs.dir\/488\/files\/sites\/16\/2025\/05\/Kirchschlaeger_Peter_A-e1748244156868.jpg","author_info":{"display_name":"melanielisafuerch","author_link":"https:\/\/hub.hslu.ch\/financialmanagement\/author\/melanielisafuerch\/"},"_links":{"self":[{"href":"https:\/\/hub.hslu.ch\/financialmanagement\/wp-json\/wp\/v2\/posts\/10558","targetHints":{"allow":["GET"]}}],"collection":[{"href":"https:\/\/hub.hslu.ch\/financialmanagement\/wp-json\/wp\/v2\/posts"}],"about":[{"href":"https:\/\/hub.hslu.ch\/financialmanagement\/wp-json\/wp\/v2\/types\/post"}],"author":[{"embeddable":true,"href":"https:\/\/hub.hslu.ch\/financialmanagement\/wp-json\/wp\/v2\/users\/236"}],"replies":[{"embeddable":true,"href":"https:\/\/hub.hslu.ch\/financialmanagement\/wp-json\/wp\/v2\/comments?post=10558"}],"version-history":[{"count":9,"href":"https:\/\/hub.hslu.ch\/financialmanagement\/wp-json\/wp\/v2\/posts\/10558\/revisions"}],"predecessor-version":[{"id":12191,"href":"https:\/\/hub.hslu.ch\/financialmanagement\/wp-json\/wp\/v2\/posts\/10558\/revisions\/12191"}],"wp:featuredmedia":[{"embeddable":true,"href":"https:\/\/hub.hslu.ch\/financialmanagement\/wp-json\/wp\/v2\/media\/10573"}],"wp:attachment":[{"href":"https:\/\/hub.hslu.ch\/financialmanagement\/wp-json\/wp\/v2\/media?parent=10558"}],"wp:term":[{"taxonomy":"category","embeddable":true,"href":"https:\/\/hub.hslu.ch\/financialmanagement\/wp-json\/wp\/v2\/categories?post=10558"},{"taxonomy":"post_tag","embeddable":true,"href":"https:\/\/hub.hslu.ch\/financialmanagement\/wp-json\/wp\/v2\/tags?post=10558"}],"curies":[{"name":"wp","href":"https:\/\/api.w.org\/{rel}","templated":true}]}}