{"id":10894,"date":"2025-08-27T09:00:03","date_gmt":"2025-08-27T07:00:03","guid":{"rendered":"https:\/\/hub.hslu.ch\/financialmanagement\/?p=10894"},"modified":"2026-02-11T14:53:52","modified_gmt":"2026-02-11T13:53:52","slug":"gewinner-der-16-cfo-of-the-year-awards-2025","status":"publish","type":"post","link":"https:\/\/hub.hslu.ch\/financialmanagement\/2025\/08\/27\/gewinner-der-16-cfo-of-the-year-awards-2025\/","title":{"rendered":"Gewinner der 16. CFO of the Year Awards 2025"},"content":{"rendered":"\n<p><em>von <a href=\"https:\/\/www.hslu.ch\/de-ch\/hochschule-luzern\/ueber-uns\/personensuche\/profile\/?pid=2406\" target=\"_blank\" rel=\"noopener\">Prof. Dr. Markus Gisler<\/a>, Leiter <a href=\"https:\/\/www.hslu.ch\/de-ch\/wirtschaft\/institute\/ifz\/\" target=\"_blank\" rel=\"noopener\">Institut f\u00fcr Finanzdienstleistungen Zug IFZ<\/a> und Pr\u00e4sident <a href=\"https:\/\/www.cfos.ch\/#\/\">CFO Forum Schweiz<\/a>.<\/em><\/p>\n\n\n\n\n\n<div style=\"height:12px\" aria-hidden=\"true\" class=\"wp-block-spacer\"><\/div>\n\n\n\n<p><strong><strong>Thomas Dittrich, Galderma Group AG&nbsp;<\/strong> <a href=\"https:\/\/www.youtube.com\/watch?v=6N69iIfMtF0&amp;feature=youtu.be\" target=\"_blank\" rel=\"noreferrer noopener\">(Portr\u00e4t-Video)<\/a><\/strong><\/p>\n\n\n\n<p>&nbsp;\u00abCFO of the Year\u00bb in der Kategorie Swiss Market Index Expanded\u00ae (SMI Expanded\u00ae)<\/p>\n\n\n\n<div style=\"height:25px\" aria-hidden=\"true\" class=\"wp-block-spacer\"><\/div>\n\n\n\n<p><strong><strong>Dr. Reto Suter, Siegfried Holding AG<\/strong> <a href=\"https:\/\/www.youtube.com\/watch?v=tgmu7qBWaIY&amp;feature=youtu.be\" target=\"_blank\" rel=\"noreferrer noopener\">(Portr\u00e4t-Video)<\/a><\/strong><\/p>\n\n\n\n<p>\u00abCFO of the Year\u00bb in der Kategorie Swiss Performance Index\u00ae (SPI\u00ae) ohne SMI Expanded\u00ae<\/p>\n\n\n\n<div style=\"height:25px\" aria-hidden=\"true\" class=\"wp-block-spacer\"><\/div>\n\n\n\n<p><strong><strong>Martin Meyer, AMAG Group AG<\/strong> <a href=\"https:\/\/www.youtube.com\/watch?v=UiOjh4cGKn0\" target=\"_blank\" rel=\"noreferrer noopener\">(Portr\u00e4t-Video)<\/a><\/strong><\/p>\n\n\n\n<p>\u00abCFO of the Year\u00bb in der Kategorie CFO Forum Schweiz \u2013 CFOs<\/p>\n\n\n\n<div style=\"height:8px\" aria-hidden=\"true\" class=\"wp-block-spacer\"><\/div>\n\n\n\n<figure class=\"wp-block-gallery aligncenter has-nested-images columns-3 is-cropped wp-block-gallery-1 is-layout-flex wp-block-gallery-is-layout-flex\">\n<figure class=\"wp-block-image size-full\"><img loading=\"lazy\" decoding=\"async\" width=\"2000\" height=\"1413\" data-id=\"10901\" src=\"https:\/\/hub.hslu.ch\/financialmanagement\/wp-content\/blogs.dir\/488\/files\/sites\/16\/2025\/08\/klein_fini_250825_CFO_Winner_I2Q7054_ed.jpg\" alt=\"\" class=\"wp-image-10901\" srcset=\"https:\/\/hub.hslu.ch\/financialmanagement\/wp-content\/blogs.dir\/488\/files\/sites\/16\/2025\/08\/klein_fini_250825_CFO_Winner_I2Q7054_ed.jpg 2000w, https:\/\/hub.hslu.ch\/financialmanagement\/wp-content\/blogs.dir\/488\/files\/sites\/16\/2025\/08\/klein_fini_250825_CFO_Winner_I2Q7054_ed-300x212.jpg 300w, https:\/\/hub.hslu.ch\/financialmanagement\/wp-content\/blogs.dir\/488\/files\/sites\/16\/2025\/08\/klein_fini_250825_CFO_Winner_I2Q7054_ed-1500x1060.jpg 1500w, https:\/\/hub.hslu.ch\/financialmanagement\/wp-content\/blogs.dir\/488\/files\/sites\/16\/2025\/08\/klein_fini_250825_CFO_Winner_I2Q7054_ed-768x543.jpg 768w, https:\/\/hub.hslu.ch\/financialmanagement\/wp-content\/blogs.dir\/488\/files\/sites\/16\/2025\/08\/klein_fini_250825_CFO_Winner_I2Q7054_ed-1536x1085.jpg 1536w, https:\/\/hub.hslu.ch\/financialmanagement\/wp-content\/blogs.dir\/488\/files\/sites\/16\/2025\/08\/klein_fini_250825_CFO_Winner_I2Q7054_ed-928x656.jpg 928w, https:\/\/hub.hslu.ch\/financialmanagement\/wp-content\/blogs.dir\/488\/files\/sites\/16\/2025\/08\/klein_fini_250825_CFO_Winner_I2Q7054_ed-600x424.jpg 600w\" sizes=\"auto, (max-width: 2000px) 100vw, 2000px\" \/><\/figure>\n<figcaption class=\"blocks-gallery-caption wp-element-caption\"><em><em>Vordere Reihe vlnr: Martin Meyer, Thomas Dittrich, Reto Suter<br>Hintere Reihe vlnr: Barbara Heller (Jurypr\u00e4sidentin CFO of the Year Award), Markus Gisler (Pr\u00e4sident CFO Forum Schweiz), Kiki Maeder (Moderatorin Swiss CFO Day)<\/em><\/em><\/figcaption><\/figure>\n\n\n\n<hr class=\"wp-block-separator has-alpha-channel-opacity\" \/>\n\n\n\n<p>Das Institut f\u00fcr Finanzdienstleistungen Zug IFZ der Hochschule Luzern HSLU ist Initiator des Vereins CFO Forum Schweiz und der CFO of the Year Awards. Unter der Projektleitung von Debora Fries sind Mitarbeitende und Studierende des IFZ und der Hochschule Luzern bei der Planung und Vorbereitung des Projekts an vorderster Front involviert. Sie haben auch dieses Jahr f\u00fcr einen reibungslosen Ablauf des Swiss CFO Days und eine w\u00fcrdige Preisverleihung in einem festlichen Rahmen gesorgt.<\/p>\n\n\n\n<p>Der <strong>Swiss CFO Day 2026<\/strong> findet am <strong>Montag, 24. August 2026 <\/strong>statt: jetzt schon in der Agenda eintragen.<\/p>\n\n\n","protected":false},"excerpt":{"rendered":"<p>Das CFO Forum Schweiz hat im Rahmen des Swiss CFO Day am 25. August 2025 bereits zum 16. Mal drei herausragende Finanzchefs mit dem \u00abCFO of the Year Award\u00bb geehrt. Mit dieser Auszeichnung werden CFOs von Schweizer Unternehmen in drei unterschiedlichen Kategorien f\u00fcr ihre besonderen Verdienste gew\u00fcrdigt. Bewertungskriterien sind unter anderem Pers\u00f6nlichkeit, Fachkompetenz, besondere Leistungen und Erfolge als CFO, Reputation, Kontinuit\u00e4t. In diesem Jahr gingen die Preise an folgende Finanzverantwortliche:<\/p>\n","protected":false},"author":236,"featured_media":10900,"comment_status":"open","ping_status":"open","sticky":false,"template":"","format":"standard","meta":{"_acf_changed":false,"inline_featured_image":false,"_relevanssi_hide_post":"","_relevanssi_hide_content":"","_relevanssi_pin_for_all":"","_relevanssi_pin_keywords":"","_relevanssi_unpin_keywords":"","_relevanssi_related_keywords":"","_relevanssi_related_include_ids":"","_relevanssi_related_exclude_ids":"","_relevanssi_related_no_append":"","_relevanssi_related_not_related":"","_relevanssi_related_posts":"8451,8409,6079,8437,5969,2879","_relevanssi_noindex_reason":"","ngg_post_thumbnail":0,"footnotes":"","_links_to":"","_links_to_target":""},"categories":[588180,587776,723],"tags":[588155,765,588062,588063,346640,588061,588157,28,3648,588156,588022],"class_list":["post-10894","post","type-post","status-publish","format-standard","has-post-thumbnail","hentry","category-cfo","category-finanzen","category-veranstaltungen","tag-amag-group-ag","tag-cfo","tag-cfo-forum-schweiz","tag-cfo-of-the-year-award","tag-finanzchef","tag-finanzchefin","tag-galderma-group-ag","tag-hslu","tag-ifz","tag-siegfried-holding-ag","tag-swiss-cfo-day"],"acf":[],"yoast_head":"<!-- This site is optimized with the Yoast SEO plugin v27.5 - https:\/\/yoast.com\/product\/yoast-seo-wordpress\/ -->\n<title>Gewinner der 16. CFO of the Year Awards 2025 - Financial Management Blog<\/title>\n<meta name=\"description\" content=\"Das CFO Forum Schweiz hat im Rahmen des Swiss CFO Day am 25. August 2025 bereits zum 16. Mal drei herausragende Finanzchefs mit dem \u00abCFO of the Year Award\u00bb geehrt. Mit dieser Auszeichnung werden CFOs von Schweizer Unternehmen in drei unterschiedlichen Kategorien f\u00fcr ihre besonderen Verdienste gew\u00fcrdigt. Bewertungskriterien sind unter anderem Pers\u00f6nlichkeit, Fachkompetenz, besondere Leistungen und Erfolge als CFO, Reputation, Kontinuit\u00e4t. In diesem Jahr gingen die Preise an folgende Finanzverantwortliche:\" \/>\n<meta name=\"robots\" content=\"index, follow, max-snippet:-1, max-image-preview:large, max-video-preview:-1\" \/>\n<link rel=\"canonical\" href=\"https:\/\/hub.hslu.ch\/financialmanagement\/2025\/08\/27\/gewinner-der-16-cfo-of-the-year-awards-2025\/\" \/>\n<meta property=\"og:locale\" content=\"de_DE\" \/>\n<meta property=\"og:type\" content=\"article\" \/>\n<meta property=\"og:title\" content=\"Gewinner der 16. CFO of the Year Awards 2025 - Financial Management Blog\" \/>\n<meta property=\"og:description\" content=\"Das CFO Forum Schweiz hat im Rahmen des Swiss CFO Day am 25. August 2025 bereits zum 16. Mal drei herausragende Finanzchefs mit dem \u00abCFO of the Year Award\u00bb geehrt. Mit dieser Auszeichnung werden CFOs von Schweizer Unternehmen in drei unterschiedlichen Kategorien f\u00fcr ihre besonderen Verdienste gew\u00fcrdigt. Bewertungskriterien sind unter anderem Pers\u00f6nlichkeit, Fachkompetenz, besondere Leistungen und Erfolge als CFO, Reputation, Kontinuit\u00e4t. In diesem Jahr gingen die Preise an folgende Finanzverantwortliche:\" \/>\n<meta property=\"og:url\" content=\"https:\/\/hub.hslu.ch\/financialmanagement\/2025\/08\/27\/gewinner-der-16-cfo-of-the-year-awards-2025\/\" \/>\n<meta property=\"og:site_name\" content=\"Financial Management Blog\" \/>\n<meta property=\"article:published_time\" content=\"2025-08-27T07:00:03+00:00\" \/>\n<meta property=\"article:modified_time\" content=\"2026-02-11T13:53:52+00:00\" \/>\n<meta property=\"og:image\" content=\"https:\/\/hub.hslu.ch\/financialmanagement\/wp-content\/blogs.dir\/488\/files\/sites\/16\/2025\/08\/2025-08-25-15.41.45.jpg\" \/>\n\t<meta property=\"og:image:width\" content=\"2048\" \/>\n\t<meta property=\"og:image:height\" content=\"1536\" \/>\n\t<meta property=\"og:image:type\" content=\"image\/jpeg\" \/>\n<meta name=\"author\" content=\"melanielisafuerch\" \/>\n<meta name=\"twitter:card\" content=\"summary_large_image\" \/>\n<meta name=\"twitter:label1\" content=\"Geschrieben von\" \/>\n\t<meta name=\"twitter:data1\" content=\"melanielisafuerch\" \/>\n\t<meta name=\"twitter:label2\" content=\"Gesch\u00e4tzte Lesezeit\" \/>\n\t<meta name=\"twitter:data2\" content=\"2\u00a0Minuten\" \/>\n<script type=\"application\/ld+json\" class=\"yoast-schema-graph\">{\"@context\":\"https:\\\/\\\/schema.org\",\"@graph\":[{\"@type\":\"Article\",\"@id\":\"https:\\\/\\\/hub.hslu.ch\\\/financialmanagement\\\/2025\\\/08\\\/27\\\/gewinner-der-16-cfo-of-the-year-awards-2025\\\/#article\",\"isPartOf\":{\"@id\":\"https:\\\/\\\/hub.hslu.ch\\\/financialmanagement\\\/2025\\\/08\\\/27\\\/gewinner-der-16-cfo-of-the-year-awards-2025\\\/\"},\"author\":{\"name\":\"melanielisafuerch\",\"@id\":\"https:\\\/\\\/hub.hslu.ch\\\/financialmanagement\\\/#\\\/schema\\\/person\\\/37830b930c7191bcaf93c2a45521ee16\"},\"headline\":\"Gewinner der 16. CFO of the Year Awards 2025\",\"datePublished\":\"2025-08-27T07:00:03+00:00\",\"dateModified\":\"2026-02-11T13:53:52+00:00\",\"mainEntityOfPage\":{\"@id\":\"https:\\\/\\\/hub.hslu.ch\\\/financialmanagement\\\/2025\\\/08\\\/27\\\/gewinner-der-16-cfo-of-the-year-awards-2025\\\/\"},\"wordCount\":211,\"commentCount\":0,\"image\":{\"@id\":\"https:\\\/\\\/hub.hslu.ch\\\/financialmanagement\\\/2025\\\/08\\\/27\\\/gewinner-der-16-cfo-of-the-year-awards-2025\\\/#primaryimage\"},\"thumbnailUrl\":\"https:\\\/\\\/hub.hslu.ch\\\/financialmanagement\\\/wp-content\\\/blogs.dir\\\/488\\\/files\\\/sites\\\/16\\\/2025\\\/08\\\/2025-08-25-15.41.45.jpg\",\"keywords\":[\"AMAG Group AG\",\"CFO\",\"CFO Forum Schweiz\",\"CFO of the Year Award\",\"Finanzchef\",\"Finanzchefin\",\"Galderma Group AG\",\"HSLU\",\"IFZ\",\"Siegfried Holding AG\",\"Swiss CFO Day\"],\"articleSection\":[\"CFO\",\"Finanzen\",\"Veranstaltungen\"],\"inLanguage\":\"de-CH\",\"potentialAction\":[{\"@type\":\"CommentAction\",\"name\":\"Comment\",\"target\":[\"https:\\\/\\\/hub.hslu.ch\\\/financialmanagement\\\/2025\\\/08\\\/27\\\/gewinner-der-16-cfo-of-the-year-awards-2025\\\/#respond\"]}]},{\"@type\":\"WebPage\",\"@id\":\"https:\\\/\\\/hub.hslu.ch\\\/financialmanagement\\\/2025\\\/08\\\/27\\\/gewinner-der-16-cfo-of-the-year-awards-2025\\\/\",\"url\":\"https:\\\/\\\/hub.hslu.ch\\\/financialmanagement\\\/2025\\\/08\\\/27\\\/gewinner-der-16-cfo-of-the-year-awards-2025\\\/\",\"name\":\"Gewinner der 16. CFO of the Year Awards 2025 - Financial Management Blog\",\"isPartOf\":{\"@id\":\"https:\\\/\\\/hub.hslu.ch\\\/financialmanagement\\\/#website\"},\"primaryImageOfPage\":{\"@id\":\"https:\\\/\\\/hub.hslu.ch\\\/financialmanagement\\\/2025\\\/08\\\/27\\\/gewinner-der-16-cfo-of-the-year-awards-2025\\\/#primaryimage\"},\"image\":{\"@id\":\"https:\\\/\\\/hub.hslu.ch\\\/financialmanagement\\\/2025\\\/08\\\/27\\\/gewinner-der-16-cfo-of-the-year-awards-2025\\\/#primaryimage\"},\"thumbnailUrl\":\"https:\\\/\\\/hub.hslu.ch\\\/financialmanagement\\\/wp-content\\\/blogs.dir\\\/488\\\/files\\\/sites\\\/16\\\/2025\\\/08\\\/2025-08-25-15.41.45.jpg\",\"datePublished\":\"2025-08-27T07:00:03+00:00\",\"dateModified\":\"2026-02-11T13:53:52+00:00\",\"author\":{\"@id\":\"https:\\\/\\\/hub.hslu.ch\\\/financialmanagement\\\/#\\\/schema\\\/person\\\/37830b930c7191bcaf93c2a45521ee16\"},\"description\":\"Das CFO Forum Schweiz hat im Rahmen des Swiss CFO Day am 25. August 2025 bereits zum 16. Mal drei herausragende Finanzchefs mit dem \u00abCFO of the Year Award\u00bb geehrt. Mit dieser Auszeichnung werden CFOs von Schweizer Unternehmen in drei unterschiedlichen Kategorien f\u00fcr ihre besonderen Verdienste gew\u00fcrdigt. Bewertungskriterien sind unter anderem Pers\u00f6nlichkeit, Fachkompetenz, besondere Leistungen und Erfolge als CFO, Reputation, Kontinuit\u00e4t. In diesem Jahr gingen die Preise an folgende Finanzverantwortliche:\",\"breadcrumb\":{\"@id\":\"https:\\\/\\\/hub.hslu.ch\\\/financialmanagement\\\/2025\\\/08\\\/27\\\/gewinner-der-16-cfo-of-the-year-awards-2025\\\/#breadcrumb\"},\"inLanguage\":\"de-CH\",\"potentialAction\":[{\"@type\":\"ReadAction\",\"target\":[\"https:\\\/\\\/hub.hslu.ch\\\/financialmanagement\\\/2025\\\/08\\\/27\\\/gewinner-der-16-cfo-of-the-year-awards-2025\\\/\"]}]},{\"@type\":\"ImageObject\",\"inLanguage\":\"de-CH\",\"@id\":\"https:\\\/\\\/hub.hslu.ch\\\/financialmanagement\\\/2025\\\/08\\\/27\\\/gewinner-der-16-cfo-of-the-year-awards-2025\\\/#primaryimage\",\"url\":\"https:\\\/\\\/hub.hslu.ch\\\/financialmanagement\\\/wp-content\\\/blogs.dir\\\/488\\\/files\\\/sites\\\/16\\\/2025\\\/08\\\/2025-08-25-15.41.45.jpg\",\"contentUrl\":\"https:\\\/\\\/hub.hslu.ch\\\/financialmanagement\\\/wp-content\\\/blogs.dir\\\/488\\\/files\\\/sites\\\/16\\\/2025\\\/08\\\/2025-08-25-15.41.45.jpg\",\"width\":2048,\"height\":1536},{\"@type\":\"BreadcrumbList\",\"@id\":\"https:\\\/\\\/hub.hslu.ch\\\/financialmanagement\\\/2025\\\/08\\\/27\\\/gewinner-der-16-cfo-of-the-year-awards-2025\\\/#breadcrumb\",\"itemListElement\":[{\"@type\":\"ListItem\",\"position\":1,\"name\":\"Home\",\"item\":\"https:\\\/\\\/hub.hslu.ch\\\/financialmanagement\\\/\"},{\"@type\":\"ListItem\",\"position\":2,\"name\":\"Gewinner der 16. CFO of the Year Awards 2025\"}]},{\"@type\":\"WebSite\",\"@id\":\"https:\\\/\\\/hub.hslu.ch\\\/financialmanagement\\\/#website\",\"url\":\"https:\\\/\\\/hub.hslu.ch\\\/financialmanagement\\\/\",\"name\":\"Financial Management Blog\",\"description\":\"Controlling, Accounting, Risk &amp; Corporate Finance am Institut f\u00fcr Finanzdienstleistungen Zug IFZ\",\"potentialAction\":[{\"@type\":\"SearchAction\",\"target\":{\"@type\":\"EntryPoint\",\"urlTemplate\":\"https:\\\/\\\/hub.hslu.ch\\\/financialmanagement\\\/?s={search_term_string}\"},\"query-input\":{\"@type\":\"PropertyValueSpecification\",\"valueRequired\":true,\"valueName\":\"search_term_string\"}}],\"inLanguage\":\"de-CH\"},{\"@type\":\"Person\",\"@id\":\"https:\\\/\\\/hub.hslu.ch\\\/financialmanagement\\\/#\\\/schema\\\/person\\\/37830b930c7191bcaf93c2a45521ee16\",\"name\":\"melanielisafuerch\"}]}<\/script>\n<!-- \/ Yoast SEO plugin. -->","yoast_head_json":{"title":"Gewinner der 16. CFO of the Year Awards 2025 - Financial Management Blog","description":"Das CFO Forum Schweiz hat im Rahmen des Swiss CFO Day am 25. August 2025 bereits zum 16. Mal drei herausragende Finanzchefs mit dem \u00abCFO of the Year Award\u00bb geehrt. Mit dieser Auszeichnung werden CFOs von Schweizer Unternehmen in drei unterschiedlichen Kategorien f\u00fcr ihre besonderen Verdienste gew\u00fcrdigt. Bewertungskriterien sind unter anderem Pers\u00f6nlichkeit, Fachkompetenz, besondere Leistungen und Erfolge als CFO, Reputation, Kontinuit\u00e4t. In diesem Jahr gingen die Preise an folgende Finanzverantwortliche:","robots":{"index":"index","follow":"follow","max-snippet":"max-snippet:-1","max-image-preview":"max-image-preview:large","max-video-preview":"max-video-preview:-1"},"canonical":"https:\/\/hub.hslu.ch\/financialmanagement\/2025\/08\/27\/gewinner-der-16-cfo-of-the-year-awards-2025\/","og_locale":"de_DE","og_type":"article","og_title":"Gewinner der 16. CFO of the Year Awards 2025 - Financial Management Blog","og_description":"Das CFO Forum Schweiz hat im Rahmen des Swiss CFO Day am 25. August 2025 bereits zum 16. Mal drei herausragende Finanzchefs mit dem \u00abCFO of the Year Award\u00bb geehrt. Mit dieser Auszeichnung werden CFOs von Schweizer Unternehmen in drei unterschiedlichen Kategorien f\u00fcr ihre besonderen Verdienste gew\u00fcrdigt. Bewertungskriterien sind unter anderem Pers\u00f6nlichkeit, Fachkompetenz, besondere Leistungen und Erfolge als CFO, Reputation, Kontinuit\u00e4t. In diesem Jahr gingen die Preise an folgende Finanzverantwortliche:","og_url":"https:\/\/hub.hslu.ch\/financialmanagement\/2025\/08\/27\/gewinner-der-16-cfo-of-the-year-awards-2025\/","og_site_name":"Financial Management Blog","article_published_time":"2025-08-27T07:00:03+00:00","article_modified_time":"2026-02-11T13:53:52+00:00","og_image":[{"width":2048,"height":1536,"url":"https:\/\/hub.hslu.ch\/financialmanagement\/wp-content\/blogs.dir\/488\/files\/sites\/16\/2025\/08\/2025-08-25-15.41.45.jpg","type":"image\/jpeg"}],"author":"melanielisafuerch","twitter_card":"summary_large_image","twitter_misc":{"Geschrieben von":"melanielisafuerch","Gesch\u00e4tzte Lesezeit":"2\u00a0Minuten"},"schema":{"@context":"https:\/\/schema.org","@graph":[{"@type":"Article","@id":"https:\/\/hub.hslu.ch\/financialmanagement\/2025\/08\/27\/gewinner-der-16-cfo-of-the-year-awards-2025\/#article","isPartOf":{"@id":"https:\/\/hub.hslu.ch\/financialmanagement\/2025\/08\/27\/gewinner-der-16-cfo-of-the-year-awards-2025\/"},"author":{"name":"melanielisafuerch","@id":"https:\/\/hub.hslu.ch\/financialmanagement\/#\/schema\/person\/37830b930c7191bcaf93c2a45521ee16"},"headline":"Gewinner der 16. CFO of the Year Awards 2025","datePublished":"2025-08-27T07:00:03+00:00","dateModified":"2026-02-11T13:53:52+00:00","mainEntityOfPage":{"@id":"https:\/\/hub.hslu.ch\/financialmanagement\/2025\/08\/27\/gewinner-der-16-cfo-of-the-year-awards-2025\/"},"wordCount":211,"commentCount":0,"image":{"@id":"https:\/\/hub.hslu.ch\/financialmanagement\/2025\/08\/27\/gewinner-der-16-cfo-of-the-year-awards-2025\/#primaryimage"},"thumbnailUrl":"https:\/\/hub.hslu.ch\/financialmanagement\/wp-content\/blogs.dir\/488\/files\/sites\/16\/2025\/08\/2025-08-25-15.41.45.jpg","keywords":["AMAG Group AG","CFO","CFO Forum Schweiz","CFO of the Year Award","Finanzchef","Finanzchefin","Galderma Group AG","HSLU","IFZ","Siegfried Holding AG","Swiss CFO Day"],"articleSection":["CFO","Finanzen","Veranstaltungen"],"inLanguage":"de-CH","potentialAction":[{"@type":"CommentAction","name":"Comment","target":["https:\/\/hub.hslu.ch\/financialmanagement\/2025\/08\/27\/gewinner-der-16-cfo-of-the-year-awards-2025\/#respond"]}]},{"@type":"WebPage","@id":"https:\/\/hub.hslu.ch\/financialmanagement\/2025\/08\/27\/gewinner-der-16-cfo-of-the-year-awards-2025\/","url":"https:\/\/hub.hslu.ch\/financialmanagement\/2025\/08\/27\/gewinner-der-16-cfo-of-the-year-awards-2025\/","name":"Gewinner der 16. CFO of the Year Awards 2025 - Financial Management Blog","isPartOf":{"@id":"https:\/\/hub.hslu.ch\/financialmanagement\/#website"},"primaryImageOfPage":{"@id":"https:\/\/hub.hslu.ch\/financialmanagement\/2025\/08\/27\/gewinner-der-16-cfo-of-the-year-awards-2025\/#primaryimage"},"image":{"@id":"https:\/\/hub.hslu.ch\/financialmanagement\/2025\/08\/27\/gewinner-der-16-cfo-of-the-year-awards-2025\/#primaryimage"},"thumbnailUrl":"https:\/\/hub.hslu.ch\/financialmanagement\/wp-content\/blogs.dir\/488\/files\/sites\/16\/2025\/08\/2025-08-25-15.41.45.jpg","datePublished":"2025-08-27T07:00:03+00:00","dateModified":"2026-02-11T13:53:52+00:00","author":{"@id":"https:\/\/hub.hslu.ch\/financialmanagement\/#\/schema\/person\/37830b930c7191bcaf93c2a45521ee16"},"description":"Das CFO Forum Schweiz hat im Rahmen des Swiss CFO Day am 25. August 2025 bereits zum 16. Mal drei herausragende Finanzchefs mit dem \u00abCFO of the Year Award\u00bb geehrt. Mit dieser Auszeichnung werden CFOs von Schweizer Unternehmen in drei unterschiedlichen Kategorien f\u00fcr ihre besonderen Verdienste gew\u00fcrdigt. Bewertungskriterien sind unter anderem Pers\u00f6nlichkeit, Fachkompetenz, besondere Leistungen und Erfolge als CFO, Reputation, Kontinuit\u00e4t. In diesem Jahr gingen die Preise an folgende Finanzverantwortliche:","breadcrumb":{"@id":"https:\/\/hub.hslu.ch\/financialmanagement\/2025\/08\/27\/gewinner-der-16-cfo-of-the-year-awards-2025\/#breadcrumb"},"inLanguage":"de-CH","potentialAction":[{"@type":"ReadAction","target":["https:\/\/hub.hslu.ch\/financialmanagement\/2025\/08\/27\/gewinner-der-16-cfo-of-the-year-awards-2025\/"]}]},{"@type":"ImageObject","inLanguage":"de-CH","@id":"https:\/\/hub.hslu.ch\/financialmanagement\/2025\/08\/27\/gewinner-der-16-cfo-of-the-year-awards-2025\/#primaryimage","url":"https:\/\/hub.hslu.ch\/financialmanagement\/wp-content\/blogs.dir\/488\/files\/sites\/16\/2025\/08\/2025-08-25-15.41.45.jpg","contentUrl":"https:\/\/hub.hslu.ch\/financialmanagement\/wp-content\/blogs.dir\/488\/files\/sites\/16\/2025\/08\/2025-08-25-15.41.45.jpg","width":2048,"height":1536},{"@type":"BreadcrumbList","@id":"https:\/\/hub.hslu.ch\/financialmanagement\/2025\/08\/27\/gewinner-der-16-cfo-of-the-year-awards-2025\/#breadcrumb","itemListElement":[{"@type":"ListItem","position":1,"name":"Home","item":"https:\/\/hub.hslu.ch\/financialmanagement\/"},{"@type":"ListItem","position":2,"name":"Gewinner der 16. CFO of the Year Awards 2025"}]},{"@type":"WebSite","@id":"https:\/\/hub.hslu.ch\/financialmanagement\/#website","url":"https:\/\/hub.hslu.ch\/financialmanagement\/","name":"Financial Management Blog","description":"Controlling, Accounting, Risk &amp; Corporate Finance am Institut f\u00fcr Finanzdienstleistungen Zug IFZ","potentialAction":[{"@type":"SearchAction","target":{"@type":"EntryPoint","urlTemplate":"https:\/\/hub.hslu.ch\/financialmanagement\/?s={search_term_string}"},"query-input":{"@type":"PropertyValueSpecification","valueRequired":true,"valueName":"search_term_string"}}],"inLanguage":"de-CH"},{"@type":"Person","@id":"https:\/\/hub.hslu.ch\/financialmanagement\/#\/schema\/person\/37830b930c7191bcaf93c2a45521ee16","name":"melanielisafuerch"}]}},"featured_image_src":"https:\/\/hub.hslu.ch\/financialmanagement\/wp-content\/blogs.dir\/488\/files\/sites\/16\/2025\/08\/2025-08-25-15.41.45.jpg","featured_image_src_square":"https:\/\/hub.hslu.ch\/financialmanagement\/wp-content\/blogs.dir\/488\/files\/sites\/16\/2025\/08\/2025-08-25-15.41.45.jpg","author_info":{"display_name":"melanielisafuerch","author_link":"https:\/\/hub.hslu.ch\/financialmanagement\/author\/melanielisafuerch\/"},"_links":{"self":[{"href":"https:\/\/hub.hslu.ch\/financialmanagement\/wp-json\/wp\/v2\/posts\/10894","targetHints":{"allow":["GET"]}}],"collection":[{"href":"https:\/\/hub.hslu.ch\/financialmanagement\/wp-json\/wp\/v2\/posts"}],"about":[{"href":"https:\/\/hub.hslu.ch\/financialmanagement\/wp-json\/wp\/v2\/types\/post"}],"author":[{"embeddable":true,"href":"https:\/\/hub.hslu.ch\/financialmanagement\/wp-json\/wp\/v2\/users\/236"}],"replies":[{"embeddable":true,"href":"https:\/\/hub.hslu.ch\/financialmanagement\/wp-json\/wp\/v2\/comments?post=10894"}],"version-history":[{"count":10,"href":"https:\/\/hub.hslu.ch\/financialmanagement\/wp-json\/wp\/v2\/posts\/10894\/revisions"}],"predecessor-version":[{"id":12199,"href":"https:\/\/hub.hslu.ch\/financialmanagement\/wp-json\/wp\/v2\/posts\/10894\/revisions\/12199"}],"wp:featuredmedia":[{"embeddable":true,"href":"https:\/\/hub.hslu.ch\/financialmanagement\/wp-json\/wp\/v2\/media\/10900"}],"wp:attachment":[{"href":"https:\/\/hub.hslu.ch\/financialmanagement\/wp-json\/wp\/v2\/media?parent=10894"}],"wp:term":[{"taxonomy":"category","embeddable":true,"href":"https:\/\/hub.hslu.ch\/financialmanagement\/wp-json\/wp\/v2\/categories?post=10894"},{"taxonomy":"post_tag","embeddable":true,"href":"https:\/\/hub.hslu.ch\/financialmanagement\/wp-json\/wp\/v2\/tags?post=10894"}],"curies":[{"name":"wp","href":"https:\/\/api.w.org\/{rel}","templated":true}]}}