{"id":13178,"date":"2026-08-31T04:00:00","date_gmt":"2026-08-31T02:00:00","guid":{"rendered":"https:\/\/hub.hslu.ch\/financialmanagement\/?p=13178"},"modified":"2026-08-28T17:36:15","modified_gmt":"2026-08-28T15:36:15","slug":"cfo-of-the-year-awards-2026","status":"publish","type":"post","link":"https:\/\/hub.hslu.ch\/financialmanagement\/2026\/08\/31\/cfo-of-the-year-awards-2026\/","title":{"rendered":"Gewinner der 17. CFO of the Year Awards 2026"},"content":{"rendered":"\n<p class=\"wp-block-paragraph\"><em>von <a href=\"https:\/\/www.hslu.ch\/de-ch\/hochschule-luzern\/ueber-uns\/personensuche\/profile\/?pid=2406\" target=\"_blank\" rel=\"noopener\">Prof. Dr. Markus Gisler<\/a>, Leiter <a href=\"https:\/\/www.hslu.ch\/de-ch\/wirtschaft\/institute\/ifz\/\" target=\"_blank\" rel=\"noopener\">Institut f\u00fcr Finanzdienstleistungen Zug IFZ<\/a> und Pr\u00e4sident <a href=\"https:\/\/www.cfos.ch\/#\/\">CFO Forum Schweiz<\/a>.<\/em><\/p>\n\n\n\n<div style=\"height:12px\" aria-hidden=\"true\" class=\"wp-block-spacer\"><\/div>\n\n\n\n<p class=\"wp-block-paragraph\">In diesem Jahr gingen die Preise an Finanzverantwortliche, die sich durch ihre Leistungen, ihre Pers\u00f6nlichkeit sowie ihren massgeblichen Beitrag zum Erfolg ihrer Unternehmen hervorgetan haben.<\/p>\n\n\n\n<p class=\"wp-block-paragraph\"><\/p>\n\n\n\n<p class=\"wp-block-paragraph\"><strong>Mads Joergensen, Georg Fischer AG<\/strong><\/p>\n\n\n\n<p class=\"wp-block-paragraph\">&nbsp;\u00abCFO of the Year\u00bb in der Kategorie Swiss Market Index Expanded\u00ae (SMI Expanded\u00ae)<\/p>\n\n\n\n<figure class=\"wp-block-embed is-type-video is-provider-youtube wp-block-embed-youtube wp-embed-aspect-16-9 wp-has-aspect-ratio\"><div class=\"wp-block-embed__wrapper\">\n<iframe loading=\"lazy\" title=\"Portr\u00e4t: Mads Joergensen, Georg Fischer AG\" width=\"640\" height=\"360\" src=\"https:\/\/www.youtube.com\/embed\/Zoon3THWfPE?feature=oembed\" frameborder=\"0\" allow=\"accelerometer; autoplay; clipboard-write; encrypted-media; gyroscope; picture-in-picture; web-share\" referrerpolicy=\"strict-origin-when-cross-origin\" allowfullscreen><\/iframe>\n<\/div><\/figure>\n\n\n\n<p class=\"wp-block-paragraph\"><\/p>\n\n\n\n<p class=\"wp-block-paragraph\"><\/p>\n\n\n\n<p class=\"wp-block-paragraph\"><strong>Stefan Baumg\u00e4rtner, Implenia AG<\/strong><\/p>\n\n\n\n<p class=\"wp-block-paragraph\">\u00abCFO of the Year\u00bb in der Kategorie Swiss Performance Index\u00ae (SPI\u00ae) ohne SMI Expanded<\/p>\n\n\n\n<figure class=\"wp-block-embed is-type-video is-provider-youtube wp-block-embed-youtube wp-embed-aspect-16-9 wp-has-aspect-ratio\"><div class=\"wp-block-embed__wrapper\">\n<iframe loading=\"lazy\" title=\"Portr\u00e4t: Stefan Baumg\u00e4rtner, Implenia\" width=\"640\" height=\"360\" src=\"https:\/\/www.youtube.com\/embed\/U31XkkA1cFE?feature=oembed\" frameborder=\"0\" allow=\"accelerometer; autoplay; clipboard-write; encrypted-media; gyroscope; picture-in-picture; web-share\" referrerpolicy=\"strict-origin-when-cross-origin\" allowfullscreen><\/iframe>\n<\/div><\/figure>\n\n\n\n<p class=\"wp-block-paragraph\"><\/p>\n\n\n\n<p class=\"wp-block-paragraph\"><\/p>\n\n\n\n<p class=\"wp-block-paragraph\"><strong>Doris Barnert, Swissgrid AG<\/strong><\/p>\n\n\n\n<p class=\"wp-block-paragraph\">\u00abCFO of the Year\u00bb in der Kategorie CFO Forum Schweiz \u2013 CFOs<\/p>\n\n\n\n<figure class=\"wp-block-embed is-type-video is-provider-youtube wp-block-embed-youtube wp-embed-aspect-16-9 wp-has-aspect-ratio\"><div class=\"wp-block-embed__wrapper\">\n<iframe loading=\"lazy\" title=\"Portr\u00e4t: Doris Barnert, Swissgrid AG\" width=\"640\" height=\"360\" src=\"https:\/\/www.youtube.com\/embed\/wE3izICFjHg?feature=oembed\" frameborder=\"0\" allow=\"accelerometer; autoplay; clipboard-write; encrypted-media; gyroscope; picture-in-picture; web-share\" referrerpolicy=\"strict-origin-when-cross-origin\" allowfullscreen><\/iframe>\n<\/div><\/figure>\n\n\n\n<p class=\"wp-block-paragraph\"><a href=\"https:\/\/hub.hslu.ch\/financialmanagement\/tag\/swiss-cfo-day\/\"><\/a><\/p>\n\n\n\n<div style=\"height:8px\" aria-hidden=\"true\" class=\"wp-block-spacer\"><\/div>\n\n\n\n<hr class=\"wp-block-separator has-alpha-channel-opacity\" \/>\n\n\n\n<p class=\"wp-block-paragraph\">Das Institut f\u00fcr Finanzdienstleistungen Zug IFZ der Hochschule Luzern ist Initiator des Vereins CFO Forum Schweiz und der CFO of the Year Awards. Unter der Projektleitung von Debora Fries sind Mitarbeitende und Studierende des IFZ bei der Planung und Vorbereitung des Projekts an vorderster Front involviert. Sie haben auch dieses Jahr f\u00fcr einen reibungslosen Ablauf des Swiss CFO Days und eine w\u00fcrdige Preisverleihung in einem festlichen Rahmen gesorgt.<\/p>\n\n\n\n<div class=\"wp-block-buttons is-layout-flex wp-block-buttons-is-layout-flex\">\n<div class=\"wp-block-button\"><a class=\"wp-block-button__link wp-element-button\" href=\"https:\/\/cfos.ch\/\"><strong>Vorschau: <\/strong>Der Swiss CFO Day 2027 findet am Montag, 23. August 2027 statt: jetzt schon in der Agenda eintragen.<\/a><\/div>\n<\/div>\n\n\n\n<div class=\"wp-block-buttons is-layout-flex wp-block-buttons-is-layout-flex\"><\/div>\n\n\n\n<p class=\"wp-block-paragraph\"><\/p>\n","protected":false},"excerpt":{"rendered":"<p>Das CFO Forum Schweiz hat im Rahmen des Swiss CFO Day am 24. August 2026 zum 17. Mal drei herausragende CFOs mit dem \u00abCFO of the Year Award\u00bb geehrt. Mit dieser Auszeichnung werden Finanzchefinnen und Finanzchefs von Schweizer Unternehmen in drei unterschiedlichen Kategorien f\u00fcr ihre besonderen Verdienste gew\u00fcrdigt. <\/p>\n","protected":false},"author":236,"featured_media":13182,"comment_status":"open","ping_status":"open","sticky":false,"template":"","format":"standard","meta":{"_acf_changed":false,"inline_featured_image":false,"_relevanssi_hide_post":"","_relevanssi_hide_content":"","_relevanssi_pin_for_all":"","_relevanssi_pin_keywords":"","_relevanssi_unpin_keywords":"","_relevanssi_related_keywords":"","_relevanssi_related_include_ids":"","_relevanssi_related_exclude_ids":"","_relevanssi_related_no_append":"","_relevanssi_related_not_related":"","_relevanssi_related_posts":"8451,8409,6079,8437,5969,2879","_relevanssi_noindex_reason":"","ngg_post_thumbnail":0,"footnotes":"","_links_to":"","_links_to_target":""},"categories":[588180,587776,723],"tags":[765,588062,588063,346640,588061,23646,588323,28,3648,588324,588022,588325],"class_list":["post-13178","post","type-post","status-publish","format-standard","has-post-thumbnail","hentry","category-cfo","category-finanzen","category-veranstaltungen","tag-cfo","tag-cfo-forum-schweiz","tag-cfo-of-the-year-award","tag-finanzchef","tag-finanzchefin","tag-finanzielle-fuhrung","tag-georg-fischer-ag","tag-hslu","tag-ifz","tag-implenia-ag","tag-swiss-cfo-day","tag-swissgrid-ag"],"acf":[],"yoast_head":"<!-- This site is optimized with the Yoast SEO plugin v28.4 - https:\/\/yoast.com\/product\/yoast-seo-wordpress\/ -->\n<title>Gewinner der 17. CFO of the Year Awards 2026 - Financial Management Blog<\/title>\n<meta name=\"description\" content=\"Das CFO Forum Schweiz hat im Rahmen des Swiss CFO Day am 24. August 2026 zum 17. Mal drei herausragende CFOs mit dem \u00abCFO of the Year Award\u00bb geehrt. Mit dieser Auszeichnung werden Finanzchefinnen und Finanzchefs von Schweizer Unternehmen in drei unterschiedlichen Kategorien f\u00fcr ihre besonderen Verdienste gew\u00fcrdigt.\" \/>\n<meta name=\"robots\" content=\"index, follow, max-snippet:-1, max-image-preview:large, max-video-preview:-1\" \/>\n<link rel=\"canonical\" href=\"https:\/\/hub.hslu.ch\/financialmanagement\/2026\/08\/31\/cfo-of-the-year-awards-2026\/\" \/>\n<meta property=\"og:locale\" content=\"de_DE\" \/>\n<meta property=\"og:type\" content=\"article\" \/>\n<meta property=\"og:title\" content=\"Gewinner der 17. CFO of the Year Awards 2026 - Financial Management Blog\" \/>\n<meta property=\"og:description\" content=\"Das CFO Forum Schweiz hat im Rahmen des Swiss CFO Day am 24. August 2026 zum 17. Mal drei herausragende CFOs mit dem \u00abCFO of the Year Award\u00bb geehrt. Mit dieser Auszeichnung werden Finanzchefinnen und Finanzchefs von Schweizer Unternehmen in drei unterschiedlichen Kategorien f\u00fcr ihre besonderen Verdienste gew\u00fcrdigt.\" \/>\n<meta property=\"og:url\" content=\"https:\/\/hub.hslu.ch\/financialmanagement\/2026\/08\/31\/cfo-of-the-year-awards-2026\/\" \/>\n<meta property=\"og:site_name\" content=\"Financial Management Blog\" \/>\n<meta property=\"article:published_time\" content=\"2026-08-31T02:00:00+00:00\" \/>\n<meta property=\"og:image\" content=\"https:\/\/hub.hslu.ch\/financialmanagement\/wp-content\/blogs.dir\/488\/files\/sites\/16\/2026\/08\/CFO-Awards-2026-edited.jpg\" \/>\n\t<meta property=\"og:image:width\" content=\"1890\" \/>\n\t<meta property=\"og:image:height\" content=\"1418\" \/>\n\t<meta property=\"og:image:type\" content=\"image\/jpeg\" \/>\n<meta name=\"author\" content=\"melanielisafuerch\" \/>\n<meta name=\"twitter:card\" content=\"summary_large_image\" \/>\n<meta name=\"twitter:label1\" content=\"Geschrieben von\" \/>\n\t<meta name=\"twitter:data1\" content=\"melanielisafuerch\" \/>\n\t<meta name=\"twitter:label2\" content=\"Gesch\u00e4tzte Lesezeit\" \/>\n\t<meta name=\"twitter:data2\" content=\"2\u00a0Minuten\" \/>\n<script type=\"application\/ld+json\" class=\"yoast-schema-graph\">{\"@context\":\"https:\\\/\\\/schema.org\",\"@graph\":[{\"@type\":\"Article\",\"@id\":\"https:\\\/\\\/hub.hslu.ch\\\/financialmanagement\\\/2026\\\/08\\\/31\\\/cfo-of-the-year-awards-2026\\\/#article\",\"isPartOf\":{\"@id\":\"https:\\\/\\\/hub.hslu.ch\\\/financialmanagement\\\/2026\\\/08\\\/31\\\/cfo-of-the-year-awards-2026\\\/\"},\"author\":{\"name\":\"melanielisafuerch\",\"@id\":\"https:\\\/\\\/hub.hslu.ch\\\/financialmanagement\\\/#\\\/schema\\\/person\\\/37830b930c7191bcaf93c2a45521ee16\"},\"headline\":\"Gewinner der 17. CFO of the Year Awards 2026\",\"datePublished\":\"2026-08-31T02:00:00+00:00\",\"mainEntityOfPage\":{\"@id\":\"https:\\\/\\\/hub.hslu.ch\\\/financialmanagement\\\/2026\\\/08\\\/31\\\/cfo-of-the-year-awards-2026\\\/\"},\"wordCount\":207,\"commentCount\":0,\"image\":{\"@id\":\"https:\\\/\\\/hub.hslu.ch\\\/financialmanagement\\\/2026\\\/08\\\/31\\\/cfo-of-the-year-awards-2026\\\/#primaryimage\"},\"thumbnailUrl\":\"https:\\\/\\\/hub.hslu.ch\\\/financialmanagement\\\/wp-content\\\/blogs.dir\\\/488\\\/files\\\/sites\\\/16\\\/2026\\\/08\\\/CFO-Awards-2026-edited.jpg\",\"keywords\":[\"CFO\",\"CFO Forum Schweiz\",\"CFO of the Year Award\",\"Finanzchef\",\"Finanzchefin\",\"Finanzielle F\u00fchrung\",\"Georg Fischer AG\",\"HSLU\",\"IFZ\",\"Implenia AG\",\"Swiss CFO Day\",\"Swissgrid AG\"],\"articleSection\":[\"CFO\",\"Finanzen\",\"Veranstaltungen\"],\"inLanguage\":\"de-CH\",\"potentialAction\":[{\"@type\":\"CommentAction\",\"name\":\"Comment\",\"target\":[\"https:\\\/\\\/hub.hslu.ch\\\/financialmanagement\\\/2026\\\/08\\\/31\\\/cfo-of-the-year-awards-2026\\\/#respond\"]}]},{\"@type\":\"WebPage\",\"@id\":\"https:\\\/\\\/hub.hslu.ch\\\/financialmanagement\\\/2026\\\/08\\\/31\\\/cfo-of-the-year-awards-2026\\\/\",\"url\":\"https:\\\/\\\/hub.hslu.ch\\\/financialmanagement\\\/2026\\\/08\\\/31\\\/cfo-of-the-year-awards-2026\\\/\",\"name\":\"Gewinner der 17. CFO of the Year Awards 2026 - Financial Management Blog\",\"isPartOf\":{\"@id\":\"https:\\\/\\\/hub.hslu.ch\\\/financialmanagement\\\/#website\"},\"primaryImageOfPage\":{\"@id\":\"https:\\\/\\\/hub.hslu.ch\\\/financialmanagement\\\/2026\\\/08\\\/31\\\/cfo-of-the-year-awards-2026\\\/#primaryimage\"},\"image\":{\"@id\":\"https:\\\/\\\/hub.hslu.ch\\\/financialmanagement\\\/2026\\\/08\\\/31\\\/cfo-of-the-year-awards-2026\\\/#primaryimage\"},\"thumbnailUrl\":\"https:\\\/\\\/hub.hslu.ch\\\/financialmanagement\\\/wp-content\\\/blogs.dir\\\/488\\\/files\\\/sites\\\/16\\\/2026\\\/08\\\/CFO-Awards-2026-edited.jpg\",\"datePublished\":\"2026-08-31T02:00:00+00:00\",\"author\":{\"@id\":\"https:\\\/\\\/hub.hslu.ch\\\/financialmanagement\\\/#\\\/schema\\\/person\\\/37830b930c7191bcaf93c2a45521ee16\"},\"description\":\"Das CFO Forum Schweiz hat im Rahmen des Swiss CFO Day am 24. August 2026 zum 17. Mal drei herausragende CFOs mit dem \u00abCFO of the Year Award\u00bb geehrt. Mit dieser Auszeichnung werden Finanzchefinnen und Finanzchefs von Schweizer Unternehmen in drei unterschiedlichen Kategorien f\u00fcr ihre besonderen Verdienste gew\u00fcrdigt.\",\"breadcrumb\":{\"@id\":\"https:\\\/\\\/hub.hslu.ch\\\/financialmanagement\\\/2026\\\/08\\\/31\\\/cfo-of-the-year-awards-2026\\\/#breadcrumb\"},\"inLanguage\":\"de-CH\",\"potentialAction\":[{\"@type\":\"ReadAction\",\"target\":[\"https:\\\/\\\/hub.hslu.ch\\\/financialmanagement\\\/2026\\\/08\\\/31\\\/cfo-of-the-year-awards-2026\\\/\"]}]},{\"@type\":\"ImageObject\",\"inLanguage\":\"de-CH\",\"@id\":\"https:\\\/\\\/hub.hslu.ch\\\/financialmanagement\\\/2026\\\/08\\\/31\\\/cfo-of-the-year-awards-2026\\\/#primaryimage\",\"url\":\"https:\\\/\\\/hub.hslu.ch\\\/financialmanagement\\\/wp-content\\\/blogs.dir\\\/488\\\/files\\\/sites\\\/16\\\/2026\\\/08\\\/CFO-Awards-2026-edited.jpg\",\"contentUrl\":\"https:\\\/\\\/hub.hslu.ch\\\/financialmanagement\\\/wp-content\\\/blogs.dir\\\/488\\\/files\\\/sites\\\/16\\\/2026\\\/08\\\/CFO-Awards-2026-edited.jpg\",\"width\":1890,\"height\":1418,\"caption\":\"Vordere Reihe vlnr: Stefan Baumg\u00e4rtner, Doris Barnert, Mads Joergensen; hintere Reihe vlnr: Barbara Heller (Jurypr\u00e4sidentin CFO of the Year Award), Markus Gisler (Pr\u00e4sident CFO Forum Schweiz), Kiki Maeder (Moderatorin Swiss CFO Day)\"},{\"@type\":\"BreadcrumbList\",\"@id\":\"https:\\\/\\\/hub.hslu.ch\\\/financialmanagement\\\/2026\\\/08\\\/31\\\/cfo-of-the-year-awards-2026\\\/#breadcrumb\",\"itemListElement\":[{\"@type\":\"ListItem\",\"position\":1,\"name\":\"Home\",\"item\":\"https:\\\/\\\/hub.hslu.ch\\\/financialmanagement\\\/\"},{\"@type\":\"ListItem\",\"position\":2,\"name\":\"Gewinner der 17. CFO of the Year Awards 2026\"}]},{\"@type\":\"WebSite\",\"@id\":\"https:\\\/\\\/hub.hslu.ch\\\/financialmanagement\\\/#website\",\"url\":\"https:\\\/\\\/hub.hslu.ch\\\/financialmanagement\\\/\",\"name\":\"Financial Management Blog\",\"description\":\"Controlling, Accounting, Risk &amp; Corporate Finance am Institut f\u00fcr Finanzdienstleistungen Zug IFZ\",\"potentialAction\":[{\"@type\":\"SearchAction\",\"target\":{\"@type\":\"EntryPoint\",\"urlTemplate\":\"https:\\\/\\\/hub.hslu.ch\\\/financialmanagement\\\/?s={search_term_string}\"},\"query-input\":{\"@type\":\"PropertyValueSpecification\",\"valueRequired\":true,\"valueName\":\"search_term_string\"}}],\"inLanguage\":\"de-CH\"},{\"@type\":\"Person\",\"@id\":\"https:\\\/\\\/hub.hslu.ch\\\/financialmanagement\\\/#\\\/schema\\\/person\\\/37830b930c7191bcaf93c2a45521ee16\",\"name\":\"melanielisafuerch\"}]}<\/script>\n<!-- \/ Yoast SEO plugin. -->","yoast_head_json":{"title":"Gewinner der 17. CFO of the Year Awards 2026 - Financial Management Blog","description":"Das CFO Forum Schweiz hat im Rahmen des Swiss CFO Day am 24. August 2026 zum 17. Mal drei herausragende CFOs mit dem \u00abCFO of the Year Award\u00bb geehrt. Mit dieser Auszeichnung werden Finanzchefinnen und Finanzchefs von Schweizer Unternehmen in drei unterschiedlichen Kategorien f\u00fcr ihre besonderen Verdienste gew\u00fcrdigt.","robots":{"index":"index","follow":"follow","max-snippet":"max-snippet:-1","max-image-preview":"max-image-preview:large","max-video-preview":"max-video-preview:-1"},"canonical":"https:\/\/hub.hslu.ch\/financialmanagement\/2026\/08\/31\/cfo-of-the-year-awards-2026\/","og_locale":"de_DE","og_type":"article","og_title":"Gewinner der 17. CFO of the Year Awards 2026 - Financial Management Blog","og_description":"Das CFO Forum Schweiz hat im Rahmen des Swiss CFO Day am 24. August 2026 zum 17. Mal drei herausragende CFOs mit dem \u00abCFO of the Year Award\u00bb geehrt. Mit dieser Auszeichnung werden Finanzchefinnen und Finanzchefs von Schweizer Unternehmen in drei unterschiedlichen Kategorien f\u00fcr ihre besonderen Verdienste gew\u00fcrdigt.","og_url":"https:\/\/hub.hslu.ch\/financialmanagement\/2026\/08\/31\/cfo-of-the-year-awards-2026\/","og_site_name":"Financial Management Blog","article_published_time":"2026-08-31T02:00:00+00:00","og_image":[{"width":1890,"height":1418,"url":"https:\/\/hub.hslu.ch\/financialmanagement\/wp-content\/blogs.dir\/488\/files\/sites\/16\/2026\/08\/CFO-Awards-2026-edited.jpg","type":"image\/jpeg"}],"author":"melanielisafuerch","twitter_card":"summary_large_image","twitter_misc":{"Geschrieben von":"melanielisafuerch","Gesch\u00e4tzte Lesezeit":"2\u00a0Minuten"},"schema":{"@context":"https:\/\/schema.org","@graph":[{"@type":"Article","@id":"https:\/\/hub.hslu.ch\/financialmanagement\/2026\/08\/31\/cfo-of-the-year-awards-2026\/#article","isPartOf":{"@id":"https:\/\/hub.hslu.ch\/financialmanagement\/2026\/08\/31\/cfo-of-the-year-awards-2026\/"},"author":{"name":"melanielisafuerch","@id":"https:\/\/hub.hslu.ch\/financialmanagement\/#\/schema\/person\/37830b930c7191bcaf93c2a45521ee16"},"headline":"Gewinner der 17. CFO of the Year Awards 2026","datePublished":"2026-08-31T02:00:00+00:00","mainEntityOfPage":{"@id":"https:\/\/hub.hslu.ch\/financialmanagement\/2026\/08\/31\/cfo-of-the-year-awards-2026\/"},"wordCount":207,"commentCount":0,"image":{"@id":"https:\/\/hub.hslu.ch\/financialmanagement\/2026\/08\/31\/cfo-of-the-year-awards-2026\/#primaryimage"},"thumbnailUrl":"https:\/\/hub.hslu.ch\/financialmanagement\/wp-content\/blogs.dir\/488\/files\/sites\/16\/2026\/08\/CFO-Awards-2026-edited.jpg","keywords":["CFO","CFO Forum Schweiz","CFO of the Year Award","Finanzchef","Finanzchefin","Finanzielle F\u00fchrung","Georg Fischer AG","HSLU","IFZ","Implenia AG","Swiss CFO Day","Swissgrid AG"],"articleSection":["CFO","Finanzen","Veranstaltungen"],"inLanguage":"de-CH","potentialAction":[{"@type":"CommentAction","name":"Comment","target":["https:\/\/hub.hslu.ch\/financialmanagement\/2026\/08\/31\/cfo-of-the-year-awards-2026\/#respond"]}]},{"@type":"WebPage","@id":"https:\/\/hub.hslu.ch\/financialmanagement\/2026\/08\/31\/cfo-of-the-year-awards-2026\/","url":"https:\/\/hub.hslu.ch\/financialmanagement\/2026\/08\/31\/cfo-of-the-year-awards-2026\/","name":"Gewinner der 17. CFO of the Year Awards 2026 - Financial Management Blog","isPartOf":{"@id":"https:\/\/hub.hslu.ch\/financialmanagement\/#website"},"primaryImageOfPage":{"@id":"https:\/\/hub.hslu.ch\/financialmanagement\/2026\/08\/31\/cfo-of-the-year-awards-2026\/#primaryimage"},"image":{"@id":"https:\/\/hub.hslu.ch\/financialmanagement\/2026\/08\/31\/cfo-of-the-year-awards-2026\/#primaryimage"},"thumbnailUrl":"https:\/\/hub.hslu.ch\/financialmanagement\/wp-content\/blogs.dir\/488\/files\/sites\/16\/2026\/08\/CFO-Awards-2026-edited.jpg","datePublished":"2026-08-31T02:00:00+00:00","author":{"@id":"https:\/\/hub.hslu.ch\/financialmanagement\/#\/schema\/person\/37830b930c7191bcaf93c2a45521ee16"},"description":"Das CFO Forum Schweiz hat im Rahmen des Swiss CFO Day am 24. August 2026 zum 17. Mal drei herausragende CFOs mit dem \u00abCFO of the Year Award\u00bb geehrt. Mit dieser Auszeichnung werden Finanzchefinnen und Finanzchefs von Schweizer Unternehmen in drei unterschiedlichen Kategorien f\u00fcr ihre besonderen Verdienste gew\u00fcrdigt.","breadcrumb":{"@id":"https:\/\/hub.hslu.ch\/financialmanagement\/2026\/08\/31\/cfo-of-the-year-awards-2026\/#breadcrumb"},"inLanguage":"de-CH","potentialAction":[{"@type":"ReadAction","target":["https:\/\/hub.hslu.ch\/financialmanagement\/2026\/08\/31\/cfo-of-the-year-awards-2026\/"]}]},{"@type":"ImageObject","inLanguage":"de-CH","@id":"https:\/\/hub.hslu.ch\/financialmanagement\/2026\/08\/31\/cfo-of-the-year-awards-2026\/#primaryimage","url":"https:\/\/hub.hslu.ch\/financialmanagement\/wp-content\/blogs.dir\/488\/files\/sites\/16\/2026\/08\/CFO-Awards-2026-edited.jpg","contentUrl":"https:\/\/hub.hslu.ch\/financialmanagement\/wp-content\/blogs.dir\/488\/files\/sites\/16\/2026\/08\/CFO-Awards-2026-edited.jpg","width":1890,"height":1418,"caption":"Vordere Reihe vlnr: Stefan Baumg\u00e4rtner, Doris Barnert, Mads Joergensen; hintere Reihe vlnr: Barbara Heller (Jurypr\u00e4sidentin CFO of the Year Award), Markus Gisler (Pr\u00e4sident CFO Forum Schweiz), Kiki Maeder (Moderatorin Swiss CFO Day)"},{"@type":"BreadcrumbList","@id":"https:\/\/hub.hslu.ch\/financialmanagement\/2026\/08\/31\/cfo-of-the-year-awards-2026\/#breadcrumb","itemListElement":[{"@type":"ListItem","position":1,"name":"Home","item":"https:\/\/hub.hslu.ch\/financialmanagement\/"},{"@type":"ListItem","position":2,"name":"Gewinner der 17. CFO of the Year Awards 2026"}]},{"@type":"WebSite","@id":"https:\/\/hub.hslu.ch\/financialmanagement\/#website","url":"https:\/\/hub.hslu.ch\/financialmanagement\/","name":"Financial Management Blog","description":"Controlling, Accounting, Risk &amp; Corporate Finance am Institut f\u00fcr Finanzdienstleistungen Zug IFZ","potentialAction":[{"@type":"SearchAction","target":{"@type":"EntryPoint","urlTemplate":"https:\/\/hub.hslu.ch\/financialmanagement\/?s={search_term_string}"},"query-input":{"@type":"PropertyValueSpecification","valueRequired":true,"valueName":"search_term_string"}}],"inLanguage":"de-CH"},{"@type":"Person","@id":"https:\/\/hub.hslu.ch\/financialmanagement\/#\/schema\/person\/37830b930c7191bcaf93c2a45521ee16","name":"melanielisafuerch"}]}},"featured_image_src":"https:\/\/hub.hslu.ch\/financialmanagement\/wp-content\/blogs.dir\/488\/files\/sites\/16\/2026\/08\/CFO-Awards-2026-edited-600x400.jpg","featured_image_src_square":"https:\/\/hub.hslu.ch\/financialmanagement\/wp-content\/blogs.dir\/488\/files\/sites\/16\/2026\/08\/CFO-Awards-2026-edited-600x600.jpg","author_info":{"display_name":"melanielisafuerch","author_link":"https:\/\/hub.hslu.ch\/financialmanagement\/author\/melanielisafuerch\/"},"_links":{"self":[{"href":"https:\/\/hub.hslu.ch\/financialmanagement\/wp-json\/wp\/v2\/posts\/13178","targetHints":{"allow":["GET"]}}],"collection":[{"href":"https:\/\/hub.hslu.ch\/financialmanagement\/wp-json\/wp\/v2\/posts"}],"about":[{"href":"https:\/\/hub.hslu.ch\/financialmanagement\/wp-json\/wp\/v2\/types\/post"}],"author":[{"embeddable":true,"href":"https:\/\/hub.hslu.ch\/financialmanagement\/wp-json\/wp\/v2\/users\/236"}],"replies":[{"embeddable":true,"href":"https:\/\/hub.hslu.ch\/financialmanagement\/wp-json\/wp\/v2\/comments?post=13178"}],"version-history":[{"count":15,"href":"https:\/\/hub.hslu.ch\/financialmanagement\/wp-json\/wp\/v2\/posts\/13178\/revisions"}],"predecessor-version":[{"id":13203,"href":"https:\/\/hub.hslu.ch\/financialmanagement\/wp-json\/wp\/v2\/posts\/13178\/revisions\/13203"}],"wp:featuredmedia":[{"embeddable":true,"href":"https:\/\/hub.hslu.ch\/financialmanagement\/wp-json\/wp\/v2\/media\/13182"}],"wp:attachment":[{"href":"https:\/\/hub.hslu.ch\/financialmanagement\/wp-json\/wp\/v2\/media?parent=13178"}],"wp:term":[{"taxonomy":"category","embeddable":true,"href":"https:\/\/hub.hslu.ch\/financialmanagement\/wp-json\/wp\/v2\/categories?post=13178"},{"taxonomy":"post_tag","embeddable":true,"href":"https:\/\/hub.hslu.ch\/financialmanagement\/wp-json\/wp\/v2\/tags?post=13178"}],"curies":[{"name":"wp","href":"https:\/\/api.w.org\/{rel}","templated":true}]}}