{"id":6505,"date":"2020-03-23T08:00:27","date_gmt":"2020-03-23T07:00:27","guid":{"rendered":"https:\/\/hub.hslu.ch\/financialmanagement\/?p=6505"},"modified":"2026-02-11T14:53:48","modified_gmt":"2026-02-11T13:53:48","slug":"ist-der-ausbruch-von-covid-19-ein-schwarzer-schwan-oder-die-neue-normalitaet","status":"publish","type":"post","link":"https:\/\/hub.hslu.ch\/financialmanagement\/2020\/03\/23\/ist-der-ausbruch-von-covid-19-ein-schwarzer-schwan-oder-die-neue-normalitaet\/","title":{"rendered":"Ist der Ausbruch von COVID-19 ein Schwarzer Schwan oder die neue Normalit\u00e4t?"},"content":{"rendered":"\n<p class=\"has-text-align-left\"><img loading=\"lazy\" decoding=\"async\" width=\"287\" height=\"191\" src=\"https:\/\/hub.hslu.ch\/financialmanagement\/wp-content\/blogs.dir\/488\/files\/sites\/16\/2019\/01\/Henrizi-Philipp-B-300x200.jpg\" alt=\"\"><\/p>\n\n\n\n<p class=\"has-text-align-left\"><br><em>von <a href=\"https:\/\/www.hslu.ch\/de-ch\/hochschule-luzern\/ueber-uns\/personensuche\/profile\/?pid=3063\">Dr. Philipp Henrizi<\/a>, Dozent und Studienleiter am <a href=\"https:\/\/www.hslu.ch\/de-ch\/wirtschaft\/institute\/ifz\/\">Institut f\u00fcr Finanzdienstleistungen Zug IFZ<\/a><\/em><\/p>\n\n\n\n\n\n<p>Nassim Taleb bezeichnet mit der Metapher \u00abSchwarzer Schwan\u00bb (in Anlehnung an Karl Popper) ein Ereignis, das selten und h\u00f6chst unwahrscheinlich ist, allerdings h\u00e4ufig extreme Konsequenzen nach sich zieht. Und im Nachhinein findet der Mensch einfache und verst\u00e4ndliche Erkl\u00e4rungen daf\u00fcr, wodurch die zun\u00e4chst angenommene extreme Unwahrscheinlichkeit wieder plausibel wird.<\/p>\n\n\n\n<p>Aber ist die aktuelle Corona-Krise als h\u00f6chst unwahrscheinlich einzustufen? Es ist ja auch nicht das erste Virus, das weltweit viral geht. Wir erinnern uns an SARS, MERS, Vogel- oder Schweinegrippe. Ebenso hatte sich der Bund mit der Sicherheitsverbunds\u00fcbung 2014 (SVU 14) bereits einem Pandemie-Szenario gestellt. An der \u00dcbung hatten 26 Kantone, Bundesstellen aller sieben Departemente, Armee, Krisenorganisationen und Privatwirtschaft teilgenommen. Der Schwerpunkt der \u00dcbung lag auf der politisch-strategischen Ebene, vom Krisenmanagement bis zur politischen Entscheidungsfindung. Der damalige Berner Regierungsrat Hans-J\u00fcrg K\u00e4ser bezeichnete das ge\u00fcbte Szenario als \u00abechte nationale Krise seit Menschengedenken\u00bb, von der die Schweiz in einem solchen Ausmass noch nie getroffen wurde.<\/p>\n\n\n\n<p>Nun ist dieses Szenario Realit\u00e4t und trifft uns mit voller Wucht, auch wenn nicht v\u00f6llig unvorbereitet. Dennoch bewegt es sich mit einer noch nie dagewesenen Dynamik und exponentiellen Geschwindigkeit durch die Gesellschaft, beg\u00fcnstigt durch die Globalisierung und den Klimawandel. Sind die wirtschaftlichen Folgen derzeit noch schwer zu fassen und abzusch\u00e4tzen, werden diese jedoch immens sein. Dadurch unterscheidet sich COVID-19 von anderen bisherigen Pandemien oder auch konstruierten Szenarien und liesse sich somit durchaus als \u00abSchwarzer Schwan\u00bb einstufen, sogar als einen, der sich schneller bewegt als andere zuvor.<\/p>\n\n\n\n<p>Es ist auch noch viel zu verfr\u00fcht, um \u00fcber \u00abgelernte Lektionen\u00bb zu sprechen, w\u00e4hrend wir alle noch damit besch\u00e4ftigt sind, den Alltag zu organisieren. Aber so manch ein Aspekt zeichnet sich bereits jetzt ab.<\/p>\n\n\n\n<p><strong>Die wirtschaftliche Widerstandsf\u00e4higkeit gegen\u00fcber \u00abSchwarzen Schw\u00e4nen\u00bb erfordert von den Unternehmen eine andere Vorgehensweise.<\/strong><\/p>\n\n\n\n<p>Unser gegenw\u00e4rtiges Wirtschaftsmodell basiert auf dem Streben nach Effizienz: Finden Sie den schnellsten und billigsten Weg, etwas zu tun oder zu machen, und Sie haben wahrscheinlich einen Zeit- oder Kostenvorteil. Aber globale Lieferketten, die auf Zentralisierung und Kostensenkung optimiert sind, haben ernsthafte potenzielle Schw\u00e4chen.<\/p>\n\n\n\n<p>Eine Analyse der globalen Lieferketten Anfang dieses Monats errechnete, dass die 1\u2019000 gr\u00f6ssten Unternehmen der Welt und ihre Zulieferer \u00fcber 12\u2019000 Einrichtungen in Quarant\u00e4negebieten in China, Korea und Italien verf\u00fcgen. Wir haben so etwas schon einmal gesehen. Der Tsunami in Japan und die Katastrophe von Fukushima im 2011 hatten bereits eine sehr grosse Auswirkung auf die globalen Wertsch\u00f6pfungsnetzwerke, was zu massiven Einbr\u00fcchen vor allem in der produzierenden Industrie f\u00fchrte.<\/p>\n\n\n\n<p>Nichts kann den Nachfrager\u00fcckgang verhindern, der sich aus der sozialen Distanzierung und den starken Einschnitten bei Reisen und allen Dienstleistungen ergeben wird. Aber ganz allgemein gibt es einige Dinge, die Unternehmen tun k\u00f6nnen, um die Risiken f\u00fcr den Betrieb zu verringern. Sie k\u00f6nnen in ihre Wertsch\u00f6pfungsketten eine gewisse Duplizierung und Vielfalt &#8211; Schl\u00fcsselprinzipien der Widerstandsf\u00e4higkeit in der Natur (wir haben nicht umsonst zwei Nieren) &#8211; in der Produktion und bei den Lieferanten einbauen. Kurzfristig m\u00f6gen mehrere Lieferketten- und Produktionswege weniger effizient erscheinen, aber in einem Notfall sind sie sehr n\u00fctzlich. Unternehmen sollten in ihren Pl\u00e4nen und Investitionsberechnungen auf Belastbarkeit und Risikominderung Wert legen, und nicht nur auf das, was ihnen heute die geringsten Kosten verursacht.<\/p>\n","protected":false},"excerpt":{"rendered":"<p>W\u00e4hrend wir das Ausmass dieser Pandemie erst noch vollst\u00e4ndig begreifen m\u00fcssen, weisen die neuen Herausforderungen auf dauerhaftere Ver\u00e4nderungen hin &#8211; n\u00e4mlich der Frage, wie wir unsere Lebensweise und die Art Business zu machen langfristig ver\u00e4ndern m\u00fcssen.<\/p>\n","protected":false},"author":236,"featured_media":6506,"comment_status":"closed","ping_status":"closed","sticky":false,"template":"","format":"standard","meta":{"_acf_changed":false,"inline_featured_image":false,"_relevanssi_hide_post":"","_relevanssi_hide_content":"","_relevanssi_pin_for_all":"","_relevanssi_pin_keywords":"","_relevanssi_unpin_keywords":"","_relevanssi_related_keywords":"","_relevanssi_related_include_ids":"","_relevanssi_related_exclude_ids":"","_relevanssi_related_no_append":"","_relevanssi_related_not_related":"","_relevanssi_related_posts":"","_relevanssi_noindex_reason":"","ngg_post_thumbnail":0,"footnotes":"","_links_to":"","_links_to_target":""},"categories":[1,10225],"tags":[129560,290270,290271,3754,67439,404],"class_list":["post-6505","post","type-post","status-publish","format-standard","has-post-thumbnail","hentry","category-allgemein","category-risikomanagement","tag-chancen-und-risikomanagement","tag-krisenmanagement","tag-krisensituation","tag-risiken","tag-risikomanagement","tag-risk-management"],"acf":[],"yoast_head":"<!-- This site is optimized with the Yoast SEO plugin v27.5 - https:\/\/yoast.com\/product\/yoast-seo-wordpress\/ -->\n<title>Ist der Ausbruch von COVID-19 ein Schwarzer Schwan oder die neue Normalit\u00e4t? - Financial Management Blog<\/title>\n<meta name=\"description\" content=\"W\u00e4hrend wir das Ausmass dieser Pandemie erst noch vollst\u00e4ndig begreifen m\u00fcssen, weisen die neuen Herausforderungen auf dauerhaftere Ver\u00e4nderungen hin - n\u00e4mlich der Frage, wie wir unsere Lebensweise und die Art Business zu machen langfristig ver\u00e4ndern m\u00fcssen.\" \/>\n<meta name=\"robots\" content=\"index, follow, max-snippet:-1, max-image-preview:large, max-video-preview:-1\" \/>\n<link rel=\"canonical\" href=\"https:\/\/hub.hslu.ch\/financialmanagement\/2020\/03\/23\/ist-der-ausbruch-von-covid-19-ein-schwarzer-schwan-oder-die-neue-normalitaet\/\" \/>\n<meta property=\"og:locale\" content=\"de_DE\" \/>\n<meta property=\"og:type\" content=\"article\" \/>\n<meta property=\"og:title\" content=\"Ist der Ausbruch von COVID-19 ein Schwarzer Schwan oder die neue Normalit\u00e4t? - Financial Management Blog\" \/>\n<meta property=\"og:description\" content=\"W\u00e4hrend wir das Ausmass dieser Pandemie erst noch vollst\u00e4ndig begreifen m\u00fcssen, weisen die neuen Herausforderungen auf dauerhaftere Ver\u00e4nderungen hin - n\u00e4mlich der Frage, wie wir unsere Lebensweise und die Art Business zu machen langfristig ver\u00e4ndern m\u00fcssen.\" \/>\n<meta property=\"og:url\" content=\"https:\/\/hub.hslu.ch\/financialmanagement\/2020\/03\/23\/ist-der-ausbruch-von-covid-19-ein-schwarzer-schwan-oder-die-neue-normalitaet\/\" \/>\n<meta property=\"og:site_name\" content=\"Financial Management Blog\" \/>\n<meta property=\"article:published_time\" content=\"2020-03-23T07:00:27+00:00\" \/>\n<meta property=\"article:modified_time\" content=\"2026-02-11T13:53:48+00:00\" \/>\n<meta property=\"og:image\" content=\"https:\/\/hub.hslu.ch\/financialmanagement\/wp-content\/blogs.dir\/488\/files\/sites\/16\/2020\/03\/Blackswan.jpg\" \/>\n\t<meta property=\"og:image:width\" content=\"416\" \/>\n\t<meta property=\"og:image:height\" content=\"194\" \/>\n\t<meta property=\"og:image:type\" content=\"image\/jpeg\" \/>\n<meta name=\"author\" content=\"melanielisafuerch\" \/>\n<meta name=\"twitter:card\" content=\"summary_large_image\" \/>\n<meta name=\"twitter:label1\" content=\"Geschrieben von\" \/>\n\t<meta name=\"twitter:data1\" content=\"melanielisafuerch\" \/>\n\t<meta name=\"twitter:label2\" content=\"Gesch\u00e4tzte Lesezeit\" \/>\n\t<meta name=\"twitter:data2\" content=\"3\u00a0Minuten\" \/>\n<script type=\"application\/ld+json\" class=\"yoast-schema-graph\">{\"@context\":\"https:\\\/\\\/schema.org\",\"@graph\":[{\"@type\":\"Article\",\"@id\":\"https:\\\/\\\/hub.hslu.ch\\\/financialmanagement\\\/2020\\\/03\\\/23\\\/ist-der-ausbruch-von-covid-19-ein-schwarzer-schwan-oder-die-neue-normalitaet\\\/#article\",\"isPartOf\":{\"@id\":\"https:\\\/\\\/hub.hslu.ch\\\/financialmanagement\\\/2020\\\/03\\\/23\\\/ist-der-ausbruch-von-covid-19-ein-schwarzer-schwan-oder-die-neue-normalitaet\\\/\"},\"author\":{\"name\":\"melanielisafuerch\",\"@id\":\"https:\\\/\\\/hub.hslu.ch\\\/financialmanagement\\\/#\\\/schema\\\/person\\\/37830b930c7191bcaf93c2a45521ee16\"},\"headline\":\"Ist der Ausbruch von COVID-19 ein Schwarzer Schwan oder die neue Normalit\u00e4t?\",\"datePublished\":\"2020-03-23T07:00:27+00:00\",\"dateModified\":\"2026-02-11T13:53:48+00:00\",\"mainEntityOfPage\":{\"@id\":\"https:\\\/\\\/hub.hslu.ch\\\/financialmanagement\\\/2020\\\/03\\\/23\\\/ist-der-ausbruch-von-covid-19-ein-schwarzer-schwan-oder-die-neue-normalitaet\\\/\"},\"wordCount\":572,\"image\":{\"@id\":\"https:\\\/\\\/hub.hslu.ch\\\/financialmanagement\\\/2020\\\/03\\\/23\\\/ist-der-ausbruch-von-covid-19-ein-schwarzer-schwan-oder-die-neue-normalitaet\\\/#primaryimage\"},\"thumbnailUrl\":\"https:\\\/\\\/hub.hslu.ch\\\/financialmanagement\\\/wp-content\\\/blogs.dir\\\/488\\\/files\\\/sites\\\/16\\\/2020\\\/03\\\/Blackswan.jpg\",\"keywords\":[\"Chancen- und Risikomanagement\",\"Krisenmanagement\",\"Krisensituation\",\"Risiken\",\"Risikomanagement\",\"Risk Management\"],\"articleSection\":{\"1\":\"Risikomanagement\"},\"inLanguage\":\"de-CH\"},{\"@type\":\"WebPage\",\"@id\":\"https:\\\/\\\/hub.hslu.ch\\\/financialmanagement\\\/2020\\\/03\\\/23\\\/ist-der-ausbruch-von-covid-19-ein-schwarzer-schwan-oder-die-neue-normalitaet\\\/\",\"url\":\"https:\\\/\\\/hub.hslu.ch\\\/financialmanagement\\\/2020\\\/03\\\/23\\\/ist-der-ausbruch-von-covid-19-ein-schwarzer-schwan-oder-die-neue-normalitaet\\\/\",\"name\":\"Ist der Ausbruch von COVID-19 ein Schwarzer Schwan oder die neue Normalit\u00e4t? - Financial Management Blog\",\"isPartOf\":{\"@id\":\"https:\\\/\\\/hub.hslu.ch\\\/financialmanagement\\\/#website\"},\"primaryImageOfPage\":{\"@id\":\"https:\\\/\\\/hub.hslu.ch\\\/financialmanagement\\\/2020\\\/03\\\/23\\\/ist-der-ausbruch-von-covid-19-ein-schwarzer-schwan-oder-die-neue-normalitaet\\\/#primaryimage\"},\"image\":{\"@id\":\"https:\\\/\\\/hub.hslu.ch\\\/financialmanagement\\\/2020\\\/03\\\/23\\\/ist-der-ausbruch-von-covid-19-ein-schwarzer-schwan-oder-die-neue-normalitaet\\\/#primaryimage\"},\"thumbnailUrl\":\"https:\\\/\\\/hub.hslu.ch\\\/financialmanagement\\\/wp-content\\\/blogs.dir\\\/488\\\/files\\\/sites\\\/16\\\/2020\\\/03\\\/Blackswan.jpg\",\"datePublished\":\"2020-03-23T07:00:27+00:00\",\"dateModified\":\"2026-02-11T13:53:48+00:00\",\"author\":{\"@id\":\"https:\\\/\\\/hub.hslu.ch\\\/financialmanagement\\\/#\\\/schema\\\/person\\\/37830b930c7191bcaf93c2a45521ee16\"},\"description\":\"W\u00e4hrend wir das Ausmass dieser Pandemie erst noch vollst\u00e4ndig begreifen m\u00fcssen, weisen die neuen Herausforderungen auf dauerhaftere Ver\u00e4nderungen hin - n\u00e4mlich der Frage, wie wir unsere Lebensweise und die Art Business zu machen langfristig ver\u00e4ndern m\u00fcssen.\",\"breadcrumb\":{\"@id\":\"https:\\\/\\\/hub.hslu.ch\\\/financialmanagement\\\/2020\\\/03\\\/23\\\/ist-der-ausbruch-von-covid-19-ein-schwarzer-schwan-oder-die-neue-normalitaet\\\/#breadcrumb\"},\"inLanguage\":\"de-CH\",\"potentialAction\":[{\"@type\":\"ReadAction\",\"target\":[\"https:\\\/\\\/hub.hslu.ch\\\/financialmanagement\\\/2020\\\/03\\\/23\\\/ist-der-ausbruch-von-covid-19-ein-schwarzer-schwan-oder-die-neue-normalitaet\\\/\"]}]},{\"@type\":\"ImageObject\",\"inLanguage\":\"de-CH\",\"@id\":\"https:\\\/\\\/hub.hslu.ch\\\/financialmanagement\\\/2020\\\/03\\\/23\\\/ist-der-ausbruch-von-covid-19-ein-schwarzer-schwan-oder-die-neue-normalitaet\\\/#primaryimage\",\"url\":\"https:\\\/\\\/hub.hslu.ch\\\/financialmanagement\\\/wp-content\\\/blogs.dir\\\/488\\\/files\\\/sites\\\/16\\\/2020\\\/03\\\/Blackswan.jpg\",\"contentUrl\":\"https:\\\/\\\/hub.hslu.ch\\\/financialmanagement\\\/wp-content\\\/blogs.dir\\\/488\\\/files\\\/sites\\\/16\\\/2020\\\/03\\\/Blackswan.jpg\",\"width\":416,\"height\":194},{\"@type\":\"BreadcrumbList\",\"@id\":\"https:\\\/\\\/hub.hslu.ch\\\/financialmanagement\\\/2020\\\/03\\\/23\\\/ist-der-ausbruch-von-covid-19-ein-schwarzer-schwan-oder-die-neue-normalitaet\\\/#breadcrumb\",\"itemListElement\":[{\"@type\":\"ListItem\",\"position\":1,\"name\":\"Home\",\"item\":\"https:\\\/\\\/hub.hslu.ch\\\/financialmanagement\\\/\"},{\"@type\":\"ListItem\",\"position\":2,\"name\":\"Ist der Ausbruch von COVID-19 ein Schwarzer Schwan oder die neue Normalit\u00e4t?\"}]},{\"@type\":\"WebSite\",\"@id\":\"https:\\\/\\\/hub.hslu.ch\\\/financialmanagement\\\/#website\",\"url\":\"https:\\\/\\\/hub.hslu.ch\\\/financialmanagement\\\/\",\"name\":\"Financial Management Blog\",\"description\":\"Controlling, Accounting, Risk &amp; Corporate Finance am Institut f\u00fcr Finanzdienstleistungen Zug IFZ\",\"potentialAction\":[{\"@type\":\"SearchAction\",\"target\":{\"@type\":\"EntryPoint\",\"urlTemplate\":\"https:\\\/\\\/hub.hslu.ch\\\/financialmanagement\\\/?s={search_term_string}\"},\"query-input\":{\"@type\":\"PropertyValueSpecification\",\"valueRequired\":true,\"valueName\":\"search_term_string\"}}],\"inLanguage\":\"de-CH\"},{\"@type\":\"Person\",\"@id\":\"https:\\\/\\\/hub.hslu.ch\\\/financialmanagement\\\/#\\\/schema\\\/person\\\/37830b930c7191bcaf93c2a45521ee16\",\"name\":\"melanielisafuerch\"}]}<\/script>\n<!-- \/ Yoast SEO plugin. -->","yoast_head_json":{"title":"Ist der Ausbruch von COVID-19 ein Schwarzer Schwan oder die neue Normalit\u00e4t? - Financial Management Blog","description":"W\u00e4hrend wir das Ausmass dieser Pandemie erst noch vollst\u00e4ndig begreifen m\u00fcssen, weisen die neuen Herausforderungen auf dauerhaftere Ver\u00e4nderungen hin - n\u00e4mlich der Frage, wie wir unsere Lebensweise und die Art Business zu machen langfristig ver\u00e4ndern m\u00fcssen.","robots":{"index":"index","follow":"follow","max-snippet":"max-snippet:-1","max-image-preview":"max-image-preview:large","max-video-preview":"max-video-preview:-1"},"canonical":"https:\/\/hub.hslu.ch\/financialmanagement\/2020\/03\/23\/ist-der-ausbruch-von-covid-19-ein-schwarzer-schwan-oder-die-neue-normalitaet\/","og_locale":"de_DE","og_type":"article","og_title":"Ist der Ausbruch von COVID-19 ein Schwarzer Schwan oder die neue Normalit\u00e4t? - Financial Management Blog","og_description":"W\u00e4hrend wir das Ausmass dieser Pandemie erst noch vollst\u00e4ndig begreifen m\u00fcssen, weisen die neuen Herausforderungen auf dauerhaftere Ver\u00e4nderungen hin - n\u00e4mlich der Frage, wie wir unsere Lebensweise und die Art Business zu machen langfristig ver\u00e4ndern m\u00fcssen.","og_url":"https:\/\/hub.hslu.ch\/financialmanagement\/2020\/03\/23\/ist-der-ausbruch-von-covid-19-ein-schwarzer-schwan-oder-die-neue-normalitaet\/","og_site_name":"Financial Management Blog","article_published_time":"2020-03-23T07:00:27+00:00","article_modified_time":"2026-02-11T13:53:48+00:00","og_image":[{"width":416,"height":194,"url":"https:\/\/hub.hslu.ch\/financialmanagement\/wp-content\/blogs.dir\/488\/files\/sites\/16\/2020\/03\/Blackswan.jpg","type":"image\/jpeg"}],"author":"melanielisafuerch","twitter_card":"summary_large_image","twitter_misc":{"Geschrieben von":"melanielisafuerch","Gesch\u00e4tzte Lesezeit":"3\u00a0Minuten"},"schema":{"@context":"https:\/\/schema.org","@graph":[{"@type":"Article","@id":"https:\/\/hub.hslu.ch\/financialmanagement\/2020\/03\/23\/ist-der-ausbruch-von-covid-19-ein-schwarzer-schwan-oder-die-neue-normalitaet\/#article","isPartOf":{"@id":"https:\/\/hub.hslu.ch\/financialmanagement\/2020\/03\/23\/ist-der-ausbruch-von-covid-19-ein-schwarzer-schwan-oder-die-neue-normalitaet\/"},"author":{"name":"melanielisafuerch","@id":"https:\/\/hub.hslu.ch\/financialmanagement\/#\/schema\/person\/37830b930c7191bcaf93c2a45521ee16"},"headline":"Ist der Ausbruch von COVID-19 ein Schwarzer Schwan oder die neue Normalit\u00e4t?","datePublished":"2020-03-23T07:00:27+00:00","dateModified":"2026-02-11T13:53:48+00:00","mainEntityOfPage":{"@id":"https:\/\/hub.hslu.ch\/financialmanagement\/2020\/03\/23\/ist-der-ausbruch-von-covid-19-ein-schwarzer-schwan-oder-die-neue-normalitaet\/"},"wordCount":572,"image":{"@id":"https:\/\/hub.hslu.ch\/financialmanagement\/2020\/03\/23\/ist-der-ausbruch-von-covid-19-ein-schwarzer-schwan-oder-die-neue-normalitaet\/#primaryimage"},"thumbnailUrl":"https:\/\/hub.hslu.ch\/financialmanagement\/wp-content\/blogs.dir\/488\/files\/sites\/16\/2020\/03\/Blackswan.jpg","keywords":["Chancen- und Risikomanagement","Krisenmanagement","Krisensituation","Risiken","Risikomanagement","Risk Management"],"articleSection":{"1":"Risikomanagement"},"inLanguage":"de-CH"},{"@type":"WebPage","@id":"https:\/\/hub.hslu.ch\/financialmanagement\/2020\/03\/23\/ist-der-ausbruch-von-covid-19-ein-schwarzer-schwan-oder-die-neue-normalitaet\/","url":"https:\/\/hub.hslu.ch\/financialmanagement\/2020\/03\/23\/ist-der-ausbruch-von-covid-19-ein-schwarzer-schwan-oder-die-neue-normalitaet\/","name":"Ist der Ausbruch von COVID-19 ein Schwarzer Schwan oder die neue Normalit\u00e4t? - Financial Management Blog","isPartOf":{"@id":"https:\/\/hub.hslu.ch\/financialmanagement\/#website"},"primaryImageOfPage":{"@id":"https:\/\/hub.hslu.ch\/financialmanagement\/2020\/03\/23\/ist-der-ausbruch-von-covid-19-ein-schwarzer-schwan-oder-die-neue-normalitaet\/#primaryimage"},"image":{"@id":"https:\/\/hub.hslu.ch\/financialmanagement\/2020\/03\/23\/ist-der-ausbruch-von-covid-19-ein-schwarzer-schwan-oder-die-neue-normalitaet\/#primaryimage"},"thumbnailUrl":"https:\/\/hub.hslu.ch\/financialmanagement\/wp-content\/blogs.dir\/488\/files\/sites\/16\/2020\/03\/Blackswan.jpg","datePublished":"2020-03-23T07:00:27+00:00","dateModified":"2026-02-11T13:53:48+00:00","author":{"@id":"https:\/\/hub.hslu.ch\/financialmanagement\/#\/schema\/person\/37830b930c7191bcaf93c2a45521ee16"},"description":"W\u00e4hrend wir das Ausmass dieser Pandemie erst noch vollst\u00e4ndig begreifen m\u00fcssen, weisen die neuen Herausforderungen auf dauerhaftere Ver\u00e4nderungen hin - n\u00e4mlich der Frage, wie wir unsere Lebensweise und die Art Business zu machen langfristig ver\u00e4ndern m\u00fcssen.","breadcrumb":{"@id":"https:\/\/hub.hslu.ch\/financialmanagement\/2020\/03\/23\/ist-der-ausbruch-von-covid-19-ein-schwarzer-schwan-oder-die-neue-normalitaet\/#breadcrumb"},"inLanguage":"de-CH","potentialAction":[{"@type":"ReadAction","target":["https:\/\/hub.hslu.ch\/financialmanagement\/2020\/03\/23\/ist-der-ausbruch-von-covid-19-ein-schwarzer-schwan-oder-die-neue-normalitaet\/"]}]},{"@type":"ImageObject","inLanguage":"de-CH","@id":"https:\/\/hub.hslu.ch\/financialmanagement\/2020\/03\/23\/ist-der-ausbruch-von-covid-19-ein-schwarzer-schwan-oder-die-neue-normalitaet\/#primaryimage","url":"https:\/\/hub.hslu.ch\/financialmanagement\/wp-content\/blogs.dir\/488\/files\/sites\/16\/2020\/03\/Blackswan.jpg","contentUrl":"https:\/\/hub.hslu.ch\/financialmanagement\/wp-content\/blogs.dir\/488\/files\/sites\/16\/2020\/03\/Blackswan.jpg","width":416,"height":194},{"@type":"BreadcrumbList","@id":"https:\/\/hub.hslu.ch\/financialmanagement\/2020\/03\/23\/ist-der-ausbruch-von-covid-19-ein-schwarzer-schwan-oder-die-neue-normalitaet\/#breadcrumb","itemListElement":[{"@type":"ListItem","position":1,"name":"Home","item":"https:\/\/hub.hslu.ch\/financialmanagement\/"},{"@type":"ListItem","position":2,"name":"Ist der Ausbruch von COVID-19 ein Schwarzer Schwan oder die neue Normalit\u00e4t?"}]},{"@type":"WebSite","@id":"https:\/\/hub.hslu.ch\/financialmanagement\/#website","url":"https:\/\/hub.hslu.ch\/financialmanagement\/","name":"Financial Management Blog","description":"Controlling, Accounting, Risk &amp; Corporate Finance am Institut f\u00fcr Finanzdienstleistungen Zug IFZ","potentialAction":[{"@type":"SearchAction","target":{"@type":"EntryPoint","urlTemplate":"https:\/\/hub.hslu.ch\/financialmanagement\/?s={search_term_string}"},"query-input":{"@type":"PropertyValueSpecification","valueRequired":true,"valueName":"search_term_string"}}],"inLanguage":"de-CH"},{"@type":"Person","@id":"https:\/\/hub.hslu.ch\/financialmanagement\/#\/schema\/person\/37830b930c7191bcaf93c2a45521ee16","name":"melanielisafuerch"}]}},"featured_image_src":"https:\/\/hub.hslu.ch\/financialmanagement\/wp-content\/blogs.dir\/488\/files\/sites\/16\/2020\/03\/Blackswan.jpg","featured_image_src_square":"https:\/\/hub.hslu.ch\/financialmanagement\/wp-content\/blogs.dir\/488\/files\/sites\/16\/2020\/03\/Blackswan.jpg","author_info":{"display_name":"melanielisafuerch","author_link":"https:\/\/hub.hslu.ch\/financialmanagement\/author\/melanielisafuerch\/"},"_links":{"self":[{"href":"https:\/\/hub.hslu.ch\/financialmanagement\/wp-json\/wp\/v2\/posts\/6505","targetHints":{"allow":["GET"]}}],"collection":[{"href":"https:\/\/hub.hslu.ch\/financialmanagement\/wp-json\/wp\/v2\/posts"}],"about":[{"href":"https:\/\/hub.hslu.ch\/financialmanagement\/wp-json\/wp\/v2\/types\/post"}],"author":[{"embeddable":true,"href":"https:\/\/hub.hslu.ch\/financialmanagement\/wp-json\/wp\/v2\/users\/236"}],"replies":[{"embeddable":true,"href":"https:\/\/hub.hslu.ch\/financialmanagement\/wp-json\/wp\/v2\/comments?post=6505"}],"version-history":[{"count":8,"href":"https:\/\/hub.hslu.ch\/financialmanagement\/wp-json\/wp\/v2\/posts\/6505\/revisions"}],"predecessor-version":[{"id":12090,"href":"https:\/\/hub.hslu.ch\/financialmanagement\/wp-json\/wp\/v2\/posts\/6505\/revisions\/12090"}],"wp:featuredmedia":[{"embeddable":true,"href":"https:\/\/hub.hslu.ch\/financialmanagement\/wp-json\/wp\/v2\/media\/6506"}],"wp:attachment":[{"href":"https:\/\/hub.hslu.ch\/financialmanagement\/wp-json\/wp\/v2\/media?parent=6505"}],"wp:term":[{"taxonomy":"category","embeddable":true,"href":"https:\/\/hub.hslu.ch\/financialmanagement\/wp-json\/wp\/v2\/categories?post=6505"},{"taxonomy":"post_tag","embeddable":true,"href":"https:\/\/hub.hslu.ch\/financialmanagement\/wp-json\/wp\/v2\/tags?post=6505"}],"curies":[{"name":"wp","href":"https:\/\/api.w.org\/{rel}","templated":true}]}}