{"id":8567,"date":"2022-10-06T16:36:05","date_gmt":"2022-10-06T14:36:05","guid":{"rendered":"https:\/\/hub.hslu.ch\/financialmanagement\/?p=8567"},"modified":"2026-02-11T14:53:50","modified_gmt":"2026-02-11T13:53:50","slug":"rueckblick-carf-luzern-2022","status":"publish","type":"post","link":"https:\/\/hub.hslu.ch\/financialmanagement\/2022\/10\/06\/rueckblick-carf-luzern-2022\/","title":{"rendered":"R\u00fcckblick \u2013 CARF Luzern 2022"},"content":{"rendered":"\n<p>Von <a href=\"https:\/\/www.hslu.ch\/de-ch\/hochschule-luzern\/ueber-uns\/personensuche\/profile\/?pid=5263\" target=\"_blank\" rel=\"noreferrer noopener\">Ren\u00e9 Walser<\/a>, Masterassistent und <a href=\"https:\/\/www.hslu.ch\/de-ch\/hochschule-luzern\/ueber-uns\/personensuche\/profile\/?pid=5412\" target=\"_blank\" rel=\"noreferrer noopener\">Katrin Urbach<\/a>, wissenschaftliche Mitarbeiterin am <a href=\"https:\/\/www.hslu.ch\/de-ch\/wirtschaft\/institute\/ifz\/\" target=\"_blank\" rel=\"noreferrer noopener\">Institut f\u00fcr Finanzdienstleistungen Zug IFZ<\/a><\/p>\n\n\n<p><strong> Nach zwei \u00abCorona-Jahren\u00bb, konnten erstmalig wieder vor Ort die spannenden Beitr\u00e4ge der Teilnehmenden pr\u00e4sentiert und ausf\u00fchrlich besprochen werden. Neben diesem sehr konstruktiven Austausch, bei dem viele neue (Forschungs-) Ideen und Netzwerke entstanden, gab es f\u00fcr die Teilnehmenden ein abwechslungsreiches Rahmenprogramm.<\/strong><\/p>\n\n\n<p>Nach dem \u00abGet together\u00bb am Vorabend, ging es am 1. Konferenztag morgens nach der Begr\u00fcssung mit dem Keynote-Referat von Dr. Carsten Stolz (Leiter Konzernbereich Finanzen \u2013 CFO der Baloise Group) los. Bei seinem Vortrag \u00abVer\u00e4nderungen im Finanzbereich aus Sicht eines CFO\u00bb lieferte er den Teilnehmenden einen spannenden Einblick in die zuk\u00fcnftige Rolle des CFOs. Er zeigte, wie sich die Berufsbilder in Finanzfunktionen ver\u00e4ndern m\u00fcssen, um relevant in den Unternehmen zu bleiben. Dr. Carsten Stolz gab den Zuh\u00f6rern viele interessante Denkimpulse mit, wie die Zukunft der Ausbildung im Finanzbereich aussehen k\u00f6nnte und welche Qualifikationen zuk\u00fcnftig ben\u00f6tigt werden.<\/p>\n\n\n\n<p>Im Anschluss begannen die Beitrags-Pr\u00e4sentationen in den einzelnen Tracks (Research Papers, Extended Abstracts sowie abgeschlossene und laufende Lehrprojekte). Zahlreiche quantitative und qualitative Studien konnten detailliert diskutiert werden und \u00fcberzeugten durch ihre Vielfalt und methodische Qualit\u00e4t.<\/p>\n\n\n\n<p>Nach dem ersten wissenschaftlichen Teil der Konferenz ging es im Rahmen des Nachmittagsprogramms f\u00fcr die Teilnehmenden auf einer gef\u00fchrten Stadttour durch Luzern. Hier konnten sie die wundersch\u00f6ne Stadt Luzern, sowie ihre Geschichte und die Schweiz etwas kennenlernen. Der erste Konferenztag wurde mit einem Ap\u00e9ro und anschliessendem Abendessen im Schiffrestaurant Wilhelm Tell abgerundet, bei dem sich die Teilnehmenden weiter austauschen und dabei den Blick \u00fcber den Vierwaldst\u00e4ttersee geniessen konnten.<\/p>\n\n\n\n<p>Der zweite Konferenztag begann auch wieder spannend mit dem zweiten Keynote-Speaker Jun. Prof. Dr. Marcus Bravidor (Juniorprofessor Abteilung f\u00fcr Financial Accounting &amp; Auditing an der Albert-Ludwigs-Universit\u00e4t Freiburg), der in seinem Referat den Fokus auf die Digitalisierung der Finanzfunktion legte. Dabei untermalte er sehr sch\u00f6n die zahlreichen Konferenzbeitr\u00e4ge, die sich mit dem Thema Digitalisierung befassten, und gab ebenfalls neue Denkanst\u00f6sse.<\/p>\n\n\n\n<p>Im Anschluss an die Pr\u00e4sentationen und Diskussionen der Beitr\u00e4ge des zweiten Tages wurde die CARF 2022 von unserem <strong>Best Paper Award <\/strong>abgerundet. Der <strong>Best Paper Award<\/strong> der diesj\u00e4hrigen Konferenz ging an <strong>Denis Bieri<\/strong> (Doktorand an der Universit\u00e4t Basel), der mit seinem Beitrag \u00abThe Impact of the Introduction of Bitcoin Futures and their Role in Price Discovery\u00bb inhaltlich und methodisch die Reviewer, sowie die Teilnehmenden \u00fcberzeugt hat.<\/p>\n\n\n\n<p>Insgesamt 32 Beitr\u00e4ge aus der Schweiz, Deutschland und \u00d6sterreich wurden an der CARF Luzern 2022 in den verschiedenen Themenbereichen pr\u00e4sentiert. Nachfolgend finden Sie eine \u00dcbersicht zur Zusammensetzung der Beitr\u00e4ge:<\/p>\n\n\n\n<figure class=\"wp-block-image size-full\"><img loading=\"lazy\" decoding=\"async\" width=\"904\" height=\"384\" src=\"https:\/\/hub.hslu.ch\/financialmanagement\/wp-content\/blogs.dir\/488\/files\/sites\/16\/2022\/10\/CARF_Blog-2.png\" alt=\"\" class=\"wp-image-8578\" srcset=\"https:\/\/hub.hslu.ch\/financialmanagement\/wp-content\/blogs.dir\/488\/files\/sites\/16\/2022\/10\/CARF_Blog-2.png 904w, https:\/\/hub.hslu.ch\/financialmanagement\/wp-content\/blogs.dir\/488\/files\/sites\/16\/2022\/10\/CARF_Blog-2-300x127.png 300w, https:\/\/hub.hslu.ch\/financialmanagement\/wp-content\/blogs.dir\/488\/files\/sites\/16\/2022\/10\/CARF_Blog-2-768x326.png 768w\" sizes=\"auto, (max-width: 904px) 100vw, 904px\" \/><figcaption>Statistiken Beitr\u00e4ge CARF 2022<\/figcaption><\/figure>\n\n\n\n<p>Die CARF Luzern brachte auch dieses Jahr wieder eine ideale Austauschplattform f\u00fcr Forschende, Dozierende und wissenschaftliche Mitarbeitende im deutschsprachigen Raum. Der Rahmen der Konferenz schafft eine famili\u00e4re Atmosph\u00e4re mit vielen wertvollen Diskussionen, konstruktiven Feedback Gespr\u00e4chen sowie M\u00f6glichkeiten zur Vernetzung. Diese Punkte werden von den Teilnehmenden als sehr wertvoll empfunden und als einer der Hauptgr\u00fcnde f\u00fcr den Erfolg der CARF-Konferenz h\u00e4ufig genannt. Auf ein Wiedersehen und die Einreichung vieler interessanter Beitr\u00e4ge freuen wir uns schon heute. Interessentinnen und Interessenten haben die M\u00f6glichkeit, am <strong>7. und 8. September 2023 <\/strong>an der n\u00e4chsten Konferenz in Luzern teilzunehmen.<\/p>\n","protected":false},"excerpt":{"rendered":"<p>Zum achten Mal trafen sich am 1. und 2. September bei der CARF 2022 in Luzern, rund 60 Forschende, Dozierende und wissenschaftliche Mitarbeitende, um \u00fcber die Themengebiete Controlling, Accounting &amp; Audit, Risk &amp; Compliance, Finanzen und Lehre zu diskutieren.<\/p>\n","protected":false},"author":236,"featured_media":6894,"comment_status":"closed","ping_status":"closed","sticky":false,"template":"","format":"standard","meta":{"_acf_changed":false,"inline_featured_image":false,"_relevanssi_hide_post":"","_relevanssi_hide_content":"","_relevanssi_pin_for_all":"","_relevanssi_pin_keywords":"","_relevanssi_unpin_keywords":"","_relevanssi_related_keywords":"","_relevanssi_related_include_ids":"","_relevanssi_related_exclude_ids":"","_relevanssi_related_no_append":"","_relevanssi_related_not_related":"","_relevanssi_related_posts":"","_relevanssi_noindex_reason":"","ngg_post_thumbnail":0,"footnotes":"","_links_to":"","_links_to_target":""},"categories":[94436,723],"tags":[3825,67358,67432,3797,404],"class_list":["post-8567","post","type-post","status-publish","format-standard","has-post-thumbnail","hentry","category-carf-luzern","category-veranstaltungen","tag-accounting","tag-carf","tag-controlling","tag-finance","tag-risk-management"],"acf":[],"yoast_head":"<!-- This site is optimized with the Yoast SEO plugin v27.5 - https:\/\/yoast.com\/product\/yoast-seo-wordpress\/ -->\n<title>R\u00fcckblick \u2013 CARF Luzern 2022 - Financial Management Blog<\/title>\n<meta name=\"description\" content=\"Zum achten Mal trafen sich am 1. und 2. September bei der CARF 2022 in Luzern, rund 60 Forschende, Dozierende und wissenschaftliche Mitarbeitende, um \u00fcber die Themengebiete Controlling, Accounting &amp; Audit, Risk &amp; Compliance, Finanzen und Lehre zu diskutieren.\" \/>\n<meta name=\"robots\" content=\"index, follow, max-snippet:-1, max-image-preview:large, max-video-preview:-1\" \/>\n<link rel=\"canonical\" href=\"https:\/\/hub.hslu.ch\/financialmanagement\/2022\/10\/06\/rueckblick-carf-luzern-2022\/\" \/>\n<meta property=\"og:locale\" content=\"de_DE\" \/>\n<meta property=\"og:type\" content=\"article\" \/>\n<meta property=\"og:title\" content=\"R\u00fcckblick \u2013 CARF Luzern 2022 - Financial Management Blog\" \/>\n<meta property=\"og:description\" content=\"Zum achten Mal trafen sich am 1. und 2. September bei der CARF 2022 in Luzern, rund 60 Forschende, Dozierende und wissenschaftliche Mitarbeitende, um \u00fcber die Themengebiete Controlling, Accounting &amp; Audit, Risk &amp; Compliance, Finanzen und Lehre zu diskutieren.\" \/>\n<meta property=\"og:url\" content=\"https:\/\/hub.hslu.ch\/financialmanagement\/2022\/10\/06\/rueckblick-carf-luzern-2022\/\" \/>\n<meta property=\"og:site_name\" content=\"Financial Management Blog\" \/>\n<meta property=\"article:published_time\" content=\"2022-10-06T14:36:05+00:00\" \/>\n<meta property=\"article:modified_time\" content=\"2026-02-11T13:53:50+00:00\" \/>\n<meta property=\"og:image\" content=\"https:\/\/hub.hslu.ch\/financialmanagement\/wp-content\/blogs.dir\/488\/files\/sites\/16\/2020\/09\/CARF_luzern_2009_mdb_027.jpg\" \/>\n\t<meta property=\"og:image:width\" content=\"1181\" \/>\n\t<meta property=\"og:image:height\" content=\"785\" \/>\n\t<meta property=\"og:image:type\" content=\"image\/jpeg\" \/>\n<meta name=\"author\" content=\"melanielisafuerch\" \/>\n<meta name=\"twitter:card\" content=\"summary_large_image\" \/>\n<meta name=\"twitter:label1\" content=\"Geschrieben von\" \/>\n\t<meta name=\"twitter:data1\" content=\"melanielisafuerch\" \/>\n\t<meta name=\"twitter:label2\" content=\"Gesch\u00e4tzte Lesezeit\" \/>\n\t<meta name=\"twitter:data2\" content=\"4\u00a0Minuten\" \/>\n<script type=\"application\/ld+json\" class=\"yoast-schema-graph\">{\"@context\":\"https:\\\/\\\/schema.org\",\"@graph\":[{\"@type\":\"Article\",\"@id\":\"https:\\\/\\\/hub.hslu.ch\\\/financialmanagement\\\/2022\\\/10\\\/06\\\/rueckblick-carf-luzern-2022\\\/#article\",\"isPartOf\":{\"@id\":\"https:\\\/\\\/hub.hslu.ch\\\/financialmanagement\\\/2022\\\/10\\\/06\\\/rueckblick-carf-luzern-2022\\\/\"},\"author\":{\"name\":\"melanielisafuerch\",\"@id\":\"https:\\\/\\\/hub.hslu.ch\\\/financialmanagement\\\/#\\\/schema\\\/person\\\/37830b930c7191bcaf93c2a45521ee16\"},\"headline\":\"R\u00fcckblick \u2013 CARF Luzern 2022\",\"datePublished\":\"2022-10-06T14:36:05+00:00\",\"dateModified\":\"2026-02-11T13:53:50+00:00\",\"mainEntityOfPage\":{\"@id\":\"https:\\\/\\\/hub.hslu.ch\\\/financialmanagement\\\/2022\\\/10\\\/06\\\/rueckblick-carf-luzern-2022\\\/\"},\"wordCount\":546,\"image\":{\"@id\":\"https:\\\/\\\/hub.hslu.ch\\\/financialmanagement\\\/2022\\\/10\\\/06\\\/rueckblick-carf-luzern-2022\\\/#primaryimage\"},\"thumbnailUrl\":\"https:\\\/\\\/hub.hslu.ch\\\/financialmanagement\\\/wp-content\\\/blogs.dir\\\/488\\\/files\\\/sites\\\/16\\\/2020\\\/09\\\/CARF_luzern_2009_mdb_027.jpg\",\"keywords\":[\"Accounting\",\"CARF\",\"Controlling\",\"Finance\",\"Risk Management\"],\"articleSection\":[\"CARF Luzern\",\"Veranstaltungen\"],\"inLanguage\":\"de-CH\"},{\"@type\":\"WebPage\",\"@id\":\"https:\\\/\\\/hub.hslu.ch\\\/financialmanagement\\\/2022\\\/10\\\/06\\\/rueckblick-carf-luzern-2022\\\/\",\"url\":\"https:\\\/\\\/hub.hslu.ch\\\/financialmanagement\\\/2022\\\/10\\\/06\\\/rueckblick-carf-luzern-2022\\\/\",\"name\":\"R\u00fcckblick \u2013 CARF Luzern 2022 - Financial Management Blog\",\"isPartOf\":{\"@id\":\"https:\\\/\\\/hub.hslu.ch\\\/financialmanagement\\\/#website\"},\"primaryImageOfPage\":{\"@id\":\"https:\\\/\\\/hub.hslu.ch\\\/financialmanagement\\\/2022\\\/10\\\/06\\\/rueckblick-carf-luzern-2022\\\/#primaryimage\"},\"image\":{\"@id\":\"https:\\\/\\\/hub.hslu.ch\\\/financialmanagement\\\/2022\\\/10\\\/06\\\/rueckblick-carf-luzern-2022\\\/#primaryimage\"},\"thumbnailUrl\":\"https:\\\/\\\/hub.hslu.ch\\\/financialmanagement\\\/wp-content\\\/blogs.dir\\\/488\\\/files\\\/sites\\\/16\\\/2020\\\/09\\\/CARF_luzern_2009_mdb_027.jpg\",\"datePublished\":\"2022-10-06T14:36:05+00:00\",\"dateModified\":\"2026-02-11T13:53:50+00:00\",\"author\":{\"@id\":\"https:\\\/\\\/hub.hslu.ch\\\/financialmanagement\\\/#\\\/schema\\\/person\\\/37830b930c7191bcaf93c2a45521ee16\"},\"description\":\"Zum achten Mal trafen sich am 1. und 2. September bei der CARF 2022 in Luzern, rund 60 Forschende, Dozierende und wissenschaftliche Mitarbeitende, um \u00fcber die Themengebiete Controlling, Accounting &amp; Audit, Risk &amp; Compliance, Finanzen und Lehre zu diskutieren.\",\"breadcrumb\":{\"@id\":\"https:\\\/\\\/hub.hslu.ch\\\/financialmanagement\\\/2022\\\/10\\\/06\\\/rueckblick-carf-luzern-2022\\\/#breadcrumb\"},\"inLanguage\":\"de-CH\",\"potentialAction\":[{\"@type\":\"ReadAction\",\"target\":[\"https:\\\/\\\/hub.hslu.ch\\\/financialmanagement\\\/2022\\\/10\\\/06\\\/rueckblick-carf-luzern-2022\\\/\"]}]},{\"@type\":\"ImageObject\",\"inLanguage\":\"de-CH\",\"@id\":\"https:\\\/\\\/hub.hslu.ch\\\/financialmanagement\\\/2022\\\/10\\\/06\\\/rueckblick-carf-luzern-2022\\\/#primaryimage\",\"url\":\"https:\\\/\\\/hub.hslu.ch\\\/financialmanagement\\\/wp-content\\\/blogs.dir\\\/488\\\/files\\\/sites\\\/16\\\/2020\\\/09\\\/CARF_luzern_2009_mdb_027.jpg\",\"contentUrl\":\"https:\\\/\\\/hub.hslu.ch\\\/financialmanagement\\\/wp-content\\\/blogs.dir\\\/488\\\/files\\\/sites\\\/16\\\/2020\\\/09\\\/CARF_luzern_2009_mdb_027.jpg\",\"width\":1181,\"height\":785},{\"@type\":\"BreadcrumbList\",\"@id\":\"https:\\\/\\\/hub.hslu.ch\\\/financialmanagement\\\/2022\\\/10\\\/06\\\/rueckblick-carf-luzern-2022\\\/#breadcrumb\",\"itemListElement\":[{\"@type\":\"ListItem\",\"position\":1,\"name\":\"Home\",\"item\":\"https:\\\/\\\/hub.hslu.ch\\\/financialmanagement\\\/\"},{\"@type\":\"ListItem\",\"position\":2,\"name\":\"R\u00fcckblick \u2013 CARF Luzern 2022\"}]},{\"@type\":\"WebSite\",\"@id\":\"https:\\\/\\\/hub.hslu.ch\\\/financialmanagement\\\/#website\",\"url\":\"https:\\\/\\\/hub.hslu.ch\\\/financialmanagement\\\/\",\"name\":\"Financial Management Blog\",\"description\":\"Controlling, Accounting, Risk &amp; Corporate Finance am Institut f\u00fcr Finanzdienstleistungen Zug IFZ\",\"potentialAction\":[{\"@type\":\"SearchAction\",\"target\":{\"@type\":\"EntryPoint\",\"urlTemplate\":\"https:\\\/\\\/hub.hslu.ch\\\/financialmanagement\\\/?s={search_term_string}\"},\"query-input\":{\"@type\":\"PropertyValueSpecification\",\"valueRequired\":true,\"valueName\":\"search_term_string\"}}],\"inLanguage\":\"de-CH\"},{\"@type\":\"Person\",\"@id\":\"https:\\\/\\\/hub.hslu.ch\\\/financialmanagement\\\/#\\\/schema\\\/person\\\/37830b930c7191bcaf93c2a45521ee16\",\"name\":\"melanielisafuerch\"}]}<\/script>\n<!-- \/ Yoast SEO plugin. -->","yoast_head_json":{"title":"R\u00fcckblick \u2013 CARF Luzern 2022 - Financial Management Blog","description":"Zum achten Mal trafen sich am 1. und 2. September bei der CARF 2022 in Luzern, rund 60 Forschende, Dozierende und wissenschaftliche Mitarbeitende, um \u00fcber die Themengebiete Controlling, Accounting &amp; Audit, Risk &amp; Compliance, Finanzen und Lehre zu diskutieren.","robots":{"index":"index","follow":"follow","max-snippet":"max-snippet:-1","max-image-preview":"max-image-preview:large","max-video-preview":"max-video-preview:-1"},"canonical":"https:\/\/hub.hslu.ch\/financialmanagement\/2022\/10\/06\/rueckblick-carf-luzern-2022\/","og_locale":"de_DE","og_type":"article","og_title":"R\u00fcckblick \u2013 CARF Luzern 2022 - Financial Management Blog","og_description":"Zum achten Mal trafen sich am 1. und 2. September bei der CARF 2022 in Luzern, rund 60 Forschende, Dozierende und wissenschaftliche Mitarbeitende, um \u00fcber die Themengebiete Controlling, Accounting &amp; Audit, Risk &amp; Compliance, Finanzen und Lehre zu diskutieren.","og_url":"https:\/\/hub.hslu.ch\/financialmanagement\/2022\/10\/06\/rueckblick-carf-luzern-2022\/","og_site_name":"Financial Management Blog","article_published_time":"2022-10-06T14:36:05+00:00","article_modified_time":"2026-02-11T13:53:50+00:00","og_image":[{"width":1181,"height":785,"url":"https:\/\/hub.hslu.ch\/financialmanagement\/wp-content\/blogs.dir\/488\/files\/sites\/16\/2020\/09\/CARF_luzern_2009_mdb_027.jpg","type":"image\/jpeg"}],"author":"melanielisafuerch","twitter_card":"summary_large_image","twitter_misc":{"Geschrieben von":"melanielisafuerch","Gesch\u00e4tzte Lesezeit":"4\u00a0Minuten"},"schema":{"@context":"https:\/\/schema.org","@graph":[{"@type":"Article","@id":"https:\/\/hub.hslu.ch\/financialmanagement\/2022\/10\/06\/rueckblick-carf-luzern-2022\/#article","isPartOf":{"@id":"https:\/\/hub.hslu.ch\/financialmanagement\/2022\/10\/06\/rueckblick-carf-luzern-2022\/"},"author":{"name":"melanielisafuerch","@id":"https:\/\/hub.hslu.ch\/financialmanagement\/#\/schema\/person\/37830b930c7191bcaf93c2a45521ee16"},"headline":"R\u00fcckblick \u2013 CARF Luzern 2022","datePublished":"2022-10-06T14:36:05+00:00","dateModified":"2026-02-11T13:53:50+00:00","mainEntityOfPage":{"@id":"https:\/\/hub.hslu.ch\/financialmanagement\/2022\/10\/06\/rueckblick-carf-luzern-2022\/"},"wordCount":546,"image":{"@id":"https:\/\/hub.hslu.ch\/financialmanagement\/2022\/10\/06\/rueckblick-carf-luzern-2022\/#primaryimage"},"thumbnailUrl":"https:\/\/hub.hslu.ch\/financialmanagement\/wp-content\/blogs.dir\/488\/files\/sites\/16\/2020\/09\/CARF_luzern_2009_mdb_027.jpg","keywords":["Accounting","CARF","Controlling","Finance","Risk Management"],"articleSection":["CARF Luzern","Veranstaltungen"],"inLanguage":"de-CH"},{"@type":"WebPage","@id":"https:\/\/hub.hslu.ch\/financialmanagement\/2022\/10\/06\/rueckblick-carf-luzern-2022\/","url":"https:\/\/hub.hslu.ch\/financialmanagement\/2022\/10\/06\/rueckblick-carf-luzern-2022\/","name":"R\u00fcckblick \u2013 CARF Luzern 2022 - Financial Management Blog","isPartOf":{"@id":"https:\/\/hub.hslu.ch\/financialmanagement\/#website"},"primaryImageOfPage":{"@id":"https:\/\/hub.hslu.ch\/financialmanagement\/2022\/10\/06\/rueckblick-carf-luzern-2022\/#primaryimage"},"image":{"@id":"https:\/\/hub.hslu.ch\/financialmanagement\/2022\/10\/06\/rueckblick-carf-luzern-2022\/#primaryimage"},"thumbnailUrl":"https:\/\/hub.hslu.ch\/financialmanagement\/wp-content\/blogs.dir\/488\/files\/sites\/16\/2020\/09\/CARF_luzern_2009_mdb_027.jpg","datePublished":"2022-10-06T14:36:05+00:00","dateModified":"2026-02-11T13:53:50+00:00","author":{"@id":"https:\/\/hub.hslu.ch\/financialmanagement\/#\/schema\/person\/37830b930c7191bcaf93c2a45521ee16"},"description":"Zum achten Mal trafen sich am 1. und 2. September bei der CARF 2022 in Luzern, rund 60 Forschende, Dozierende und wissenschaftliche Mitarbeitende, um \u00fcber die Themengebiete Controlling, Accounting &amp; Audit, Risk &amp; Compliance, Finanzen und Lehre zu diskutieren.","breadcrumb":{"@id":"https:\/\/hub.hslu.ch\/financialmanagement\/2022\/10\/06\/rueckblick-carf-luzern-2022\/#breadcrumb"},"inLanguage":"de-CH","potentialAction":[{"@type":"ReadAction","target":["https:\/\/hub.hslu.ch\/financialmanagement\/2022\/10\/06\/rueckblick-carf-luzern-2022\/"]}]},{"@type":"ImageObject","inLanguage":"de-CH","@id":"https:\/\/hub.hslu.ch\/financialmanagement\/2022\/10\/06\/rueckblick-carf-luzern-2022\/#primaryimage","url":"https:\/\/hub.hslu.ch\/financialmanagement\/wp-content\/blogs.dir\/488\/files\/sites\/16\/2020\/09\/CARF_luzern_2009_mdb_027.jpg","contentUrl":"https:\/\/hub.hslu.ch\/financialmanagement\/wp-content\/blogs.dir\/488\/files\/sites\/16\/2020\/09\/CARF_luzern_2009_mdb_027.jpg","width":1181,"height":785},{"@type":"BreadcrumbList","@id":"https:\/\/hub.hslu.ch\/financialmanagement\/2022\/10\/06\/rueckblick-carf-luzern-2022\/#breadcrumb","itemListElement":[{"@type":"ListItem","position":1,"name":"Home","item":"https:\/\/hub.hslu.ch\/financialmanagement\/"},{"@type":"ListItem","position":2,"name":"R\u00fcckblick \u2013 CARF Luzern 2022"}]},{"@type":"WebSite","@id":"https:\/\/hub.hslu.ch\/financialmanagement\/#website","url":"https:\/\/hub.hslu.ch\/financialmanagement\/","name":"Financial Management Blog","description":"Controlling, Accounting, Risk &amp; Corporate Finance am Institut f\u00fcr Finanzdienstleistungen Zug IFZ","potentialAction":[{"@type":"SearchAction","target":{"@type":"EntryPoint","urlTemplate":"https:\/\/hub.hslu.ch\/financialmanagement\/?s={search_term_string}"},"query-input":{"@type":"PropertyValueSpecification","valueRequired":true,"valueName":"search_term_string"}}],"inLanguage":"de-CH"},{"@type":"Person","@id":"https:\/\/hub.hslu.ch\/financialmanagement\/#\/schema\/person\/37830b930c7191bcaf93c2a45521ee16","name":"melanielisafuerch"}]}},"featured_image_src":"https:\/\/hub.hslu.ch\/financialmanagement\/wp-content\/blogs.dir\/488\/files\/sites\/16\/2020\/09\/CARF_luzern_2009_mdb_027.jpg","featured_image_src_square":"https:\/\/hub.hslu.ch\/financialmanagement\/wp-content\/blogs.dir\/488\/files\/sites\/16\/2020\/09\/CARF_luzern_2009_mdb_027.jpg","author_info":{"display_name":"melanielisafuerch","author_link":"https:\/\/hub.hslu.ch\/financialmanagement\/author\/melanielisafuerch\/"},"_links":{"self":[{"href":"https:\/\/hub.hslu.ch\/financialmanagement\/wp-json\/wp\/v2\/posts\/8567","targetHints":{"allow":["GET"]}}],"collection":[{"href":"https:\/\/hub.hslu.ch\/financialmanagement\/wp-json\/wp\/v2\/posts"}],"about":[{"href":"https:\/\/hub.hslu.ch\/financialmanagement\/wp-json\/wp\/v2\/types\/post"}],"author":[{"embeddable":true,"href":"https:\/\/hub.hslu.ch\/financialmanagement\/wp-json\/wp\/v2\/users\/236"}],"replies":[{"embeddable":true,"href":"https:\/\/hub.hslu.ch\/financialmanagement\/wp-json\/wp\/v2\/comments?post=8567"}],"version-history":[{"count":9,"href":"https:\/\/hub.hslu.ch\/financialmanagement\/wp-json\/wp\/v2\/posts\/8567\/revisions"}],"predecessor-version":[{"id":12137,"href":"https:\/\/hub.hslu.ch\/financialmanagement\/wp-json\/wp\/v2\/posts\/8567\/revisions\/12137"}],"wp:featuredmedia":[{"embeddable":true,"href":"https:\/\/hub.hslu.ch\/financialmanagement\/wp-json\/wp\/v2\/media\/6894"}],"wp:attachment":[{"href":"https:\/\/hub.hslu.ch\/financialmanagement\/wp-json\/wp\/v2\/media?parent=8567"}],"wp:term":[{"taxonomy":"category","embeddable":true,"href":"https:\/\/hub.hslu.ch\/financialmanagement\/wp-json\/wp\/v2\/categories?post=8567"},{"taxonomy":"post_tag","embeddable":true,"href":"https:\/\/hub.hslu.ch\/financialmanagement\/wp-json\/wp\/v2\/tags?post=8567"}],"curies":[{"name":"wp","href":"https:\/\/api.w.org\/{rel}","templated":true}]}}