{"id":9197,"date":"2023-10-20T09:55:00","date_gmt":"2023-10-20T07:55:00","guid":{"rendered":"https:\/\/hub.hslu.ch\/financialmanagement\/?p=9197"},"modified":"2026-02-11T14:53:50","modified_gmt":"2026-02-11T13:53:50","slug":"rueckblick-auf-die-carf-2023-in-luzern-die-plattform-fuer-wissensaustausch-und-vernetzung","status":"publish","type":"post","link":"https:\/\/hub.hslu.ch\/financialmanagement\/2023\/10\/20\/rueckblick-auf-die-carf-2023-in-luzern-die-plattform-fuer-wissensaustausch-und-vernetzung\/","title":{"rendered":"R\u00fcckblick auf die CARF 2023 in Luzern: Die Plattform f\u00fcr Wissensaustausch und Vernetzung"},"content":{"rendered":"\n<p><strong><\/strong><\/p>\n\n\n\n<p>Der erste Konferenztag begann mit einem vielversprechenden Auftakt:<a href=\"https:\/\/www.linkedin.com\/in\/stefan-schaltegger-3918533\/\"> Prof. Dr. Dr. h.c. Stefan Schaltegger, renommierter Professor f\u00fcr Nachhaltigkeitsmanagement an der Universit\u00e4t L\u00fcneburg<\/a>, hielt ein spannendes Keynote-Referat zum Thema &#171;Sustainability Management Accounting &#8211; seine Rolle f\u00fcr die nachhaltige Entwicklung&#187;. Sein Vortrag bot den Teilnehmenden einen Einblick in die akademische Dimension des neuen Themenfelds \u00abNachhaltigkeit\u00bb f\u00fcr Finanzverantwortliche. Im Mittelpunkt des Vortrags stand, wie Unternehmen ihren Beitrag auf die Umwelt aber auch den Beitrag der Umwelt auf ihr Gesch\u00e4ftsmodell messen k\u00f6nnen.<\/p>\n\n\n\n<figure class=\"wp-block-image size-large\"><img loading=\"lazy\" decoding=\"async\" width=\"1500\" height=\"1125\" src=\"https:\/\/hub.hslu.ch\/financialmanagement\/wp-content\/blogs.dir\/488\/files\/sites\/16\/2023\/10\/CARF_2023_2-1500x1125.jpeg\" alt=\"\" class=\"wp-image-9202\" srcset=\"https:\/\/hub.hslu.ch\/financialmanagement\/wp-content\/blogs.dir\/488\/files\/sites\/16\/2023\/10\/CARF_2023_2-1500x1125.jpeg 1500w, https:\/\/hub.hslu.ch\/financialmanagement\/wp-content\/blogs.dir\/488\/files\/sites\/16\/2023\/10\/CARF_2023_2-300x225.jpeg 300w, https:\/\/hub.hslu.ch\/financialmanagement\/wp-content\/blogs.dir\/488\/files\/sites\/16\/2023\/10\/CARF_2023_2-768x576.jpeg 768w, https:\/\/hub.hslu.ch\/financialmanagement\/wp-content\/blogs.dir\/488\/files\/sites\/16\/2023\/10\/CARF_2023_2-1536x1152.jpeg 1536w, https:\/\/hub.hslu.ch\/financialmanagement\/wp-content\/blogs.dir\/488\/files\/sites\/16\/2023\/10\/CARF_2023_2-928x696.jpeg 928w, https:\/\/hub.hslu.ch\/financialmanagement\/wp-content\/blogs.dir\/488\/files\/sites\/16\/2023\/10\/CARF_2023_2-600x450.jpeg 600w, https:\/\/hub.hslu.ch\/financialmanagement\/wp-content\/blogs.dir\/488\/files\/sites\/16\/2023\/10\/CARF_2023_2.jpeg 2048w\" sizes=\"auto, (max-width: 1500px) 100vw, 1500px\" \/><\/figure>\n\n\n\n<p>Anschlie\u00dfend wurden zahlreiche Beitr\u00e4ge in verschiedenen Tracks pr\u00e4sentiert. Die Besonderheit der CARF ist, dass abgeschlossene und laufende Lehrprojekte vorgestellt werden. Damit ist die CARF ein einzigartiges Forum f\u00fcr Lehrende. Der intensive wissenschaftliche Austausch erm\u00f6glichte es den Teilnehmenden, neue Ideen zu entwickeln und wertvolle Netzwerke zu kn\u00fcpfen.<\/p>\n\n\n\n<p>Nach dem ersten wissenschaftlichen Teil der Konferenz wurde den Teilnehmenden ein abwechslungsreiches Rahmenprogramm geboten. Eine gef\u00fchrte Stadttour durch Luzern erm\u00f6glichte es den G\u00e4sten, die Sch\u00f6nheit der Stadt und ihre reiche Geschichte kennenzulernen. Der erste Konferenztag wurde schlie\u00dflich mit einem Ap\u00e9ro und einem Abendessen im Schiffrestaurant Wilhelm Tell abgerundet. Hier konnten die Teilnehmenden in entspannter Atmosph\u00e4re Gespr\u00e4che f\u00fchren und Kontakte kn\u00fcpfen.<\/p>\n\n\n\n<p>Der zweite Konferenztag begann erneut mit spannenden Vortr\u00e4gen verschiedenster Beitr\u00e4ge und Diskussionen. Die zweite Keynote-Pr\u00e4sentation wurde von <a href=\"https:\/\/www.linkedin.com\/in\/fabian-egger-81181619a\/\">Fabian Egger, Leiter Finanzen bei Emmi Division Schweiz<\/a>, gehalten. In seinem Vortrag &#171;Nachhaltigkeitscontrolling &#8211; ein Beispiel aus der Praxis&#187; lieferte er interessante Einblicke anhand eines Best-Practice-Beispiels aus der Unternehmenswelt.<\/p>\n\n\n\n<p>H\u00f6hepunkt der CARF 2023 war die Verleihung des Best Paper Award. In der Kategorie Forschung ging der Preis an <a href=\"https:\/\/www.linkedin.com\/in\/jan-hendrik-meier-28b382155\/\">Prof. Dr. Jan-Hendrik Meier<\/a>, <a href=\"https:\/\/www.linkedin.com\/in\/tetiana-paientko-634501b3\/\">Prof. Dr. Tetiana Paientko<\/a> und <a href=\"https:\/\/www.linkedin.com\/in\/daniel-behrens-57857b210\/\">Daniel Behrens<\/a> von der Fachhochschule Kiel f\u00fcr ihren Beitrag &#171;Takeover Bid Rules and M&amp;A Premiums: Who pays the price for investor protection?&#187;. In der Kategorie Lehre \u00fcberzeugten <a href=\"https:\/\/www.linkedin.com\/in\/peter-hofer-28949a126\/\">FH-Prof. Mag. DI Peter Hofer<\/a>, <a href=\"https:\/\/www.linkedin.com\/in\/albert-mayr-5a288893\/\">FH-Prof. Mag. Dr. Albert Mayr<\/a> und <a href=\"https:\/\/www.linkedin.com\/in\/sara-maria-oberleitner\/?locale=de_DE\">Sara Oberleitner<\/a> von der Fachhochschule Ober\u00f6sterreich mit ihrem Beitrag &#171;Erfolgsfaktoren f\u00fcr die didaktische Gestaltung eines Fallbeispiels f\u00fcr SAP S\/4 HANA FI\/CO&#187;.<\/p>\n\n\n\n<p>Insgesamt wurden 38 hochwertige Beitr\u00e4ge aus verschiedenen Themenbereichen pr\u00e4sentiert, und die CARF-Konferenz bewies erneut ihre Bedeutung als Plattform f\u00fcr den Wissensaustausch und die Vernetzung von Fachleuten im deutschsprachigen Raum. Die famili\u00e4re Atmosph\u00e4re der Konferenz, die durch wertvolle Diskussionen, konstruktive Feedbackgespr\u00e4che und Networking-M\u00f6glichkeiten gepr\u00e4gt ist, wird von den Teilnehmenden als einer der Hauptgr\u00fcnde f\u00fcr den Erfolg der CARF-Konferenz genannt.<\/p>\n\n\n\n<p>Wir freuen uns bereits auf ein Wiedersehen und die Einreichung vieler interessanter Beitr\u00e4ge bei der CARF 2024. Wir freuen uns bereits auf viele Teilnehmende an dem 10-Jahres-Jubil\u00e4um der <a href=\"http:\/\/hslu.ch\/de-ch\/wirtschaft\/agenda\/veranstaltungen\/2024\/09\/12\/carf-luzern\/\">CARF-Konferenz am 12. und 13. September 2024<\/a>.<\/p>\n\n\n\n<div style=\"height:20px\" aria-hidden=\"true\" class=\"wp-block-spacer\"><\/div>\n\n\n\n<div class=\"wp-block-buttons is-content-justification-center is-layout-flex wp-container-core-buttons-is-layout-16018d1d wp-block-buttons-is-layout-flex\">\n<div class=\"wp-block-button has-custom-width wp-block-button__width-50\"><a class=\"wp-block-button__link has-background wp-element-button\" href=\"https:\/\/www.hslu.ch\/de-ch\/wirtschaft\/forschung\/konferenzen\/carf-luzern\/rueckblick-carf-luzern-konferenzen\/\" style=\"background:linear-gradient(90deg,rgb(119,197,216) 0%,rgb(119,197,216) 100%)\">R\u00fcckblick CARF 2023<\/a><\/div>\n<\/div>\n","protected":false},"excerpt":{"rendered":"<p>Die CARF hat sich in den letzten Jahren zu einer festen Gr\u00f6\u00dfe im Kalender von Forschenden, Dozierenden und wissenschaftlichen Mitarbeitenden im Bereich Controlling, Accounting &amp; Audit, Risk &amp; Compliance sowie Finanzen entwickelt. Auch in diesem Jahr fand die Konferenz am 7. und 8. September in der Stadt Luzern statt und brachte rund 60 Teilnehmende aus der Schweiz, Deutschland und \u00d6sterreich zusammen.<\/p>\n","protected":false},"author":236,"featured_media":6894,"comment_status":"closed","ping_status":"closed","sticky":false,"template":"","format":"standard","meta":{"_acf_changed":false,"inline_featured_image":false,"_relevanssi_hide_post":"","_relevanssi_hide_content":"","_relevanssi_pin_for_all":"","_relevanssi_pin_keywords":"","_relevanssi_unpin_keywords":"","_relevanssi_related_keywords":"","_relevanssi_related_include_ids":"","_relevanssi_related_exclude_ids":"","_relevanssi_related_no_append":"","_relevanssi_related_not_related":"","_relevanssi_related_posts":"2837,8567,3753,5117,3515,4440","_relevanssi_noindex_reason":"","ngg_post_thumbnail":0,"footnotes":"","_links_to":"","_links_to_target":""},"categories":[94436,723],"tags":[3825,67358,67432,3797,404],"class_list":["post-9197","post","type-post","status-publish","format-standard","has-post-thumbnail","hentry","category-carf-luzern","category-veranstaltungen","tag-accounting","tag-carf","tag-controlling","tag-finance","tag-risk-management"],"acf":[],"yoast_head":"<!-- This site is optimized with the Yoast SEO plugin v27.5 - https:\/\/yoast.com\/product\/yoast-seo-wordpress\/ -->\n<title>R\u00fcckblick auf die CARF 2023 in Luzern: Die Plattform f\u00fcr Wissensaustausch und Vernetzung - Financial Management Blog<\/title>\n<meta name=\"description\" content=\"Die CARF hat sich in den letzten Jahren zu einer festen Gr\u00f6\u00dfe im Kalender von Forschenden, Dozierenden und wissenschaftlichen Mitarbeitenden im Bereich Controlling, Accounting &amp; Audit, Risk &amp; Compliance sowie Finanzen entwickelt. Auch in diesem Jahr fand die Konferenz am 7. und 8. September in der Stadt Luzern statt und brachte rund 60 Teilnehmende aus der Schweiz, Deutschland und \u00d6sterreich zusammen.\" \/>\n<meta name=\"robots\" content=\"index, follow, max-snippet:-1, max-image-preview:large, max-video-preview:-1\" \/>\n<link rel=\"canonical\" href=\"https:\/\/hub.hslu.ch\/financialmanagement\/2023\/10\/20\/rueckblick-auf-die-carf-2023-in-luzern-die-plattform-fuer-wissensaustausch-und-vernetzung\/\" \/>\n<meta property=\"og:locale\" content=\"de_DE\" \/>\n<meta property=\"og:type\" content=\"article\" \/>\n<meta property=\"og:title\" content=\"R\u00fcckblick auf die CARF 2023 in Luzern: Die Plattform f\u00fcr Wissensaustausch und Vernetzung - Financial Management Blog\" \/>\n<meta property=\"og:description\" content=\"Die CARF hat sich in den letzten Jahren zu einer festen Gr\u00f6\u00dfe im Kalender von Forschenden, Dozierenden und wissenschaftlichen Mitarbeitenden im Bereich Controlling, Accounting &amp; Audit, Risk &amp; Compliance sowie Finanzen entwickelt. Auch in diesem Jahr fand die Konferenz am 7. und 8. September in der Stadt Luzern statt und brachte rund 60 Teilnehmende aus der Schweiz, Deutschland und \u00d6sterreich zusammen.\" \/>\n<meta property=\"og:url\" content=\"https:\/\/hub.hslu.ch\/financialmanagement\/2023\/10\/20\/rueckblick-auf-die-carf-2023-in-luzern-die-plattform-fuer-wissensaustausch-und-vernetzung\/\" \/>\n<meta property=\"og:site_name\" content=\"Financial Management Blog\" \/>\n<meta property=\"article:published_time\" content=\"2023-10-20T07:55:00+00:00\" \/>\n<meta property=\"article:modified_time\" content=\"2026-02-11T13:53:50+00:00\" \/>\n<meta property=\"og:image\" content=\"https:\/\/hub.hslu.ch\/financialmanagement\/wp-content\/blogs.dir\/488\/files\/sites\/16\/2020\/09\/CARF_luzern_2009_mdb_027.jpg\" \/>\n\t<meta property=\"og:image:width\" content=\"1181\" \/>\n\t<meta property=\"og:image:height\" content=\"785\" \/>\n\t<meta property=\"og:image:type\" content=\"image\/jpeg\" \/>\n<meta name=\"author\" content=\"melanielisafuerch\" \/>\n<meta name=\"twitter:card\" content=\"summary_large_image\" \/>\n<meta name=\"twitter:label1\" content=\"Geschrieben von\" \/>\n\t<meta name=\"twitter:data1\" content=\"melanielisafuerch\" \/>\n\t<meta name=\"twitter:label2\" content=\"Gesch\u00e4tzte Lesezeit\" \/>\n\t<meta name=\"twitter:data2\" content=\"3\u00a0Minuten\" \/>\n<script type=\"application\/ld+json\" class=\"yoast-schema-graph\">{\"@context\":\"https:\\\/\\\/schema.org\",\"@graph\":[{\"@type\":\"Article\",\"@id\":\"https:\\\/\\\/hub.hslu.ch\\\/financialmanagement\\\/2023\\\/10\\\/20\\\/rueckblick-auf-die-carf-2023-in-luzern-die-plattform-fuer-wissensaustausch-und-vernetzung\\\/#article\",\"isPartOf\":{\"@id\":\"https:\\\/\\\/hub.hslu.ch\\\/financialmanagement\\\/2023\\\/10\\\/20\\\/rueckblick-auf-die-carf-2023-in-luzern-die-plattform-fuer-wissensaustausch-und-vernetzung\\\/\"},\"author\":{\"name\":\"melanielisafuerch\",\"@id\":\"https:\\\/\\\/hub.hslu.ch\\\/financialmanagement\\\/#\\\/schema\\\/person\\\/37830b930c7191bcaf93c2a45521ee16\"},\"headline\":\"R\u00fcckblick auf die CARF 2023 in Luzern: Die Plattform f\u00fcr Wissensaustausch und Vernetzung\",\"datePublished\":\"2023-10-20T07:55:00+00:00\",\"dateModified\":\"2026-02-11T13:53:50+00:00\",\"mainEntityOfPage\":{\"@id\":\"https:\\\/\\\/hub.hslu.ch\\\/financialmanagement\\\/2023\\\/10\\\/20\\\/rueckblick-auf-die-carf-2023-in-luzern-die-plattform-fuer-wissensaustausch-und-vernetzung\\\/\"},\"wordCount\":468,\"image\":{\"@id\":\"https:\\\/\\\/hub.hslu.ch\\\/financialmanagement\\\/2023\\\/10\\\/20\\\/rueckblick-auf-die-carf-2023-in-luzern-die-plattform-fuer-wissensaustausch-und-vernetzung\\\/#primaryimage\"},\"thumbnailUrl\":\"https:\\\/\\\/hub.hslu.ch\\\/financialmanagement\\\/wp-content\\\/blogs.dir\\\/488\\\/files\\\/sites\\\/16\\\/2020\\\/09\\\/CARF_luzern_2009_mdb_027.jpg\",\"keywords\":[\"Accounting\",\"CARF\",\"Controlling\",\"Finance\",\"Risk Management\"],\"articleSection\":[\"CARF Luzern\",\"Veranstaltungen\"],\"inLanguage\":\"de-CH\"},{\"@type\":\"WebPage\",\"@id\":\"https:\\\/\\\/hub.hslu.ch\\\/financialmanagement\\\/2023\\\/10\\\/20\\\/rueckblick-auf-die-carf-2023-in-luzern-die-plattform-fuer-wissensaustausch-und-vernetzung\\\/\",\"url\":\"https:\\\/\\\/hub.hslu.ch\\\/financialmanagement\\\/2023\\\/10\\\/20\\\/rueckblick-auf-die-carf-2023-in-luzern-die-plattform-fuer-wissensaustausch-und-vernetzung\\\/\",\"name\":\"R\u00fcckblick auf die CARF 2023 in Luzern: Die Plattform f\u00fcr Wissensaustausch und Vernetzung - Financial Management Blog\",\"isPartOf\":{\"@id\":\"https:\\\/\\\/hub.hslu.ch\\\/financialmanagement\\\/#website\"},\"primaryImageOfPage\":{\"@id\":\"https:\\\/\\\/hub.hslu.ch\\\/financialmanagement\\\/2023\\\/10\\\/20\\\/rueckblick-auf-die-carf-2023-in-luzern-die-plattform-fuer-wissensaustausch-und-vernetzung\\\/#primaryimage\"},\"image\":{\"@id\":\"https:\\\/\\\/hub.hslu.ch\\\/financialmanagement\\\/2023\\\/10\\\/20\\\/rueckblick-auf-die-carf-2023-in-luzern-die-plattform-fuer-wissensaustausch-und-vernetzung\\\/#primaryimage\"},\"thumbnailUrl\":\"https:\\\/\\\/hub.hslu.ch\\\/financialmanagement\\\/wp-content\\\/blogs.dir\\\/488\\\/files\\\/sites\\\/16\\\/2020\\\/09\\\/CARF_luzern_2009_mdb_027.jpg\",\"datePublished\":\"2023-10-20T07:55:00+00:00\",\"dateModified\":\"2026-02-11T13:53:50+00:00\",\"author\":{\"@id\":\"https:\\\/\\\/hub.hslu.ch\\\/financialmanagement\\\/#\\\/schema\\\/person\\\/37830b930c7191bcaf93c2a45521ee16\"},\"description\":\"Die CARF hat sich in den letzten Jahren zu einer festen Gr\u00f6\u00dfe im Kalender von Forschenden, Dozierenden und wissenschaftlichen Mitarbeitenden im Bereich Controlling, Accounting &amp; Audit, Risk &amp; Compliance sowie Finanzen entwickelt. Auch in diesem Jahr fand die Konferenz am 7. und 8. September in der Stadt Luzern statt und brachte rund 60 Teilnehmende aus der Schweiz, Deutschland und \u00d6sterreich zusammen.\",\"breadcrumb\":{\"@id\":\"https:\\\/\\\/hub.hslu.ch\\\/financialmanagement\\\/2023\\\/10\\\/20\\\/rueckblick-auf-die-carf-2023-in-luzern-die-plattform-fuer-wissensaustausch-und-vernetzung\\\/#breadcrumb\"},\"inLanguage\":\"de-CH\",\"potentialAction\":[{\"@type\":\"ReadAction\",\"target\":[\"https:\\\/\\\/hub.hslu.ch\\\/financialmanagement\\\/2023\\\/10\\\/20\\\/rueckblick-auf-die-carf-2023-in-luzern-die-plattform-fuer-wissensaustausch-und-vernetzung\\\/\"]}]},{\"@type\":\"ImageObject\",\"inLanguage\":\"de-CH\",\"@id\":\"https:\\\/\\\/hub.hslu.ch\\\/financialmanagement\\\/2023\\\/10\\\/20\\\/rueckblick-auf-die-carf-2023-in-luzern-die-plattform-fuer-wissensaustausch-und-vernetzung\\\/#primaryimage\",\"url\":\"https:\\\/\\\/hub.hslu.ch\\\/financialmanagement\\\/wp-content\\\/blogs.dir\\\/488\\\/files\\\/sites\\\/16\\\/2020\\\/09\\\/CARF_luzern_2009_mdb_027.jpg\",\"contentUrl\":\"https:\\\/\\\/hub.hslu.ch\\\/financialmanagement\\\/wp-content\\\/blogs.dir\\\/488\\\/files\\\/sites\\\/16\\\/2020\\\/09\\\/CARF_luzern_2009_mdb_027.jpg\",\"width\":1181,\"height\":785},{\"@type\":\"BreadcrumbList\",\"@id\":\"https:\\\/\\\/hub.hslu.ch\\\/financialmanagement\\\/2023\\\/10\\\/20\\\/rueckblick-auf-die-carf-2023-in-luzern-die-plattform-fuer-wissensaustausch-und-vernetzung\\\/#breadcrumb\",\"itemListElement\":[{\"@type\":\"ListItem\",\"position\":1,\"name\":\"Home\",\"item\":\"https:\\\/\\\/hub.hslu.ch\\\/financialmanagement\\\/\"},{\"@type\":\"ListItem\",\"position\":2,\"name\":\"R\u00fcckblick auf die CARF 2023 in Luzern: Die Plattform f\u00fcr Wissensaustausch und Vernetzung\"}]},{\"@type\":\"WebSite\",\"@id\":\"https:\\\/\\\/hub.hslu.ch\\\/financialmanagement\\\/#website\",\"url\":\"https:\\\/\\\/hub.hslu.ch\\\/financialmanagement\\\/\",\"name\":\"Financial Management Blog\",\"description\":\"Controlling, Accounting, Risk &amp; Corporate Finance am Institut f\u00fcr Finanzdienstleistungen Zug IFZ\",\"potentialAction\":[{\"@type\":\"SearchAction\",\"target\":{\"@type\":\"EntryPoint\",\"urlTemplate\":\"https:\\\/\\\/hub.hslu.ch\\\/financialmanagement\\\/?s={search_term_string}\"},\"query-input\":{\"@type\":\"PropertyValueSpecification\",\"valueRequired\":true,\"valueName\":\"search_term_string\"}}],\"inLanguage\":\"de-CH\"},{\"@type\":\"Person\",\"@id\":\"https:\\\/\\\/hub.hslu.ch\\\/financialmanagement\\\/#\\\/schema\\\/person\\\/37830b930c7191bcaf93c2a45521ee16\",\"name\":\"melanielisafuerch\"}]}<\/script>\n<!-- \/ Yoast SEO plugin. -->","yoast_head_json":{"title":"R\u00fcckblick auf die CARF 2023 in Luzern: Die Plattform f\u00fcr Wissensaustausch und Vernetzung - Financial Management Blog","description":"Die CARF hat sich in den letzten Jahren zu einer festen Gr\u00f6\u00dfe im Kalender von Forschenden, Dozierenden und wissenschaftlichen Mitarbeitenden im Bereich Controlling, Accounting &amp; Audit, Risk &amp; Compliance sowie Finanzen entwickelt. Auch in diesem Jahr fand die Konferenz am 7. und 8. September in der Stadt Luzern statt und brachte rund 60 Teilnehmende aus der Schweiz, Deutschland und \u00d6sterreich zusammen.","robots":{"index":"index","follow":"follow","max-snippet":"max-snippet:-1","max-image-preview":"max-image-preview:large","max-video-preview":"max-video-preview:-1"},"canonical":"https:\/\/hub.hslu.ch\/financialmanagement\/2023\/10\/20\/rueckblick-auf-die-carf-2023-in-luzern-die-plattform-fuer-wissensaustausch-und-vernetzung\/","og_locale":"de_DE","og_type":"article","og_title":"R\u00fcckblick auf die CARF 2023 in Luzern: Die Plattform f\u00fcr Wissensaustausch und Vernetzung - Financial Management Blog","og_description":"Die CARF hat sich in den letzten Jahren zu einer festen Gr\u00f6\u00dfe im Kalender von Forschenden, Dozierenden und wissenschaftlichen Mitarbeitenden im Bereich Controlling, Accounting &amp; Audit, Risk &amp; Compliance sowie Finanzen entwickelt. Auch in diesem Jahr fand die Konferenz am 7. und 8. September in der Stadt Luzern statt und brachte rund 60 Teilnehmende aus der Schweiz, Deutschland und \u00d6sterreich zusammen.","og_url":"https:\/\/hub.hslu.ch\/financialmanagement\/2023\/10\/20\/rueckblick-auf-die-carf-2023-in-luzern-die-plattform-fuer-wissensaustausch-und-vernetzung\/","og_site_name":"Financial Management Blog","article_published_time":"2023-10-20T07:55:00+00:00","article_modified_time":"2026-02-11T13:53:50+00:00","og_image":[{"width":1181,"height":785,"url":"https:\/\/hub.hslu.ch\/financialmanagement\/wp-content\/blogs.dir\/488\/files\/sites\/16\/2020\/09\/CARF_luzern_2009_mdb_027.jpg","type":"image\/jpeg"}],"author":"melanielisafuerch","twitter_card":"summary_large_image","twitter_misc":{"Geschrieben von":"melanielisafuerch","Gesch\u00e4tzte Lesezeit":"3\u00a0Minuten"},"schema":{"@context":"https:\/\/schema.org","@graph":[{"@type":"Article","@id":"https:\/\/hub.hslu.ch\/financialmanagement\/2023\/10\/20\/rueckblick-auf-die-carf-2023-in-luzern-die-plattform-fuer-wissensaustausch-und-vernetzung\/#article","isPartOf":{"@id":"https:\/\/hub.hslu.ch\/financialmanagement\/2023\/10\/20\/rueckblick-auf-die-carf-2023-in-luzern-die-plattform-fuer-wissensaustausch-und-vernetzung\/"},"author":{"name":"melanielisafuerch","@id":"https:\/\/hub.hslu.ch\/financialmanagement\/#\/schema\/person\/37830b930c7191bcaf93c2a45521ee16"},"headline":"R\u00fcckblick auf die CARF 2023 in Luzern: Die Plattform f\u00fcr Wissensaustausch und Vernetzung","datePublished":"2023-10-20T07:55:00+00:00","dateModified":"2026-02-11T13:53:50+00:00","mainEntityOfPage":{"@id":"https:\/\/hub.hslu.ch\/financialmanagement\/2023\/10\/20\/rueckblick-auf-die-carf-2023-in-luzern-die-plattform-fuer-wissensaustausch-und-vernetzung\/"},"wordCount":468,"image":{"@id":"https:\/\/hub.hslu.ch\/financialmanagement\/2023\/10\/20\/rueckblick-auf-die-carf-2023-in-luzern-die-plattform-fuer-wissensaustausch-und-vernetzung\/#primaryimage"},"thumbnailUrl":"https:\/\/hub.hslu.ch\/financialmanagement\/wp-content\/blogs.dir\/488\/files\/sites\/16\/2020\/09\/CARF_luzern_2009_mdb_027.jpg","keywords":["Accounting","CARF","Controlling","Finance","Risk Management"],"articleSection":["CARF Luzern","Veranstaltungen"],"inLanguage":"de-CH"},{"@type":"WebPage","@id":"https:\/\/hub.hslu.ch\/financialmanagement\/2023\/10\/20\/rueckblick-auf-die-carf-2023-in-luzern-die-plattform-fuer-wissensaustausch-und-vernetzung\/","url":"https:\/\/hub.hslu.ch\/financialmanagement\/2023\/10\/20\/rueckblick-auf-die-carf-2023-in-luzern-die-plattform-fuer-wissensaustausch-und-vernetzung\/","name":"R\u00fcckblick auf die CARF 2023 in Luzern: Die Plattform f\u00fcr Wissensaustausch und Vernetzung - Financial Management Blog","isPartOf":{"@id":"https:\/\/hub.hslu.ch\/financialmanagement\/#website"},"primaryImageOfPage":{"@id":"https:\/\/hub.hslu.ch\/financialmanagement\/2023\/10\/20\/rueckblick-auf-die-carf-2023-in-luzern-die-plattform-fuer-wissensaustausch-und-vernetzung\/#primaryimage"},"image":{"@id":"https:\/\/hub.hslu.ch\/financialmanagement\/2023\/10\/20\/rueckblick-auf-die-carf-2023-in-luzern-die-plattform-fuer-wissensaustausch-und-vernetzung\/#primaryimage"},"thumbnailUrl":"https:\/\/hub.hslu.ch\/financialmanagement\/wp-content\/blogs.dir\/488\/files\/sites\/16\/2020\/09\/CARF_luzern_2009_mdb_027.jpg","datePublished":"2023-10-20T07:55:00+00:00","dateModified":"2026-02-11T13:53:50+00:00","author":{"@id":"https:\/\/hub.hslu.ch\/financialmanagement\/#\/schema\/person\/37830b930c7191bcaf93c2a45521ee16"},"description":"Die CARF hat sich in den letzten Jahren zu einer festen Gr\u00f6\u00dfe im Kalender von Forschenden, Dozierenden und wissenschaftlichen Mitarbeitenden im Bereich Controlling, Accounting &amp; Audit, Risk &amp; Compliance sowie Finanzen entwickelt. Auch in diesem Jahr fand die Konferenz am 7. und 8. September in der Stadt Luzern statt und brachte rund 60 Teilnehmende aus der Schweiz, Deutschland und \u00d6sterreich zusammen.","breadcrumb":{"@id":"https:\/\/hub.hslu.ch\/financialmanagement\/2023\/10\/20\/rueckblick-auf-die-carf-2023-in-luzern-die-plattform-fuer-wissensaustausch-und-vernetzung\/#breadcrumb"},"inLanguage":"de-CH","potentialAction":[{"@type":"ReadAction","target":["https:\/\/hub.hslu.ch\/financialmanagement\/2023\/10\/20\/rueckblick-auf-die-carf-2023-in-luzern-die-plattform-fuer-wissensaustausch-und-vernetzung\/"]}]},{"@type":"ImageObject","inLanguage":"de-CH","@id":"https:\/\/hub.hslu.ch\/financialmanagement\/2023\/10\/20\/rueckblick-auf-die-carf-2023-in-luzern-die-plattform-fuer-wissensaustausch-und-vernetzung\/#primaryimage","url":"https:\/\/hub.hslu.ch\/financialmanagement\/wp-content\/blogs.dir\/488\/files\/sites\/16\/2020\/09\/CARF_luzern_2009_mdb_027.jpg","contentUrl":"https:\/\/hub.hslu.ch\/financialmanagement\/wp-content\/blogs.dir\/488\/files\/sites\/16\/2020\/09\/CARF_luzern_2009_mdb_027.jpg","width":1181,"height":785},{"@type":"BreadcrumbList","@id":"https:\/\/hub.hslu.ch\/financialmanagement\/2023\/10\/20\/rueckblick-auf-die-carf-2023-in-luzern-die-plattform-fuer-wissensaustausch-und-vernetzung\/#breadcrumb","itemListElement":[{"@type":"ListItem","position":1,"name":"Home","item":"https:\/\/hub.hslu.ch\/financialmanagement\/"},{"@type":"ListItem","position":2,"name":"R\u00fcckblick auf die CARF 2023 in Luzern: Die Plattform f\u00fcr Wissensaustausch und Vernetzung"}]},{"@type":"WebSite","@id":"https:\/\/hub.hslu.ch\/financialmanagement\/#website","url":"https:\/\/hub.hslu.ch\/financialmanagement\/","name":"Financial Management Blog","description":"Controlling, Accounting, Risk &amp; Corporate Finance am Institut f\u00fcr Finanzdienstleistungen Zug IFZ","potentialAction":[{"@type":"SearchAction","target":{"@type":"EntryPoint","urlTemplate":"https:\/\/hub.hslu.ch\/financialmanagement\/?s={search_term_string}"},"query-input":{"@type":"PropertyValueSpecification","valueRequired":true,"valueName":"search_term_string"}}],"inLanguage":"de-CH"},{"@type":"Person","@id":"https:\/\/hub.hslu.ch\/financialmanagement\/#\/schema\/person\/37830b930c7191bcaf93c2a45521ee16","name":"melanielisafuerch"}]}},"featured_image_src":"https:\/\/hub.hslu.ch\/financialmanagement\/wp-content\/blogs.dir\/488\/files\/sites\/16\/2020\/09\/CARF_luzern_2009_mdb_027.jpg","featured_image_src_square":"https:\/\/hub.hslu.ch\/financialmanagement\/wp-content\/blogs.dir\/488\/files\/sites\/16\/2020\/09\/CARF_luzern_2009_mdb_027.jpg","author_info":{"display_name":"melanielisafuerch","author_link":"https:\/\/hub.hslu.ch\/financialmanagement\/author\/melanielisafuerch\/"},"_links":{"self":[{"href":"https:\/\/hub.hslu.ch\/financialmanagement\/wp-json\/wp\/v2\/posts\/9197","targetHints":{"allow":["GET"]}}],"collection":[{"href":"https:\/\/hub.hslu.ch\/financialmanagement\/wp-json\/wp\/v2\/posts"}],"about":[{"href":"https:\/\/hub.hslu.ch\/financialmanagement\/wp-json\/wp\/v2\/types\/post"}],"author":[{"embeddable":true,"href":"https:\/\/hub.hslu.ch\/financialmanagement\/wp-json\/wp\/v2\/users\/236"}],"replies":[{"embeddable":true,"href":"https:\/\/hub.hslu.ch\/financialmanagement\/wp-json\/wp\/v2\/comments?post=9197"}],"version-history":[{"count":7,"href":"https:\/\/hub.hslu.ch\/financialmanagement\/wp-json\/wp\/v2\/posts\/9197\/revisions"}],"predecessor-version":[{"id":12154,"href":"https:\/\/hub.hslu.ch\/financialmanagement\/wp-json\/wp\/v2\/posts\/9197\/revisions\/12154"}],"wp:featuredmedia":[{"embeddable":true,"href":"https:\/\/hub.hslu.ch\/financialmanagement\/wp-json\/wp\/v2\/media\/6894"}],"wp:attachment":[{"href":"https:\/\/hub.hslu.ch\/financialmanagement\/wp-json\/wp\/v2\/media?parent=9197"}],"wp:term":[{"taxonomy":"category","embeddable":true,"href":"https:\/\/hub.hslu.ch\/financialmanagement\/wp-json\/wp\/v2\/categories?post=9197"},{"taxonomy":"post_tag","embeddable":true,"href":"https:\/\/hub.hslu.ch\/financialmanagement\/wp-json\/wp\/v2\/tags?post=9197"}],"curies":[{"name":"wp","href":"https:\/\/api.w.org\/{rel}","templated":true}]}}