{"id":9500,"date":"2024-04-17T13:30:00","date_gmt":"2024-04-17T11:30:00","guid":{"rendered":"https:\/\/hub.hslu.ch\/financialmanagement\/?p=9500"},"modified":"2026-02-11T14:53:51","modified_gmt":"2026-02-11T13:53:51","slug":"mobilitaet-und-nachhaltigkeit-ein-roadtrip-zur-amag-group","status":"publish","type":"post","link":"https:\/\/hub.hslu.ch\/financialmanagement\/2024\/04\/17\/mobilitaet-und-nachhaltigkeit-ein-roadtrip-zur-amag-group\/","title":{"rendered":"Mobilit\u00e4t und Nachhaltigkeit \u2013 ein \u00abRoadtrip\u00bb zur AMAG Group"},"content":{"rendered":"\n<p>Von <a href=\"https:\/\/www.hslu.ch\/de-ch\/hochschule-luzern\/ueber-uns\/personensuche\/profile\/?pid=5899\" target=\"_blank\" rel=\"noreferrer noopener\">Jonas Miesner<\/a><\/p>\n\n\n\n\n\n<p><a href=\"https:\/\/www.linkedin.com\/in\/ina-walthert-kaufmann\/?originalSubdomain=ch\" target=\"_blank\" rel=\"noreferrer noopener\">Dr. Ina Maria Walthert<\/a> ist Head of Group Sustainability bei der AMAG Group. Im Rahmen ihres Vortrages w\u00e4hrend der <a href=\"https:\/\/www.hslu.ch\/de-ch\/wirtschaft\/agenda\/veranstaltungen\/2024\/06\/05\/esg-reporting-konferenz\/\" target=\"_blank\" rel=\"noreferrer noopener\">IFZ Reporting Konferenz<\/a> sowie w\u00e4hrend einer Paneldiskussion wird sie am 05. Juni 2024 darauf eingehen, wie eine erfolgreiche Transformation gelingen kann.<\/p>\n\n\n\n<figure class=\"wp-block-image size-full is-resized\"><img loading=\"lazy\" decoding=\"async\" width=\"1536\" height=\"2048\" src=\"https:\/\/hub.hslu.ch\/financialmanagement\/wp-content\/blogs.dir\/488\/files\/sites\/16\/2024\/04\/AMAG_Nachhaltigkeitsbericht_Ina_Walthert.jpg\" alt=\"\" class=\"wp-image-9526\" style=\"width:603px;height:auto\" srcset=\"https:\/\/hub.hslu.ch\/financialmanagement\/wp-content\/blogs.dir\/488\/files\/sites\/16\/2024\/04\/AMAG_Nachhaltigkeitsbericht_Ina_Walthert.jpg 1536w, https:\/\/hub.hslu.ch\/financialmanagement\/wp-content\/blogs.dir\/488\/files\/sites\/16\/2024\/04\/AMAG_Nachhaltigkeitsbericht_Ina_Walthert-225x300.jpg 225w, https:\/\/hub.hslu.ch\/financialmanagement\/wp-content\/blogs.dir\/488\/files\/sites\/16\/2024\/04\/AMAG_Nachhaltigkeitsbericht_Ina_Walthert-1125x1500.jpg 1125w, https:\/\/hub.hslu.ch\/financialmanagement\/wp-content\/blogs.dir\/488\/files\/sites\/16\/2024\/04\/AMAG_Nachhaltigkeitsbericht_Ina_Walthert-124x165.jpg 124w, https:\/\/hub.hslu.ch\/financialmanagement\/wp-content\/blogs.dir\/488\/files\/sites\/16\/2024\/04\/AMAG_Nachhaltigkeitsbericht_Ina_Walthert-768x1024.jpg 768w, https:\/\/hub.hslu.ch\/financialmanagement\/wp-content\/blogs.dir\/488\/files\/sites\/16\/2024\/04\/AMAG_Nachhaltigkeitsbericht_Ina_Walthert-1152x1536.jpg 1152w, https:\/\/hub.hslu.ch\/financialmanagement\/wp-content\/blogs.dir\/488\/files\/sites\/16\/2024\/04\/AMAG_Nachhaltigkeitsbericht_Ina_Walthert-390x520.jpg 390w, https:\/\/hub.hslu.ch\/financialmanagement\/wp-content\/blogs.dir\/488\/files\/sites\/16\/2024\/04\/AMAG_Nachhaltigkeitsbericht_Ina_Walthert-524x698.jpg 524w, https:\/\/hub.hslu.ch\/financialmanagement\/wp-content\/blogs.dir\/488\/files\/sites\/16\/2024\/04\/AMAG_Nachhaltigkeitsbericht_Ina_Walthert-600x800.jpg 600w\" sizes=\"auto, (max-width: 1536px) 100vw, 1536px\" \/><figcaption class=\"wp-element-caption\">Dr. Ina Maria Walthert ist Head of Group Sustainability bei der AMAG Group<\/figcaption><\/figure>\n\n\n\n<h2 class=\"wp-block-heading\"><strong>Bereitschaft, Verantwortung zu \u00fcbernehmen<\/strong><\/h2>\n\n\n\n<p>Nachhaltigkeit ist ein facettenreiches Thema, welches im Kern die verantwortungsvolle Einstellung im Umgang mit Menschen und der Umwelt umschliesst. Bedingt durch Produkte, Unternehmen oder Branche bedarf es der Fokussierung unterschiedlicher Schwerpunkte und Herangehensweisen. Demnach sehen sich Unternehmen einem Wandel ausgesetzt, der von einem aktiven Austausch mit verschiedenen Stakeholdern lebt.<\/p>\n\n\n\n<blockquote class=\"wp-block-quote is-layout-flow wp-block-quote-is-layout-flow\">\n<p>aktive Verantwortungs\u00fcbernahme in Bereichen, in denen wir etwas Positives bewirken k\u00f6nnen<\/p>\n<\/blockquote>\n\n\n\n<p>F\u00fcr die AMAG bedeutet Nachhaltigkeit, aktiv Verantwortung in Bereichen zu \u00fcbernehmen, in denen sie einen positiven Beitrag bewirken kann, der \u00fcber die Unternehmensgrenzen hinausgeht. Im Vordergrund steht daher der Ausbau einer erneuerbaren Mobilit\u00e4t. Dazu investiert die AMAG in den Ausbau von Photovoltaik und der \u00f6ffentlichen Ladeinfrastruktur genauso wie in die Entwicklung neuer Mobilit\u00e4tsangebote in den Bereichen Sharing, Rent und Abo. Durch die Elektrifizierung der Mobilit\u00e4t und den Ausbau von erneuerbarer Energie, werden CO2-Emissionen eingespart und die Infrastruktur zur E-Mobilit\u00e4t in der Schweiz wird weiter ausgebaut. Auf diese Weise kann die AMAG ihr Ziel verfolgen, wirtschaftlich erfolgreich zu sein und als zuverl\u00e4ssiger Arbeitgeber in Aus- und Weiterbildung zu investieren. Diesen Weg wird die AMAG auch in Zukunft weiterverfolgen.<\/p>\n\n\n\n<h2 class=\"wp-block-heading\"><strong>Verst\u00e4ndnis um Nachhaltigkeitswerte schaffen<\/strong><\/h2>\n\n\n\n<p>F\u00fcr einen nachhaltigen Wandel ist das Verst\u00e4ndnis dar\u00fcber wichtig, was sich \u00e4ndern muss und wo es sich lohnt, anzupacken. Die zunehmende Offenlegung von Informationen durch Unternehmen tr\u00e4gt dazu bei, der Gesellschaft die Bedeutung von Nachhaltigkeitsaspekten zu vermitteln. Dieses Wissen ist zur Beurteilung und zum Vergleich hilfreich. Ein grosser Teil der Gesellschaft macht davon auch bereits Gebrauch und zieht die Nachhaltigkeitsperformance von Unternehmen bei ihren Entscheidungen in Betracht. Durch die Offenlegung von Nachhaltigkeitsinformationen wird somit Transparenz f\u00fcr beide Seiten geschaffen. <\/p>\n\n\n\n<p>Mit dieser Transparenz gehen aber auch Verpflichtungen f\u00fcr Unternehmen einher, was eine zielf\u00fchrende M\u00f6glichkeit ist, Verantwortung auf diese zu \u00fcbertragen. Gleichermassen zu beachten ist, dass Unternehmen dazu oft in Vorleistung gehen m\u00fcssen, wenn es beispielsweise um die Umsetzung neuer regulatorischer Anforderungen geht. Dabei sind auch Unternehmen betroffen, die unabh\u00e4ngig von regulatorischen Anforderungen schon aktiv zu einer nachhaltigen Entwicklung beitragen.<\/p>\n\n\n\n<h2 class=\"wp-block-heading\"><strong>Die Methodenreife ist noch sehr im Fluss<\/strong><\/h2>\n\n\n\n<p>Die Herausforderung in der Berichterstattung liegt in der Quantit\u00e4t und Qualit\u00e4t der Standardisierung. Mittlerweile existieren zu viele Standards, die zu einer Berichterstattung herangezogen werden k\u00f6nnen. Gleichzeitig ist die Methodensch\u00e4rfe zur Erhebung und Auswertung der Daten h\u00e4ufig nur ungenau definiert. Das kann zur Folge haben, sich im Reporting zu verlieren, wo doch die \u00abAction\u00bb im Vordergrund stehen sollte.<\/p>\n\n\n\n<blockquote class=\"wp-block-quote is-layout-flow wp-block-quote-is-layout-flow\">\n<p>Wir verlieren uns im Daten sammeln, anstatt Aktionspl\u00e4ne voranzubringen.<\/p>\n<\/blockquote>\n\n\n\n<p>Diskutieren Sie mit Frau Dr. Walthert w\u00e4hrend der <a href=\"https:\/\/www.hslu.ch\/de-ch\/wirtschaft\/agenda\/veranstaltungen\/2024\/06\/05\/esg-reporting-konferenz\/\" target=\"_blank\" rel=\"noreferrer noopener\">IFZ ESG-Reporting Konferenz<\/a> \u00fcber die Auswirkungen der Nachhaltigkeitsberichterstattung sowie praktische L\u00f6sungsm\u00f6glichkeiten. Wir freuen uns, Dr. Ina Maria Walthert auf der Konferenz begr\u00fcssen zu d\u00fcrfen.<\/p>\n\n\n\n<div class=\"wp-block-columns alignwide is-layout-flex wp-container-core-columns-is-layout-829b1d53 wp-block-columns-is-layout-flex\" style=\"margin-bottom:0\">\n<div class=\"wp-block-column has-text-color has-background has-link-color wp-elements-c264e189ea8d64f238cd603dfa2363cb is-layout-flow wp-block-column-is-layout-flow\" style=\"color:#000000;background:linear-gradient(135deg,rgb(119,197,216) 0%,rgb(119,197,216) 100%);padding-top:2em;padding-right:2em;padding-bottom:2em;padding-left:2em\">\n<h2 class=\"wp-block-heading\" id=\"patron\" style=\"font-size:40px\">Vita<\/h2>\n\n\n\n<hr class=\"wp-block-separator has-css-opacity is-style-wide\" \/>\n\n\n\n<p>Dr. Ina Maria Walthert studierte Betriebswirtschaftslehre in Z\u00fcrich und forschte im Rahmen eines Promotionsstipendiums zur interdisziplin\u00e4ren Ethikforschung. Im Anschluss f\u00fchrte Ihr Weg f\u00fcr acht Jahre in ein Beratungsunternehmen, spezialisiert auf L\u00f6sungen zu Nachhaltigkeitsaspekten. Nach einem kurzen \u00abBoxenstopp\u00bb zur\u00fcck in der Wissenschaft, ist Frau Dr. Walthert seit 2021 als Head of Group Sustainability bei der AMAG t\u00e4tig. Dort verantwortet sie u.a. die Kommunikation des Nachhaltigkeitsverst\u00e4ndnisses und die operative Umsetzung der Klimastrategie. Unter Ihrer Federf\u00fchrung erschien im Sommer 2022 der erste AMAG Nachhaltigkeitsbericht.<\/p>\n<\/div>\n<\/div>\n","protected":false},"excerpt":{"rendered":"<p>Wer in der Automobilbranche vorausf\u00e4hrt und wer den Anschluss verpasst bemisst sich l\u00e4ngst an einem entscheidenden Erfolgsfaktor \u2013 der Beachtung von Nachhaltigkeitsaspekten. Die \u00f6ffentliche Aufmerksamkeit und Besorgnis \u00fcber den Klimawandel verleihen dieser Entwicklung seit Jahren Antrieb. In Bezug auf Produkte und interne Prozessoptimierung stehen seither insbesondere \u00f6kologische Kennzahlen im Vordergrund. Aber auch soziale Aspekte der eigenen Belegschaft sind inzwischen ein fester Bestandteil des Rechnungsrahmens vieler Automobiler. Aber wie kann diese umfassende Transformation erfolgreich umgesetzt werden?<\/p>\n","protected":false},"author":236,"featured_media":9291,"comment_status":"closed","ping_status":"closed","sticky":false,"template":"","format":"standard","meta":{"_acf_changed":false,"inline_featured_image":false,"_relevanssi_hide_post":"","_relevanssi_hide_content":"","_relevanssi_pin_for_all":"","_relevanssi_pin_keywords":"","_relevanssi_unpin_keywords":"","_relevanssi_related_keywords":"","_relevanssi_related_include_ids":"","_relevanssi_related_exclude_ids":"","_relevanssi_related_no_append":"","_relevanssi_related_not_related":"","_relevanssi_related_posts":"8390,4380,7157,8898,8445,791","_relevanssi_noindex_reason":"","ngg_post_thumbnail":0,"footnotes":"","_links_to":"","_links_to_target":""},"categories":[588016,723],"tags":[67432,587768,588007,588072,3648,587747,588073],"class_list":["post-9500","post","type-post","status-publish","format-standard","has-post-thumbnail","hentry","category-nachhaltigkeit","category-veranstaltungen","tag-controlling","tag-esg","tag-esg-reporting","tag-esg-reporting-konferenz","tag-ifz","tag-nachhaltigkeit","tag-nachhaltigkeitsberichtserstattung"],"acf":[],"yoast_head":"<!-- This site is optimized with the Yoast SEO plugin v27.5 - https:\/\/yoast.com\/product\/yoast-seo-wordpress\/ -->\n<title>Mobilit\u00e4t und Nachhaltigkeit \u2013 ein \u00abRoadtrip\u00bb zur AMAG Group - Financial Management Blog<\/title>\n<meta name=\"description\" content=\"Wer in der Automobilbranche vorausf\u00e4hrt und wer den Anschluss verpasst bemisst sich l\u00e4ngst an einem entscheidenden Erfolgsfaktor \u2013 der Beachtung von Nachhaltigkeitsaspekten. Die \u00f6ffentliche Aufmerksamkeit und Besorgnis \u00fcber den Klimawandel verleihen dieser Entwicklung seit Jahren Antrieb. In Bezug auf Produkte und interne Prozessoptimierung stehen seither insbesondere \u00f6kologische Kennzahlen im Vordergrund. Aber auch soziale Aspekte der eigenen Belegschaft sind inzwischen ein fester Bestandteil des Rechnungsrahmens vieler Automobiler. Aber wie kann diese umfassende Transformation erfolgreich umgesetzt werden?\" \/>\n<meta name=\"robots\" content=\"index, follow, max-snippet:-1, max-image-preview:large, max-video-preview:-1\" \/>\n<link rel=\"canonical\" href=\"https:\/\/hub.hslu.ch\/financialmanagement\/2024\/04\/17\/mobilitaet-und-nachhaltigkeit-ein-roadtrip-zur-amag-group\/\" \/>\n<meta property=\"og:locale\" content=\"de_DE\" \/>\n<meta property=\"og:type\" content=\"article\" \/>\n<meta property=\"og:title\" content=\"Mobilit\u00e4t und Nachhaltigkeit \u2013 ein \u00abRoadtrip\u00bb zur AMAG Group - Financial Management Blog\" \/>\n<meta property=\"og:description\" content=\"Wer in der Automobilbranche vorausf\u00e4hrt und wer den Anschluss verpasst bemisst sich l\u00e4ngst an einem entscheidenden Erfolgsfaktor \u2013 der Beachtung von Nachhaltigkeitsaspekten. Die \u00f6ffentliche Aufmerksamkeit und Besorgnis \u00fcber den Klimawandel verleihen dieser Entwicklung seit Jahren Antrieb. In Bezug auf Produkte und interne Prozessoptimierung stehen seither insbesondere \u00f6kologische Kennzahlen im Vordergrund. Aber auch soziale Aspekte der eigenen Belegschaft sind inzwischen ein fester Bestandteil des Rechnungsrahmens vieler Automobiler. Aber wie kann diese umfassende Transformation erfolgreich umgesetzt werden?\" \/>\n<meta property=\"og:url\" content=\"https:\/\/hub.hslu.ch\/financialmanagement\/2024\/04\/17\/mobilitaet-und-nachhaltigkeit-ein-roadtrip-zur-amag-group\/\" \/>\n<meta property=\"og:site_name\" content=\"Financial Management Blog\" \/>\n<meta property=\"article:published_time\" content=\"2024-04-17T11:30:00+00:00\" \/>\n<meta property=\"article:modified_time\" content=\"2026-02-11T13:53:51+00:00\" \/>\n<meta property=\"og:image\" content=\"https:\/\/hub.hslu.ch\/financialmanagement\/wp-content\/blogs.dir\/488\/files\/sites\/16\/2024\/01\/GettyImages-928855698.jpg\" \/>\n\t<meta property=\"og:image:width\" content=\"2048\" \/>\n\t<meta property=\"og:image:height\" content=\"1649\" \/>\n\t<meta property=\"og:image:type\" content=\"image\/jpeg\" \/>\n<meta name=\"author\" content=\"melanielisafuerch\" \/>\n<meta name=\"twitter:card\" content=\"summary_large_image\" \/>\n<meta name=\"twitter:label1\" content=\"Geschrieben von\" \/>\n\t<meta name=\"twitter:data1\" content=\"melanielisafuerch\" \/>\n\t<meta name=\"twitter:label2\" content=\"Gesch\u00e4tzte Lesezeit\" \/>\n\t<meta name=\"twitter:data2\" content=\"4\u00a0Minuten\" \/>\n<script type=\"application\/ld+json\" class=\"yoast-schema-graph\">{\"@context\":\"https:\\\/\\\/schema.org\",\"@graph\":[{\"@type\":\"Article\",\"@id\":\"https:\\\/\\\/hub.hslu.ch\\\/financialmanagement\\\/2024\\\/04\\\/17\\\/mobilitaet-und-nachhaltigkeit-ein-roadtrip-zur-amag-group\\\/#article\",\"isPartOf\":{\"@id\":\"https:\\\/\\\/hub.hslu.ch\\\/financialmanagement\\\/2024\\\/04\\\/17\\\/mobilitaet-und-nachhaltigkeit-ein-roadtrip-zur-amag-group\\\/\"},\"author\":{\"name\":\"melanielisafuerch\",\"@id\":\"https:\\\/\\\/hub.hslu.ch\\\/financialmanagement\\\/#\\\/schema\\\/person\\\/37830b930c7191bcaf93c2a45521ee16\"},\"headline\":\"Mobilit\u00e4t und Nachhaltigkeit \u2013 ein \u00abRoadtrip\u00bb zur AMAG Group\",\"datePublished\":\"2024-04-17T11:30:00+00:00\",\"dateModified\":\"2026-02-11T13:53:51+00:00\",\"mainEntityOfPage\":{\"@id\":\"https:\\\/\\\/hub.hslu.ch\\\/financialmanagement\\\/2024\\\/04\\\/17\\\/mobilitaet-und-nachhaltigkeit-ein-roadtrip-zur-amag-group\\\/\"},\"wordCount\":614,\"image\":{\"@id\":\"https:\\\/\\\/hub.hslu.ch\\\/financialmanagement\\\/2024\\\/04\\\/17\\\/mobilitaet-und-nachhaltigkeit-ein-roadtrip-zur-amag-group\\\/#primaryimage\"},\"thumbnailUrl\":\"https:\\\/\\\/hub.hslu.ch\\\/financialmanagement\\\/wp-content\\\/blogs.dir\\\/488\\\/files\\\/sites\\\/16\\\/2024\\\/01\\\/GettyImages-928855698.jpg\",\"keywords\":[\"Controlling\",\"ESG\",\"ESG Reporting\",\"ESG-Reporting Konferenz\",\"IFZ\",\"Nachhaltigkeit\",\"Nachhaltigkeitsberichtserstattung\"],\"articleSection\":[\"Nachhaltigkeit\",\"Veranstaltungen\"],\"inLanguage\":\"de-CH\"},{\"@type\":\"WebPage\",\"@id\":\"https:\\\/\\\/hub.hslu.ch\\\/financialmanagement\\\/2024\\\/04\\\/17\\\/mobilitaet-und-nachhaltigkeit-ein-roadtrip-zur-amag-group\\\/\",\"url\":\"https:\\\/\\\/hub.hslu.ch\\\/financialmanagement\\\/2024\\\/04\\\/17\\\/mobilitaet-und-nachhaltigkeit-ein-roadtrip-zur-amag-group\\\/\",\"name\":\"Mobilit\u00e4t und Nachhaltigkeit \u2013 ein \u00abRoadtrip\u00bb zur AMAG Group - Financial Management Blog\",\"isPartOf\":{\"@id\":\"https:\\\/\\\/hub.hslu.ch\\\/financialmanagement\\\/#website\"},\"primaryImageOfPage\":{\"@id\":\"https:\\\/\\\/hub.hslu.ch\\\/financialmanagement\\\/2024\\\/04\\\/17\\\/mobilitaet-und-nachhaltigkeit-ein-roadtrip-zur-amag-group\\\/#primaryimage\"},\"image\":{\"@id\":\"https:\\\/\\\/hub.hslu.ch\\\/financialmanagement\\\/2024\\\/04\\\/17\\\/mobilitaet-und-nachhaltigkeit-ein-roadtrip-zur-amag-group\\\/#primaryimage\"},\"thumbnailUrl\":\"https:\\\/\\\/hub.hslu.ch\\\/financialmanagement\\\/wp-content\\\/blogs.dir\\\/488\\\/files\\\/sites\\\/16\\\/2024\\\/01\\\/GettyImages-928855698.jpg\",\"datePublished\":\"2024-04-17T11:30:00+00:00\",\"dateModified\":\"2026-02-11T13:53:51+00:00\",\"author\":{\"@id\":\"https:\\\/\\\/hub.hslu.ch\\\/financialmanagement\\\/#\\\/schema\\\/person\\\/37830b930c7191bcaf93c2a45521ee16\"},\"description\":\"Wer in der Automobilbranche vorausf\u00e4hrt und wer den Anschluss verpasst bemisst sich l\u00e4ngst an einem entscheidenden Erfolgsfaktor \u2013 der Beachtung von Nachhaltigkeitsaspekten. Die \u00f6ffentliche Aufmerksamkeit und Besorgnis \u00fcber den Klimawandel verleihen dieser Entwicklung seit Jahren Antrieb. In Bezug auf Produkte und interne Prozessoptimierung stehen seither insbesondere \u00f6kologische Kennzahlen im Vordergrund. Aber auch soziale Aspekte der eigenen Belegschaft sind inzwischen ein fester Bestandteil des Rechnungsrahmens vieler Automobiler. Aber wie kann diese umfassende Transformation erfolgreich umgesetzt werden?\",\"breadcrumb\":{\"@id\":\"https:\\\/\\\/hub.hslu.ch\\\/financialmanagement\\\/2024\\\/04\\\/17\\\/mobilitaet-und-nachhaltigkeit-ein-roadtrip-zur-amag-group\\\/#breadcrumb\"},\"inLanguage\":\"de-CH\",\"potentialAction\":[{\"@type\":\"ReadAction\",\"target\":[\"https:\\\/\\\/hub.hslu.ch\\\/financialmanagement\\\/2024\\\/04\\\/17\\\/mobilitaet-und-nachhaltigkeit-ein-roadtrip-zur-amag-group\\\/\"]}]},{\"@type\":\"ImageObject\",\"inLanguage\":\"de-CH\",\"@id\":\"https:\\\/\\\/hub.hslu.ch\\\/financialmanagement\\\/2024\\\/04\\\/17\\\/mobilitaet-und-nachhaltigkeit-ein-roadtrip-zur-amag-group\\\/#primaryimage\",\"url\":\"https:\\\/\\\/hub.hslu.ch\\\/financialmanagement\\\/wp-content\\\/blogs.dir\\\/488\\\/files\\\/sites\\\/16\\\/2024\\\/01\\\/GettyImages-928855698.jpg\",\"contentUrl\":\"https:\\\/\\\/hub.hslu.ch\\\/financialmanagement\\\/wp-content\\\/blogs.dir\\\/488\\\/files\\\/sites\\\/16\\\/2024\\\/01\\\/GettyImages-928855698.jpg\",\"width\":2048,\"height\":1649},{\"@type\":\"BreadcrumbList\",\"@id\":\"https:\\\/\\\/hub.hslu.ch\\\/financialmanagement\\\/2024\\\/04\\\/17\\\/mobilitaet-und-nachhaltigkeit-ein-roadtrip-zur-amag-group\\\/#breadcrumb\",\"itemListElement\":[{\"@type\":\"ListItem\",\"position\":1,\"name\":\"Home\",\"item\":\"https:\\\/\\\/hub.hslu.ch\\\/financialmanagement\\\/\"},{\"@type\":\"ListItem\",\"position\":2,\"name\":\"Mobilit\u00e4t und Nachhaltigkeit \u2013 ein \u00abRoadtrip\u00bb zur AMAG Group\"}]},{\"@type\":\"WebSite\",\"@id\":\"https:\\\/\\\/hub.hslu.ch\\\/financialmanagement\\\/#website\",\"url\":\"https:\\\/\\\/hub.hslu.ch\\\/financialmanagement\\\/\",\"name\":\"Financial Management Blog\",\"description\":\"Controlling, Accounting, Risk &amp; Corporate Finance am Institut f\u00fcr Finanzdienstleistungen Zug IFZ\",\"potentialAction\":[{\"@type\":\"SearchAction\",\"target\":{\"@type\":\"EntryPoint\",\"urlTemplate\":\"https:\\\/\\\/hub.hslu.ch\\\/financialmanagement\\\/?s={search_term_string}\"},\"query-input\":{\"@type\":\"PropertyValueSpecification\",\"valueRequired\":true,\"valueName\":\"search_term_string\"}}],\"inLanguage\":\"de-CH\"},{\"@type\":\"Person\",\"@id\":\"https:\\\/\\\/hub.hslu.ch\\\/financialmanagement\\\/#\\\/schema\\\/person\\\/37830b930c7191bcaf93c2a45521ee16\",\"name\":\"melanielisafuerch\"}]}<\/script>\n<!-- \/ Yoast SEO plugin. -->","yoast_head_json":{"title":"Mobilit\u00e4t und Nachhaltigkeit \u2013 ein \u00abRoadtrip\u00bb zur AMAG Group - Financial Management Blog","description":"Wer in der Automobilbranche vorausf\u00e4hrt und wer den Anschluss verpasst bemisst sich l\u00e4ngst an einem entscheidenden Erfolgsfaktor \u2013 der Beachtung von Nachhaltigkeitsaspekten. Die \u00f6ffentliche Aufmerksamkeit und Besorgnis \u00fcber den Klimawandel verleihen dieser Entwicklung seit Jahren Antrieb. In Bezug auf Produkte und interne Prozessoptimierung stehen seither insbesondere \u00f6kologische Kennzahlen im Vordergrund. Aber auch soziale Aspekte der eigenen Belegschaft sind inzwischen ein fester Bestandteil des Rechnungsrahmens vieler Automobiler. Aber wie kann diese umfassende Transformation erfolgreich umgesetzt werden?","robots":{"index":"index","follow":"follow","max-snippet":"max-snippet:-1","max-image-preview":"max-image-preview:large","max-video-preview":"max-video-preview:-1"},"canonical":"https:\/\/hub.hslu.ch\/financialmanagement\/2024\/04\/17\/mobilitaet-und-nachhaltigkeit-ein-roadtrip-zur-amag-group\/","og_locale":"de_DE","og_type":"article","og_title":"Mobilit\u00e4t und Nachhaltigkeit \u2013 ein \u00abRoadtrip\u00bb zur AMAG Group - Financial Management Blog","og_description":"Wer in der Automobilbranche vorausf\u00e4hrt und wer den Anschluss verpasst bemisst sich l\u00e4ngst an einem entscheidenden Erfolgsfaktor \u2013 der Beachtung von Nachhaltigkeitsaspekten. Die \u00f6ffentliche Aufmerksamkeit und Besorgnis \u00fcber den Klimawandel verleihen dieser Entwicklung seit Jahren Antrieb. In Bezug auf Produkte und interne Prozessoptimierung stehen seither insbesondere \u00f6kologische Kennzahlen im Vordergrund. Aber auch soziale Aspekte der eigenen Belegschaft sind inzwischen ein fester Bestandteil des Rechnungsrahmens vieler Automobiler. Aber wie kann diese umfassende Transformation erfolgreich umgesetzt werden?","og_url":"https:\/\/hub.hslu.ch\/financialmanagement\/2024\/04\/17\/mobilitaet-und-nachhaltigkeit-ein-roadtrip-zur-amag-group\/","og_site_name":"Financial Management Blog","article_published_time":"2024-04-17T11:30:00+00:00","article_modified_time":"2026-02-11T13:53:51+00:00","og_image":[{"width":2048,"height":1649,"url":"https:\/\/hub.hslu.ch\/financialmanagement\/wp-content\/blogs.dir\/488\/files\/sites\/16\/2024\/01\/GettyImages-928855698.jpg","type":"image\/jpeg"}],"author":"melanielisafuerch","twitter_card":"summary_large_image","twitter_misc":{"Geschrieben von":"melanielisafuerch","Gesch\u00e4tzte Lesezeit":"4\u00a0Minuten"},"schema":{"@context":"https:\/\/schema.org","@graph":[{"@type":"Article","@id":"https:\/\/hub.hslu.ch\/financialmanagement\/2024\/04\/17\/mobilitaet-und-nachhaltigkeit-ein-roadtrip-zur-amag-group\/#article","isPartOf":{"@id":"https:\/\/hub.hslu.ch\/financialmanagement\/2024\/04\/17\/mobilitaet-und-nachhaltigkeit-ein-roadtrip-zur-amag-group\/"},"author":{"name":"melanielisafuerch","@id":"https:\/\/hub.hslu.ch\/financialmanagement\/#\/schema\/person\/37830b930c7191bcaf93c2a45521ee16"},"headline":"Mobilit\u00e4t und Nachhaltigkeit \u2013 ein \u00abRoadtrip\u00bb zur AMAG Group","datePublished":"2024-04-17T11:30:00+00:00","dateModified":"2026-02-11T13:53:51+00:00","mainEntityOfPage":{"@id":"https:\/\/hub.hslu.ch\/financialmanagement\/2024\/04\/17\/mobilitaet-und-nachhaltigkeit-ein-roadtrip-zur-amag-group\/"},"wordCount":614,"image":{"@id":"https:\/\/hub.hslu.ch\/financialmanagement\/2024\/04\/17\/mobilitaet-und-nachhaltigkeit-ein-roadtrip-zur-amag-group\/#primaryimage"},"thumbnailUrl":"https:\/\/hub.hslu.ch\/financialmanagement\/wp-content\/blogs.dir\/488\/files\/sites\/16\/2024\/01\/GettyImages-928855698.jpg","keywords":["Controlling","ESG","ESG Reporting","ESG-Reporting Konferenz","IFZ","Nachhaltigkeit","Nachhaltigkeitsberichtserstattung"],"articleSection":["Nachhaltigkeit","Veranstaltungen"],"inLanguage":"de-CH"},{"@type":"WebPage","@id":"https:\/\/hub.hslu.ch\/financialmanagement\/2024\/04\/17\/mobilitaet-und-nachhaltigkeit-ein-roadtrip-zur-amag-group\/","url":"https:\/\/hub.hslu.ch\/financialmanagement\/2024\/04\/17\/mobilitaet-und-nachhaltigkeit-ein-roadtrip-zur-amag-group\/","name":"Mobilit\u00e4t und Nachhaltigkeit \u2013 ein \u00abRoadtrip\u00bb zur AMAG Group - Financial Management Blog","isPartOf":{"@id":"https:\/\/hub.hslu.ch\/financialmanagement\/#website"},"primaryImageOfPage":{"@id":"https:\/\/hub.hslu.ch\/financialmanagement\/2024\/04\/17\/mobilitaet-und-nachhaltigkeit-ein-roadtrip-zur-amag-group\/#primaryimage"},"image":{"@id":"https:\/\/hub.hslu.ch\/financialmanagement\/2024\/04\/17\/mobilitaet-und-nachhaltigkeit-ein-roadtrip-zur-amag-group\/#primaryimage"},"thumbnailUrl":"https:\/\/hub.hslu.ch\/financialmanagement\/wp-content\/blogs.dir\/488\/files\/sites\/16\/2024\/01\/GettyImages-928855698.jpg","datePublished":"2024-04-17T11:30:00+00:00","dateModified":"2026-02-11T13:53:51+00:00","author":{"@id":"https:\/\/hub.hslu.ch\/financialmanagement\/#\/schema\/person\/37830b930c7191bcaf93c2a45521ee16"},"description":"Wer in der Automobilbranche vorausf\u00e4hrt und wer den Anschluss verpasst bemisst sich l\u00e4ngst an einem entscheidenden Erfolgsfaktor \u2013 der Beachtung von Nachhaltigkeitsaspekten. Die \u00f6ffentliche Aufmerksamkeit und Besorgnis \u00fcber den Klimawandel verleihen dieser Entwicklung seit Jahren Antrieb. In Bezug auf Produkte und interne Prozessoptimierung stehen seither insbesondere \u00f6kologische Kennzahlen im Vordergrund. Aber auch soziale Aspekte der eigenen Belegschaft sind inzwischen ein fester Bestandteil des Rechnungsrahmens vieler Automobiler. Aber wie kann diese umfassende Transformation erfolgreich umgesetzt werden?","breadcrumb":{"@id":"https:\/\/hub.hslu.ch\/financialmanagement\/2024\/04\/17\/mobilitaet-und-nachhaltigkeit-ein-roadtrip-zur-amag-group\/#breadcrumb"},"inLanguage":"de-CH","potentialAction":[{"@type":"ReadAction","target":["https:\/\/hub.hslu.ch\/financialmanagement\/2024\/04\/17\/mobilitaet-und-nachhaltigkeit-ein-roadtrip-zur-amag-group\/"]}]},{"@type":"ImageObject","inLanguage":"de-CH","@id":"https:\/\/hub.hslu.ch\/financialmanagement\/2024\/04\/17\/mobilitaet-und-nachhaltigkeit-ein-roadtrip-zur-amag-group\/#primaryimage","url":"https:\/\/hub.hslu.ch\/financialmanagement\/wp-content\/blogs.dir\/488\/files\/sites\/16\/2024\/01\/GettyImages-928855698.jpg","contentUrl":"https:\/\/hub.hslu.ch\/financialmanagement\/wp-content\/blogs.dir\/488\/files\/sites\/16\/2024\/01\/GettyImages-928855698.jpg","width":2048,"height":1649},{"@type":"BreadcrumbList","@id":"https:\/\/hub.hslu.ch\/financialmanagement\/2024\/04\/17\/mobilitaet-und-nachhaltigkeit-ein-roadtrip-zur-amag-group\/#breadcrumb","itemListElement":[{"@type":"ListItem","position":1,"name":"Home","item":"https:\/\/hub.hslu.ch\/financialmanagement\/"},{"@type":"ListItem","position":2,"name":"Mobilit\u00e4t und Nachhaltigkeit \u2013 ein \u00abRoadtrip\u00bb zur AMAG Group"}]},{"@type":"WebSite","@id":"https:\/\/hub.hslu.ch\/financialmanagement\/#website","url":"https:\/\/hub.hslu.ch\/financialmanagement\/","name":"Financial Management Blog","description":"Controlling, Accounting, Risk &amp; Corporate Finance am Institut f\u00fcr Finanzdienstleistungen Zug IFZ","potentialAction":[{"@type":"SearchAction","target":{"@type":"EntryPoint","urlTemplate":"https:\/\/hub.hslu.ch\/financialmanagement\/?s={search_term_string}"},"query-input":{"@type":"PropertyValueSpecification","valueRequired":true,"valueName":"search_term_string"}}],"inLanguage":"de-CH"},{"@type":"Person","@id":"https:\/\/hub.hslu.ch\/financialmanagement\/#\/schema\/person\/37830b930c7191bcaf93c2a45521ee16","name":"melanielisafuerch"}]}},"featured_image_src":"https:\/\/hub.hslu.ch\/financialmanagement\/wp-content\/blogs.dir\/488\/files\/sites\/16\/2024\/01\/GettyImages-928855698.jpg","featured_image_src_square":"https:\/\/hub.hslu.ch\/financialmanagement\/wp-content\/blogs.dir\/488\/files\/sites\/16\/2024\/01\/GettyImages-928855698.jpg","author_info":{"display_name":"melanielisafuerch","author_link":"https:\/\/hub.hslu.ch\/financialmanagement\/author\/melanielisafuerch\/"},"_links":{"self":[{"href":"https:\/\/hub.hslu.ch\/financialmanagement\/wp-json\/wp\/v2\/posts\/9500","targetHints":{"allow":["GET"]}}],"collection":[{"href":"https:\/\/hub.hslu.ch\/financialmanagement\/wp-json\/wp\/v2\/posts"}],"about":[{"href":"https:\/\/hub.hslu.ch\/financialmanagement\/wp-json\/wp\/v2\/types\/post"}],"author":[{"embeddable":true,"href":"https:\/\/hub.hslu.ch\/financialmanagement\/wp-json\/wp\/v2\/users\/236"}],"replies":[{"embeddable":true,"href":"https:\/\/hub.hslu.ch\/financialmanagement\/wp-json\/wp\/v2\/comments?post=9500"}],"version-history":[{"count":15,"href":"https:\/\/hub.hslu.ch\/financialmanagement\/wp-json\/wp\/v2\/posts\/9500\/revisions"}],"predecessor-version":[{"id":12165,"href":"https:\/\/hub.hslu.ch\/financialmanagement\/wp-json\/wp\/v2\/posts\/9500\/revisions\/12165"}],"wp:featuredmedia":[{"embeddable":true,"href":"https:\/\/hub.hslu.ch\/financialmanagement\/wp-json\/wp\/v2\/media\/9291"}],"wp:attachment":[{"href":"https:\/\/hub.hslu.ch\/financialmanagement\/wp-json\/wp\/v2\/media?parent=9500"}],"wp:term":[{"taxonomy":"category","embeddable":true,"href":"https:\/\/hub.hslu.ch\/financialmanagement\/wp-json\/wp\/v2\/categories?post=9500"},{"taxonomy":"post_tag","embeddable":true,"href":"https:\/\/hub.hslu.ch\/financialmanagement\/wp-json\/wp\/v2\/tags?post=9500"}],"curies":[{"name":"wp","href":"https:\/\/api.w.org\/{rel}","templated":true}]}}