{"id":289,"date":"2024-04-12T14:48:18","date_gmt":"2024-04-12T12:48:18","guid":{"rendered":"https:\/\/hub.hslu.ch\/gemeindengestalten\/?p=289"},"modified":"2024-04-12T14:48:19","modified_gmt":"2024-04-12T12:48:19","slug":"gemeindewahlen-im-kanton-luzern-wieso-keine-auswahl","status":"publish","type":"post","link":"https:\/\/hub.hslu.ch\/gemeindengestalten\/gemeindewahlen-im-kanton-luzern-wieso-keine-auswahl\/","title":{"rendered":"Gemeindewahlen im Kanton Luzern: Wieso keine Auswahl?"},"content":{"rendered":"\n<p>Wohnen Sie in Adligenswil, Escholzmatt-Marbach oder Kriens? Dann fallen die diesj\u00e4hrigen Gemeinderatswahlen f\u00fcr Sie faktisch aus. Es stellen sich in diesen Gemeinden nur genauso viele Kandidierende zur Verf\u00fcgung f\u00fcr die Exekutive, wie es auch Sitze gibt. Es gibt also gar nicht wirklich etwas auszuw\u00e4hlen! Dieser Umstand ist wohl kaum eine Ausnahme, die Wahrscheinlichkeit ist gross, dass das auch vor 4, 8, 12 etc. Jahren schon der Fall war. Genau gleich geht es den stimmberechtigen Einwohnerinnen und Einwohnern von weiteren 43 Luzerner Gemeinden dieses Jahr.<\/p>\n\n\n\n<p>Grunds\u00e4tzlich gibt es einen Zusammenhang zwischen der Gr\u00f6sse einer Gemeinde und der Anzahl Kandidierenden: Je gr\u00f6sser die Gemeinde, desto eher kommt es zu Kampfwahlen. Grosser Ausreisser dieses Jahr: In der Stadt Kriens, notabene der drittgr\u00f6ssten Gemeinde des Kantons Luzern, stehen trotz \u00fcber 28&#8217;000 Einwohner*innen keine Wahlen an.<\/p>\n\n\n\n<p>Es kommt dieses Jahr also lediglich in 27 Gemeinden effektiv zu Wahlen: Ein genauerer Blick zeigt aber auch hier, dass die Auswahl durchaus bescheiden ist: In 16 dieser 27 Gemeinden stellt sich lediglich eine einzige Person mehr zur Verf\u00fcgung als es Sitze gibt. Und nur in vier Gemeinden (Luzern, Meggen, Emmen und Ermensee) besteht tats\u00e4chlich eine breite Auswahl, mit mehr als +3 Personen als es Sitze gibt.<\/p>\n\n\n\n<h2 class=\"wp-block-heading\"><strong>Mangelnde Attraktivit\u00e4t von \u00f6ffentlichen \u00c4mtern<\/strong><\/h2>\n\n\n\n<p>Man muss sogar froh sein, dass beinahe \u00fcberall die Sitze besetzt werden k\u00f6nnen. Denn das Amt als Gemeinder\u00e4tin oder Gemeinderat ist nicht unbedingt beliebt: Abendliche Sitzungen, schwierige Vereinbarkeit mit Beruf und Familie, magere Bezahlung. In drei von 78 Gemeinden (Ballwil, Luthern und Ufhusen) ist die Situation gar dramatisch und es stellen sich weniger Kandidierende zur Verf\u00fcgung, als es Sitze gibt. Hier kommt es entweder zu L\u00f6sungen in letzter Minute (zweiter Wahlgang), zu Amtszw\u00e4ngen (jemand muss das Amt gegen seinen Willen antreten) oder es droht eine Zwangsverwaltung durch den Kanton.<\/p>\n\n\n\n<p>Problematisch ist es vor allem aus Sicht der Demokratie und der Repr\u00e4sentation: Wohnen Sie in Wauwil und m\u00f6chten eine Frau w\u00e4hlen? Wohnen Sie in Sch\u00fcpfheim und pr\u00e4ferieren eine Person aus dem politisch linken Lager? Sind Sie in Nottwil daheim und m\u00f6chten jemanden aus der SVP w\u00e4hlen? Leider geht dies alles nicht.<\/p>\n\n\n\n<h2 class=\"wp-block-heading\"><strong>Theorie vs. Realit\u00e4t<\/strong><\/h2>\n\n\n\n<p>In der Theorie besteht die Grundidee der Demokratie darin, dass die W\u00e4hlenden aus einer Vielzahl von Kandidierenden und deren Eigenschaften ausw\u00e4hlen k\u00f6nnen, zwischen jung und alt, weiblich und m\u00e4nnlich, links oder rechts, Akademikerin oder Berufsmann, f\u00fchrungserfahren oder nicht. Und nat\u00fcrlich w\u00e4re aus demokratischer Sicht auch die Eignung f\u00fcr das Amt zentral.<\/p>\n\n\n\n<p>Die Ausgangslage in den Luzerner Gemeinden zeigt: Wir haben diese Auswahl leider fast nie. Wir sollten es deshalb nie f\u00fcr selbstverst\u00e4ndlich nehmen, dass wir (engagierte) Personen finden, die dieses Amt ausf\u00fchren m\u00f6chten. Anspr\u00fcche d\u00fcrfen wir leider kaum stellen. Aus demokratischer Sicht: Schade! <strong>Und Anlass sich einmal ernsthaft dar\u00fcber zu unterhalten, wie wir das Amt der Gemeinder\u00e4tin\/des Gemeinderates wieder attraktiver machen k\u00f6nnen<\/strong>, z.B. mit<\/p>\n\n\n\n<ul class=\"wp-block-list\">\n<li>einer besseren Vereinbarkeit des Amtes mit Freizeitaktivit\u00e4ten und\/oder Familienarbeit (mit Sitzungen nicht am Abend),<\/li>\n\n\n\n<li>mit mehr Verst\u00e4ndnis der Arbeitgebenden f\u00fcr ein Milizamt und entsprechender Flexibilit\u00e4t im Beruf,<\/li>\n\n\n\n<li>eine der Verantwortung und zeitlichen Beanspruchung angemessenen Entl\u00f6hnung, <\/li>\n\n\n\n<li>mit modernen Arbeitsformen, z.B. durch Delegation des operativen Gesch\u00e4fts an die Verwaltung (Stichwort Gemeindef\u00fchrungsmodell).<\/li>\n<\/ul>\n\n\n\n<p class=\"has-small-font-size\">Ver\u00f6ffentlicht am: 12. April 2024<\/p>\n","protected":false},"excerpt":{"rendered":"<p>Gemeindewahlen im Kanton Luzern: Ein Mangel an Auswahl von Kandidierenden unterstreicht die Notwendigkeit, \u00f6ffentliche \u00c4mter attraktiver zu gestalten.<\/p>\n","protected":false},"author":188,"featured_media":297,"comment_status":"open","ping_status":"open","sticky":false,"template":"","format":"standard","meta":{"_acf_changed":false,"inline_featured_image":false,"footnotes":"","_links_to":"","_links_to_target":""},"categories":[26,25],"tags":[29,27,28,30],"class_list":["post-289","post","type-post","status-publish","format-standard","has-post-thumbnail","hentry","category-gemeindefuehrung","category-gemeindewahlen","tag-gemeindeentwicklung","tag-gemeindefuehrung","tag-gemeindewahlen","tag-luzern"],"acf":[],"yoast_head":"<!-- This site is optimized with the Yoast SEO plugin v27.4 - https:\/\/yoast.com\/product\/yoast-seo-wordpress\/ -->\n<title>Gemeindewahlen im Kanton Luzern: Wieso keine Auswahl? - Gemeinden gestalten<\/title>\n<meta name=\"robots\" content=\"index, follow, max-snippet:-1, max-image-preview:large, max-video-preview:-1\" \/>\n<link rel=\"canonical\" href=\"https:\/\/hub.hslu.ch\/gemeindengestalten\/gemeindewahlen-im-kanton-luzern-wieso-keine-auswahl\/\" \/>\n<meta property=\"og:locale\" content=\"de_DE\" \/>\n<meta property=\"og:type\" content=\"article\" \/>\n<meta property=\"og:title\" content=\"Gemeindewahlen im Kanton Luzern: Wieso keine Auswahl? - Gemeinden gestalten\" \/>\n<meta property=\"og:description\" content=\"Gemeindewahlen im Kanton Luzern: Ein Mangel an Auswahl von Kandidierenden unterstreicht die Notwendigkeit, \u00f6ffentliche \u00c4mter attraktiver zu gestalten.\" \/>\n<meta property=\"og:url\" content=\"https:\/\/hub.hslu.ch\/gemeindengestalten\/gemeindewahlen-im-kanton-luzern-wieso-keine-auswahl\/\" \/>\n<meta property=\"og:site_name\" content=\"Gemeinden gestalten\" \/>\n<meta property=\"article:published_time\" content=\"2024-04-12T12:48:18+00:00\" \/>\n<meta property=\"article:modified_time\" content=\"2024-04-12T12:48:19+00:00\" \/>\n<meta property=\"og:image\" content=\"https:\/\/hub.hslu.ch\/gemeindengestalten\/wp-content\/uploads\/sites\/26\/2024\/04\/W_FE_IBR_Blog_Gemeinden-gestalten_gemeindewahl_02.jpg\" \/>\n\t<meta property=\"og:image:width\" content=\"1000\" \/>\n\t<meta property=\"og:image:height\" content=\"1000\" \/>\n\t<meta property=\"og:image:type\" content=\"image\/jpeg\" \/>\n<meta name=\"author\" content=\"marcoeichenberger\" \/>\n<meta name=\"twitter:card\" content=\"summary_large_image\" \/>\n<meta name=\"twitter:label1\" content=\"Geschrieben von\" \/>\n\t<meta name=\"twitter:data1\" content=\"marcoeichenberger\" \/>\n\t<meta name=\"twitter:label2\" content=\"Gesch\u00e4tzte Lesezeit\" \/>\n\t<meta name=\"twitter:data2\" content=\"4\u00a0Minuten\" \/>\n<script type=\"application\/ld+json\" class=\"yoast-schema-graph\">{\"@context\":\"https:\\\/\\\/schema.org\",\"@graph\":[{\"@type\":\"Article\",\"@id\":\"https:\\\/\\\/hub.hslu.ch\\\/gemeindengestalten\\\/gemeindewahlen-im-kanton-luzern-wieso-keine-auswahl\\\/#article\",\"isPartOf\":{\"@id\":\"https:\\\/\\\/hub.hslu.ch\\\/gemeindengestalten\\\/gemeindewahlen-im-kanton-luzern-wieso-keine-auswahl\\\/\"},\"author\":{\"name\":\"marcoeichenberger\",\"@id\":\"https:\\\/\\\/hub.hslu.ch\\\/gemeindengestalten\\\/#\\\/schema\\\/person\\\/7e7b7c4dca6650bc9a68e97c17339125\"},\"headline\":\"Gemeindewahlen im Kanton Luzern: Wieso keine Auswahl?\",\"datePublished\":\"2024-04-12T12:48:18+00:00\",\"dateModified\":\"2024-04-12T12:48:19+00:00\",\"mainEntityOfPage\":{\"@id\":\"https:\\\/\\\/hub.hslu.ch\\\/gemeindengestalten\\\/gemeindewahlen-im-kanton-luzern-wieso-keine-auswahl\\\/\"},\"wordCount\":564,\"commentCount\":1,\"image\":{\"@id\":\"https:\\\/\\\/hub.hslu.ch\\\/gemeindengestalten\\\/gemeindewahlen-im-kanton-luzern-wieso-keine-auswahl\\\/#primaryimage\"},\"thumbnailUrl\":\"https:\\\/\\\/hub.hslu.ch\\\/gemeindengestalten\\\/wp-content\\\/uploads\\\/sites\\\/26\\\/2024\\\/04\\\/W_FE_IBR_Blog_Gemeinden-gestalten_gemeindewahl_02.jpg\",\"keywords\":[\"Gemeindeentwicklung\",\"Gemeindef\u00fchrung\",\"Gemeindewahlen\",\"Luzern\"],\"articleSection\":[\"Gemeindef\u00fchrung\",\"Gemeindewahlen\"],\"inLanguage\":\"de-CH\",\"potentialAction\":[{\"@type\":\"CommentAction\",\"name\":\"Comment\",\"target\":[\"https:\\\/\\\/hub.hslu.ch\\\/gemeindengestalten\\\/gemeindewahlen-im-kanton-luzern-wieso-keine-auswahl\\\/#respond\"]}]},{\"@type\":\"WebPage\",\"@id\":\"https:\\\/\\\/hub.hslu.ch\\\/gemeindengestalten\\\/gemeindewahlen-im-kanton-luzern-wieso-keine-auswahl\\\/\",\"url\":\"https:\\\/\\\/hub.hslu.ch\\\/gemeindengestalten\\\/gemeindewahlen-im-kanton-luzern-wieso-keine-auswahl\\\/\",\"name\":\"Gemeindewahlen im Kanton Luzern: Wieso keine Auswahl? - Gemeinden gestalten\",\"isPartOf\":{\"@id\":\"https:\\\/\\\/hub.hslu.ch\\\/gemeindengestalten\\\/#website\"},\"primaryImageOfPage\":{\"@id\":\"https:\\\/\\\/hub.hslu.ch\\\/gemeindengestalten\\\/gemeindewahlen-im-kanton-luzern-wieso-keine-auswahl\\\/#primaryimage\"},\"image\":{\"@id\":\"https:\\\/\\\/hub.hslu.ch\\\/gemeindengestalten\\\/gemeindewahlen-im-kanton-luzern-wieso-keine-auswahl\\\/#primaryimage\"},\"thumbnailUrl\":\"https:\\\/\\\/hub.hslu.ch\\\/gemeindengestalten\\\/wp-content\\\/uploads\\\/sites\\\/26\\\/2024\\\/04\\\/W_FE_IBR_Blog_Gemeinden-gestalten_gemeindewahl_02.jpg\",\"datePublished\":\"2024-04-12T12:48:18+00:00\",\"dateModified\":\"2024-04-12T12:48:19+00:00\",\"author\":{\"@id\":\"https:\\\/\\\/hub.hslu.ch\\\/gemeindengestalten\\\/#\\\/schema\\\/person\\\/7e7b7c4dca6650bc9a68e97c17339125\"},\"breadcrumb\":{\"@id\":\"https:\\\/\\\/hub.hslu.ch\\\/gemeindengestalten\\\/gemeindewahlen-im-kanton-luzern-wieso-keine-auswahl\\\/#breadcrumb\"},\"inLanguage\":\"de-CH\",\"potentialAction\":[{\"@type\":\"ReadAction\",\"target\":[\"https:\\\/\\\/hub.hslu.ch\\\/gemeindengestalten\\\/gemeindewahlen-im-kanton-luzern-wieso-keine-auswahl\\\/\"]}]},{\"@type\":\"ImageObject\",\"inLanguage\":\"de-CH\",\"@id\":\"https:\\\/\\\/hub.hslu.ch\\\/gemeindengestalten\\\/gemeindewahlen-im-kanton-luzern-wieso-keine-auswahl\\\/#primaryimage\",\"url\":\"https:\\\/\\\/hub.hslu.ch\\\/gemeindengestalten\\\/wp-content\\\/uploads\\\/sites\\\/26\\\/2024\\\/04\\\/W_FE_IBR_Blog_Gemeinden-gestalten_gemeindewahl_02.jpg\",\"contentUrl\":\"https:\\\/\\\/hub.hslu.ch\\\/gemeindengestalten\\\/wp-content\\\/uploads\\\/sites\\\/26\\\/2024\\\/04\\\/W_FE_IBR_Blog_Gemeinden-gestalten_gemeindewahl_02.jpg\",\"width\":1000,\"height\":1000},{\"@type\":\"BreadcrumbList\",\"@id\":\"https:\\\/\\\/hub.hslu.ch\\\/gemeindengestalten\\\/gemeindewahlen-im-kanton-luzern-wieso-keine-auswahl\\\/#breadcrumb\",\"itemListElement\":[{\"@type\":\"ListItem\",\"position\":1,\"name\":\"Home\",\"item\":\"https:\\\/\\\/hub.hslu.ch\\\/gemeindengestalten\\\/\"},{\"@type\":\"ListItem\",\"position\":2,\"name\":\"Gemeindewahlen im Kanton Luzern: Wieso keine Auswahl?\"}]},{\"@type\":\"WebSite\",\"@id\":\"https:\\\/\\\/hub.hslu.ch\\\/gemeindengestalten\\\/#website\",\"url\":\"https:\\\/\\\/hub.hslu.ch\\\/gemeindengestalten\\\/\",\"name\":\"Gemeinden gestalten\",\"description\":\"Wir bringen Institutionen und Regionen voran.\",\"potentialAction\":[{\"@type\":\"SearchAction\",\"target\":{\"@type\":\"EntryPoint\",\"urlTemplate\":\"https:\\\/\\\/hub.hslu.ch\\\/gemeindengestalten\\\/?s={search_term_string}\"},\"query-input\":{\"@type\":\"PropertyValueSpecification\",\"valueRequired\":true,\"valueName\":\"search_term_string\"}}],\"inLanguage\":\"de-CH\"},{\"@type\":\"Person\",\"@id\":\"https:\\\/\\\/hub.hslu.ch\\\/gemeindengestalten\\\/#\\\/schema\\\/person\\\/7e7b7c4dca6650bc9a68e97c17339125\",\"name\":\"marcoeichenberger\"}]}<\/script>\n<!-- \/ Yoast SEO plugin. -->","yoast_head_json":{"title":"Gemeindewahlen im Kanton Luzern: Wieso keine Auswahl? - Gemeinden gestalten","robots":{"index":"index","follow":"follow","max-snippet":"max-snippet:-1","max-image-preview":"max-image-preview:large","max-video-preview":"max-video-preview:-1"},"canonical":"https:\/\/hub.hslu.ch\/gemeindengestalten\/gemeindewahlen-im-kanton-luzern-wieso-keine-auswahl\/","og_locale":"de_DE","og_type":"article","og_title":"Gemeindewahlen im Kanton Luzern: Wieso keine Auswahl? - Gemeinden gestalten","og_description":"Gemeindewahlen im Kanton Luzern: Ein Mangel an Auswahl von Kandidierenden unterstreicht die Notwendigkeit, \u00f6ffentliche \u00c4mter attraktiver zu gestalten.","og_url":"https:\/\/hub.hslu.ch\/gemeindengestalten\/gemeindewahlen-im-kanton-luzern-wieso-keine-auswahl\/","og_site_name":"Gemeinden gestalten","article_published_time":"2024-04-12T12:48:18+00:00","article_modified_time":"2024-04-12T12:48:19+00:00","og_image":[{"width":1000,"height":1000,"url":"https:\/\/hub.hslu.ch\/gemeindengestalten\/wp-content\/uploads\/sites\/26\/2024\/04\/W_FE_IBR_Blog_Gemeinden-gestalten_gemeindewahl_02.jpg","type":"image\/jpeg"}],"author":"marcoeichenberger","twitter_card":"summary_large_image","twitter_misc":{"Geschrieben von":"marcoeichenberger","Gesch\u00e4tzte Lesezeit":"4\u00a0Minuten"},"schema":{"@context":"https:\/\/schema.org","@graph":[{"@type":"Article","@id":"https:\/\/hub.hslu.ch\/gemeindengestalten\/gemeindewahlen-im-kanton-luzern-wieso-keine-auswahl\/#article","isPartOf":{"@id":"https:\/\/hub.hslu.ch\/gemeindengestalten\/gemeindewahlen-im-kanton-luzern-wieso-keine-auswahl\/"},"author":{"name":"marcoeichenberger","@id":"https:\/\/hub.hslu.ch\/gemeindengestalten\/#\/schema\/person\/7e7b7c4dca6650bc9a68e97c17339125"},"headline":"Gemeindewahlen im Kanton Luzern: Wieso keine Auswahl?","datePublished":"2024-04-12T12:48:18+00:00","dateModified":"2024-04-12T12:48:19+00:00","mainEntityOfPage":{"@id":"https:\/\/hub.hslu.ch\/gemeindengestalten\/gemeindewahlen-im-kanton-luzern-wieso-keine-auswahl\/"},"wordCount":564,"commentCount":1,"image":{"@id":"https:\/\/hub.hslu.ch\/gemeindengestalten\/gemeindewahlen-im-kanton-luzern-wieso-keine-auswahl\/#primaryimage"},"thumbnailUrl":"https:\/\/hub.hslu.ch\/gemeindengestalten\/wp-content\/uploads\/sites\/26\/2024\/04\/W_FE_IBR_Blog_Gemeinden-gestalten_gemeindewahl_02.jpg","keywords":["Gemeindeentwicklung","Gemeindef\u00fchrung","Gemeindewahlen","Luzern"],"articleSection":["Gemeindef\u00fchrung","Gemeindewahlen"],"inLanguage":"de-CH","potentialAction":[{"@type":"CommentAction","name":"Comment","target":["https:\/\/hub.hslu.ch\/gemeindengestalten\/gemeindewahlen-im-kanton-luzern-wieso-keine-auswahl\/#respond"]}]},{"@type":"WebPage","@id":"https:\/\/hub.hslu.ch\/gemeindengestalten\/gemeindewahlen-im-kanton-luzern-wieso-keine-auswahl\/","url":"https:\/\/hub.hslu.ch\/gemeindengestalten\/gemeindewahlen-im-kanton-luzern-wieso-keine-auswahl\/","name":"Gemeindewahlen im Kanton Luzern: Wieso keine Auswahl? - Gemeinden gestalten","isPartOf":{"@id":"https:\/\/hub.hslu.ch\/gemeindengestalten\/#website"},"primaryImageOfPage":{"@id":"https:\/\/hub.hslu.ch\/gemeindengestalten\/gemeindewahlen-im-kanton-luzern-wieso-keine-auswahl\/#primaryimage"},"image":{"@id":"https:\/\/hub.hslu.ch\/gemeindengestalten\/gemeindewahlen-im-kanton-luzern-wieso-keine-auswahl\/#primaryimage"},"thumbnailUrl":"https:\/\/hub.hslu.ch\/gemeindengestalten\/wp-content\/uploads\/sites\/26\/2024\/04\/W_FE_IBR_Blog_Gemeinden-gestalten_gemeindewahl_02.jpg","datePublished":"2024-04-12T12:48:18+00:00","dateModified":"2024-04-12T12:48:19+00:00","author":{"@id":"https:\/\/hub.hslu.ch\/gemeindengestalten\/#\/schema\/person\/7e7b7c4dca6650bc9a68e97c17339125"},"breadcrumb":{"@id":"https:\/\/hub.hslu.ch\/gemeindengestalten\/gemeindewahlen-im-kanton-luzern-wieso-keine-auswahl\/#breadcrumb"},"inLanguage":"de-CH","potentialAction":[{"@type":"ReadAction","target":["https:\/\/hub.hslu.ch\/gemeindengestalten\/gemeindewahlen-im-kanton-luzern-wieso-keine-auswahl\/"]}]},{"@type":"ImageObject","inLanguage":"de-CH","@id":"https:\/\/hub.hslu.ch\/gemeindengestalten\/gemeindewahlen-im-kanton-luzern-wieso-keine-auswahl\/#primaryimage","url":"https:\/\/hub.hslu.ch\/gemeindengestalten\/wp-content\/uploads\/sites\/26\/2024\/04\/W_FE_IBR_Blog_Gemeinden-gestalten_gemeindewahl_02.jpg","contentUrl":"https:\/\/hub.hslu.ch\/gemeindengestalten\/wp-content\/uploads\/sites\/26\/2024\/04\/W_FE_IBR_Blog_Gemeinden-gestalten_gemeindewahl_02.jpg","width":1000,"height":1000},{"@type":"BreadcrumbList","@id":"https:\/\/hub.hslu.ch\/gemeindengestalten\/gemeindewahlen-im-kanton-luzern-wieso-keine-auswahl\/#breadcrumb","itemListElement":[{"@type":"ListItem","position":1,"name":"Home","item":"https:\/\/hub.hslu.ch\/gemeindengestalten\/"},{"@type":"ListItem","position":2,"name":"Gemeindewahlen im Kanton Luzern: Wieso keine Auswahl?"}]},{"@type":"WebSite","@id":"https:\/\/hub.hslu.ch\/gemeindengestalten\/#website","url":"https:\/\/hub.hslu.ch\/gemeindengestalten\/","name":"Gemeinden gestalten","description":"Wir bringen Institutionen und Regionen voran.","potentialAction":[{"@type":"SearchAction","target":{"@type":"EntryPoint","urlTemplate":"https:\/\/hub.hslu.ch\/gemeindengestalten\/?s={search_term_string}"},"query-input":{"@type":"PropertyValueSpecification","valueRequired":true,"valueName":"search_term_string"}}],"inLanguage":"de-CH"},{"@type":"Person","@id":"https:\/\/hub.hslu.ch\/gemeindengestalten\/#\/schema\/person\/7e7b7c4dca6650bc9a68e97c17339125","name":"marcoeichenberger"}]}},"_links":{"self":[{"href":"https:\/\/hub.hslu.ch\/gemeindengestalten\/wp-json\/wp\/v2\/posts\/289","targetHints":{"allow":["GET"]}}],"collection":[{"href":"https:\/\/hub.hslu.ch\/gemeindengestalten\/wp-json\/wp\/v2\/posts"}],"about":[{"href":"https:\/\/hub.hslu.ch\/gemeindengestalten\/wp-json\/wp\/v2\/types\/post"}],"author":[{"embeddable":true,"href":"https:\/\/hub.hslu.ch\/gemeindengestalten\/wp-json\/wp\/v2\/users\/188"}],"replies":[{"embeddable":true,"href":"https:\/\/hub.hslu.ch\/gemeindengestalten\/wp-json\/wp\/v2\/comments?post=289"}],"version-history":[{"count":5,"href":"https:\/\/hub.hslu.ch\/gemeindengestalten\/wp-json\/wp\/v2\/posts\/289\/revisions"}],"predecessor-version":[{"id":296,"href":"https:\/\/hub.hslu.ch\/gemeindengestalten\/wp-json\/wp\/v2\/posts\/289\/revisions\/296"}],"wp:featuredmedia":[{"embeddable":true,"href":"https:\/\/hub.hslu.ch\/gemeindengestalten\/wp-json\/wp\/v2\/media\/297"}],"wp:attachment":[{"href":"https:\/\/hub.hslu.ch\/gemeindengestalten\/wp-json\/wp\/v2\/media?parent=289"}],"wp:term":[{"taxonomy":"category","embeddable":true,"href":"https:\/\/hub.hslu.ch\/gemeindengestalten\/wp-json\/wp\/v2\/categories?post=289"},{"taxonomy":"post_tag","embeddable":true,"href":"https:\/\/hub.hslu.ch\/gemeindengestalten\/wp-json\/wp\/v2\/tags?post=289"}],"curies":[{"name":"wp","href":"https:\/\/api.w.org\/{rel}","templated":true}]}}