{"id":349,"date":"2024-06-03T08:00:00","date_gmt":"2024-06-03T06:00:00","guid":{"rendered":"https:\/\/hub.hslu.ch\/gemeindengestalten\/?p=349"},"modified":"2024-07-03T11:27:43","modified_gmt":"2024-07-03T09:27:43","slug":"regionalokonomie-goes-international","status":"publish","type":"post","link":"https:\/\/hub.hslu.ch\/gemeindengestalten\/regionalokonomie-goes-international\/","title":{"rendered":"Regional\u00f6konomie Goes International: wie Expertise der HSLU zur St\u00e4rkung albanischer Gemeinden beitr\u00e4gt"},"content":{"rendered":"\n<p><strong>Stefan Bruni erkl\u00e4rt, warum Regional\u00f6konomie international gefragt ist und gew\u00e4hrt Einblicke in zwei wegweisende Projekte, die Dezentralisierung und \u00f6ffentliche Finanzen in Albanien st\u00e4rken<\/strong><em>.<\/em><\/p>\n\n\n\n<p><em>Sebastian Huber (SH): Stefan, soeben bist Du aus Albanien zur\u00fcckgekommen, wo Du gleich in zwei Projekten mitwirkst: \u00abStarke Gemeinden\u00bb (Bashki t\u00eb Forta BtF) und \u00abLocal Finance\u00bb (Financat Lokale LF). Worum geht\u2019s dabei?<\/em><\/p>\n\n\n\n<p>Stefan Bruni (SB): <strong>\u00abStarke Gemeinden\u00bb<\/strong> ist ein sehr umfassendes Projekt, welches von Helvetas geleitet wird. Wir unterst\u00fctzen die Umsetzung von Reformen der albanischen Regierung \u00fcber die Aufgabenteilung zwischen Zentralstaat und Gemeinden sowie beim Finanzausgleich. Es ist wie der nationale Finanzausgleich (NFA) bei uns, nur im Schnelldurchlauf. Statt \u00fcber viele Jahre, wie in der Schweiz, wird in Albanien versucht, die Reformen in einem Jahr zu machen. Die Erfahrungen von Roland Fischer in unserem Kompetenzzentrum Regional\u00f6konomie an der HSLU sind dabei besonders hilfreich. Viele der Konzepte, welche dem NFA zugrunde liegen, k\u00f6nnen in angepasster Form auch in Albanien angewandt werden.<\/p>\n\n\n\n<p>Beim <strong>\u00abLocal Finance\u00bb <\/strong>Projekt geht es &#8211; wie der Name sagt &#8211; um St\u00e4rkung des Managements \u00f6ffentlicher Finanzen in den Gemeinden. Unsere Rolle ist es, den Wissens- und Erfahrungsaustausch unter den Gemeinden zu f\u00f6rdern. Nebst technischen Aspekten der \u00f6ffentlichen Finanzen fliessen auch Aspekte des Change Managements in das Projekt mit ein. Wie \u00fcberall auf der Welt scheitern Reformen oft an Widerst\u00e4nden der Beteiligten. Diesem Aspekt versuchen wir Rechnung zu tragen.<\/p>\n\n\n\n<p><em>SH: Albanien liegt nicht gerade auf der Hand &#8211; <strong>warum engagierst Du Dich ausgerechnet in Albanien?<\/strong><\/em><\/p>\n\n\n\n<p>SB: Weil Albanien ein wundersch\u00f6nes Land mit wunderbaren Menschen ist und weil die angestrebten Reformen ambitioniert sind. Zudem unterst\u00fctze ich das Ziel, die Gemeinden als Teil der Dezentralisierung und f\u00fcr einen besseren Service Public zu st\u00e4rken. Ausserdem leisten wir schon viele Jahre Unterst\u00fctzung f\u00fcr Projekte der internationalen Zusammenarbeit, und weil beide Projekte von der Schweiz finanziert sind (DEZA resp. SECO), wird Schweizer Expertise beigezogen.<\/p>\n\n\n\n<figure class=\"wp-block-image size-large\"><img loading=\"lazy\" decoding=\"async\" width=\"1259\" height=\"1679\" src=\"https:\/\/hub.hslu.ch\/gemeindengestalten\/wp-content\/uploads\/sites\/26\/2024\/05\/Stefan-Bruni_Albanien-edited.jpg\" alt=\"\" class=\"wp-image-360\" srcset=\"https:\/\/hub.hslu.ch\/gemeindengestalten\/wp-content\/uploads\/sites\/26\/2024\/05\/Stefan-Bruni_Albanien-edited.jpg 1259w, https:\/\/hub.hslu.ch\/gemeindengestalten\/wp-content\/uploads\/sites\/26\/2024\/05\/Stefan-Bruni_Albanien-edited-225x300.jpg 225w, https:\/\/hub.hslu.ch\/gemeindengestalten\/wp-content\/uploads\/sites\/26\/2024\/05\/Stefan-Bruni_Albanien-edited-768x1024.jpg 768w, https:\/\/hub.hslu.ch\/gemeindengestalten\/wp-content\/uploads\/sites\/26\/2024\/05\/Stefan-Bruni_Albanien-edited-1152x1536.jpg 1152w, https:\/\/hub.hslu.ch\/gemeindengestalten\/wp-content\/uploads\/sites\/26\/2024\/05\/Stefan-Bruni_Albanien-edited-390x520.jpg 390w, https:\/\/hub.hslu.ch\/gemeindengestalten\/wp-content\/uploads\/sites\/26\/2024\/05\/Stefan-Bruni_Albanien-edited-523x698.jpg 523w, https:\/\/hub.hslu.ch\/gemeindengestalten\/wp-content\/uploads\/sites\/26\/2024\/05\/Stefan-Bruni_Albanien-edited-600x800.jpg 600w\" sizes=\"auto, (max-width: 1259px) 100vw, 1259px\" \/><figcaption class=\"wp-element-caption\">Adelina Farrici, Executive Director of Association of Local Autonomy of\u00a0<em><strong>Albania<\/strong><\/em> (<em><strong>ALAA<\/strong><\/em>) und Stefan Bruni<\/figcaption><\/figure>\n\n\n\n<p><em>SH: Das \u00abR\u00bb in IBR steht f\u00fcr Regional\u00f6konomie. Jetzt denken wir bei \u00abRegional\u00bb vornehmlich an die Region Zentralschweiz, eventuell noch an andere Schweizer Regionen und Gemeinden. Da kommt uns Albanien zur Schweiz recht anders vor; l\u00e4sst sich denn <strong>Deine Expertise in Regional\u00f6konomie auch im Ausland anwenden<\/strong>, und wie?<\/em><\/p>\n\n\n\n<p>SB: Klar! Wir besch\u00e4ftigen uns mit Konzepten der Regionalentwicklung und der \u00f6ffentlichen Finanzen im Allgemeinen. Diese theoretischen Konzepte gilt es dann jeweils den spezifischen Regionen anzupassen. Zudem sind unabh\u00e4ngig vom Ort immer auch methodische Fragen zentral, z.B. werden alle Beteiligten miteinbezogen und das polit\u00f6konomische Umfeld analysiert. Extern getriebene Projekte, welche schlecht in den Regionen verankert sind, funktionieren weder im Entlebuch noch in Shkodra.<\/p>\n\n\n\n<p><em>SH: Gab es denn in der Vergangenheit schon h\u00e4ufiger Auftr\u00e4ge, wo Deine regional\u00f6konomische Expertise im Ausland gefragt war?<\/em><\/p>\n\n\n\n<p>SB: Oh ja! Wir haben sogar einen Rahmenvertrag mit der Abteilung wirtschaftliche Entwicklung des SECO. Im Rahmen dieses Vertrags haben wir schon Projekte in vielen verschiedenen L\u00e4ndern unterst\u00fctzt. Ich war in den vergangenen Jahren z.B. in Ghana, S\u00fcdafrika und Kirgistan engagiert. Dies waren alles Kurzzeitmandate zur methodischen und inhaltlichen Unterst\u00fctzung des SECO in wichtigen Projektphasen. Wir haben auch ein Assessment der \u00f6ffentlichen Finanzen in Tadschikistan gemacht. S\u00e4mtliche Mandate nehme ich immer mit lokalen Expert:innen gemeinsam wahr. Diese Zusammenarbeit ist extrem spannend und lehrreich.<\/p>\n\n\n\n<p><em>SH: Die Projekte in Albanien werden in einem vorgegebenen Zeitraum abgeschlossen werden; was kommt danach? Warten schon <strong>die n\u00e4chsten Aufgaben f\u00fcr Dich<\/strong>, in vielleicht noch weiter entfernten L\u00e4ndern?<\/em><\/p>\n\n\n\n<p>SB: Das LFP dauert noch weitere 5 Jahre. Ich werde somit weiterhin das Privileg haben, bei der Entwicklung der Gemeinden in Albanien mitzuwirken. Der Rahmenvertrag mit dem SECO l\u00e4uft dieses Jahr aus. Wir werden uns aber sicher wieder f\u00fcr die neue Phase bewerben. Ausserdem sind wir im Kompetenzzentrum daran, uns als Forschungspartner st\u00e4rker im Themenbereich Klimafragen (Climate Finance) auch international zu positionieren.<\/p>\n\n\n\n<p><em>SH: Vielen Dank, Stefan, f\u00fcr Deine Zeit und das spannende Gespr\u00e4ch!<\/em><\/p>\n\n\n\n<p>SB: Sehr gern.<\/p>\n\n\n\n<p class=\"has-small-font-size\">Ver\u00f6ffentlicht am: 03.06.204 <\/p>\n","protected":false},"excerpt":{"rendered":"<p>Die Projekte &#171;Starke Gemeinden&#187; und &#171;Local Finance&#187;, finanziert durch Schweizer Institutionen, f\u00f6rdern in Albanien die regionale Entwicklung und Autonomie durch Dezentralisierungs- und Finanzreformen. Stefan Bruni vom IBR der HSLU erl\u00e4utert, wie diese Vorhaben schweizerische Regionalentwicklungsmodelle an lokale Bedingungen anpassen und nachhaltige Ver\u00e4nderungen in der Gemeindeverwaltung erm\u00f6glichen.<\/p>\n","protected":false},"author":190,"featured_media":357,"comment_status":"open","ping_status":"open","sticky":false,"template":"","format":"standard","meta":{"_acf_changed":false,"inline_featured_image":false,"footnotes":"","_links_to":"","_links_to_target":""},"categories":[38,32,37,9],"tags":[36,16,34,35,6],"class_list":["post-349","post","type-post","status-publish","format-standard","has-post-thumbnail","hentry","category-dezentralisierung","category-international","category-oeffentliche-finanzen","category-regionaloekonomie","tag-dezentralisierung","tag-digitalisierung","tag-international","tag-oeffentliche-finanzen","tag-regionaloekonomie"],"acf":[],"yoast_head":"<!-- This site is optimized with the Yoast SEO plugin v27.5 - https:\/\/yoast.com\/product\/yoast-seo-wordpress\/ -->\n<title>Regional\u00f6konomie Goes International: wie Expertise der HSLU zur St\u00e4rkung albanischer Gemeinden beitr\u00e4gt - Gemeinden gestalten<\/title>\n<meta name=\"robots\" content=\"index, follow, max-snippet:-1, max-image-preview:large, max-video-preview:-1\" \/>\n<link rel=\"canonical\" href=\"https:\/\/hub.hslu.ch\/gemeindengestalten\/regionalokonomie-goes-international\/\" \/>\n<meta property=\"og:locale\" content=\"de_DE\" \/>\n<meta property=\"og:type\" content=\"article\" \/>\n<meta property=\"og:title\" content=\"Regional\u00f6konomie Goes International: wie Expertise der HSLU zur St\u00e4rkung albanischer Gemeinden beitr\u00e4gt - Gemeinden gestalten\" \/>\n<meta property=\"og:description\" content=\"Die Projekte &quot;Starke Gemeinden&quot; und &quot;Local Finance&quot;, finanziert durch Schweizer Institutionen, f\u00f6rdern in Albanien die regionale Entwicklung und Autonomie durch Dezentralisierungs- und Finanzreformen. Stefan Bruni vom IBR der HSLU erl\u00e4utert, wie diese Vorhaben schweizerische Regionalentwicklungsmodelle an lokale Bedingungen anpassen und nachhaltige Ver\u00e4nderungen in der Gemeindeverwaltung erm\u00f6glichen.\" \/>\n<meta property=\"og:url\" content=\"https:\/\/hub.hslu.ch\/gemeindengestalten\/regionalokonomie-goes-international\/\" \/>\n<meta property=\"og:site_name\" content=\"Gemeinden gestalten\" \/>\n<meta property=\"article:published_time\" content=\"2024-06-03T06:00:00+00:00\" \/>\n<meta property=\"article:modified_time\" content=\"2024-07-03T09:27:43+00:00\" \/>\n<meta property=\"og:image\" content=\"https:\/\/hub.hslu.ch\/gemeindengestalten\/wp-content\/uploads\/sites\/26\/2024\/05\/W_FE_IBR_Blog_gemeinden_gestalten_welt3.2.png\" \/>\n\t<meta property=\"og:image:width\" content=\"2048\" \/>\n\t<meta property=\"og:image:height\" content=\"1982\" \/>\n\t<meta property=\"og:image:type\" content=\"image\/png\" \/>\n<meta name=\"author\" content=\"fabiennehaemmerle\" \/>\n<meta name=\"twitter:card\" content=\"summary_large_image\" \/>\n<meta name=\"twitter:label1\" content=\"Geschrieben von\" \/>\n\t<meta name=\"twitter:data1\" content=\"fabiennehaemmerle\" \/>\n\t<meta name=\"twitter:label2\" content=\"Gesch\u00e4tzte Lesezeit\" \/>\n\t<meta name=\"twitter:data2\" content=\"4\u00a0Minuten\" \/>\n<script type=\"application\/ld+json\" class=\"yoast-schema-graph\">{\"@context\":\"https:\\\/\\\/schema.org\",\"@graph\":[{\"@type\":\"Article\",\"@id\":\"https:\\\/\\\/hub.hslu.ch\\\/gemeindengestalten\\\/regionalokonomie-goes-international\\\/#article\",\"isPartOf\":{\"@id\":\"https:\\\/\\\/hub.hslu.ch\\\/gemeindengestalten\\\/regionalokonomie-goes-international\\\/\"},\"author\":{\"name\":\"fabiennehaemmerle\",\"@id\":\"https:\\\/\\\/hub.hslu.ch\\\/gemeindengestalten\\\/#\\\/schema\\\/person\\\/53d88d0f500ccf882454b3943d2011a2\"},\"headline\":\"Regional\u00f6konomie Goes International: wie Expertise der HSLU zur St\u00e4rkung albanischer Gemeinden beitr\u00e4gt\",\"datePublished\":\"2024-06-03T06:00:00+00:00\",\"dateModified\":\"2024-07-03T09:27:43+00:00\",\"mainEntityOfPage\":{\"@id\":\"https:\\\/\\\/hub.hslu.ch\\\/gemeindengestalten\\\/regionalokonomie-goes-international\\\/\"},\"wordCount\":695,\"commentCount\":0,\"image\":{\"@id\":\"https:\\\/\\\/hub.hslu.ch\\\/gemeindengestalten\\\/regionalokonomie-goes-international\\\/#primaryimage\"},\"thumbnailUrl\":\"https:\\\/\\\/hub.hslu.ch\\\/gemeindengestalten\\\/wp-content\\\/uploads\\\/sites\\\/26\\\/2024\\\/05\\\/W_FE_IBR_Blog_gemeinden_gestalten_welt3.2.png\",\"keywords\":[\"Dezentralisierung\",\"Digitalisierung\",\"International\",\"\u00f6ffentliche Finanzen\",\"Regional\u00f6konomie\"],\"articleSection\":[\"Dezentralisierung\",\"International\",\"\u00f6ffentliche Finanzen\",\"Regional\u00f6konomie\"],\"inLanguage\":\"de-CH\",\"potentialAction\":[{\"@type\":\"CommentAction\",\"name\":\"Comment\",\"target\":[\"https:\\\/\\\/hub.hslu.ch\\\/gemeindengestalten\\\/regionalokonomie-goes-international\\\/#respond\"]}]},{\"@type\":\"WebPage\",\"@id\":\"https:\\\/\\\/hub.hslu.ch\\\/gemeindengestalten\\\/regionalokonomie-goes-international\\\/\",\"url\":\"https:\\\/\\\/hub.hslu.ch\\\/gemeindengestalten\\\/regionalokonomie-goes-international\\\/\",\"name\":\"Regional\u00f6konomie Goes International: wie Expertise der HSLU zur St\u00e4rkung albanischer Gemeinden beitr\u00e4gt - Gemeinden gestalten\",\"isPartOf\":{\"@id\":\"https:\\\/\\\/hub.hslu.ch\\\/gemeindengestalten\\\/#website\"},\"primaryImageOfPage\":{\"@id\":\"https:\\\/\\\/hub.hslu.ch\\\/gemeindengestalten\\\/regionalokonomie-goes-international\\\/#primaryimage\"},\"image\":{\"@id\":\"https:\\\/\\\/hub.hslu.ch\\\/gemeindengestalten\\\/regionalokonomie-goes-international\\\/#primaryimage\"},\"thumbnailUrl\":\"https:\\\/\\\/hub.hslu.ch\\\/gemeindengestalten\\\/wp-content\\\/uploads\\\/sites\\\/26\\\/2024\\\/05\\\/W_FE_IBR_Blog_gemeinden_gestalten_welt3.2.png\",\"datePublished\":\"2024-06-03T06:00:00+00:00\",\"dateModified\":\"2024-07-03T09:27:43+00:00\",\"author\":{\"@id\":\"https:\\\/\\\/hub.hslu.ch\\\/gemeindengestalten\\\/#\\\/schema\\\/person\\\/53d88d0f500ccf882454b3943d2011a2\"},\"breadcrumb\":{\"@id\":\"https:\\\/\\\/hub.hslu.ch\\\/gemeindengestalten\\\/regionalokonomie-goes-international\\\/#breadcrumb\"},\"inLanguage\":\"de-CH\",\"potentialAction\":[{\"@type\":\"ReadAction\",\"target\":[\"https:\\\/\\\/hub.hslu.ch\\\/gemeindengestalten\\\/regionalokonomie-goes-international\\\/\"]}]},{\"@type\":\"ImageObject\",\"inLanguage\":\"de-CH\",\"@id\":\"https:\\\/\\\/hub.hslu.ch\\\/gemeindengestalten\\\/regionalokonomie-goes-international\\\/#primaryimage\",\"url\":\"https:\\\/\\\/hub.hslu.ch\\\/gemeindengestalten\\\/wp-content\\\/uploads\\\/sites\\\/26\\\/2024\\\/05\\\/W_FE_IBR_Blog_gemeinden_gestalten_welt3.2.png\",\"contentUrl\":\"https:\\\/\\\/hub.hslu.ch\\\/gemeindengestalten\\\/wp-content\\\/uploads\\\/sites\\\/26\\\/2024\\\/05\\\/W_FE_IBR_Blog_gemeinden_gestalten_welt3.2.png\",\"width\":2048,\"height\":1982},{\"@type\":\"BreadcrumbList\",\"@id\":\"https:\\\/\\\/hub.hslu.ch\\\/gemeindengestalten\\\/regionalokonomie-goes-international\\\/#breadcrumb\",\"itemListElement\":[{\"@type\":\"ListItem\",\"position\":1,\"name\":\"Home\",\"item\":\"https:\\\/\\\/hub.hslu.ch\\\/gemeindengestalten\\\/\"},{\"@type\":\"ListItem\",\"position\":2,\"name\":\"Regional\u00f6konomie Goes International: wie Expertise der HSLU zur St\u00e4rkung albanischer Gemeinden beitr\u00e4gt\"}]},{\"@type\":\"WebSite\",\"@id\":\"https:\\\/\\\/hub.hslu.ch\\\/gemeindengestalten\\\/#website\",\"url\":\"https:\\\/\\\/hub.hslu.ch\\\/gemeindengestalten\\\/\",\"name\":\"Gemeinden gestalten\",\"description\":\"Wir bringen Institutionen und Regionen voran.\",\"potentialAction\":[{\"@type\":\"SearchAction\",\"target\":{\"@type\":\"EntryPoint\",\"urlTemplate\":\"https:\\\/\\\/hub.hslu.ch\\\/gemeindengestalten\\\/?s={search_term_string}\"},\"query-input\":{\"@type\":\"PropertyValueSpecification\",\"valueRequired\":true,\"valueName\":\"search_term_string\"}}],\"inLanguage\":\"de-CH\"},{\"@type\":\"Person\",\"@id\":\"https:\\\/\\\/hub.hslu.ch\\\/gemeindengestalten\\\/#\\\/schema\\\/person\\\/53d88d0f500ccf882454b3943d2011a2\",\"name\":\"fabiennehaemmerle\"}]}<\/script>\n<!-- \/ Yoast SEO plugin. -->","yoast_head_json":{"title":"Regional\u00f6konomie Goes International: wie Expertise der HSLU zur St\u00e4rkung albanischer Gemeinden beitr\u00e4gt - Gemeinden gestalten","robots":{"index":"index","follow":"follow","max-snippet":"max-snippet:-1","max-image-preview":"max-image-preview:large","max-video-preview":"max-video-preview:-1"},"canonical":"https:\/\/hub.hslu.ch\/gemeindengestalten\/regionalokonomie-goes-international\/","og_locale":"de_DE","og_type":"article","og_title":"Regional\u00f6konomie Goes International: wie Expertise der HSLU zur St\u00e4rkung albanischer Gemeinden beitr\u00e4gt - Gemeinden gestalten","og_description":"Die Projekte \"Starke Gemeinden\" und \"Local Finance\", finanziert durch Schweizer Institutionen, f\u00f6rdern in Albanien die regionale Entwicklung und Autonomie durch Dezentralisierungs- und Finanzreformen. Stefan Bruni vom IBR der HSLU erl\u00e4utert, wie diese Vorhaben schweizerische Regionalentwicklungsmodelle an lokale Bedingungen anpassen und nachhaltige Ver\u00e4nderungen in der Gemeindeverwaltung erm\u00f6glichen.","og_url":"https:\/\/hub.hslu.ch\/gemeindengestalten\/regionalokonomie-goes-international\/","og_site_name":"Gemeinden gestalten","article_published_time":"2024-06-03T06:00:00+00:00","article_modified_time":"2024-07-03T09:27:43+00:00","og_image":[{"width":2048,"height":1982,"url":"https:\/\/hub.hslu.ch\/gemeindengestalten\/wp-content\/uploads\/sites\/26\/2024\/05\/W_FE_IBR_Blog_gemeinden_gestalten_welt3.2.png","type":"image\/png"}],"author":"fabiennehaemmerle","twitter_card":"summary_large_image","twitter_misc":{"Geschrieben von":"fabiennehaemmerle","Gesch\u00e4tzte Lesezeit":"4\u00a0Minuten"},"schema":{"@context":"https:\/\/schema.org","@graph":[{"@type":"Article","@id":"https:\/\/hub.hslu.ch\/gemeindengestalten\/regionalokonomie-goes-international\/#article","isPartOf":{"@id":"https:\/\/hub.hslu.ch\/gemeindengestalten\/regionalokonomie-goes-international\/"},"author":{"name":"fabiennehaemmerle","@id":"https:\/\/hub.hslu.ch\/gemeindengestalten\/#\/schema\/person\/53d88d0f500ccf882454b3943d2011a2"},"headline":"Regional\u00f6konomie Goes International: wie Expertise der HSLU zur St\u00e4rkung albanischer Gemeinden beitr\u00e4gt","datePublished":"2024-06-03T06:00:00+00:00","dateModified":"2024-07-03T09:27:43+00:00","mainEntityOfPage":{"@id":"https:\/\/hub.hslu.ch\/gemeindengestalten\/regionalokonomie-goes-international\/"},"wordCount":695,"commentCount":0,"image":{"@id":"https:\/\/hub.hslu.ch\/gemeindengestalten\/regionalokonomie-goes-international\/#primaryimage"},"thumbnailUrl":"https:\/\/hub.hslu.ch\/gemeindengestalten\/wp-content\/uploads\/sites\/26\/2024\/05\/W_FE_IBR_Blog_gemeinden_gestalten_welt3.2.png","keywords":["Dezentralisierung","Digitalisierung","International","\u00f6ffentliche Finanzen","Regional\u00f6konomie"],"articleSection":["Dezentralisierung","International","\u00f6ffentliche Finanzen","Regional\u00f6konomie"],"inLanguage":"de-CH","potentialAction":[{"@type":"CommentAction","name":"Comment","target":["https:\/\/hub.hslu.ch\/gemeindengestalten\/regionalokonomie-goes-international\/#respond"]}]},{"@type":"WebPage","@id":"https:\/\/hub.hslu.ch\/gemeindengestalten\/regionalokonomie-goes-international\/","url":"https:\/\/hub.hslu.ch\/gemeindengestalten\/regionalokonomie-goes-international\/","name":"Regional\u00f6konomie Goes International: wie Expertise der HSLU zur St\u00e4rkung albanischer Gemeinden beitr\u00e4gt - Gemeinden gestalten","isPartOf":{"@id":"https:\/\/hub.hslu.ch\/gemeindengestalten\/#website"},"primaryImageOfPage":{"@id":"https:\/\/hub.hslu.ch\/gemeindengestalten\/regionalokonomie-goes-international\/#primaryimage"},"image":{"@id":"https:\/\/hub.hslu.ch\/gemeindengestalten\/regionalokonomie-goes-international\/#primaryimage"},"thumbnailUrl":"https:\/\/hub.hslu.ch\/gemeindengestalten\/wp-content\/uploads\/sites\/26\/2024\/05\/W_FE_IBR_Blog_gemeinden_gestalten_welt3.2.png","datePublished":"2024-06-03T06:00:00+00:00","dateModified":"2024-07-03T09:27:43+00:00","author":{"@id":"https:\/\/hub.hslu.ch\/gemeindengestalten\/#\/schema\/person\/53d88d0f500ccf882454b3943d2011a2"},"breadcrumb":{"@id":"https:\/\/hub.hslu.ch\/gemeindengestalten\/regionalokonomie-goes-international\/#breadcrumb"},"inLanguage":"de-CH","potentialAction":[{"@type":"ReadAction","target":["https:\/\/hub.hslu.ch\/gemeindengestalten\/regionalokonomie-goes-international\/"]}]},{"@type":"ImageObject","inLanguage":"de-CH","@id":"https:\/\/hub.hslu.ch\/gemeindengestalten\/regionalokonomie-goes-international\/#primaryimage","url":"https:\/\/hub.hslu.ch\/gemeindengestalten\/wp-content\/uploads\/sites\/26\/2024\/05\/W_FE_IBR_Blog_gemeinden_gestalten_welt3.2.png","contentUrl":"https:\/\/hub.hslu.ch\/gemeindengestalten\/wp-content\/uploads\/sites\/26\/2024\/05\/W_FE_IBR_Blog_gemeinden_gestalten_welt3.2.png","width":2048,"height":1982},{"@type":"BreadcrumbList","@id":"https:\/\/hub.hslu.ch\/gemeindengestalten\/regionalokonomie-goes-international\/#breadcrumb","itemListElement":[{"@type":"ListItem","position":1,"name":"Home","item":"https:\/\/hub.hslu.ch\/gemeindengestalten\/"},{"@type":"ListItem","position":2,"name":"Regional\u00f6konomie Goes International: wie Expertise der HSLU zur St\u00e4rkung albanischer Gemeinden beitr\u00e4gt"}]},{"@type":"WebSite","@id":"https:\/\/hub.hslu.ch\/gemeindengestalten\/#website","url":"https:\/\/hub.hslu.ch\/gemeindengestalten\/","name":"Gemeinden gestalten","description":"Wir bringen Institutionen und Regionen voran.","potentialAction":[{"@type":"SearchAction","target":{"@type":"EntryPoint","urlTemplate":"https:\/\/hub.hslu.ch\/gemeindengestalten\/?s={search_term_string}"},"query-input":{"@type":"PropertyValueSpecification","valueRequired":true,"valueName":"search_term_string"}}],"inLanguage":"de-CH"},{"@type":"Person","@id":"https:\/\/hub.hslu.ch\/gemeindengestalten\/#\/schema\/person\/53d88d0f500ccf882454b3943d2011a2","name":"fabiennehaemmerle"}]}},"_links":{"self":[{"href":"https:\/\/hub.hslu.ch\/gemeindengestalten\/wp-json\/wp\/v2\/posts\/349","targetHints":{"allow":["GET"]}}],"collection":[{"href":"https:\/\/hub.hslu.ch\/gemeindengestalten\/wp-json\/wp\/v2\/posts"}],"about":[{"href":"https:\/\/hub.hslu.ch\/gemeindengestalten\/wp-json\/wp\/v2\/types\/post"}],"author":[{"embeddable":true,"href":"https:\/\/hub.hslu.ch\/gemeindengestalten\/wp-json\/wp\/v2\/users\/190"}],"replies":[{"embeddable":true,"href":"https:\/\/hub.hslu.ch\/gemeindengestalten\/wp-json\/wp\/v2\/comments?post=349"}],"version-history":[{"count":6,"href":"https:\/\/hub.hslu.ch\/gemeindengestalten\/wp-json\/wp\/v2\/posts\/349\/revisions"}],"predecessor-version":[{"id":376,"href":"https:\/\/hub.hslu.ch\/gemeindengestalten\/wp-json\/wp\/v2\/posts\/349\/revisions\/376"}],"wp:featuredmedia":[{"embeddable":true,"href":"https:\/\/hub.hslu.ch\/gemeindengestalten\/wp-json\/wp\/v2\/media\/357"}],"wp:attachment":[{"href":"https:\/\/hub.hslu.ch\/gemeindengestalten\/wp-json\/wp\/v2\/media?parent=349"}],"wp:term":[{"taxonomy":"category","embeddable":true,"href":"https:\/\/hub.hslu.ch\/gemeindengestalten\/wp-json\/wp\/v2\/categories?post=349"},{"taxonomy":"post_tag","embeddable":true,"href":"https:\/\/hub.hslu.ch\/gemeindengestalten\/wp-json\/wp\/v2\/tags?post=349"}],"curies":[{"name":"wp","href":"https:\/\/api.w.org\/{rel}","templated":true}]}}