{"id":381,"date":"2024-07-09T08:30:00","date_gmt":"2024-07-09T06:30:00","guid":{"rendered":"https:\/\/hub.hslu.ch\/gemeindengestalten\/?p=381"},"modified":"2026-02-11T14:54:13","modified_gmt":"2026-02-11T13:54:13","slug":"erfolgreiche-erste-tagung-gemeinden-aktuell","status":"publish","type":"post","link":"https:\/\/hub.hslu.ch\/gemeindengestalten\/erfolgreiche-erste-tagung-gemeinden-aktuell\/","title":{"rendered":"Erfolgreiche erste Tagung \u00abGemeinden aktuell\u00bb"},"content":{"rendered":"\n\n\n<figure class=\"wp-block-image size-large\"><img loading=\"lazy\" decoding=\"async\" width=\"1024\" height=\"381\" src=\"https:\/\/hub.hslu.ch\/gemeindengestalten\/wp-content\/uploads\/sites\/26\/2024\/07\/Stephan-Kaeppeli_gemeinnuetziges-Wohneigentum-1024x381.jpg\" alt=\"\" class=\"wp-image-383\" srcset=\"https:\/\/hub.hslu.ch\/gemeindengestalten\/wp-content\/uploads\/sites\/26\/2024\/07\/Stephan-Kaeppeli_gemeinnuetziges-Wohneigentum-1024x381.jpg 1024w, https:\/\/hub.hslu.ch\/gemeindengestalten\/wp-content\/uploads\/sites\/26\/2024\/07\/Stephan-Kaeppeli_gemeinnuetziges-Wohneigentum-300x112.jpg 300w, https:\/\/hub.hslu.ch\/gemeindengestalten\/wp-content\/uploads\/sites\/26\/2024\/07\/Stephan-Kaeppeli_gemeinnuetziges-Wohneigentum-768x286.jpg 768w, https:\/\/hub.hslu.ch\/gemeindengestalten\/wp-content\/uploads\/sites\/26\/2024\/07\/Stephan-Kaeppeli_gemeinnuetziges-Wohneigentum-928x345.jpg 928w, https:\/\/hub.hslu.ch\/gemeindengestalten\/wp-content\/uploads\/sites\/26\/2024\/07\/Stephan-Kaeppeli_gemeinnuetziges-Wohneigentum-600x223.jpg 600w, https:\/\/hub.hslu.ch\/gemeindengestalten\/wp-content\/uploads\/sites\/26\/2024\/07\/Stephan-Kaeppeli_gemeinnuetziges-Wohneigentum.jpg 1384w\" sizes=\"auto, (max-width: 1024px) 100vw, 1024px\" \/><figcaption class=\"wp-element-caption\">Tagung \u00abGemeinden aktuell\u00bb vom 21.06.2024: Podiumsdiskussion mit Mary Sidler, Patrik Ziswiler, Stephan K\u00e4ppeli, Karin Colombo und Patrick M\u00fcller<\/figcaption><\/figure>\n\n\n\n<p>An der ersten Nachmittagsveranstaltung des neuen Formats \u00abGemeinden aktuell\u00bb diskutierten Experten und Interessierte die Frage, ob Bauberatungen einen Beitrag zur Beschleunigung von Bauprojekten leisten und Gemeinden entlasten k\u00f6nnen. Zusammen mit Praxispartnern wurden Modelle, Kriterien und Rahmenbedingungen f\u00fcr eine Bauberatung diskutiert, Erfahrungen geteilt und ein praktisches Beispiel aufgezeigt.<\/p>\n\n\n\n<p>Im \u00e4usserst angeregten Podiumsgespr\u00e4ch unter der Leitung von Stephan K\u00e4ppeli kamen die Praxispartner zum Schluss, dass eine <strong>Bauberatung bei anspruchsvollen Bauprojekten<\/strong> <strong>einen wesentlichen Beitrag zur Beschleunigung leisten<\/strong> <strong>und die Verantwortlichen in den Gemeinden entlasten kann<\/strong>. Voraussetzung ist jedoch, dass die Beratung dem Bed\u00fcrfnis der Gemeinde angepasst erfolgt und bestimmte Rahmenbedingungen ber\u00fccksichtigt werden. Die Brosch\u00fcre \u00abEine Bauberatung konzipieren und einf\u00fchren\u00bb liefert diesbez\u00fcglich wertvolle Hinweise. Daneben erachteten die Podiumsteilnehmenden eine <strong>Regionalisierung<\/strong> der Bauberatung f\u00fcr kleine und mittlere Gemeinden als sinnvoll.<\/p>\n\n\n\n<p class=\"has-background\" style=\"background:linear-gradient(90deg,rgb(238,238,238) 100%,rgb(169,184,195) 100%)\"><strong>Die Brosch\u00fcre kann kostenlos heruntergeladen werden: <a href=\"http:\/\/www.hslu.ch\/bauberatung-gemeinden\">www.hslu.ch\/bauberatung-gemeinden<\/a><\/strong><\/p>\n\n\n\n<p>Die n\u00e4chste Veranstaltung im Format \u00abGemeinden aktuell\u00bb ist im November geplant. Das Thema ist noch offen. Vorschl\u00e4ge k\u00f6nnen bis zum 30.07.2024 bei Daniela Herger (<a href=\"&#x6d;&#x61;&#105;lt&#x6f;&#x3a;&#100;&#97;n&#x69;&#x65;&#108;&#97;&#46;&#x68;&#x65;&#x72;&#103;er&#x40;&#x68;&#115;&#108;u&#x2e;&#x63;&#104;\">&#x64;&#x61;&#x6e;&#x69;&#101;&#108;a&#46;h&#x65;&#x72;&#x67;&#x65;&#114;&#64;hsl&#x75;&#x2e;&#x63;&#x68;<\/a>) eingereicht werden.\u00a0<\/p>\n\n\n\n<p class=\"has-small-font-size\">Ver\u00f6ffentlicht am: 9. Juli 2024<\/p>\n","protected":false},"excerpt":{"rendered":"<p>Die erstmalige Durchf\u00fchrung der Tagung zur Frage \u00abBeschleunigen Bauberatungen Projekte und entlasten Gemeinden?\u00bb lockte \u00fcber 70 Teilnehmende an die HSLU.<\/p>\n","protected":false},"author":190,"featured_media":388,"comment_status":"open","ping_status":"open","sticky":false,"template":"","format":"standard","meta":{"_acf_changed":false,"inline_featured_image":false,"footnotes":"","_links_to":"","_links_to_target":""},"categories":[11,12],"tags":[7,6,8,46],"class_list":["post-381","post","type-post","status-publish","format-standard","has-post-thumbnail","hentry","category-bauberatung","category-siedlungsentwicklung-siedlungsentwicklung","tag-bauberatung","tag-regionaloekonomie","tag-siedlungsentwicklung","tag-tagungen"],"acf":[],"yoast_head":"<!-- This site is optimized with the Yoast SEO plugin v27.4 - https:\/\/yoast.com\/product\/yoast-seo-wordpress\/ -->\n<title>Erfolgreiche erste Tagung \u00abGemeinden aktuell\u00bb - Gemeinden gestalten<\/title>\n<meta name=\"description\" content=\"Die erstmalige Durchf\u00fchrung der Tagung zur Frage \u00abBeschleunigen Bauberatungen Projekte und entlasten Gemeinden?\u00bb lockte \u00fcber 70 Teilnehmende an die HSLU.\" \/>\n<meta name=\"robots\" content=\"index, follow, max-snippet:-1, max-image-preview:large, max-video-preview:-1\" \/>\n<link rel=\"canonical\" href=\"https:\/\/hub.hslu.ch\/gemeindengestalten\/erfolgreiche-erste-tagung-gemeinden-aktuell\/\" \/>\n<meta property=\"og:locale\" content=\"de_DE\" \/>\n<meta property=\"og:type\" content=\"article\" \/>\n<meta property=\"og:title\" content=\"Erfolgreiche erste Tagung \u00abGemeinden aktuell\u00bb - Gemeinden gestalten\" \/>\n<meta property=\"og:description\" content=\"Die erstmalige Durchf\u00fchrung der Tagung zur Frage \u00abBeschleunigen Bauberatungen Projekte und entlasten Gemeinden?\u00bb lockte \u00fcber 70 Teilnehmende an die HSLU.\" \/>\n<meta property=\"og:url\" content=\"https:\/\/hub.hslu.ch\/gemeindengestalten\/erfolgreiche-erste-tagung-gemeinden-aktuell\/\" \/>\n<meta property=\"og:site_name\" content=\"Gemeinden gestalten\" \/>\n<meta property=\"article:published_time\" content=\"2024-07-09T06:30:00+00:00\" \/>\n<meta property=\"article:modified_time\" content=\"2026-02-11T13:54:13+00:00\" \/>\n<meta property=\"og:image\" content=\"https:\/\/hub.hslu.ch\/gemeindengestalten\/wp-content\/uploads\/sites\/26\/2024\/07\/W_FE_IBR_Blog_Gemeinden-gestalten_bauberatung_Tagung-e1720084742130.jpg\" \/>\n\t<meta property=\"og:image:width\" content=\"782\" \/>\n\t<meta property=\"og:image:height\" content=\"692\" \/>\n\t<meta property=\"og:image:type\" content=\"image\/jpeg\" \/>\n<meta name=\"author\" content=\"fabiennehaemmerle\" \/>\n<meta name=\"twitter:card\" content=\"summary_large_image\" \/>\n<meta name=\"twitter:label1\" content=\"Geschrieben von\" \/>\n\t<meta name=\"twitter:data1\" content=\"fabiennehaemmerle\" \/>\n\t<meta name=\"twitter:label2\" content=\"Gesch\u00e4tzte Lesezeit\" \/>\n\t<meta name=\"twitter:data2\" content=\"2\u00a0Minuten\" \/>\n<script type=\"application\/ld+json\" class=\"yoast-schema-graph\">{\"@context\":\"https:\\\/\\\/schema.org\",\"@graph\":[{\"@type\":\"Article\",\"@id\":\"https:\\\/\\\/hub.hslu.ch\\\/gemeindengestalten\\\/erfolgreiche-erste-tagung-gemeinden-aktuell\\\/#article\",\"isPartOf\":{\"@id\":\"https:\\\/\\\/hub.hslu.ch\\\/gemeindengestalten\\\/erfolgreiche-erste-tagung-gemeinden-aktuell\\\/\"},\"author\":{\"name\":\"fabiennehaemmerle\",\"@id\":\"https:\\\/\\\/hub.hslu.ch\\\/gemeindengestalten\\\/#\\\/schema\\\/person\\\/53d88d0f500ccf882454b3943d2011a2\"},\"headline\":\"Erfolgreiche erste Tagung \u00abGemeinden aktuell\u00bb\",\"datePublished\":\"2024-07-09T06:30:00+00:00\",\"dateModified\":\"2026-02-11T13:54:13+00:00\",\"mainEntityOfPage\":{\"@id\":\"https:\\\/\\\/hub.hslu.ch\\\/gemeindengestalten\\\/erfolgreiche-erste-tagung-gemeinden-aktuell\\\/\"},\"wordCount\":206,\"commentCount\":0,\"image\":{\"@id\":\"https:\\\/\\\/hub.hslu.ch\\\/gemeindengestalten\\\/erfolgreiche-erste-tagung-gemeinden-aktuell\\\/#primaryimage\"},\"thumbnailUrl\":\"https:\\\/\\\/hub.hslu.ch\\\/gemeindengestalten\\\/wp-content\\\/uploads\\\/sites\\\/26\\\/2024\\\/07\\\/W_FE_IBR_Blog_Gemeinden-gestalten_bauberatung_Tagung-e1720084742130.jpg\",\"keywords\":[\"Bauberatung\",\"Regional\u00f6konomie\",\"Siedlungsentwicklung\",\"Tagungen\"],\"articleSection\":[\"Bauberatung\",\"Siedlungsentwicklung\"],\"inLanguage\":\"de-CH\",\"potentialAction\":[{\"@type\":\"CommentAction\",\"name\":\"Comment\",\"target\":[\"https:\\\/\\\/hub.hslu.ch\\\/gemeindengestalten\\\/erfolgreiche-erste-tagung-gemeinden-aktuell\\\/#respond\"]}]},{\"@type\":\"WebPage\",\"@id\":\"https:\\\/\\\/hub.hslu.ch\\\/gemeindengestalten\\\/erfolgreiche-erste-tagung-gemeinden-aktuell\\\/\",\"url\":\"https:\\\/\\\/hub.hslu.ch\\\/gemeindengestalten\\\/erfolgreiche-erste-tagung-gemeinden-aktuell\\\/\",\"name\":\"Erfolgreiche erste Tagung \u00abGemeinden aktuell\u00bb - Gemeinden gestalten\",\"isPartOf\":{\"@id\":\"https:\\\/\\\/hub.hslu.ch\\\/gemeindengestalten\\\/#website\"},\"primaryImageOfPage\":{\"@id\":\"https:\\\/\\\/hub.hslu.ch\\\/gemeindengestalten\\\/erfolgreiche-erste-tagung-gemeinden-aktuell\\\/#primaryimage\"},\"image\":{\"@id\":\"https:\\\/\\\/hub.hslu.ch\\\/gemeindengestalten\\\/erfolgreiche-erste-tagung-gemeinden-aktuell\\\/#primaryimage\"},\"thumbnailUrl\":\"https:\\\/\\\/hub.hslu.ch\\\/gemeindengestalten\\\/wp-content\\\/uploads\\\/sites\\\/26\\\/2024\\\/07\\\/W_FE_IBR_Blog_Gemeinden-gestalten_bauberatung_Tagung-e1720084742130.jpg\",\"datePublished\":\"2024-07-09T06:30:00+00:00\",\"dateModified\":\"2026-02-11T13:54:13+00:00\",\"author\":{\"@id\":\"https:\\\/\\\/hub.hslu.ch\\\/gemeindengestalten\\\/#\\\/schema\\\/person\\\/53d88d0f500ccf882454b3943d2011a2\"},\"description\":\"Die erstmalige Durchf\u00fchrung der Tagung zur Frage \u00abBeschleunigen Bauberatungen Projekte und entlasten Gemeinden?\u00bb lockte \u00fcber 70 Teilnehmende an die HSLU.\",\"breadcrumb\":{\"@id\":\"https:\\\/\\\/hub.hslu.ch\\\/gemeindengestalten\\\/erfolgreiche-erste-tagung-gemeinden-aktuell\\\/#breadcrumb\"},\"inLanguage\":\"de-CH\",\"potentialAction\":[{\"@type\":\"ReadAction\",\"target\":[\"https:\\\/\\\/hub.hslu.ch\\\/gemeindengestalten\\\/erfolgreiche-erste-tagung-gemeinden-aktuell\\\/\"]}]},{\"@type\":\"ImageObject\",\"inLanguage\":\"de-CH\",\"@id\":\"https:\\\/\\\/hub.hslu.ch\\\/gemeindengestalten\\\/erfolgreiche-erste-tagung-gemeinden-aktuell\\\/#primaryimage\",\"url\":\"https:\\\/\\\/hub.hslu.ch\\\/gemeindengestalten\\\/wp-content\\\/uploads\\\/sites\\\/26\\\/2024\\\/07\\\/W_FE_IBR_Blog_Gemeinden-gestalten_bauberatung_Tagung-e1720084742130.jpg\",\"contentUrl\":\"https:\\\/\\\/hub.hslu.ch\\\/gemeindengestalten\\\/wp-content\\\/uploads\\\/sites\\\/26\\\/2024\\\/07\\\/W_FE_IBR_Blog_Gemeinden-gestalten_bauberatung_Tagung-e1720084742130.jpg\",\"width\":782,\"height\":692},{\"@type\":\"BreadcrumbList\",\"@id\":\"https:\\\/\\\/hub.hslu.ch\\\/gemeindengestalten\\\/erfolgreiche-erste-tagung-gemeinden-aktuell\\\/#breadcrumb\",\"itemListElement\":[{\"@type\":\"ListItem\",\"position\":1,\"name\":\"Home\",\"item\":\"https:\\\/\\\/hub.hslu.ch\\\/gemeindengestalten\\\/\"},{\"@type\":\"ListItem\",\"position\":2,\"name\":\"Erfolgreiche erste Tagung \u00abGemeinden aktuell\u00bb\"}]},{\"@type\":\"WebSite\",\"@id\":\"https:\\\/\\\/hub.hslu.ch\\\/gemeindengestalten\\\/#website\",\"url\":\"https:\\\/\\\/hub.hslu.ch\\\/gemeindengestalten\\\/\",\"name\":\"Gemeinden gestalten\",\"description\":\"Wir bringen Institutionen und Regionen voran.\",\"potentialAction\":[{\"@type\":\"SearchAction\",\"target\":{\"@type\":\"EntryPoint\",\"urlTemplate\":\"https:\\\/\\\/hub.hslu.ch\\\/gemeindengestalten\\\/?s={search_term_string}\"},\"query-input\":{\"@type\":\"PropertyValueSpecification\",\"valueRequired\":true,\"valueName\":\"search_term_string\"}}],\"inLanguage\":\"de-CH\"},{\"@type\":\"Person\",\"@id\":\"https:\\\/\\\/hub.hslu.ch\\\/gemeindengestalten\\\/#\\\/schema\\\/person\\\/53d88d0f500ccf882454b3943d2011a2\",\"name\":\"fabiennehaemmerle\"}]}<\/script>\n<!-- \/ Yoast SEO plugin. -->","yoast_head_json":{"title":"Erfolgreiche erste Tagung \u00abGemeinden aktuell\u00bb - Gemeinden gestalten","description":"Die erstmalige Durchf\u00fchrung der Tagung zur Frage \u00abBeschleunigen Bauberatungen Projekte und entlasten Gemeinden?\u00bb lockte \u00fcber 70 Teilnehmende an die HSLU.","robots":{"index":"index","follow":"follow","max-snippet":"max-snippet:-1","max-image-preview":"max-image-preview:large","max-video-preview":"max-video-preview:-1"},"canonical":"https:\/\/hub.hslu.ch\/gemeindengestalten\/erfolgreiche-erste-tagung-gemeinden-aktuell\/","og_locale":"de_DE","og_type":"article","og_title":"Erfolgreiche erste Tagung \u00abGemeinden aktuell\u00bb - Gemeinden gestalten","og_description":"Die erstmalige Durchf\u00fchrung der Tagung zur Frage \u00abBeschleunigen Bauberatungen Projekte und entlasten Gemeinden?\u00bb lockte \u00fcber 70 Teilnehmende an die HSLU.","og_url":"https:\/\/hub.hslu.ch\/gemeindengestalten\/erfolgreiche-erste-tagung-gemeinden-aktuell\/","og_site_name":"Gemeinden gestalten","article_published_time":"2024-07-09T06:30:00+00:00","article_modified_time":"2026-02-11T13:54:13+00:00","og_image":[{"width":782,"height":692,"url":"https:\/\/hub.hslu.ch\/gemeindengestalten\/wp-content\/uploads\/sites\/26\/2024\/07\/W_FE_IBR_Blog_Gemeinden-gestalten_bauberatung_Tagung-e1720084742130.jpg","type":"image\/jpeg"}],"author":"fabiennehaemmerle","twitter_card":"summary_large_image","twitter_misc":{"Geschrieben von":"fabiennehaemmerle","Gesch\u00e4tzte Lesezeit":"2\u00a0Minuten"},"schema":{"@context":"https:\/\/schema.org","@graph":[{"@type":"Article","@id":"https:\/\/hub.hslu.ch\/gemeindengestalten\/erfolgreiche-erste-tagung-gemeinden-aktuell\/#article","isPartOf":{"@id":"https:\/\/hub.hslu.ch\/gemeindengestalten\/erfolgreiche-erste-tagung-gemeinden-aktuell\/"},"author":{"name":"fabiennehaemmerle","@id":"https:\/\/hub.hslu.ch\/gemeindengestalten\/#\/schema\/person\/53d88d0f500ccf882454b3943d2011a2"},"headline":"Erfolgreiche erste Tagung \u00abGemeinden aktuell\u00bb","datePublished":"2024-07-09T06:30:00+00:00","dateModified":"2026-02-11T13:54:13+00:00","mainEntityOfPage":{"@id":"https:\/\/hub.hslu.ch\/gemeindengestalten\/erfolgreiche-erste-tagung-gemeinden-aktuell\/"},"wordCount":206,"commentCount":0,"image":{"@id":"https:\/\/hub.hslu.ch\/gemeindengestalten\/erfolgreiche-erste-tagung-gemeinden-aktuell\/#primaryimage"},"thumbnailUrl":"https:\/\/hub.hslu.ch\/gemeindengestalten\/wp-content\/uploads\/sites\/26\/2024\/07\/W_FE_IBR_Blog_Gemeinden-gestalten_bauberatung_Tagung-e1720084742130.jpg","keywords":["Bauberatung","Regional\u00f6konomie","Siedlungsentwicklung","Tagungen"],"articleSection":["Bauberatung","Siedlungsentwicklung"],"inLanguage":"de-CH","potentialAction":[{"@type":"CommentAction","name":"Comment","target":["https:\/\/hub.hslu.ch\/gemeindengestalten\/erfolgreiche-erste-tagung-gemeinden-aktuell\/#respond"]}]},{"@type":"WebPage","@id":"https:\/\/hub.hslu.ch\/gemeindengestalten\/erfolgreiche-erste-tagung-gemeinden-aktuell\/","url":"https:\/\/hub.hslu.ch\/gemeindengestalten\/erfolgreiche-erste-tagung-gemeinden-aktuell\/","name":"Erfolgreiche erste Tagung \u00abGemeinden aktuell\u00bb - Gemeinden gestalten","isPartOf":{"@id":"https:\/\/hub.hslu.ch\/gemeindengestalten\/#website"},"primaryImageOfPage":{"@id":"https:\/\/hub.hslu.ch\/gemeindengestalten\/erfolgreiche-erste-tagung-gemeinden-aktuell\/#primaryimage"},"image":{"@id":"https:\/\/hub.hslu.ch\/gemeindengestalten\/erfolgreiche-erste-tagung-gemeinden-aktuell\/#primaryimage"},"thumbnailUrl":"https:\/\/hub.hslu.ch\/gemeindengestalten\/wp-content\/uploads\/sites\/26\/2024\/07\/W_FE_IBR_Blog_Gemeinden-gestalten_bauberatung_Tagung-e1720084742130.jpg","datePublished":"2024-07-09T06:30:00+00:00","dateModified":"2026-02-11T13:54:13+00:00","author":{"@id":"https:\/\/hub.hslu.ch\/gemeindengestalten\/#\/schema\/person\/53d88d0f500ccf882454b3943d2011a2"},"description":"Die erstmalige Durchf\u00fchrung der Tagung zur Frage \u00abBeschleunigen Bauberatungen Projekte und entlasten Gemeinden?\u00bb lockte \u00fcber 70 Teilnehmende an die HSLU.","breadcrumb":{"@id":"https:\/\/hub.hslu.ch\/gemeindengestalten\/erfolgreiche-erste-tagung-gemeinden-aktuell\/#breadcrumb"},"inLanguage":"de-CH","potentialAction":[{"@type":"ReadAction","target":["https:\/\/hub.hslu.ch\/gemeindengestalten\/erfolgreiche-erste-tagung-gemeinden-aktuell\/"]}]},{"@type":"ImageObject","inLanguage":"de-CH","@id":"https:\/\/hub.hslu.ch\/gemeindengestalten\/erfolgreiche-erste-tagung-gemeinden-aktuell\/#primaryimage","url":"https:\/\/hub.hslu.ch\/gemeindengestalten\/wp-content\/uploads\/sites\/26\/2024\/07\/W_FE_IBR_Blog_Gemeinden-gestalten_bauberatung_Tagung-e1720084742130.jpg","contentUrl":"https:\/\/hub.hslu.ch\/gemeindengestalten\/wp-content\/uploads\/sites\/26\/2024\/07\/W_FE_IBR_Blog_Gemeinden-gestalten_bauberatung_Tagung-e1720084742130.jpg","width":782,"height":692},{"@type":"BreadcrumbList","@id":"https:\/\/hub.hslu.ch\/gemeindengestalten\/erfolgreiche-erste-tagung-gemeinden-aktuell\/#breadcrumb","itemListElement":[{"@type":"ListItem","position":1,"name":"Home","item":"https:\/\/hub.hslu.ch\/gemeindengestalten\/"},{"@type":"ListItem","position":2,"name":"Erfolgreiche erste Tagung \u00abGemeinden aktuell\u00bb"}]},{"@type":"WebSite","@id":"https:\/\/hub.hslu.ch\/gemeindengestalten\/#website","url":"https:\/\/hub.hslu.ch\/gemeindengestalten\/","name":"Gemeinden gestalten","description":"Wir bringen Institutionen und Regionen voran.","potentialAction":[{"@type":"SearchAction","target":{"@type":"EntryPoint","urlTemplate":"https:\/\/hub.hslu.ch\/gemeindengestalten\/?s={search_term_string}"},"query-input":{"@type":"PropertyValueSpecification","valueRequired":true,"valueName":"search_term_string"}}],"inLanguage":"de-CH"},{"@type":"Person","@id":"https:\/\/hub.hslu.ch\/gemeindengestalten\/#\/schema\/person\/53d88d0f500ccf882454b3943d2011a2","name":"fabiennehaemmerle"}]}},"_links":{"self":[{"href":"https:\/\/hub.hslu.ch\/gemeindengestalten\/wp-json\/wp\/v2\/posts\/381","targetHints":{"allow":["GET"]}}],"collection":[{"href":"https:\/\/hub.hslu.ch\/gemeindengestalten\/wp-json\/wp\/v2\/posts"}],"about":[{"href":"https:\/\/hub.hslu.ch\/gemeindengestalten\/wp-json\/wp\/v2\/types\/post"}],"author":[{"embeddable":true,"href":"https:\/\/hub.hslu.ch\/gemeindengestalten\/wp-json\/wp\/v2\/users\/190"}],"replies":[{"embeddable":true,"href":"https:\/\/hub.hslu.ch\/gemeindengestalten\/wp-json\/wp\/v2\/comments?post=381"}],"version-history":[{"count":5,"href":"https:\/\/hub.hslu.ch\/gemeindengestalten\/wp-json\/wp\/v2\/posts\/381\/revisions"}],"predecessor-version":[{"id":688,"href":"https:\/\/hub.hslu.ch\/gemeindengestalten\/wp-json\/wp\/v2\/posts\/381\/revisions\/688"}],"wp:featuredmedia":[{"embeddable":true,"href":"https:\/\/hub.hslu.ch\/gemeindengestalten\/wp-json\/wp\/v2\/media\/388"}],"wp:attachment":[{"href":"https:\/\/hub.hslu.ch\/gemeindengestalten\/wp-json\/wp\/v2\/media?parent=381"}],"wp:term":[{"taxonomy":"category","embeddable":true,"href":"https:\/\/hub.hslu.ch\/gemeindengestalten\/wp-json\/wp\/v2\/categories?post=381"},{"taxonomy":"post_tag","embeddable":true,"href":"https:\/\/hub.hslu.ch\/gemeindengestalten\/wp-json\/wp\/v2\/tags?post=381"}],"curies":[{"name":"wp","href":"https:\/\/api.w.org\/{rel}","templated":true}]}}