{"id":472,"date":"2024-12-12T08:00:00","date_gmt":"2024-12-12T07:00:00","guid":{"rendered":"https:\/\/hub.hslu.ch\/gemeindengestalten\/?p=472"},"modified":"2026-02-13T14:06:07","modified_gmt":"2026-02-13T13:06:07","slug":"demografische-alterung-herausforderungen-fuer-gemeinden","status":"publish","type":"post","link":"https:\/\/hub.hslu.ch\/gemeindengestalten\/demografische-alterung-herausforderungen-fuer-gemeinden\/","title":{"rendered":"Demografische Alterung \u2013 Herausforderungen f\u00fcr Gemeinden"},"content":{"rendered":"\n<p>Der Anteil der \u00fcber 64-J\u00e4hrigen hat sich seit 1991 deutlich erh\u00f6ht und erreichte Ende 2023 18.7 Prozent. Es gibt immer mehr Menschen, die auf Versorgung angewiesen sind, und gleichzeitig geht der Anteil der unter 20-J\u00e4hrigen zur\u00fcck.<\/p>\n\n\n\n<p><\/p>\n\n\n\n<p><strong>Steigende Lebenserwartung &amp; sinkende Geburtenrate<\/strong><br>Die Lebenserwartung hat sich in den letzten Jahrzehnten kontinuierlich erh\u00f6ht, &nbsp;M\u00e4nner werden heute durchschnittlich 81 Jahre und Frauen 86 Jahre alt. Im Jahr 2023 haben 70-j\u00e4hrige Frauen im Kanton Luzern eine durchschnittliche verbleibende Lebenszeit von 18,2 Jahren, w\u00e4hrend gleichaltrige M\u00e4nner mit 15,8 weiteren Lebensjahren rechnen k\u00f6nnen. Zum Vergleich: Im Jahr 1981 lag die verbleibende Lebenserwartung f\u00fcr 70-j\u00e4hrige mit 14,2 Jahren bei Frauen und 10,7 Jahren bei M\u00e4nnern deutlich tiefer. Die Geburtenrate im Kanton Luzern weist demgegen\u00fcber seit Jahren eine r\u00fcckl\u00e4ufige Tendenz auf. Aktuell liegt sie bei 1,4 Kindern pro Frau und damit unter dem Niveau von 2.1, das f\u00fcr die nat\u00fcrliche Reproduktion einer Bev\u00f6lkerung notwendig w\u00e4re.<\/p>\n\n\n\n<figure class=\"wp-block-image size-full\"><img loading=\"lazy\" decoding=\"async\" width=\"945\" height=\"683\" src=\"https:\/\/hub.hslu.ch\/gemeindengestalten\/wp-content\/uploads\/sites\/26\/2024\/12\/image.png\" alt=\"\" class=\"wp-image-473\" srcset=\"https:\/\/hub.hslu.ch\/gemeindengestalten\/wp-content\/uploads\/sites\/26\/2024\/12\/image.png 945w, https:\/\/hub.hslu.ch\/gemeindengestalten\/wp-content\/uploads\/sites\/26\/2024\/12\/image-300x217.png 300w, https:\/\/hub.hslu.ch\/gemeindengestalten\/wp-content\/uploads\/sites\/26\/2024\/12\/image-768x555.png 768w, https:\/\/hub.hslu.ch\/gemeindengestalten\/wp-content\/uploads\/sites\/26\/2024\/12\/image-928x671.png 928w, https:\/\/hub.hslu.ch\/gemeindengestalten\/wp-content\/uploads\/sites\/26\/2024\/12\/image-600x434.png 600w\" sizes=\"auto, (max-width: 945px) 100vw, 945px\" \/><\/figure>\n\n\n\n<p><strong>Demografische Trends und ihre Auswirkungen<\/strong><br>2023 kommen auf eine Person im Rentenalter rund 3 Personen im erwerbsf\u00e4higen Alter. Bis 2050 wird dieses Verh\u00e4ltnis auf 1 zu 2 sinken. Besonders markant: Ab 2028 werden erstmals mehr Menschen im Rentenalter im Kanton Luzern leben als Kinder und Jugendliche. Diese Entwicklung stellt die Gemeinden vor etliche Herausforderungen \u2013 von der Anpassung der sozialen Infrastruktur bis hin zu einer zukunftsf\u00e4higen Wohnraumgestaltung.<\/p>\n\n\n\n<p><strong>Lokale Unterschiede in der Altersstruktur<\/strong><\/p>\n\n\n\n<p>Die Altersstruktur der Luzerner Gemeinden variiert stark. W\u00e4hrend Meggen und Weggis mit \u00fcber 27 Prozent die h\u00f6chsten Anteile an \u00e4lteren Menschen aufweisen, sind es in Alberswil und Honau lediglich rund 12 Prozent. F\u00fcr die j\u00fcngere Altersgruppe weisen Gemeinden wie Schlierbach und Meierskappel die h\u00f6chsten Anteile auf.<\/p>\n\n\n\n<p><strong>Gemeinsam L\u00f6sungen gestalten<\/strong><br>Die demografische Alterung betrifft alle Gemeinden \u2013 wenn auch in unterschiedlichem Ausmass. Der Schl\u00fcssel liegt in einer vorausschauenden Planung, die lokale Besonderheiten ber\u00fccksichtigt. So k\u00f6nnen Gemeinden nicht nur auf die Ver\u00e4nderungen reagieren, sondern diese aktiv gestalten. Die folgende Veranstaltung widmet sich dem Thema in den beiden zentralen Bereichen \u00abWohnraum\u00bb und \u00ab\u00d6ffentlicher Raum\u00bb.<\/p>\n\n\n\n<p><em>Dieser Beitrag basiert auf der Publikation von<\/em>: <em><a href=\"https:\/\/www.lustat.ch\/analysen\/bevoelkerung\/2023\/altersstruktur-der-bevoelkerung\">LUSTAT Statistik Luzern \/ 31. Oktober 2024 \/ Autorin: Sibylle Haas <\/a><\/em><\/p>\n\n\n\n<p class=\"has-small-font-size\">Ver\u00f6ffentlicht am 12.12.2024<\/p>\n\n\n\n<p><\/p>\n","protected":false},"excerpt":{"rendered":"<p>Die Bev\u00f6lkerung des Kantons Luzern wird \u00e4lter \u2013 eine Entwicklung, die Gesellschaft und Wirtschaft und damit auch die Gemeinden nachhaltig pr\u00e4gt. Die demografische Alterung ist auf die sinkende Geburtenrate und die steigende Lebenserwartung zur\u00fcckzuf\u00fchren. Wachsender Anteil \u00dcber-65-J\u00e4hrige: Was bedeutet dies f\u00fcr meine Gemeinde? Dieser Frage widmet sich die zweite Nachmittagsveranstaltung im neuen Format \u00abGemeinden aktuell\u00bb der HSLU. <\/p>\n","protected":false},"author":190,"featured_media":568,"comment_status":"open","ping_status":"open","sticky":false,"template":"","format":"standard","meta":{"_acf_changed":false,"inline_featured_image":false,"footnotes":"","_links_to":"","_links_to_target":""},"categories":[52,20,45],"tags":[54,57,53,56,55,58,42],"class_list":["post-472","post","type-post","status-publish","format-standard","has-post-thumbnail","hentry","category-demografie","category-gemeindeentwicklung","category-wohnen","tag-alter","tag-bevoelkerungsentwicklung","tag-demografie","tag-demografische-alterung","tag-herausforderungen","tag-lebenserwartung","tag-wohnen"],"acf":[],"yoast_head":"<!-- This site is optimized with the Yoast SEO plugin v27.5 - https:\/\/yoast.com\/product\/yoast-seo-wordpress\/ -->\n<title>Demografische Alterung \u2013 Herausforderungen f\u00fcr Gemeinden - Gemeinden gestalten<\/title>\n<meta name=\"robots\" content=\"index, follow, max-snippet:-1, max-image-preview:large, max-video-preview:-1\" \/>\n<link rel=\"canonical\" href=\"https:\/\/hub.hslu.ch\/gemeindengestalten\/demografische-alterung-herausforderungen-fuer-gemeinden\/\" \/>\n<meta property=\"og:locale\" content=\"de_DE\" \/>\n<meta property=\"og:type\" content=\"article\" \/>\n<meta property=\"og:title\" content=\"Demografische Alterung \u2013 Herausforderungen f\u00fcr Gemeinden - Gemeinden gestalten\" \/>\n<meta property=\"og:description\" content=\"Die Bev\u00f6lkerung des Kantons Luzern wird \u00e4lter \u2013 eine Entwicklung, die Gesellschaft und Wirtschaft und damit auch die Gemeinden nachhaltig pr\u00e4gt. Die demografische Alterung ist auf die sinkende Geburtenrate und die steigende Lebenserwartung zur\u00fcckzuf\u00fchren. Wachsender Anteil \u00dcber-65-J\u00e4hrige: Was bedeutet dies f\u00fcr meine Gemeinde? Dieser Frage widmet sich die zweite Nachmittagsveranstaltung im neuen Format \u00abGemeinden aktuell\u00bb der HSLU.\" \/>\n<meta property=\"og:url\" content=\"https:\/\/hub.hslu.ch\/gemeindengestalten\/demografische-alterung-herausforderungen-fuer-gemeinden\/\" \/>\n<meta property=\"og:site_name\" content=\"Gemeinden gestalten\" \/>\n<meta property=\"article:published_time\" content=\"2024-12-12T07:00:00+00:00\" \/>\n<meta property=\"article:modified_time\" content=\"2026-02-13T13:06:07+00:00\" \/>\n<meta property=\"og:image\" content=\"https:\/\/hub.hslu.ch\/gemeindengestalten\/wp-content\/uploads\/sites\/26\/2025\/03\/DALL\u00b7E-2025-03-18-15.48.39-80-year-old-couple-sitting-on-a-bench4.png\" \/>\n\t<meta property=\"og:image:width\" content=\"884\" \/>\n\t<meta property=\"og:image:height\" content=\"763\" \/>\n\t<meta property=\"og:image:type\" content=\"image\/png\" \/>\n<meta name=\"author\" content=\"fabiennehaemmerle\" \/>\n<meta name=\"twitter:card\" content=\"summary_large_image\" \/>\n<meta name=\"twitter:label1\" content=\"Geschrieben von\" \/>\n\t<meta name=\"twitter:data1\" content=\"fabiennehaemmerle\" \/>\n\t<meta name=\"twitter:label2\" content=\"Gesch\u00e4tzte Lesezeit\" \/>\n\t<meta name=\"twitter:data2\" content=\"3\u00a0Minuten\" \/>\n<script type=\"application\/ld+json\" class=\"yoast-schema-graph\">{\"@context\":\"https:\\\/\\\/schema.org\",\"@graph\":[{\"@type\":\"Article\",\"@id\":\"https:\\\/\\\/hub.hslu.ch\\\/gemeindengestalten\\\/demografische-alterung-herausforderungen-fuer-gemeinden\\\/#article\",\"isPartOf\":{\"@id\":\"https:\\\/\\\/hub.hslu.ch\\\/gemeindengestalten\\\/demografische-alterung-herausforderungen-fuer-gemeinden\\\/\"},\"author\":{\"name\":\"fabiennehaemmerle\",\"@id\":\"https:\\\/\\\/hub.hslu.ch\\\/gemeindengestalten\\\/#\\\/schema\\\/person\\\/53d88d0f500ccf882454b3943d2011a2\"},\"headline\":\"Demografische Alterung \u2013 Herausforderungen f\u00fcr Gemeinden\",\"datePublished\":\"2024-12-12T07:00:00+00:00\",\"dateModified\":\"2026-02-13T13:06:07+00:00\",\"mainEntityOfPage\":{\"@id\":\"https:\\\/\\\/hub.hslu.ch\\\/gemeindengestalten\\\/demografische-alterung-herausforderungen-fuer-gemeinden\\\/\"},\"wordCount\":354,\"commentCount\":0,\"image\":{\"@id\":\"https:\\\/\\\/hub.hslu.ch\\\/gemeindengestalten\\\/demografische-alterung-herausforderungen-fuer-gemeinden\\\/#primaryimage\"},\"thumbnailUrl\":\"https:\\\/\\\/hub.hslu.ch\\\/gemeindengestalten\\\/wp-content\\\/uploads\\\/sites\\\/26\\\/2025\\\/03\\\/DALL\u00b7E-2025-03-18-15.48.39-80-year-old-couple-sitting-on-a-bench4.png\",\"keywords\":[\"Alter\",\"Bev\u00f6lkerungsentwicklung\",\"Demografie\",\"Demografische Alterung\",\"Herausforderungen\",\"Lebenserwartung\",\"Wohnen\"],\"articleSection\":[\"Demografie\",\"Gemeindeentwicklung\",\"Wohnen\"],\"inLanguage\":\"de-CH\",\"potentialAction\":[{\"@type\":\"CommentAction\",\"name\":\"Comment\",\"target\":[\"https:\\\/\\\/hub.hslu.ch\\\/gemeindengestalten\\\/demografische-alterung-herausforderungen-fuer-gemeinden\\\/#respond\"]}]},{\"@type\":\"WebPage\",\"@id\":\"https:\\\/\\\/hub.hslu.ch\\\/gemeindengestalten\\\/demografische-alterung-herausforderungen-fuer-gemeinden\\\/\",\"url\":\"https:\\\/\\\/hub.hslu.ch\\\/gemeindengestalten\\\/demografische-alterung-herausforderungen-fuer-gemeinden\\\/\",\"name\":\"Demografische Alterung \u2013 Herausforderungen f\u00fcr Gemeinden - Gemeinden gestalten\",\"isPartOf\":{\"@id\":\"https:\\\/\\\/hub.hslu.ch\\\/gemeindengestalten\\\/#website\"},\"primaryImageOfPage\":{\"@id\":\"https:\\\/\\\/hub.hslu.ch\\\/gemeindengestalten\\\/demografische-alterung-herausforderungen-fuer-gemeinden\\\/#primaryimage\"},\"image\":{\"@id\":\"https:\\\/\\\/hub.hslu.ch\\\/gemeindengestalten\\\/demografische-alterung-herausforderungen-fuer-gemeinden\\\/#primaryimage\"},\"thumbnailUrl\":\"https:\\\/\\\/hub.hslu.ch\\\/gemeindengestalten\\\/wp-content\\\/uploads\\\/sites\\\/26\\\/2025\\\/03\\\/DALL\u00b7E-2025-03-18-15.48.39-80-year-old-couple-sitting-on-a-bench4.png\",\"datePublished\":\"2024-12-12T07:00:00+00:00\",\"dateModified\":\"2026-02-13T13:06:07+00:00\",\"author\":{\"@id\":\"https:\\\/\\\/hub.hslu.ch\\\/gemeindengestalten\\\/#\\\/schema\\\/person\\\/53d88d0f500ccf882454b3943d2011a2\"},\"breadcrumb\":{\"@id\":\"https:\\\/\\\/hub.hslu.ch\\\/gemeindengestalten\\\/demografische-alterung-herausforderungen-fuer-gemeinden\\\/#breadcrumb\"},\"inLanguage\":\"de-CH\",\"potentialAction\":[{\"@type\":\"ReadAction\",\"target\":[\"https:\\\/\\\/hub.hslu.ch\\\/gemeindengestalten\\\/demografische-alterung-herausforderungen-fuer-gemeinden\\\/\"]}]},{\"@type\":\"ImageObject\",\"inLanguage\":\"de-CH\",\"@id\":\"https:\\\/\\\/hub.hslu.ch\\\/gemeindengestalten\\\/demografische-alterung-herausforderungen-fuer-gemeinden\\\/#primaryimage\",\"url\":\"https:\\\/\\\/hub.hslu.ch\\\/gemeindengestalten\\\/wp-content\\\/uploads\\\/sites\\\/26\\\/2025\\\/03\\\/DALL\u00b7E-2025-03-18-15.48.39-80-year-old-couple-sitting-on-a-bench4.png\",\"contentUrl\":\"https:\\\/\\\/hub.hslu.ch\\\/gemeindengestalten\\\/wp-content\\\/uploads\\\/sites\\\/26\\\/2025\\\/03\\\/DALL\u00b7E-2025-03-18-15.48.39-80-year-old-couple-sitting-on-a-bench4.png\",\"width\":884,\"height\":763},{\"@type\":\"BreadcrumbList\",\"@id\":\"https:\\\/\\\/hub.hslu.ch\\\/gemeindengestalten\\\/demografische-alterung-herausforderungen-fuer-gemeinden\\\/#breadcrumb\",\"itemListElement\":[{\"@type\":\"ListItem\",\"position\":1,\"name\":\"Home\",\"item\":\"https:\\\/\\\/hub.hslu.ch\\\/gemeindengestalten\\\/\"},{\"@type\":\"ListItem\",\"position\":2,\"name\":\"Demografische Alterung \u2013 Herausforderungen f\u00fcr Gemeinden\"}]},{\"@type\":\"WebSite\",\"@id\":\"https:\\\/\\\/hub.hslu.ch\\\/gemeindengestalten\\\/#website\",\"url\":\"https:\\\/\\\/hub.hslu.ch\\\/gemeindengestalten\\\/\",\"name\":\"Gemeinden gestalten\",\"description\":\"Wir bringen Institutionen und Regionen voran.\",\"potentialAction\":[{\"@type\":\"SearchAction\",\"target\":{\"@type\":\"EntryPoint\",\"urlTemplate\":\"https:\\\/\\\/hub.hslu.ch\\\/gemeindengestalten\\\/?s={search_term_string}\"},\"query-input\":{\"@type\":\"PropertyValueSpecification\",\"valueRequired\":true,\"valueName\":\"search_term_string\"}}],\"inLanguage\":\"de-CH\"},{\"@type\":\"Person\",\"@id\":\"https:\\\/\\\/hub.hslu.ch\\\/gemeindengestalten\\\/#\\\/schema\\\/person\\\/53d88d0f500ccf882454b3943d2011a2\",\"name\":\"fabiennehaemmerle\"}]}<\/script>\n<!-- \/ Yoast SEO plugin. -->","yoast_head_json":{"title":"Demografische Alterung \u2013 Herausforderungen f\u00fcr Gemeinden - Gemeinden gestalten","robots":{"index":"index","follow":"follow","max-snippet":"max-snippet:-1","max-image-preview":"max-image-preview:large","max-video-preview":"max-video-preview:-1"},"canonical":"https:\/\/hub.hslu.ch\/gemeindengestalten\/demografische-alterung-herausforderungen-fuer-gemeinden\/","og_locale":"de_DE","og_type":"article","og_title":"Demografische Alterung \u2013 Herausforderungen f\u00fcr Gemeinden - Gemeinden gestalten","og_description":"Die Bev\u00f6lkerung des Kantons Luzern wird \u00e4lter \u2013 eine Entwicklung, die Gesellschaft und Wirtschaft und damit auch die Gemeinden nachhaltig pr\u00e4gt. Die demografische Alterung ist auf die sinkende Geburtenrate und die steigende Lebenserwartung zur\u00fcckzuf\u00fchren. Wachsender Anteil \u00dcber-65-J\u00e4hrige: Was bedeutet dies f\u00fcr meine Gemeinde? Dieser Frage widmet sich die zweite Nachmittagsveranstaltung im neuen Format \u00abGemeinden aktuell\u00bb der HSLU.","og_url":"https:\/\/hub.hslu.ch\/gemeindengestalten\/demografische-alterung-herausforderungen-fuer-gemeinden\/","og_site_name":"Gemeinden gestalten","article_published_time":"2024-12-12T07:00:00+00:00","article_modified_time":"2026-02-13T13:06:07+00:00","og_image":[{"width":884,"height":763,"url":"https:\/\/hub.hslu.ch\/gemeindengestalten\/wp-content\/uploads\/sites\/26\/2025\/03\/DALL\u00b7E-2025-03-18-15.48.39-80-year-old-couple-sitting-on-a-bench4.png","type":"image\/png"}],"author":"fabiennehaemmerle","twitter_card":"summary_large_image","twitter_misc":{"Geschrieben von":"fabiennehaemmerle","Gesch\u00e4tzte Lesezeit":"3\u00a0Minuten"},"schema":{"@context":"https:\/\/schema.org","@graph":[{"@type":"Article","@id":"https:\/\/hub.hslu.ch\/gemeindengestalten\/demografische-alterung-herausforderungen-fuer-gemeinden\/#article","isPartOf":{"@id":"https:\/\/hub.hslu.ch\/gemeindengestalten\/demografische-alterung-herausforderungen-fuer-gemeinden\/"},"author":{"name":"fabiennehaemmerle","@id":"https:\/\/hub.hslu.ch\/gemeindengestalten\/#\/schema\/person\/53d88d0f500ccf882454b3943d2011a2"},"headline":"Demografische Alterung \u2013 Herausforderungen f\u00fcr Gemeinden","datePublished":"2024-12-12T07:00:00+00:00","dateModified":"2026-02-13T13:06:07+00:00","mainEntityOfPage":{"@id":"https:\/\/hub.hslu.ch\/gemeindengestalten\/demografische-alterung-herausforderungen-fuer-gemeinden\/"},"wordCount":354,"commentCount":0,"image":{"@id":"https:\/\/hub.hslu.ch\/gemeindengestalten\/demografische-alterung-herausforderungen-fuer-gemeinden\/#primaryimage"},"thumbnailUrl":"https:\/\/hub.hslu.ch\/gemeindengestalten\/wp-content\/uploads\/sites\/26\/2025\/03\/DALL\u00b7E-2025-03-18-15.48.39-80-year-old-couple-sitting-on-a-bench4.png","keywords":["Alter","Bev\u00f6lkerungsentwicklung","Demografie","Demografische Alterung","Herausforderungen","Lebenserwartung","Wohnen"],"articleSection":["Demografie","Gemeindeentwicklung","Wohnen"],"inLanguage":"de-CH","potentialAction":[{"@type":"CommentAction","name":"Comment","target":["https:\/\/hub.hslu.ch\/gemeindengestalten\/demografische-alterung-herausforderungen-fuer-gemeinden\/#respond"]}]},{"@type":"WebPage","@id":"https:\/\/hub.hslu.ch\/gemeindengestalten\/demografische-alterung-herausforderungen-fuer-gemeinden\/","url":"https:\/\/hub.hslu.ch\/gemeindengestalten\/demografische-alterung-herausforderungen-fuer-gemeinden\/","name":"Demografische Alterung \u2013 Herausforderungen f\u00fcr Gemeinden - Gemeinden gestalten","isPartOf":{"@id":"https:\/\/hub.hslu.ch\/gemeindengestalten\/#website"},"primaryImageOfPage":{"@id":"https:\/\/hub.hslu.ch\/gemeindengestalten\/demografische-alterung-herausforderungen-fuer-gemeinden\/#primaryimage"},"image":{"@id":"https:\/\/hub.hslu.ch\/gemeindengestalten\/demografische-alterung-herausforderungen-fuer-gemeinden\/#primaryimage"},"thumbnailUrl":"https:\/\/hub.hslu.ch\/gemeindengestalten\/wp-content\/uploads\/sites\/26\/2025\/03\/DALL\u00b7E-2025-03-18-15.48.39-80-year-old-couple-sitting-on-a-bench4.png","datePublished":"2024-12-12T07:00:00+00:00","dateModified":"2026-02-13T13:06:07+00:00","author":{"@id":"https:\/\/hub.hslu.ch\/gemeindengestalten\/#\/schema\/person\/53d88d0f500ccf882454b3943d2011a2"},"breadcrumb":{"@id":"https:\/\/hub.hslu.ch\/gemeindengestalten\/demografische-alterung-herausforderungen-fuer-gemeinden\/#breadcrumb"},"inLanguage":"de-CH","potentialAction":[{"@type":"ReadAction","target":["https:\/\/hub.hslu.ch\/gemeindengestalten\/demografische-alterung-herausforderungen-fuer-gemeinden\/"]}]},{"@type":"ImageObject","inLanguage":"de-CH","@id":"https:\/\/hub.hslu.ch\/gemeindengestalten\/demografische-alterung-herausforderungen-fuer-gemeinden\/#primaryimage","url":"https:\/\/hub.hslu.ch\/gemeindengestalten\/wp-content\/uploads\/sites\/26\/2025\/03\/DALL\u00b7E-2025-03-18-15.48.39-80-year-old-couple-sitting-on-a-bench4.png","contentUrl":"https:\/\/hub.hslu.ch\/gemeindengestalten\/wp-content\/uploads\/sites\/26\/2025\/03\/DALL\u00b7E-2025-03-18-15.48.39-80-year-old-couple-sitting-on-a-bench4.png","width":884,"height":763},{"@type":"BreadcrumbList","@id":"https:\/\/hub.hslu.ch\/gemeindengestalten\/demografische-alterung-herausforderungen-fuer-gemeinden\/#breadcrumb","itemListElement":[{"@type":"ListItem","position":1,"name":"Home","item":"https:\/\/hub.hslu.ch\/gemeindengestalten\/"},{"@type":"ListItem","position":2,"name":"Demografische Alterung \u2013 Herausforderungen f\u00fcr Gemeinden"}]},{"@type":"WebSite","@id":"https:\/\/hub.hslu.ch\/gemeindengestalten\/#website","url":"https:\/\/hub.hslu.ch\/gemeindengestalten\/","name":"Gemeinden gestalten","description":"Wir bringen Institutionen und Regionen voran.","potentialAction":[{"@type":"SearchAction","target":{"@type":"EntryPoint","urlTemplate":"https:\/\/hub.hslu.ch\/gemeindengestalten\/?s={search_term_string}"},"query-input":{"@type":"PropertyValueSpecification","valueRequired":true,"valueName":"search_term_string"}}],"inLanguage":"de-CH"},{"@type":"Person","@id":"https:\/\/hub.hslu.ch\/gemeindengestalten\/#\/schema\/person\/53d88d0f500ccf882454b3943d2011a2","name":"fabiennehaemmerle"}]}},"_links":{"self":[{"href":"https:\/\/hub.hslu.ch\/gemeindengestalten\/wp-json\/wp\/v2\/posts\/472","targetHints":{"allow":["GET"]}}],"collection":[{"href":"https:\/\/hub.hslu.ch\/gemeindengestalten\/wp-json\/wp\/v2\/posts"}],"about":[{"href":"https:\/\/hub.hslu.ch\/gemeindengestalten\/wp-json\/wp\/v2\/types\/post"}],"author":[{"embeddable":true,"href":"https:\/\/hub.hslu.ch\/gemeindengestalten\/wp-json\/wp\/v2\/users\/190"}],"replies":[{"embeddable":true,"href":"https:\/\/hub.hslu.ch\/gemeindengestalten\/wp-json\/wp\/v2\/comments?post=472"}],"version-history":[{"count":18,"href":"https:\/\/hub.hslu.ch\/gemeindengestalten\/wp-json\/wp\/v2\/posts\/472\/revisions"}],"predecessor-version":[{"id":710,"href":"https:\/\/hub.hslu.ch\/gemeindengestalten\/wp-json\/wp\/v2\/posts\/472\/revisions\/710"}],"wp:featuredmedia":[{"embeddable":true,"href":"https:\/\/hub.hslu.ch\/gemeindengestalten\/wp-json\/wp\/v2\/media\/568"}],"wp:attachment":[{"href":"https:\/\/hub.hslu.ch\/gemeindengestalten\/wp-json\/wp\/v2\/media?parent=472"}],"wp:term":[{"taxonomy":"category","embeddable":true,"href":"https:\/\/hub.hslu.ch\/gemeindengestalten\/wp-json\/wp\/v2\/categories?post=472"},{"taxonomy":"post_tag","embeddable":true,"href":"https:\/\/hub.hslu.ch\/gemeindengestalten\/wp-json\/wp\/v2\/tags?post=472"}],"curies":[{"name":"wp","href":"https:\/\/api.w.org\/{rel}","templated":true}]}}