{"id":586,"date":"2025-06-27T09:39:05","date_gmt":"2025-06-27T07:39:05","guid":{"rendered":"https:\/\/hub.hslu.ch\/gemeindengestalten\/?p=586"},"modified":"2025-06-27T09:44:39","modified_gmt":"2025-06-27T07:44:39","slug":"klein-verbunden-und-gefordert-warum-sich-gemeinden-wie-wiliberg-ihrer-zukunft-stellen-muessen","status":"publish","type":"post","link":"https:\/\/hub.hslu.ch\/gemeindengestalten\/klein-verbunden-und-gefordert-warum-sich-gemeinden-wie-wiliberg-ihrer-zukunft-stellen-muessen\/","title":{"rendered":"Klein, verbunden \u2013 und gefordert: Warum sich Gemeinden wie Wiliberg ihrer Zukunft stellen m\u00fcssen"},"content":{"rendered":"\n<p>Wiliberg ist mit 167 Einwohnerinnen und Einwohnern die kleinste Gemeinde im Kanton Aargau. Und Wiliberg ist ein Paradebeispiel f\u00fcr eine Entwicklung, die viele kleine Gemeinden in der Schweiz betrifft: Eine hohe emotionale Verbundenheit der Bev\u00f6lkerung mit ihrer Gemeinde steht Herausforderungen gegen\u00fcber, die sich im Alltag des kommunalen Funktionierens bemerkbar machen.<\/p>\n\n\n\n<p>Im Fr\u00fchjahr 2025 hat der Gemeinderat Wiliberg die Bev\u00f6lkerung befragt: Wie zufrieden sind die Menschen mit dem Leben in der Gemeinde? Welche Erwartungen haben sie an die Zukunft? Und wie stehen sie zu einer m\u00f6glichen Gemeindefusion? Die Resultate zeichnen ein differenziertes Bild: Die Zufriedenheit ist hoch. Fast 90 Prozent f\u00fchlen sich mit Wiliberg verbunden, ein Grossteil sch\u00e4tzt die Lebensqualit\u00e4t im Dorf. Auch die interkommunale Zusammenarbeit funktioniert gut und wird von der Bev\u00f6lkerung mehrheitlich positiv bewertet.<\/p>\n\n\n\n<p>Gleichzeitig zeigt sich aber auch: Die politische Beteiligung bleibt selektiv. Zwar interessieren sich viele f\u00fcr die Gemeindepolitik, aber weniger als die H\u00e4lfte nimmt regelm\u00e4ssig an Gemeindeversammlungen teil. Und die Bereitschaft, ein \u00f6ffentliches Amt zu \u00fcbernehmen, ist begrenzt.<\/p>\n\n\n\n<figure class=\"wp-block-image size-large\"><img loading=\"lazy\" decoding=\"async\" width=\"1024\" height=\"684\" src=\"https:\/\/hub.hslu.ch\/gemeindengestalten\/wp-content\/uploads\/sites\/26\/2025\/06\/wiliberg_img_xlarge-1024x684.jpg\" alt=\"\" class=\"wp-image-587\" srcset=\"https:\/\/hub.hslu.ch\/gemeindengestalten\/wp-content\/uploads\/sites\/26\/2025\/06\/wiliberg_img_xlarge-1024x684.jpg 1024w, https:\/\/hub.hslu.ch\/gemeindengestalten\/wp-content\/uploads\/sites\/26\/2025\/06\/wiliberg_img_xlarge-300x200.jpg 300w, https:\/\/hub.hslu.ch\/gemeindengestalten\/wp-content\/uploads\/sites\/26\/2025\/06\/wiliberg_img_xlarge-768x513.jpg 768w, https:\/\/hub.hslu.ch\/gemeindengestalten\/wp-content\/uploads\/sites\/26\/2025\/06\/wiliberg_img_xlarge-928x620.jpg 928w, https:\/\/hub.hslu.ch\/gemeindengestalten\/wp-content\/uploads\/sites\/26\/2025\/06\/wiliberg_img_xlarge-600x401.jpg 600w, https:\/\/hub.hslu.ch\/gemeindengestalten\/wp-content\/uploads\/sites\/26\/2025\/06\/wiliberg_img_xlarge.jpg 1378w\" sizes=\"auto, (max-width: 1024px) 100vw, 1024px\" \/><\/figure>\n\n\n\n<p><sup>Quelle: <a href=\"https:\/\/www.wiliberg.ch\/portraet\/fotos.html\/136\">www.wiliberg.ch<\/a> <\/sup><\/p>\n\n\n\n<p>Die Befragung zeigt, dass diese Herausforderungen von der Bev\u00f6lkerung durchaus erkannt werden. Eine Mehrheit spricht sich daf\u00fcr aus, dass fundierte Abkl\u00e4rungen zu einer m\u00f6glichen Fusion getroffen werden sollen. Gleichwohl ist die Haltung ambivalent: Viele Menschen h\u00e4ngen an der Eigenst\u00e4ndigkeit ihrer Gemeinde. Sie f\u00fcrchten einen Verlust an Mitsprache, h\u00f6here Steuern oder ein schwindendes Dorfleben.<\/p>\n\n\n\n<p>Diese Ambivalenz verweist auf ein Spannungsfeld, das auch in anderen kleinen Gemeinden beobachtet werden kann: Auf der einen Seite steht das Bed\u00fcrfnis nach N\u00e4he, Identifikation und Selbstbestimmung. Auf der anderen Seite die Einsicht, dass gewisse Aufgaben zunehmend nur noch gemeinsam \u2013 mit anderen Gemeinden oder auf regionaler Ebene \u2013 erf\u00fcllt werden k\u00f6nnen.<\/p>\n\n\n\n<h2 class=\"wp-block-heading\">Fazit<\/h2>\n\n\n\n<p>Die Gemeinde Wiliberg hat mit der Bev\u00f6lkerungsbefragung einen wichtigen Schritt gemacht. Sie hat den Dialog \u00fcber die Zukunft aufgenommen \u2013 offen, transparent und mit Blick auf die realen Herausforderungen. Wie es weitergeht, wird auch davon abh\u00e4ngen, wie gut es gelingt, diesen Dialog fortzuf\u00fchren: mit Respekt f\u00fcr die bestehende Identit\u00e4t, aber auch mit dem Mut, neue Formen des Gemeinsamen zu denken.<\/p>\n\n\n\n<figure class=\"wp-block-table\"><table class=\"has-fixed-layout\"><tbody><tr><td>Gemeinden, die ebenfalls einen systematischen Zukunftsdialog mit ihrer Bev\u00f6lkerung gestalten m\u00f6chten, finden im <a href=\"https:\/\/www.hslu.ch\/de-ch\/wirtschaft\/ueber-uns\/institute\/ibr\/kompetenzen\/public-and-nonprofit-management\/\">Kompetenzzentrum Public and Nonprofit Management<\/a> der HSLU die passende Anlaufstelle.<\/td><\/tr><\/tbody><\/table><\/figure>\n\n\n\n<p><sub>Ver\u00f6ffentlicht am 27.06.2025<\/sub><\/p>\n","protected":false},"excerpt":{"rendered":"<p>Die Gemeinde Wiliberg ist ein Paradebeispiel f\u00fcr eine Entwicklung, die viele kleine Gemeinden in der Schweiz betrifft: Eine hohe emotionale Verbundenheit der Bev\u00f6lkerung mit ihrer Gemeinde steht Herausforderungen gegen\u00fcber, die sich im Alltag des kommunalen Funktionierens bemerkbar machen.<\/p>\n","protected":false},"author":188,"featured_media":593,"comment_status":"open","ping_status":"open","sticky":false,"template":"","format":"standard","meta":{"_acf_changed":false,"inline_featured_image":false,"footnotes":"","_links_to":"","_links_to_target":""},"categories":[52,20,26,47],"tags":[],"class_list":["post-586","post","type-post","status-publish","format-standard","has-post-thumbnail","hentry","category-demografie","category-gemeindeentwicklung","category-gemeindefuehrung","category-partizipation"],"acf":[],"yoast_head":"<!-- This site is optimized with the Yoast SEO plugin v27.5 - https:\/\/yoast.com\/product\/yoast-seo-wordpress\/ -->\n<title>Klein, verbunden \u2013 und gefordert: Warum sich Gemeinden wie Wiliberg ihrer Zukunft stellen m\u00fcssen - Gemeinden gestalten<\/title>\n<meta name=\"description\" content=\"Wie gehen emotional verbundene, aber strukturell geforderte Kleingemeinden mit Zukunftsfragen um. Ein offener Dialog zwischen Tradition und notwendigen Ver\u00e4nderungen ist unverzichtbar.\" \/>\n<meta name=\"robots\" content=\"index, follow, max-snippet:-1, max-image-preview:large, max-video-preview:-1\" \/>\n<link rel=\"canonical\" href=\"https:\/\/hub.hslu.ch\/gemeindengestalten\/klein-verbunden-und-gefordert-warum-sich-gemeinden-wie-wiliberg-ihrer-zukunft-stellen-muessen\/\" \/>\n<meta property=\"og:locale\" content=\"de_DE\" \/>\n<meta property=\"og:type\" content=\"article\" \/>\n<meta property=\"og:title\" content=\"Klein, verbunden \u2013 und gefordert: Warum sich Gemeinden wie Wiliberg ihrer Zukunft stellen m\u00fcssen - Gemeinden gestalten\" \/>\n<meta property=\"og:description\" content=\"Wie gehen emotional verbundene, aber strukturell geforderte Kleingemeinden mit Zukunftsfragen um. Ein offener Dialog zwischen Tradition und notwendigen Ver\u00e4nderungen ist unverzichtbar.\" \/>\n<meta property=\"og:url\" content=\"https:\/\/hub.hslu.ch\/gemeindengestalten\/klein-verbunden-und-gefordert-warum-sich-gemeinden-wie-wiliberg-ihrer-zukunft-stellen-muessen\/\" \/>\n<meta property=\"og:site_name\" content=\"Gemeinden gestalten\" \/>\n<meta property=\"article:published_time\" content=\"2025-06-27T07:39:05+00:00\" \/>\n<meta property=\"article:modified_time\" content=\"2025-06-27T07:44:39+00:00\" \/>\n<meta property=\"og:image\" content=\"https:\/\/hub.hslu.ch\/gemeindengestalten\/wp-content\/uploads\/sites\/26\/2025\/06\/gde-gestalten-blog.png\" \/>\n\t<meta property=\"og:image:width\" content=\"1536\" \/>\n\t<meta property=\"og:image:height\" content=\"1024\" \/>\n\t<meta property=\"og:image:type\" content=\"image\/png\" \/>\n<meta name=\"author\" content=\"marcoeichenberger\" \/>\n<meta name=\"twitter:card\" content=\"summary_large_image\" \/>\n<meta name=\"twitter:label1\" content=\"Geschrieben von\" \/>\n\t<meta name=\"twitter:data1\" content=\"marcoeichenberger\" \/>\n\t<meta name=\"twitter:label2\" content=\"Gesch\u00e4tzte Lesezeit\" \/>\n\t<meta name=\"twitter:data2\" content=\"3\u00a0Minuten\" \/>\n<script type=\"application\/ld+json\" class=\"yoast-schema-graph\">{\"@context\":\"https:\\\/\\\/schema.org\",\"@graph\":[{\"@type\":\"Article\",\"@id\":\"https:\\\/\\\/hub.hslu.ch\\\/gemeindengestalten\\\/klein-verbunden-und-gefordert-warum-sich-gemeinden-wie-wiliberg-ihrer-zukunft-stellen-muessen\\\/#article\",\"isPartOf\":{\"@id\":\"https:\\\/\\\/hub.hslu.ch\\\/gemeindengestalten\\\/klein-verbunden-und-gefordert-warum-sich-gemeinden-wie-wiliberg-ihrer-zukunft-stellen-muessen\\\/\"},\"author\":{\"name\":\"marcoeichenberger\",\"@id\":\"https:\\\/\\\/hub.hslu.ch\\\/gemeindengestalten\\\/#\\\/schema\\\/person\\\/7e7b7c4dca6650bc9a68e97c17339125\"},\"headline\":\"Klein, verbunden \u2013 und gefordert: Warum sich Gemeinden wie Wiliberg ihrer Zukunft stellen m\u00fcssen\",\"datePublished\":\"2025-06-27T07:39:05+00:00\",\"dateModified\":\"2025-06-27T07:44:39+00:00\",\"mainEntityOfPage\":{\"@id\":\"https:\\\/\\\/hub.hslu.ch\\\/gemeindengestalten\\\/klein-verbunden-und-gefordert-warum-sich-gemeinden-wie-wiliberg-ihrer-zukunft-stellen-muessen\\\/\"},\"wordCount\":398,\"commentCount\":0,\"image\":{\"@id\":\"https:\\\/\\\/hub.hslu.ch\\\/gemeindengestalten\\\/klein-verbunden-und-gefordert-warum-sich-gemeinden-wie-wiliberg-ihrer-zukunft-stellen-muessen\\\/#primaryimage\"},\"thumbnailUrl\":\"https:\\\/\\\/hub.hslu.ch\\\/gemeindengestalten\\\/wp-content\\\/uploads\\\/sites\\\/26\\\/2025\\\/06\\\/gde-gestalten-blog.png\",\"articleSection\":[\"Demografie\",\"Gemeindeentwicklung\",\"Gemeindef\u00fchrung\",\"Partizipation\"],\"inLanguage\":\"de-CH\",\"potentialAction\":[{\"@type\":\"CommentAction\",\"name\":\"Comment\",\"target\":[\"https:\\\/\\\/hub.hslu.ch\\\/gemeindengestalten\\\/klein-verbunden-und-gefordert-warum-sich-gemeinden-wie-wiliberg-ihrer-zukunft-stellen-muessen\\\/#respond\"]}]},{\"@type\":\"WebPage\",\"@id\":\"https:\\\/\\\/hub.hslu.ch\\\/gemeindengestalten\\\/klein-verbunden-und-gefordert-warum-sich-gemeinden-wie-wiliberg-ihrer-zukunft-stellen-muessen\\\/\",\"url\":\"https:\\\/\\\/hub.hslu.ch\\\/gemeindengestalten\\\/klein-verbunden-und-gefordert-warum-sich-gemeinden-wie-wiliberg-ihrer-zukunft-stellen-muessen\\\/\",\"name\":\"Klein, verbunden \u2013 und gefordert: Warum sich Gemeinden wie Wiliberg ihrer Zukunft stellen m\u00fcssen - Gemeinden gestalten\",\"isPartOf\":{\"@id\":\"https:\\\/\\\/hub.hslu.ch\\\/gemeindengestalten\\\/#website\"},\"primaryImageOfPage\":{\"@id\":\"https:\\\/\\\/hub.hslu.ch\\\/gemeindengestalten\\\/klein-verbunden-und-gefordert-warum-sich-gemeinden-wie-wiliberg-ihrer-zukunft-stellen-muessen\\\/#primaryimage\"},\"image\":{\"@id\":\"https:\\\/\\\/hub.hslu.ch\\\/gemeindengestalten\\\/klein-verbunden-und-gefordert-warum-sich-gemeinden-wie-wiliberg-ihrer-zukunft-stellen-muessen\\\/#primaryimage\"},\"thumbnailUrl\":\"https:\\\/\\\/hub.hslu.ch\\\/gemeindengestalten\\\/wp-content\\\/uploads\\\/sites\\\/26\\\/2025\\\/06\\\/gde-gestalten-blog.png\",\"datePublished\":\"2025-06-27T07:39:05+00:00\",\"dateModified\":\"2025-06-27T07:44:39+00:00\",\"author\":{\"@id\":\"https:\\\/\\\/hub.hslu.ch\\\/gemeindengestalten\\\/#\\\/schema\\\/person\\\/7e7b7c4dca6650bc9a68e97c17339125\"},\"description\":\"Wie gehen emotional verbundene, aber strukturell geforderte Kleingemeinden mit Zukunftsfragen um. Ein offener Dialog zwischen Tradition und notwendigen Ver\u00e4nderungen ist unverzichtbar.\",\"breadcrumb\":{\"@id\":\"https:\\\/\\\/hub.hslu.ch\\\/gemeindengestalten\\\/klein-verbunden-und-gefordert-warum-sich-gemeinden-wie-wiliberg-ihrer-zukunft-stellen-muessen\\\/#breadcrumb\"},\"inLanguage\":\"de-CH\",\"potentialAction\":[{\"@type\":\"ReadAction\",\"target\":[\"https:\\\/\\\/hub.hslu.ch\\\/gemeindengestalten\\\/klein-verbunden-und-gefordert-warum-sich-gemeinden-wie-wiliberg-ihrer-zukunft-stellen-muessen\\\/\"]}]},{\"@type\":\"ImageObject\",\"inLanguage\":\"de-CH\",\"@id\":\"https:\\\/\\\/hub.hslu.ch\\\/gemeindengestalten\\\/klein-verbunden-und-gefordert-warum-sich-gemeinden-wie-wiliberg-ihrer-zukunft-stellen-muessen\\\/#primaryimage\",\"url\":\"https:\\\/\\\/hub.hslu.ch\\\/gemeindengestalten\\\/wp-content\\\/uploads\\\/sites\\\/26\\\/2025\\\/06\\\/gde-gestalten-blog.png\",\"contentUrl\":\"https:\\\/\\\/hub.hslu.ch\\\/gemeindengestalten\\\/wp-content\\\/uploads\\\/sites\\\/26\\\/2025\\\/06\\\/gde-gestalten-blog.png\",\"width\":1536,\"height\":1024},{\"@type\":\"BreadcrumbList\",\"@id\":\"https:\\\/\\\/hub.hslu.ch\\\/gemeindengestalten\\\/klein-verbunden-und-gefordert-warum-sich-gemeinden-wie-wiliberg-ihrer-zukunft-stellen-muessen\\\/#breadcrumb\",\"itemListElement\":[{\"@type\":\"ListItem\",\"position\":1,\"name\":\"Home\",\"item\":\"https:\\\/\\\/hub.hslu.ch\\\/gemeindengestalten\\\/\"},{\"@type\":\"ListItem\",\"position\":2,\"name\":\"Klein, verbunden \u2013 und gefordert: Warum sich Gemeinden wie Wiliberg ihrer Zukunft stellen m\u00fcssen\"}]},{\"@type\":\"WebSite\",\"@id\":\"https:\\\/\\\/hub.hslu.ch\\\/gemeindengestalten\\\/#website\",\"url\":\"https:\\\/\\\/hub.hslu.ch\\\/gemeindengestalten\\\/\",\"name\":\"Gemeinden gestalten\",\"description\":\"Wir bringen Institutionen und Regionen voran.\",\"potentialAction\":[{\"@type\":\"SearchAction\",\"target\":{\"@type\":\"EntryPoint\",\"urlTemplate\":\"https:\\\/\\\/hub.hslu.ch\\\/gemeindengestalten\\\/?s={search_term_string}\"},\"query-input\":{\"@type\":\"PropertyValueSpecification\",\"valueRequired\":true,\"valueName\":\"search_term_string\"}}],\"inLanguage\":\"de-CH\"},{\"@type\":\"Person\",\"@id\":\"https:\\\/\\\/hub.hslu.ch\\\/gemeindengestalten\\\/#\\\/schema\\\/person\\\/7e7b7c4dca6650bc9a68e97c17339125\",\"name\":\"marcoeichenberger\"}]}<\/script>\n<!-- \/ Yoast SEO plugin. -->","yoast_head_json":{"title":"Klein, verbunden \u2013 und gefordert: Warum sich Gemeinden wie Wiliberg ihrer Zukunft stellen m\u00fcssen - Gemeinden gestalten","description":"Wie gehen emotional verbundene, aber strukturell geforderte Kleingemeinden mit Zukunftsfragen um. Ein offener Dialog zwischen Tradition und notwendigen Ver\u00e4nderungen ist unverzichtbar.","robots":{"index":"index","follow":"follow","max-snippet":"max-snippet:-1","max-image-preview":"max-image-preview:large","max-video-preview":"max-video-preview:-1"},"canonical":"https:\/\/hub.hslu.ch\/gemeindengestalten\/klein-verbunden-und-gefordert-warum-sich-gemeinden-wie-wiliberg-ihrer-zukunft-stellen-muessen\/","og_locale":"de_DE","og_type":"article","og_title":"Klein, verbunden \u2013 und gefordert: Warum sich Gemeinden wie Wiliberg ihrer Zukunft stellen m\u00fcssen - Gemeinden gestalten","og_description":"Wie gehen emotional verbundene, aber strukturell geforderte Kleingemeinden mit Zukunftsfragen um. Ein offener Dialog zwischen Tradition und notwendigen Ver\u00e4nderungen ist unverzichtbar.","og_url":"https:\/\/hub.hslu.ch\/gemeindengestalten\/klein-verbunden-und-gefordert-warum-sich-gemeinden-wie-wiliberg-ihrer-zukunft-stellen-muessen\/","og_site_name":"Gemeinden gestalten","article_published_time":"2025-06-27T07:39:05+00:00","article_modified_time":"2025-06-27T07:44:39+00:00","og_image":[{"width":1536,"height":1024,"url":"https:\/\/hub.hslu.ch\/gemeindengestalten\/wp-content\/uploads\/sites\/26\/2025\/06\/gde-gestalten-blog.png","type":"image\/png"}],"author":"marcoeichenberger","twitter_card":"summary_large_image","twitter_misc":{"Geschrieben von":"marcoeichenberger","Gesch\u00e4tzte Lesezeit":"3\u00a0Minuten"},"schema":{"@context":"https:\/\/schema.org","@graph":[{"@type":"Article","@id":"https:\/\/hub.hslu.ch\/gemeindengestalten\/klein-verbunden-und-gefordert-warum-sich-gemeinden-wie-wiliberg-ihrer-zukunft-stellen-muessen\/#article","isPartOf":{"@id":"https:\/\/hub.hslu.ch\/gemeindengestalten\/klein-verbunden-und-gefordert-warum-sich-gemeinden-wie-wiliberg-ihrer-zukunft-stellen-muessen\/"},"author":{"name":"marcoeichenberger","@id":"https:\/\/hub.hslu.ch\/gemeindengestalten\/#\/schema\/person\/7e7b7c4dca6650bc9a68e97c17339125"},"headline":"Klein, verbunden \u2013 und gefordert: Warum sich Gemeinden wie Wiliberg ihrer Zukunft stellen m\u00fcssen","datePublished":"2025-06-27T07:39:05+00:00","dateModified":"2025-06-27T07:44:39+00:00","mainEntityOfPage":{"@id":"https:\/\/hub.hslu.ch\/gemeindengestalten\/klein-verbunden-und-gefordert-warum-sich-gemeinden-wie-wiliberg-ihrer-zukunft-stellen-muessen\/"},"wordCount":398,"commentCount":0,"image":{"@id":"https:\/\/hub.hslu.ch\/gemeindengestalten\/klein-verbunden-und-gefordert-warum-sich-gemeinden-wie-wiliberg-ihrer-zukunft-stellen-muessen\/#primaryimage"},"thumbnailUrl":"https:\/\/hub.hslu.ch\/gemeindengestalten\/wp-content\/uploads\/sites\/26\/2025\/06\/gde-gestalten-blog.png","articleSection":["Demografie","Gemeindeentwicklung","Gemeindef\u00fchrung","Partizipation"],"inLanguage":"de-CH","potentialAction":[{"@type":"CommentAction","name":"Comment","target":["https:\/\/hub.hslu.ch\/gemeindengestalten\/klein-verbunden-und-gefordert-warum-sich-gemeinden-wie-wiliberg-ihrer-zukunft-stellen-muessen\/#respond"]}]},{"@type":"WebPage","@id":"https:\/\/hub.hslu.ch\/gemeindengestalten\/klein-verbunden-und-gefordert-warum-sich-gemeinden-wie-wiliberg-ihrer-zukunft-stellen-muessen\/","url":"https:\/\/hub.hslu.ch\/gemeindengestalten\/klein-verbunden-und-gefordert-warum-sich-gemeinden-wie-wiliberg-ihrer-zukunft-stellen-muessen\/","name":"Klein, verbunden \u2013 und gefordert: Warum sich Gemeinden wie Wiliberg ihrer Zukunft stellen m\u00fcssen - Gemeinden gestalten","isPartOf":{"@id":"https:\/\/hub.hslu.ch\/gemeindengestalten\/#website"},"primaryImageOfPage":{"@id":"https:\/\/hub.hslu.ch\/gemeindengestalten\/klein-verbunden-und-gefordert-warum-sich-gemeinden-wie-wiliberg-ihrer-zukunft-stellen-muessen\/#primaryimage"},"image":{"@id":"https:\/\/hub.hslu.ch\/gemeindengestalten\/klein-verbunden-und-gefordert-warum-sich-gemeinden-wie-wiliberg-ihrer-zukunft-stellen-muessen\/#primaryimage"},"thumbnailUrl":"https:\/\/hub.hslu.ch\/gemeindengestalten\/wp-content\/uploads\/sites\/26\/2025\/06\/gde-gestalten-blog.png","datePublished":"2025-06-27T07:39:05+00:00","dateModified":"2025-06-27T07:44:39+00:00","author":{"@id":"https:\/\/hub.hslu.ch\/gemeindengestalten\/#\/schema\/person\/7e7b7c4dca6650bc9a68e97c17339125"},"description":"Wie gehen emotional verbundene, aber strukturell geforderte Kleingemeinden mit Zukunftsfragen um. Ein offener Dialog zwischen Tradition und notwendigen Ver\u00e4nderungen ist unverzichtbar.","breadcrumb":{"@id":"https:\/\/hub.hslu.ch\/gemeindengestalten\/klein-verbunden-und-gefordert-warum-sich-gemeinden-wie-wiliberg-ihrer-zukunft-stellen-muessen\/#breadcrumb"},"inLanguage":"de-CH","potentialAction":[{"@type":"ReadAction","target":["https:\/\/hub.hslu.ch\/gemeindengestalten\/klein-verbunden-und-gefordert-warum-sich-gemeinden-wie-wiliberg-ihrer-zukunft-stellen-muessen\/"]}]},{"@type":"ImageObject","inLanguage":"de-CH","@id":"https:\/\/hub.hslu.ch\/gemeindengestalten\/klein-verbunden-und-gefordert-warum-sich-gemeinden-wie-wiliberg-ihrer-zukunft-stellen-muessen\/#primaryimage","url":"https:\/\/hub.hslu.ch\/gemeindengestalten\/wp-content\/uploads\/sites\/26\/2025\/06\/gde-gestalten-blog.png","contentUrl":"https:\/\/hub.hslu.ch\/gemeindengestalten\/wp-content\/uploads\/sites\/26\/2025\/06\/gde-gestalten-blog.png","width":1536,"height":1024},{"@type":"BreadcrumbList","@id":"https:\/\/hub.hslu.ch\/gemeindengestalten\/klein-verbunden-und-gefordert-warum-sich-gemeinden-wie-wiliberg-ihrer-zukunft-stellen-muessen\/#breadcrumb","itemListElement":[{"@type":"ListItem","position":1,"name":"Home","item":"https:\/\/hub.hslu.ch\/gemeindengestalten\/"},{"@type":"ListItem","position":2,"name":"Klein, verbunden \u2013 und gefordert: Warum sich Gemeinden wie Wiliberg ihrer Zukunft stellen m\u00fcssen"}]},{"@type":"WebSite","@id":"https:\/\/hub.hslu.ch\/gemeindengestalten\/#website","url":"https:\/\/hub.hslu.ch\/gemeindengestalten\/","name":"Gemeinden gestalten","description":"Wir bringen Institutionen und Regionen voran.","potentialAction":[{"@type":"SearchAction","target":{"@type":"EntryPoint","urlTemplate":"https:\/\/hub.hslu.ch\/gemeindengestalten\/?s={search_term_string}"},"query-input":{"@type":"PropertyValueSpecification","valueRequired":true,"valueName":"search_term_string"}}],"inLanguage":"de-CH"},{"@type":"Person","@id":"https:\/\/hub.hslu.ch\/gemeindengestalten\/#\/schema\/person\/7e7b7c4dca6650bc9a68e97c17339125","name":"marcoeichenberger"}]}},"_links":{"self":[{"href":"https:\/\/hub.hslu.ch\/gemeindengestalten\/wp-json\/wp\/v2\/posts\/586","targetHints":{"allow":["GET"]}}],"collection":[{"href":"https:\/\/hub.hslu.ch\/gemeindengestalten\/wp-json\/wp\/v2\/posts"}],"about":[{"href":"https:\/\/hub.hslu.ch\/gemeindengestalten\/wp-json\/wp\/v2\/types\/post"}],"author":[{"embeddable":true,"href":"https:\/\/hub.hslu.ch\/gemeindengestalten\/wp-json\/wp\/v2\/users\/188"}],"replies":[{"embeddable":true,"href":"https:\/\/hub.hslu.ch\/gemeindengestalten\/wp-json\/wp\/v2\/comments?post=586"}],"version-history":[{"count":6,"href":"https:\/\/hub.hslu.ch\/gemeindengestalten\/wp-json\/wp\/v2\/posts\/586\/revisions"}],"predecessor-version":[{"id":596,"href":"https:\/\/hub.hslu.ch\/gemeindengestalten\/wp-json\/wp\/v2\/posts\/586\/revisions\/596"}],"wp:featuredmedia":[{"embeddable":true,"href":"https:\/\/hub.hslu.ch\/gemeindengestalten\/wp-json\/wp\/v2\/media\/593"}],"wp:attachment":[{"href":"https:\/\/hub.hslu.ch\/gemeindengestalten\/wp-json\/wp\/v2\/media?parent=586"}],"wp:term":[{"taxonomy":"category","embeddable":true,"href":"https:\/\/hub.hslu.ch\/gemeindengestalten\/wp-json\/wp\/v2\/categories?post=586"},{"taxonomy":"post_tag","embeddable":true,"href":"https:\/\/hub.hslu.ch\/gemeindengestalten\/wp-json\/wp\/v2\/tags?post=586"}],"curies":[{"name":"wp","href":"https:\/\/api.w.org\/{rel}","templated":true}]}}