{"id":11065,"date":"2013-07-22T07:00:30","date_gmt":"2013-07-22T05:00:30","guid":{"rendered":"https:\/\/hub.hslu.ch\/ifz\/?p=11065"},"modified":"2020-05-20T14:56:30","modified_gmt":"2020-05-20T12:56:30","slug":"bauen-wir-heute-die-slums-von-morgen","status":"publish","type":"post","link":"https:\/\/hub.hslu.ch\/ifz\/2013\/07\/22\/bauen-wir-heute-die-slums-von-morgen\/","title":{"rendered":"Bauen wir heute die slums von morgen?"},"content":{"rendered":"<p><img loading=\"lazy\" decoding=\"async\" alt=\"\" src=\"https:\/\/hub.hslu.ch\/ifz\/wp-content\/blogs.dir\/165\/files\/sites\/6\/2012\/01\/schmidiger.png\" width=\"156\" height=\"224\" \/><\/p>\n<p><em>von\u00a0<a href=\"http:\/\/www.hslu.ch\/hochschule-luzern\/h-ueber-uns\/h-person.htm?id_person=1011614&amp;id_teilschule=25650&amp;row=0\" target=\"_blank\" rel=\"noopener noreferrer\">Prof.\u00a0Dr. Markus Schmidiger<\/a><\/em><br \/>\n<em>Dozent und Studienleiter am Institut f\u00fcr Finanzdienstleistungen Zug IFZ<\/em><\/p>\n<p>Stetig wachsende Bev\u00f6lkerungszahl, zunehmender Fl\u00e4chenverbrauch, explodierende Verkehrsstr\u00f6me, h\u00f6here Energiesensibilit\u00e4t: Verdichtetes Bauen ist das Gebot der Stunde! Alle Experten sind sich einig: h\u00f6her, dichter, urbaner! Landbesitzer, Baubranche und Investoren freuen sich: Mehr Bewohner auf der gleichen Fl\u00e4che heisst h\u00f6here Bodenrente, mehr verbauter Beton, mehr Mietzinseinnahmen. Alle sind gl\u00fccklich.\u00a0Und die Bewohner? Auch heute noch ist der Wohntraum fast jedes Schweizers das eigene Einfamilienhaus mit Garten, obwohl dieses in wirtschaftlich st\u00e4rkeren Regionen f\u00fcr die meisten finanziell in weite Ferne ger\u00fcckt ist.<\/p>\n<p>&nbsp;<\/p>\n<p style=\"text-align: center\">\u00a0<a href=\"https:\/\/hub.hslu.ch\/ifz\/wp-content\/blogs.dir\/165\/files\/sites\/6\/2013\/07\/11111.jpg\"><img loading=\"lazy\" decoding=\"async\" class=\"size-full wp-image-11070 aligncenter\" alt=\"11111\" src=\"https:\/\/hub.hslu.ch\/ifz\/wp-content\/blogs.dir\/165\/files\/sites\/6\/2013\/07\/11111.jpg\" width=\"399\" height=\"375\" srcset=\"https:\/\/hub.hslu.ch\/ifz\/wp-content\/blogs.dir\/165\/files\/sites\/6\/2013\/07\/11111.jpg 399w, https:\/\/hub.hslu.ch\/ifz\/wp-content\/blogs.dir\/165\/files\/sites\/6\/2013\/07\/11111-300x281.jpg 300w\" sizes=\"auto, (max-width: 399px) 100vw, 399px\" \/><\/a><\/p>\n<p>&nbsp;<\/p>\n<p>In der heutigen f\u00fcr die meisten Menschen sehr anforderungsreichen, oft hektischen und fremdbestimmten Welt ist es tats\u00e4chlich so, dass der wahre Luxus nicht mehr in monet\u00e4ren Werten, sondern in der Verf\u00fcgbarkeit von Zeit, Raum, Ruhe und Privatheit liegt. Die in den letzten Jahren starke Betonung von Rationalit\u00e4t, \u00d6konomie, Individualit\u00e4t und Urbanit\u00e4t f\u00fchrt zu einer Gegenbewegung und einer verst\u00e4rkten Sehnsucht nach Emotionalit\u00e4t, Spiritualit\u00e4t, \u00d6kologie und Gesellschaft. Neue Trends wie \u00abUrban Gardening\u00bb, aber auch die Abstimmungsresultate zu raumplanerischen Themen der letzten zwei Jahre sind ein klarer Ausdruck dieses Unbehagens. Die aktuelle Diskussion in der Bauwirtschaft insbesondere auch im Zusammenhang mit Verdichtung dreht sich h\u00e4ufig um die Fragen nach Ausn\u00fctzungsziffern und Hochh\u00e4usern und ist damit stark rational gepr\u00e4gt. Diese Diskussion l\u00e4uft letztlich ins Leere. Mehr desselben bedeutet in der Regel nicht\u00a0mehr, sondern weniger Qualit\u00e4t.<\/p>\n<p><strong>Interesse geweckt?<\/strong><br \/>\nLesen Sie weiter die gesamte Kolumne von <a href=\"http:\/\/www.hslu.ch\/hochschule-luzern\/h-ueber-uns\/h-person.htm?id_person=1011614&amp;id_teilschule=25650&amp;row=0\" target=\"_blank\" rel=\"noopener noreferrer\">Prof. Dr. Markus Schmidiger<\/a> finden Sie\u00a0<a href=\"https:\/\/hub.hslu.ch\/ifz\/wp-content\/blogs.dir\/165\/files\/sites\/6\/2013\/07\/111.pdf\">hier<\/a><\/p>\n<p><strong>Vertiefende und interessante Links zur Thematik:<\/strong><\/p>\n<ul>\n<li><a href=\"http:\/\/www.hslu.ch\/technik-architektur\/t-forschung-entwicklung\/t-forschung_entwicklung_architektur\/t-forschung_entwicklung_typologie_planung\/t-fat_projekte\/t-fat-projekte-transfer_wohnqualitaten.htm\" target=\"_blank\" rel=\"noopener noreferrer\">Die \u00dcbertragung der Qualit\u00e4t eines EFH auf ein MFH<\/a><\/li>\n<li><a href=\"http:\/\/www.babelquartier.ch\/detail.php?id=53\" target=\"_blank\" rel=\"noopener noreferrer\">Quartierentwicklung Basel-\/Bernstrasse, Luzern<\/a><\/li>\n<li><a href=\"http:\/\/www.nzz.ch\/aktuell\/feuilleton\/literatur-und-kunst\/beduerfnisse-werte-und-traeume-1.17921006\" target=\"_blank\" rel=\"noopener noreferrer\">Carl Fingerhuth: Bed\u00fcrfnisse, Werte, Tr\u00e4ume \u2013 DIe Transformation der Stast jenseits der Moderne<\/a><\/li>\n<li><a href=\"http:\/\/www.hslu.ch\/download\/s\/qualit%C3%A4t_und_nutzung_der_%C3%B6ffentlichen_r%C3%A4ume_in_der_stadt_z%C3%BCrich_erhebungsbericht%202012.pdf\" target=\"_blank\" rel=\"noopener noreferrer\">Gewinnung und Analyse von Daten zur Qualit\u00e4t und Nutzung der \u00f6ffentlichen R\u00e4ume in der Stadt Z\u00fcrich<\/a><\/li>\n<li><a href=\"http:\/\/www.rzu.ch\/sites\/default\/files\/Studien-Projektberichte\/Qualitaetsvolle_innere_Verdichtung.pdf\" target=\"_blank\" rel=\"noopener noreferrer\">Qualit\u00e4tsvolle innere Verdichtung: Anregungen f\u00fcr die Praxis<\/a><\/li>\n<li><a href=\"http:\/\/lsecities.net\/media\/objects\/articles\/high-density-living-in-hong-kong\" target=\"_blank\" rel=\"noopener noreferrer\">High Density Living in Hong Kong<\/a><\/li>\n<li><a href=\"http:\/\/www.uli.org\/press-release\/10-principles-singapore\/\" target=\"_blank\" rel=\"noopener noreferrer\">10 Principles for Livable High Density Cities: Lessons from Singapure<\/a><\/li>\n<\/ul>\n<p>&nbsp;<\/p>\n<p>&nbsp;<\/p>\n<p><a href=\"https:\/\/hub.hslu.ch\/ifz\/wp-content\/blogs.dir\/165\/files\/sites\/6\/2013\/05\/15.jpg\"><img loading=\"lazy\" decoding=\"async\" alt=\"1\" src=\"https:\/\/hub.hslu.ch\/ifz\/wp-content\/blogs.dir\/165\/files\/sites\/6\/2013\/05\/15.jpg\" width=\"146\" height=\"135\" \/><\/a><br \/>\n<em><strong>Herausforderungen auf dem Hypothekarkreditmarkt<\/strong><\/em><br \/>\nTagesseminar am Institut f\u00fcr Finanzdienstleistungen<br \/>\nMontag, 26. August 2013 von 08.45 bis 16.45 Uhr<br \/>\nWeitere Details zum Seminar erhalten Sie\u00a0<a href=\"http:\/\/www.weiterbildung.hslu.ch\/wirtschaft\/finanzdienstleistungen\/kurs.asp?kid=2947&amp;m=10\" target=\"_blank\" rel=\"noopener noreferrer\">hier<\/a><\/p>\n","protected":false},"excerpt":{"rendered":"<p>von\u00a0Prof.\u00a0Dr. Markus Schmidiger Dozent und Studienleiter am Institut f\u00fcr Finanzdienstleistungen Zug IFZ Stetig wachsende Bev\u00f6lkerungszahl, zunehmender Fl\u00e4chenverbrauch, explodierende Verkehrsstr\u00f6me, h\u00f6here Energiesensibilit\u00e4t: Verdichtetes Bauen ist das Gebot der Stunde! Alle Experten sind sich einig: h\u00f6her, dichter, urbaner! Landbesitzer, Baubranche und Investoren freuen sich: Mehr Bewohner auf der gleichen Fl\u00e4che heisst h\u00f6here Bodenrente, mehr verbauter Beton, mehr<\/p>\n","protected":false},"author":257,"featured_media":0,"comment_status":"open","ping_status":"open","sticky":false,"template":"","format":"standard","meta":{"_acf_changed":false,"inline_featured_image":false,"_relevanssi_hide_post":"","_relevanssi_hide_content":"","_relevanssi_pin_for_all":"","_relevanssi_pin_keywords":"","_relevanssi_unpin_keywords":"","_relevanssi_related_keywords":"","_relevanssi_related_include_ids":"","_relevanssi_related_exclude_ids":"","_relevanssi_related_no_append":"","_relevanssi_related_not_related":"","_relevanssi_related_posts":"","_relevanssi_noindex_reason":"","footnotes":"","_links_to":"","_links_to_target":""},"categories":[146,854975,561,409],"tags":[],"class_list":["post-11065","post","type-post","status-publish","format-standard","hentry","category-forschung","category-ifz-in-den-medien","category-kolumne","category-real-estate-immobilienmanagement"],"acf":[],"yoast_head":"<!-- This site is optimized with the Yoast SEO plugin v27.5 - https:\/\/yoast.com\/product\/yoast-seo-wordpress\/ -->\n<title>Bauen wir heute die slums von morgen? - IFZ Blog<\/title>\n<meta name=\"robots\" content=\"index, follow, max-snippet:-1, max-image-preview:large, max-video-preview:-1\" \/>\n<link rel=\"canonical\" href=\"https:\/\/hub.hslu.ch\/ifz\/2019\/02\/12\/prof-dr-yvonne-seiler-zimmermann-was-taugen-pk-ratings-fuer-die-wahl-der-vorsorgeeinrichtung\/\" \/>\n<script type=\"application\/ld+json\" class=\"yoast-schema-graph\">{\"@context\":\"https:\\\/\\\/schema.org\",\"@graph\":[{\"@type\":\"Article\",\"@id\":\"https:\\\/\\\/hub.hslu.ch\\\/ifz\\\/2019\\\/02\\\/12\\\/prof-dr-yvonne-seiler-zimmermann-was-taugen-pk-ratings-fuer-die-wahl-der-vorsorgeeinrichtung\\\/#article\",\"isPartOf\":{\"@id\":\"https:\\\/\\\/hub.hslu.ch\\\/ifz\\\/2019\\\/02\\\/12\\\/prof-dr-yvonne-seiler-zimmermann-was-taugen-pk-ratings-fuer-die-wahl-der-vorsorgeeinrichtung\\\/\"},\"author\":{\"name\":\"\",\"@id\":\"\"},\"headline\":\"Bauen wir heute die slums von morgen?\",\"datePublished\":\"2013-07-22T05:00:30+00:00\",\"dateModified\":\"2020-05-20T12:56:30+00:00\",\"mainEntityOfPage\":{\"@id\":\"https:\\\/\\\/hub.hslu.ch\\\/ifz\\\/2019\\\/02\\\/12\\\/prof-dr-yvonne-seiler-zimmermann-was-taugen-pk-ratings-fuer-die-wahl-der-vorsorgeeinrichtung\\\/\"},\"wordCount\":381,\"commentCount\":0,\"image\":{\"@id\":\"https:\\\/\\\/hub.hslu.ch\\\/ifz\\\/2019\\\/02\\\/12\\\/prof-dr-yvonne-seiler-zimmermann-was-taugen-pk-ratings-fuer-die-wahl-der-vorsorgeeinrichtung\\\/#primaryimage\"},\"thumbnailUrl\":\"https:\\\/\\\/hub.hslu.ch\\\/ifz\\\/wp-content\\\/blogs.dir\\\/165\\\/files\\\/sites\\\/6\\\/2012\\\/01\\\/schmidiger.png\",\"articleSection\":[\"Forschung und Dienstleistung\",\"IFZ in den Medien\",\"Kolumne\",\"Real Estate \\\/ Immobilienmanagement\"],\"inLanguage\":\"de-CH\",\"potentialAction\":[{\"@type\":\"CommentAction\",\"name\":\"Comment\",\"target\":[\"https:\\\/\\\/hub.hslu.ch\\\/ifz\\\/2019\\\/02\\\/12\\\/prof-dr-yvonne-seiler-zimmermann-was-taugen-pk-ratings-fuer-die-wahl-der-vorsorgeeinrichtung\\\/#respond\"]}]},{\"@type\":\"WebPage\",\"@id\":\"https:\\\/\\\/hub.hslu.ch\\\/ifz\\\/2019\\\/02\\\/12\\\/prof-dr-yvonne-seiler-zimmermann-was-taugen-pk-ratings-fuer-die-wahl-der-vorsorgeeinrichtung\\\/\",\"url\":\"https:\\\/\\\/hub.hslu.ch\\\/ifz\\\/2019\\\/02\\\/12\\\/prof-dr-yvonne-seiler-zimmermann-was-taugen-pk-ratings-fuer-die-wahl-der-vorsorgeeinrichtung\\\/\",\"name\":\"Bauen wir heute die slums von morgen? - IFZ Blog\",\"isPartOf\":{\"@id\":\"https:\\\/\\\/hub.hslu.ch\\\/ifz\\\/#website\"},\"primaryImageOfPage\":{\"@id\":\"https:\\\/\\\/hub.hslu.ch\\\/ifz\\\/2019\\\/02\\\/12\\\/prof-dr-yvonne-seiler-zimmermann-was-taugen-pk-ratings-fuer-die-wahl-der-vorsorgeeinrichtung\\\/#primaryimage\"},\"image\":{\"@id\":\"https:\\\/\\\/hub.hslu.ch\\\/ifz\\\/2019\\\/02\\\/12\\\/prof-dr-yvonne-seiler-zimmermann-was-taugen-pk-ratings-fuer-die-wahl-der-vorsorgeeinrichtung\\\/#primaryimage\"},\"thumbnailUrl\":\"https:\\\/\\\/hub.hslu.ch\\\/ifz\\\/wp-content\\\/blogs.dir\\\/165\\\/files\\\/sites\\\/6\\\/2012\\\/01\\\/schmidiger.png\",\"datePublished\":\"2013-07-22T05:00:30+00:00\",\"dateModified\":\"2020-05-20T12:56:30+00:00\",\"author\":{\"@id\":\"\"},\"breadcrumb\":{\"@id\":\"https:\\\/\\\/hub.hslu.ch\\\/ifz\\\/2019\\\/02\\\/12\\\/prof-dr-yvonne-seiler-zimmermann-was-taugen-pk-ratings-fuer-die-wahl-der-vorsorgeeinrichtung\\\/#breadcrumb\"},\"inLanguage\":\"de-CH\",\"potentialAction\":[{\"@type\":\"ReadAction\",\"target\":[\"https:\\\/\\\/hub.hslu.ch\\\/ifz\\\/2019\\\/02\\\/12\\\/prof-dr-yvonne-seiler-zimmermann-was-taugen-pk-ratings-fuer-die-wahl-der-vorsorgeeinrichtung\\\/\"]}]},{\"@type\":\"ImageObject\",\"inLanguage\":\"de-CH\",\"@id\":\"https:\\\/\\\/hub.hslu.ch\\\/ifz\\\/2019\\\/02\\\/12\\\/prof-dr-yvonne-seiler-zimmermann-was-taugen-pk-ratings-fuer-die-wahl-der-vorsorgeeinrichtung\\\/#primaryimage\",\"url\":\"https:\\\/\\\/hub.hslu.ch\\\/ifz\\\/wp-content\\\/blogs.dir\\\/165\\\/files\\\/sites\\\/6\\\/2012\\\/01\\\/schmidiger.png\",\"contentUrl\":\"https:\\\/\\\/hub.hslu.ch\\\/ifz\\\/wp-content\\\/blogs.dir\\\/165\\\/files\\\/sites\\\/6\\\/2012\\\/01\\\/schmidiger.png\",\"width\":\"333\",\"height\":\"477\"},{\"@type\":\"BreadcrumbList\",\"@id\":\"https:\\\/\\\/hub.hslu.ch\\\/ifz\\\/2019\\\/02\\\/12\\\/prof-dr-yvonne-seiler-zimmermann-was-taugen-pk-ratings-fuer-die-wahl-der-vorsorgeeinrichtung\\\/#breadcrumb\",\"itemListElement\":[{\"@type\":\"ListItem\",\"position\":1,\"name\":\"Home\",\"item\":\"https:\\\/\\\/hub.hslu.ch\\\/ifz\\\/2019\\\/02\\\/12\\\/prof-dr-yvonne-seiler-zimmermann-was-taugen-pk-ratings-fuer-die-wahl-der-vorsorgeeinrichtung\\\/\"},{\"@type\":\"ListItem\",\"position\":2,\"name\":\"Bauen wir heute die slums von morgen?\"}]},{\"@type\":\"WebSite\",\"@id\":\"https:\\\/\\\/hub.hslu.ch\\\/ifz\\\/#website\",\"url\":\"https:\\\/\\\/hub.hslu.ch\\\/ifz\\\/\",\"name\":\"IFZ Blog\",\"description\":\"News aus dem Institut f\u00fcr Finanzdienstleistungen Zug IFZ\",\"potentialAction\":[{\"@type\":\"SearchAction\",\"target\":{\"@type\":\"EntryPoint\",\"urlTemplate\":\"https:\\\/\\\/hub.hslu.ch\\\/ifz\\\/?s={search_term_string}\"},\"query-input\":{\"@type\":\"PropertyValueSpecification\",\"valueRequired\":true,\"valueName\":\"search_term_string\"}}],\"inLanguage\":\"de-CH\"},{\"@type\":\"Person\",\"@id\":\"\"}]}<\/script>\n<!-- \/ Yoast SEO plugin. -->","yoast_head_json":{"title":"Bauen wir heute die slums von morgen? - IFZ Blog","robots":{"index":"index","follow":"follow","max-snippet":"max-snippet:-1","max-image-preview":"max-image-preview:large","max-video-preview":"max-video-preview:-1"},"canonical":"https:\/\/hub.hslu.ch\/ifz\/2019\/02\/12\/prof-dr-yvonne-seiler-zimmermann-was-taugen-pk-ratings-fuer-die-wahl-der-vorsorgeeinrichtung\/","schema":{"@context":"https:\/\/schema.org","@graph":[{"@type":"Article","@id":"https:\/\/hub.hslu.ch\/ifz\/2019\/02\/12\/prof-dr-yvonne-seiler-zimmermann-was-taugen-pk-ratings-fuer-die-wahl-der-vorsorgeeinrichtung\/#article","isPartOf":{"@id":"https:\/\/hub.hslu.ch\/ifz\/2019\/02\/12\/prof-dr-yvonne-seiler-zimmermann-was-taugen-pk-ratings-fuer-die-wahl-der-vorsorgeeinrichtung\/"},"author":{"name":"","@id":""},"headline":"Bauen wir heute die slums von morgen?","datePublished":"2013-07-22T05:00:30+00:00","dateModified":"2020-05-20T12:56:30+00:00","mainEntityOfPage":{"@id":"https:\/\/hub.hslu.ch\/ifz\/2019\/02\/12\/prof-dr-yvonne-seiler-zimmermann-was-taugen-pk-ratings-fuer-die-wahl-der-vorsorgeeinrichtung\/"},"wordCount":381,"commentCount":0,"image":{"@id":"https:\/\/hub.hslu.ch\/ifz\/2019\/02\/12\/prof-dr-yvonne-seiler-zimmermann-was-taugen-pk-ratings-fuer-die-wahl-der-vorsorgeeinrichtung\/#primaryimage"},"thumbnailUrl":"https:\/\/hub.hslu.ch\/ifz\/wp-content\/blogs.dir\/165\/files\/sites\/6\/2012\/01\/schmidiger.png","articleSection":["Forschung und Dienstleistung","IFZ in den Medien","Kolumne","Real Estate \/ Immobilienmanagement"],"inLanguage":"de-CH","potentialAction":[{"@type":"CommentAction","name":"Comment","target":["https:\/\/hub.hslu.ch\/ifz\/2019\/02\/12\/prof-dr-yvonne-seiler-zimmermann-was-taugen-pk-ratings-fuer-die-wahl-der-vorsorgeeinrichtung\/#respond"]}]},{"@type":"WebPage","@id":"https:\/\/hub.hslu.ch\/ifz\/2019\/02\/12\/prof-dr-yvonne-seiler-zimmermann-was-taugen-pk-ratings-fuer-die-wahl-der-vorsorgeeinrichtung\/","url":"https:\/\/hub.hslu.ch\/ifz\/2019\/02\/12\/prof-dr-yvonne-seiler-zimmermann-was-taugen-pk-ratings-fuer-die-wahl-der-vorsorgeeinrichtung\/","name":"Bauen wir heute die slums von morgen? - IFZ Blog","isPartOf":{"@id":"https:\/\/hub.hslu.ch\/ifz\/#website"},"primaryImageOfPage":{"@id":"https:\/\/hub.hslu.ch\/ifz\/2019\/02\/12\/prof-dr-yvonne-seiler-zimmermann-was-taugen-pk-ratings-fuer-die-wahl-der-vorsorgeeinrichtung\/#primaryimage"},"image":{"@id":"https:\/\/hub.hslu.ch\/ifz\/2019\/02\/12\/prof-dr-yvonne-seiler-zimmermann-was-taugen-pk-ratings-fuer-die-wahl-der-vorsorgeeinrichtung\/#primaryimage"},"thumbnailUrl":"https:\/\/hub.hslu.ch\/ifz\/wp-content\/blogs.dir\/165\/files\/sites\/6\/2012\/01\/schmidiger.png","datePublished":"2013-07-22T05:00:30+00:00","dateModified":"2020-05-20T12:56:30+00:00","author":{"@id":""},"breadcrumb":{"@id":"https:\/\/hub.hslu.ch\/ifz\/2019\/02\/12\/prof-dr-yvonne-seiler-zimmermann-was-taugen-pk-ratings-fuer-die-wahl-der-vorsorgeeinrichtung\/#breadcrumb"},"inLanguage":"de-CH","potentialAction":[{"@type":"ReadAction","target":["https:\/\/hub.hslu.ch\/ifz\/2019\/02\/12\/prof-dr-yvonne-seiler-zimmermann-was-taugen-pk-ratings-fuer-die-wahl-der-vorsorgeeinrichtung\/"]}]},{"@type":"ImageObject","inLanguage":"de-CH","@id":"https:\/\/hub.hslu.ch\/ifz\/2019\/02\/12\/prof-dr-yvonne-seiler-zimmermann-was-taugen-pk-ratings-fuer-die-wahl-der-vorsorgeeinrichtung\/#primaryimage","url":"https:\/\/hub.hslu.ch\/ifz\/wp-content\/blogs.dir\/165\/files\/sites\/6\/2012\/01\/schmidiger.png","contentUrl":"https:\/\/hub.hslu.ch\/ifz\/wp-content\/blogs.dir\/165\/files\/sites\/6\/2012\/01\/schmidiger.png","width":"333","height":"477"},{"@type":"BreadcrumbList","@id":"https:\/\/hub.hslu.ch\/ifz\/2019\/02\/12\/prof-dr-yvonne-seiler-zimmermann-was-taugen-pk-ratings-fuer-die-wahl-der-vorsorgeeinrichtung\/#breadcrumb","itemListElement":[{"@type":"ListItem","position":1,"name":"Home","item":"https:\/\/hub.hslu.ch\/ifz\/2019\/02\/12\/prof-dr-yvonne-seiler-zimmermann-was-taugen-pk-ratings-fuer-die-wahl-der-vorsorgeeinrichtung\/"},{"@type":"ListItem","position":2,"name":"Bauen wir heute die slums von morgen?"}]},{"@type":"WebSite","@id":"https:\/\/hub.hslu.ch\/ifz\/#website","url":"https:\/\/hub.hslu.ch\/ifz\/","name":"IFZ Blog","description":"News aus dem Institut f\u00fcr Finanzdienstleistungen Zug IFZ","potentialAction":[{"@type":"SearchAction","target":{"@type":"EntryPoint","urlTemplate":"https:\/\/hub.hslu.ch\/ifz\/?s={search_term_string}"},"query-input":{"@type":"PropertyValueSpecification","valueRequired":true,"valueName":"search_term_string"}}],"inLanguage":"de-CH"},{"@type":"Person","@id":""}]}},"featured_image_src":null,"featured_image_src_square":null,"author_info":{"display_name":"","author_link":"https:\/\/hub.hslu.ch\/ifz\/author\/"},"_links":{"self":[{"href":"https:\/\/hub.hslu.ch\/ifz\/wp-json\/wp\/v2\/posts\/11065","targetHints":{"allow":["GET"]}}],"collection":[{"href":"https:\/\/hub.hslu.ch\/ifz\/wp-json\/wp\/v2\/posts"}],"about":[{"href":"https:\/\/hub.hslu.ch\/ifz\/wp-json\/wp\/v2\/types\/post"}],"author":[{"embeddable":true,"href":"https:\/\/hub.hslu.ch\/ifz\/wp-json\/wp\/v2\/users\/257"}],"replies":[{"embeddable":true,"href":"https:\/\/hub.hslu.ch\/ifz\/wp-json\/wp\/v2\/comments?post=11065"}],"version-history":[{"count":1,"href":"https:\/\/hub.hslu.ch\/ifz\/wp-json\/wp\/v2\/posts\/11065\/revisions"}],"predecessor-version":[{"id":18448,"href":"https:\/\/hub.hslu.ch\/ifz\/wp-json\/wp\/v2\/posts\/11065\/revisions\/18448"}],"wp:attachment":[{"href":"https:\/\/hub.hslu.ch\/ifz\/wp-json\/wp\/v2\/media?parent=11065"}],"wp:term":[{"taxonomy":"category","embeddable":true,"href":"https:\/\/hub.hslu.ch\/ifz\/wp-json\/wp\/v2\/categories?post=11065"},{"taxonomy":"post_tag","embeddable":true,"href":"https:\/\/hub.hslu.ch\/ifz\/wp-json\/wp\/v2\/tags?post=11065"}],"curies":[{"name":"wp","href":"https:\/\/api.w.org\/{rel}","templated":true}]}}