{"id":11139,"date":"2013-08-13T13:00:37","date_gmt":"2013-08-13T11:00:37","guid":{"rendered":"https:\/\/hub.hslu.ch\/ifz\/?p=11139"},"modified":"2020-05-20T14:12:33","modified_gmt":"2020-05-20T12:12:33","slug":"immobilien-konferenz-facts-trends-zum-wohnungsmarkt-schweiz","status":"publish","type":"post","link":"https:\/\/hub.hslu.ch\/ifz\/2013\/08\/13\/immobilien-konferenz-facts-trends-zum-wohnungsmarkt-schweiz\/","title":{"rendered":"Immobilien-Konferenz &#8211; Facts &amp; Trends zum Wohnungsmarkt Schweiz"},"content":{"rendered":"<p><img loading=\"lazy\" decoding=\"async\" alt=\"\" src=\"https:\/\/hub.hslu.ch\/ifz\/wp-content\/blogs.dir\/165\/files\/sites\/6\/2012\/01\/schmidiger.png\" width=\"156\" height=\"224\" \/><\/p>\n<p><em>von\u00a0<a href=\"http:\/\/www.hslu.ch\/hochschule-luzern\/h-ueber-uns\/h-person.htm?id_person=1011614&amp;id_teilschule=25650&amp;row=0\" target=\"_blank\" rel=\"noopener noreferrer\">Prof.\u00a0Dr. Markus Schmidiger<\/a><\/em><br \/>\n<em>Dozent und Studienleiter am Institut f\u00fcr Finanzdienstleistungen Zug IFZ<\/em><\/p>\n<p>Der Wohnungsmarkt Schweiz scheint auf hohem Niveau hervorragend zu laufen, trotzdem steht er vor grossen Herausforderungen. Weitherum wird \u00fcber eine Immobilienblase und deren bevorstehendes Platzen spekuliert, man fragt sich, wie weit die getroffenen Massnahmen zur Preisd\u00e4mpfung gefruchtet haben und glaubt im oberen Preissegment tats\u00e4chlich einem Nachfrager\u00fcckgang festzustellen. Andererseits kommen im Zusammenhang mit der Energiewende, dem demografischen Wandel und dem Ruf nach haush\u00e4lterischem Umgang mit dem Boden neue Herausforderungen auf die Branche zu, die neue L\u00f6sungen verlangen.<\/p>\n<p>&nbsp;<\/p>\n<p style=\"text-align: center\"><a href=\"https:\/\/hub.hslu.ch\/ifz\/wp-content\/blogs.dir\/165\/files\/sites\/6\/2013\/08\/123.jpg\"><img loading=\"lazy\" decoding=\"async\" class=\"aligncenter  wp-image-11141\" alt=\"123\" src=\"https:\/\/hub.hslu.ch\/ifz\/wp-content\/blogs.dir\/165\/files\/sites\/6\/2013\/08\/123.jpg\" width=\"493\" height=\"300\" srcset=\"https:\/\/hub.hslu.ch\/ifz\/wp-content\/blogs.dir\/165\/files\/sites\/6\/2013\/08\/123.jpg 616w, https:\/\/hub.hslu.ch\/ifz\/wp-content\/blogs.dir\/165\/files\/sites\/6\/2013\/08\/123-300x182.jpg 300w\" sizes=\"auto, (max-width: 493px) 100vw, 493px\" \/><\/a><\/p>\n<p>Die ganzt\u00e4tgige <a href=\"http:\/\/www.weiterbildung.hslu.ch\/wirtschaft\/finanzdienstleistungen\/kurs.asp?kid=2949&amp;m=10\" target=\"_blank\" rel=\"noopener noreferrer\"><strong>Immobilien-Konferenz<\/strong><\/a> des Instituts f\u00fcr Finanzdienstleistungen Zug IFZ vom <a href=\"http:\/\/www.weiterbildung.hslu.ch\/wirtschaft\/finanzdienstleistungen\/kurs.asp?kid=2949&amp;m=10\" target=\"_blank\" rel=\"noopener noreferrer\"><strong>3. Oktober 2013<\/strong><\/a> thematisiert aktuelle Facts &amp; Trends auf dem Wohnungsmarkt Schweiz. Dabei wird auf folgende Fragestellungen fokussiert:<\/p>\n<ul>\n<li>Wo steht der Immobilienmarkt aktuell und wie entwickelt er sich weiter?<\/li>\n<li>Was passiert auf dem Markt f\u00fcr Luxusimmobilien?<\/li>\n<li>Wie beeinflussen Alterung und Zuwanderung die Nachfrage?<\/li>\n<li>Welche Wohnungen sind heute und in Zukunft gefragt?<\/li>\n<li>Wie kann heute g\u00fcnstiger gebaut werden?<\/li>\n<li>Gibt es eine Nachfrage nach reduzierten Wohnkonzepten?<\/li>\n<li>Welche intelligenten Energiekonzepte gibt es jenseits von Minergie?<\/li>\n<li>Welche energetischen Sanierungen an Bestandesobjekten machen f\u00fcr den Investor Sinn?<\/li>\n<li>Wie wirken sich die verschiedenen Abstimmungsresultate und bevorstehenden Initiativen auf den Immobilienmarkt aus?<\/li>\n<\/ul>\n<p>Expertinnen und Experten aus Forschung und Praxis zeigen an diesem Tagesseminar m\u00f6gliche Antworten auf aktuelle Fragestellungen rund um Verdichtung und Bauen im Bestand auf.<\/p>\n<p>Weitere Informationen und Details zu den Referenten\/-innen finden Sie <a href=\"http:\/\/www.hslu.ch\/hsluweb\/Doc\/ifz_konferenz_flyer_wohnungsmarkt%20ch.pdf\" target=\"_blank\" rel=\"noopener noreferrer\">hier<\/a><\/p>\n<p><strong>Interesse geweckt?<\/strong><br \/>\nMelden Sie sich noch heute an &#8211; zur Anmeldung geht&#8217;s <a href=\"http:\/\/www.weiterbildung.hslu.ch\/wirtschaft\/finanzdienstleistungen\/kurs.asp?kid=2949&amp;m=10\" target=\"_blank\" rel=\"noopener noreferrer\">hier<\/a><\/p>\n<p><strong>Das k\u00f6nnte Sie ebenfalls noch interessieren:<\/strong><\/p>\n<p><strong><a href=\"https:\/\/hub.hslu.ch\/ifz\/wp-content\/blogs.dir\/165\/files\/sites\/6\/2013\/05\/15.jpg\"><img loading=\"lazy\" decoding=\"async\" alt=\"1\" src=\"https:\/\/hub.hslu.ch\/ifz\/wp-content\/blogs.dir\/165\/files\/sites\/6\/2013\/05\/15.jpg\" width=\"146\" height=\"135\" \/><\/a><br \/>\n<em><strong>Herausforderungen auf dem Hypothekarkreditmarkt<\/strong><\/em><br \/>\n<\/strong>Tagesseminar am Institut f\u00fcr Finanzdienstleistungen<br \/>\nMontag, 26. August 2013 von 08.45 bis 16.45 Uhr<br \/>\nWeitere Details zum Seminar erhalten Sie\u00a0<a href=\"http:\/\/www.weiterbildung.hslu.ch\/wirtschaft\/finanzdienstleistungen\/kurs.asp?kid=2947&amp;m=10\" target=\"_blank\" rel=\"noopener noreferrer\">hier<\/a><\/p>\n","protected":false},"excerpt":{"rendered":"<p>von\u00a0Prof.\u00a0Dr. Markus Schmidiger Dozent und Studienleiter am Institut f\u00fcr Finanzdienstleistungen Zug IFZ Der Wohnungsmarkt Schweiz scheint auf hohem Niveau hervorragend zu laufen, trotzdem steht er vor grossen Herausforderungen. Weitherum wird \u00fcber eine Immobilienblase und deren bevorstehendes Platzen spekuliert, man fragt sich, wie weit die getroffenen Massnahmen zur Preisd\u00e4mpfung gefruchtet haben und glaubt im oberen Preissegment<\/p>\n","protected":false},"author":257,"featured_media":0,"comment_status":"open","ping_status":"open","sticky":false,"template":"","format":"standard","meta":{"_acf_changed":false,"inline_featured_image":false,"_relevanssi_hide_post":"","_relevanssi_hide_content":"","_relevanssi_pin_for_all":"","_relevanssi_pin_keywords":"","_relevanssi_unpin_keywords":"","_relevanssi_related_keywords":"","_relevanssi_related_include_ids":"","_relevanssi_related_exclude_ids":"","_relevanssi_related_no_append":"","_relevanssi_related_not_related":"","_relevanssi_related_posts":"","_relevanssi_noindex_reason":"","footnotes":"","_links_to":"","_links_to_target":""},"categories":[406,146,854975,409],"tags":[],"class_list":["post-11139","post","type-post","status-publish","format-standard","hentry","category-allgemeines","category-forschung","category-ifz-in-den-medien","category-real-estate-immobilienmanagement"],"acf":[],"yoast_head":"<!-- This site is optimized with the Yoast SEO plugin v27.5 - https:\/\/yoast.com\/product\/yoast-seo-wordpress\/ -->\n<title>Immobilien-Konferenz - Facts &amp; Trends zum Wohnungsmarkt Schweiz - IFZ Blog<\/title>\n<meta name=\"robots\" content=\"index, follow, max-snippet:-1, max-image-preview:large, max-video-preview:-1\" \/>\n<link rel=\"canonical\" href=\"https:\/\/hub.hslu.ch\/ifz\/2019\/02\/12\/prof-dr-yvonne-seiler-zimmermann-was-taugen-pk-ratings-fuer-die-wahl-der-vorsorgeeinrichtung\/\" \/>\n<script type=\"application\/ld+json\" class=\"yoast-schema-graph\">{\"@context\":\"https:\\\/\\\/schema.org\",\"@graph\":[{\"@type\":\"Article\",\"@id\":\"https:\\\/\\\/hub.hslu.ch\\\/ifz\\\/2019\\\/02\\\/12\\\/prof-dr-yvonne-seiler-zimmermann-was-taugen-pk-ratings-fuer-die-wahl-der-vorsorgeeinrichtung\\\/#article\",\"isPartOf\":{\"@id\":\"https:\\\/\\\/hub.hslu.ch\\\/ifz\\\/2019\\\/02\\\/12\\\/prof-dr-yvonne-seiler-zimmermann-was-taugen-pk-ratings-fuer-die-wahl-der-vorsorgeeinrichtung\\\/\"},\"author\":{\"name\":\"\",\"@id\":\"\"},\"headline\":\"Immobilien-Konferenz &#8211; Facts &amp; Trends zum Wohnungsmarkt Schweiz\",\"datePublished\":\"2013-08-13T11:00:37+00:00\",\"dateModified\":\"2020-05-20T12:12:33+00:00\",\"mainEntityOfPage\":{\"@id\":\"https:\\\/\\\/hub.hslu.ch\\\/ifz\\\/2019\\\/02\\\/12\\\/prof-dr-yvonne-seiler-zimmermann-was-taugen-pk-ratings-fuer-die-wahl-der-vorsorgeeinrichtung\\\/\"},\"wordCount\":292,\"commentCount\":0,\"image\":{\"@id\":\"https:\\\/\\\/hub.hslu.ch\\\/ifz\\\/2019\\\/02\\\/12\\\/prof-dr-yvonne-seiler-zimmermann-was-taugen-pk-ratings-fuer-die-wahl-der-vorsorgeeinrichtung\\\/#primaryimage\"},\"thumbnailUrl\":\"https:\\\/\\\/hub.hslu.ch\\\/ifz\\\/wp-content\\\/blogs.dir\\\/165\\\/files\\\/sites\\\/6\\\/2012\\\/01\\\/schmidiger.png\",\"articleSection\":[\"Allgemeines\",\"Forschung und Dienstleistung\",\"IFZ in den Medien\",\"Real Estate \\\/ Immobilienmanagement\"],\"inLanguage\":\"de-CH\",\"potentialAction\":[{\"@type\":\"CommentAction\",\"name\":\"Comment\",\"target\":[\"https:\\\/\\\/hub.hslu.ch\\\/ifz\\\/2019\\\/02\\\/12\\\/prof-dr-yvonne-seiler-zimmermann-was-taugen-pk-ratings-fuer-die-wahl-der-vorsorgeeinrichtung\\\/#respond\"]}]},{\"@type\":\"WebPage\",\"@id\":\"https:\\\/\\\/hub.hslu.ch\\\/ifz\\\/2019\\\/02\\\/12\\\/prof-dr-yvonne-seiler-zimmermann-was-taugen-pk-ratings-fuer-die-wahl-der-vorsorgeeinrichtung\\\/\",\"url\":\"https:\\\/\\\/hub.hslu.ch\\\/ifz\\\/2019\\\/02\\\/12\\\/prof-dr-yvonne-seiler-zimmermann-was-taugen-pk-ratings-fuer-die-wahl-der-vorsorgeeinrichtung\\\/\",\"name\":\"Immobilien-Konferenz - Facts &amp; Trends zum Wohnungsmarkt Schweiz - IFZ Blog\",\"isPartOf\":{\"@id\":\"https:\\\/\\\/hub.hslu.ch\\\/ifz\\\/#website\"},\"primaryImageOfPage\":{\"@id\":\"https:\\\/\\\/hub.hslu.ch\\\/ifz\\\/2019\\\/02\\\/12\\\/prof-dr-yvonne-seiler-zimmermann-was-taugen-pk-ratings-fuer-die-wahl-der-vorsorgeeinrichtung\\\/#primaryimage\"},\"image\":{\"@id\":\"https:\\\/\\\/hub.hslu.ch\\\/ifz\\\/2019\\\/02\\\/12\\\/prof-dr-yvonne-seiler-zimmermann-was-taugen-pk-ratings-fuer-die-wahl-der-vorsorgeeinrichtung\\\/#primaryimage\"},\"thumbnailUrl\":\"https:\\\/\\\/hub.hslu.ch\\\/ifz\\\/wp-content\\\/blogs.dir\\\/165\\\/files\\\/sites\\\/6\\\/2012\\\/01\\\/schmidiger.png\",\"datePublished\":\"2013-08-13T11:00:37+00:00\",\"dateModified\":\"2020-05-20T12:12:33+00:00\",\"author\":{\"@id\":\"\"},\"breadcrumb\":{\"@id\":\"https:\\\/\\\/hub.hslu.ch\\\/ifz\\\/2019\\\/02\\\/12\\\/prof-dr-yvonne-seiler-zimmermann-was-taugen-pk-ratings-fuer-die-wahl-der-vorsorgeeinrichtung\\\/#breadcrumb\"},\"inLanguage\":\"de-CH\",\"potentialAction\":[{\"@type\":\"ReadAction\",\"target\":[\"https:\\\/\\\/hub.hslu.ch\\\/ifz\\\/2019\\\/02\\\/12\\\/prof-dr-yvonne-seiler-zimmermann-was-taugen-pk-ratings-fuer-die-wahl-der-vorsorgeeinrichtung\\\/\"]}]},{\"@type\":\"ImageObject\",\"inLanguage\":\"de-CH\",\"@id\":\"https:\\\/\\\/hub.hslu.ch\\\/ifz\\\/2019\\\/02\\\/12\\\/prof-dr-yvonne-seiler-zimmermann-was-taugen-pk-ratings-fuer-die-wahl-der-vorsorgeeinrichtung\\\/#primaryimage\",\"url\":\"https:\\\/\\\/hub.hslu.ch\\\/ifz\\\/wp-content\\\/blogs.dir\\\/165\\\/files\\\/sites\\\/6\\\/2012\\\/01\\\/schmidiger.png\",\"contentUrl\":\"https:\\\/\\\/hub.hslu.ch\\\/ifz\\\/wp-content\\\/blogs.dir\\\/165\\\/files\\\/sites\\\/6\\\/2012\\\/01\\\/schmidiger.png\",\"width\":\"333\",\"height\":\"477\"},{\"@type\":\"BreadcrumbList\",\"@id\":\"https:\\\/\\\/hub.hslu.ch\\\/ifz\\\/2019\\\/02\\\/12\\\/prof-dr-yvonne-seiler-zimmermann-was-taugen-pk-ratings-fuer-die-wahl-der-vorsorgeeinrichtung\\\/#breadcrumb\",\"itemListElement\":[{\"@type\":\"ListItem\",\"position\":1,\"name\":\"Home\",\"item\":\"https:\\\/\\\/hub.hslu.ch\\\/ifz\\\/2019\\\/02\\\/12\\\/prof-dr-yvonne-seiler-zimmermann-was-taugen-pk-ratings-fuer-die-wahl-der-vorsorgeeinrichtung\\\/\"},{\"@type\":\"ListItem\",\"position\":2,\"name\":\"Immobilien-Konferenz &#8211; Facts &amp; Trends zum Wohnungsmarkt Schweiz\"}]},{\"@type\":\"WebSite\",\"@id\":\"https:\\\/\\\/hub.hslu.ch\\\/ifz\\\/#website\",\"url\":\"https:\\\/\\\/hub.hslu.ch\\\/ifz\\\/\",\"name\":\"IFZ Blog\",\"description\":\"News aus dem Institut f\u00fcr Finanzdienstleistungen Zug IFZ\",\"potentialAction\":[{\"@type\":\"SearchAction\",\"target\":{\"@type\":\"EntryPoint\",\"urlTemplate\":\"https:\\\/\\\/hub.hslu.ch\\\/ifz\\\/?s={search_term_string}\"},\"query-input\":{\"@type\":\"PropertyValueSpecification\",\"valueRequired\":true,\"valueName\":\"search_term_string\"}}],\"inLanguage\":\"de-CH\"},{\"@type\":\"Person\",\"@id\":\"\"}]}<\/script>\n<!-- \/ Yoast SEO plugin. -->","yoast_head_json":{"title":"Immobilien-Konferenz - Facts &amp; Trends zum Wohnungsmarkt Schweiz - IFZ Blog","robots":{"index":"index","follow":"follow","max-snippet":"max-snippet:-1","max-image-preview":"max-image-preview:large","max-video-preview":"max-video-preview:-1"},"canonical":"https:\/\/hub.hslu.ch\/ifz\/2019\/02\/12\/prof-dr-yvonne-seiler-zimmermann-was-taugen-pk-ratings-fuer-die-wahl-der-vorsorgeeinrichtung\/","schema":{"@context":"https:\/\/schema.org","@graph":[{"@type":"Article","@id":"https:\/\/hub.hslu.ch\/ifz\/2019\/02\/12\/prof-dr-yvonne-seiler-zimmermann-was-taugen-pk-ratings-fuer-die-wahl-der-vorsorgeeinrichtung\/#article","isPartOf":{"@id":"https:\/\/hub.hslu.ch\/ifz\/2019\/02\/12\/prof-dr-yvonne-seiler-zimmermann-was-taugen-pk-ratings-fuer-die-wahl-der-vorsorgeeinrichtung\/"},"author":{"name":"","@id":""},"headline":"Immobilien-Konferenz &#8211; Facts &amp; Trends zum Wohnungsmarkt Schweiz","datePublished":"2013-08-13T11:00:37+00:00","dateModified":"2020-05-20T12:12:33+00:00","mainEntityOfPage":{"@id":"https:\/\/hub.hslu.ch\/ifz\/2019\/02\/12\/prof-dr-yvonne-seiler-zimmermann-was-taugen-pk-ratings-fuer-die-wahl-der-vorsorgeeinrichtung\/"},"wordCount":292,"commentCount":0,"image":{"@id":"https:\/\/hub.hslu.ch\/ifz\/2019\/02\/12\/prof-dr-yvonne-seiler-zimmermann-was-taugen-pk-ratings-fuer-die-wahl-der-vorsorgeeinrichtung\/#primaryimage"},"thumbnailUrl":"https:\/\/hub.hslu.ch\/ifz\/wp-content\/blogs.dir\/165\/files\/sites\/6\/2012\/01\/schmidiger.png","articleSection":["Allgemeines","Forschung und Dienstleistung","IFZ in den Medien","Real Estate \/ Immobilienmanagement"],"inLanguage":"de-CH","potentialAction":[{"@type":"CommentAction","name":"Comment","target":["https:\/\/hub.hslu.ch\/ifz\/2019\/02\/12\/prof-dr-yvonne-seiler-zimmermann-was-taugen-pk-ratings-fuer-die-wahl-der-vorsorgeeinrichtung\/#respond"]}]},{"@type":"WebPage","@id":"https:\/\/hub.hslu.ch\/ifz\/2019\/02\/12\/prof-dr-yvonne-seiler-zimmermann-was-taugen-pk-ratings-fuer-die-wahl-der-vorsorgeeinrichtung\/","url":"https:\/\/hub.hslu.ch\/ifz\/2019\/02\/12\/prof-dr-yvonne-seiler-zimmermann-was-taugen-pk-ratings-fuer-die-wahl-der-vorsorgeeinrichtung\/","name":"Immobilien-Konferenz - Facts &amp; Trends zum Wohnungsmarkt Schweiz - IFZ Blog","isPartOf":{"@id":"https:\/\/hub.hslu.ch\/ifz\/#website"},"primaryImageOfPage":{"@id":"https:\/\/hub.hslu.ch\/ifz\/2019\/02\/12\/prof-dr-yvonne-seiler-zimmermann-was-taugen-pk-ratings-fuer-die-wahl-der-vorsorgeeinrichtung\/#primaryimage"},"image":{"@id":"https:\/\/hub.hslu.ch\/ifz\/2019\/02\/12\/prof-dr-yvonne-seiler-zimmermann-was-taugen-pk-ratings-fuer-die-wahl-der-vorsorgeeinrichtung\/#primaryimage"},"thumbnailUrl":"https:\/\/hub.hslu.ch\/ifz\/wp-content\/blogs.dir\/165\/files\/sites\/6\/2012\/01\/schmidiger.png","datePublished":"2013-08-13T11:00:37+00:00","dateModified":"2020-05-20T12:12:33+00:00","author":{"@id":""},"breadcrumb":{"@id":"https:\/\/hub.hslu.ch\/ifz\/2019\/02\/12\/prof-dr-yvonne-seiler-zimmermann-was-taugen-pk-ratings-fuer-die-wahl-der-vorsorgeeinrichtung\/#breadcrumb"},"inLanguage":"de-CH","potentialAction":[{"@type":"ReadAction","target":["https:\/\/hub.hslu.ch\/ifz\/2019\/02\/12\/prof-dr-yvonne-seiler-zimmermann-was-taugen-pk-ratings-fuer-die-wahl-der-vorsorgeeinrichtung\/"]}]},{"@type":"ImageObject","inLanguage":"de-CH","@id":"https:\/\/hub.hslu.ch\/ifz\/2019\/02\/12\/prof-dr-yvonne-seiler-zimmermann-was-taugen-pk-ratings-fuer-die-wahl-der-vorsorgeeinrichtung\/#primaryimage","url":"https:\/\/hub.hslu.ch\/ifz\/wp-content\/blogs.dir\/165\/files\/sites\/6\/2012\/01\/schmidiger.png","contentUrl":"https:\/\/hub.hslu.ch\/ifz\/wp-content\/blogs.dir\/165\/files\/sites\/6\/2012\/01\/schmidiger.png","width":"333","height":"477"},{"@type":"BreadcrumbList","@id":"https:\/\/hub.hslu.ch\/ifz\/2019\/02\/12\/prof-dr-yvonne-seiler-zimmermann-was-taugen-pk-ratings-fuer-die-wahl-der-vorsorgeeinrichtung\/#breadcrumb","itemListElement":[{"@type":"ListItem","position":1,"name":"Home","item":"https:\/\/hub.hslu.ch\/ifz\/2019\/02\/12\/prof-dr-yvonne-seiler-zimmermann-was-taugen-pk-ratings-fuer-die-wahl-der-vorsorgeeinrichtung\/"},{"@type":"ListItem","position":2,"name":"Immobilien-Konferenz &#8211; Facts &amp; Trends zum Wohnungsmarkt Schweiz"}]},{"@type":"WebSite","@id":"https:\/\/hub.hslu.ch\/ifz\/#website","url":"https:\/\/hub.hslu.ch\/ifz\/","name":"IFZ Blog","description":"News aus dem Institut f\u00fcr Finanzdienstleistungen Zug IFZ","potentialAction":[{"@type":"SearchAction","target":{"@type":"EntryPoint","urlTemplate":"https:\/\/hub.hslu.ch\/ifz\/?s={search_term_string}"},"query-input":{"@type":"PropertyValueSpecification","valueRequired":true,"valueName":"search_term_string"}}],"inLanguage":"de-CH"},{"@type":"Person","@id":""}]}},"featured_image_src":null,"featured_image_src_square":null,"author_info":{"display_name":"","author_link":"https:\/\/hub.hslu.ch\/ifz\/author\/"},"_links":{"self":[{"href":"https:\/\/hub.hslu.ch\/ifz\/wp-json\/wp\/v2\/posts\/11139","targetHints":{"allow":["GET"]}}],"collection":[{"href":"https:\/\/hub.hslu.ch\/ifz\/wp-json\/wp\/v2\/posts"}],"about":[{"href":"https:\/\/hub.hslu.ch\/ifz\/wp-json\/wp\/v2\/types\/post"}],"author":[{"embeddable":true,"href":"https:\/\/hub.hslu.ch\/ifz\/wp-json\/wp\/v2\/users\/257"}],"replies":[{"embeddable":true,"href":"https:\/\/hub.hslu.ch\/ifz\/wp-json\/wp\/v2\/comments?post=11139"}],"version-history":[{"count":1,"href":"https:\/\/hub.hslu.ch\/ifz\/wp-json\/wp\/v2\/posts\/11139\/revisions"}],"predecessor-version":[{"id":18447,"href":"https:\/\/hub.hslu.ch\/ifz\/wp-json\/wp\/v2\/posts\/11139\/revisions\/18447"}],"wp:attachment":[{"href":"https:\/\/hub.hslu.ch\/ifz\/wp-json\/wp\/v2\/media?parent=11139"}],"wp:term":[{"taxonomy":"category","embeddable":true,"href":"https:\/\/hub.hslu.ch\/ifz\/wp-json\/wp\/v2\/categories?post=11139"},{"taxonomy":"post_tag","embeddable":true,"href":"https:\/\/hub.hslu.ch\/ifz\/wp-json\/wp\/v2\/tags?post=11139"}],"curies":[{"name":"wp","href":"https:\/\/api.w.org\/{rel}","templated":true}]}}