{"id":11338,"date":"2013-09-18T07:00:24","date_gmt":"2013-09-18T05:00:24","guid":{"rendered":"https:\/\/hub.hslu.ch\/ifz\/?p=11338"},"modified":"2020-05-20T14:12:32","modified_gmt":"2020-05-20T12:12:32","slug":"19-kmu-forum-immobilien-in-der-unternehmensnachfolge","status":"publish","type":"post","link":"https:\/\/hub.hslu.ch\/ifz\/2013\/09\/18\/19-kmu-forum-immobilien-in-der-unternehmensnachfolge\/","title":{"rendered":"19. KMU Forum &#8211; Immobilien in der Unternehmensnachfolge"},"content":{"rendered":"<p><a href=\"https:\/\/hub.hslu.ch\/ifz\/wp-content\/blogs.dir\/165\/files\/sites\/6\/2013\/09\/12.jpg\"><img loading=\"lazy\" decoding=\"async\" class=\" wp-image-11341 alignnone\" alt=\"1\" src=\"https:\/\/hub.hslu.ch\/ifz\/wp-content\/blogs.dir\/165\/files\/sites\/6\/2013\/09\/12.jpg\" width=\"95\" height=\"140\" \/><\/a><\/p>\n<p>von\u00a0<a href=\"http:\/\/www.hslu.ch\/hochschule-luzern\/h-ueber-uns\/h-person.htm?id_person=1152118&amp;id_teilschule=25650&amp;row=0\" target=\"_blank\" rel=\"noopener noreferrer\">Christina Schellenberg<br \/>\n<\/a>wissenschaftliche Assistentin am Institut f\u00fcr Finanzdienstleistungen Zug IFZ<\/p>\n<p>Das IFZ f\u00fchrt zusammen mit Wirtschaftsverb\u00e4nden zweimal j\u00e4hrlich (Fr\u00fchling\/Herbst) Fachveranstaltungen durch, welche dem Thema der finanziellen F\u00fchrung von KMU geweidmet sind. Im Zentrum der Veranstaltungen stehen praktische Probleme, welche sich kleinen und mitgtleren Unternehmen stellen. Anhand von Beispielen aus der Praxis sollen typische Prolemsituationen und L\u00f6sungsans\u00e4tze aufgezeigt werden.\u00a0Die erste Abendveranstaltung des 19. KMU Forums lockte rund 100 Interessenten aus der Praxis an. Drei Referate von OPES AG und WELCOME Immobilien zeigten die M\u00f6glichkeiten der Strukturierung der Nachfolge mit Immobilien, die steuerlichen Fallstricke, sowie die wichtigsten Eckpunkte bei der Immobilienbewertung auf. Das Fazit der Veranstaltung zeigt klar: Eine fr\u00fchzeitige Auseinandersetzung mit dem Thema Nachfolgeplanung zahlt sich aus.<\/p>\n<p>&nbsp;<\/p>\n<p style=\"text-align: center\"><a href=\"https:\/\/hub.hslu.ch\/ifz\/wp-content\/blogs.dir\/165\/files\/sites\/6\/2013\/09\/3.jpg\"><img loading=\"lazy\" decoding=\"async\" class=\"aligncenter  wp-image-11342\" alt=\"3\" src=\"https:\/\/hub.hslu.ch\/ifz\/wp-content\/blogs.dir\/165\/files\/sites\/6\/2013\/09\/3.jpg\" width=\"311\" height=\"216\" srcset=\"https:\/\/hub.hslu.ch\/ifz\/wp-content\/blogs.dir\/165\/files\/sites\/6\/2013\/09\/3.jpg 444w, https:\/\/hub.hslu.ch\/ifz\/wp-content\/blogs.dir\/165\/files\/sites\/6\/2013\/09\/3-300x208.jpg 300w\" sizes=\"auto, (max-width: 311px) 100vw, 311px\" \/><\/a><\/p>\n<p><b>Worauf ist bei der Unternehmensnachfolge mit Immobilien zu achten?<br \/>\n<\/b>Im Jahr 2009 sahen sich insgesamt 25.9% der Klein- und Mittelunternehmen damit konfrontiert, innerhalb der n\u00e4chsten 5 Jahre ihr Unternehmen an einen Nachfolger zu \u00fcbergeben. Dies entspricht einem starken Anstieg in Vergleich zu den Zahlen aus dem Jahre 2005, wo es noch 18.5% waren. Roland L\u00fctolf (OPES AG) betonte den hohen Stellenwert einer fr\u00fchzeitigen Planung. Empfohlen wird eine Initiierung der Nachfolgeplanung ca. 10 Jahre vor der tats\u00e4chlichen Umsetzung. Sobald es um die Konkretisierung der Umsetzung geht, stehen verschiedene M\u00f6glichkeiten zur Verf\u00fcgung: Eine familieninterne L\u00f6sung, ein MBO oder ein MBI. Zudem muss entschieden werden, ob der Verkauf mit oder ohne Liegenschaft ausgestaltet wird. Es gilt, die damit verbundenen Vor- und Nachteile abzuw\u00e4gen.<\/p>\n<p><b>Bedeutung der Immobilienbewertung<br \/>\n<\/b>Thomas Koch (WELCOME Immobilien AG) ging ausf\u00fchrlich auf das Thema Immobilienbewertung ein und erl\u00e4uterte den Zusammenhang zwischen Verkehrswert, Kosten und Preis einer Immobilie. Je nach zuk\u00fcnftiger Nutzungsabsicht (unendliche Weiternutzung, Modernisierung, Umnutzung, Abbruch und Neubau) \u00e4ndert sich auch die Bewertung der Immobilie. Einen weiteren wichtigen Einfluss auf die Bewertung einer Immobilie hat der gew\u00e4hlte Zinssatz. Zusammenfassend wurde deutlich, dass nicht nur die Lage einen Einfluss auf die den Wert einer Immobilie hat, sondern vielmehr auch der zugrunde liegende Zinssatz sowie das zuk\u00fcnftige Nutzenpotential.<\/p>\n<p><b>Steuerliche Fallstricke<br \/>\n<\/b>\u00dcber die steuerlichen Aspekte bei der Nachfolgeplanung mit Immobilien berichtete Manuel Egli (OPES AG). Dabei ging er auf unternehmenssteuerliche Aspekte sowie auf die Besonderheiten bei Einzelunternehmen ein. Im Fokus stand ein Vergleich der Steuerbelastung von verschiedenen Varianten der Ver\u00e4usserung (Asset Deal \/ \u00dcberf\u00fchrung der Liegenschaft ins Privatverm\u00f6gen \/ Spaltung Betrieb &amp; Immobilie \/ Ausgliederung Betriebsgesellschaft). Zu guter Letzt wurde auf das Thema Mehrwertsteuer und Immobilien aufmerksam gemacht.<\/p>\n<p><b>Fazit<br \/>\n<\/b>Bei der Nachfolgeplanung mit Immobilien sind folgende Punkte zu beachten:<\/p>\n<ul>\n<li>Eine fr\u00fchzeitige Nachfolgeplanung ist unabdingbar; dies setzt ein Nachfolgekonzept, eine emotionale Bereitschaft, sowie die Auseinandersetzung mit der steuerlichen Situation voraus<\/li>\n<li>Die Immobilienbewertung sollte die zu Grunde liegenden Szenarien offenlegen und methodisch logisch, nachvollziehbar und nachrechenbar sein<\/li>\n<li>Der Status des gewerbsm\u00e4ssigen Liegenschaftsh\u00e4ndlers sollte nach M\u00f6glichkeit vermieden werden.<\/li>\n<li>Die kantonalen Besonderheiten bei den Grundst\u00fcckgewinnsteuern sollten im Voraus beachtet und genutzt werden<\/li>\n<\/ul>\n<p>&nbsp;<\/p>\n<p><b>Save the date:<\/b><\/p>\n<p>Die weiteren Herbst-Veranstaltungen des 19. KMU Forum finden an folgenden Daten statt:<\/p>\n<p><b>Immobilien in der Unternehmensnachfolge<br \/>\n<\/b>Montag, 9. September 2013 (17.15 \u2013 19.00 Uhr)<br \/>\nIFZ, Grafenauweg 10, 6304 Zug<\/p>\n<p><b>Shared Services, Outsourcing and Cloud Computing<br \/>\n<\/b>Montag, 16. September 2013 (17.15 \u2013 19.00 Uhr)<br \/>\nBISON IT Services AG, Allee 1A, 6210 Sursee<\/p>\n<p><b>Factoring und Kreditversicherung \u2013 M\u00f6glichkeiten f\u00fcr KMU<br \/>\n<\/b>1. Durchf\u00fchrung:\u00a0 Montag, 23. September 2013 (17.15 \u2013 19.00 Uhr)<br \/>\nHochschule Luzern \u2013 Wirtschaft, Zentralstrasse 9, 6002 Luzern<\/p>\n<p>2. Durchf\u00fchrung: Montag, 30. September 2013 (17.15 \u2013 19.00 Uhr)<br \/>\nEuler Hermes Switzerland, T\u00f6distrasse 65, 8002 Z\u00fcrich<\/p>\n<p><b>Interesse geweckt?<br \/>\n<\/b>Melden Sie sich noch heute an\u00a0<a href=\"&#x6d;&#97;i&#x6c;&#116;o&#x3a;&#x69;&#102;&#x7a;&#x40;&#104;s&#x6c;&#117;&#46;&#x63;&#x68;\">&#105;&#x66;z&#x40;&#x68;&#115;&#x6c;u&#x2e;&#x63;&#104;<br \/>\n<\/a>Weitere Informationen finden Sie unter:\u00a0<a href=\"http:\/\/www.hslu.ch\/w-ifz-kmu-forum\" target=\"_blank\" rel=\"noopener noreferrer\">www.hslu.ch\/ifz-kmu<\/a><\/p>\n","protected":false},"excerpt":{"rendered":"<p>von\u00a0Christina Schellenberg wissenschaftliche Assistentin am Institut f\u00fcr Finanzdienstleistungen Zug IFZ Das IFZ f\u00fchrt zusammen mit Wirtschaftsverb\u00e4nden zweimal j\u00e4hrlich (Fr\u00fchling\/Herbst) Fachveranstaltungen durch, welche dem Thema der finanziellen F\u00fchrung von KMU geweidmet sind. Im Zentrum der Veranstaltungen stehen praktische Probleme, welche sich kleinen und mitgtleren Unternehmen stellen. Anhand von Beispielen aus der Praxis sollen typische Prolemsituationen und<\/p>\n","protected":false},"author":257,"featured_media":0,"comment_status":"open","ping_status":"open","sticky":false,"template":"","format":"standard","meta":{"_acf_changed":false,"inline_featured_image":false,"_relevanssi_hide_post":"","_relevanssi_hide_content":"","_relevanssi_pin_for_all":"","_relevanssi_pin_keywords":"","_relevanssi_unpin_keywords":"","_relevanssi_related_keywords":"","_relevanssi_related_include_ids":"","_relevanssi_related_exclude_ids":"","_relevanssi_related_no_append":"","_relevanssi_related_not_related":"","_relevanssi_related_posts":"","_relevanssi_noindex_reason":"","footnotes":"","_links_to":"","_links_to_target":""},"categories":[406,146,854975,409,134],"tags":[],"class_list":["post-11338","post","type-post","status-publish","format-standard","hentry","category-allgemeines","category-forschung","category-ifz-in-den-medien","category-real-estate-immobilienmanagement","category-weiterbildung"],"acf":[],"yoast_head":"<!-- This site is optimized with the Yoast SEO plugin v27.5 - https:\/\/yoast.com\/product\/yoast-seo-wordpress\/ -->\n<title>19. KMU Forum - Immobilien in der Unternehmensnachfolge - IFZ Blog<\/title>\n<meta name=\"robots\" content=\"index, follow, max-snippet:-1, max-image-preview:large, max-video-preview:-1\" \/>\n<link rel=\"canonical\" href=\"https:\/\/hub.hslu.ch\/ifz\/2019\/02\/12\/prof-dr-yvonne-seiler-zimmermann-was-taugen-pk-ratings-fuer-die-wahl-der-vorsorgeeinrichtung\/\" \/>\n<script type=\"application\/ld+json\" class=\"yoast-schema-graph\">{\"@context\":\"https:\\\/\\\/schema.org\",\"@graph\":[{\"@type\":\"Article\",\"@id\":\"https:\\\/\\\/hub.hslu.ch\\\/ifz\\\/2019\\\/02\\\/12\\\/prof-dr-yvonne-seiler-zimmermann-was-taugen-pk-ratings-fuer-die-wahl-der-vorsorgeeinrichtung\\\/#article\",\"isPartOf\":{\"@id\":\"https:\\\/\\\/hub.hslu.ch\\\/ifz\\\/2019\\\/02\\\/12\\\/prof-dr-yvonne-seiler-zimmermann-was-taugen-pk-ratings-fuer-die-wahl-der-vorsorgeeinrichtung\\\/\"},\"author\":{\"name\":\"\",\"@id\":\"\"},\"headline\":\"19. KMU Forum &#8211; Immobilien in der Unternehmensnachfolge\",\"datePublished\":\"2013-09-18T05:00:24+00:00\",\"dateModified\":\"2020-05-20T12:12:32+00:00\",\"mainEntityOfPage\":{\"@id\":\"https:\\\/\\\/hub.hslu.ch\\\/ifz\\\/2019\\\/02\\\/12\\\/prof-dr-yvonne-seiler-zimmermann-was-taugen-pk-ratings-fuer-die-wahl-der-vorsorgeeinrichtung\\\/\"},\"wordCount\":582,\"commentCount\":0,\"image\":{\"@id\":\"https:\\\/\\\/hub.hslu.ch\\\/ifz\\\/2019\\\/02\\\/12\\\/prof-dr-yvonne-seiler-zimmermann-was-taugen-pk-ratings-fuer-die-wahl-der-vorsorgeeinrichtung\\\/#primaryimage\"},\"thumbnailUrl\":\"https:\\\/\\\/hub.hslu.ch\\\/ifz\\\/wp-content\\\/blogs.dir\\\/165\\\/files\\\/sites\\\/6\\\/2013\\\/09\\\/12.jpg\",\"articleSection\":[\"Allgemeines\",\"Forschung und Dienstleistung\",\"IFZ in den Medien\",\"Real Estate \\\/ Immobilienmanagement\",\"Weiterbildung\"],\"inLanguage\":\"de-CH\",\"potentialAction\":[{\"@type\":\"CommentAction\",\"name\":\"Comment\",\"target\":[\"https:\\\/\\\/hub.hslu.ch\\\/ifz\\\/2019\\\/02\\\/12\\\/prof-dr-yvonne-seiler-zimmermann-was-taugen-pk-ratings-fuer-die-wahl-der-vorsorgeeinrichtung\\\/#respond\"]}]},{\"@type\":\"WebPage\",\"@id\":\"https:\\\/\\\/hub.hslu.ch\\\/ifz\\\/2019\\\/02\\\/12\\\/prof-dr-yvonne-seiler-zimmermann-was-taugen-pk-ratings-fuer-die-wahl-der-vorsorgeeinrichtung\\\/\",\"url\":\"https:\\\/\\\/hub.hslu.ch\\\/ifz\\\/2019\\\/02\\\/12\\\/prof-dr-yvonne-seiler-zimmermann-was-taugen-pk-ratings-fuer-die-wahl-der-vorsorgeeinrichtung\\\/\",\"name\":\"19. KMU Forum - Immobilien in der Unternehmensnachfolge - IFZ Blog\",\"isPartOf\":{\"@id\":\"https:\\\/\\\/hub.hslu.ch\\\/ifz\\\/#website\"},\"primaryImageOfPage\":{\"@id\":\"https:\\\/\\\/hub.hslu.ch\\\/ifz\\\/2019\\\/02\\\/12\\\/prof-dr-yvonne-seiler-zimmermann-was-taugen-pk-ratings-fuer-die-wahl-der-vorsorgeeinrichtung\\\/#primaryimage\"},\"image\":{\"@id\":\"https:\\\/\\\/hub.hslu.ch\\\/ifz\\\/2019\\\/02\\\/12\\\/prof-dr-yvonne-seiler-zimmermann-was-taugen-pk-ratings-fuer-die-wahl-der-vorsorgeeinrichtung\\\/#primaryimage\"},\"thumbnailUrl\":\"https:\\\/\\\/hub.hslu.ch\\\/ifz\\\/wp-content\\\/blogs.dir\\\/165\\\/files\\\/sites\\\/6\\\/2013\\\/09\\\/12.jpg\",\"datePublished\":\"2013-09-18T05:00:24+00:00\",\"dateModified\":\"2020-05-20T12:12:32+00:00\",\"author\":{\"@id\":\"\"},\"breadcrumb\":{\"@id\":\"https:\\\/\\\/hub.hslu.ch\\\/ifz\\\/2019\\\/02\\\/12\\\/prof-dr-yvonne-seiler-zimmermann-was-taugen-pk-ratings-fuer-die-wahl-der-vorsorgeeinrichtung\\\/#breadcrumb\"},\"inLanguage\":\"de-CH\",\"potentialAction\":[{\"@type\":\"ReadAction\",\"target\":[\"https:\\\/\\\/hub.hslu.ch\\\/ifz\\\/2019\\\/02\\\/12\\\/prof-dr-yvonne-seiler-zimmermann-was-taugen-pk-ratings-fuer-die-wahl-der-vorsorgeeinrichtung\\\/\"]}]},{\"@type\":\"ImageObject\",\"inLanguage\":\"de-CH\",\"@id\":\"https:\\\/\\\/hub.hslu.ch\\\/ifz\\\/2019\\\/02\\\/12\\\/prof-dr-yvonne-seiler-zimmermann-was-taugen-pk-ratings-fuer-die-wahl-der-vorsorgeeinrichtung\\\/#primaryimage\",\"url\":\"https:\\\/\\\/hub.hslu.ch\\\/ifz\\\/wp-content\\\/blogs.dir\\\/165\\\/files\\\/sites\\\/6\\\/2013\\\/09\\\/12.jpg\",\"contentUrl\":\"https:\\\/\\\/hub.hslu.ch\\\/ifz\\\/wp-content\\\/blogs.dir\\\/165\\\/files\\\/sites\\\/6\\\/2013\\\/09\\\/12.jpg\",\"width\":135,\"height\":200},{\"@type\":\"BreadcrumbList\",\"@id\":\"https:\\\/\\\/hub.hslu.ch\\\/ifz\\\/2019\\\/02\\\/12\\\/prof-dr-yvonne-seiler-zimmermann-was-taugen-pk-ratings-fuer-die-wahl-der-vorsorgeeinrichtung\\\/#breadcrumb\",\"itemListElement\":[{\"@type\":\"ListItem\",\"position\":1,\"name\":\"Home\",\"item\":\"https:\\\/\\\/hub.hslu.ch\\\/ifz\\\/2019\\\/02\\\/12\\\/prof-dr-yvonne-seiler-zimmermann-was-taugen-pk-ratings-fuer-die-wahl-der-vorsorgeeinrichtung\\\/\"},{\"@type\":\"ListItem\",\"position\":2,\"name\":\"19. KMU Forum &#8211; Immobilien in der Unternehmensnachfolge\"}]},{\"@type\":\"WebSite\",\"@id\":\"https:\\\/\\\/hub.hslu.ch\\\/ifz\\\/#website\",\"url\":\"https:\\\/\\\/hub.hslu.ch\\\/ifz\\\/\",\"name\":\"IFZ Blog\",\"description\":\"News aus dem Institut f\u00fcr Finanzdienstleistungen Zug IFZ\",\"potentialAction\":[{\"@type\":\"SearchAction\",\"target\":{\"@type\":\"EntryPoint\",\"urlTemplate\":\"https:\\\/\\\/hub.hslu.ch\\\/ifz\\\/?s={search_term_string}\"},\"query-input\":{\"@type\":\"PropertyValueSpecification\",\"valueRequired\":true,\"valueName\":\"search_term_string\"}}],\"inLanguage\":\"de-CH\"},{\"@type\":\"Person\",\"@id\":\"\"}]}<\/script>\n<!-- \/ Yoast SEO plugin. -->","yoast_head_json":{"title":"19. KMU Forum - Immobilien in der Unternehmensnachfolge - IFZ Blog","robots":{"index":"index","follow":"follow","max-snippet":"max-snippet:-1","max-image-preview":"max-image-preview:large","max-video-preview":"max-video-preview:-1"},"canonical":"https:\/\/hub.hslu.ch\/ifz\/2019\/02\/12\/prof-dr-yvonne-seiler-zimmermann-was-taugen-pk-ratings-fuer-die-wahl-der-vorsorgeeinrichtung\/","schema":{"@context":"https:\/\/schema.org","@graph":[{"@type":"Article","@id":"https:\/\/hub.hslu.ch\/ifz\/2019\/02\/12\/prof-dr-yvonne-seiler-zimmermann-was-taugen-pk-ratings-fuer-die-wahl-der-vorsorgeeinrichtung\/#article","isPartOf":{"@id":"https:\/\/hub.hslu.ch\/ifz\/2019\/02\/12\/prof-dr-yvonne-seiler-zimmermann-was-taugen-pk-ratings-fuer-die-wahl-der-vorsorgeeinrichtung\/"},"author":{"name":"","@id":""},"headline":"19. KMU Forum &#8211; Immobilien in der Unternehmensnachfolge","datePublished":"2013-09-18T05:00:24+00:00","dateModified":"2020-05-20T12:12:32+00:00","mainEntityOfPage":{"@id":"https:\/\/hub.hslu.ch\/ifz\/2019\/02\/12\/prof-dr-yvonne-seiler-zimmermann-was-taugen-pk-ratings-fuer-die-wahl-der-vorsorgeeinrichtung\/"},"wordCount":582,"commentCount":0,"image":{"@id":"https:\/\/hub.hslu.ch\/ifz\/2019\/02\/12\/prof-dr-yvonne-seiler-zimmermann-was-taugen-pk-ratings-fuer-die-wahl-der-vorsorgeeinrichtung\/#primaryimage"},"thumbnailUrl":"https:\/\/hub.hslu.ch\/ifz\/wp-content\/blogs.dir\/165\/files\/sites\/6\/2013\/09\/12.jpg","articleSection":["Allgemeines","Forschung und Dienstleistung","IFZ in den Medien","Real Estate \/ Immobilienmanagement","Weiterbildung"],"inLanguage":"de-CH","potentialAction":[{"@type":"CommentAction","name":"Comment","target":["https:\/\/hub.hslu.ch\/ifz\/2019\/02\/12\/prof-dr-yvonne-seiler-zimmermann-was-taugen-pk-ratings-fuer-die-wahl-der-vorsorgeeinrichtung\/#respond"]}]},{"@type":"WebPage","@id":"https:\/\/hub.hslu.ch\/ifz\/2019\/02\/12\/prof-dr-yvonne-seiler-zimmermann-was-taugen-pk-ratings-fuer-die-wahl-der-vorsorgeeinrichtung\/","url":"https:\/\/hub.hslu.ch\/ifz\/2019\/02\/12\/prof-dr-yvonne-seiler-zimmermann-was-taugen-pk-ratings-fuer-die-wahl-der-vorsorgeeinrichtung\/","name":"19. KMU Forum - Immobilien in der Unternehmensnachfolge - IFZ Blog","isPartOf":{"@id":"https:\/\/hub.hslu.ch\/ifz\/#website"},"primaryImageOfPage":{"@id":"https:\/\/hub.hslu.ch\/ifz\/2019\/02\/12\/prof-dr-yvonne-seiler-zimmermann-was-taugen-pk-ratings-fuer-die-wahl-der-vorsorgeeinrichtung\/#primaryimage"},"image":{"@id":"https:\/\/hub.hslu.ch\/ifz\/2019\/02\/12\/prof-dr-yvonne-seiler-zimmermann-was-taugen-pk-ratings-fuer-die-wahl-der-vorsorgeeinrichtung\/#primaryimage"},"thumbnailUrl":"https:\/\/hub.hslu.ch\/ifz\/wp-content\/blogs.dir\/165\/files\/sites\/6\/2013\/09\/12.jpg","datePublished":"2013-09-18T05:00:24+00:00","dateModified":"2020-05-20T12:12:32+00:00","author":{"@id":""},"breadcrumb":{"@id":"https:\/\/hub.hslu.ch\/ifz\/2019\/02\/12\/prof-dr-yvonne-seiler-zimmermann-was-taugen-pk-ratings-fuer-die-wahl-der-vorsorgeeinrichtung\/#breadcrumb"},"inLanguage":"de-CH","potentialAction":[{"@type":"ReadAction","target":["https:\/\/hub.hslu.ch\/ifz\/2019\/02\/12\/prof-dr-yvonne-seiler-zimmermann-was-taugen-pk-ratings-fuer-die-wahl-der-vorsorgeeinrichtung\/"]}]},{"@type":"ImageObject","inLanguage":"de-CH","@id":"https:\/\/hub.hslu.ch\/ifz\/2019\/02\/12\/prof-dr-yvonne-seiler-zimmermann-was-taugen-pk-ratings-fuer-die-wahl-der-vorsorgeeinrichtung\/#primaryimage","url":"https:\/\/hub.hslu.ch\/ifz\/wp-content\/blogs.dir\/165\/files\/sites\/6\/2013\/09\/12.jpg","contentUrl":"https:\/\/hub.hslu.ch\/ifz\/wp-content\/blogs.dir\/165\/files\/sites\/6\/2013\/09\/12.jpg","width":135,"height":200},{"@type":"BreadcrumbList","@id":"https:\/\/hub.hslu.ch\/ifz\/2019\/02\/12\/prof-dr-yvonne-seiler-zimmermann-was-taugen-pk-ratings-fuer-die-wahl-der-vorsorgeeinrichtung\/#breadcrumb","itemListElement":[{"@type":"ListItem","position":1,"name":"Home","item":"https:\/\/hub.hslu.ch\/ifz\/2019\/02\/12\/prof-dr-yvonne-seiler-zimmermann-was-taugen-pk-ratings-fuer-die-wahl-der-vorsorgeeinrichtung\/"},{"@type":"ListItem","position":2,"name":"19. KMU Forum &#8211; Immobilien in der Unternehmensnachfolge"}]},{"@type":"WebSite","@id":"https:\/\/hub.hslu.ch\/ifz\/#website","url":"https:\/\/hub.hslu.ch\/ifz\/","name":"IFZ Blog","description":"News aus dem Institut f\u00fcr Finanzdienstleistungen Zug IFZ","potentialAction":[{"@type":"SearchAction","target":{"@type":"EntryPoint","urlTemplate":"https:\/\/hub.hslu.ch\/ifz\/?s={search_term_string}"},"query-input":{"@type":"PropertyValueSpecification","valueRequired":true,"valueName":"search_term_string"}}],"inLanguage":"de-CH"},{"@type":"Person","@id":""}]}},"featured_image_src":null,"featured_image_src_square":null,"author_info":{"display_name":"","author_link":"https:\/\/hub.hslu.ch\/ifz\/author\/"},"_links":{"self":[{"href":"https:\/\/hub.hslu.ch\/ifz\/wp-json\/wp\/v2\/posts\/11338","targetHints":{"allow":["GET"]}}],"collection":[{"href":"https:\/\/hub.hslu.ch\/ifz\/wp-json\/wp\/v2\/posts"}],"about":[{"href":"https:\/\/hub.hslu.ch\/ifz\/wp-json\/wp\/v2\/types\/post"}],"author":[{"embeddable":true,"href":"https:\/\/hub.hslu.ch\/ifz\/wp-json\/wp\/v2\/users\/257"}],"replies":[{"embeddable":true,"href":"https:\/\/hub.hslu.ch\/ifz\/wp-json\/wp\/v2\/comments?post=11338"}],"version-history":[{"count":1,"href":"https:\/\/hub.hslu.ch\/ifz\/wp-json\/wp\/v2\/posts\/11338\/revisions"}],"predecessor-version":[{"id":18444,"href":"https:\/\/hub.hslu.ch\/ifz\/wp-json\/wp\/v2\/posts\/11338\/revisions\/18444"}],"wp:attachment":[{"href":"https:\/\/hub.hslu.ch\/ifz\/wp-json\/wp\/v2\/media?parent=11338"}],"wp:term":[{"taxonomy":"category","embeddable":true,"href":"https:\/\/hub.hslu.ch\/ifz\/wp-json\/wp\/v2\/categories?post=11338"},{"taxonomy":"post_tag","embeddable":true,"href":"https:\/\/hub.hslu.ch\/ifz\/wp-json\/wp\/v2\/tags?post=11338"}],"curies":[{"name":"wp","href":"https:\/\/api.w.org\/{rel}","templated":true}]}}