{"id":13480,"date":"2015-04-02T10:30:47","date_gmt":"2015-04-02T08:30:47","guid":{"rendered":"https:\/\/hub.hslu.ch\/ifz\/?p=13480"},"modified":"2020-05-20T14:59:51","modified_gmt":"2020-05-20T12:59:51","slug":"waehrungsrisikomanagement-auch-fuer-kmu","status":"publish","type":"post","link":"https:\/\/hub.hslu.ch\/ifz\/2015\/04\/02\/waehrungsrisikomanagement-auch-fuer-kmu\/","title":{"rendered":"W\u00e4hrungsrisikomanagement &#8211; auch f\u00fcr KMU"},"content":{"rendered":"<p><a href=\"https:\/\/hub.hslu.ch\/ifz\/wp-content\/blogs.dir\/165\/files\/sites\/6\/2014\/10\/10001581.jpg\"><img loading=\"lazy\" decoding=\"async\" class=\" size-full wp-image-12719 alignnone\" src=\"https:\/\/hub.hslu.ch\/ifz\/wp-content\/blogs.dir\/165\/files\/sites\/6\/2014\/10\/10001581.jpg\" alt=\"Thomas Birrer\" width=\"155\" height=\"207\" \/><br \/>\n<\/a><\/p>\n<p><a href=\"https:\/\/hub.hslu.ch\/ifz\/wp-content\/blogs.dir\/165\/files\/sites\/6\/2014\/10\/12606641.jpg\"><img loading=\"lazy\" decoding=\"async\" class=\" size-full wp-image-12721 alignnone\" src=\"https:\/\/hub.hslu.ch\/ifz\/wp-content\/blogs.dir\/165\/files\/sites\/6\/2014\/10\/12606641.jpg\" alt=\"1260664[1]\" width=\"155\" height=\"207\" \/><\/a><\/p>\n<p><em>von <\/em><em><a href=\"https:\/\/www.hslu.ch\/de-ch\/hochschule-luzern\/ueber-uns\/personensuche\/profile\/?pid=834\">Thomas Birrer <\/a>und <a href=\"https:\/\/www.hslu.ch\/de-ch\/hochschule-luzern\/ueber-uns\/personensuche\/profile\/?pid=1809\">Felix Schmutz<\/a><\/em><br \/>\nDoktoranden und wissenschaftliche Mitarbeiter<em>\u00a0im<\/em> <a style=\"color: #d70070\" href=\"http:\/\/www.hslu.ch\/ifz\" target=\"_blank\" rel=\"noopener noreferrer\"><em>Institut f\u00fcr Finanzdienstleistungen Zug IFZ<\/em><\/a><\/p>\n<p>Das Thema W\u00e4hrungsrisikomanagement ist auch f\u00fcr KMU aktueller denn je. Thomas Birrer und Felix Schmutz erl\u00e4utern in ihrem Artikel im KMU-Spezial des ZKB Magazins (Seite 16 &#8211; 17) wie mit W\u00e4hrungsrisiken umzugehen ist und eine klare Strategie gew\u00e4hlt wird.<\/p>\n<p>Das ZKB Magazin (Artikel Birrer\/Schmutz Seite 16 &#8211; 17) \u00a0finden Sie <a href=\"https:\/\/hub.hslu.ch\/ifz\/wp-content\/blogs.dir\/165\/files\/sites\/6\/2015\/04\/Birrer_Schmutz_Waehrungsrisikomanagement-S16_17_ZKB-Magazin_Maerz-2015.pdf\">hier.<\/a><\/p>\n<p>Thomas Birrer hat zum gleichen Thema &#171;Strategien und Prozesse des W\u00e4hrungsrisikomanagements &#8211; Analyse von Schweizer Unternehmen&#187;\u00a0auch eine Studie herausgebracht. Sie kann unter <a href=\"&#109;a&#x69;l&#x74;o&#x3a;&#105;&#x66;&#122;&#x40;&#104;s&#x6c;u&#x2e;c&#x68;\">&#x69;&#x66;&#x7a;&#x40;&#x68;&#x73;&#x6c;&#x75;&#x2e;&#x63;&#x68; <\/a>bestellt werden.<\/p>\n<p><a href=\"https:\/\/hub.hslu.ch\/ifz\/wp-content\/blogs.dir\/165\/files\/sites\/6\/2014\/11\/140924_w_ifz_bug_spw_a5.jpg\"><img loading=\"lazy\" decoding=\"async\" class=\"alignleft size-medium wp-image-12905\" src=\"https:\/\/hub.hslu.ch\/ifz\/wp-content\/blogs.dir\/165\/files\/sites\/6\/2014\/11\/140924_w_ifz_bug_spw_a5-211x300.jpg\" alt=\"140924_w_ifz_bug_spw_a5\" width=\"211\" height=\"300\" srcset=\"https:\/\/hub.hslu.ch\/ifz\/wp-content\/blogs.dir\/165\/files\/sites\/6\/2014\/11\/140924_w_ifz_bug_spw_a5-211x300.jpg 211w, https:\/\/hub.hslu.ch\/ifz\/wp-content\/blogs.dir\/165\/files\/sites\/6\/2014\/11\/140924_w_ifz_bug_spw_a5.jpg 420w\" sizes=\"auto, (max-width: 211px) 100vw, 211px\" \/><br \/>\n<\/a><\/p>\n<p>&nbsp;<\/p>\n<p>&nbsp;<\/p>\n<p>&nbsp;<\/p>\n<p>&nbsp;<\/p>\n","protected":false},"excerpt":{"rendered":"<p>von Thomas Birrer und Felix Schmutz Doktoranden und wissenschaftliche Mitarbeiter\u00a0im Institut f\u00fcr Finanzdienstleistungen Zug IFZ Das Thema W\u00e4hrungsrisikomanagement ist auch f\u00fcr KMU aktueller denn je. Thomas Birrer und Felix Schmutz erl\u00e4utern in ihrem Artikel im KMU-Spezial des ZKB Magazins (Seite 16 &#8211; 17) wie mit W\u00e4hrungsrisiken umzugehen ist und eine klare Strategie gew\u00e4hlt wird. Das<\/p>\n","protected":false},"author":257,"featured_media":0,"comment_status":"open","ping_status":"closed","sticky":false,"template":"","format":"standard","meta":{"_acf_changed":false,"inline_featured_image":false,"_relevanssi_hide_post":"","_relevanssi_hide_content":"","_relevanssi_pin_for_all":"","_relevanssi_pin_keywords":"","_relevanssi_unpin_keywords":"","_relevanssi_related_keywords":"","_relevanssi_related_include_ids":"","_relevanssi_related_exclude_ids":"","_relevanssi_related_no_append":"","_relevanssi_related_not_related":"","_relevanssi_related_posts":"","_relevanssi_noindex_reason":"","footnotes":"","_links_to":"","_links_to_target":""},"categories":[406,408,854975,390375,390380,1109],"tags":[],"class_list":["post-13480","post","type-post","status-publish","format-standard","hentry","category-allgemeines","category-corporate-finance","category-ifz-in-den-medien","category-risk-management","category-treasury","category-venture-capital"],"acf":[],"yoast_head":"<!-- This site is optimized with the Yoast SEO plugin v27.5 - https:\/\/yoast.com\/product\/yoast-seo-wordpress\/ -->\n<title>W\u00e4hrungsrisikomanagement - auch f\u00fcr KMU - IFZ Blog<\/title>\n<meta name=\"robots\" content=\"index, follow, max-snippet:-1, max-image-preview:large, max-video-preview:-1\" \/>\n<link rel=\"canonical\" href=\"https:\/\/hub.hslu.ch\/ifz\/2019\/02\/12\/prof-dr-yvonne-seiler-zimmermann-was-taugen-pk-ratings-fuer-die-wahl-der-vorsorgeeinrichtung\/\" \/>\n<script type=\"application\/ld+json\" class=\"yoast-schema-graph\">{\"@context\":\"https:\\\/\\\/schema.org\",\"@graph\":[{\"@type\":\"Article\",\"@id\":\"https:\\\/\\\/hub.hslu.ch\\\/ifz\\\/2019\\\/02\\\/12\\\/prof-dr-yvonne-seiler-zimmermann-was-taugen-pk-ratings-fuer-die-wahl-der-vorsorgeeinrichtung\\\/#article\",\"isPartOf\":{\"@id\":\"https:\\\/\\\/hub.hslu.ch\\\/ifz\\\/2019\\\/02\\\/12\\\/prof-dr-yvonne-seiler-zimmermann-was-taugen-pk-ratings-fuer-die-wahl-der-vorsorgeeinrichtung\\\/\"},\"author\":{\"name\":\"\",\"@id\":\"\"},\"headline\":\"W\u00e4hrungsrisikomanagement &#8211; auch f\u00fcr KMU\",\"datePublished\":\"2015-04-02T08:30:47+00:00\",\"dateModified\":\"2020-05-20T12:59:51+00:00\",\"mainEntityOfPage\":{\"@id\":\"https:\\\/\\\/hub.hslu.ch\\\/ifz\\\/2019\\\/02\\\/12\\\/prof-dr-yvonne-seiler-zimmermann-was-taugen-pk-ratings-fuer-die-wahl-der-vorsorgeeinrichtung\\\/\"},\"wordCount\":110,\"commentCount\":0,\"image\":{\"@id\":\"https:\\\/\\\/hub.hslu.ch\\\/ifz\\\/2019\\\/02\\\/12\\\/prof-dr-yvonne-seiler-zimmermann-was-taugen-pk-ratings-fuer-die-wahl-der-vorsorgeeinrichtung\\\/#primaryimage\"},\"thumbnailUrl\":\"https:\\\/\\\/hub.hslu.ch\\\/ifz\\\/wp-content\\\/blogs.dir\\\/165\\\/files\\\/sites\\\/6\\\/2014\\\/10\\\/10001581.jpg\",\"articleSection\":[\"Allgemeines\",\"Corporate Finance\",\"IFZ in den Medien\",\"Risk Management\",\"Treasury\",\"Venture Capital\"],\"inLanguage\":\"de-CH\",\"potentialAction\":[{\"@type\":\"CommentAction\",\"name\":\"Comment\",\"target\":[\"https:\\\/\\\/hub.hslu.ch\\\/ifz\\\/2019\\\/02\\\/12\\\/prof-dr-yvonne-seiler-zimmermann-was-taugen-pk-ratings-fuer-die-wahl-der-vorsorgeeinrichtung\\\/#respond\"]}]},{\"@type\":\"WebPage\",\"@id\":\"https:\\\/\\\/hub.hslu.ch\\\/ifz\\\/2019\\\/02\\\/12\\\/prof-dr-yvonne-seiler-zimmermann-was-taugen-pk-ratings-fuer-die-wahl-der-vorsorgeeinrichtung\\\/\",\"url\":\"https:\\\/\\\/hub.hslu.ch\\\/ifz\\\/2019\\\/02\\\/12\\\/prof-dr-yvonne-seiler-zimmermann-was-taugen-pk-ratings-fuer-die-wahl-der-vorsorgeeinrichtung\\\/\",\"name\":\"W\u00e4hrungsrisikomanagement - auch f\u00fcr KMU - IFZ Blog\",\"isPartOf\":{\"@id\":\"https:\\\/\\\/hub.hslu.ch\\\/ifz\\\/#website\"},\"primaryImageOfPage\":{\"@id\":\"https:\\\/\\\/hub.hslu.ch\\\/ifz\\\/2019\\\/02\\\/12\\\/prof-dr-yvonne-seiler-zimmermann-was-taugen-pk-ratings-fuer-die-wahl-der-vorsorgeeinrichtung\\\/#primaryimage\"},\"image\":{\"@id\":\"https:\\\/\\\/hub.hslu.ch\\\/ifz\\\/2019\\\/02\\\/12\\\/prof-dr-yvonne-seiler-zimmermann-was-taugen-pk-ratings-fuer-die-wahl-der-vorsorgeeinrichtung\\\/#primaryimage\"},\"thumbnailUrl\":\"https:\\\/\\\/hub.hslu.ch\\\/ifz\\\/wp-content\\\/blogs.dir\\\/165\\\/files\\\/sites\\\/6\\\/2014\\\/10\\\/10001581.jpg\",\"datePublished\":\"2015-04-02T08:30:47+00:00\",\"dateModified\":\"2020-05-20T12:59:51+00:00\",\"author\":{\"@id\":\"\"},\"breadcrumb\":{\"@id\":\"https:\\\/\\\/hub.hslu.ch\\\/ifz\\\/2019\\\/02\\\/12\\\/prof-dr-yvonne-seiler-zimmermann-was-taugen-pk-ratings-fuer-die-wahl-der-vorsorgeeinrichtung\\\/#breadcrumb\"},\"inLanguage\":\"de-CH\",\"potentialAction\":[{\"@type\":\"ReadAction\",\"target\":[\"https:\\\/\\\/hub.hslu.ch\\\/ifz\\\/2019\\\/02\\\/12\\\/prof-dr-yvonne-seiler-zimmermann-was-taugen-pk-ratings-fuer-die-wahl-der-vorsorgeeinrichtung\\\/\"]}]},{\"@type\":\"ImageObject\",\"inLanguage\":\"de-CH\",\"@id\":\"https:\\\/\\\/hub.hslu.ch\\\/ifz\\\/2019\\\/02\\\/12\\\/prof-dr-yvonne-seiler-zimmermann-was-taugen-pk-ratings-fuer-die-wahl-der-vorsorgeeinrichtung\\\/#primaryimage\",\"url\":\"https:\\\/\\\/hub.hslu.ch\\\/ifz\\\/wp-content\\\/blogs.dir\\\/165\\\/files\\\/sites\\\/6\\\/2014\\\/10\\\/10001581.jpg\",\"contentUrl\":\"https:\\\/\\\/hub.hslu.ch\\\/ifz\\\/wp-content\\\/blogs.dir\\\/165\\\/files\\\/sites\\\/6\\\/2014\\\/10\\\/10001581.jpg\",\"width\":155,\"height\":207},{\"@type\":\"BreadcrumbList\",\"@id\":\"https:\\\/\\\/hub.hslu.ch\\\/ifz\\\/2019\\\/02\\\/12\\\/prof-dr-yvonne-seiler-zimmermann-was-taugen-pk-ratings-fuer-die-wahl-der-vorsorgeeinrichtung\\\/#breadcrumb\",\"itemListElement\":[{\"@type\":\"ListItem\",\"position\":1,\"name\":\"Home\",\"item\":\"https:\\\/\\\/hub.hslu.ch\\\/ifz\\\/2019\\\/02\\\/12\\\/prof-dr-yvonne-seiler-zimmermann-was-taugen-pk-ratings-fuer-die-wahl-der-vorsorgeeinrichtung\\\/\"},{\"@type\":\"ListItem\",\"position\":2,\"name\":\"W\u00e4hrungsrisikomanagement &#8211; auch f\u00fcr KMU\"}]},{\"@type\":\"WebSite\",\"@id\":\"https:\\\/\\\/hub.hslu.ch\\\/ifz\\\/#website\",\"url\":\"https:\\\/\\\/hub.hslu.ch\\\/ifz\\\/\",\"name\":\"IFZ Blog\",\"description\":\"News aus dem Institut f\u00fcr Finanzdienstleistungen Zug IFZ\",\"potentialAction\":[{\"@type\":\"SearchAction\",\"target\":{\"@type\":\"EntryPoint\",\"urlTemplate\":\"https:\\\/\\\/hub.hslu.ch\\\/ifz\\\/?s={search_term_string}\"},\"query-input\":{\"@type\":\"PropertyValueSpecification\",\"valueRequired\":true,\"valueName\":\"search_term_string\"}}],\"inLanguage\":\"de-CH\"},{\"@type\":\"Person\",\"@id\":\"\"}]}<\/script>\n<!-- \/ Yoast SEO plugin. -->","yoast_head_json":{"title":"W\u00e4hrungsrisikomanagement - auch f\u00fcr KMU - IFZ Blog","robots":{"index":"index","follow":"follow","max-snippet":"max-snippet:-1","max-image-preview":"max-image-preview:large","max-video-preview":"max-video-preview:-1"},"canonical":"https:\/\/hub.hslu.ch\/ifz\/2019\/02\/12\/prof-dr-yvonne-seiler-zimmermann-was-taugen-pk-ratings-fuer-die-wahl-der-vorsorgeeinrichtung\/","schema":{"@context":"https:\/\/schema.org","@graph":[{"@type":"Article","@id":"https:\/\/hub.hslu.ch\/ifz\/2019\/02\/12\/prof-dr-yvonne-seiler-zimmermann-was-taugen-pk-ratings-fuer-die-wahl-der-vorsorgeeinrichtung\/#article","isPartOf":{"@id":"https:\/\/hub.hslu.ch\/ifz\/2019\/02\/12\/prof-dr-yvonne-seiler-zimmermann-was-taugen-pk-ratings-fuer-die-wahl-der-vorsorgeeinrichtung\/"},"author":{"name":"","@id":""},"headline":"W\u00e4hrungsrisikomanagement &#8211; auch f\u00fcr KMU","datePublished":"2015-04-02T08:30:47+00:00","dateModified":"2020-05-20T12:59:51+00:00","mainEntityOfPage":{"@id":"https:\/\/hub.hslu.ch\/ifz\/2019\/02\/12\/prof-dr-yvonne-seiler-zimmermann-was-taugen-pk-ratings-fuer-die-wahl-der-vorsorgeeinrichtung\/"},"wordCount":110,"commentCount":0,"image":{"@id":"https:\/\/hub.hslu.ch\/ifz\/2019\/02\/12\/prof-dr-yvonne-seiler-zimmermann-was-taugen-pk-ratings-fuer-die-wahl-der-vorsorgeeinrichtung\/#primaryimage"},"thumbnailUrl":"https:\/\/hub.hslu.ch\/ifz\/wp-content\/blogs.dir\/165\/files\/sites\/6\/2014\/10\/10001581.jpg","articleSection":["Allgemeines","Corporate Finance","IFZ in den Medien","Risk Management","Treasury","Venture Capital"],"inLanguage":"de-CH","potentialAction":[{"@type":"CommentAction","name":"Comment","target":["https:\/\/hub.hslu.ch\/ifz\/2019\/02\/12\/prof-dr-yvonne-seiler-zimmermann-was-taugen-pk-ratings-fuer-die-wahl-der-vorsorgeeinrichtung\/#respond"]}]},{"@type":"WebPage","@id":"https:\/\/hub.hslu.ch\/ifz\/2019\/02\/12\/prof-dr-yvonne-seiler-zimmermann-was-taugen-pk-ratings-fuer-die-wahl-der-vorsorgeeinrichtung\/","url":"https:\/\/hub.hslu.ch\/ifz\/2019\/02\/12\/prof-dr-yvonne-seiler-zimmermann-was-taugen-pk-ratings-fuer-die-wahl-der-vorsorgeeinrichtung\/","name":"W\u00e4hrungsrisikomanagement - auch f\u00fcr KMU - IFZ Blog","isPartOf":{"@id":"https:\/\/hub.hslu.ch\/ifz\/#website"},"primaryImageOfPage":{"@id":"https:\/\/hub.hslu.ch\/ifz\/2019\/02\/12\/prof-dr-yvonne-seiler-zimmermann-was-taugen-pk-ratings-fuer-die-wahl-der-vorsorgeeinrichtung\/#primaryimage"},"image":{"@id":"https:\/\/hub.hslu.ch\/ifz\/2019\/02\/12\/prof-dr-yvonne-seiler-zimmermann-was-taugen-pk-ratings-fuer-die-wahl-der-vorsorgeeinrichtung\/#primaryimage"},"thumbnailUrl":"https:\/\/hub.hslu.ch\/ifz\/wp-content\/blogs.dir\/165\/files\/sites\/6\/2014\/10\/10001581.jpg","datePublished":"2015-04-02T08:30:47+00:00","dateModified":"2020-05-20T12:59:51+00:00","author":{"@id":""},"breadcrumb":{"@id":"https:\/\/hub.hslu.ch\/ifz\/2019\/02\/12\/prof-dr-yvonne-seiler-zimmermann-was-taugen-pk-ratings-fuer-die-wahl-der-vorsorgeeinrichtung\/#breadcrumb"},"inLanguage":"de-CH","potentialAction":[{"@type":"ReadAction","target":["https:\/\/hub.hslu.ch\/ifz\/2019\/02\/12\/prof-dr-yvonne-seiler-zimmermann-was-taugen-pk-ratings-fuer-die-wahl-der-vorsorgeeinrichtung\/"]}]},{"@type":"ImageObject","inLanguage":"de-CH","@id":"https:\/\/hub.hslu.ch\/ifz\/2019\/02\/12\/prof-dr-yvonne-seiler-zimmermann-was-taugen-pk-ratings-fuer-die-wahl-der-vorsorgeeinrichtung\/#primaryimage","url":"https:\/\/hub.hslu.ch\/ifz\/wp-content\/blogs.dir\/165\/files\/sites\/6\/2014\/10\/10001581.jpg","contentUrl":"https:\/\/hub.hslu.ch\/ifz\/wp-content\/blogs.dir\/165\/files\/sites\/6\/2014\/10\/10001581.jpg","width":155,"height":207},{"@type":"BreadcrumbList","@id":"https:\/\/hub.hslu.ch\/ifz\/2019\/02\/12\/prof-dr-yvonne-seiler-zimmermann-was-taugen-pk-ratings-fuer-die-wahl-der-vorsorgeeinrichtung\/#breadcrumb","itemListElement":[{"@type":"ListItem","position":1,"name":"Home","item":"https:\/\/hub.hslu.ch\/ifz\/2019\/02\/12\/prof-dr-yvonne-seiler-zimmermann-was-taugen-pk-ratings-fuer-die-wahl-der-vorsorgeeinrichtung\/"},{"@type":"ListItem","position":2,"name":"W\u00e4hrungsrisikomanagement &#8211; auch f\u00fcr KMU"}]},{"@type":"WebSite","@id":"https:\/\/hub.hslu.ch\/ifz\/#website","url":"https:\/\/hub.hslu.ch\/ifz\/","name":"IFZ Blog","description":"News aus dem Institut f\u00fcr Finanzdienstleistungen Zug IFZ","potentialAction":[{"@type":"SearchAction","target":{"@type":"EntryPoint","urlTemplate":"https:\/\/hub.hslu.ch\/ifz\/?s={search_term_string}"},"query-input":{"@type":"PropertyValueSpecification","valueRequired":true,"valueName":"search_term_string"}}],"inLanguage":"de-CH"},{"@type":"Person","@id":""}]}},"featured_image_src":null,"featured_image_src_square":null,"author_info":{"display_name":"","author_link":"https:\/\/hub.hslu.ch\/ifz\/author\/"},"_links":{"self":[{"href":"https:\/\/hub.hslu.ch\/ifz\/wp-json\/wp\/v2\/posts\/13480","targetHints":{"allow":["GET"]}}],"collection":[{"href":"https:\/\/hub.hslu.ch\/ifz\/wp-json\/wp\/v2\/posts"}],"about":[{"href":"https:\/\/hub.hslu.ch\/ifz\/wp-json\/wp\/v2\/types\/post"}],"author":[{"embeddable":true,"href":"https:\/\/hub.hslu.ch\/ifz\/wp-json\/wp\/v2\/users\/257"}],"replies":[{"embeddable":true,"href":"https:\/\/hub.hslu.ch\/ifz\/wp-json\/wp\/v2\/comments?post=13480"}],"version-history":[{"count":5,"href":"https:\/\/hub.hslu.ch\/ifz\/wp-json\/wp\/v2\/posts\/13480\/revisions"}],"predecessor-version":[{"id":18688,"href":"https:\/\/hub.hslu.ch\/ifz\/wp-json\/wp\/v2\/posts\/13480\/revisions\/18688"}],"wp:attachment":[{"href":"https:\/\/hub.hslu.ch\/ifz\/wp-json\/wp\/v2\/media?parent=13480"}],"wp:term":[{"taxonomy":"category","embeddable":true,"href":"https:\/\/hub.hslu.ch\/ifz\/wp-json\/wp\/v2\/categories?post=13480"},{"taxonomy":"post_tag","embeddable":true,"href":"https:\/\/hub.hslu.ch\/ifz\/wp-json\/wp\/v2\/tags?post=13480"}],"curies":[{"name":"wp","href":"https:\/\/api.w.org\/{rel}","templated":true}]}}