{"id":14207,"date":"2015-07-14T13:30:11","date_gmt":"2015-07-14T11:30:11","guid":{"rendered":"https:\/\/hub.hslu.ch\/ifz\/?p=14207"},"modified":"2020-05-20T14:12:07","modified_gmt":"2020-05-20T12:12:07","slug":"prof-dr-christoph-lengwiler-im-interview-mit-finews-ch-aussichten-in-der-finanzbranche","status":"publish","type":"post","link":"https:\/\/hub.hslu.ch\/ifz\/2015\/07\/14\/prof-dr-christoph-lengwiler-im-interview-mit-finews-ch-aussichten-in-der-finanzbranche\/","title":{"rendered":"Prof. Dr. Christoph Lengwiler im Interview mit finews.ch &#8211; Aussichten in der Finanzbranche"},"content":{"rendered":"<p><a href=\"https:\/\/hub.hslu.ch\/ifz\/wp-content\/blogs.dir\/165\/files\/sites\/6\/2015\/06\/Lengwiler_Christoph_Blog.jpg\"><img loading=\"lazy\" decoding=\"async\" class=\"alignleft size-thumbnail wp-image-14024\" src=\"https:\/\/hub.hslu.ch\/ifz\/wp-content\/blogs.dir\/165\/files\/sites\/6\/2015\/06\/Lengwiler_Christoph_Blog-112x150.jpg\" alt=\"Lengwiler_Christoph_Blog\" width=\"112\" height=\"150\" \/><\/a><\/p>\n<p>&nbsp;<\/p>\n<p>&nbsp;<\/p>\n<p>&nbsp;<\/p>\n<p>von<em>\u00a0<\/em><span style=\"color: #333399\"><a style=\"color: #333399\" href=\"https:\/\/www.hslu.ch\/de-ch\/hochschule-luzern\/ueber-uns\/personensuche\/profile\/?pid=232\" target=\"_blank\" rel=\"noopener noreferrer\">Prof. Dr.\u00a0Christoph Lengwiler<\/a>, <span style=\"color: #000000\">Institutsleiter und <\/span><\/span><span style=\"color: #000000\">Dozent<\/span> am <span style=\"color: #333399\"><a style=\"color: #333399\" href=\"http:\/\/www.hslu.ch\/ifz\" target=\"_blank\" rel=\"noopener noreferrer\">Institut f\u00fcr Finanzdienstleistungen Zug IFZ<\/a><\/span><\/p>\n<p>Das Branchenportal <span style=\"color: #333399\"><a style=\"color: #333399\" href=\"http:\/\/www.finews.ch\/\" target=\"_blank\" rel=\"noopener noreferrer\">finews.ch<\/a><\/span>, die <a href=\"http:\/\/www.communicators.ch\/de\/index.php\" target=\"_blank\" rel=\"noopener noreferrer\"><span style=\"color: #333399\">Kommunikationsagentur Communicators<\/span><\/a> und das <span style=\"color: #333399\"><a style=\"color: #333399\" href=\"http:\/\/www.hslu.ch\/ifz\" target=\"_blank\" rel=\"noopener noreferrer\">Institut f\u00fcr Finanzdienstleistungen Zug IFZ<\/a> <\/span>haben zum vierten Mal eine Online-Befragung \u00fcber die Berufsaussichten in der Schweizer Finanzbranche durchgef\u00fchrt. 539 Personen haben an der repr\u00e4sentativen Studie teilgenommen. Die Ergebnisse der Online-Befragung sind als PDF-Datei erh\u00e4ltlich: <span style=\"color: #333399\"><a style=\"color: #333399\" href=\"&#109;&#x61;&#105;&#x6c;&#116;&#x6f;:&#x69;n&#102;&#x6f;&#64;&#x66;&#105;&#x6e;e&#x77;s&#46;&#x63;&#104;\" target=\"_blank\" rel=\"noopener noreferrer\">i&#110;&#x66;&#x6f;&#64;&#102;&#105;&#x6e;&#x65;w&#115;&#x2e;&#x63;h<\/a><\/span><\/p>\n<p>&#171;Was heute in der Finanzbranche gilt, ist vielleicht morgen schon nicht mehr g\u00fcltig&#187; &#8211; das die Aussage von Prof. Dr. Christoph Lengwiler. Das ausf\u00fchrliche Interview mit finews.ch zum Thema Aus- und Weiterbildungen in der Finanzbranche &#8211; Entwicklungen, Trends und Zukunftsaussichten finden Sie <span style=\"color: #333399\"><a style=\"color: #333399\" href=\"https:\/\/hub.hslu.ch\/ifz\/wp-content\/blogs.dir\/165\/files\/sites\/6\/2015\/07\/Lengwiler_Christoph_Interview_finews_Die-Digitalisierung-beschaeftigt-uns_150710.pdf\">hier<\/a><\/span><\/p>\n","protected":false},"excerpt":{"rendered":"<p>&nbsp; &nbsp; &nbsp; von\u00a0Prof. Dr.\u00a0Christoph Lengwiler, Institutsleiter und Dozent am Institut f\u00fcr Finanzdienstleistungen Zug IFZ Das Branchenportal finews.ch, die Kommunikationsagentur Communicators und das Institut f\u00fcr Finanzdienstleistungen Zug IFZ haben zum vierten Mal eine Online-Befragung \u00fcber die Berufsaussichten in der Schweizer Finanzbranche durchgef\u00fchrt. 539 Personen haben an der repr\u00e4sentativen Studie teilgenommen. Die Ergebnisse der Online-Befragung sind<\/p>\n","protected":false},"author":257,"featured_media":14234,"comment_status":"open","ping_status":"closed","sticky":false,"template":"","format":"standard","meta":{"_acf_changed":false,"inline_featured_image":false,"_relevanssi_hide_post":"","_relevanssi_hide_content":"","_relevanssi_pin_for_all":"","_relevanssi_pin_keywords":"","_relevanssi_unpin_keywords":"","_relevanssi_related_keywords":"","_relevanssi_related_include_ids":"","_relevanssi_related_exclude_ids":"","_relevanssi_related_no_append":"","_relevanssi_related_not_related":"","_relevanssi_related_posts":"","_relevanssi_noindex_reason":"","footnotes":"","_links_to":"","_links_to_target":""},"categories":[406,854975],"tags":[],"class_list":["post-14207","post","type-post","status-publish","format-standard","has-post-thumbnail","hentry","category-allgemeines","category-ifz-in-den-medien"],"acf":[],"yoast_head":"<!-- This site is optimized with the Yoast SEO plugin v27.5 - https:\/\/yoast.com\/product\/yoast-seo-wordpress\/ -->\n<title>Prof. Dr. Christoph Lengwiler im Interview mit finews.ch - Aussichten in der Finanzbranche - IFZ Blog<\/title>\n<meta name=\"robots\" content=\"index, follow, max-snippet:-1, max-image-preview:large, max-video-preview:-1\" \/>\n<link rel=\"canonical\" href=\"https:\/\/hub.hslu.ch\/ifz\/2019\/02\/12\/prof-dr-yvonne-seiler-zimmermann-was-taugen-pk-ratings-fuer-die-wahl-der-vorsorgeeinrichtung\/\" \/>\n<script type=\"application\/ld+json\" class=\"yoast-schema-graph\">{\"@context\":\"https:\\\/\\\/schema.org\",\"@graph\":[{\"@type\":\"Article\",\"@id\":\"https:\\\/\\\/hub.hslu.ch\\\/ifz\\\/2019\\\/02\\\/12\\\/prof-dr-yvonne-seiler-zimmermann-was-taugen-pk-ratings-fuer-die-wahl-der-vorsorgeeinrichtung\\\/#article\",\"isPartOf\":{\"@id\":\"https:\\\/\\\/hub.hslu.ch\\\/ifz\\\/2019\\\/02\\\/12\\\/prof-dr-yvonne-seiler-zimmermann-was-taugen-pk-ratings-fuer-die-wahl-der-vorsorgeeinrichtung\\\/\"},\"author\":{\"name\":\"\",\"@id\":\"\"},\"headline\":\"Prof. Dr. Christoph Lengwiler im Interview mit finews.ch &#8211; Aussichten in der Finanzbranche\",\"datePublished\":\"2015-07-14T11:30:11+00:00\",\"dateModified\":\"2020-05-20T12:12:07+00:00\",\"mainEntityOfPage\":{\"@id\":\"https:\\\/\\\/hub.hslu.ch\\\/ifz\\\/2019\\\/02\\\/12\\\/prof-dr-yvonne-seiler-zimmermann-was-taugen-pk-ratings-fuer-die-wahl-der-vorsorgeeinrichtung\\\/\"},\"wordCount\":128,\"commentCount\":0,\"image\":{\"@id\":\"https:\\\/\\\/hub.hslu.ch\\\/ifz\\\/2019\\\/02\\\/12\\\/prof-dr-yvonne-seiler-zimmermann-was-taugen-pk-ratings-fuer-die-wahl-der-vorsorgeeinrichtung\\\/#primaryimage\"},\"thumbnailUrl\":\"https:\\\/\\\/hub.hslu.ch\\\/ifz\\\/wp-content\\\/blogs.dir\\\/165\\\/files\\\/sites\\\/6\\\/2015\\\/07\\\/IFZ-Blog-Lengwiler-Christoph-Umfrage-finews.jpg\",\"articleSection\":[\"Allgemeines\",\"IFZ in den Medien\"],\"inLanguage\":\"de-CH\",\"potentialAction\":[{\"@type\":\"CommentAction\",\"name\":\"Comment\",\"target\":[\"https:\\\/\\\/hub.hslu.ch\\\/ifz\\\/2019\\\/02\\\/12\\\/prof-dr-yvonne-seiler-zimmermann-was-taugen-pk-ratings-fuer-die-wahl-der-vorsorgeeinrichtung\\\/#respond\"]}]},{\"@type\":\"WebPage\",\"@id\":\"https:\\\/\\\/hub.hslu.ch\\\/ifz\\\/2019\\\/02\\\/12\\\/prof-dr-yvonne-seiler-zimmermann-was-taugen-pk-ratings-fuer-die-wahl-der-vorsorgeeinrichtung\\\/\",\"url\":\"https:\\\/\\\/hub.hslu.ch\\\/ifz\\\/2019\\\/02\\\/12\\\/prof-dr-yvonne-seiler-zimmermann-was-taugen-pk-ratings-fuer-die-wahl-der-vorsorgeeinrichtung\\\/\",\"name\":\"Prof. Dr. Christoph Lengwiler im Interview mit finews.ch - Aussichten in der Finanzbranche - IFZ Blog\",\"isPartOf\":{\"@id\":\"https:\\\/\\\/hub.hslu.ch\\\/ifz\\\/#website\"},\"primaryImageOfPage\":{\"@id\":\"https:\\\/\\\/hub.hslu.ch\\\/ifz\\\/2019\\\/02\\\/12\\\/prof-dr-yvonne-seiler-zimmermann-was-taugen-pk-ratings-fuer-die-wahl-der-vorsorgeeinrichtung\\\/#primaryimage\"},\"image\":{\"@id\":\"https:\\\/\\\/hub.hslu.ch\\\/ifz\\\/2019\\\/02\\\/12\\\/prof-dr-yvonne-seiler-zimmermann-was-taugen-pk-ratings-fuer-die-wahl-der-vorsorgeeinrichtung\\\/#primaryimage\"},\"thumbnailUrl\":\"https:\\\/\\\/hub.hslu.ch\\\/ifz\\\/wp-content\\\/blogs.dir\\\/165\\\/files\\\/sites\\\/6\\\/2015\\\/07\\\/IFZ-Blog-Lengwiler-Christoph-Umfrage-finews.jpg\",\"datePublished\":\"2015-07-14T11:30:11+00:00\",\"dateModified\":\"2020-05-20T12:12:07+00:00\",\"author\":{\"@id\":\"\"},\"breadcrumb\":{\"@id\":\"https:\\\/\\\/hub.hslu.ch\\\/ifz\\\/2019\\\/02\\\/12\\\/prof-dr-yvonne-seiler-zimmermann-was-taugen-pk-ratings-fuer-die-wahl-der-vorsorgeeinrichtung\\\/#breadcrumb\"},\"inLanguage\":\"de-CH\",\"potentialAction\":[{\"@type\":\"ReadAction\",\"target\":[\"https:\\\/\\\/hub.hslu.ch\\\/ifz\\\/2019\\\/02\\\/12\\\/prof-dr-yvonne-seiler-zimmermann-was-taugen-pk-ratings-fuer-die-wahl-der-vorsorgeeinrichtung\\\/\"]}]},{\"@type\":\"ImageObject\",\"inLanguage\":\"de-CH\",\"@id\":\"https:\\\/\\\/hub.hslu.ch\\\/ifz\\\/2019\\\/02\\\/12\\\/prof-dr-yvonne-seiler-zimmermann-was-taugen-pk-ratings-fuer-die-wahl-der-vorsorgeeinrichtung\\\/#primaryimage\",\"url\":\"https:\\\/\\\/hub.hslu.ch\\\/ifz\\\/wp-content\\\/blogs.dir\\\/165\\\/files\\\/sites\\\/6\\\/2015\\\/07\\\/IFZ-Blog-Lengwiler-Christoph-Umfrage-finews.jpg\",\"contentUrl\":\"https:\\\/\\\/hub.hslu.ch\\\/ifz\\\/wp-content\\\/blogs.dir\\\/165\\\/files\\\/sites\\\/6\\\/2015\\\/07\\\/IFZ-Blog-Lengwiler-Christoph-Umfrage-finews.jpg\",\"width\":782,\"height\":336},{\"@type\":\"BreadcrumbList\",\"@id\":\"https:\\\/\\\/hub.hslu.ch\\\/ifz\\\/2019\\\/02\\\/12\\\/prof-dr-yvonne-seiler-zimmermann-was-taugen-pk-ratings-fuer-die-wahl-der-vorsorgeeinrichtung\\\/#breadcrumb\",\"itemListElement\":[{\"@type\":\"ListItem\",\"position\":1,\"name\":\"Home\",\"item\":\"https:\\\/\\\/hub.hslu.ch\\\/ifz\\\/2019\\\/02\\\/12\\\/prof-dr-yvonne-seiler-zimmermann-was-taugen-pk-ratings-fuer-die-wahl-der-vorsorgeeinrichtung\\\/\"},{\"@type\":\"ListItem\",\"position\":2,\"name\":\"Prof. Dr. Christoph Lengwiler im Interview mit finews.ch &#8211; Aussichten in der Finanzbranche\"}]},{\"@type\":\"WebSite\",\"@id\":\"https:\\\/\\\/hub.hslu.ch\\\/ifz\\\/#website\",\"url\":\"https:\\\/\\\/hub.hslu.ch\\\/ifz\\\/\",\"name\":\"IFZ Blog\",\"description\":\"News aus dem Institut f\u00fcr Finanzdienstleistungen Zug IFZ\",\"potentialAction\":[{\"@type\":\"SearchAction\",\"target\":{\"@type\":\"EntryPoint\",\"urlTemplate\":\"https:\\\/\\\/hub.hslu.ch\\\/ifz\\\/?s={search_term_string}\"},\"query-input\":{\"@type\":\"PropertyValueSpecification\",\"valueRequired\":true,\"valueName\":\"search_term_string\"}}],\"inLanguage\":\"de-CH\"},{\"@type\":\"Person\",\"@id\":\"\"}]}<\/script>\n<!-- \/ Yoast SEO plugin. -->","yoast_head_json":{"title":"Prof. Dr. Christoph Lengwiler im Interview mit finews.ch - Aussichten in der Finanzbranche - IFZ Blog","robots":{"index":"index","follow":"follow","max-snippet":"max-snippet:-1","max-image-preview":"max-image-preview:large","max-video-preview":"max-video-preview:-1"},"canonical":"https:\/\/hub.hslu.ch\/ifz\/2019\/02\/12\/prof-dr-yvonne-seiler-zimmermann-was-taugen-pk-ratings-fuer-die-wahl-der-vorsorgeeinrichtung\/","schema":{"@context":"https:\/\/schema.org","@graph":[{"@type":"Article","@id":"https:\/\/hub.hslu.ch\/ifz\/2019\/02\/12\/prof-dr-yvonne-seiler-zimmermann-was-taugen-pk-ratings-fuer-die-wahl-der-vorsorgeeinrichtung\/#article","isPartOf":{"@id":"https:\/\/hub.hslu.ch\/ifz\/2019\/02\/12\/prof-dr-yvonne-seiler-zimmermann-was-taugen-pk-ratings-fuer-die-wahl-der-vorsorgeeinrichtung\/"},"author":{"name":"","@id":""},"headline":"Prof. Dr. Christoph Lengwiler im Interview mit finews.ch &#8211; Aussichten in der Finanzbranche","datePublished":"2015-07-14T11:30:11+00:00","dateModified":"2020-05-20T12:12:07+00:00","mainEntityOfPage":{"@id":"https:\/\/hub.hslu.ch\/ifz\/2019\/02\/12\/prof-dr-yvonne-seiler-zimmermann-was-taugen-pk-ratings-fuer-die-wahl-der-vorsorgeeinrichtung\/"},"wordCount":128,"commentCount":0,"image":{"@id":"https:\/\/hub.hslu.ch\/ifz\/2019\/02\/12\/prof-dr-yvonne-seiler-zimmermann-was-taugen-pk-ratings-fuer-die-wahl-der-vorsorgeeinrichtung\/#primaryimage"},"thumbnailUrl":"https:\/\/hub.hslu.ch\/ifz\/wp-content\/blogs.dir\/165\/files\/sites\/6\/2015\/07\/IFZ-Blog-Lengwiler-Christoph-Umfrage-finews.jpg","articleSection":["Allgemeines","IFZ in den Medien"],"inLanguage":"de-CH","potentialAction":[{"@type":"CommentAction","name":"Comment","target":["https:\/\/hub.hslu.ch\/ifz\/2019\/02\/12\/prof-dr-yvonne-seiler-zimmermann-was-taugen-pk-ratings-fuer-die-wahl-der-vorsorgeeinrichtung\/#respond"]}]},{"@type":"WebPage","@id":"https:\/\/hub.hslu.ch\/ifz\/2019\/02\/12\/prof-dr-yvonne-seiler-zimmermann-was-taugen-pk-ratings-fuer-die-wahl-der-vorsorgeeinrichtung\/","url":"https:\/\/hub.hslu.ch\/ifz\/2019\/02\/12\/prof-dr-yvonne-seiler-zimmermann-was-taugen-pk-ratings-fuer-die-wahl-der-vorsorgeeinrichtung\/","name":"Prof. Dr. Christoph Lengwiler im Interview mit finews.ch - Aussichten in der Finanzbranche - IFZ Blog","isPartOf":{"@id":"https:\/\/hub.hslu.ch\/ifz\/#website"},"primaryImageOfPage":{"@id":"https:\/\/hub.hslu.ch\/ifz\/2019\/02\/12\/prof-dr-yvonne-seiler-zimmermann-was-taugen-pk-ratings-fuer-die-wahl-der-vorsorgeeinrichtung\/#primaryimage"},"image":{"@id":"https:\/\/hub.hslu.ch\/ifz\/2019\/02\/12\/prof-dr-yvonne-seiler-zimmermann-was-taugen-pk-ratings-fuer-die-wahl-der-vorsorgeeinrichtung\/#primaryimage"},"thumbnailUrl":"https:\/\/hub.hslu.ch\/ifz\/wp-content\/blogs.dir\/165\/files\/sites\/6\/2015\/07\/IFZ-Blog-Lengwiler-Christoph-Umfrage-finews.jpg","datePublished":"2015-07-14T11:30:11+00:00","dateModified":"2020-05-20T12:12:07+00:00","author":{"@id":""},"breadcrumb":{"@id":"https:\/\/hub.hslu.ch\/ifz\/2019\/02\/12\/prof-dr-yvonne-seiler-zimmermann-was-taugen-pk-ratings-fuer-die-wahl-der-vorsorgeeinrichtung\/#breadcrumb"},"inLanguage":"de-CH","potentialAction":[{"@type":"ReadAction","target":["https:\/\/hub.hslu.ch\/ifz\/2019\/02\/12\/prof-dr-yvonne-seiler-zimmermann-was-taugen-pk-ratings-fuer-die-wahl-der-vorsorgeeinrichtung\/"]}]},{"@type":"ImageObject","inLanguage":"de-CH","@id":"https:\/\/hub.hslu.ch\/ifz\/2019\/02\/12\/prof-dr-yvonne-seiler-zimmermann-was-taugen-pk-ratings-fuer-die-wahl-der-vorsorgeeinrichtung\/#primaryimage","url":"https:\/\/hub.hslu.ch\/ifz\/wp-content\/blogs.dir\/165\/files\/sites\/6\/2015\/07\/IFZ-Blog-Lengwiler-Christoph-Umfrage-finews.jpg","contentUrl":"https:\/\/hub.hslu.ch\/ifz\/wp-content\/blogs.dir\/165\/files\/sites\/6\/2015\/07\/IFZ-Blog-Lengwiler-Christoph-Umfrage-finews.jpg","width":782,"height":336},{"@type":"BreadcrumbList","@id":"https:\/\/hub.hslu.ch\/ifz\/2019\/02\/12\/prof-dr-yvonne-seiler-zimmermann-was-taugen-pk-ratings-fuer-die-wahl-der-vorsorgeeinrichtung\/#breadcrumb","itemListElement":[{"@type":"ListItem","position":1,"name":"Home","item":"https:\/\/hub.hslu.ch\/ifz\/2019\/02\/12\/prof-dr-yvonne-seiler-zimmermann-was-taugen-pk-ratings-fuer-die-wahl-der-vorsorgeeinrichtung\/"},{"@type":"ListItem","position":2,"name":"Prof. Dr. Christoph Lengwiler im Interview mit finews.ch &#8211; Aussichten in der Finanzbranche"}]},{"@type":"WebSite","@id":"https:\/\/hub.hslu.ch\/ifz\/#website","url":"https:\/\/hub.hslu.ch\/ifz\/","name":"IFZ Blog","description":"News aus dem Institut f\u00fcr Finanzdienstleistungen Zug IFZ","potentialAction":[{"@type":"SearchAction","target":{"@type":"EntryPoint","urlTemplate":"https:\/\/hub.hslu.ch\/ifz\/?s={search_term_string}"},"query-input":{"@type":"PropertyValueSpecification","valueRequired":true,"valueName":"search_term_string"}}],"inLanguage":"de-CH"},{"@type":"Person","@id":""}]}},"featured_image_src":"https:\/\/hub.hslu.ch\/ifz\/wp-content\/blogs.dir\/165\/files\/sites\/6\/2015\/07\/IFZ-Blog-Lengwiler-Christoph-Umfrage-finews.jpg","featured_image_src_square":"https:\/\/hub.hslu.ch\/ifz\/wp-content\/blogs.dir\/165\/files\/sites\/6\/2015\/07\/IFZ-Blog-Lengwiler-Christoph-Umfrage-finews.jpg","author_info":{"display_name":"","author_link":"https:\/\/hub.hslu.ch\/ifz\/author\/"},"_links":{"self":[{"href":"https:\/\/hub.hslu.ch\/ifz\/wp-json\/wp\/v2\/posts\/14207","targetHints":{"allow":["GET"]}}],"collection":[{"href":"https:\/\/hub.hslu.ch\/ifz\/wp-json\/wp\/v2\/posts"}],"about":[{"href":"https:\/\/hub.hslu.ch\/ifz\/wp-json\/wp\/v2\/types\/post"}],"author":[{"embeddable":true,"href":"https:\/\/hub.hslu.ch\/ifz\/wp-json\/wp\/v2\/users\/257"}],"replies":[{"embeddable":true,"href":"https:\/\/hub.hslu.ch\/ifz\/wp-json\/wp\/v2\/comments?post=14207"}],"version-history":[{"count":5,"href":"https:\/\/hub.hslu.ch\/ifz\/wp-json\/wp\/v2\/posts\/14207\/revisions"}],"predecessor-version":[{"id":18662,"href":"https:\/\/hub.hslu.ch\/ifz\/wp-json\/wp\/v2\/posts\/14207\/revisions\/18662"}],"wp:featuredmedia":[{"embeddable":true,"href":"https:\/\/hub.hslu.ch\/ifz\/wp-json\/wp\/v2\/media\/14234"}],"wp:attachment":[{"href":"https:\/\/hub.hslu.ch\/ifz\/wp-json\/wp\/v2\/media?parent=14207"}],"wp:term":[{"taxonomy":"category","embeddable":true,"href":"https:\/\/hub.hslu.ch\/ifz\/wp-json\/wp\/v2\/categories?post=14207"},{"taxonomy":"post_tag","embeddable":true,"href":"https:\/\/hub.hslu.ch\/ifz\/wp-json\/wp\/v2\/tags?post=14207"}],"curies":[{"name":"wp","href":"https:\/\/api.w.org\/{rel}","templated":true}]}}