{"id":14918,"date":"2015-12-02T13:35:00","date_gmt":"2015-12-02T12:35:00","guid":{"rendered":"https:\/\/hub.hslu.ch\/ifz\/?p=14918"},"modified":"2020-05-20T14:58:49","modified_gmt":"2020-05-20T12:58:49","slug":"erfolgreiche-erste-enterprise-risk-management-konferenz","status":"publish","type":"post","link":"https:\/\/hub.hslu.ch\/ifz\/2015\/12\/02\/erfolgreiche-erste-enterprise-risk-management-konferenz\/","title":{"rendered":"Erfolgreiche erste Enterprise Risk Management Konferenz"},"content":{"rendered":"<p><a href=\"https:\/\/hub.hslu.ch\/ifz\/wp-content\/blogs.dir\/165\/files\/sites\/6\/2015\/12\/Hunziker-Stefan.jpg\"><img loading=\"lazy\" decoding=\"async\" class=\"alignleft wp-image-14926 size-full\" src=\"https:\/\/hub.hslu.ch\/ifz\/wp-content\/blogs.dir\/165\/files\/sites\/6\/2015\/12\/Hunziker-Stefan.jpg\" alt=\"Hunziker Stefan\" width=\"109\" height=\"145\" \/><\/a><a href=\"https:\/\/hub.hslu.ch\/ifz\/wp-content\/blogs.dir\/165\/files\/sites\/6\/2015\/12\/Bl\u00e4ttler-Stephanie.jpg\"><img loading=\"lazy\" decoding=\"async\" class=\"alignleft wp-image-14925\" src=\"https:\/\/hub.hslu.ch\/ifz\/wp-content\/blogs.dir\/165\/files\/sites\/6\/2015\/12\/Bl\u00e4ttler-Stephanie.jpg\" alt=\"Bl\u00e4ttler Stephanie\" width=\"109\" height=\"146\" \/><\/a><a href=\"https:\/\/hub.hslu.ch\/ifz\/wp-content\/blogs.dir\/165\/files\/sites\/6\/2015\/12\/Balmer-Patrick.jpg\"><img loading=\"lazy\" decoding=\"async\" class=\"alignleft wp-image-14924\" src=\"https:\/\/hub.hslu.ch\/ifz\/wp-content\/blogs.dir\/165\/files\/sites\/6\/2015\/12\/Balmer-Patrick.jpg\" alt=\"Balmer Patrick\" width=\"109\" height=\"145\" \/><\/a><\/p>\n<p>&nbsp;<\/p>\n<p>&nbsp;<\/p>\n<p>&nbsp;<\/p>\n<p>Von <span style=\"color: #333399\"><a style=\"color: #333399\" href=\"https:\/\/www.hslu.ch\/de-ch\/hochschule-luzern\/ueber-uns\/personensuche\/profile\/?pid=224\">Prof. Dr. Stefan Hunziker<\/a><\/span>, <span style=\"color: #333399\"><a style=\"color: #333399\" href=\"https:\/\/www.hslu.ch\/de-ch\/hochschule-luzern\/ueber-uns\/personensuche\/profile\/?pid=2043\">Stephanie Bl\u00e4ttler<\/a><\/span> und <span style=\"color: #333399\"><a style=\"color: #333399\" href=\"https:\/\/www.hslu.ch\/de-ch\/hochschule-luzern\/ueber-uns\/personensuche\/profile\/?pid=2666\">Patrick Balmer<\/a><\/span>, Organisatoren der ERM Konferenz 2015<\/p>\n<p><strong>\u00dcber 70 Teilnehmerinnen und Teilnehmer nahmen am vergangenen Donnerstag an der ersten Konferenz zum Thema Enterprise Risk Management (ERM) am IFZ in Zug teil. Die spannenden Referate mit Blickwinkeln aus der Praxis, Wissenschaft, IT und Beratung beleuchteten und akzentuierten die Wichtigkeit eines unternehmensweiten Risikomanagements sowie die Integration von Risikomanagement in den strategischen Planungsprozess.<\/strong><\/p>\n<p>Den Teilnehmenden bot die diesj\u00e4hrige ERM Konferenz einen ausgewogenen Rahmen, in welchem Praktiker und Forscher ihre unterschiedlichen Perspektiven eines holistischen Risikomanagement aufzeigen konnten. Durch die Konferenz f\u00fchrte <span style=\"color: #333399\"><a style=\"color: #333399\" href=\"https:\/\/www.hslu.ch\/de-ch\/hochschule-luzern\/ueber-uns\/personensuche\/profile\/?pid=224\">Prof. Dr. Stefan Hunziker<\/a><\/span> (Hochschule Luzern, IFZ und Gr\u00fcndungsmitglied sowie Pr\u00e4sident des Vorstands von SwissERM). Er zeigte sich erfreut \u00fcber die Teilnahme zahlreicher Fachkr\u00e4fte und machte sich mit der Gr\u00fcndung von SwissERM zum Ziel, die Professionalisierung im Themenfeld ERM weiterzubringen.<\/p>\n<p>Als Keynote Speaker er\u00f6ffnete <span style=\"color: #333399\"><a style=\"color: #333399\" href=\"http:\/\/robinson.gsu.edu\/profile\/alfred-mettler\/\">Prof. Dr. Alfred Mettler<\/a><\/span> (Finanzprofessor an der Georgia State University, USA und Professor am Swiss Finance Institute) die Konferenz. Mit einer provokativen These meinte er: \u201eRisikomanagement kann eigentlich in drei bis vier S\u00e4tzen zusammengefasst werden.\u201c <span style=\"color: #000000\">Doch damit sei nur der Regelkreis erkl\u00e4rt. Die Herausforderungen und die Komplexit\u00e4t entstehen, sobald analytische F\u00e4higkeiten gefragt sind. Dabei seien immer die Risikobereitschaft und die kulturellen Einfl\u00fcsse einer Gesellschaft zu ber\u00fccksichtigen, wie Mettler aus eigener Erfahrungen aus seinen zwei Heimaten, den USA und der Schweiz erlebte und an verschiedenen Beispielen aufzeigte.<\/span><\/p>\n<p><a href=\"http:\/\/www.ey.com\/CH\/de\/Industries\/Automotive\/Automotive_Contact-Us\">Rico Fehr<\/a> (Partner, Assurance Services bei Ernst &amp; Young) er\u00f6rterte das Risikomanagement aus Sicht der Revision. Fehr appellierte an eine gute Koordination der Pr\u00fcfstellen, wie beispielsweise der internen und externen Revision sowie der ISO Pr\u00fcfstellen, um eine hohe Effizienz und Effektivit\u00e4t gew\u00e4hrleisten zu k\u00f6nnen.<\/p>\n<p>Die unterschiedlichen Praxisreferate zeigten auf, welche Themen einen Risk Manager aktuell besch\u00e4ftigen. So zeigte <span style=\"color: #333399\"><a style=\"color: #333399\" href=\"http:\/\/www.post.ch\/\">Mira Walther<\/a><\/span> (Leiterin Konzernrisikomanagement, Die Schweizerische Post) das Konzept des Risikomanagements bei der Post, das in einem hohen Masse auf quantitativen Risikokennzahlen beruht. Spannend war zu sehen, wie die Schweizerische Post Risikomanagement zur Konzernsteuerung nutzt. Trotz allen Kennzahlen darf aus Sicht von Walther auch die qualitative Komponente nicht zu kurz kommen. Hierbei betonte sie vor allem die Relevanz eines intensiven Austausches auf allen Ebenen im Konzern.<\/p>\n<p>In seinem Referat konzentrierte sich <span style=\"color: #333399\"><a style=\"color: #333399\" href=\"http:\/\/www.dksh.com\/cs\/dksh_com\/o\/services\/company\/regulatory-affairs\">Dr. Robert Koller<\/a><\/span> (Head Regulatory Affairs, DKSH International Ltd.) auf den Faktor Mensch. Die kulturelle Vielfalt der DKSH hat ihn gelernt, zu Beginn eines Risikomanagementprozesses die Risikowahrnehmung der Mitarbeitenden zu analysieren. Das subjektive Empfinden eines Risikos und die F\u00e4higkeiten der einzelnen Personen m\u00fcssen dringend in die Diskussion mit einbezogen werden. Eine weitere Herausforderung des Risikomanagements bestehe darin, irrelevante Risiken zu vernachl\u00e4ssigen und den sogenannten gelben Elefanten, also relevante Risiken, die niemand ansprechen will, mit Mut zu begegnen. \u201eDies kann durchaus auch mal unbequem sein\u201c, <span style=\"color: #000000\">so Koller.<\/span><\/p>\n<p><a href=\"https:\/\/www.fh-kiel.de\/index.php?id=984\">Prof. Dr. Ute Vanini<\/a> (Professorin f\u00fcr Controlling und Innovationsmanagement, Fachhochschule Kiel) beleuchtete in ihrem Referat die Integration von Risikomanagement und Controlling. In Ihrer bisherigen Forschung kristallisierte sich sie heraus, dass eine Vielzahl von Synergien bestehen und eine Zusammenarbeit der beiden Disziplinen einen Mehrwert generiert.<\/p>\n<p>Frau <span style=\"color: #333399\"><a style=\"color: #333399\" href=\"http:\/\/www.sbb.ch\/\">Tanja Matetic<\/a><\/span> (Leiterin Corporate Risk Management, SBB) erkl\u00e4rte die Herausforderungen im Reporting von Investitionsprojekten ab einem Volumen von CHF 100 Mio. Eine Schwierigkeit des bei der SBB verwendeten Bottom-up Reportings besteht in der Verdichtung von zahlreichen Risiken (290 Risiken im 2015) auf nur wenige Risiken (7 bis 8 Risiken), die schliesslich an den Eigner, den Bund berichtet werden.<\/p>\n<p>Aus Sicht eines Stromversorgungsanbieters machte <span style=\"color: #333399\"><a style=\"color: #333399\" href=\"http:\/\/www.swissgrid.ch\/\"><span style=\"color: #333399\">Kurt Meyer<\/span><\/a> <span style=\"color: #000000\">(Head of Risk Management, Swissgrid AG) klar, wie ihr gr\u00f6sstes Risiko, ein Black Out, uns alle hart treffen w\u00fcrde. Bereits nach 48 Stunden k\u00e4me es zum Kollaps. So simuliert Swissgrid diverse Szenarien und sucht aktiv nach Inkubatoren, um das Stromnetz auch bei Ausfall von beispielsweise einem Atomkraftwerk mit anderen Quellen kompensieren zu k\u00f6nnen.<\/span><\/span><\/p>\n<p><a href=\"http:\/\/info.accelus.thomsonreuters.com\/scenario-analysis-webinar\">Dr. Patrick Wegmann<\/a> (Head of Product Solutions \u2013 Enterprise Risk Solutions, Thomson Reuters) er\u00f6rterte in seinem Referat, wie die IT die Zusammenf\u00fchrung von Risikomanagement und Business Continuity Management unterst\u00fctzt. Anhand eines KMU-Beispiels zeigte er, wie in diesem Bereich Synergien genutzt werden k\u00f6nnen.<\/p>\n<p>Die abschliessende Podiumsdiskussion mit Mira Walther, Dr. Robert Koller, Kurt Meyer und Christoph Schlager akzentuierte die Notwendigkeit einer Kombination aus quantitativem und qualitativem Risikomanagement. Die Frage, ob ERM Wert generiert, wurde klar bef\u00fcrwortet. Doch besteht beispielsweise im Gegensatz zu einem Sales Manager f\u00fcr den Risikomanager keine M\u00f6glichkeit, den Wert eines verhinderten Schaden gleichfalls exakt zu messen und zu \u00fcberpr\u00fcfen. Mit dem m\u00fcsse ein Risikomanager eben leben, konstatierte man einstimmig.<\/p>\n<p>Als\u00a0H\u00f6hepunkt\u00a0der Konferenz wurde der\u00a0<span style=\"color: #333399\"><a style=\"color: #333399\" href=\"http:\/\/www.swisserm.ch\/\">Verein SwissERM\u00a0<\/a><\/span>gegr\u00fcndet. SwissERM hat zum Ziel, ein professionelles Bindeglied zwischen Wissenschaft und Praxis zur Disziplin ERM zu schaffen und Risikomanagement als wertschaffendes F\u00fchrungsinstrument zu positionieren.<\/p>\n<p><strong>Save the date: <\/strong>Die n\u00e4chste ERM Konferenz findet unter dem Namen <strong>Enterprise\u00a0Risk Summit <\/strong>am <strong>24. November 2016<\/strong> statt.<\/p>\n<p>Impressionen der Enterprise Risk Management Konferenz:<\/p>\n<p><a href=\"https:\/\/hub.hslu.ch\/ifz\/wp-content\/blogs.dir\/165\/files\/sites\/6\/2015\/12\/Enterprise-Risk-Management-151126_1.jpg\"><img loading=\"lazy\" decoding=\"async\" class=\"alignleft wp-image-14940 size-full\" src=\"https:\/\/hub.hslu.ch\/ifz\/wp-content\/blogs.dir\/165\/files\/sites\/6\/2015\/12\/Enterprise-Risk-Management-151126_1.jpg\" alt=\"Enterprise Risk Management 151126_1\" width=\"300\" height=\"144\" \/><\/a> <a href=\"https:\/\/hub.hslu.ch\/ifz\/wp-content\/blogs.dir\/165\/files\/sites\/6\/2015\/12\/Enterprise-Risk-Management_151126_2.jpg\"><img loading=\"lazy\" decoding=\"async\" class=\"alignleft wp-image-14941 size-full\" src=\"https:\/\/hub.hslu.ch\/ifz\/wp-content\/blogs.dir\/165\/files\/sites\/6\/2015\/12\/Enterprise-Risk-Management_151126_2.jpg\" alt=\"Enterprise-Risk-Management_151126_2\" width=\"300\" height=\"144\" \/><\/a> <a href=\"https:\/\/hub.hslu.ch\/ifz\/wp-content\/blogs.dir\/165\/files\/sites\/6\/2015\/12\/Enterprise-Risk-Management-151126_3.jpg\"><img loading=\"lazy\" decoding=\"async\" class=\"alignleft wp-image-14942 size-full\" src=\"https:\/\/hub.hslu.ch\/ifz\/wp-content\/blogs.dir\/165\/files\/sites\/6\/2015\/12\/Enterprise-Risk-Management-151126_3.jpg\" alt=\"Enterprise Risk Management 151126_3\" width=\"300\" height=\"144\" \/><\/a><\/p>\n<p><a href=\"https:\/\/hub.hslu.ch\/ifz\/wp-content\/blogs.dir\/165\/files\/sites\/6\/2015\/12\/Enterprise-Risk-Management-151126_4.jpg\"><img loading=\"lazy\" decoding=\"async\" class=\"alignleft wp-image-14945 size-full\" src=\"https:\/\/hub.hslu.ch\/ifz\/wp-content\/blogs.dir\/165\/files\/sites\/6\/2015\/12\/Enterprise-Risk-Management-151126_4.jpg\" alt=\"Enterprise-Risk-Management-151126_4\" width=\"300\" height=\"144\" \/><\/a><\/p>\n<p>&nbsp;<\/p>\n","protected":false},"excerpt":{"rendered":"<p>&nbsp; &nbsp; &nbsp; Von Prof. Dr. Stefan Hunziker, Stephanie Bl\u00e4ttler und Patrick Balmer, Organisatoren der ERM Konferenz 2015 \u00dcber 70 Teilnehmerinnen und Teilnehmer nahmen am vergangenen Donnerstag an der ersten Konferenz zum Thema Enterprise Risk Management (ERM) am IFZ in Zug teil. Die spannenden Referate mit Blickwinkeln aus der Praxis, Wissenschaft, IT und Beratung beleuchteten<\/p>\n","protected":false},"author":257,"featured_media":14919,"comment_status":"open","ping_status":"closed","sticky":false,"template":"","format":"standard","meta":{"_acf_changed":false,"inline_featured_image":false,"_relevanssi_hide_post":"","_relevanssi_hide_content":"","_relevanssi_pin_for_all":"","_relevanssi_pin_keywords":"","_relevanssi_unpin_keywords":"","_relevanssi_related_keywords":"","_relevanssi_related_include_ids":"","_relevanssi_related_exclude_ids":"","_relevanssi_related_no_append":"","_relevanssi_related_not_related":"","_relevanssi_related_posts":"","_relevanssi_noindex_reason":"","footnotes":"","_links_to":"","_links_to_target":""},"categories":[406,854975,390375],"tags":[],"class_list":["post-14918","post","type-post","status-publish","format-standard","has-post-thumbnail","hentry","category-allgemeines","category-ifz-in-den-medien","category-risk-management"],"acf":[],"yoast_head":"<!-- This site is optimized with the Yoast SEO plugin v27.5 - https:\/\/yoast.com\/product\/yoast-seo-wordpress\/ -->\n<title>Erfolgreiche erste Enterprise Risk Management Konferenz - IFZ Blog<\/title>\n<meta name=\"robots\" content=\"index, follow, max-snippet:-1, max-image-preview:large, max-video-preview:-1\" \/>\n<link rel=\"canonical\" href=\"https:\/\/hub.hslu.ch\/ifz\/2019\/02\/12\/prof-dr-yvonne-seiler-zimmermann-was-taugen-pk-ratings-fuer-die-wahl-der-vorsorgeeinrichtung\/\" \/>\n<script type=\"application\/ld+json\" class=\"yoast-schema-graph\">{\"@context\":\"https:\\\/\\\/schema.org\",\"@graph\":[{\"@type\":\"Article\",\"@id\":\"https:\\\/\\\/hub.hslu.ch\\\/ifz\\\/2019\\\/02\\\/12\\\/prof-dr-yvonne-seiler-zimmermann-was-taugen-pk-ratings-fuer-die-wahl-der-vorsorgeeinrichtung\\\/#article\",\"isPartOf\":{\"@id\":\"https:\\\/\\\/hub.hslu.ch\\\/ifz\\\/2019\\\/02\\\/12\\\/prof-dr-yvonne-seiler-zimmermann-was-taugen-pk-ratings-fuer-die-wahl-der-vorsorgeeinrichtung\\\/\"},\"author\":{\"name\":\"\",\"@id\":\"\"},\"headline\":\"Erfolgreiche erste Enterprise Risk Management Konferenz\",\"datePublished\":\"2015-12-02T12:35:00+00:00\",\"dateModified\":\"2020-05-20T12:58:49+00:00\",\"mainEntityOfPage\":{\"@id\":\"https:\\\/\\\/hub.hslu.ch\\\/ifz\\\/2019\\\/02\\\/12\\\/prof-dr-yvonne-seiler-zimmermann-was-taugen-pk-ratings-fuer-die-wahl-der-vorsorgeeinrichtung\\\/\"},\"wordCount\":813,\"commentCount\":0,\"image\":{\"@id\":\"https:\\\/\\\/hub.hslu.ch\\\/ifz\\\/2019\\\/02\\\/12\\\/prof-dr-yvonne-seiler-zimmermann-was-taugen-pk-ratings-fuer-die-wahl-der-vorsorgeeinrichtung\\\/#primaryimage\"},\"thumbnailUrl\":\"https:\\\/\\\/hub.hslu.ch\\\/ifz\\\/wp-content\\\/blogs.dir\\\/165\\\/files\\\/sites\\\/6\\\/2015\\\/12\\\/ERM-Konferenz_151126.jpg\",\"articleSection\":[\"Allgemeines\",\"IFZ in den Medien\",\"Risk Management\"],\"inLanguage\":\"de-CH\",\"potentialAction\":[{\"@type\":\"CommentAction\",\"name\":\"Comment\",\"target\":[\"https:\\\/\\\/hub.hslu.ch\\\/ifz\\\/2019\\\/02\\\/12\\\/prof-dr-yvonne-seiler-zimmermann-was-taugen-pk-ratings-fuer-die-wahl-der-vorsorgeeinrichtung\\\/#respond\"]}]},{\"@type\":\"WebPage\",\"@id\":\"https:\\\/\\\/hub.hslu.ch\\\/ifz\\\/2019\\\/02\\\/12\\\/prof-dr-yvonne-seiler-zimmermann-was-taugen-pk-ratings-fuer-die-wahl-der-vorsorgeeinrichtung\\\/\",\"url\":\"https:\\\/\\\/hub.hslu.ch\\\/ifz\\\/2019\\\/02\\\/12\\\/prof-dr-yvonne-seiler-zimmermann-was-taugen-pk-ratings-fuer-die-wahl-der-vorsorgeeinrichtung\\\/\",\"name\":\"Erfolgreiche erste Enterprise Risk Management Konferenz - IFZ Blog\",\"isPartOf\":{\"@id\":\"https:\\\/\\\/hub.hslu.ch\\\/ifz\\\/#website\"},\"primaryImageOfPage\":{\"@id\":\"https:\\\/\\\/hub.hslu.ch\\\/ifz\\\/2019\\\/02\\\/12\\\/prof-dr-yvonne-seiler-zimmermann-was-taugen-pk-ratings-fuer-die-wahl-der-vorsorgeeinrichtung\\\/#primaryimage\"},\"image\":{\"@id\":\"https:\\\/\\\/hub.hslu.ch\\\/ifz\\\/2019\\\/02\\\/12\\\/prof-dr-yvonne-seiler-zimmermann-was-taugen-pk-ratings-fuer-die-wahl-der-vorsorgeeinrichtung\\\/#primaryimage\"},\"thumbnailUrl\":\"https:\\\/\\\/hub.hslu.ch\\\/ifz\\\/wp-content\\\/blogs.dir\\\/165\\\/files\\\/sites\\\/6\\\/2015\\\/12\\\/ERM-Konferenz_151126.jpg\",\"datePublished\":\"2015-12-02T12:35:00+00:00\",\"dateModified\":\"2020-05-20T12:58:49+00:00\",\"author\":{\"@id\":\"\"},\"breadcrumb\":{\"@id\":\"https:\\\/\\\/hub.hslu.ch\\\/ifz\\\/2019\\\/02\\\/12\\\/prof-dr-yvonne-seiler-zimmermann-was-taugen-pk-ratings-fuer-die-wahl-der-vorsorgeeinrichtung\\\/#breadcrumb\"},\"inLanguage\":\"de-CH\",\"potentialAction\":[{\"@type\":\"ReadAction\",\"target\":[\"https:\\\/\\\/hub.hslu.ch\\\/ifz\\\/2019\\\/02\\\/12\\\/prof-dr-yvonne-seiler-zimmermann-was-taugen-pk-ratings-fuer-die-wahl-der-vorsorgeeinrichtung\\\/\"]}]},{\"@type\":\"ImageObject\",\"inLanguage\":\"de-CH\",\"@id\":\"https:\\\/\\\/hub.hslu.ch\\\/ifz\\\/2019\\\/02\\\/12\\\/prof-dr-yvonne-seiler-zimmermann-was-taugen-pk-ratings-fuer-die-wahl-der-vorsorgeeinrichtung\\\/#primaryimage\",\"url\":\"https:\\\/\\\/hub.hslu.ch\\\/ifz\\\/wp-content\\\/blogs.dir\\\/165\\\/files\\\/sites\\\/6\\\/2015\\\/12\\\/ERM-Konferenz_151126.jpg\",\"contentUrl\":\"https:\\\/\\\/hub.hslu.ch\\\/ifz\\\/wp-content\\\/blogs.dir\\\/165\\\/files\\\/sites\\\/6\\\/2015\\\/12\\\/ERM-Konferenz_151126.jpg\",\"width\":702,\"height\":336},{\"@type\":\"BreadcrumbList\",\"@id\":\"https:\\\/\\\/hub.hslu.ch\\\/ifz\\\/2019\\\/02\\\/12\\\/prof-dr-yvonne-seiler-zimmermann-was-taugen-pk-ratings-fuer-die-wahl-der-vorsorgeeinrichtung\\\/#breadcrumb\",\"itemListElement\":[{\"@type\":\"ListItem\",\"position\":1,\"name\":\"Home\",\"item\":\"https:\\\/\\\/hub.hslu.ch\\\/ifz\\\/2019\\\/02\\\/12\\\/prof-dr-yvonne-seiler-zimmermann-was-taugen-pk-ratings-fuer-die-wahl-der-vorsorgeeinrichtung\\\/\"},{\"@type\":\"ListItem\",\"position\":2,\"name\":\"Erfolgreiche erste Enterprise Risk Management Konferenz\"}]},{\"@type\":\"WebSite\",\"@id\":\"https:\\\/\\\/hub.hslu.ch\\\/ifz\\\/#website\",\"url\":\"https:\\\/\\\/hub.hslu.ch\\\/ifz\\\/\",\"name\":\"IFZ Blog\",\"description\":\"News aus dem Institut f\u00fcr Finanzdienstleistungen Zug IFZ\",\"potentialAction\":[{\"@type\":\"SearchAction\",\"target\":{\"@type\":\"EntryPoint\",\"urlTemplate\":\"https:\\\/\\\/hub.hslu.ch\\\/ifz\\\/?s={search_term_string}\"},\"query-input\":{\"@type\":\"PropertyValueSpecification\",\"valueRequired\":true,\"valueName\":\"search_term_string\"}}],\"inLanguage\":\"de-CH\"},{\"@type\":\"Person\",\"@id\":\"\"}]}<\/script>\n<!-- \/ Yoast SEO plugin. -->","yoast_head_json":{"title":"Erfolgreiche erste Enterprise Risk Management Konferenz - IFZ Blog","robots":{"index":"index","follow":"follow","max-snippet":"max-snippet:-1","max-image-preview":"max-image-preview:large","max-video-preview":"max-video-preview:-1"},"canonical":"https:\/\/hub.hslu.ch\/ifz\/2019\/02\/12\/prof-dr-yvonne-seiler-zimmermann-was-taugen-pk-ratings-fuer-die-wahl-der-vorsorgeeinrichtung\/","schema":{"@context":"https:\/\/schema.org","@graph":[{"@type":"Article","@id":"https:\/\/hub.hslu.ch\/ifz\/2019\/02\/12\/prof-dr-yvonne-seiler-zimmermann-was-taugen-pk-ratings-fuer-die-wahl-der-vorsorgeeinrichtung\/#article","isPartOf":{"@id":"https:\/\/hub.hslu.ch\/ifz\/2019\/02\/12\/prof-dr-yvonne-seiler-zimmermann-was-taugen-pk-ratings-fuer-die-wahl-der-vorsorgeeinrichtung\/"},"author":{"name":"","@id":""},"headline":"Erfolgreiche erste Enterprise Risk Management Konferenz","datePublished":"2015-12-02T12:35:00+00:00","dateModified":"2020-05-20T12:58:49+00:00","mainEntityOfPage":{"@id":"https:\/\/hub.hslu.ch\/ifz\/2019\/02\/12\/prof-dr-yvonne-seiler-zimmermann-was-taugen-pk-ratings-fuer-die-wahl-der-vorsorgeeinrichtung\/"},"wordCount":813,"commentCount":0,"image":{"@id":"https:\/\/hub.hslu.ch\/ifz\/2019\/02\/12\/prof-dr-yvonne-seiler-zimmermann-was-taugen-pk-ratings-fuer-die-wahl-der-vorsorgeeinrichtung\/#primaryimage"},"thumbnailUrl":"https:\/\/hub.hslu.ch\/ifz\/wp-content\/blogs.dir\/165\/files\/sites\/6\/2015\/12\/ERM-Konferenz_151126.jpg","articleSection":["Allgemeines","IFZ in den Medien","Risk Management"],"inLanguage":"de-CH","potentialAction":[{"@type":"CommentAction","name":"Comment","target":["https:\/\/hub.hslu.ch\/ifz\/2019\/02\/12\/prof-dr-yvonne-seiler-zimmermann-was-taugen-pk-ratings-fuer-die-wahl-der-vorsorgeeinrichtung\/#respond"]}]},{"@type":"WebPage","@id":"https:\/\/hub.hslu.ch\/ifz\/2019\/02\/12\/prof-dr-yvonne-seiler-zimmermann-was-taugen-pk-ratings-fuer-die-wahl-der-vorsorgeeinrichtung\/","url":"https:\/\/hub.hslu.ch\/ifz\/2019\/02\/12\/prof-dr-yvonne-seiler-zimmermann-was-taugen-pk-ratings-fuer-die-wahl-der-vorsorgeeinrichtung\/","name":"Erfolgreiche erste Enterprise Risk Management Konferenz - IFZ Blog","isPartOf":{"@id":"https:\/\/hub.hslu.ch\/ifz\/#website"},"primaryImageOfPage":{"@id":"https:\/\/hub.hslu.ch\/ifz\/2019\/02\/12\/prof-dr-yvonne-seiler-zimmermann-was-taugen-pk-ratings-fuer-die-wahl-der-vorsorgeeinrichtung\/#primaryimage"},"image":{"@id":"https:\/\/hub.hslu.ch\/ifz\/2019\/02\/12\/prof-dr-yvonne-seiler-zimmermann-was-taugen-pk-ratings-fuer-die-wahl-der-vorsorgeeinrichtung\/#primaryimage"},"thumbnailUrl":"https:\/\/hub.hslu.ch\/ifz\/wp-content\/blogs.dir\/165\/files\/sites\/6\/2015\/12\/ERM-Konferenz_151126.jpg","datePublished":"2015-12-02T12:35:00+00:00","dateModified":"2020-05-20T12:58:49+00:00","author":{"@id":""},"breadcrumb":{"@id":"https:\/\/hub.hslu.ch\/ifz\/2019\/02\/12\/prof-dr-yvonne-seiler-zimmermann-was-taugen-pk-ratings-fuer-die-wahl-der-vorsorgeeinrichtung\/#breadcrumb"},"inLanguage":"de-CH","potentialAction":[{"@type":"ReadAction","target":["https:\/\/hub.hslu.ch\/ifz\/2019\/02\/12\/prof-dr-yvonne-seiler-zimmermann-was-taugen-pk-ratings-fuer-die-wahl-der-vorsorgeeinrichtung\/"]}]},{"@type":"ImageObject","inLanguage":"de-CH","@id":"https:\/\/hub.hslu.ch\/ifz\/2019\/02\/12\/prof-dr-yvonne-seiler-zimmermann-was-taugen-pk-ratings-fuer-die-wahl-der-vorsorgeeinrichtung\/#primaryimage","url":"https:\/\/hub.hslu.ch\/ifz\/wp-content\/blogs.dir\/165\/files\/sites\/6\/2015\/12\/ERM-Konferenz_151126.jpg","contentUrl":"https:\/\/hub.hslu.ch\/ifz\/wp-content\/blogs.dir\/165\/files\/sites\/6\/2015\/12\/ERM-Konferenz_151126.jpg","width":702,"height":336},{"@type":"BreadcrumbList","@id":"https:\/\/hub.hslu.ch\/ifz\/2019\/02\/12\/prof-dr-yvonne-seiler-zimmermann-was-taugen-pk-ratings-fuer-die-wahl-der-vorsorgeeinrichtung\/#breadcrumb","itemListElement":[{"@type":"ListItem","position":1,"name":"Home","item":"https:\/\/hub.hslu.ch\/ifz\/2019\/02\/12\/prof-dr-yvonne-seiler-zimmermann-was-taugen-pk-ratings-fuer-die-wahl-der-vorsorgeeinrichtung\/"},{"@type":"ListItem","position":2,"name":"Erfolgreiche erste Enterprise Risk Management Konferenz"}]},{"@type":"WebSite","@id":"https:\/\/hub.hslu.ch\/ifz\/#website","url":"https:\/\/hub.hslu.ch\/ifz\/","name":"IFZ Blog","description":"News aus dem Institut f\u00fcr Finanzdienstleistungen Zug IFZ","potentialAction":[{"@type":"SearchAction","target":{"@type":"EntryPoint","urlTemplate":"https:\/\/hub.hslu.ch\/ifz\/?s={search_term_string}"},"query-input":{"@type":"PropertyValueSpecification","valueRequired":true,"valueName":"search_term_string"}}],"inLanguage":"de-CH"},{"@type":"Person","@id":""}]}},"featured_image_src":"https:\/\/hub.hslu.ch\/ifz\/wp-content\/blogs.dir\/165\/files\/sites\/6\/2015\/12\/ERM-Konferenz_151126.jpg","featured_image_src_square":"https:\/\/hub.hslu.ch\/ifz\/wp-content\/blogs.dir\/165\/files\/sites\/6\/2015\/12\/ERM-Konferenz_151126.jpg","author_info":{"display_name":"","author_link":"https:\/\/hub.hslu.ch\/ifz\/author\/"},"_links":{"self":[{"href":"https:\/\/hub.hslu.ch\/ifz\/wp-json\/wp\/v2\/posts\/14918","targetHints":{"allow":["GET"]}}],"collection":[{"href":"https:\/\/hub.hslu.ch\/ifz\/wp-json\/wp\/v2\/posts"}],"about":[{"href":"https:\/\/hub.hslu.ch\/ifz\/wp-json\/wp\/v2\/types\/post"}],"author":[{"embeddable":true,"href":"https:\/\/hub.hslu.ch\/ifz\/wp-json\/wp\/v2\/users\/257"}],"replies":[{"embeddable":true,"href":"https:\/\/hub.hslu.ch\/ifz\/wp-json\/wp\/v2\/comments?post=14918"}],"version-history":[{"count":5,"href":"https:\/\/hub.hslu.ch\/ifz\/wp-json\/wp\/v2\/posts\/14918\/revisions"}],"predecessor-version":[{"id":14949,"href":"https:\/\/hub.hslu.ch\/ifz\/wp-json\/wp\/v2\/posts\/14918\/revisions\/14949"}],"wp:featuredmedia":[{"embeddable":true,"href":"https:\/\/hub.hslu.ch\/ifz\/wp-json\/wp\/v2\/media\/14919"}],"wp:attachment":[{"href":"https:\/\/hub.hslu.ch\/ifz\/wp-json\/wp\/v2\/media?parent=14918"}],"wp:term":[{"taxonomy":"category","embeddable":true,"href":"https:\/\/hub.hslu.ch\/ifz\/wp-json\/wp\/v2\/categories?post=14918"},{"taxonomy":"post_tag","embeddable":true,"href":"https:\/\/hub.hslu.ch\/ifz\/wp-json\/wp\/v2\/tags?post=14918"}],"curies":[{"name":"wp","href":"https:\/\/api.w.org\/{rel}","templated":true}]}}