{"id":15087,"date":"2016-02-04T08:00:35","date_gmt":"2016-02-04T07:00:35","guid":{"rendered":"https:\/\/hub.hslu.ch\/ifz\/?p=15087"},"modified":"2020-05-20T14:50:29","modified_gmt":"2020-05-20T12:50:29","slug":"neuerscheinung-studie-demografie-und-wohnungswirtschaft","status":"publish","type":"post","link":"https:\/\/hub.hslu.ch\/ifz\/2016\/02\/04\/neuerscheinung-studie-demografie-und-wohnungswirtschaft\/","title":{"rendered":"Neuerscheinung: Studie Demografie und Wohnungswirtschaft"},"content":{"rendered":"<p>von <a href=\"https:\/\/www.hslu.ch\/de-ch\/hochschule-luzern\/ueber-uns\/personensuche\/profile\/?pid=2940\" target=\"_blank\" rel=\"noopener noreferrer\"><span style=\"color: #333399\">Dr. Joelle Zimmerli<\/span><\/a>, Studienleiterin und <a href=\"https:\/\/www.hslu.ch\/de-ch\/hochschule-luzern\/ueber-uns\/personensuche\/profile\/?pid=248\" target=\"_blank\" rel=\"noopener noreferrer\"><span style=\"color: #333399\">Prof. Dr. Markus Schmidiger<\/span><\/a>, Leiter Kompetenzzentrum Immobilien und Dozent im <span style=\"color: #333399\"><a style=\"color: #333399\" href=\"http:\/\/www.hslu.ch\/ifz\">Institut f\u00fcr Finanzdienstleistungen Zug IFZ<\/a><\/span><\/p>\n<p>Das Thema Wohnen im Alter besch\u00e4ftigt nicht nur viele St\u00e4dte, Gemeinden und Politiker, sondern auch die Immobilienwirtschaft. Es wird vermutet, dass der Megatrend \u00abAlterung der Gesellschaft\u00bb grosse Auswirkungen auf Angebot und Nachfrage haben wird. Unternehmen und Kommunen versuchen sich dementsprechend richtig zu positionieren. Die Studie &#171;<span style=\"color: #333399\"><a style=\"color: #333399\" href=\"https:\/\/hub.hslu.ch\/ifz\/wp-content\/blogs.dir\/165\/files\/sites\/6\/2016\/02\/Joelle-Zimmerli_Markus-Schmidiger_Demografie-und-Wohnungswirtschaft_-Pensionierte-auf-dem-Wohnungsmarkt_160204.pdf\" rel=\"\">Demografie und Wohnungswirtschaft. Pensionierte auf dem Wohnungsmarkt&#187;<\/a><\/span> entstand in Zusammenarbeit mit Halter Immobilien, Tertianum, Wincasa, Mobimo, der Vita Sammelstiftungen, der Z\u00fcrcher Kantonalbank und der Age Stiftung. Die Autoren der Studie sind Dr. Joelle Zimmerli und Prof. Dr. Markus Schmidiger. <a href=\"https:\/\/www.hslu.ch\/de-ch\/hochschule-luzern\/ueber-uns\/medien\/medienmitteilungen\/2016\/02\/03\/der-wohnungsmarkt-ist-nicht-auf-pensionierte-vorbereitet\/\" target=\"_blank\" rel=\"noopener noreferrer\"><span style=\"color: #333399\">Hier<\/span><\/a> geht es zur Medienmitteilung der Hochschule Luzern &#8211; Wirtschaft.<\/p>\n<p>Die umfassenden Studienergebnisse werden an der heutigen <a href=\"https:\/\/www.hslu.ch\/de-ch\/wirtschaft\/agenda\/veranstaltungen\/2016\/02\/04\/demografie-wohnungswirtschaft\/\" target=\"_blank\" rel=\"noopener noreferrer\"><span style=\"color: #333399\">Konferenz &#171;Demografie und Wohnungswirtschaft&#187;<\/span><\/a>\u00a0im Institut f\u00fcr Finanzdienstleistungen Zug IFZ pr\u00e4sentiert.<\/p>\n<p>Die Studie kann f\u00fcr\u00a090 Franken\u00a0beim\u00a0IFZ bestellt werden unter <span style=\"color: #333399\"><a style=\"color: #333399\" href=\"ma&#105;&#108;&#116;&#x6f;&#x3a;&#x69;&#x66;&#x7a;&#64;h&#115;&#108;&#117;&#x2e;&#x63;&#x68;\" target=\"_blank\" rel=\"noopener noreferrer\"> &#x69;f&#x7a;&#64;&#x68;&#x73;l&#x75;&#46;&#x63;&#x68;<\/a> <span style=\"color: #000000\">oder telefonisch\u00a0 unter 041 757 67 67. Das Institut f\u00fcr Finanzdienstleistungen Zug IFZ\u00a0der Hochschule Luzern &#8211; Wirtschaft wird in Zukunft regelm\u00e4ssig den Umgang der Immobilienwirtschaft mit der demografischen Entwicklung untersuchen. <\/span><\/span>Weitere Immobilienkonferenzen finden Sie auf unserer <a href=\"https:\/\/www.hslu.ch\/de-ch\/wirtschaft\/themen\/immobilien\/\" target=\"_blank\" rel=\"noopener noreferrer\"><span style=\"color: #333399\">Website<\/span><\/a>.<\/p>\n","protected":false},"excerpt":{"rendered":"<p>von Dr. Joelle Zimmerli, Studienleiterin und Prof. Dr. Markus Schmidiger, Leiter Kompetenzzentrum Immobilien und Dozent im Institut f\u00fcr Finanzdienstleistungen Zug IFZ Das Thema Wohnen im Alter besch\u00e4ftigt nicht nur viele St\u00e4dte, Gemeinden und Politiker, sondern auch die Immobilienwirtschaft. Es wird vermutet, dass der Megatrend \u00abAlterung der Gesellschaft\u00bb grosse Auswirkungen auf Angebot und Nachfrage haben wird.<\/p>\n","protected":false},"author":257,"featured_media":15086,"comment_status":"open","ping_status":"closed","sticky":false,"template":"","format":"standard","meta":{"_acf_changed":false,"inline_featured_image":false,"_relevanssi_hide_post":"","_relevanssi_hide_content":"","_relevanssi_pin_for_all":"","_relevanssi_pin_keywords":"","_relevanssi_unpin_keywords":"","_relevanssi_related_keywords":"","_relevanssi_related_include_ids":"","_relevanssi_related_exclude_ids":"","_relevanssi_related_no_append":"","_relevanssi_related_not_related":"","_relevanssi_related_posts":"","_relevanssi_noindex_reason":"","footnotes":"","_links_to":"","_links_to_target":""},"categories":[406,830,146,854975,409],"tags":[],"class_list":["post-15087","post","type-post","status-publish","format-standard","has-post-thumbnail","hentry","category-allgemeines","category-bucher","category-forschung","category-ifz-in-den-medien","category-real-estate-immobilienmanagement"],"acf":[],"yoast_head":"<!-- This site is optimized with the Yoast SEO plugin v27.5 - https:\/\/yoast.com\/product\/yoast-seo-wordpress\/ -->\n<title>Neuerscheinung: Studie Demografie und Wohnungswirtschaft - IFZ Blog<\/title>\n<meta name=\"robots\" content=\"index, follow, max-snippet:-1, max-image-preview:large, max-video-preview:-1\" \/>\n<link rel=\"canonical\" href=\"https:\/\/hub.hslu.ch\/ifz\/2019\/02\/12\/prof-dr-yvonne-seiler-zimmermann-was-taugen-pk-ratings-fuer-die-wahl-der-vorsorgeeinrichtung\/\" \/>\n<script type=\"application\/ld+json\" class=\"yoast-schema-graph\">{\"@context\":\"https:\\\/\\\/schema.org\",\"@graph\":[{\"@type\":\"Article\",\"@id\":\"https:\\\/\\\/hub.hslu.ch\\\/ifz\\\/2019\\\/02\\\/12\\\/prof-dr-yvonne-seiler-zimmermann-was-taugen-pk-ratings-fuer-die-wahl-der-vorsorgeeinrichtung\\\/#article\",\"isPartOf\":{\"@id\":\"https:\\\/\\\/hub.hslu.ch\\\/ifz\\\/2019\\\/02\\\/12\\\/prof-dr-yvonne-seiler-zimmermann-was-taugen-pk-ratings-fuer-die-wahl-der-vorsorgeeinrichtung\\\/\"},\"author\":{\"name\":\"\",\"@id\":\"\"},\"headline\":\"Neuerscheinung: Studie Demografie und Wohnungswirtschaft\",\"datePublished\":\"2016-02-04T07:00:35+00:00\",\"dateModified\":\"2020-05-20T12:50:29+00:00\",\"mainEntityOfPage\":{\"@id\":\"https:\\\/\\\/hub.hslu.ch\\\/ifz\\\/2019\\\/02\\\/12\\\/prof-dr-yvonne-seiler-zimmermann-was-taugen-pk-ratings-fuer-die-wahl-der-vorsorgeeinrichtung\\\/\"},\"wordCount\":194,\"commentCount\":0,\"image\":{\"@id\":\"https:\\\/\\\/hub.hslu.ch\\\/ifz\\\/2019\\\/02\\\/12\\\/prof-dr-yvonne-seiler-zimmermann-was-taugen-pk-ratings-fuer-die-wahl-der-vorsorgeeinrichtung\\\/#primaryimage\"},\"thumbnailUrl\":\"https:\\\/\\\/hub.hslu.ch\\\/ifz\\\/wp-content\\\/blogs.dir\\\/165\\\/files\\\/sites\\\/6\\\/2016\\\/02\\\/IFZ-Blog-Demografie-und-Wohnungswirtschaft.jpg\",\"articleSection\":[\"Allgemeines\",\"B\u00fccher\",\"Forschung und Dienstleistung\",\"IFZ in den Medien\",\"Real Estate \\\/ Immobilienmanagement\"],\"inLanguage\":\"de-CH\",\"potentialAction\":[{\"@type\":\"CommentAction\",\"name\":\"Comment\",\"target\":[\"https:\\\/\\\/hub.hslu.ch\\\/ifz\\\/2019\\\/02\\\/12\\\/prof-dr-yvonne-seiler-zimmermann-was-taugen-pk-ratings-fuer-die-wahl-der-vorsorgeeinrichtung\\\/#respond\"]}]},{\"@type\":\"WebPage\",\"@id\":\"https:\\\/\\\/hub.hslu.ch\\\/ifz\\\/2019\\\/02\\\/12\\\/prof-dr-yvonne-seiler-zimmermann-was-taugen-pk-ratings-fuer-die-wahl-der-vorsorgeeinrichtung\\\/\",\"url\":\"https:\\\/\\\/hub.hslu.ch\\\/ifz\\\/2019\\\/02\\\/12\\\/prof-dr-yvonne-seiler-zimmermann-was-taugen-pk-ratings-fuer-die-wahl-der-vorsorgeeinrichtung\\\/\",\"name\":\"Neuerscheinung: Studie Demografie und Wohnungswirtschaft - IFZ Blog\",\"isPartOf\":{\"@id\":\"https:\\\/\\\/hub.hslu.ch\\\/ifz\\\/#website\"},\"primaryImageOfPage\":{\"@id\":\"https:\\\/\\\/hub.hslu.ch\\\/ifz\\\/2019\\\/02\\\/12\\\/prof-dr-yvonne-seiler-zimmermann-was-taugen-pk-ratings-fuer-die-wahl-der-vorsorgeeinrichtung\\\/#primaryimage\"},\"image\":{\"@id\":\"https:\\\/\\\/hub.hslu.ch\\\/ifz\\\/2019\\\/02\\\/12\\\/prof-dr-yvonne-seiler-zimmermann-was-taugen-pk-ratings-fuer-die-wahl-der-vorsorgeeinrichtung\\\/#primaryimage\"},\"thumbnailUrl\":\"https:\\\/\\\/hub.hslu.ch\\\/ifz\\\/wp-content\\\/blogs.dir\\\/165\\\/files\\\/sites\\\/6\\\/2016\\\/02\\\/IFZ-Blog-Demografie-und-Wohnungswirtschaft.jpg\",\"datePublished\":\"2016-02-04T07:00:35+00:00\",\"dateModified\":\"2020-05-20T12:50:29+00:00\",\"author\":{\"@id\":\"\"},\"breadcrumb\":{\"@id\":\"https:\\\/\\\/hub.hslu.ch\\\/ifz\\\/2019\\\/02\\\/12\\\/prof-dr-yvonne-seiler-zimmermann-was-taugen-pk-ratings-fuer-die-wahl-der-vorsorgeeinrichtung\\\/#breadcrumb\"},\"inLanguage\":\"de-CH\",\"potentialAction\":[{\"@type\":\"ReadAction\",\"target\":[\"https:\\\/\\\/hub.hslu.ch\\\/ifz\\\/2019\\\/02\\\/12\\\/prof-dr-yvonne-seiler-zimmermann-was-taugen-pk-ratings-fuer-die-wahl-der-vorsorgeeinrichtung\\\/\"]}]},{\"@type\":\"ImageObject\",\"inLanguage\":\"de-CH\",\"@id\":\"https:\\\/\\\/hub.hslu.ch\\\/ifz\\\/2019\\\/02\\\/12\\\/prof-dr-yvonne-seiler-zimmermann-was-taugen-pk-ratings-fuer-die-wahl-der-vorsorgeeinrichtung\\\/#primaryimage\",\"url\":\"https:\\\/\\\/hub.hslu.ch\\\/ifz\\\/wp-content\\\/blogs.dir\\\/165\\\/files\\\/sites\\\/6\\\/2016\\\/02\\\/IFZ-Blog-Demografie-und-Wohnungswirtschaft.jpg\",\"contentUrl\":\"https:\\\/\\\/hub.hslu.ch\\\/ifz\\\/wp-content\\\/blogs.dir\\\/165\\\/files\\\/sites\\\/6\\\/2016\\\/02\\\/IFZ-Blog-Demografie-und-Wohnungswirtschaft.jpg\",\"width\":702,\"height\":336},{\"@type\":\"BreadcrumbList\",\"@id\":\"https:\\\/\\\/hub.hslu.ch\\\/ifz\\\/2019\\\/02\\\/12\\\/prof-dr-yvonne-seiler-zimmermann-was-taugen-pk-ratings-fuer-die-wahl-der-vorsorgeeinrichtung\\\/#breadcrumb\",\"itemListElement\":[{\"@type\":\"ListItem\",\"position\":1,\"name\":\"Home\",\"item\":\"https:\\\/\\\/hub.hslu.ch\\\/ifz\\\/2019\\\/02\\\/12\\\/prof-dr-yvonne-seiler-zimmermann-was-taugen-pk-ratings-fuer-die-wahl-der-vorsorgeeinrichtung\\\/\"},{\"@type\":\"ListItem\",\"position\":2,\"name\":\"Neuerscheinung: Studie Demografie und Wohnungswirtschaft\"}]},{\"@type\":\"WebSite\",\"@id\":\"https:\\\/\\\/hub.hslu.ch\\\/ifz\\\/#website\",\"url\":\"https:\\\/\\\/hub.hslu.ch\\\/ifz\\\/\",\"name\":\"IFZ Blog\",\"description\":\"News aus dem Institut f\u00fcr Finanzdienstleistungen Zug IFZ\",\"potentialAction\":[{\"@type\":\"SearchAction\",\"target\":{\"@type\":\"EntryPoint\",\"urlTemplate\":\"https:\\\/\\\/hub.hslu.ch\\\/ifz\\\/?s={search_term_string}\"},\"query-input\":{\"@type\":\"PropertyValueSpecification\",\"valueRequired\":true,\"valueName\":\"search_term_string\"}}],\"inLanguage\":\"de-CH\"},{\"@type\":\"Person\",\"@id\":\"\"}]}<\/script>\n<!-- \/ Yoast SEO plugin. -->","yoast_head_json":{"title":"Neuerscheinung: Studie Demografie und Wohnungswirtschaft - IFZ Blog","robots":{"index":"index","follow":"follow","max-snippet":"max-snippet:-1","max-image-preview":"max-image-preview:large","max-video-preview":"max-video-preview:-1"},"canonical":"https:\/\/hub.hslu.ch\/ifz\/2019\/02\/12\/prof-dr-yvonne-seiler-zimmermann-was-taugen-pk-ratings-fuer-die-wahl-der-vorsorgeeinrichtung\/","schema":{"@context":"https:\/\/schema.org","@graph":[{"@type":"Article","@id":"https:\/\/hub.hslu.ch\/ifz\/2019\/02\/12\/prof-dr-yvonne-seiler-zimmermann-was-taugen-pk-ratings-fuer-die-wahl-der-vorsorgeeinrichtung\/#article","isPartOf":{"@id":"https:\/\/hub.hslu.ch\/ifz\/2019\/02\/12\/prof-dr-yvonne-seiler-zimmermann-was-taugen-pk-ratings-fuer-die-wahl-der-vorsorgeeinrichtung\/"},"author":{"name":"","@id":""},"headline":"Neuerscheinung: Studie Demografie und Wohnungswirtschaft","datePublished":"2016-02-04T07:00:35+00:00","dateModified":"2020-05-20T12:50:29+00:00","mainEntityOfPage":{"@id":"https:\/\/hub.hslu.ch\/ifz\/2019\/02\/12\/prof-dr-yvonne-seiler-zimmermann-was-taugen-pk-ratings-fuer-die-wahl-der-vorsorgeeinrichtung\/"},"wordCount":194,"commentCount":0,"image":{"@id":"https:\/\/hub.hslu.ch\/ifz\/2019\/02\/12\/prof-dr-yvonne-seiler-zimmermann-was-taugen-pk-ratings-fuer-die-wahl-der-vorsorgeeinrichtung\/#primaryimage"},"thumbnailUrl":"https:\/\/hub.hslu.ch\/ifz\/wp-content\/blogs.dir\/165\/files\/sites\/6\/2016\/02\/IFZ-Blog-Demografie-und-Wohnungswirtschaft.jpg","articleSection":["Allgemeines","B\u00fccher","Forschung und Dienstleistung","IFZ in den Medien","Real Estate \/ Immobilienmanagement"],"inLanguage":"de-CH","potentialAction":[{"@type":"CommentAction","name":"Comment","target":["https:\/\/hub.hslu.ch\/ifz\/2019\/02\/12\/prof-dr-yvonne-seiler-zimmermann-was-taugen-pk-ratings-fuer-die-wahl-der-vorsorgeeinrichtung\/#respond"]}]},{"@type":"WebPage","@id":"https:\/\/hub.hslu.ch\/ifz\/2019\/02\/12\/prof-dr-yvonne-seiler-zimmermann-was-taugen-pk-ratings-fuer-die-wahl-der-vorsorgeeinrichtung\/","url":"https:\/\/hub.hslu.ch\/ifz\/2019\/02\/12\/prof-dr-yvonne-seiler-zimmermann-was-taugen-pk-ratings-fuer-die-wahl-der-vorsorgeeinrichtung\/","name":"Neuerscheinung: Studie Demografie und Wohnungswirtschaft - IFZ Blog","isPartOf":{"@id":"https:\/\/hub.hslu.ch\/ifz\/#website"},"primaryImageOfPage":{"@id":"https:\/\/hub.hslu.ch\/ifz\/2019\/02\/12\/prof-dr-yvonne-seiler-zimmermann-was-taugen-pk-ratings-fuer-die-wahl-der-vorsorgeeinrichtung\/#primaryimage"},"image":{"@id":"https:\/\/hub.hslu.ch\/ifz\/2019\/02\/12\/prof-dr-yvonne-seiler-zimmermann-was-taugen-pk-ratings-fuer-die-wahl-der-vorsorgeeinrichtung\/#primaryimage"},"thumbnailUrl":"https:\/\/hub.hslu.ch\/ifz\/wp-content\/blogs.dir\/165\/files\/sites\/6\/2016\/02\/IFZ-Blog-Demografie-und-Wohnungswirtschaft.jpg","datePublished":"2016-02-04T07:00:35+00:00","dateModified":"2020-05-20T12:50:29+00:00","author":{"@id":""},"breadcrumb":{"@id":"https:\/\/hub.hslu.ch\/ifz\/2019\/02\/12\/prof-dr-yvonne-seiler-zimmermann-was-taugen-pk-ratings-fuer-die-wahl-der-vorsorgeeinrichtung\/#breadcrumb"},"inLanguage":"de-CH","potentialAction":[{"@type":"ReadAction","target":["https:\/\/hub.hslu.ch\/ifz\/2019\/02\/12\/prof-dr-yvonne-seiler-zimmermann-was-taugen-pk-ratings-fuer-die-wahl-der-vorsorgeeinrichtung\/"]}]},{"@type":"ImageObject","inLanguage":"de-CH","@id":"https:\/\/hub.hslu.ch\/ifz\/2019\/02\/12\/prof-dr-yvonne-seiler-zimmermann-was-taugen-pk-ratings-fuer-die-wahl-der-vorsorgeeinrichtung\/#primaryimage","url":"https:\/\/hub.hslu.ch\/ifz\/wp-content\/blogs.dir\/165\/files\/sites\/6\/2016\/02\/IFZ-Blog-Demografie-und-Wohnungswirtschaft.jpg","contentUrl":"https:\/\/hub.hslu.ch\/ifz\/wp-content\/blogs.dir\/165\/files\/sites\/6\/2016\/02\/IFZ-Blog-Demografie-und-Wohnungswirtschaft.jpg","width":702,"height":336},{"@type":"BreadcrumbList","@id":"https:\/\/hub.hslu.ch\/ifz\/2019\/02\/12\/prof-dr-yvonne-seiler-zimmermann-was-taugen-pk-ratings-fuer-die-wahl-der-vorsorgeeinrichtung\/#breadcrumb","itemListElement":[{"@type":"ListItem","position":1,"name":"Home","item":"https:\/\/hub.hslu.ch\/ifz\/2019\/02\/12\/prof-dr-yvonne-seiler-zimmermann-was-taugen-pk-ratings-fuer-die-wahl-der-vorsorgeeinrichtung\/"},{"@type":"ListItem","position":2,"name":"Neuerscheinung: Studie Demografie und Wohnungswirtschaft"}]},{"@type":"WebSite","@id":"https:\/\/hub.hslu.ch\/ifz\/#website","url":"https:\/\/hub.hslu.ch\/ifz\/","name":"IFZ Blog","description":"News aus dem Institut f\u00fcr Finanzdienstleistungen Zug IFZ","potentialAction":[{"@type":"SearchAction","target":{"@type":"EntryPoint","urlTemplate":"https:\/\/hub.hslu.ch\/ifz\/?s={search_term_string}"},"query-input":{"@type":"PropertyValueSpecification","valueRequired":true,"valueName":"search_term_string"}}],"inLanguage":"de-CH"},{"@type":"Person","@id":""}]}},"featured_image_src":"https:\/\/hub.hslu.ch\/ifz\/wp-content\/blogs.dir\/165\/files\/sites\/6\/2016\/02\/IFZ-Blog-Demografie-und-Wohnungswirtschaft.jpg","featured_image_src_square":"https:\/\/hub.hslu.ch\/ifz\/wp-content\/blogs.dir\/165\/files\/sites\/6\/2016\/02\/IFZ-Blog-Demografie-und-Wohnungswirtschaft.jpg","author_info":{"display_name":"","author_link":"https:\/\/hub.hslu.ch\/ifz\/author\/"},"_links":{"self":[{"href":"https:\/\/hub.hslu.ch\/ifz\/wp-json\/wp\/v2\/posts\/15087","targetHints":{"allow":["GET"]}}],"collection":[{"href":"https:\/\/hub.hslu.ch\/ifz\/wp-json\/wp\/v2\/posts"}],"about":[{"href":"https:\/\/hub.hslu.ch\/ifz\/wp-json\/wp\/v2\/types\/post"}],"author":[{"embeddable":true,"href":"https:\/\/hub.hslu.ch\/ifz\/wp-json\/wp\/v2\/users\/257"}],"replies":[{"embeddable":true,"href":"https:\/\/hub.hslu.ch\/ifz\/wp-json\/wp\/v2\/comments?post=15087"}],"version-history":[{"count":5,"href":"https:\/\/hub.hslu.ch\/ifz\/wp-json\/wp\/v2\/posts\/15087\/revisions"}],"predecessor-version":[{"id":18428,"href":"https:\/\/hub.hslu.ch\/ifz\/wp-json\/wp\/v2\/posts\/15087\/revisions\/18428"}],"wp:featuredmedia":[{"embeddable":true,"href":"https:\/\/hub.hslu.ch\/ifz\/wp-json\/wp\/v2\/media\/15086"}],"wp:attachment":[{"href":"https:\/\/hub.hslu.ch\/ifz\/wp-json\/wp\/v2\/media?parent=15087"}],"wp:term":[{"taxonomy":"category","embeddable":true,"href":"https:\/\/hub.hslu.ch\/ifz\/wp-json\/wp\/v2\/categories?post=15087"},{"taxonomy":"post_tag","embeddable":true,"href":"https:\/\/hub.hslu.ch\/ifz\/wp-json\/wp\/v2\/tags?post=15087"}],"curies":[{"name":"wp","href":"https:\/\/api.w.org\/{rel}","templated":true}]}}