{"id":15962,"date":"2016-12-06T13:30:23","date_gmt":"2016-12-06T12:30:23","guid":{"rendered":"https:\/\/hub.hslu.ch\/ifz\/?p=15962"},"modified":"2020-09-10T14:58:14","modified_gmt":"2020-09-10T12:58:14","slug":"prof-dr-andreas-dietrich-auf-der-digitalen-welle-zum-anlageerfolg","status":"publish","type":"post","link":"https:\/\/hub.hslu.ch\/ifz\/2016\/12\/06\/prof-dr-andreas-dietrich-auf-der-digitalen-welle-zum-anlageerfolg\/","title":{"rendered":"Prof. Dr. Andreas Dietrich: Auf der digitalen Welle zum Anlageerfolg"},"content":{"rendered":"<p><a href=\"https:\/\/hub.hslu.ch\/ifz\/wp-content\/blogs.dir\/165\/files\/sites\/6\/2016\/02\/Dietrich-Andreas.jpg\"><img loading=\"lazy\" decoding=\"async\" class=\"alignleft size-full wp-image-15109\" src=\"https:\/\/hub.hslu.ch\/ifz\/wp-content\/blogs.dir\/165\/files\/sites\/6\/2016\/02\/Dietrich-Andreas.jpg\" alt=\"Dietrich-Andreas\" width=\"110\" height=\"145\" \/><\/a><\/p>\n<p>&nbsp;<\/p>\n<p>&nbsp;<\/p>\n<p>&nbsp;<\/p>\n<p>von<span style=\"color: #333399;\">\u00a0<\/span><span style=\"color: #333399;\"><a style=\"color: #333399;\" href=\"https:\/\/www.hslu.ch\/de-ch\/hochschule-luzern\/ueber-uns\/personensuche\/profile\/?pid=727\" target=\"_blank\" rel=\"noopener noreferrer\">Prof. Dr. Andreas Dietrich<\/a>,<\/span> Dozent und Studienleiter im <span style=\"color: #333399;\"><a style=\"color: #333399;\" href=\"http:\/\/www.hslu.ch\/ifz\" target=\"_blank\" rel=\"noopener noreferrer\">Institut f\u00fcr Finanzdienstleistungen Zug IFZ<\/a><\/span><\/p>\n<p>Das Thema FinTech besch\u00e4ftigt Banken und Versicherer seit geraumer Zeit. Doch wie k\u00f6nnen Privatanleger von der Digitalisierung des Finanzsektors profitieren? Prof. Dr. Andreas Dietrich im Interview\u00a0mit der Neuen Z\u00fcrcher Zeitung. Hier geht es zum <a href=\"http:\/\/www.nzz.ch\/finanzen\/anlegen-in-krisenzeiten\/anlegen-in-krisenzeiten-5-untitled-ld.110665\" target=\"_blank\" rel=\"noopener noreferrer\"><span style=\"color: #333399;\"><span style=\"color: #333399;\">TV-Beitrag<\/span><\/span><\/a><strong><span style=\"color: #333399;\">.<\/span><\/strong><\/p>\n<p>Weiterbildungen im FinTech-Bereich:<\/p>\n<ul>\n<li><strong>01. M\u00e4rz\u00a02017: <\/strong><span style=\"color: #333399;\"><a style=\"color: #333399;\" href=\"https:\/\/www.hslu.ch\/de-ch\/wirtschaft\/agenda\/veranstaltungen\/2017\/03\/01\/ifz-fintech-konferenz\/\" target=\"_blank\" rel=\"noopener noreferrer\">IFZ-FinTech Konferenz<\/a> &#8211; <span style=\"color: #000000;\">Was braucht es f\u00fcr an die Weltspitze?<\/span><\/span><\/li>\n<li><span style=\"color: #000000;\"><strong>11. Mai 2017<\/strong><\/span>: <a href=\"https:\/\/www.hslu.ch\/de-ch\/wirtschaft\/weiterbildung\/seminare\/ifz\/fit-fuer-die-digitalisierung\/\" target=\"_blank\" rel=\"noopener noreferrer\"><span style=\"color: #333399;\">Fit f\u00fcr die Digitalisierung<\/span> <\/a>&#8211; Seminar &#8211;\u00a0Mit systematischem Change Management &#171;Digital Readiness&#187; erreichen<\/li>\n<li><strong>16. Mai 2017: <\/strong><a href=\"https:\/\/www.hslu.ch\/de-ch\/wirtschaft\/weiterbildung\/seminare\/ifz\/customer-experience-management-fuer-banken\/\" target=\"_blank\" rel=\"noopener noreferrer\"><span style=\"color: #333399;\">Customer Experience Management f\u00fcr Banken<\/span> <\/a>&#8211; Seminar &#8211;\u00a0Kundenerlebnisse in Zeiten der Digitalisierung sinnvoll steuern<\/li>\n<\/ul>\n","protected":false},"excerpt":{"rendered":"<p>&nbsp; &nbsp; &nbsp; von\u00a0Prof. Dr. Andreas Dietrich, Dozent und Studienleiter im Institut f\u00fcr Finanzdienstleistungen Zug IFZ Das Thema FinTech besch\u00e4ftigt Banken und Versicherer seit geraumer Zeit. Doch wie k\u00f6nnen Privatanleger von der Digitalisierung des Finanzsektors profitieren? Prof. Dr. Andreas Dietrich im Interview\u00a0mit der Neuen Z\u00fcrcher Zeitung. Hier geht es zum TV-Beitrag. Weiterbildungen im FinTech-Bereich: 01.<\/p>\n","protected":false},"author":142,"featured_media":15445,"comment_status":"open","ping_status":"closed","sticky":false,"template":"","format":"standard","meta":{"_acf_changed":false,"inline_featured_image":false,"_relevanssi_hide_post":"","_relevanssi_hide_content":"","_relevanssi_pin_for_all":"","_relevanssi_pin_keywords":"","_relevanssi_unpin_keywords":"","_relevanssi_related_keywords":"","_relevanssi_related_include_ids":"","_relevanssi_related_exclude_ids":"","_relevanssi_related_no_append":"","_relevanssi_related_not_related":"","_relevanssi_related_posts":"","_relevanssi_noindex_reason":"","footnotes":"","_links_to":"","_links_to_target":""},"categories":[406,854982,46469,854975],"tags":[],"class_list":["post-15962","post","type-post","status-publish","format-standard","has-post-thumbnail","hentry","category-allgemeines","category-digitalisierung","category-fintech","category-ifz-in-den-medien"],"acf":[],"yoast_head":"<!-- This site is optimized with the Yoast SEO plugin v27.5 - https:\/\/yoast.com\/product\/yoast-seo-wordpress\/ -->\n<title>Prof. Dr. Andreas Dietrich: Auf der digitalen Welle zum Anlageerfolg - IFZ Blog<\/title>\n<meta name=\"robots\" content=\"index, follow, max-snippet:-1, max-image-preview:large, max-video-preview:-1\" \/>\n<link rel=\"canonical\" href=\"https:\/\/hub.hslu.ch\/ifz\/2019\/02\/12\/prof-dr-yvonne-seiler-zimmermann-was-taugen-pk-ratings-fuer-die-wahl-der-vorsorgeeinrichtung\/\" \/>\n<script type=\"application\/ld+json\" class=\"yoast-schema-graph\">{\"@context\":\"https:\\\/\\\/schema.org\",\"@graph\":[{\"@type\":\"Article\",\"@id\":\"https:\\\/\\\/hub.hslu.ch\\\/ifz\\\/2019\\\/02\\\/12\\\/prof-dr-yvonne-seiler-zimmermann-was-taugen-pk-ratings-fuer-die-wahl-der-vorsorgeeinrichtung\\\/#article\",\"isPartOf\":{\"@id\":\"https:\\\/\\\/hub.hslu.ch\\\/ifz\\\/2019\\\/02\\\/12\\\/prof-dr-yvonne-seiler-zimmermann-was-taugen-pk-ratings-fuer-die-wahl-der-vorsorgeeinrichtung\\\/\"},\"author\":{\"name\":\"stefanmiesch\",\"@id\":\"https:\\\/\\\/hub.hslu.ch\\\/ifz\\\/#\\\/schema\\\/person\\\/c036a0722c17e2c9a27566e37cf0060c\"},\"headline\":\"Prof. Dr. Andreas Dietrich: Auf der digitalen Welle zum Anlageerfolg\",\"datePublished\":\"2016-12-06T12:30:23+00:00\",\"dateModified\":\"2020-09-10T12:58:14+00:00\",\"mainEntityOfPage\":{\"@id\":\"https:\\\/\\\/hub.hslu.ch\\\/ifz\\\/2019\\\/02\\\/12\\\/prof-dr-yvonne-seiler-zimmermann-was-taugen-pk-ratings-fuer-die-wahl-der-vorsorgeeinrichtung\\\/\"},\"wordCount\":116,\"commentCount\":0,\"image\":{\"@id\":\"https:\\\/\\\/hub.hslu.ch\\\/ifz\\\/2019\\\/02\\\/12\\\/prof-dr-yvonne-seiler-zimmermann-was-taugen-pk-ratings-fuer-die-wahl-der-vorsorgeeinrichtung\\\/#primaryimage\"},\"thumbnailUrl\":\"https:\\\/\\\/hub.hslu.ch\\\/ifz\\\/wp-content\\\/blogs.dir\\\/165\\\/files\\\/sites\\\/6\\\/2016\\\/05\\\/IFZ-Blog_L\u00fctolf-_Philipp_Thinkstock_Photos-488690711.jpg\",\"articleSection\":[\"Allgemeines\",\"Digitalisierung\",\"Fintech\",\"IFZ in den Medien\"],\"inLanguage\":\"de-CH\",\"potentialAction\":[{\"@type\":\"CommentAction\",\"name\":\"Comment\",\"target\":[\"https:\\\/\\\/hub.hslu.ch\\\/ifz\\\/2019\\\/02\\\/12\\\/prof-dr-yvonne-seiler-zimmermann-was-taugen-pk-ratings-fuer-die-wahl-der-vorsorgeeinrichtung\\\/#respond\"]}]},{\"@type\":\"WebPage\",\"@id\":\"https:\\\/\\\/hub.hslu.ch\\\/ifz\\\/2019\\\/02\\\/12\\\/prof-dr-yvonne-seiler-zimmermann-was-taugen-pk-ratings-fuer-die-wahl-der-vorsorgeeinrichtung\\\/\",\"url\":\"https:\\\/\\\/hub.hslu.ch\\\/ifz\\\/2019\\\/02\\\/12\\\/prof-dr-yvonne-seiler-zimmermann-was-taugen-pk-ratings-fuer-die-wahl-der-vorsorgeeinrichtung\\\/\",\"name\":\"Prof. Dr. Andreas Dietrich: Auf der digitalen Welle zum Anlageerfolg - IFZ Blog\",\"isPartOf\":{\"@id\":\"https:\\\/\\\/hub.hslu.ch\\\/ifz\\\/#website\"},\"primaryImageOfPage\":{\"@id\":\"https:\\\/\\\/hub.hslu.ch\\\/ifz\\\/2019\\\/02\\\/12\\\/prof-dr-yvonne-seiler-zimmermann-was-taugen-pk-ratings-fuer-die-wahl-der-vorsorgeeinrichtung\\\/#primaryimage\"},\"image\":{\"@id\":\"https:\\\/\\\/hub.hslu.ch\\\/ifz\\\/2019\\\/02\\\/12\\\/prof-dr-yvonne-seiler-zimmermann-was-taugen-pk-ratings-fuer-die-wahl-der-vorsorgeeinrichtung\\\/#primaryimage\"},\"thumbnailUrl\":\"https:\\\/\\\/hub.hslu.ch\\\/ifz\\\/wp-content\\\/blogs.dir\\\/165\\\/files\\\/sites\\\/6\\\/2016\\\/05\\\/IFZ-Blog_L\u00fctolf-_Philipp_Thinkstock_Photos-488690711.jpg\",\"datePublished\":\"2016-12-06T12:30:23+00:00\",\"dateModified\":\"2020-09-10T12:58:14+00:00\",\"author\":{\"@id\":\"https:\\\/\\\/hub.hslu.ch\\\/ifz\\\/#\\\/schema\\\/person\\\/c036a0722c17e2c9a27566e37cf0060c\"},\"breadcrumb\":{\"@id\":\"https:\\\/\\\/hub.hslu.ch\\\/ifz\\\/2019\\\/02\\\/12\\\/prof-dr-yvonne-seiler-zimmermann-was-taugen-pk-ratings-fuer-die-wahl-der-vorsorgeeinrichtung\\\/#breadcrumb\"},\"inLanguage\":\"de-CH\",\"potentialAction\":[{\"@type\":\"ReadAction\",\"target\":[\"https:\\\/\\\/hub.hslu.ch\\\/ifz\\\/2019\\\/02\\\/12\\\/prof-dr-yvonne-seiler-zimmermann-was-taugen-pk-ratings-fuer-die-wahl-der-vorsorgeeinrichtung\\\/\"]}]},{\"@type\":\"ImageObject\",\"inLanguage\":\"de-CH\",\"@id\":\"https:\\\/\\\/hub.hslu.ch\\\/ifz\\\/2019\\\/02\\\/12\\\/prof-dr-yvonne-seiler-zimmermann-was-taugen-pk-ratings-fuer-die-wahl-der-vorsorgeeinrichtung\\\/#primaryimage\",\"url\":\"https:\\\/\\\/hub.hslu.ch\\\/ifz\\\/wp-content\\\/blogs.dir\\\/165\\\/files\\\/sites\\\/6\\\/2016\\\/05\\\/IFZ-Blog_L\u00fctolf-_Philipp_Thinkstock_Photos-488690711.jpg\",\"contentUrl\":\"https:\\\/\\\/hub.hslu.ch\\\/ifz\\\/wp-content\\\/blogs.dir\\\/165\\\/files\\\/sites\\\/6\\\/2016\\\/05\\\/IFZ-Blog_L\u00fctolf-_Philipp_Thinkstock_Photos-488690711.jpg\",\"width\":702,\"height\":336},{\"@type\":\"BreadcrumbList\",\"@id\":\"https:\\\/\\\/hub.hslu.ch\\\/ifz\\\/2019\\\/02\\\/12\\\/prof-dr-yvonne-seiler-zimmermann-was-taugen-pk-ratings-fuer-die-wahl-der-vorsorgeeinrichtung\\\/#breadcrumb\",\"itemListElement\":[{\"@type\":\"ListItem\",\"position\":1,\"name\":\"Home\",\"item\":\"https:\\\/\\\/hub.hslu.ch\\\/ifz\\\/2019\\\/02\\\/12\\\/prof-dr-yvonne-seiler-zimmermann-was-taugen-pk-ratings-fuer-die-wahl-der-vorsorgeeinrichtung\\\/\"},{\"@type\":\"ListItem\",\"position\":2,\"name\":\"Prof. Dr. Andreas Dietrich: Auf der digitalen Welle zum Anlageerfolg\"}]},{\"@type\":\"WebSite\",\"@id\":\"https:\\\/\\\/hub.hslu.ch\\\/ifz\\\/#website\",\"url\":\"https:\\\/\\\/hub.hslu.ch\\\/ifz\\\/\",\"name\":\"IFZ Blog\",\"description\":\"News aus dem Institut f\u00fcr Finanzdienstleistungen Zug IFZ\",\"potentialAction\":[{\"@type\":\"SearchAction\",\"target\":{\"@type\":\"EntryPoint\",\"urlTemplate\":\"https:\\\/\\\/hub.hslu.ch\\\/ifz\\\/?s={search_term_string}\"},\"query-input\":{\"@type\":\"PropertyValueSpecification\",\"valueRequired\":true,\"valueName\":\"search_term_string\"}}],\"inLanguage\":\"de-CH\"},{\"@type\":\"Person\",\"@id\":\"https:\\\/\\\/hub.hslu.ch\\\/ifz\\\/#\\\/schema\\\/person\\\/c036a0722c17e2c9a27566e37cf0060c\",\"name\":\"stefanmiesch\"}]}<\/script>\n<!-- \/ Yoast SEO plugin. -->","yoast_head_json":{"title":"Prof. Dr. Andreas Dietrich: Auf der digitalen Welle zum Anlageerfolg - IFZ Blog","robots":{"index":"index","follow":"follow","max-snippet":"max-snippet:-1","max-image-preview":"max-image-preview:large","max-video-preview":"max-video-preview:-1"},"canonical":"https:\/\/hub.hslu.ch\/ifz\/2019\/02\/12\/prof-dr-yvonne-seiler-zimmermann-was-taugen-pk-ratings-fuer-die-wahl-der-vorsorgeeinrichtung\/","schema":{"@context":"https:\/\/schema.org","@graph":[{"@type":"Article","@id":"https:\/\/hub.hslu.ch\/ifz\/2019\/02\/12\/prof-dr-yvonne-seiler-zimmermann-was-taugen-pk-ratings-fuer-die-wahl-der-vorsorgeeinrichtung\/#article","isPartOf":{"@id":"https:\/\/hub.hslu.ch\/ifz\/2019\/02\/12\/prof-dr-yvonne-seiler-zimmermann-was-taugen-pk-ratings-fuer-die-wahl-der-vorsorgeeinrichtung\/"},"author":{"name":"stefanmiesch","@id":"https:\/\/hub.hslu.ch\/ifz\/#\/schema\/person\/c036a0722c17e2c9a27566e37cf0060c"},"headline":"Prof. Dr. Andreas Dietrich: Auf der digitalen Welle zum Anlageerfolg","datePublished":"2016-12-06T12:30:23+00:00","dateModified":"2020-09-10T12:58:14+00:00","mainEntityOfPage":{"@id":"https:\/\/hub.hslu.ch\/ifz\/2019\/02\/12\/prof-dr-yvonne-seiler-zimmermann-was-taugen-pk-ratings-fuer-die-wahl-der-vorsorgeeinrichtung\/"},"wordCount":116,"commentCount":0,"image":{"@id":"https:\/\/hub.hslu.ch\/ifz\/2019\/02\/12\/prof-dr-yvonne-seiler-zimmermann-was-taugen-pk-ratings-fuer-die-wahl-der-vorsorgeeinrichtung\/#primaryimage"},"thumbnailUrl":"https:\/\/hub.hslu.ch\/ifz\/wp-content\/blogs.dir\/165\/files\/sites\/6\/2016\/05\/IFZ-Blog_L\u00fctolf-_Philipp_Thinkstock_Photos-488690711.jpg","articleSection":["Allgemeines","Digitalisierung","Fintech","IFZ in den Medien"],"inLanguage":"de-CH","potentialAction":[{"@type":"CommentAction","name":"Comment","target":["https:\/\/hub.hslu.ch\/ifz\/2019\/02\/12\/prof-dr-yvonne-seiler-zimmermann-was-taugen-pk-ratings-fuer-die-wahl-der-vorsorgeeinrichtung\/#respond"]}]},{"@type":"WebPage","@id":"https:\/\/hub.hslu.ch\/ifz\/2019\/02\/12\/prof-dr-yvonne-seiler-zimmermann-was-taugen-pk-ratings-fuer-die-wahl-der-vorsorgeeinrichtung\/","url":"https:\/\/hub.hslu.ch\/ifz\/2019\/02\/12\/prof-dr-yvonne-seiler-zimmermann-was-taugen-pk-ratings-fuer-die-wahl-der-vorsorgeeinrichtung\/","name":"Prof. Dr. Andreas Dietrich: Auf der digitalen Welle zum Anlageerfolg - IFZ Blog","isPartOf":{"@id":"https:\/\/hub.hslu.ch\/ifz\/#website"},"primaryImageOfPage":{"@id":"https:\/\/hub.hslu.ch\/ifz\/2019\/02\/12\/prof-dr-yvonne-seiler-zimmermann-was-taugen-pk-ratings-fuer-die-wahl-der-vorsorgeeinrichtung\/#primaryimage"},"image":{"@id":"https:\/\/hub.hslu.ch\/ifz\/2019\/02\/12\/prof-dr-yvonne-seiler-zimmermann-was-taugen-pk-ratings-fuer-die-wahl-der-vorsorgeeinrichtung\/#primaryimage"},"thumbnailUrl":"https:\/\/hub.hslu.ch\/ifz\/wp-content\/blogs.dir\/165\/files\/sites\/6\/2016\/05\/IFZ-Blog_L\u00fctolf-_Philipp_Thinkstock_Photos-488690711.jpg","datePublished":"2016-12-06T12:30:23+00:00","dateModified":"2020-09-10T12:58:14+00:00","author":{"@id":"https:\/\/hub.hslu.ch\/ifz\/#\/schema\/person\/c036a0722c17e2c9a27566e37cf0060c"},"breadcrumb":{"@id":"https:\/\/hub.hslu.ch\/ifz\/2019\/02\/12\/prof-dr-yvonne-seiler-zimmermann-was-taugen-pk-ratings-fuer-die-wahl-der-vorsorgeeinrichtung\/#breadcrumb"},"inLanguage":"de-CH","potentialAction":[{"@type":"ReadAction","target":["https:\/\/hub.hslu.ch\/ifz\/2019\/02\/12\/prof-dr-yvonne-seiler-zimmermann-was-taugen-pk-ratings-fuer-die-wahl-der-vorsorgeeinrichtung\/"]}]},{"@type":"ImageObject","inLanguage":"de-CH","@id":"https:\/\/hub.hslu.ch\/ifz\/2019\/02\/12\/prof-dr-yvonne-seiler-zimmermann-was-taugen-pk-ratings-fuer-die-wahl-der-vorsorgeeinrichtung\/#primaryimage","url":"https:\/\/hub.hslu.ch\/ifz\/wp-content\/blogs.dir\/165\/files\/sites\/6\/2016\/05\/IFZ-Blog_L\u00fctolf-_Philipp_Thinkstock_Photos-488690711.jpg","contentUrl":"https:\/\/hub.hslu.ch\/ifz\/wp-content\/blogs.dir\/165\/files\/sites\/6\/2016\/05\/IFZ-Blog_L\u00fctolf-_Philipp_Thinkstock_Photos-488690711.jpg","width":702,"height":336},{"@type":"BreadcrumbList","@id":"https:\/\/hub.hslu.ch\/ifz\/2019\/02\/12\/prof-dr-yvonne-seiler-zimmermann-was-taugen-pk-ratings-fuer-die-wahl-der-vorsorgeeinrichtung\/#breadcrumb","itemListElement":[{"@type":"ListItem","position":1,"name":"Home","item":"https:\/\/hub.hslu.ch\/ifz\/2019\/02\/12\/prof-dr-yvonne-seiler-zimmermann-was-taugen-pk-ratings-fuer-die-wahl-der-vorsorgeeinrichtung\/"},{"@type":"ListItem","position":2,"name":"Prof. Dr. Andreas Dietrich: Auf der digitalen Welle zum Anlageerfolg"}]},{"@type":"WebSite","@id":"https:\/\/hub.hslu.ch\/ifz\/#website","url":"https:\/\/hub.hslu.ch\/ifz\/","name":"IFZ Blog","description":"News aus dem Institut f\u00fcr Finanzdienstleistungen Zug IFZ","potentialAction":[{"@type":"SearchAction","target":{"@type":"EntryPoint","urlTemplate":"https:\/\/hub.hslu.ch\/ifz\/?s={search_term_string}"},"query-input":{"@type":"PropertyValueSpecification","valueRequired":true,"valueName":"search_term_string"}}],"inLanguage":"de-CH"},{"@type":"Person","@id":"https:\/\/hub.hslu.ch\/ifz\/#\/schema\/person\/c036a0722c17e2c9a27566e37cf0060c","name":"stefanmiesch"}]}},"featured_image_src":"https:\/\/hub.hslu.ch\/ifz\/wp-content\/blogs.dir\/165\/files\/sites\/6\/2016\/05\/IFZ-Blog_L\u00fctolf-_Philipp_Thinkstock_Photos-488690711.jpg","featured_image_src_square":"https:\/\/hub.hslu.ch\/ifz\/wp-content\/blogs.dir\/165\/files\/sites\/6\/2016\/05\/IFZ-Blog_L\u00fctolf-_Philipp_Thinkstock_Photos-488690711.jpg","author_info":{"display_name":"stefanmiesch","author_link":"https:\/\/hub.hslu.ch\/ifz\/author\/stefanmiesch\/"},"_links":{"self":[{"href":"https:\/\/hub.hslu.ch\/ifz\/wp-json\/wp\/v2\/posts\/15962","targetHints":{"allow":["GET"]}}],"collection":[{"href":"https:\/\/hub.hslu.ch\/ifz\/wp-json\/wp\/v2\/posts"}],"about":[{"href":"https:\/\/hub.hslu.ch\/ifz\/wp-json\/wp\/v2\/types\/post"}],"author":[{"embeddable":true,"href":"https:\/\/hub.hslu.ch\/ifz\/wp-json\/wp\/v2\/users\/142"}],"replies":[{"embeddable":true,"href":"https:\/\/hub.hslu.ch\/ifz\/wp-json\/wp\/v2\/comments?post=15962"}],"version-history":[{"count":6,"href":"https:\/\/hub.hslu.ch\/ifz\/wp-json\/wp\/v2\/posts\/15962\/revisions"}],"predecessor-version":[{"id":20121,"href":"https:\/\/hub.hslu.ch\/ifz\/wp-json\/wp\/v2\/posts\/15962\/revisions\/20121"}],"wp:featuredmedia":[{"embeddable":true,"href":"https:\/\/hub.hslu.ch\/ifz\/wp-json\/wp\/v2\/media\/15445"}],"wp:attachment":[{"href":"https:\/\/hub.hslu.ch\/ifz\/wp-json\/wp\/v2\/media?parent=15962"}],"wp:term":[{"taxonomy":"category","embeddable":true,"href":"https:\/\/hub.hslu.ch\/ifz\/wp-json\/wp\/v2\/categories?post=15962"},{"taxonomy":"post_tag","embeddable":true,"href":"https:\/\/hub.hslu.ch\/ifz\/wp-json\/wp\/v2\/tags?post=15962"}],"curies":[{"name":"wp","href":"https:\/\/api.w.org\/{rel}","templated":true}]}}