{"id":15980,"date":"2016-12-13T13:30:33","date_gmt":"2016-12-13T12:30:33","guid":{"rendered":"https:\/\/hub.hslu.ch\/ifz\/?p=15980"},"modified":"2026-02-11T14:52:40","modified_gmt":"2026-02-11T13:52:40","slug":"prof-dr-gabrielle-wanzenried-jeder-zehnte-haushalt-verfuegt-nach-eigener-einschaetzung-ueber-zu-viel-wohnflaeche","status":"publish","type":"post","link":"https:\/\/hub.hslu.ch\/ifz\/2016\/12\/13\/prof-dr-gabrielle-wanzenried-jeder-zehnte-haushalt-verfuegt-nach-eigener-einschaetzung-ueber-zu-viel-wohnflaeche\/","title":{"rendered":"Prof. Dr. Gabrielle Wanzenried: Jeder zehnte Haushalt verf\u00fcgt nach eigener Einsch\u00e4tzung \u00fcber zu viel Wohnfl\u00e4che"},"content":{"rendered":"<p><a href=\"https:\/\/hub.hslu.ch\/ifz\/wp-content\/blogs.dir\/165\/files\/sites\/6\/2016\/02\/Wanzenried-Gabrielle.jpg\"><img loading=\"lazy\" decoding=\"async\" class=\"alignleft size-thumbnail wp-image-15149\" src=\"https:\/\/hub.hslu.ch\/ifz\/wp-content\/blogs.dir\/165\/files\/sites\/6\/2016\/02\/Wanzenried-Gabrielle-112x150.jpg\" alt=\"\" width=\"112\" height=\"150\" \/><\/a><\/p>\n<p><a href=\"https:\/\/www.hslu.ch\/de-ch\/hochschule-luzern\/ueber-uns\/personensuche\/profile\/?pid=257\" target=\"_blank\" rel=\"noopener noreferrer\"><span style=\"color: #333399;\">Prof. Dr. Gabrielle Wanzenried,<\/span><\/a>\u00a0Dozentin im <span style=\"color: #333399;\"><a style=\"color: #333399;\" href=\"http:\/\/www.hslu.ch\/ifz\" target=\"_blank\" rel=\"noopener noreferrer\">Institut f\u00fcr Finanzdienstleistungen Z<\/a><a style=\"color: #333399;\" href=\"http:\/\/www.hslu.ch\/ifz\" target=\"_blank\" rel=\"noopener noreferrer\">ug IFZ<\/a><\/span><\/p>\n<p>Der Pro-Kopf-Wohnfl\u00e4chenkonsum hat in der Zeit von 1980 bis 2014 um fast einen Drittel zugenommen. Punktuelle Hinweise auf eine Wachstumsverlangsamung in st\u00e4dtischen Gebieten sind zwar vorhanden, ein Ende der stetigen Zunahme ist aber vorerst nicht absehbar.<\/p>\n<p>Neben strukturellen Treibern wie dem demografischen Wandel oder dem zunehmenden Wohlstand ist auch eine mangelhafte \u00dcbereinstimmung zwischen Wohnfl\u00e4chenkonsum und subjektivem Wohnfl\u00e4chenbedarf f\u00fcr diese Entwicklung verantwortlich. Die Studie untersucht aus diesen Gr\u00fcnden auf empirischer Ebene die Bestimmungsfaktoren des subjektiven Wohnfl\u00e4chenbedarfs von Schweizer Haushalten. Zus\u00e4tzlich zu den Betrachtungen f\u00fcr die gesamte Schweiz wird im Rahmen einer Fallstudie vertieft auf die Situation in den Quartieren der Stadt Luzern eingegangen. Im Zentrum der Betrachtungen steht die Frage, welche Haushalte die ihnen zur Verf\u00fcgung stehende Wohnfl\u00e4che als zu gross einsch\u00e4tzen. Kenntnisse \u00fcber die subjektive Einsch\u00e4tzung der Haushalte bez\u00fcglich ihrer verf\u00fcgbaren Wohnfl\u00e4che sind n\u00e4mlich von zentraler Bedeutung f\u00fcr die F\u00f6rderung eines effizienten Wohnfl\u00e4chenkonsums und somit f\u00fcr eine zielgerichtete Realisierung von Wohnraumeinsparungen. So lassen sich Einsparungen beim Wohnfl\u00e4chenkonsum am ehesten bei jenen Haushalten realisieren, die auch dazu bereit sind bzw. die ihr Wohnobjekt als eigentlich zu gross einsch\u00e4tzen, was auf jeden zehnten Haushalt der Schweiz zutrifft.<\/p>\n<p>Weitere Informationen:<\/p>\n<ul>\n<li><span style=\"color: #333399;\"><a style=\"color: #333399;\" href=\"https:\/\/www.admin.ch\/gov\/de\/start\/dokumentation\/medienmitteilungen.msg-id-64850.html\" target=\"_blank\" rel=\"noopener noreferrer\">Medienmitteilung des Bundesamtes f\u00fcr Wohnungswesen BWO<\/a><\/span><\/li>\n<li><span style=\"color: #333399;\"><a style=\"color: #333399;\" href=\"https:\/\/hub.hslu.ch\/ifz\/wp-content\/blogs.dir\/165\/files\/sites\/6\/2016\/12\/Wanzenried-Gabrielle_Jeder-Zehnte-findet-seine-Wohnung-zu-gross_Artikel_NZZ_161209.pdf\">Artikel in der Neuen Z\u00fcrcher Zeitung vom 9. Dezember 2016<\/a><\/span><\/li>\n<li><span style=\"color: #333399;\"><a style=\"color: #333399;\" href=\"https:\/\/hub.hslu.ch\/ifz\/wp-content\/blogs.dir\/165\/files\/sites\/6\/2016\/12\/Wanzenried-Gabrielle_Delbiaggio-Katia_Studie-Wohnflaechenbedarf-und-Wohnflaechenkonsum_161213.pdf\">Studie Wohnfl\u00e4chenkonsum und Wohnfl\u00e4chenbedarf<\/a><\/span> im Auftrag des Bundesamtes f\u00fcr Wohnungswesen BWO, Autorinnen der Studie: <a href=\"https:\/\/www.hslu.ch\/de-ch\/hochschule-luzern\/ueber-uns\/personensuche\/profile\/?pid=209\" target=\"_blank\" rel=\"noopener noreferrer\"><span style=\"color: #333399;\">Prof. Dr. Katia Delbiaggio<\/span> <\/a>und <a href=\"https:\/\/www.hslu.ch\/de-ch\/hochschule-luzern\/ueber-uns\/personensuche\/profile\/?pid=257\" target=\"_blank\" rel=\"noopener noreferrer\"><span style=\"color: #333399;\">Prof. Dr. Gabrielle Wanzenried<\/span><\/a>, Hochschule Luzern &#8211; Wirtschaft<\/li>\n<\/ul>\n<p>Konferenz Demografie und Wohnungswirtschaft &#8211; Bezahlbares Wohnen im Alter &#8211; <strong>Mittwoch, 5. April 2017<\/strong>, IFZ, Zug &#8211; <span style=\"color: #333399;\"><a style=\"color: #333399;\" href=\"https:\/\/www.hslu.ch\/de-ch\/wirtschaft\/agenda\/veranstaltungen\/2017\/04\/05\/konferenz-demografie-und-wohnungswirtschaft\/\" target=\"_blank\" rel=\"noopener noreferrer\">Infos und Anmeldung<\/a><\/span><\/p>\n","protected":false},"excerpt":{"rendered":"<p>Die Hochschule Luzern &#8211; Wirtschaft hat im Auftrag des Bundesamtes f\u00fcr Wohnungswesen die Bestimmungsfaktoren des subjektiven Wohnfl\u00e4chenbedarfes der Schweizer Haushalte untersucht.<\/p>\n","protected":false},"author":257,"featured_media":14408,"comment_status":"open","ping_status":"closed","sticky":false,"template":"","format":"standard","meta":{"_acf_changed":false,"inline_featured_image":false,"_relevanssi_hide_post":"","_relevanssi_hide_content":"","_relevanssi_pin_for_all":"","_relevanssi_pin_keywords":"","_relevanssi_unpin_keywords":"","_relevanssi_related_keywords":"","_relevanssi_related_include_ids":"","_relevanssi_related_exclude_ids":"","_relevanssi_related_no_append":"","_relevanssi_related_not_related":"","_relevanssi_related_posts":"","_relevanssi_noindex_reason":"","footnotes":"","_links_to":"","_links_to_target":""},"categories":[406,146,854975,125,409,1468,4241],"tags":[],"class_list":["post-15980","post","type-post","status-publish","format-standard","has-post-thumbnail","hentry","category-allgemeines","category-forschung","category-ifz-in-den-medien","category-konferenzen","category-real-estate-immobilienmanagement","category-seminare","category-studien"],"acf":[],"yoast_head":"<!-- This site is optimized with the Yoast SEO plugin v27.5 - https:\/\/yoast.com\/product\/yoast-seo-wordpress\/ -->\n<title>Prof. Dr. Gabrielle Wanzenried: Jeder zehnte Haushalt verf\u00fcgt nach eigener Einsch\u00e4tzung \u00fcber zu viel Wohnfl\u00e4che - IFZ Blog<\/title>\n<meta name=\"robots\" content=\"index, follow, max-snippet:-1, max-image-preview:large, max-video-preview:-1\" \/>\n<link rel=\"canonical\" href=\"https:\/\/hub.hslu.ch\/ifz\/2019\/02\/12\/prof-dr-yvonne-seiler-zimmermann-was-taugen-pk-ratings-fuer-die-wahl-der-vorsorgeeinrichtung\/\" \/>\n<script type=\"application\/ld+json\" class=\"yoast-schema-graph\">{\"@context\":\"https:\\\/\\\/schema.org\",\"@graph\":[{\"@type\":\"Article\",\"@id\":\"https:\\\/\\\/hub.hslu.ch\\\/ifz\\\/2019\\\/02\\\/12\\\/prof-dr-yvonne-seiler-zimmermann-was-taugen-pk-ratings-fuer-die-wahl-der-vorsorgeeinrichtung\\\/#article\",\"isPartOf\":{\"@id\":\"https:\\\/\\\/hub.hslu.ch\\\/ifz\\\/2019\\\/02\\\/12\\\/prof-dr-yvonne-seiler-zimmermann-was-taugen-pk-ratings-fuer-die-wahl-der-vorsorgeeinrichtung\\\/\"},\"author\":{\"name\":\"\",\"@id\":\"\"},\"headline\":\"Prof. Dr. Gabrielle Wanzenried: Jeder zehnte Haushalt verf\u00fcgt nach eigener Einsch\u00e4tzung \u00fcber zu viel Wohnfl\u00e4che\",\"datePublished\":\"2016-12-13T12:30:33+00:00\",\"dateModified\":\"2026-02-11T13:52:40+00:00\",\"mainEntityOfPage\":{\"@id\":\"https:\\\/\\\/hub.hslu.ch\\\/ifz\\\/2019\\\/02\\\/12\\\/prof-dr-yvonne-seiler-zimmermann-was-taugen-pk-ratings-fuer-die-wahl-der-vorsorgeeinrichtung\\\/\"},\"wordCount\":303,\"commentCount\":0,\"image\":{\"@id\":\"https:\\\/\\\/hub.hslu.ch\\\/ifz\\\/2019\\\/02\\\/12\\\/prof-dr-yvonne-seiler-zimmermann-was-taugen-pk-ratings-fuer-die-wahl-der-vorsorgeeinrichtung\\\/#primaryimage\"},\"thumbnailUrl\":\"https:\\\/\\\/hub.hslu.ch\\\/ifz\\\/wp-content\\\/blogs.dir\\\/165\\\/files\\\/sites\\\/6\\\/2015\\\/08\\\/hslu_fass_zg_lu_2015_mdb_012.jpg\",\"articleSection\":[\"Allgemeines\",\"Forschung und Dienstleistung\",\"IFZ in den Medien\",\"Konferenzen\",\"Real Estate \\\/ Immobilienmanagement\",\"Seminare und Konferenzen\",\"Studien\"],\"inLanguage\":\"de-CH\",\"potentialAction\":[{\"@type\":\"CommentAction\",\"name\":\"Comment\",\"target\":[\"https:\\\/\\\/hub.hslu.ch\\\/ifz\\\/2019\\\/02\\\/12\\\/prof-dr-yvonne-seiler-zimmermann-was-taugen-pk-ratings-fuer-die-wahl-der-vorsorgeeinrichtung\\\/#respond\"]}]},{\"@type\":\"WebPage\",\"@id\":\"https:\\\/\\\/hub.hslu.ch\\\/ifz\\\/2019\\\/02\\\/12\\\/prof-dr-yvonne-seiler-zimmermann-was-taugen-pk-ratings-fuer-die-wahl-der-vorsorgeeinrichtung\\\/\",\"url\":\"https:\\\/\\\/hub.hslu.ch\\\/ifz\\\/2019\\\/02\\\/12\\\/prof-dr-yvonne-seiler-zimmermann-was-taugen-pk-ratings-fuer-die-wahl-der-vorsorgeeinrichtung\\\/\",\"name\":\"Prof. Dr. Gabrielle Wanzenried: Jeder zehnte Haushalt verf\u00fcgt nach eigener Einsch\u00e4tzung \u00fcber zu viel Wohnfl\u00e4che - IFZ Blog\",\"isPartOf\":{\"@id\":\"https:\\\/\\\/hub.hslu.ch\\\/ifz\\\/#website\"},\"primaryImageOfPage\":{\"@id\":\"https:\\\/\\\/hub.hslu.ch\\\/ifz\\\/2019\\\/02\\\/12\\\/prof-dr-yvonne-seiler-zimmermann-was-taugen-pk-ratings-fuer-die-wahl-der-vorsorgeeinrichtung\\\/#primaryimage\"},\"image\":{\"@id\":\"https:\\\/\\\/hub.hslu.ch\\\/ifz\\\/2019\\\/02\\\/12\\\/prof-dr-yvonne-seiler-zimmermann-was-taugen-pk-ratings-fuer-die-wahl-der-vorsorgeeinrichtung\\\/#primaryimage\"},\"thumbnailUrl\":\"https:\\\/\\\/hub.hslu.ch\\\/ifz\\\/wp-content\\\/blogs.dir\\\/165\\\/files\\\/sites\\\/6\\\/2015\\\/08\\\/hslu_fass_zg_lu_2015_mdb_012.jpg\",\"datePublished\":\"2016-12-13T12:30:33+00:00\",\"dateModified\":\"2026-02-11T13:52:40+00:00\",\"author\":{\"@id\":\"\"},\"breadcrumb\":{\"@id\":\"https:\\\/\\\/hub.hslu.ch\\\/ifz\\\/2019\\\/02\\\/12\\\/prof-dr-yvonne-seiler-zimmermann-was-taugen-pk-ratings-fuer-die-wahl-der-vorsorgeeinrichtung\\\/#breadcrumb\"},\"inLanguage\":\"de-CH\",\"potentialAction\":[{\"@type\":\"ReadAction\",\"target\":[\"https:\\\/\\\/hub.hslu.ch\\\/ifz\\\/2019\\\/02\\\/12\\\/prof-dr-yvonne-seiler-zimmermann-was-taugen-pk-ratings-fuer-die-wahl-der-vorsorgeeinrichtung\\\/\"]}]},{\"@type\":\"ImageObject\",\"inLanguage\":\"de-CH\",\"@id\":\"https:\\\/\\\/hub.hslu.ch\\\/ifz\\\/2019\\\/02\\\/12\\\/prof-dr-yvonne-seiler-zimmermann-was-taugen-pk-ratings-fuer-die-wahl-der-vorsorgeeinrichtung\\\/#primaryimage\",\"url\":\"https:\\\/\\\/hub.hslu.ch\\\/ifz\\\/wp-content\\\/blogs.dir\\\/165\\\/files\\\/sites\\\/6\\\/2015\\\/08\\\/hslu_fass_zg_lu_2015_mdb_012.jpg\",\"contentUrl\":\"https:\\\/\\\/hub.hslu.ch\\\/ifz\\\/wp-content\\\/blogs.dir\\\/165\\\/files\\\/sites\\\/6\\\/2015\\\/08\\\/hslu_fass_zg_lu_2015_mdb_012.jpg\",\"width\":1181,\"height\":788},{\"@type\":\"BreadcrumbList\",\"@id\":\"https:\\\/\\\/hub.hslu.ch\\\/ifz\\\/2019\\\/02\\\/12\\\/prof-dr-yvonne-seiler-zimmermann-was-taugen-pk-ratings-fuer-die-wahl-der-vorsorgeeinrichtung\\\/#breadcrumb\",\"itemListElement\":[{\"@type\":\"ListItem\",\"position\":1,\"name\":\"Home\",\"item\":\"https:\\\/\\\/hub.hslu.ch\\\/ifz\\\/2019\\\/02\\\/12\\\/prof-dr-yvonne-seiler-zimmermann-was-taugen-pk-ratings-fuer-die-wahl-der-vorsorgeeinrichtung\\\/\"},{\"@type\":\"ListItem\",\"position\":2,\"name\":\"Prof. Dr. Gabrielle Wanzenried: Jeder zehnte Haushalt verf\u00fcgt nach eigener Einsch\u00e4tzung \u00fcber zu viel Wohnfl\u00e4che\"}]},{\"@type\":\"WebSite\",\"@id\":\"https:\\\/\\\/hub.hslu.ch\\\/ifz\\\/#website\",\"url\":\"https:\\\/\\\/hub.hslu.ch\\\/ifz\\\/\",\"name\":\"IFZ Blog\",\"description\":\"News aus dem Institut f\u00fcr Finanzdienstleistungen Zug IFZ\",\"potentialAction\":[{\"@type\":\"SearchAction\",\"target\":{\"@type\":\"EntryPoint\",\"urlTemplate\":\"https:\\\/\\\/hub.hslu.ch\\\/ifz\\\/?s={search_term_string}\"},\"query-input\":{\"@type\":\"PropertyValueSpecification\",\"valueRequired\":true,\"valueName\":\"search_term_string\"}}],\"inLanguage\":\"de-CH\"},{\"@type\":\"Person\",\"@id\":\"\"}]}<\/script>\n<!-- \/ Yoast SEO plugin. -->","yoast_head_json":{"title":"Prof. Dr. Gabrielle Wanzenried: Jeder zehnte Haushalt verf\u00fcgt nach eigener Einsch\u00e4tzung \u00fcber zu viel Wohnfl\u00e4che - IFZ Blog","robots":{"index":"index","follow":"follow","max-snippet":"max-snippet:-1","max-image-preview":"max-image-preview:large","max-video-preview":"max-video-preview:-1"},"canonical":"https:\/\/hub.hslu.ch\/ifz\/2019\/02\/12\/prof-dr-yvonne-seiler-zimmermann-was-taugen-pk-ratings-fuer-die-wahl-der-vorsorgeeinrichtung\/","schema":{"@context":"https:\/\/schema.org","@graph":[{"@type":"Article","@id":"https:\/\/hub.hslu.ch\/ifz\/2019\/02\/12\/prof-dr-yvonne-seiler-zimmermann-was-taugen-pk-ratings-fuer-die-wahl-der-vorsorgeeinrichtung\/#article","isPartOf":{"@id":"https:\/\/hub.hslu.ch\/ifz\/2019\/02\/12\/prof-dr-yvonne-seiler-zimmermann-was-taugen-pk-ratings-fuer-die-wahl-der-vorsorgeeinrichtung\/"},"author":{"name":"","@id":""},"headline":"Prof. Dr. Gabrielle Wanzenried: Jeder zehnte Haushalt verf\u00fcgt nach eigener Einsch\u00e4tzung \u00fcber zu viel Wohnfl\u00e4che","datePublished":"2016-12-13T12:30:33+00:00","dateModified":"2026-02-11T13:52:40+00:00","mainEntityOfPage":{"@id":"https:\/\/hub.hslu.ch\/ifz\/2019\/02\/12\/prof-dr-yvonne-seiler-zimmermann-was-taugen-pk-ratings-fuer-die-wahl-der-vorsorgeeinrichtung\/"},"wordCount":303,"commentCount":0,"image":{"@id":"https:\/\/hub.hslu.ch\/ifz\/2019\/02\/12\/prof-dr-yvonne-seiler-zimmermann-was-taugen-pk-ratings-fuer-die-wahl-der-vorsorgeeinrichtung\/#primaryimage"},"thumbnailUrl":"https:\/\/hub.hslu.ch\/ifz\/wp-content\/blogs.dir\/165\/files\/sites\/6\/2015\/08\/hslu_fass_zg_lu_2015_mdb_012.jpg","articleSection":["Allgemeines","Forschung und Dienstleistung","IFZ in den Medien","Konferenzen","Real Estate \/ Immobilienmanagement","Seminare und Konferenzen","Studien"],"inLanguage":"de-CH","potentialAction":[{"@type":"CommentAction","name":"Comment","target":["https:\/\/hub.hslu.ch\/ifz\/2019\/02\/12\/prof-dr-yvonne-seiler-zimmermann-was-taugen-pk-ratings-fuer-die-wahl-der-vorsorgeeinrichtung\/#respond"]}]},{"@type":"WebPage","@id":"https:\/\/hub.hslu.ch\/ifz\/2019\/02\/12\/prof-dr-yvonne-seiler-zimmermann-was-taugen-pk-ratings-fuer-die-wahl-der-vorsorgeeinrichtung\/","url":"https:\/\/hub.hslu.ch\/ifz\/2019\/02\/12\/prof-dr-yvonne-seiler-zimmermann-was-taugen-pk-ratings-fuer-die-wahl-der-vorsorgeeinrichtung\/","name":"Prof. Dr. Gabrielle Wanzenried: Jeder zehnte Haushalt verf\u00fcgt nach eigener Einsch\u00e4tzung \u00fcber zu viel Wohnfl\u00e4che - IFZ Blog","isPartOf":{"@id":"https:\/\/hub.hslu.ch\/ifz\/#website"},"primaryImageOfPage":{"@id":"https:\/\/hub.hslu.ch\/ifz\/2019\/02\/12\/prof-dr-yvonne-seiler-zimmermann-was-taugen-pk-ratings-fuer-die-wahl-der-vorsorgeeinrichtung\/#primaryimage"},"image":{"@id":"https:\/\/hub.hslu.ch\/ifz\/2019\/02\/12\/prof-dr-yvonne-seiler-zimmermann-was-taugen-pk-ratings-fuer-die-wahl-der-vorsorgeeinrichtung\/#primaryimage"},"thumbnailUrl":"https:\/\/hub.hslu.ch\/ifz\/wp-content\/blogs.dir\/165\/files\/sites\/6\/2015\/08\/hslu_fass_zg_lu_2015_mdb_012.jpg","datePublished":"2016-12-13T12:30:33+00:00","dateModified":"2026-02-11T13:52:40+00:00","author":{"@id":""},"breadcrumb":{"@id":"https:\/\/hub.hslu.ch\/ifz\/2019\/02\/12\/prof-dr-yvonne-seiler-zimmermann-was-taugen-pk-ratings-fuer-die-wahl-der-vorsorgeeinrichtung\/#breadcrumb"},"inLanguage":"de-CH","potentialAction":[{"@type":"ReadAction","target":["https:\/\/hub.hslu.ch\/ifz\/2019\/02\/12\/prof-dr-yvonne-seiler-zimmermann-was-taugen-pk-ratings-fuer-die-wahl-der-vorsorgeeinrichtung\/"]}]},{"@type":"ImageObject","inLanguage":"de-CH","@id":"https:\/\/hub.hslu.ch\/ifz\/2019\/02\/12\/prof-dr-yvonne-seiler-zimmermann-was-taugen-pk-ratings-fuer-die-wahl-der-vorsorgeeinrichtung\/#primaryimage","url":"https:\/\/hub.hslu.ch\/ifz\/wp-content\/blogs.dir\/165\/files\/sites\/6\/2015\/08\/hslu_fass_zg_lu_2015_mdb_012.jpg","contentUrl":"https:\/\/hub.hslu.ch\/ifz\/wp-content\/blogs.dir\/165\/files\/sites\/6\/2015\/08\/hslu_fass_zg_lu_2015_mdb_012.jpg","width":1181,"height":788},{"@type":"BreadcrumbList","@id":"https:\/\/hub.hslu.ch\/ifz\/2019\/02\/12\/prof-dr-yvonne-seiler-zimmermann-was-taugen-pk-ratings-fuer-die-wahl-der-vorsorgeeinrichtung\/#breadcrumb","itemListElement":[{"@type":"ListItem","position":1,"name":"Home","item":"https:\/\/hub.hslu.ch\/ifz\/2019\/02\/12\/prof-dr-yvonne-seiler-zimmermann-was-taugen-pk-ratings-fuer-die-wahl-der-vorsorgeeinrichtung\/"},{"@type":"ListItem","position":2,"name":"Prof. Dr. Gabrielle Wanzenried: Jeder zehnte Haushalt verf\u00fcgt nach eigener Einsch\u00e4tzung \u00fcber zu viel Wohnfl\u00e4che"}]},{"@type":"WebSite","@id":"https:\/\/hub.hslu.ch\/ifz\/#website","url":"https:\/\/hub.hslu.ch\/ifz\/","name":"IFZ Blog","description":"News aus dem Institut f\u00fcr Finanzdienstleistungen Zug IFZ","potentialAction":[{"@type":"SearchAction","target":{"@type":"EntryPoint","urlTemplate":"https:\/\/hub.hslu.ch\/ifz\/?s={search_term_string}"},"query-input":{"@type":"PropertyValueSpecification","valueRequired":true,"valueName":"search_term_string"}}],"inLanguage":"de-CH"},{"@type":"Person","@id":""}]}},"featured_image_src":"https:\/\/hub.hslu.ch\/ifz\/wp-content\/blogs.dir\/165\/files\/sites\/6\/2015\/08\/hslu_fass_zg_lu_2015_mdb_012.jpg","featured_image_src_square":"https:\/\/hub.hslu.ch\/ifz\/wp-content\/blogs.dir\/165\/files\/sites\/6\/2015\/08\/hslu_fass_zg_lu_2015_mdb_012.jpg","author_info":{"display_name":"","author_link":"https:\/\/hub.hslu.ch\/ifz\/author\/"},"_links":{"self":[{"href":"https:\/\/hub.hslu.ch\/ifz\/wp-json\/wp\/v2\/posts\/15980","targetHints":{"allow":["GET"]}}],"collection":[{"href":"https:\/\/hub.hslu.ch\/ifz\/wp-json\/wp\/v2\/posts"}],"about":[{"href":"https:\/\/hub.hslu.ch\/ifz\/wp-json\/wp\/v2\/types\/post"}],"author":[{"embeddable":true,"href":"https:\/\/hub.hslu.ch\/ifz\/wp-json\/wp\/v2\/users\/257"}],"replies":[{"embeddable":true,"href":"https:\/\/hub.hslu.ch\/ifz\/wp-json\/wp\/v2\/comments?post=15980"}],"version-history":[{"count":7,"href":"https:\/\/hub.hslu.ch\/ifz\/wp-json\/wp\/v2\/posts\/15980\/revisions"}],"predecessor-version":[{"id":20969,"href":"https:\/\/hub.hslu.ch\/ifz\/wp-json\/wp\/v2\/posts\/15980\/revisions\/20969"}],"wp:featuredmedia":[{"embeddable":true,"href":"https:\/\/hub.hslu.ch\/ifz\/wp-json\/wp\/v2\/media\/14408"}],"wp:attachment":[{"href":"https:\/\/hub.hslu.ch\/ifz\/wp-json\/wp\/v2\/media?parent=15980"}],"wp:term":[{"taxonomy":"category","embeddable":true,"href":"https:\/\/hub.hslu.ch\/ifz\/wp-json\/wp\/v2\/categories?post=15980"},{"taxonomy":"post_tag","embeddable":true,"href":"https:\/\/hub.hslu.ch\/ifz\/wp-json\/wp\/v2\/tags?post=15980"}],"curies":[{"name":"wp","href":"https:\/\/api.w.org\/{rel}","templated":true}]}}