{"id":16012,"date":"2017-01-10T13:30:32","date_gmt":"2017-01-10T12:30:32","guid":{"rendered":"https:\/\/hub.hslu.ch\/ifz\/?p=16012"},"modified":"2020-05-20T14:11:44","modified_gmt":"2020-05-20T12:11:44","slug":"philippe-oster-ifz-vermoegensverwalter-guide-2017","status":"publish","type":"post","link":"https:\/\/hub.hslu.ch\/ifz\/2017\/01\/10\/philippe-oster-ifz-vermoegensverwalter-guide-2017\/","title":{"rendered":"Philippe Oster: IFZ Verm\u00f6gensverwalter Guide 2017"},"content":{"rendered":"<p><a href=\"https:\/\/hub.hslu.ch\/ifz\/wp-content\/blogs.dir\/165\/files\/sites\/6\/2016\/01\/Oster_Philippe.jpg\"><img loading=\"lazy\" decoding=\"async\" class=\"alignleft size-thumbnail wp-image-15048\" src=\"https:\/\/hub.hslu.ch\/ifz\/wp-content\/blogs.dir\/165\/files\/sites\/6\/2016\/01\/Oster_Philippe-112x150.jpg\" alt=\"\" width=\"112\" height=\"150\" \/><\/a><\/p>\n<p>&nbsp;<\/p>\n<p>&nbsp;<\/p>\n<p>&nbsp;<\/p>\n<p>von<em>\u00a0<\/em><span style=\"color: #333399\"><a style=\"color: #333399\" href=\"https:\/\/www.hslu.ch\/de-ch\/hochschule-luzern\/ueber-uns\/personensuche\/profile\/?pid=1872\" target=\"_blank\" rel=\"noopener noreferrer\">Philippe Oster<\/a><\/span>, Senior Wissenschaftlicher Mitarbeiter\u00a0im\u00a0<span style=\"color: #333399\"><a style=\"color: #333399\" href=\"https:\/\/www.hslu.ch\/ifz\" target=\"_blank\" rel=\"noopener noreferrer\">Institut f\u00fcr Finanzdienstleistungen Zug IFZ<\/a><\/span><\/p>\n<p><strong>Ausgangslage und Motivation<\/strong><br \/>\nF\u00fcr Schweizer Verm\u00f6gensverwalter wird es immer aufw\u00e4ndiger herauszufinden, welche Depotbank welche Services f\u00fcr welche Zielm\u00e4rkte erbringt. Dies gilt auch f\u00fcr die damit verbundenen Konditionen f\u00fcr den Verm\u00f6gensverwalter selber, aber auch f\u00fcr deren Endkunden sind. Gleichzeitig entwickelt sich in der Schweiz eine schlagkr\u00e4ftige Zulieferindustrie rund um das Gesch\u00e4ft mit externen Verm\u00f6gensverwaltern, wo spezialisierte Anbieter kompetitive L\u00f6sungen f\u00fcr die Branche bereithalten.<\/p>\n<p><strong>Das Projekt<\/strong><br \/>\nIm Sinne einer Situationsanalyse erarbeitet das Institut f\u00fcr Finanzdienstleistungen Zug IFZ der Hochschule Luzern \u2013 Wirtschaft erstmalig den <strong>IFZ Verm\u00f6gensverwalter Guide<\/strong>. Er hat zum Ziel, wesentliche Eckdaten von am Markt offerierten Leistungen im dynamischen Umfeld der externen Verm\u00f6gensverwalter kompakt wiederzugeben.<\/p>\n<p><strong>Teilnahmem\u00f6glichkeit f\u00fcr Depotbanken und Zulieferer<\/strong><br \/>\nDie Datenerhebung erfolgt mittels strukturiertem Fragebogen sowohl f\u00fcr Verm\u00f6gensverwalter Desks von Schweizer Depotbanken sowie auch eines spezifischen Fragebogens f\u00fcr die hiesige Zulieferindustrie.<\/p>\n<p>Der Teilnahmeschluss wurde per Ende Februar 2017 festgelegt. Das Projekt wird mit inhaltlicher Unterst\u00fctzung des Branchenverbandes VQF Academy durchgef\u00fchrt. <span style=\"color: #333399\"><a style=\"color: #333399\" href=\"https:\/\/www.hslu.ch\/de-ch\/hochschule-luzern\/forschung\/projekte\/detail\/?pid=3610\" target=\"_blank\" rel=\"noopener noreferrer\">Hier<\/a><\/span> geht es zum Fragebogen.<\/p>\n<p>Interessante Forschungsthemen, Veranstaltung und Weiterbildungen zum Thema externe Verm\u00f6gensverwalter:<\/p>\n<p><span style=\"color: #333399\"><a style=\"color: #333399\" href=\"https:\/\/www.hslu.ch\/de-ch\/hochschule-luzern\/forschung\/projekte\/detail\/?pid=3610\">Verm\u00f6gensverwalter Guide 2017<\/a><\/span><br \/>\n<span style=\"color: #333399\"><a style=\"color: #333399\" href=\"https:\/\/www.hslu.ch\/de-ch\/wirtschaft\/agenda\/veranstaltungen\/2017\/06\/29\/ifz-konferenz-schweizer-vermoegensverwalter\/\">Konferenz Schweizer Verm\u00f6gensverwalter<\/a><\/span><br \/>\n<a href=\"https:\/\/www.hslu.ch\/de-ch\/wirtschaft\/weiterbildung\/weiterbildungskurse\/ifz\/vermoegensverwalter\/\" target=\"_blank\" rel=\"noopener noreferrer\"><span style=\"color: #333399\">Fachkurs Verm\u00f6gensverwalter<\/span> <\/a><\/p>\n","protected":false},"excerpt":{"rendered":"<p>&nbsp; &nbsp; &nbsp; von\u00a0Philippe Oster, Senior Wissenschaftlicher Mitarbeiter\u00a0im\u00a0Institut f\u00fcr Finanzdienstleistungen Zug IFZ Ausgangslage und Motivation F\u00fcr Schweizer Verm\u00f6gensverwalter wird es immer aufw\u00e4ndiger herauszufinden, welche Depotbank welche Services f\u00fcr welche Zielm\u00e4rkte erbringt. Dies gilt auch f\u00fcr die damit verbundenen Konditionen f\u00fcr den Verm\u00f6gensverwalter selber, aber auch f\u00fcr deren Endkunden sind. Gleichzeitig entwickelt sich in der Schweiz<\/p>\n","protected":false},"author":257,"featured_media":15148,"comment_status":"open","ping_status":"closed","sticky":false,"template":"","format":"standard","meta":{"_acf_changed":false,"inline_featured_image":false,"_relevanssi_hide_post":"","_relevanssi_hide_content":"","_relevanssi_pin_for_all":"","_relevanssi_pin_keywords":"","_relevanssi_unpin_keywords":"","_relevanssi_related_keywords":"","_relevanssi_related_include_ids":"","_relevanssi_related_exclude_ids":"","_relevanssi_related_no_append":"","_relevanssi_related_not_related":"","_relevanssi_related_posts":"","_relevanssi_noindex_reason":"","footnotes":"","_links_to":"","_links_to_target":""},"categories":[406,146,854975,802,110748],"tags":[],"class_list":["post-16012","post","type-post","status-publish","format-standard","has-post-thumbnail","hentry","category-allgemeines","category-forschung","category-ifz-in-den-medien","category-umfrage","category-vermoegensverwaltung"],"acf":[],"yoast_head":"<!-- This site is optimized with the Yoast SEO plugin v27.5 - https:\/\/yoast.com\/product\/yoast-seo-wordpress\/ -->\n<title>Philippe Oster: IFZ Verm\u00f6gensverwalter Guide 2017 - IFZ Blog<\/title>\n<meta name=\"robots\" content=\"index, follow, max-snippet:-1, max-image-preview:large, max-video-preview:-1\" \/>\n<link rel=\"canonical\" href=\"https:\/\/hub.hslu.ch\/ifz\/2019\/02\/12\/prof-dr-yvonne-seiler-zimmermann-was-taugen-pk-ratings-fuer-die-wahl-der-vorsorgeeinrichtung\/\" \/>\n<script type=\"application\/ld+json\" class=\"yoast-schema-graph\">{\"@context\":\"https:\\\/\\\/schema.org\",\"@graph\":[{\"@type\":\"Article\",\"@id\":\"https:\\\/\\\/hub.hslu.ch\\\/ifz\\\/2019\\\/02\\\/12\\\/prof-dr-yvonne-seiler-zimmermann-was-taugen-pk-ratings-fuer-die-wahl-der-vorsorgeeinrichtung\\\/#article\",\"isPartOf\":{\"@id\":\"https:\\\/\\\/hub.hslu.ch\\\/ifz\\\/2019\\\/02\\\/12\\\/prof-dr-yvonne-seiler-zimmermann-was-taugen-pk-ratings-fuer-die-wahl-der-vorsorgeeinrichtung\\\/\"},\"author\":{\"name\":\"\",\"@id\":\"\"},\"headline\":\"Philippe Oster: IFZ Verm\u00f6gensverwalter Guide 2017\",\"datePublished\":\"2017-01-10T12:30:32+00:00\",\"dateModified\":\"2020-05-20T12:11:44+00:00\",\"mainEntityOfPage\":{\"@id\":\"https:\\\/\\\/hub.hslu.ch\\\/ifz\\\/2019\\\/02\\\/12\\\/prof-dr-yvonne-seiler-zimmermann-was-taugen-pk-ratings-fuer-die-wahl-der-vorsorgeeinrichtung\\\/\"},\"wordCount\":219,\"commentCount\":0,\"image\":{\"@id\":\"https:\\\/\\\/hub.hslu.ch\\\/ifz\\\/2019\\\/02\\\/12\\\/prof-dr-yvonne-seiler-zimmermann-was-taugen-pk-ratings-fuer-die-wahl-der-vorsorgeeinrichtung\\\/#primaryimage\"},\"thumbnailUrl\":\"https:\\\/\\\/hub.hslu.ch\\\/ifz\\\/wp-content\\\/blogs.dir\\\/165\\\/files\\\/sites\\\/6\\\/2016\\\/02\\\/IFZ-Blog_Online-Umfrage_Winzenried-Gabrielle.jpg\",\"articleSection\":[\"Allgemeines\",\"Forschung und Dienstleistung\",\"IFZ in den Medien\",\"Umfrage\",\"Verm\u00f6gensverwaltung\"],\"inLanguage\":\"de-CH\",\"potentialAction\":[{\"@type\":\"CommentAction\",\"name\":\"Comment\",\"target\":[\"https:\\\/\\\/hub.hslu.ch\\\/ifz\\\/2019\\\/02\\\/12\\\/prof-dr-yvonne-seiler-zimmermann-was-taugen-pk-ratings-fuer-die-wahl-der-vorsorgeeinrichtung\\\/#respond\"]}]},{\"@type\":\"WebPage\",\"@id\":\"https:\\\/\\\/hub.hslu.ch\\\/ifz\\\/2019\\\/02\\\/12\\\/prof-dr-yvonne-seiler-zimmermann-was-taugen-pk-ratings-fuer-die-wahl-der-vorsorgeeinrichtung\\\/\",\"url\":\"https:\\\/\\\/hub.hslu.ch\\\/ifz\\\/2019\\\/02\\\/12\\\/prof-dr-yvonne-seiler-zimmermann-was-taugen-pk-ratings-fuer-die-wahl-der-vorsorgeeinrichtung\\\/\",\"name\":\"Philippe Oster: IFZ Verm\u00f6gensverwalter Guide 2017 - IFZ Blog\",\"isPartOf\":{\"@id\":\"https:\\\/\\\/hub.hslu.ch\\\/ifz\\\/#website\"},\"primaryImageOfPage\":{\"@id\":\"https:\\\/\\\/hub.hslu.ch\\\/ifz\\\/2019\\\/02\\\/12\\\/prof-dr-yvonne-seiler-zimmermann-was-taugen-pk-ratings-fuer-die-wahl-der-vorsorgeeinrichtung\\\/#primaryimage\"},\"image\":{\"@id\":\"https:\\\/\\\/hub.hslu.ch\\\/ifz\\\/2019\\\/02\\\/12\\\/prof-dr-yvonne-seiler-zimmermann-was-taugen-pk-ratings-fuer-die-wahl-der-vorsorgeeinrichtung\\\/#primaryimage\"},\"thumbnailUrl\":\"https:\\\/\\\/hub.hslu.ch\\\/ifz\\\/wp-content\\\/blogs.dir\\\/165\\\/files\\\/sites\\\/6\\\/2016\\\/02\\\/IFZ-Blog_Online-Umfrage_Winzenried-Gabrielle.jpg\",\"datePublished\":\"2017-01-10T12:30:32+00:00\",\"dateModified\":\"2020-05-20T12:11:44+00:00\",\"author\":{\"@id\":\"\"},\"breadcrumb\":{\"@id\":\"https:\\\/\\\/hub.hslu.ch\\\/ifz\\\/2019\\\/02\\\/12\\\/prof-dr-yvonne-seiler-zimmermann-was-taugen-pk-ratings-fuer-die-wahl-der-vorsorgeeinrichtung\\\/#breadcrumb\"},\"inLanguage\":\"de-CH\",\"potentialAction\":[{\"@type\":\"ReadAction\",\"target\":[\"https:\\\/\\\/hub.hslu.ch\\\/ifz\\\/2019\\\/02\\\/12\\\/prof-dr-yvonne-seiler-zimmermann-was-taugen-pk-ratings-fuer-die-wahl-der-vorsorgeeinrichtung\\\/\"]}]},{\"@type\":\"ImageObject\",\"inLanguage\":\"de-CH\",\"@id\":\"https:\\\/\\\/hub.hslu.ch\\\/ifz\\\/2019\\\/02\\\/12\\\/prof-dr-yvonne-seiler-zimmermann-was-taugen-pk-ratings-fuer-die-wahl-der-vorsorgeeinrichtung\\\/#primaryimage\",\"url\":\"https:\\\/\\\/hub.hslu.ch\\\/ifz\\\/wp-content\\\/blogs.dir\\\/165\\\/files\\\/sites\\\/6\\\/2016\\\/02\\\/IFZ-Blog_Online-Umfrage_Winzenried-Gabrielle.jpg\",\"contentUrl\":\"https:\\\/\\\/hub.hslu.ch\\\/ifz\\\/wp-content\\\/blogs.dir\\\/165\\\/files\\\/sites\\\/6\\\/2016\\\/02\\\/IFZ-Blog_Online-Umfrage_Winzenried-Gabrielle.jpg\",\"width\":702,\"height\":336},{\"@type\":\"BreadcrumbList\",\"@id\":\"https:\\\/\\\/hub.hslu.ch\\\/ifz\\\/2019\\\/02\\\/12\\\/prof-dr-yvonne-seiler-zimmermann-was-taugen-pk-ratings-fuer-die-wahl-der-vorsorgeeinrichtung\\\/#breadcrumb\",\"itemListElement\":[{\"@type\":\"ListItem\",\"position\":1,\"name\":\"Home\",\"item\":\"https:\\\/\\\/hub.hslu.ch\\\/ifz\\\/2019\\\/02\\\/12\\\/prof-dr-yvonne-seiler-zimmermann-was-taugen-pk-ratings-fuer-die-wahl-der-vorsorgeeinrichtung\\\/\"},{\"@type\":\"ListItem\",\"position\":2,\"name\":\"Philippe Oster: IFZ Verm\u00f6gensverwalter Guide 2017\"}]},{\"@type\":\"WebSite\",\"@id\":\"https:\\\/\\\/hub.hslu.ch\\\/ifz\\\/#website\",\"url\":\"https:\\\/\\\/hub.hslu.ch\\\/ifz\\\/\",\"name\":\"IFZ Blog\",\"description\":\"News aus dem Institut f\u00fcr Finanzdienstleistungen Zug IFZ\",\"potentialAction\":[{\"@type\":\"SearchAction\",\"target\":{\"@type\":\"EntryPoint\",\"urlTemplate\":\"https:\\\/\\\/hub.hslu.ch\\\/ifz\\\/?s={search_term_string}\"},\"query-input\":{\"@type\":\"PropertyValueSpecification\",\"valueRequired\":true,\"valueName\":\"search_term_string\"}}],\"inLanguage\":\"de-CH\"},{\"@type\":\"Person\",\"@id\":\"\"}]}<\/script>\n<!-- \/ Yoast SEO plugin. -->","yoast_head_json":{"title":"Philippe Oster: IFZ Verm\u00f6gensverwalter Guide 2017 - IFZ Blog","robots":{"index":"index","follow":"follow","max-snippet":"max-snippet:-1","max-image-preview":"max-image-preview:large","max-video-preview":"max-video-preview:-1"},"canonical":"https:\/\/hub.hslu.ch\/ifz\/2019\/02\/12\/prof-dr-yvonne-seiler-zimmermann-was-taugen-pk-ratings-fuer-die-wahl-der-vorsorgeeinrichtung\/","schema":{"@context":"https:\/\/schema.org","@graph":[{"@type":"Article","@id":"https:\/\/hub.hslu.ch\/ifz\/2019\/02\/12\/prof-dr-yvonne-seiler-zimmermann-was-taugen-pk-ratings-fuer-die-wahl-der-vorsorgeeinrichtung\/#article","isPartOf":{"@id":"https:\/\/hub.hslu.ch\/ifz\/2019\/02\/12\/prof-dr-yvonne-seiler-zimmermann-was-taugen-pk-ratings-fuer-die-wahl-der-vorsorgeeinrichtung\/"},"author":{"name":"","@id":""},"headline":"Philippe Oster: IFZ Verm\u00f6gensverwalter Guide 2017","datePublished":"2017-01-10T12:30:32+00:00","dateModified":"2020-05-20T12:11:44+00:00","mainEntityOfPage":{"@id":"https:\/\/hub.hslu.ch\/ifz\/2019\/02\/12\/prof-dr-yvonne-seiler-zimmermann-was-taugen-pk-ratings-fuer-die-wahl-der-vorsorgeeinrichtung\/"},"wordCount":219,"commentCount":0,"image":{"@id":"https:\/\/hub.hslu.ch\/ifz\/2019\/02\/12\/prof-dr-yvonne-seiler-zimmermann-was-taugen-pk-ratings-fuer-die-wahl-der-vorsorgeeinrichtung\/#primaryimage"},"thumbnailUrl":"https:\/\/hub.hslu.ch\/ifz\/wp-content\/blogs.dir\/165\/files\/sites\/6\/2016\/02\/IFZ-Blog_Online-Umfrage_Winzenried-Gabrielle.jpg","articleSection":["Allgemeines","Forschung und Dienstleistung","IFZ in den Medien","Umfrage","Verm\u00f6gensverwaltung"],"inLanguage":"de-CH","potentialAction":[{"@type":"CommentAction","name":"Comment","target":["https:\/\/hub.hslu.ch\/ifz\/2019\/02\/12\/prof-dr-yvonne-seiler-zimmermann-was-taugen-pk-ratings-fuer-die-wahl-der-vorsorgeeinrichtung\/#respond"]}]},{"@type":"WebPage","@id":"https:\/\/hub.hslu.ch\/ifz\/2019\/02\/12\/prof-dr-yvonne-seiler-zimmermann-was-taugen-pk-ratings-fuer-die-wahl-der-vorsorgeeinrichtung\/","url":"https:\/\/hub.hslu.ch\/ifz\/2019\/02\/12\/prof-dr-yvonne-seiler-zimmermann-was-taugen-pk-ratings-fuer-die-wahl-der-vorsorgeeinrichtung\/","name":"Philippe Oster: IFZ Verm\u00f6gensverwalter Guide 2017 - IFZ Blog","isPartOf":{"@id":"https:\/\/hub.hslu.ch\/ifz\/#website"},"primaryImageOfPage":{"@id":"https:\/\/hub.hslu.ch\/ifz\/2019\/02\/12\/prof-dr-yvonne-seiler-zimmermann-was-taugen-pk-ratings-fuer-die-wahl-der-vorsorgeeinrichtung\/#primaryimage"},"image":{"@id":"https:\/\/hub.hslu.ch\/ifz\/2019\/02\/12\/prof-dr-yvonne-seiler-zimmermann-was-taugen-pk-ratings-fuer-die-wahl-der-vorsorgeeinrichtung\/#primaryimage"},"thumbnailUrl":"https:\/\/hub.hslu.ch\/ifz\/wp-content\/blogs.dir\/165\/files\/sites\/6\/2016\/02\/IFZ-Blog_Online-Umfrage_Winzenried-Gabrielle.jpg","datePublished":"2017-01-10T12:30:32+00:00","dateModified":"2020-05-20T12:11:44+00:00","author":{"@id":""},"breadcrumb":{"@id":"https:\/\/hub.hslu.ch\/ifz\/2019\/02\/12\/prof-dr-yvonne-seiler-zimmermann-was-taugen-pk-ratings-fuer-die-wahl-der-vorsorgeeinrichtung\/#breadcrumb"},"inLanguage":"de-CH","potentialAction":[{"@type":"ReadAction","target":["https:\/\/hub.hslu.ch\/ifz\/2019\/02\/12\/prof-dr-yvonne-seiler-zimmermann-was-taugen-pk-ratings-fuer-die-wahl-der-vorsorgeeinrichtung\/"]}]},{"@type":"ImageObject","inLanguage":"de-CH","@id":"https:\/\/hub.hslu.ch\/ifz\/2019\/02\/12\/prof-dr-yvonne-seiler-zimmermann-was-taugen-pk-ratings-fuer-die-wahl-der-vorsorgeeinrichtung\/#primaryimage","url":"https:\/\/hub.hslu.ch\/ifz\/wp-content\/blogs.dir\/165\/files\/sites\/6\/2016\/02\/IFZ-Blog_Online-Umfrage_Winzenried-Gabrielle.jpg","contentUrl":"https:\/\/hub.hslu.ch\/ifz\/wp-content\/blogs.dir\/165\/files\/sites\/6\/2016\/02\/IFZ-Blog_Online-Umfrage_Winzenried-Gabrielle.jpg","width":702,"height":336},{"@type":"BreadcrumbList","@id":"https:\/\/hub.hslu.ch\/ifz\/2019\/02\/12\/prof-dr-yvonne-seiler-zimmermann-was-taugen-pk-ratings-fuer-die-wahl-der-vorsorgeeinrichtung\/#breadcrumb","itemListElement":[{"@type":"ListItem","position":1,"name":"Home","item":"https:\/\/hub.hslu.ch\/ifz\/2019\/02\/12\/prof-dr-yvonne-seiler-zimmermann-was-taugen-pk-ratings-fuer-die-wahl-der-vorsorgeeinrichtung\/"},{"@type":"ListItem","position":2,"name":"Philippe Oster: IFZ Verm\u00f6gensverwalter Guide 2017"}]},{"@type":"WebSite","@id":"https:\/\/hub.hslu.ch\/ifz\/#website","url":"https:\/\/hub.hslu.ch\/ifz\/","name":"IFZ Blog","description":"News aus dem Institut f\u00fcr Finanzdienstleistungen Zug IFZ","potentialAction":[{"@type":"SearchAction","target":{"@type":"EntryPoint","urlTemplate":"https:\/\/hub.hslu.ch\/ifz\/?s={search_term_string}"},"query-input":{"@type":"PropertyValueSpecification","valueRequired":true,"valueName":"search_term_string"}}],"inLanguage":"de-CH"},{"@type":"Person","@id":""}]}},"featured_image_src":"https:\/\/hub.hslu.ch\/ifz\/wp-content\/blogs.dir\/165\/files\/sites\/6\/2016\/02\/IFZ-Blog_Online-Umfrage_Winzenried-Gabrielle.jpg","featured_image_src_square":"https:\/\/hub.hslu.ch\/ifz\/wp-content\/blogs.dir\/165\/files\/sites\/6\/2016\/02\/IFZ-Blog_Online-Umfrage_Winzenried-Gabrielle.jpg","author_info":{"display_name":"","author_link":"https:\/\/hub.hslu.ch\/ifz\/author\/"},"_links":{"self":[{"href":"https:\/\/hub.hslu.ch\/ifz\/wp-json\/wp\/v2\/posts\/16012","targetHints":{"allow":["GET"]}}],"collection":[{"href":"https:\/\/hub.hslu.ch\/ifz\/wp-json\/wp\/v2\/posts"}],"about":[{"href":"https:\/\/hub.hslu.ch\/ifz\/wp-json\/wp\/v2\/types\/post"}],"author":[{"embeddable":true,"href":"https:\/\/hub.hslu.ch\/ifz\/wp-json\/wp\/v2\/users\/257"}],"replies":[{"embeddable":true,"href":"https:\/\/hub.hslu.ch\/ifz\/wp-json\/wp\/v2\/comments?post=16012"}],"version-history":[{"count":5,"href":"https:\/\/hub.hslu.ch\/ifz\/wp-json\/wp\/v2\/posts\/16012\/revisions"}],"predecessor-version":[{"id":18524,"href":"https:\/\/hub.hslu.ch\/ifz\/wp-json\/wp\/v2\/posts\/16012\/revisions\/18524"}],"wp:featuredmedia":[{"embeddable":true,"href":"https:\/\/hub.hslu.ch\/ifz\/wp-json\/wp\/v2\/media\/15148"}],"wp:attachment":[{"href":"https:\/\/hub.hslu.ch\/ifz\/wp-json\/wp\/v2\/media?parent=16012"}],"wp:term":[{"taxonomy":"category","embeddable":true,"href":"https:\/\/hub.hslu.ch\/ifz\/wp-json\/wp\/v2\/categories?post=16012"},{"taxonomy":"post_tag","embeddable":true,"href":"https:\/\/hub.hslu.ch\/ifz\/wp-json\/wp\/v2\/tags?post=16012"}],"curies":[{"name":"wp","href":"https:\/\/api.w.org\/{rel}","templated":true}]}}