{"id":16020,"date":"2017-01-17T13:30:34","date_gmt":"2017-01-17T12:30:34","guid":{"rendered":"https:\/\/hub.hslu.ch\/ifz\/?p=16020"},"modified":"2026-02-11T14:52:40","modified_gmt":"2026-02-11T13:52:40","slug":"prof-dr-philipp-luetolf-schwieriges-marktumfeld-fuer-bergbahnen","status":"publish","type":"post","link":"https:\/\/hub.hslu.ch\/ifz\/2017\/01\/17\/prof-dr-philipp-luetolf-schwieriges-marktumfeld-fuer-bergbahnen\/","title":{"rendered":"Prof. Dr. Philipp L\u00fctolf: Schwieriges Marktumfeld f\u00fcr Bergbahnen"},"content":{"rendered":"<p><a href=\"https:\/\/hub.hslu.ch\/ifz\/wp-content\/blogs.dir\/165\/files\/sites\/6\/2015\/09\/Luetolf_Phlipp_Blog_IFZ.jpg\"><img loading=\"lazy\" decoding=\"async\" class=\"alignleft size-thumbnail wp-image-14441\" src=\"https:\/\/hub.hslu.ch\/ifz\/wp-content\/blogs.dir\/165\/files\/sites\/6\/2015\/09\/Luetolf_Phlipp_Blog_IFZ-112x150.jpg\" alt=\"\" width=\"112\" height=\"150\" \/><\/a><\/p>\n<p><span style=\"color: #333399;\"><a style=\"color: #333399;\" href=\"https:\/\/www.hslu.ch\/de-ch\/hochschule-luzern\/ueber-uns\/personensuche\/profile\/?pid=524\" target=\"_blank\" rel=\"noopener noreferrer\">Prof. Dr. Philipp L\u00fctolf<\/a><\/span>, Dozent und Studienleiter im <span style=\"color: #333399;\"><a style=\"color: #333399;\" href=\"http:\/\/www.hslu.ch\/ifz\" target=\"_blank\" rel=\"noopener noreferrer\">Institut f\u00fcr Finanzdienstleistungen Zug IFZ<\/a><\/span><\/p>\n<p>Prof. Dr. Philipp L\u00fctolf im Interview\u00a0mit der Tagesschau auf <span style=\"color: #000000;\">SRF 1. <\/span><a href=\"http:\/\/www.srf.ch\/play\/tv\/tagesschau\/video\/spaeter-schnee?id=92fd9e3c-8a78-44cf-a19f-476271167644\" target=\"_blank\" rel=\"noopener noreferrer\"><span style=\"color: #333399;\">Hier<\/span><\/a> geht es zum ausf\u00fchrlichen Beitrag und Interview:\u00a0 &#171;Der Schneefall in den Skigebieten kommt sp\u00e4t&#187;.<\/p>\n<p>Mehr Informationen zur Entwicklung der Bergbahnen in der Schweiz erfahren Sie in der\u00a0<span style=\"color: #333399;\"><strong><a style=\"color: #333399;\" href=\"https:\/\/hub.hslu.ch\/ifz\/wp-content\/blogs.dir\/165\/files\/sites\/6\/2017\/01\/Hochschule-Luzern_Wirtschaft_Branchenanalyse_Bergbahnen_L\u00fctolf-Philipp.pdf\">Studie<\/a><\/strong><\/span> von Prof. Dr. Philipp\u00a0L\u00fctolf: <strong>&#171;Branchenanalyse Bergbahnen &#8211; Die Luft im Wintersportgesch\u00e4ft wird immer d\u00fcnner.&#187;<\/strong><\/p>\n<p><strong>IFZ-Seminare 2017:<\/strong><br \/>\n<span style=\"color: #333399;\"><strong><a style=\"color: #333399;\" href=\"https:\/\/www.hslu.ch\/de-ch\/wirtschaft\/weiterbildung\/seminare\/ifz\/finanzmanagement-von-bergbahnen\/\" target=\"_blank\" rel=\"noopener noreferrer\">Seminar\u00a0Finanzmanagement f\u00fcr Bergbahnen &#8211; 15.\u00a0Mai 2017<\/a><\/strong><\/span><br \/>\n<strong><span style=\"color: #333399;\"><a style=\"color: #333399;\" href=\"https:\/\/www.hslu.ch\/de-ch\/wirtschaft\/weiterbildung\/seminare\/ifz\/verwaltungsrat-von-bergbahnen\/\" target=\"_blank\" rel=\"noopener noreferrer\">Seminar Verwaltungsrat f\u00fcr Bergbahnen &#8211; 14. Juni 2017<\/a><\/span><\/strong><\/p>\n","protected":false},"excerpt":{"rendered":"<p>Endlich Schnee &#8211; trotz allem ist die Situation der Bergbahnen in der Schweiz nach wie vor schwierig. Die Hochschule Luzern &#8211; Wirtschaft hat im Auftrag der Berner Nebenwerteb\u00f6rse 44 von \u00fcber 70 gelisteten\u00a0Bergbahnfirmen untersucht. Die 44 untersuchten Bergbahnen machen 85 Prozent des Branchenumsatzes aus. Mehr als die H\u00e4lfte der Betriebe verlor in den letzten 10 Jahren 15 Prozent\u00a0an Transporteinnahmen, ein Drittel sogar mehr als 20 Prozent. Den ausf\u00fchrlichen\u00a0Artikel im Tages Anzeiger finden Sie hier.<\/p>\n","protected":false},"author":257,"featured_media":14428,"comment_status":"open","ping_status":"closed","sticky":false,"template":"","format":"standard","meta":{"_acf_changed":false,"inline_featured_image":false,"_relevanssi_hide_post":"","_relevanssi_hide_content":"","_relevanssi_pin_for_all":"","_relevanssi_pin_keywords":"","_relevanssi_unpin_keywords":"","_relevanssi_related_keywords":"","_relevanssi_related_include_ids":"","_relevanssi_related_exclude_ids":"","_relevanssi_related_no_append":"","_relevanssi_related_not_related":"","_relevanssi_related_posts":"","_relevanssi_noindex_reason":"","footnotes":"","_links_to":"","_links_to_target":""},"categories":[406,146,854975,1468,4241],"tags":[],"class_list":["post-16020","post","type-post","status-publish","format-standard","has-post-thumbnail","hentry","category-allgemeines","category-forschung","category-ifz-in-den-medien","category-seminare","category-studien"],"acf":[],"yoast_head":"<!-- This site is optimized with the Yoast SEO plugin v27.5 - https:\/\/yoast.com\/product\/yoast-seo-wordpress\/ -->\n<title>Prof. Dr. Philipp L\u00fctolf: Schwieriges Marktumfeld f\u00fcr Bergbahnen - IFZ Blog<\/title>\n<meta name=\"robots\" content=\"index, follow, max-snippet:-1, max-image-preview:large, max-video-preview:-1\" \/>\n<link rel=\"canonical\" href=\"https:\/\/hub.hslu.ch\/ifz\/2019\/02\/12\/prof-dr-yvonne-seiler-zimmermann-was-taugen-pk-ratings-fuer-die-wahl-der-vorsorgeeinrichtung\/\" \/>\n<script type=\"application\/ld+json\" class=\"yoast-schema-graph\">{\"@context\":\"https:\\\/\\\/schema.org\",\"@graph\":[{\"@type\":\"Article\",\"@id\":\"https:\\\/\\\/hub.hslu.ch\\\/ifz\\\/2019\\\/02\\\/12\\\/prof-dr-yvonne-seiler-zimmermann-was-taugen-pk-ratings-fuer-die-wahl-der-vorsorgeeinrichtung\\\/#article\",\"isPartOf\":{\"@id\":\"https:\\\/\\\/hub.hslu.ch\\\/ifz\\\/2019\\\/02\\\/12\\\/prof-dr-yvonne-seiler-zimmermann-was-taugen-pk-ratings-fuer-die-wahl-der-vorsorgeeinrichtung\\\/\"},\"author\":{\"name\":\"\",\"@id\":\"\"},\"headline\":\"Prof. Dr. Philipp L\u00fctolf: Schwieriges Marktumfeld f\u00fcr Bergbahnen\",\"datePublished\":\"2017-01-17T12:30:34+00:00\",\"dateModified\":\"2026-02-11T13:52:40+00:00\",\"mainEntityOfPage\":{\"@id\":\"https:\\\/\\\/hub.hslu.ch\\\/ifz\\\/2019\\\/02\\\/12\\\/prof-dr-yvonne-seiler-zimmermann-was-taugen-pk-ratings-fuer-die-wahl-der-vorsorgeeinrichtung\\\/\"},\"wordCount\":101,\"commentCount\":0,\"image\":{\"@id\":\"https:\\\/\\\/hub.hslu.ch\\\/ifz\\\/2019\\\/02\\\/12\\\/prof-dr-yvonne-seiler-zimmermann-was-taugen-pk-ratings-fuer-die-wahl-der-vorsorgeeinrichtung\\\/#primaryimage\"},\"thumbnailUrl\":\"https:\\\/\\\/hub.hslu.ch\\\/ifz\\\/wp-content\\\/blogs.dir\\\/165\\\/files\\\/sites\\\/6\\\/2015\\\/09\\\/IFZ-Blog-Pedergnana_Maurice_150903.jpg\",\"articleSection\":[\"Allgemeines\",\"Forschung und Dienstleistung\",\"IFZ in den Medien\",\"Seminare und Konferenzen\",\"Studien\"],\"inLanguage\":\"de-CH\",\"potentialAction\":[{\"@type\":\"CommentAction\",\"name\":\"Comment\",\"target\":[\"https:\\\/\\\/hub.hslu.ch\\\/ifz\\\/2019\\\/02\\\/12\\\/prof-dr-yvonne-seiler-zimmermann-was-taugen-pk-ratings-fuer-die-wahl-der-vorsorgeeinrichtung\\\/#respond\"]}]},{\"@type\":\"WebPage\",\"@id\":\"https:\\\/\\\/hub.hslu.ch\\\/ifz\\\/2019\\\/02\\\/12\\\/prof-dr-yvonne-seiler-zimmermann-was-taugen-pk-ratings-fuer-die-wahl-der-vorsorgeeinrichtung\\\/\",\"url\":\"https:\\\/\\\/hub.hslu.ch\\\/ifz\\\/2019\\\/02\\\/12\\\/prof-dr-yvonne-seiler-zimmermann-was-taugen-pk-ratings-fuer-die-wahl-der-vorsorgeeinrichtung\\\/\",\"name\":\"Prof. Dr. Philipp L\u00fctolf: Schwieriges Marktumfeld f\u00fcr Bergbahnen - IFZ Blog\",\"isPartOf\":{\"@id\":\"https:\\\/\\\/hub.hslu.ch\\\/ifz\\\/#website\"},\"primaryImageOfPage\":{\"@id\":\"https:\\\/\\\/hub.hslu.ch\\\/ifz\\\/2019\\\/02\\\/12\\\/prof-dr-yvonne-seiler-zimmermann-was-taugen-pk-ratings-fuer-die-wahl-der-vorsorgeeinrichtung\\\/#primaryimage\"},\"image\":{\"@id\":\"https:\\\/\\\/hub.hslu.ch\\\/ifz\\\/2019\\\/02\\\/12\\\/prof-dr-yvonne-seiler-zimmermann-was-taugen-pk-ratings-fuer-die-wahl-der-vorsorgeeinrichtung\\\/#primaryimage\"},\"thumbnailUrl\":\"https:\\\/\\\/hub.hslu.ch\\\/ifz\\\/wp-content\\\/blogs.dir\\\/165\\\/files\\\/sites\\\/6\\\/2015\\\/09\\\/IFZ-Blog-Pedergnana_Maurice_150903.jpg\",\"datePublished\":\"2017-01-17T12:30:34+00:00\",\"dateModified\":\"2026-02-11T13:52:40+00:00\",\"author\":{\"@id\":\"\"},\"breadcrumb\":{\"@id\":\"https:\\\/\\\/hub.hslu.ch\\\/ifz\\\/2019\\\/02\\\/12\\\/prof-dr-yvonne-seiler-zimmermann-was-taugen-pk-ratings-fuer-die-wahl-der-vorsorgeeinrichtung\\\/#breadcrumb\"},\"inLanguage\":\"de-CH\",\"potentialAction\":[{\"@type\":\"ReadAction\",\"target\":[\"https:\\\/\\\/hub.hslu.ch\\\/ifz\\\/2019\\\/02\\\/12\\\/prof-dr-yvonne-seiler-zimmermann-was-taugen-pk-ratings-fuer-die-wahl-der-vorsorgeeinrichtung\\\/\"]}]},{\"@type\":\"ImageObject\",\"inLanguage\":\"de-CH\",\"@id\":\"https:\\\/\\\/hub.hslu.ch\\\/ifz\\\/2019\\\/02\\\/12\\\/prof-dr-yvonne-seiler-zimmermann-was-taugen-pk-ratings-fuer-die-wahl-der-vorsorgeeinrichtung\\\/#primaryimage\",\"url\":\"https:\\\/\\\/hub.hslu.ch\\\/ifz\\\/wp-content\\\/blogs.dir\\\/165\\\/files\\\/sites\\\/6\\\/2015\\\/09\\\/IFZ-Blog-Pedergnana_Maurice_150903.jpg\",\"contentUrl\":\"https:\\\/\\\/hub.hslu.ch\\\/ifz\\\/wp-content\\\/blogs.dir\\\/165\\\/files\\\/sites\\\/6\\\/2015\\\/09\\\/IFZ-Blog-Pedergnana_Maurice_150903.jpg\",\"width\":702,\"height\":336},{\"@type\":\"BreadcrumbList\",\"@id\":\"https:\\\/\\\/hub.hslu.ch\\\/ifz\\\/2019\\\/02\\\/12\\\/prof-dr-yvonne-seiler-zimmermann-was-taugen-pk-ratings-fuer-die-wahl-der-vorsorgeeinrichtung\\\/#breadcrumb\",\"itemListElement\":[{\"@type\":\"ListItem\",\"position\":1,\"name\":\"Home\",\"item\":\"https:\\\/\\\/hub.hslu.ch\\\/ifz\\\/2019\\\/02\\\/12\\\/prof-dr-yvonne-seiler-zimmermann-was-taugen-pk-ratings-fuer-die-wahl-der-vorsorgeeinrichtung\\\/\"},{\"@type\":\"ListItem\",\"position\":2,\"name\":\"Prof. Dr. Philipp L\u00fctolf: Schwieriges Marktumfeld f\u00fcr Bergbahnen\"}]},{\"@type\":\"WebSite\",\"@id\":\"https:\\\/\\\/hub.hslu.ch\\\/ifz\\\/#website\",\"url\":\"https:\\\/\\\/hub.hslu.ch\\\/ifz\\\/\",\"name\":\"IFZ Blog\",\"description\":\"News aus dem Institut f\u00fcr Finanzdienstleistungen Zug IFZ\",\"potentialAction\":[{\"@type\":\"SearchAction\",\"target\":{\"@type\":\"EntryPoint\",\"urlTemplate\":\"https:\\\/\\\/hub.hslu.ch\\\/ifz\\\/?s={search_term_string}\"},\"query-input\":{\"@type\":\"PropertyValueSpecification\",\"valueRequired\":true,\"valueName\":\"search_term_string\"}}],\"inLanguage\":\"de-CH\"},{\"@type\":\"Person\",\"@id\":\"\"}]}<\/script>\n<!-- \/ Yoast SEO plugin. -->","yoast_head_json":{"title":"Prof. Dr. Philipp L\u00fctolf: Schwieriges Marktumfeld f\u00fcr Bergbahnen - IFZ Blog","robots":{"index":"index","follow":"follow","max-snippet":"max-snippet:-1","max-image-preview":"max-image-preview:large","max-video-preview":"max-video-preview:-1"},"canonical":"https:\/\/hub.hslu.ch\/ifz\/2019\/02\/12\/prof-dr-yvonne-seiler-zimmermann-was-taugen-pk-ratings-fuer-die-wahl-der-vorsorgeeinrichtung\/","schema":{"@context":"https:\/\/schema.org","@graph":[{"@type":"Article","@id":"https:\/\/hub.hslu.ch\/ifz\/2019\/02\/12\/prof-dr-yvonne-seiler-zimmermann-was-taugen-pk-ratings-fuer-die-wahl-der-vorsorgeeinrichtung\/#article","isPartOf":{"@id":"https:\/\/hub.hslu.ch\/ifz\/2019\/02\/12\/prof-dr-yvonne-seiler-zimmermann-was-taugen-pk-ratings-fuer-die-wahl-der-vorsorgeeinrichtung\/"},"author":{"name":"","@id":""},"headline":"Prof. Dr. Philipp L\u00fctolf: Schwieriges Marktumfeld f\u00fcr Bergbahnen","datePublished":"2017-01-17T12:30:34+00:00","dateModified":"2026-02-11T13:52:40+00:00","mainEntityOfPage":{"@id":"https:\/\/hub.hslu.ch\/ifz\/2019\/02\/12\/prof-dr-yvonne-seiler-zimmermann-was-taugen-pk-ratings-fuer-die-wahl-der-vorsorgeeinrichtung\/"},"wordCount":101,"commentCount":0,"image":{"@id":"https:\/\/hub.hslu.ch\/ifz\/2019\/02\/12\/prof-dr-yvonne-seiler-zimmermann-was-taugen-pk-ratings-fuer-die-wahl-der-vorsorgeeinrichtung\/#primaryimage"},"thumbnailUrl":"https:\/\/hub.hslu.ch\/ifz\/wp-content\/blogs.dir\/165\/files\/sites\/6\/2015\/09\/IFZ-Blog-Pedergnana_Maurice_150903.jpg","articleSection":["Allgemeines","Forschung und Dienstleistung","IFZ in den Medien","Seminare und Konferenzen","Studien"],"inLanguage":"de-CH","potentialAction":[{"@type":"CommentAction","name":"Comment","target":["https:\/\/hub.hslu.ch\/ifz\/2019\/02\/12\/prof-dr-yvonne-seiler-zimmermann-was-taugen-pk-ratings-fuer-die-wahl-der-vorsorgeeinrichtung\/#respond"]}]},{"@type":"WebPage","@id":"https:\/\/hub.hslu.ch\/ifz\/2019\/02\/12\/prof-dr-yvonne-seiler-zimmermann-was-taugen-pk-ratings-fuer-die-wahl-der-vorsorgeeinrichtung\/","url":"https:\/\/hub.hslu.ch\/ifz\/2019\/02\/12\/prof-dr-yvonne-seiler-zimmermann-was-taugen-pk-ratings-fuer-die-wahl-der-vorsorgeeinrichtung\/","name":"Prof. Dr. Philipp L\u00fctolf: Schwieriges Marktumfeld f\u00fcr Bergbahnen - IFZ Blog","isPartOf":{"@id":"https:\/\/hub.hslu.ch\/ifz\/#website"},"primaryImageOfPage":{"@id":"https:\/\/hub.hslu.ch\/ifz\/2019\/02\/12\/prof-dr-yvonne-seiler-zimmermann-was-taugen-pk-ratings-fuer-die-wahl-der-vorsorgeeinrichtung\/#primaryimage"},"image":{"@id":"https:\/\/hub.hslu.ch\/ifz\/2019\/02\/12\/prof-dr-yvonne-seiler-zimmermann-was-taugen-pk-ratings-fuer-die-wahl-der-vorsorgeeinrichtung\/#primaryimage"},"thumbnailUrl":"https:\/\/hub.hslu.ch\/ifz\/wp-content\/blogs.dir\/165\/files\/sites\/6\/2015\/09\/IFZ-Blog-Pedergnana_Maurice_150903.jpg","datePublished":"2017-01-17T12:30:34+00:00","dateModified":"2026-02-11T13:52:40+00:00","author":{"@id":""},"breadcrumb":{"@id":"https:\/\/hub.hslu.ch\/ifz\/2019\/02\/12\/prof-dr-yvonne-seiler-zimmermann-was-taugen-pk-ratings-fuer-die-wahl-der-vorsorgeeinrichtung\/#breadcrumb"},"inLanguage":"de-CH","potentialAction":[{"@type":"ReadAction","target":["https:\/\/hub.hslu.ch\/ifz\/2019\/02\/12\/prof-dr-yvonne-seiler-zimmermann-was-taugen-pk-ratings-fuer-die-wahl-der-vorsorgeeinrichtung\/"]}]},{"@type":"ImageObject","inLanguage":"de-CH","@id":"https:\/\/hub.hslu.ch\/ifz\/2019\/02\/12\/prof-dr-yvonne-seiler-zimmermann-was-taugen-pk-ratings-fuer-die-wahl-der-vorsorgeeinrichtung\/#primaryimage","url":"https:\/\/hub.hslu.ch\/ifz\/wp-content\/blogs.dir\/165\/files\/sites\/6\/2015\/09\/IFZ-Blog-Pedergnana_Maurice_150903.jpg","contentUrl":"https:\/\/hub.hslu.ch\/ifz\/wp-content\/blogs.dir\/165\/files\/sites\/6\/2015\/09\/IFZ-Blog-Pedergnana_Maurice_150903.jpg","width":702,"height":336},{"@type":"BreadcrumbList","@id":"https:\/\/hub.hslu.ch\/ifz\/2019\/02\/12\/prof-dr-yvonne-seiler-zimmermann-was-taugen-pk-ratings-fuer-die-wahl-der-vorsorgeeinrichtung\/#breadcrumb","itemListElement":[{"@type":"ListItem","position":1,"name":"Home","item":"https:\/\/hub.hslu.ch\/ifz\/2019\/02\/12\/prof-dr-yvonne-seiler-zimmermann-was-taugen-pk-ratings-fuer-die-wahl-der-vorsorgeeinrichtung\/"},{"@type":"ListItem","position":2,"name":"Prof. Dr. Philipp L\u00fctolf: Schwieriges Marktumfeld f\u00fcr Bergbahnen"}]},{"@type":"WebSite","@id":"https:\/\/hub.hslu.ch\/ifz\/#website","url":"https:\/\/hub.hslu.ch\/ifz\/","name":"IFZ Blog","description":"News aus dem Institut f\u00fcr Finanzdienstleistungen Zug IFZ","potentialAction":[{"@type":"SearchAction","target":{"@type":"EntryPoint","urlTemplate":"https:\/\/hub.hslu.ch\/ifz\/?s={search_term_string}"},"query-input":{"@type":"PropertyValueSpecification","valueRequired":true,"valueName":"search_term_string"}}],"inLanguage":"de-CH"},{"@type":"Person","@id":""}]}},"featured_image_src":"https:\/\/hub.hslu.ch\/ifz\/wp-content\/blogs.dir\/165\/files\/sites\/6\/2015\/09\/IFZ-Blog-Pedergnana_Maurice_150903.jpg","featured_image_src_square":"https:\/\/hub.hslu.ch\/ifz\/wp-content\/blogs.dir\/165\/files\/sites\/6\/2015\/09\/IFZ-Blog-Pedergnana_Maurice_150903.jpg","author_info":{"display_name":"","author_link":"https:\/\/hub.hslu.ch\/ifz\/author\/"},"_links":{"self":[{"href":"https:\/\/hub.hslu.ch\/ifz\/wp-json\/wp\/v2\/posts\/16020","targetHints":{"allow":["GET"]}}],"collection":[{"href":"https:\/\/hub.hslu.ch\/ifz\/wp-json\/wp\/v2\/posts"}],"about":[{"href":"https:\/\/hub.hslu.ch\/ifz\/wp-json\/wp\/v2\/types\/post"}],"author":[{"embeddable":true,"href":"https:\/\/hub.hslu.ch\/ifz\/wp-json\/wp\/v2\/users\/257"}],"replies":[{"embeddable":true,"href":"https:\/\/hub.hslu.ch\/ifz\/wp-json\/wp\/v2\/comments?post=16020"}],"version-history":[{"count":7,"href":"https:\/\/hub.hslu.ch\/ifz\/wp-json\/wp\/v2\/posts\/16020\/revisions"}],"predecessor-version":[{"id":20970,"href":"https:\/\/hub.hslu.ch\/ifz\/wp-json\/wp\/v2\/posts\/16020\/revisions\/20970"}],"wp:featuredmedia":[{"embeddable":true,"href":"https:\/\/hub.hslu.ch\/ifz\/wp-json\/wp\/v2\/media\/14428"}],"wp:attachment":[{"href":"https:\/\/hub.hslu.ch\/ifz\/wp-json\/wp\/v2\/media?parent=16020"}],"wp:term":[{"taxonomy":"category","embeddable":true,"href":"https:\/\/hub.hslu.ch\/ifz\/wp-json\/wp\/v2\/categories?post=16020"},{"taxonomy":"post_tag","embeddable":true,"href":"https:\/\/hub.hslu.ch\/ifz\/wp-json\/wp\/v2\/tags?post=16020"}],"curies":[{"name":"wp","href":"https:\/\/api.w.org\/{rel}","templated":true}]}}