{"id":16112,"date":"2017-02-07T13:30:24","date_gmt":"2017-02-07T12:30:24","guid":{"rendered":"https:\/\/hub.hslu.ch\/ifz\/?p=16112"},"modified":"2020-05-20T14:54:26","modified_gmt":"2020-05-20T12:54:26","slug":"dr-anina-hille-von-der-gleichstellung-zu-diversity","status":"publish","type":"post","link":"https:\/\/hub.hslu.ch\/ifz\/2017\/02\/07\/dr-anina-hille-von-der-gleichstellung-zu-diversity\/","title":{"rendered":"Dr. Anina Hille: Von der Gleichstellung zu Diversity"},"content":{"rendered":"<p><a href=\"https:\/\/hub.hslu.ch\/ifz\/wp-content\/blogs.dir\/165\/files\/sites\/6\/2017\/02\/Hille_Anina.jpg\"><img loading=\"lazy\" decoding=\"async\" class=\"alignleft size-full wp-image-16111\" src=\"https:\/\/hub.hslu.ch\/ifz\/wp-content\/blogs.dir\/165\/files\/sites\/6\/2017\/02\/Hille_Anina.jpg\" alt=\"\" width=\"150\" height=\"150\" \/><\/a><\/p>\n<p>&nbsp;<\/p>\n<p>&nbsp;<\/p>\n<p>&nbsp;<\/p>\n<p>von <span style=\"color: #333399\"><a style=\"color: #333399\" href=\"https:\/\/www.hslu.ch\/de-ch\/hochschule-luzern\/ueber-uns\/personensuche\/profile\/?pid=3416\" target=\"_blank\" rel=\"noopener noreferrer\">Dr. Anina Hille,<\/a> <\/span>Dozentin im <span style=\"color: #333399\"><a style=\"color: #333399\" href=\"http:\/\/www.hslu.ch\/ifz\" target=\"_blank\" rel=\"noopener noreferrer\">Institut f\u00fcr Finanzdienstleistungen Z<\/a><a style=\"color: #333399\" href=\"http:\/\/www.hslu.ch\/ifz\" target=\"_blank\" rel=\"noopener noreferrer\">ug IFZ<\/a><\/span><\/p>\n<p><strong>Dritte Durchf\u00fchrung des Diversity Index der Hochschule Luzern &#8211; Wirtschaft<\/strong><\/p>\n<p>Bereits zum dritten Mal hat die Hochschule Luzern &#8211; Wirtschaft eine Umfrage zum Diversity Index durchgef\u00fchrt. Unternehmen jeder Art und Gr\u00f6sse sind heute mit Diversity konfrontiert. Gerade, aber bei weitem nicht nur, wird der Umgang in global t\u00e4tigen Unternehmen mit dieser Vielfalt ein immer zentraleres Thema. Zunehmend best\u00e4tigen Studien, dass die Umsetzung von Diversity &amp; Inclusion Management zu einem besseren und nachhaltigeren Gesch\u00e4ftserfolg beitr\u00e4gt, indem die Innovation, Kreativit\u00e4t und Probleml\u00f6sungsf\u00e4higkeit eines Unternehmens unterst\u00fctzt und gef\u00f6rdert werden.<\/p>\n<p>&#171;Noch 962 Jahre bis zur Gleichstellung&#187; &#8211; dies der Titel der Ausgabe der NZZ am Sonntag vom 2006. Die Resultate der\u00a0Umfrage\u00a0zeigen leider, dass es nicht\u00a0schneller vorw\u00e4rtsgeht in Zukunft. Gem\u00e4ss Untersuchungen liegt der Frauenanteil in Gesch\u00e4ftsleitungen der untersuchten Grossunternehmungen durchschnittlich nicht \u00fcber 10 Prozent. Wenn es Frauen bis an die Spitze schaffen, dann meist ohne Kinder &#8211; im Gegensatz zu M\u00e4nnern. Nur ein Viertel der Frauen in Gesch\u00e4ftsleitungspositionen haben Kinder. Projektleiterin Diversity Management, <a href=\"https:\/\/www.hslu.ch\/de-ch\/hochschule-luzern\/ueber-uns\/personensuche\/profile\/?pid=3416\" target=\"_blank\" rel=\"noopener noreferrer\"><span style=\"color: #333399\">Dr. Anina Hille<\/span><\/a>, sagt: \u00abBei Jobs ohne F\u00fchrungsfunktion ist die Situation noch \u00e4hnlich. Der M\u00fctteranteil nimmt aber sprunghaft ab mit h\u00f6herer Hierarchiestufe. Aufgrund der Umfrageergebnisse m\u00fcssen wir annehmen, dass die Firmen nach wie vor einen beachtlichen Frauenanteil durch die Mutterschaft verlieren. Ein Jahr nach einer Mutterschaft arbeiten im Schnitt nur noch 57% der Frauen im gleichen Unternehmen. Die Mehrheit der R\u00fcckkehrerinnen arbeitet also auch nach einem Jahr noch.\u00bb <span style=\"color: #333399\"><a style=\"color: #333399\" href=\"https:\/\/www.hslu.ch\/de-ch\/hochschule-luzern\/ueber-uns\/personensuche\/profile\/?pid=739\" target=\"_blank\" rel=\"noopener noreferrer\">Prof. Dr. Yvonne Seiler Zimmermann<\/a>,<\/span> Dozentin im IFZ\u00a0und ebenfalls beteiligt am Projekt Diversity Index\u00a0meint: \u00abEs scheint, dass Frauen noch immer vor der Wahl stehen: Familie oder Karriere. Besonders entt\u00e4uschend ist dies, weil verschiedene Firmen in den letzten Jahren viel in die Vereinbarkeit von Karriere und Familie gesteckt haben.\u00bb Den ausf\u00fchrlichen Beitrag in der NZZ am Sonntag vom 5. Februar 2017 finden Sie <span style=\"color: #333399\"><a style=\"color: #333399\" href=\"https:\/\/hub.hslu.ch\/ifz\/wp-content\/blogs.dir\/165\/files\/sites\/6\/2017\/02\/NZZ-am-Sonntag_Diversity_Index_170205.pdf\">hier<\/a><\/span>.<\/p>\n<p>Der Diversity-Index zeichnet jene Firmen aus, die Diversit\u00e4t besonders f\u00f6rdern. 37 Unternehmen haben an der Onlineumfrage teilgenommen, die folgenden Firmen haben am besten abgeschnitten:<\/p>\n<ol>\n<li>Credit Suisse<\/li>\n<li>AXA Winterthur<\/li>\n<li>Paul Scherrer Institut<\/li>\n<li>IKEA AG<\/li>\n<li>Skyguide<\/li>\n<\/ol>\n<p>\u00abSomit ist Diversity insbesondere dann erfolgreich, wenn sie aktiv gelebt und insbesondere auch von der Unternehmensf\u00fchrung als wichtiges Thema taxiert und entsprechend umgesetzt wird\u00bb, sagt Anina Hille, Projektleiterin Diversity Management der Hochschule Luzern. Der n\u00e4chste Diversity Index wird im Mai 2018 erhoben.<\/p>\n<p>Weitere Informationen zum Thema Diversity Management finden Sie auf unsere <span style=\"color: #333399\"><a style=\"color: #333399\" href=\"https:\/\/www.hslu.ch\/de-ch\/hochschule-luzern\/ueber-uns\/aktuelles\/2017\/02\/06\/unternehmen-bieten-vermehrt-flexible-arbeitszeitmodelle-an\/\" target=\"_blank\" rel=\"noopener noreferrer\">Website<\/a>\u00a0<span style=\"color: #333333\">sowie unter <a href=\"https:\/\/www.hslu.ch\/de-ch\/wirtschaft\/institute\/ifz\/kompetenzen\/womens-business-and-diversity-management\/diversity-management\/diversity-index\/3-diversity-index-ergebnisse\/\" target=\"_blank\" rel=\"noopener noreferrer\"><span style=\"color: #333399\">Diversity Management<\/span><\/a>.<\/span><\/span><\/p>\n","protected":false},"excerpt":{"rendered":"<p>&nbsp; &nbsp; &nbsp; von Dr. Anina Hille, Dozentin im Institut f\u00fcr Finanzdienstleistungen Zug IFZ Dritte Durchf\u00fchrung des Diversity Index der Hochschule Luzern &#8211; Wirtschaft Bereits zum dritten Mal hat die Hochschule Luzern &#8211; Wirtschaft eine Umfrage zum Diversity Index durchgef\u00fchrt. Unternehmen jeder Art und Gr\u00f6sse sind heute mit Diversity konfrontiert. Gerade, aber bei weitem nicht<\/p>\n","protected":false},"author":257,"featured_media":16119,"comment_status":"open","ping_status":"closed","sticky":false,"template":"","format":"standard","meta":{"_acf_changed":false,"inline_featured_image":false,"_relevanssi_hide_post":"","_relevanssi_hide_content":"","_relevanssi_pin_for_all":"","_relevanssi_pin_keywords":"","_relevanssi_unpin_keywords":"","_relevanssi_related_keywords":"","_relevanssi_related_include_ids":"","_relevanssi_related_exclude_ids":"","_relevanssi_related_no_append":"","_relevanssi_related_not_related":"","_relevanssi_related_posts":"","_relevanssi_noindex_reason":"","footnotes":"","_links_to":"","_links_to_target":""},"categories":[406,879,146,854975,802],"tags":[],"class_list":["post-16112","post","type-post","status-publish","format-standard","has-post-thumbnail","hentry","category-allgemeines","category-diversity","category-forschung","category-ifz-in-den-medien","category-umfrage"],"acf":[],"yoast_head":"<!-- This site is optimized with the Yoast SEO plugin v27.5 - https:\/\/yoast.com\/product\/yoast-seo-wordpress\/ -->\n<title>Dr. Anina Hille: Von der Gleichstellung zu Diversity - IFZ Blog<\/title>\n<meta name=\"robots\" content=\"index, follow, max-snippet:-1, max-image-preview:large, max-video-preview:-1\" \/>\n<link rel=\"canonical\" href=\"https:\/\/hub.hslu.ch\/ifz\/2019\/02\/12\/prof-dr-yvonne-seiler-zimmermann-was-taugen-pk-ratings-fuer-die-wahl-der-vorsorgeeinrichtung\/\" \/>\n<script type=\"application\/ld+json\" class=\"yoast-schema-graph\">{\"@context\":\"https:\\\/\\\/schema.org\",\"@graph\":[{\"@type\":\"Article\",\"@id\":\"https:\\\/\\\/hub.hslu.ch\\\/ifz\\\/2019\\\/02\\\/12\\\/prof-dr-yvonne-seiler-zimmermann-was-taugen-pk-ratings-fuer-die-wahl-der-vorsorgeeinrichtung\\\/#article\",\"isPartOf\":{\"@id\":\"https:\\\/\\\/hub.hslu.ch\\\/ifz\\\/2019\\\/02\\\/12\\\/prof-dr-yvonne-seiler-zimmermann-was-taugen-pk-ratings-fuer-die-wahl-der-vorsorgeeinrichtung\\\/\"},\"author\":{\"name\":\"\",\"@id\":\"\"},\"headline\":\"Dr. Anina Hille: Von der Gleichstellung zu Diversity\",\"datePublished\":\"2017-02-07T12:30:24+00:00\",\"dateModified\":\"2020-05-20T12:54:26+00:00\",\"mainEntityOfPage\":{\"@id\":\"https:\\\/\\\/hub.hslu.ch\\\/ifz\\\/2019\\\/02\\\/12\\\/prof-dr-yvonne-seiler-zimmermann-was-taugen-pk-ratings-fuer-die-wahl-der-vorsorgeeinrichtung\\\/\"},\"wordCount\":429,\"commentCount\":0,\"image\":{\"@id\":\"https:\\\/\\\/hub.hslu.ch\\\/ifz\\\/2019\\\/02\\\/12\\\/prof-dr-yvonne-seiler-zimmermann-was-taugen-pk-ratings-fuer-die-wahl-der-vorsorgeeinrichtung\\\/#primaryimage\"},\"thumbnailUrl\":\"https:\\\/\\\/hub.hslu.ch\\\/ifz\\\/wp-content\\\/blogs.dir\\\/165\\\/files\\\/sites\\\/6\\\/2017\\\/02\\\/w-ifz-Teaser-100-Diversity-Geschlecht.jpg\",\"articleSection\":[\"Allgemeines\",\"Diversity\",\"Forschung und Dienstleistung\",\"IFZ in den Medien\",\"Umfrage\"],\"inLanguage\":\"de-CH\",\"potentialAction\":[{\"@type\":\"CommentAction\",\"name\":\"Comment\",\"target\":[\"https:\\\/\\\/hub.hslu.ch\\\/ifz\\\/2019\\\/02\\\/12\\\/prof-dr-yvonne-seiler-zimmermann-was-taugen-pk-ratings-fuer-die-wahl-der-vorsorgeeinrichtung\\\/#respond\"]}]},{\"@type\":\"WebPage\",\"@id\":\"https:\\\/\\\/hub.hslu.ch\\\/ifz\\\/2019\\\/02\\\/12\\\/prof-dr-yvonne-seiler-zimmermann-was-taugen-pk-ratings-fuer-die-wahl-der-vorsorgeeinrichtung\\\/\",\"url\":\"https:\\\/\\\/hub.hslu.ch\\\/ifz\\\/2019\\\/02\\\/12\\\/prof-dr-yvonne-seiler-zimmermann-was-taugen-pk-ratings-fuer-die-wahl-der-vorsorgeeinrichtung\\\/\",\"name\":\"Dr. Anina Hille: Von der Gleichstellung zu Diversity - IFZ Blog\",\"isPartOf\":{\"@id\":\"https:\\\/\\\/hub.hslu.ch\\\/ifz\\\/#website\"},\"primaryImageOfPage\":{\"@id\":\"https:\\\/\\\/hub.hslu.ch\\\/ifz\\\/2019\\\/02\\\/12\\\/prof-dr-yvonne-seiler-zimmermann-was-taugen-pk-ratings-fuer-die-wahl-der-vorsorgeeinrichtung\\\/#primaryimage\"},\"image\":{\"@id\":\"https:\\\/\\\/hub.hslu.ch\\\/ifz\\\/2019\\\/02\\\/12\\\/prof-dr-yvonne-seiler-zimmermann-was-taugen-pk-ratings-fuer-die-wahl-der-vorsorgeeinrichtung\\\/#primaryimage\"},\"thumbnailUrl\":\"https:\\\/\\\/hub.hslu.ch\\\/ifz\\\/wp-content\\\/blogs.dir\\\/165\\\/files\\\/sites\\\/6\\\/2017\\\/02\\\/w-ifz-Teaser-100-Diversity-Geschlecht.jpg\",\"datePublished\":\"2017-02-07T12:30:24+00:00\",\"dateModified\":\"2020-05-20T12:54:26+00:00\",\"author\":{\"@id\":\"\"},\"breadcrumb\":{\"@id\":\"https:\\\/\\\/hub.hslu.ch\\\/ifz\\\/2019\\\/02\\\/12\\\/prof-dr-yvonne-seiler-zimmermann-was-taugen-pk-ratings-fuer-die-wahl-der-vorsorgeeinrichtung\\\/#breadcrumb\"},\"inLanguage\":\"de-CH\",\"potentialAction\":[{\"@type\":\"ReadAction\",\"target\":[\"https:\\\/\\\/hub.hslu.ch\\\/ifz\\\/2019\\\/02\\\/12\\\/prof-dr-yvonne-seiler-zimmermann-was-taugen-pk-ratings-fuer-die-wahl-der-vorsorgeeinrichtung\\\/\"]}]},{\"@type\":\"ImageObject\",\"inLanguage\":\"de-CH\",\"@id\":\"https:\\\/\\\/hub.hslu.ch\\\/ifz\\\/2019\\\/02\\\/12\\\/prof-dr-yvonne-seiler-zimmermann-was-taugen-pk-ratings-fuer-die-wahl-der-vorsorgeeinrichtung\\\/#primaryimage\",\"url\":\"https:\\\/\\\/hub.hslu.ch\\\/ifz\\\/wp-content\\\/blogs.dir\\\/165\\\/files\\\/sites\\\/6\\\/2017\\\/02\\\/w-ifz-Teaser-100-Diversity-Geschlecht.jpg\",\"contentUrl\":\"https:\\\/\\\/hub.hslu.ch\\\/ifz\\\/wp-content\\\/blogs.dir\\\/165\\\/files\\\/sites\\\/6\\\/2017\\\/02\\\/w-ifz-Teaser-100-Diversity-Geschlecht.jpg\",\"width\":782,\"height\":336},{\"@type\":\"BreadcrumbList\",\"@id\":\"https:\\\/\\\/hub.hslu.ch\\\/ifz\\\/2019\\\/02\\\/12\\\/prof-dr-yvonne-seiler-zimmermann-was-taugen-pk-ratings-fuer-die-wahl-der-vorsorgeeinrichtung\\\/#breadcrumb\",\"itemListElement\":[{\"@type\":\"ListItem\",\"position\":1,\"name\":\"Home\",\"item\":\"https:\\\/\\\/hub.hslu.ch\\\/ifz\\\/2019\\\/02\\\/12\\\/prof-dr-yvonne-seiler-zimmermann-was-taugen-pk-ratings-fuer-die-wahl-der-vorsorgeeinrichtung\\\/\"},{\"@type\":\"ListItem\",\"position\":2,\"name\":\"Dr. Anina Hille: Von der Gleichstellung zu Diversity\"}]},{\"@type\":\"WebSite\",\"@id\":\"https:\\\/\\\/hub.hslu.ch\\\/ifz\\\/#website\",\"url\":\"https:\\\/\\\/hub.hslu.ch\\\/ifz\\\/\",\"name\":\"IFZ Blog\",\"description\":\"News aus dem Institut f\u00fcr Finanzdienstleistungen Zug IFZ\",\"potentialAction\":[{\"@type\":\"SearchAction\",\"target\":{\"@type\":\"EntryPoint\",\"urlTemplate\":\"https:\\\/\\\/hub.hslu.ch\\\/ifz\\\/?s={search_term_string}\"},\"query-input\":{\"@type\":\"PropertyValueSpecification\",\"valueRequired\":true,\"valueName\":\"search_term_string\"}}],\"inLanguage\":\"de-CH\"},{\"@type\":\"Person\",\"@id\":\"\"}]}<\/script>\n<!-- \/ Yoast SEO plugin. -->","yoast_head_json":{"title":"Dr. Anina Hille: Von der Gleichstellung zu Diversity - IFZ Blog","robots":{"index":"index","follow":"follow","max-snippet":"max-snippet:-1","max-image-preview":"max-image-preview:large","max-video-preview":"max-video-preview:-1"},"canonical":"https:\/\/hub.hslu.ch\/ifz\/2019\/02\/12\/prof-dr-yvonne-seiler-zimmermann-was-taugen-pk-ratings-fuer-die-wahl-der-vorsorgeeinrichtung\/","schema":{"@context":"https:\/\/schema.org","@graph":[{"@type":"Article","@id":"https:\/\/hub.hslu.ch\/ifz\/2019\/02\/12\/prof-dr-yvonne-seiler-zimmermann-was-taugen-pk-ratings-fuer-die-wahl-der-vorsorgeeinrichtung\/#article","isPartOf":{"@id":"https:\/\/hub.hslu.ch\/ifz\/2019\/02\/12\/prof-dr-yvonne-seiler-zimmermann-was-taugen-pk-ratings-fuer-die-wahl-der-vorsorgeeinrichtung\/"},"author":{"name":"","@id":""},"headline":"Dr. Anina Hille: Von der Gleichstellung zu Diversity","datePublished":"2017-02-07T12:30:24+00:00","dateModified":"2020-05-20T12:54:26+00:00","mainEntityOfPage":{"@id":"https:\/\/hub.hslu.ch\/ifz\/2019\/02\/12\/prof-dr-yvonne-seiler-zimmermann-was-taugen-pk-ratings-fuer-die-wahl-der-vorsorgeeinrichtung\/"},"wordCount":429,"commentCount":0,"image":{"@id":"https:\/\/hub.hslu.ch\/ifz\/2019\/02\/12\/prof-dr-yvonne-seiler-zimmermann-was-taugen-pk-ratings-fuer-die-wahl-der-vorsorgeeinrichtung\/#primaryimage"},"thumbnailUrl":"https:\/\/hub.hslu.ch\/ifz\/wp-content\/blogs.dir\/165\/files\/sites\/6\/2017\/02\/w-ifz-Teaser-100-Diversity-Geschlecht.jpg","articleSection":["Allgemeines","Diversity","Forschung und Dienstleistung","IFZ in den Medien","Umfrage"],"inLanguage":"de-CH","potentialAction":[{"@type":"CommentAction","name":"Comment","target":["https:\/\/hub.hslu.ch\/ifz\/2019\/02\/12\/prof-dr-yvonne-seiler-zimmermann-was-taugen-pk-ratings-fuer-die-wahl-der-vorsorgeeinrichtung\/#respond"]}]},{"@type":"WebPage","@id":"https:\/\/hub.hslu.ch\/ifz\/2019\/02\/12\/prof-dr-yvonne-seiler-zimmermann-was-taugen-pk-ratings-fuer-die-wahl-der-vorsorgeeinrichtung\/","url":"https:\/\/hub.hslu.ch\/ifz\/2019\/02\/12\/prof-dr-yvonne-seiler-zimmermann-was-taugen-pk-ratings-fuer-die-wahl-der-vorsorgeeinrichtung\/","name":"Dr. Anina Hille: Von der Gleichstellung zu Diversity - IFZ Blog","isPartOf":{"@id":"https:\/\/hub.hslu.ch\/ifz\/#website"},"primaryImageOfPage":{"@id":"https:\/\/hub.hslu.ch\/ifz\/2019\/02\/12\/prof-dr-yvonne-seiler-zimmermann-was-taugen-pk-ratings-fuer-die-wahl-der-vorsorgeeinrichtung\/#primaryimage"},"image":{"@id":"https:\/\/hub.hslu.ch\/ifz\/2019\/02\/12\/prof-dr-yvonne-seiler-zimmermann-was-taugen-pk-ratings-fuer-die-wahl-der-vorsorgeeinrichtung\/#primaryimage"},"thumbnailUrl":"https:\/\/hub.hslu.ch\/ifz\/wp-content\/blogs.dir\/165\/files\/sites\/6\/2017\/02\/w-ifz-Teaser-100-Diversity-Geschlecht.jpg","datePublished":"2017-02-07T12:30:24+00:00","dateModified":"2020-05-20T12:54:26+00:00","author":{"@id":""},"breadcrumb":{"@id":"https:\/\/hub.hslu.ch\/ifz\/2019\/02\/12\/prof-dr-yvonne-seiler-zimmermann-was-taugen-pk-ratings-fuer-die-wahl-der-vorsorgeeinrichtung\/#breadcrumb"},"inLanguage":"de-CH","potentialAction":[{"@type":"ReadAction","target":["https:\/\/hub.hslu.ch\/ifz\/2019\/02\/12\/prof-dr-yvonne-seiler-zimmermann-was-taugen-pk-ratings-fuer-die-wahl-der-vorsorgeeinrichtung\/"]}]},{"@type":"ImageObject","inLanguage":"de-CH","@id":"https:\/\/hub.hslu.ch\/ifz\/2019\/02\/12\/prof-dr-yvonne-seiler-zimmermann-was-taugen-pk-ratings-fuer-die-wahl-der-vorsorgeeinrichtung\/#primaryimage","url":"https:\/\/hub.hslu.ch\/ifz\/wp-content\/blogs.dir\/165\/files\/sites\/6\/2017\/02\/w-ifz-Teaser-100-Diversity-Geschlecht.jpg","contentUrl":"https:\/\/hub.hslu.ch\/ifz\/wp-content\/blogs.dir\/165\/files\/sites\/6\/2017\/02\/w-ifz-Teaser-100-Diversity-Geschlecht.jpg","width":782,"height":336},{"@type":"BreadcrumbList","@id":"https:\/\/hub.hslu.ch\/ifz\/2019\/02\/12\/prof-dr-yvonne-seiler-zimmermann-was-taugen-pk-ratings-fuer-die-wahl-der-vorsorgeeinrichtung\/#breadcrumb","itemListElement":[{"@type":"ListItem","position":1,"name":"Home","item":"https:\/\/hub.hslu.ch\/ifz\/2019\/02\/12\/prof-dr-yvonne-seiler-zimmermann-was-taugen-pk-ratings-fuer-die-wahl-der-vorsorgeeinrichtung\/"},{"@type":"ListItem","position":2,"name":"Dr. Anina Hille: Von der Gleichstellung zu Diversity"}]},{"@type":"WebSite","@id":"https:\/\/hub.hslu.ch\/ifz\/#website","url":"https:\/\/hub.hslu.ch\/ifz\/","name":"IFZ Blog","description":"News aus dem Institut f\u00fcr Finanzdienstleistungen Zug IFZ","potentialAction":[{"@type":"SearchAction","target":{"@type":"EntryPoint","urlTemplate":"https:\/\/hub.hslu.ch\/ifz\/?s={search_term_string}"},"query-input":{"@type":"PropertyValueSpecification","valueRequired":true,"valueName":"search_term_string"}}],"inLanguage":"de-CH"},{"@type":"Person","@id":""}]}},"featured_image_src":"https:\/\/hub.hslu.ch\/ifz\/wp-content\/blogs.dir\/165\/files\/sites\/6\/2017\/02\/w-ifz-Teaser-100-Diversity-Geschlecht.jpg","featured_image_src_square":"https:\/\/hub.hslu.ch\/ifz\/wp-content\/blogs.dir\/165\/files\/sites\/6\/2017\/02\/w-ifz-Teaser-100-Diversity-Geschlecht.jpg","author_info":{"display_name":"","author_link":"https:\/\/hub.hslu.ch\/ifz\/author\/"},"_links":{"self":[{"href":"https:\/\/hub.hslu.ch\/ifz\/wp-json\/wp\/v2\/posts\/16112","targetHints":{"allow":["GET"]}}],"collection":[{"href":"https:\/\/hub.hslu.ch\/ifz\/wp-json\/wp\/v2\/posts"}],"about":[{"href":"https:\/\/hub.hslu.ch\/ifz\/wp-json\/wp\/v2\/types\/post"}],"author":[{"embeddable":true,"href":"https:\/\/hub.hslu.ch\/ifz\/wp-json\/wp\/v2\/users\/257"}],"replies":[{"embeddable":true,"href":"https:\/\/hub.hslu.ch\/ifz\/wp-json\/wp\/v2\/comments?post=16112"}],"version-history":[{"count":5,"href":"https:\/\/hub.hslu.ch\/ifz\/wp-json\/wp\/v2\/posts\/16112\/revisions"}],"predecessor-version":[{"id":18523,"href":"https:\/\/hub.hslu.ch\/ifz\/wp-json\/wp\/v2\/posts\/16112\/revisions\/18523"}],"wp:featuredmedia":[{"embeddable":true,"href":"https:\/\/hub.hslu.ch\/ifz\/wp-json\/wp\/v2\/media\/16119"}],"wp:attachment":[{"href":"https:\/\/hub.hslu.ch\/ifz\/wp-json\/wp\/v2\/media?parent=16112"}],"wp:term":[{"taxonomy":"category","embeddable":true,"href":"https:\/\/hub.hslu.ch\/ifz\/wp-json\/wp\/v2\/categories?post=16112"},{"taxonomy":"post_tag","embeddable":true,"href":"https:\/\/hub.hslu.ch\/ifz\/wp-json\/wp\/v2\/tags?post=16112"}],"curies":[{"name":"wp","href":"https:\/\/api.w.org\/{rel}","templated":true}]}}