{"id":16215,"date":"2017-03-07T13:30:36","date_gmt":"2017-03-07T12:30:36","guid":{"rendered":"https:\/\/hub.hslu.ch\/ifz\/?p=16215"},"modified":"2026-02-11T14:52:40","modified_gmt":"2026-02-11T13:52:40","slug":"26-kmu-forum-fachveranstaltungen-zum-thema-finanzielle-fuehrung-von-kmu","status":"publish","type":"post","link":"https:\/\/hub.hslu.ch\/ifz\/2017\/03\/07\/26-kmu-forum-fachveranstaltungen-zum-thema-finanzielle-fuehrung-von-kmu\/","title":{"rendered":"26. KMU Forum &#8211; Fachveranstaltungen zum Thema finanzielle F\u00fchrung von KMU"},"content":{"rendered":"<p>Im Anschluss an die Veranstaltung laden wir zum Ap\u00e9ro, um vertiefte Gespr\u00e4che zu f\u00fchren und neue Kontakte zu kn\u00fcpfen.<\/p>\n<p>Auch diesen Fr\u00fchling bietet das KMU-Forum wieder spannende Themen an den kostenlosen Abendveranstaltungen. Wir begr\u00fcssen Sie gerne an folgenden Daten:<\/p>\n<p><span style=\"color: #333399\"><a style=\"color: #333399\" href=\"https:\/\/www.hslu.ch\/de-ch\/wirtschaft\/agenda\/veranstaltungen\/2017\/03\/13\/kmu-forum-pensionskassen\/\" target=\"_blank\" rel=\"noopener noreferrer\"><strong>Pensionskassen &#8211; Herausforderungen f\u00fcr KMU<\/strong><\/a> &#8211; <span style=\"color: #333333\">Montag, 13. M\u00e4rz 2017<\/span><\/span><br \/>\n<span style=\"color: #333399\"><a style=\"color: #333399\" href=\"https:\/\/www.hslu.ch\/de-ch\/wirtschaft\/agenda\/veranstaltungen\/2017\/03\/20\/kmu-forum-nachfolge-bei-kmu-aus-verkaeufer-und-kaeufersicht-1\/\" target=\"_blank\" rel=\"noopener noreferrer\"><strong>Nachfolge bei KMU aus Verk\u00e4ufer- und K\u00e4uferperspektive<\/strong><\/a>&nbsp;&#8211; <span style=\"color: #333333\">Montag, 20. M\u00e4rz 2017<\/span><\/span><br \/>\n<span style=\"color: #333399\"><a style=\"color: #333399\" href=\"https:\/\/www.hslu.ch\/de-ch\/wirtschaft\/agenda\/veranstaltungen\/2017\/03\/27\/kmu-forum-grenzueberschreitende-arbeitsverhaeltnisse-schweiz-deutschland\/\" target=\"_blank\" rel=\"noopener noreferrer\"><strong>Grenz\u00fcberschreitende Arbeitsverh\u00e4ltnisse Schweiz &#8211; Deutschland &#8211; Stolpersteine in der Praxis<\/strong><\/a>&nbsp;&#8211;<span style=\"color: #333333\"> Montag, 27. M\u00e4rz 2017<\/span><\/span><\/p>\n<p><strong>Ort: Alle Veranstaltungen finden im Institut f\u00fcr Finanzdienstleistungen Zug IFZ, Grafenauweg 10, 6302 Zug, statt.<\/strong><br \/>\n<strong>Haben wir Ihr Interesse geweckt?<\/strong> Anmeldung an <span style=\"color: #333399\"><a style=\"color: #333399\" href=\"&#109;&#x61;&#x69;l&#116;&#x6f;:&#105;&#x66;z&#64;&#x68;s&#108;&#x75;&#x2e;&#99;&#x68;\" target=\"_blank\" rel=\"noopener noreferrer\"><strong>&#105;&#x66;z&#64;&#x68;&#115;&#x6c;u&#46;&#x63;h<\/strong> <\/a><\/span>Weitere Informationen finden Sie unter <span style=\"color: #333399\"><strong><a style=\"color: #333399\" href=\"https:\/\/www.hslu.ch\/de-ch\/wirtschaft\/agenda\/veranstaltungen\/kmu-forum\/\" target=\"_blank\" rel=\"noopener noreferrer\">www.hslu.ch\/ifz-kmu<\/a><\/strong><\/span><\/p>\n<p><a href=\"https:\/\/hub.hslu.ch\/ifz\/wp-content\/blogs.dir\/165\/files\/sites\/6\/2017\/03\/IFZ_KMU_Forum_2017.jpg\" rel=\" \"><img loading=\"lazy\" decoding=\"async\" class=\"alignleft wp-image-16224 size-full\" src=\"https:\/\/hub.hslu.ch\/ifz\/wp-content\/blogs.dir\/165\/files\/sites\/6\/2017\/03\/IFZ_KMU_Forum_2017.jpg\" alt=\"\" width=\"400\" height=\"300\" srcset=\"https:\/\/hub.hslu.ch\/ifz\/wp-content\/blogs.dir\/165\/files\/sites\/6\/2017\/03\/IFZ_KMU_Forum_2017.jpg 400w, https:\/\/hub.hslu.ch\/ifz\/wp-content\/blogs.dir\/165\/files\/sites\/6\/2017\/03\/IFZ_KMU_Forum_2017-300x225.jpg 300w\" sizes=\"auto, (max-width: 400px) 100vw, 400px\" \/><\/a><\/p>\n","protected":false},"excerpt":{"rendered":"<p>Das IFZ f\u00fchrt zusammen mit Wirtschaftsverb\u00e4nden zweimal j\u00e4hrlich Fachveranstaltungen durch, welche dem Thema der finanziellen F\u00fchrung von KMU gewidmet sind. Im Zentrum der Veranstaltungen stehen praktische Probleme, welche sich kleinen und mittleren Unternehmen stellen. Anhand von Beispielen aus der Praxis sollen typische Problemsituationen und L\u00f6sungsans\u00e4tze aufgezeigt werden.<\/p>\n","protected":false},"author":257,"featured_media":15562,"comment_status":"open","ping_status":"closed","sticky":false,"template":"","format":"standard","meta":{"_acf_changed":false,"inline_featured_image":false,"_relevanssi_hide_post":"","_relevanssi_hide_content":"","_relevanssi_pin_for_all":"","_relevanssi_pin_keywords":"","_relevanssi_unpin_keywords":"","_relevanssi_related_keywords":"","_relevanssi_related_include_ids":"","_relevanssi_related_exclude_ids":"","_relevanssi_related_no_append":"","_relevanssi_related_not_related":"","_relevanssi_related_posts":"","_relevanssi_noindex_reason":"","footnotes":"","_links_to":"","_links_to_target":""},"categories":[406,854975,905,1468],"tags":[],"class_list":["post-16215","post","type-post","status-publish","format-standard","has-post-thumbnail","hentry","category-allgemeines","category-ifz-in-den-medien","category-kmu-forum","category-seminare"],"acf":[],"yoast_head":"<!-- This site is optimized with the Yoast SEO plugin v27.5 - https:\/\/yoast.com\/product\/yoast-seo-wordpress\/ -->\n<title>26. KMU Forum - Fachveranstaltungen zum Thema finanzielle F\u00fchrung von KMU - IFZ Blog<\/title>\n<meta name=\"robots\" content=\"index, follow, max-snippet:-1, max-image-preview:large, max-video-preview:-1\" \/>\n<link rel=\"canonical\" href=\"https:\/\/hub.hslu.ch\/ifz\/2019\/02\/12\/prof-dr-yvonne-seiler-zimmermann-was-taugen-pk-ratings-fuer-die-wahl-der-vorsorgeeinrichtung\/\" \/>\n<script type=\"application\/ld+json\" class=\"yoast-schema-graph\">{\"@context\":\"https:\\\/\\\/schema.org\",\"@graph\":[{\"@type\":\"Article\",\"@id\":\"https:\\\/\\\/hub.hslu.ch\\\/ifz\\\/2019\\\/02\\\/12\\\/prof-dr-yvonne-seiler-zimmermann-was-taugen-pk-ratings-fuer-die-wahl-der-vorsorgeeinrichtung\\\/#article\",\"isPartOf\":{\"@id\":\"https:\\\/\\\/hub.hslu.ch\\\/ifz\\\/2019\\\/02\\\/12\\\/prof-dr-yvonne-seiler-zimmermann-was-taugen-pk-ratings-fuer-die-wahl-der-vorsorgeeinrichtung\\\/\"},\"author\":{\"name\":\"\",\"@id\":\"\"},\"headline\":\"26. KMU Forum &#8211; Fachveranstaltungen zum Thema finanzielle F\u00fchrung von KMU\",\"datePublished\":\"2017-03-07T12:30:36+00:00\",\"dateModified\":\"2026-02-11T13:52:40+00:00\",\"mainEntityOfPage\":{\"@id\":\"https:\\\/\\\/hub.hslu.ch\\\/ifz\\\/2019\\\/02\\\/12\\\/prof-dr-yvonne-seiler-zimmermann-was-taugen-pk-ratings-fuer-die-wahl-der-vorsorgeeinrichtung\\\/\"},\"wordCount\":130,\"commentCount\":0,\"image\":{\"@id\":\"https:\\\/\\\/hub.hslu.ch\\\/ifz\\\/2019\\\/02\\\/12\\\/prof-dr-yvonne-seiler-zimmermann-was-taugen-pk-ratings-fuer-die-wahl-der-vorsorgeeinrichtung\\\/#primaryimage\"},\"thumbnailUrl\":\"https:\\\/\\\/hub.hslu.ch\\\/ifz\\\/wp-content\\\/blogs.dir\\\/165\\\/files\\\/sites\\\/6\\\/2016\\\/06\\\/GV-Verein-IFZ-Apero-Wintergarten.jpg\",\"articleSection\":[\"Allgemeines\",\"IFZ in den Medien\",\"KMU Forum\",\"Seminare und Konferenzen\"],\"inLanguage\":\"de-CH\",\"potentialAction\":[{\"@type\":\"CommentAction\",\"name\":\"Comment\",\"target\":[\"https:\\\/\\\/hub.hslu.ch\\\/ifz\\\/2019\\\/02\\\/12\\\/prof-dr-yvonne-seiler-zimmermann-was-taugen-pk-ratings-fuer-die-wahl-der-vorsorgeeinrichtung\\\/#respond\"]}]},{\"@type\":\"WebPage\",\"@id\":\"https:\\\/\\\/hub.hslu.ch\\\/ifz\\\/2019\\\/02\\\/12\\\/prof-dr-yvonne-seiler-zimmermann-was-taugen-pk-ratings-fuer-die-wahl-der-vorsorgeeinrichtung\\\/\",\"url\":\"https:\\\/\\\/hub.hslu.ch\\\/ifz\\\/2019\\\/02\\\/12\\\/prof-dr-yvonne-seiler-zimmermann-was-taugen-pk-ratings-fuer-die-wahl-der-vorsorgeeinrichtung\\\/\",\"name\":\"26. KMU Forum - Fachveranstaltungen zum Thema finanzielle F\u00fchrung von KMU - IFZ Blog\",\"isPartOf\":{\"@id\":\"https:\\\/\\\/hub.hslu.ch\\\/ifz\\\/#website\"},\"primaryImageOfPage\":{\"@id\":\"https:\\\/\\\/hub.hslu.ch\\\/ifz\\\/2019\\\/02\\\/12\\\/prof-dr-yvonne-seiler-zimmermann-was-taugen-pk-ratings-fuer-die-wahl-der-vorsorgeeinrichtung\\\/#primaryimage\"},\"image\":{\"@id\":\"https:\\\/\\\/hub.hslu.ch\\\/ifz\\\/2019\\\/02\\\/12\\\/prof-dr-yvonne-seiler-zimmermann-was-taugen-pk-ratings-fuer-die-wahl-der-vorsorgeeinrichtung\\\/#primaryimage\"},\"thumbnailUrl\":\"https:\\\/\\\/hub.hslu.ch\\\/ifz\\\/wp-content\\\/blogs.dir\\\/165\\\/files\\\/sites\\\/6\\\/2016\\\/06\\\/GV-Verein-IFZ-Apero-Wintergarten.jpg\",\"datePublished\":\"2017-03-07T12:30:36+00:00\",\"dateModified\":\"2026-02-11T13:52:40+00:00\",\"author\":{\"@id\":\"\"},\"breadcrumb\":{\"@id\":\"https:\\\/\\\/hub.hslu.ch\\\/ifz\\\/2019\\\/02\\\/12\\\/prof-dr-yvonne-seiler-zimmermann-was-taugen-pk-ratings-fuer-die-wahl-der-vorsorgeeinrichtung\\\/#breadcrumb\"},\"inLanguage\":\"de-CH\",\"potentialAction\":[{\"@type\":\"ReadAction\",\"target\":[\"https:\\\/\\\/hub.hslu.ch\\\/ifz\\\/2019\\\/02\\\/12\\\/prof-dr-yvonne-seiler-zimmermann-was-taugen-pk-ratings-fuer-die-wahl-der-vorsorgeeinrichtung\\\/\"]}]},{\"@type\":\"ImageObject\",\"inLanguage\":\"de-CH\",\"@id\":\"https:\\\/\\\/hub.hslu.ch\\\/ifz\\\/2019\\\/02\\\/12\\\/prof-dr-yvonne-seiler-zimmermann-was-taugen-pk-ratings-fuer-die-wahl-der-vorsorgeeinrichtung\\\/#primaryimage\",\"url\":\"https:\\\/\\\/hub.hslu.ch\\\/ifz\\\/wp-content\\\/blogs.dir\\\/165\\\/files\\\/sites\\\/6\\\/2016\\\/06\\\/GV-Verein-IFZ-Apero-Wintergarten.jpg\",\"contentUrl\":\"https:\\\/\\\/hub.hslu.ch\\\/ifz\\\/wp-content\\\/blogs.dir\\\/165\\\/files\\\/sites\\\/6\\\/2016\\\/06\\\/GV-Verein-IFZ-Apero-Wintergarten.jpg\",\"width\":702,\"height\":332},{\"@type\":\"BreadcrumbList\",\"@id\":\"https:\\\/\\\/hub.hslu.ch\\\/ifz\\\/2019\\\/02\\\/12\\\/prof-dr-yvonne-seiler-zimmermann-was-taugen-pk-ratings-fuer-die-wahl-der-vorsorgeeinrichtung\\\/#breadcrumb\",\"itemListElement\":[{\"@type\":\"ListItem\",\"position\":1,\"name\":\"Home\",\"item\":\"https:\\\/\\\/hub.hslu.ch\\\/ifz\\\/2019\\\/02\\\/12\\\/prof-dr-yvonne-seiler-zimmermann-was-taugen-pk-ratings-fuer-die-wahl-der-vorsorgeeinrichtung\\\/\"},{\"@type\":\"ListItem\",\"position\":2,\"name\":\"26. KMU Forum &#8211; Fachveranstaltungen zum Thema finanzielle F\u00fchrung von KMU\"}]},{\"@type\":\"WebSite\",\"@id\":\"https:\\\/\\\/hub.hslu.ch\\\/ifz\\\/#website\",\"url\":\"https:\\\/\\\/hub.hslu.ch\\\/ifz\\\/\",\"name\":\"IFZ Blog\",\"description\":\"News aus dem Institut f\u00fcr Finanzdienstleistungen Zug IFZ\",\"potentialAction\":[{\"@type\":\"SearchAction\",\"target\":{\"@type\":\"EntryPoint\",\"urlTemplate\":\"https:\\\/\\\/hub.hslu.ch\\\/ifz\\\/?s={search_term_string}\"},\"query-input\":{\"@type\":\"PropertyValueSpecification\",\"valueRequired\":true,\"valueName\":\"search_term_string\"}}],\"inLanguage\":\"de-CH\"},{\"@type\":\"Person\",\"@id\":\"\"}]}<\/script>\n<!-- \/ Yoast SEO plugin. -->","yoast_head_json":{"title":"26. KMU Forum - Fachveranstaltungen zum Thema finanzielle F\u00fchrung von KMU - IFZ Blog","robots":{"index":"index","follow":"follow","max-snippet":"max-snippet:-1","max-image-preview":"max-image-preview:large","max-video-preview":"max-video-preview:-1"},"canonical":"https:\/\/hub.hslu.ch\/ifz\/2019\/02\/12\/prof-dr-yvonne-seiler-zimmermann-was-taugen-pk-ratings-fuer-die-wahl-der-vorsorgeeinrichtung\/","schema":{"@context":"https:\/\/schema.org","@graph":[{"@type":"Article","@id":"https:\/\/hub.hslu.ch\/ifz\/2019\/02\/12\/prof-dr-yvonne-seiler-zimmermann-was-taugen-pk-ratings-fuer-die-wahl-der-vorsorgeeinrichtung\/#article","isPartOf":{"@id":"https:\/\/hub.hslu.ch\/ifz\/2019\/02\/12\/prof-dr-yvonne-seiler-zimmermann-was-taugen-pk-ratings-fuer-die-wahl-der-vorsorgeeinrichtung\/"},"author":{"name":"","@id":""},"headline":"26. KMU Forum &#8211; Fachveranstaltungen zum Thema finanzielle F\u00fchrung von KMU","datePublished":"2017-03-07T12:30:36+00:00","dateModified":"2026-02-11T13:52:40+00:00","mainEntityOfPage":{"@id":"https:\/\/hub.hslu.ch\/ifz\/2019\/02\/12\/prof-dr-yvonne-seiler-zimmermann-was-taugen-pk-ratings-fuer-die-wahl-der-vorsorgeeinrichtung\/"},"wordCount":130,"commentCount":0,"image":{"@id":"https:\/\/hub.hslu.ch\/ifz\/2019\/02\/12\/prof-dr-yvonne-seiler-zimmermann-was-taugen-pk-ratings-fuer-die-wahl-der-vorsorgeeinrichtung\/#primaryimage"},"thumbnailUrl":"https:\/\/hub.hslu.ch\/ifz\/wp-content\/blogs.dir\/165\/files\/sites\/6\/2016\/06\/GV-Verein-IFZ-Apero-Wintergarten.jpg","articleSection":["Allgemeines","IFZ in den Medien","KMU Forum","Seminare und Konferenzen"],"inLanguage":"de-CH","potentialAction":[{"@type":"CommentAction","name":"Comment","target":["https:\/\/hub.hslu.ch\/ifz\/2019\/02\/12\/prof-dr-yvonne-seiler-zimmermann-was-taugen-pk-ratings-fuer-die-wahl-der-vorsorgeeinrichtung\/#respond"]}]},{"@type":"WebPage","@id":"https:\/\/hub.hslu.ch\/ifz\/2019\/02\/12\/prof-dr-yvonne-seiler-zimmermann-was-taugen-pk-ratings-fuer-die-wahl-der-vorsorgeeinrichtung\/","url":"https:\/\/hub.hslu.ch\/ifz\/2019\/02\/12\/prof-dr-yvonne-seiler-zimmermann-was-taugen-pk-ratings-fuer-die-wahl-der-vorsorgeeinrichtung\/","name":"26. KMU Forum - Fachveranstaltungen zum Thema finanzielle F\u00fchrung von KMU - IFZ Blog","isPartOf":{"@id":"https:\/\/hub.hslu.ch\/ifz\/#website"},"primaryImageOfPage":{"@id":"https:\/\/hub.hslu.ch\/ifz\/2019\/02\/12\/prof-dr-yvonne-seiler-zimmermann-was-taugen-pk-ratings-fuer-die-wahl-der-vorsorgeeinrichtung\/#primaryimage"},"image":{"@id":"https:\/\/hub.hslu.ch\/ifz\/2019\/02\/12\/prof-dr-yvonne-seiler-zimmermann-was-taugen-pk-ratings-fuer-die-wahl-der-vorsorgeeinrichtung\/#primaryimage"},"thumbnailUrl":"https:\/\/hub.hslu.ch\/ifz\/wp-content\/blogs.dir\/165\/files\/sites\/6\/2016\/06\/GV-Verein-IFZ-Apero-Wintergarten.jpg","datePublished":"2017-03-07T12:30:36+00:00","dateModified":"2026-02-11T13:52:40+00:00","author":{"@id":""},"breadcrumb":{"@id":"https:\/\/hub.hslu.ch\/ifz\/2019\/02\/12\/prof-dr-yvonne-seiler-zimmermann-was-taugen-pk-ratings-fuer-die-wahl-der-vorsorgeeinrichtung\/#breadcrumb"},"inLanguage":"de-CH","potentialAction":[{"@type":"ReadAction","target":["https:\/\/hub.hslu.ch\/ifz\/2019\/02\/12\/prof-dr-yvonne-seiler-zimmermann-was-taugen-pk-ratings-fuer-die-wahl-der-vorsorgeeinrichtung\/"]}]},{"@type":"ImageObject","inLanguage":"de-CH","@id":"https:\/\/hub.hslu.ch\/ifz\/2019\/02\/12\/prof-dr-yvonne-seiler-zimmermann-was-taugen-pk-ratings-fuer-die-wahl-der-vorsorgeeinrichtung\/#primaryimage","url":"https:\/\/hub.hslu.ch\/ifz\/wp-content\/blogs.dir\/165\/files\/sites\/6\/2016\/06\/GV-Verein-IFZ-Apero-Wintergarten.jpg","contentUrl":"https:\/\/hub.hslu.ch\/ifz\/wp-content\/blogs.dir\/165\/files\/sites\/6\/2016\/06\/GV-Verein-IFZ-Apero-Wintergarten.jpg","width":702,"height":332},{"@type":"BreadcrumbList","@id":"https:\/\/hub.hslu.ch\/ifz\/2019\/02\/12\/prof-dr-yvonne-seiler-zimmermann-was-taugen-pk-ratings-fuer-die-wahl-der-vorsorgeeinrichtung\/#breadcrumb","itemListElement":[{"@type":"ListItem","position":1,"name":"Home","item":"https:\/\/hub.hslu.ch\/ifz\/2019\/02\/12\/prof-dr-yvonne-seiler-zimmermann-was-taugen-pk-ratings-fuer-die-wahl-der-vorsorgeeinrichtung\/"},{"@type":"ListItem","position":2,"name":"26. KMU Forum &#8211; Fachveranstaltungen zum Thema finanzielle F\u00fchrung von KMU"}]},{"@type":"WebSite","@id":"https:\/\/hub.hslu.ch\/ifz\/#website","url":"https:\/\/hub.hslu.ch\/ifz\/","name":"IFZ Blog","description":"News aus dem Institut f\u00fcr Finanzdienstleistungen Zug IFZ","potentialAction":[{"@type":"SearchAction","target":{"@type":"EntryPoint","urlTemplate":"https:\/\/hub.hslu.ch\/ifz\/?s={search_term_string}"},"query-input":{"@type":"PropertyValueSpecification","valueRequired":true,"valueName":"search_term_string"}}],"inLanguage":"de-CH"},{"@type":"Person","@id":""}]}},"featured_image_src":"https:\/\/hub.hslu.ch\/ifz\/wp-content\/blogs.dir\/165\/files\/sites\/6\/2016\/06\/GV-Verein-IFZ-Apero-Wintergarten.jpg","featured_image_src_square":"https:\/\/hub.hslu.ch\/ifz\/wp-content\/blogs.dir\/165\/files\/sites\/6\/2016\/06\/GV-Verein-IFZ-Apero-Wintergarten.jpg","author_info":{"display_name":"","author_link":"https:\/\/hub.hslu.ch\/ifz\/author\/"},"_links":{"self":[{"href":"https:\/\/hub.hslu.ch\/ifz\/wp-json\/wp\/v2\/posts\/16215","targetHints":{"allow":["GET"]}}],"collection":[{"href":"https:\/\/hub.hslu.ch\/ifz\/wp-json\/wp\/v2\/posts"}],"about":[{"href":"https:\/\/hub.hslu.ch\/ifz\/wp-json\/wp\/v2\/types\/post"}],"author":[{"embeddable":true,"href":"https:\/\/hub.hslu.ch\/ifz\/wp-json\/wp\/v2\/users\/257"}],"replies":[{"embeddable":true,"href":"https:\/\/hub.hslu.ch\/ifz\/wp-json\/wp\/v2\/comments?post=16215"}],"version-history":[{"count":7,"href":"https:\/\/hub.hslu.ch\/ifz\/wp-json\/wp\/v2\/posts\/16215\/revisions"}],"predecessor-version":[{"id":20972,"href":"https:\/\/hub.hslu.ch\/ifz\/wp-json\/wp\/v2\/posts\/16215\/revisions\/20972"}],"wp:featuredmedia":[{"embeddable":true,"href":"https:\/\/hub.hslu.ch\/ifz\/wp-json\/wp\/v2\/media\/15562"}],"wp:attachment":[{"href":"https:\/\/hub.hslu.ch\/ifz\/wp-json\/wp\/v2\/media?parent=16215"}],"wp:term":[{"taxonomy":"category","embeddable":true,"href":"https:\/\/hub.hslu.ch\/ifz\/wp-json\/wp\/v2\/categories?post=16215"},{"taxonomy":"post_tag","embeddable":true,"href":"https:\/\/hub.hslu.ch\/ifz\/wp-json\/wp\/v2\/tags?post=16215"}],"curies":[{"name":"wp","href":"https:\/\/api.w.org\/{rel}","templated":true}]}}