{"id":16490,"date":"2017-06-07T13:30:36","date_gmt":"2017-06-07T11:30:36","guid":{"rendered":"https:\/\/hub.hslu.ch\/ifz\/?p=16490"},"modified":"2020-05-20T14:11:42","modified_gmt":"2020-05-20T12:11:42","slug":"prof-dr-christoph-lengwiler-prof-dr-linard-nadig-man-sollte-die-branche-nicht-totreden","status":"publish","type":"post","link":"https:\/\/hub.hslu.ch\/ifz\/2017\/06\/07\/prof-dr-christoph-lengwiler-prof-dr-linard-nadig-man-sollte-die-branche-nicht-totreden\/","title":{"rendered":"Prof. Dr. Christoph Lengwiler, Prof. Dr. Linard Nadig: Man sollte die Branche nicht totreden"},"content":{"rendered":"<p><strong>Das Institut f\u00fcr Finanzdienstleistungen Zug IFZ &#8211; ein Institut der Hochschule Luzern &#8211; Wirtschaft feiert in diesem Jahr sein 20-j\u00e4hriges Bestehen.\u00a0Bis zum heutigen Tag haben sich im IFZ \u00fcber 35&#8217;000 Personen aus- und weitergebildet. Anl\u00e4sslich des Jubil\u00e4umsanlasses haben Christoph Lengwiler und Linard Nadig mit der Luzerner Zeitung \u00fcber Erfolg, Spardruck und den Wandel in der Finanzindustrie gesprochen.<\/strong><\/p>\n<p><strong>Christoph Lengwiler, warum geben Sie nach 20 Jahren die Leitung\u00a0 jenes Instituts ab, das Sie gegr\u00fcndet und massgeblich mitgepr\u00e4gt haben?<\/strong><br \/>\n<em>Lengwiler: Jeder, der mich kennt, weiss, dass ich die letzten 20 Jahre wirklich Vollgas gegeben habe. Ich habe immer gesagt, dass ich zum richtigen Zeitpunkt zur\u00fccktreten will und nicht erst dann, wenn man froh ist, dass ich gehe. Das 20-Jahr-Jubil\u00e4um ist ein guter Moment, um loszulassen. Es f\u00e4llt mir aber dennoch schwer, weil ich letztlich hier alles aufgebaut habe, nat\u00fcrlich mit Unterst\u00fctzung des ganzen Teams. Ich bin \u00fcberzeugt, dass mein Nachfolger Andreas Dietrich zusammen mit Linard Nadig das Institut weiterhin erfolgreich f\u00fchren wird.<\/em><\/p>\n<p><strong>Sie bleiben dem Institut aber erhalten?<\/strong><br \/>\n<em>Lengwiler: Ich bin weiterhin Dozent und werde noch Forschungsprojekte betreuen. Jedoch werde ich flexibler sein als bisher. Ich werde meine Belastung nach meinen Bed\u00fcrfnissen regulieren k\u00f6nnen, da ich nicht mehr die Verantwortung als Institutsleiter trage.<\/em><\/p>\n<p><strong>Wie kam es vor 20 Jahren eigentlich dazu, dass man in Zug ein Weiterbildungszentrum f\u00fcr Finanzberufe schuf?<\/strong><br \/>\n<em>Lengwiler: Die Situation war ganz anders als jetzt. Heute besteht schweizweit schon fast ein \u00dcberangebot an Weiterbildungsm\u00f6glichkeiten in diesem Bereich. Damals war das Angebot hingegen sehr \u00fcberschaubar. Ausserdem gab es in Zug viel mehr Arbeitspl\u00e4tze im Bankenbereich.<\/em><\/p>\n<p><strong>Das hat sich mittlerweile ja ge\u00e4ndert. In den letzten Jahren hat die Finanzindustrie krisenbedingt viele Jobs abgebaut. Wie zukunftstr\u00e4chtig ist es, heute noch Weiterbildungen im traditionellen Bankengesch\u00e4ft anzubieten?<\/strong><br \/>\n<em>Nadig: Was wir am IFZ tun, ist ja genau das, was es in dieser aktuellen Lage braucht: Unsere Aus- und Weiterbildungen geben den Finanzfachleuten das R\u00fcstzeug, um mit den aktuellen Entwicklungen <\/em><em>schritthalten und fachlich fit bleiben zu k\u00f6nnen. Dies hilft ihnen, sich im umk\u00e4mpften Arbeitsmarkt zu behaupten.<\/em><\/p>\n<p><em>Lengwiler: Aber es ist schon so, dass wir im Windschatten der Branche operieren. Wenn in der Finanzbranche gespart wird, sp\u00fcren wir das auch in Form von weniger Anmeldungen. Daf\u00fcr gibt es dann sp\u00e4ter vielleicht einen Nachholeffekt. Letztlich haben wir aber auch von der Finanzkrise profitiert, die ja eine Versch\u00e4rfung der Regulierung ausgel\u00f6st hat. Darum w\u00e4chst die Nachfrage nach Kursen im Bereich Compliance und Risikomanagement. Grunds\u00e4tzlich glaube ich, dass man die Finanzbranche nicht totreden sollte. Kompetente Finanzfachleute wird es immer brauchen, aber sie m\u00fcssen sich mit neuen Themen besch\u00e4ftigen. Dazu z\u00e4hlt derzeit in erste Linie die Digitalisierung, welche die Finanzindustrie radikal ver\u00e4ndert. <\/em><\/p>\n<p>Das ausf\u00fchrliche Interview vom 6. Juni in der Luzerner Zeitung\u00a0finden Sie <span style=\"color: #333399\"><a style=\"color: #333399\" href=\"https:\/\/hub.hslu.ch\/ifz\/wp-content\/blogs.dir\/165\/files\/sites\/6\/2017\/06\/Man-sollte-die-Branche-nicht-totreden_Interview_Lengwiler_Nadig_Luzerner-Zeitung_170606.pdf\">hier.<\/a><\/span><\/p>\n<p>Zum 20-j\u00e4hrigen Bestehen hat das IFZ eine Jubil\u00e4umszeitung herausgegeben. Verschiedene Beitr\u00e4ge zeigen die Geschichte, die wichtigsten Meilensteine und den Erfolg des IFZ auf &#8211;\u00a0<span style=\"color: #333399\"><a style=\"color: #333399\" href=\"https:\/\/www.hslu.ch\/-\/media\/campus\/common\/files\/dokumente\/w\/ifz\/medienspiegel%202017\/20%20jahre%20ifz%20jubilaeumszeitung.pdf?la=de-ch\" target=\"_blank\" rel=\"noopener noreferrer\">20 Jahre IFZ &#8211; eine Erfolgsgeschichte<\/a>.<\/span><\/p>\n<p><a href=\"https:\/\/hub.hslu.ch\/ifz\/wp-content\/blogs.dir\/165\/files\/sites\/6\/2017\/06\/20-Jahre-IFZ-Jubilaeumszeitung.jpg\"><img loading=\"lazy\" decoding=\"async\" class=\"aligncenter size-thumbnail wp-image-16516\" src=\"https:\/\/hub.hslu.ch\/ifz\/wp-content\/blogs.dir\/165\/files\/sites\/6\/2017\/06\/20-Jahre-IFZ-Jubilaeumszeitung-150x150.jpg\" alt=\"\" width=\"150\" height=\"150\" \/><\/a><br \/>\nMehr Informationen zum 20-Jahr-Jubil\u00e4um finden Sie auf unserer <span style=\"color: #333399\"><a style=\"color: #333399\" href=\"https:\/\/www.hslu.ch\/de-ch\/wirtschaft\/institute\/ifz\/mediencorner\/ifz-jubilaeum\/\" target=\"_blank\" rel=\"noopener noreferrer\">Jubil\u00e4umswebsite<\/a><\/span>.<\/p>\n","protected":false},"excerpt":{"rendered":"<p>Das Institut f\u00fcr Finanzdienstleistungen Zug IFZ &#8211; ein Institut der Hochschule Luzern &#8211; Wirtschaft feiert in diesem Jahr sein 20-j\u00e4hriges Bestehen.\u00a0Bis zum heutigen Tag haben sich im IFZ \u00fcber 35&#8217;000 Personen aus- und weitergebildet. Anl\u00e4sslich des Jubil\u00e4umsanlasses haben Christoph Lengwiler und Linard Nadig mit der Luzerner Zeitung \u00fcber Erfolg, Spardruck und den Wandel in der<\/p>\n","protected":false},"author":257,"featured_media":16492,"comment_status":"open","ping_status":"closed","sticky":false,"template":"","format":"standard","meta":{"_acf_changed":false,"inline_featured_image":false,"_relevanssi_hide_post":"","_relevanssi_hide_content":"","_relevanssi_pin_for_all":"","_relevanssi_pin_keywords":"","_relevanssi_unpin_keywords":"","_relevanssi_related_keywords":"","_relevanssi_related_include_ids":"","_relevanssi_related_exclude_ids":"","_relevanssi_related_no_append":"","_relevanssi_related_not_related":"","_relevanssi_related_posts":"","_relevanssi_noindex_reason":"","footnotes":"","_links_to":"","_links_to_target":""},"categories":[390360,406,854975],"tags":[],"class_list":["post-16490","post","type-post","status-publish","format-standard","has-post-thumbnail","hentry","category-20-jahre-ifz","category-allgemeines","category-ifz-in-den-medien"],"acf":[],"yoast_head":"<!-- This site is optimized with the Yoast SEO plugin v27.5 - https:\/\/yoast.com\/product\/yoast-seo-wordpress\/ -->\n<title>Prof. Dr. Christoph Lengwiler, Prof. Dr. Linard Nadig: Man sollte die Branche nicht totreden - IFZ Blog<\/title>\n<meta name=\"robots\" content=\"index, follow, max-snippet:-1, max-image-preview:large, max-video-preview:-1\" \/>\n<link rel=\"canonical\" href=\"https:\/\/hub.hslu.ch\/ifz\/2019\/02\/12\/prof-dr-yvonne-seiler-zimmermann-was-taugen-pk-ratings-fuer-die-wahl-der-vorsorgeeinrichtung\/\" \/>\n<script type=\"application\/ld+json\" class=\"yoast-schema-graph\">{\"@context\":\"https:\\\/\\\/schema.org\",\"@graph\":[{\"@type\":\"Article\",\"@id\":\"https:\\\/\\\/hub.hslu.ch\\\/ifz\\\/2019\\\/02\\\/12\\\/prof-dr-yvonne-seiler-zimmermann-was-taugen-pk-ratings-fuer-die-wahl-der-vorsorgeeinrichtung\\\/#article\",\"isPartOf\":{\"@id\":\"https:\\\/\\\/hub.hslu.ch\\\/ifz\\\/2019\\\/02\\\/12\\\/prof-dr-yvonne-seiler-zimmermann-was-taugen-pk-ratings-fuer-die-wahl-der-vorsorgeeinrichtung\\\/\"},\"author\":{\"name\":\"\",\"@id\":\"\"},\"headline\":\"Prof. Dr. Christoph Lengwiler, Prof. Dr. Linard Nadig: Man sollte die Branche nicht totreden\",\"datePublished\":\"2017-06-07T11:30:36+00:00\",\"dateModified\":\"2020-05-20T12:11:42+00:00\",\"mainEntityOfPage\":{\"@id\":\"https:\\\/\\\/hub.hslu.ch\\\/ifz\\\/2019\\\/02\\\/12\\\/prof-dr-yvonne-seiler-zimmermann-was-taugen-pk-ratings-fuer-die-wahl-der-vorsorgeeinrichtung\\\/\"},\"wordCount\":532,\"commentCount\":0,\"image\":{\"@id\":\"https:\\\/\\\/hub.hslu.ch\\\/ifz\\\/2019\\\/02\\\/12\\\/prof-dr-yvonne-seiler-zimmermann-was-taugen-pk-ratings-fuer-die-wahl-der-vorsorgeeinrichtung\\\/#primaryimage\"},\"thumbnailUrl\":\"https:\\\/\\\/hub.hslu.ch\\\/ifz\\\/wp-content\\\/blogs.dir\\\/165\\\/files\\\/sites\\\/6\\\/2017\\\/06\\\/20-Jahre-IFZ_Lengwiler-Christoph_Nadig-Linard.jpg\",\"articleSection\":[\"20 Jahre IFZ\",\"Allgemeines\",\"IFZ in den Medien\"],\"inLanguage\":\"de-CH\",\"potentialAction\":[{\"@type\":\"CommentAction\",\"name\":\"Comment\",\"target\":[\"https:\\\/\\\/hub.hslu.ch\\\/ifz\\\/2019\\\/02\\\/12\\\/prof-dr-yvonne-seiler-zimmermann-was-taugen-pk-ratings-fuer-die-wahl-der-vorsorgeeinrichtung\\\/#respond\"]}]},{\"@type\":\"WebPage\",\"@id\":\"https:\\\/\\\/hub.hslu.ch\\\/ifz\\\/2019\\\/02\\\/12\\\/prof-dr-yvonne-seiler-zimmermann-was-taugen-pk-ratings-fuer-die-wahl-der-vorsorgeeinrichtung\\\/\",\"url\":\"https:\\\/\\\/hub.hslu.ch\\\/ifz\\\/2019\\\/02\\\/12\\\/prof-dr-yvonne-seiler-zimmermann-was-taugen-pk-ratings-fuer-die-wahl-der-vorsorgeeinrichtung\\\/\",\"name\":\"Prof. Dr. Christoph Lengwiler, Prof. Dr. Linard Nadig: Man sollte die Branche nicht totreden - IFZ Blog\",\"isPartOf\":{\"@id\":\"https:\\\/\\\/hub.hslu.ch\\\/ifz\\\/#website\"},\"primaryImageOfPage\":{\"@id\":\"https:\\\/\\\/hub.hslu.ch\\\/ifz\\\/2019\\\/02\\\/12\\\/prof-dr-yvonne-seiler-zimmermann-was-taugen-pk-ratings-fuer-die-wahl-der-vorsorgeeinrichtung\\\/#primaryimage\"},\"image\":{\"@id\":\"https:\\\/\\\/hub.hslu.ch\\\/ifz\\\/2019\\\/02\\\/12\\\/prof-dr-yvonne-seiler-zimmermann-was-taugen-pk-ratings-fuer-die-wahl-der-vorsorgeeinrichtung\\\/#primaryimage\"},\"thumbnailUrl\":\"https:\\\/\\\/hub.hslu.ch\\\/ifz\\\/wp-content\\\/blogs.dir\\\/165\\\/files\\\/sites\\\/6\\\/2017\\\/06\\\/20-Jahre-IFZ_Lengwiler-Christoph_Nadig-Linard.jpg\",\"datePublished\":\"2017-06-07T11:30:36+00:00\",\"dateModified\":\"2020-05-20T12:11:42+00:00\",\"author\":{\"@id\":\"\"},\"breadcrumb\":{\"@id\":\"https:\\\/\\\/hub.hslu.ch\\\/ifz\\\/2019\\\/02\\\/12\\\/prof-dr-yvonne-seiler-zimmermann-was-taugen-pk-ratings-fuer-die-wahl-der-vorsorgeeinrichtung\\\/#breadcrumb\"},\"inLanguage\":\"de-CH\",\"potentialAction\":[{\"@type\":\"ReadAction\",\"target\":[\"https:\\\/\\\/hub.hslu.ch\\\/ifz\\\/2019\\\/02\\\/12\\\/prof-dr-yvonne-seiler-zimmermann-was-taugen-pk-ratings-fuer-die-wahl-der-vorsorgeeinrichtung\\\/\"]}]},{\"@type\":\"ImageObject\",\"inLanguage\":\"de-CH\",\"@id\":\"https:\\\/\\\/hub.hslu.ch\\\/ifz\\\/2019\\\/02\\\/12\\\/prof-dr-yvonne-seiler-zimmermann-was-taugen-pk-ratings-fuer-die-wahl-der-vorsorgeeinrichtung\\\/#primaryimage\",\"url\":\"https:\\\/\\\/hub.hslu.ch\\\/ifz\\\/wp-content\\\/blogs.dir\\\/165\\\/files\\\/sites\\\/6\\\/2017\\\/06\\\/20-Jahre-IFZ_Lengwiler-Christoph_Nadig-Linard.jpg\",\"contentUrl\":\"https:\\\/\\\/hub.hslu.ch\\\/ifz\\\/wp-content\\\/blogs.dir\\\/165\\\/files\\\/sites\\\/6\\\/2017\\\/06\\\/20-Jahre-IFZ_Lengwiler-Christoph_Nadig-Linard.jpg\",\"width\":702,\"height\":336},{\"@type\":\"BreadcrumbList\",\"@id\":\"https:\\\/\\\/hub.hslu.ch\\\/ifz\\\/2019\\\/02\\\/12\\\/prof-dr-yvonne-seiler-zimmermann-was-taugen-pk-ratings-fuer-die-wahl-der-vorsorgeeinrichtung\\\/#breadcrumb\",\"itemListElement\":[{\"@type\":\"ListItem\",\"position\":1,\"name\":\"Home\",\"item\":\"https:\\\/\\\/hub.hslu.ch\\\/ifz\\\/2019\\\/02\\\/12\\\/prof-dr-yvonne-seiler-zimmermann-was-taugen-pk-ratings-fuer-die-wahl-der-vorsorgeeinrichtung\\\/\"},{\"@type\":\"ListItem\",\"position\":2,\"name\":\"Prof. Dr. Christoph Lengwiler, Prof. Dr. Linard Nadig: Man sollte die Branche nicht totreden\"}]},{\"@type\":\"WebSite\",\"@id\":\"https:\\\/\\\/hub.hslu.ch\\\/ifz\\\/#website\",\"url\":\"https:\\\/\\\/hub.hslu.ch\\\/ifz\\\/\",\"name\":\"IFZ Blog\",\"description\":\"News aus dem Institut f\u00fcr Finanzdienstleistungen Zug IFZ\",\"potentialAction\":[{\"@type\":\"SearchAction\",\"target\":{\"@type\":\"EntryPoint\",\"urlTemplate\":\"https:\\\/\\\/hub.hslu.ch\\\/ifz\\\/?s={search_term_string}\"},\"query-input\":{\"@type\":\"PropertyValueSpecification\",\"valueRequired\":true,\"valueName\":\"search_term_string\"}}],\"inLanguage\":\"de-CH\"},{\"@type\":\"Person\",\"@id\":\"\"}]}<\/script>\n<!-- \/ Yoast SEO plugin. -->","yoast_head_json":{"title":"Prof. Dr. Christoph Lengwiler, Prof. Dr. Linard Nadig: Man sollte die Branche nicht totreden - IFZ Blog","robots":{"index":"index","follow":"follow","max-snippet":"max-snippet:-1","max-image-preview":"max-image-preview:large","max-video-preview":"max-video-preview:-1"},"canonical":"https:\/\/hub.hslu.ch\/ifz\/2019\/02\/12\/prof-dr-yvonne-seiler-zimmermann-was-taugen-pk-ratings-fuer-die-wahl-der-vorsorgeeinrichtung\/","schema":{"@context":"https:\/\/schema.org","@graph":[{"@type":"Article","@id":"https:\/\/hub.hslu.ch\/ifz\/2019\/02\/12\/prof-dr-yvonne-seiler-zimmermann-was-taugen-pk-ratings-fuer-die-wahl-der-vorsorgeeinrichtung\/#article","isPartOf":{"@id":"https:\/\/hub.hslu.ch\/ifz\/2019\/02\/12\/prof-dr-yvonne-seiler-zimmermann-was-taugen-pk-ratings-fuer-die-wahl-der-vorsorgeeinrichtung\/"},"author":{"name":"","@id":""},"headline":"Prof. Dr. Christoph Lengwiler, Prof. Dr. Linard Nadig: Man sollte die Branche nicht totreden","datePublished":"2017-06-07T11:30:36+00:00","dateModified":"2020-05-20T12:11:42+00:00","mainEntityOfPage":{"@id":"https:\/\/hub.hslu.ch\/ifz\/2019\/02\/12\/prof-dr-yvonne-seiler-zimmermann-was-taugen-pk-ratings-fuer-die-wahl-der-vorsorgeeinrichtung\/"},"wordCount":532,"commentCount":0,"image":{"@id":"https:\/\/hub.hslu.ch\/ifz\/2019\/02\/12\/prof-dr-yvonne-seiler-zimmermann-was-taugen-pk-ratings-fuer-die-wahl-der-vorsorgeeinrichtung\/#primaryimage"},"thumbnailUrl":"https:\/\/hub.hslu.ch\/ifz\/wp-content\/blogs.dir\/165\/files\/sites\/6\/2017\/06\/20-Jahre-IFZ_Lengwiler-Christoph_Nadig-Linard.jpg","articleSection":["20 Jahre IFZ","Allgemeines","IFZ in den Medien"],"inLanguage":"de-CH","potentialAction":[{"@type":"CommentAction","name":"Comment","target":["https:\/\/hub.hslu.ch\/ifz\/2019\/02\/12\/prof-dr-yvonne-seiler-zimmermann-was-taugen-pk-ratings-fuer-die-wahl-der-vorsorgeeinrichtung\/#respond"]}]},{"@type":"WebPage","@id":"https:\/\/hub.hslu.ch\/ifz\/2019\/02\/12\/prof-dr-yvonne-seiler-zimmermann-was-taugen-pk-ratings-fuer-die-wahl-der-vorsorgeeinrichtung\/","url":"https:\/\/hub.hslu.ch\/ifz\/2019\/02\/12\/prof-dr-yvonne-seiler-zimmermann-was-taugen-pk-ratings-fuer-die-wahl-der-vorsorgeeinrichtung\/","name":"Prof. Dr. Christoph Lengwiler, Prof. Dr. Linard Nadig: Man sollte die Branche nicht totreden - IFZ Blog","isPartOf":{"@id":"https:\/\/hub.hslu.ch\/ifz\/#website"},"primaryImageOfPage":{"@id":"https:\/\/hub.hslu.ch\/ifz\/2019\/02\/12\/prof-dr-yvonne-seiler-zimmermann-was-taugen-pk-ratings-fuer-die-wahl-der-vorsorgeeinrichtung\/#primaryimage"},"image":{"@id":"https:\/\/hub.hslu.ch\/ifz\/2019\/02\/12\/prof-dr-yvonne-seiler-zimmermann-was-taugen-pk-ratings-fuer-die-wahl-der-vorsorgeeinrichtung\/#primaryimage"},"thumbnailUrl":"https:\/\/hub.hslu.ch\/ifz\/wp-content\/blogs.dir\/165\/files\/sites\/6\/2017\/06\/20-Jahre-IFZ_Lengwiler-Christoph_Nadig-Linard.jpg","datePublished":"2017-06-07T11:30:36+00:00","dateModified":"2020-05-20T12:11:42+00:00","author":{"@id":""},"breadcrumb":{"@id":"https:\/\/hub.hslu.ch\/ifz\/2019\/02\/12\/prof-dr-yvonne-seiler-zimmermann-was-taugen-pk-ratings-fuer-die-wahl-der-vorsorgeeinrichtung\/#breadcrumb"},"inLanguage":"de-CH","potentialAction":[{"@type":"ReadAction","target":["https:\/\/hub.hslu.ch\/ifz\/2019\/02\/12\/prof-dr-yvonne-seiler-zimmermann-was-taugen-pk-ratings-fuer-die-wahl-der-vorsorgeeinrichtung\/"]}]},{"@type":"ImageObject","inLanguage":"de-CH","@id":"https:\/\/hub.hslu.ch\/ifz\/2019\/02\/12\/prof-dr-yvonne-seiler-zimmermann-was-taugen-pk-ratings-fuer-die-wahl-der-vorsorgeeinrichtung\/#primaryimage","url":"https:\/\/hub.hslu.ch\/ifz\/wp-content\/blogs.dir\/165\/files\/sites\/6\/2017\/06\/20-Jahre-IFZ_Lengwiler-Christoph_Nadig-Linard.jpg","contentUrl":"https:\/\/hub.hslu.ch\/ifz\/wp-content\/blogs.dir\/165\/files\/sites\/6\/2017\/06\/20-Jahre-IFZ_Lengwiler-Christoph_Nadig-Linard.jpg","width":702,"height":336},{"@type":"BreadcrumbList","@id":"https:\/\/hub.hslu.ch\/ifz\/2019\/02\/12\/prof-dr-yvonne-seiler-zimmermann-was-taugen-pk-ratings-fuer-die-wahl-der-vorsorgeeinrichtung\/#breadcrumb","itemListElement":[{"@type":"ListItem","position":1,"name":"Home","item":"https:\/\/hub.hslu.ch\/ifz\/2019\/02\/12\/prof-dr-yvonne-seiler-zimmermann-was-taugen-pk-ratings-fuer-die-wahl-der-vorsorgeeinrichtung\/"},{"@type":"ListItem","position":2,"name":"Prof. Dr. Christoph Lengwiler, Prof. Dr. Linard Nadig: Man sollte die Branche nicht totreden"}]},{"@type":"WebSite","@id":"https:\/\/hub.hslu.ch\/ifz\/#website","url":"https:\/\/hub.hslu.ch\/ifz\/","name":"IFZ Blog","description":"News aus dem Institut f\u00fcr Finanzdienstleistungen Zug IFZ","potentialAction":[{"@type":"SearchAction","target":{"@type":"EntryPoint","urlTemplate":"https:\/\/hub.hslu.ch\/ifz\/?s={search_term_string}"},"query-input":{"@type":"PropertyValueSpecification","valueRequired":true,"valueName":"search_term_string"}}],"inLanguage":"de-CH"},{"@type":"Person","@id":""}]}},"featured_image_src":"https:\/\/hub.hslu.ch\/ifz\/wp-content\/blogs.dir\/165\/files\/sites\/6\/2017\/06\/20-Jahre-IFZ_Lengwiler-Christoph_Nadig-Linard.jpg","featured_image_src_square":"https:\/\/hub.hslu.ch\/ifz\/wp-content\/blogs.dir\/165\/files\/sites\/6\/2017\/06\/20-Jahre-IFZ_Lengwiler-Christoph_Nadig-Linard.jpg","author_info":{"display_name":"","author_link":"https:\/\/hub.hslu.ch\/ifz\/author\/"},"_links":{"self":[{"href":"https:\/\/hub.hslu.ch\/ifz\/wp-json\/wp\/v2\/posts\/16490","targetHints":{"allow":["GET"]}}],"collection":[{"href":"https:\/\/hub.hslu.ch\/ifz\/wp-json\/wp\/v2\/posts"}],"about":[{"href":"https:\/\/hub.hslu.ch\/ifz\/wp-json\/wp\/v2\/types\/post"}],"author":[{"embeddable":true,"href":"https:\/\/hub.hslu.ch\/ifz\/wp-json\/wp\/v2\/users\/257"}],"replies":[{"embeddable":true,"href":"https:\/\/hub.hslu.ch\/ifz\/wp-json\/wp\/v2\/comments?post=16490"}],"version-history":[{"count":5,"href":"https:\/\/hub.hslu.ch\/ifz\/wp-json\/wp\/v2\/posts\/16490\/revisions"}],"predecessor-version":[{"id":16517,"href":"https:\/\/hub.hslu.ch\/ifz\/wp-json\/wp\/v2\/posts\/16490\/revisions\/16517"}],"wp:featuredmedia":[{"embeddable":true,"href":"https:\/\/hub.hslu.ch\/ifz\/wp-json\/wp\/v2\/media\/16492"}],"wp:attachment":[{"href":"https:\/\/hub.hslu.ch\/ifz\/wp-json\/wp\/v2\/media?parent=16490"}],"wp:term":[{"taxonomy":"category","embeddable":true,"href":"https:\/\/hub.hslu.ch\/ifz\/wp-json\/wp\/v2\/categories?post=16490"},{"taxonomy":"post_tag","embeddable":true,"href":"https:\/\/hub.hslu.ch\/ifz\/wp-json\/wp\/v2\/tags?post=16490"}],"curies":[{"name":"wp","href":"https:\/\/api.w.org\/{rel}","templated":true}]}}