{"id":1765,"date":"2009-12-21T12:51:56","date_gmt":"2009-12-21T11:51:56","guid":{"rendered":"https:\/\/hub.hslu.ch\/ifz\/?p=1765"},"modified":"2020-05-20T15:00:42","modified_gmt":"2020-05-20T13:00:42","slug":"wohneigentum-in-der-schweiz-erkenntnisse-aus-einer-empirischen-analyse","status":"publish","type":"post","link":"https:\/\/hub.hslu.ch\/ifz\/2009\/12\/21\/wohneigentum-in-der-schweiz-erkenntnisse-aus-einer-empirischen-analyse\/","title":{"rendered":"Wohneigentum in der Schweiz &#8211; Erkenntnisse aus einer empirischen Analyse"},"content":{"rendered":"<p>Wohneigentum ist f\u00fcr viele Haushalte in der Schweiz ein Traum. F\u00fcr die meisten dieser Haushalte wird Wohneigentum auch ein Leben lang ein Traum bleiben. Im internationalen Vergleich verf\u00fcgt die Schweiz n\u00e4mlich \u00fcber eine auff\u00e4llig tiefe Wohneigentumsquote.<br \/>\nIm Jahr 1970 betrug der Anteil Haushalte mit eigenem Heim (Haus oder Wohnung) 26.4% und stieg bis im Jahr 2000 auf 38.3%.<\/p>\n<p><a href=\"https:\/\/hub.hslu.ch\/ifz\/wp-content\/blogs.dir\/165\/files\/sites\/6\/2009\/12\/regiosuisse_delbiaggiowanzenried_okt2009final2.pdf\" target=\"_blank\" rel=\"noopener noreferrer\">Der Artikel<\/a> von Katia Delbiaggio und Gabrielle Wanzenried wurde im Tagungsband der Veranstaltung <a href=\"http:\/\/www.regiosuisse.ch\/download\/veranstaltungen\/forschungsmarkt-regiosuisse\/forschungsmarkt-regiosuisse\" target=\"_blank\" rel=\"noopener noreferrer\">&#171;Forschungsmarkt regiosuisse und Tagung Regionalentwicklung&#187;<\/a> vom 3. September 2009 in Luzern ver\u00f6ffentlicht. Die beiden Autorinnen haben ihr Paper an dieser Veranstaltung pr\u00e4sentiert. Die Unterlagen zur Pr\u00e4sentation finden Sie <a href=\"http:\/\/www.regiosuisse.ch\/docs\/veranstaltungen-manifestions-manifestazioni\/regiosuisse\/forschungsmarkt-regiosuisse\/forschungsmarkt-regiosuisse-030909\/homeownership-and-regional-development-an-analysis-for-switzerland-e-wanzenried\" target=\"_blank\" rel=\"noopener noreferrer\">hier<\/a>.<br \/>\nDer Artikel geh\u00f6rt ebenso wie der <a href=\"https:\/\/hub.hslu.ch\/ifz\/2009\/12\/04\/bausparen-eine-okonometrische-wirkungsanalyse-kantonaler-bausparmodelle\/\" target=\"_blank\" rel=\"noopener noreferrer\">Artikel zum Bausparen<\/a> zum Projekt Wohneigentum in der Schweiz.<\/p>\n<p><a href=\"http:\/\/www.hslu.ch\/wirtschaft\/w-outside-navigation\/ifz\/w-ifz-ueber-uns\/w-ifz-person.htm?id_person=1011916&amp;id_teilschule=25650&amp;row=0\" target=\"_blank\" rel=\"noopener noreferrer\">Prof. Dr. Gabrielle Wanzenried<\/a> ist Projektleiterin, Dozentin und Koordinatorin Forschung am IFZ, <a href=\"http:\/\/www.hslu.ch\/wirtschaft\/w-outside-navigation\/ifz\/w-ifz-ueber-uns\/w-ifz-person.htm?id_person=1010481&amp;id_teilschule=25650&amp;row=0\" target=\"_blank\" rel=\"noopener noreferrer\">Prof. Dr. Katia Delbiaggio<\/a> ist stv. Leiterin des Competence Center Regional\u00f6konomie, Projektleiterin und Dozentin am IBR.<\/p>\n","protected":false},"excerpt":{"rendered":"<p>Wohneigentum ist f\u00fcr viele Haushalte in der Schweiz ein Traum. F\u00fcr die meisten dieser Haushalte wird Wohneigentum auch ein Leben lang ein Traum bleiben. Im internationalen Vergleich verf\u00fcgt die Schweiz n\u00e4mlich \u00fcber eine auff\u00e4llig tiefe Wohneigentumsquote. Im Jahr 1970 betrug der Anteil Haushalte mit eigenem Heim (Haus oder Wohnung) 26.4% und stieg bis im Jahr<\/p>\n","protected":false},"author":257,"featured_media":0,"comment_status":"open","ping_status":"open","sticky":false,"template":"","format":"standard","meta":{"_acf_changed":false,"inline_featured_image":false,"_relevanssi_hide_post":"","_relevanssi_hide_content":"","_relevanssi_pin_for_all":"","_relevanssi_pin_keywords":"","_relevanssi_unpin_keywords":"","_relevanssi_related_keywords":"","_relevanssi_related_include_ids":"","_relevanssi_related_exclude_ids":"","_relevanssi_related_no_append":"","_relevanssi_related_not_related":"","_relevanssi_related_posts":"","_relevanssi_noindex_reason":"","footnotes":"","_links_to":"","_links_to_target":""},"categories":[406,146,854975,409,1446],"tags":[],"class_list":["post-1765","post","type-post","status-publish","format-standard","hentry","category-allgemeines","category-forschung","category-ifz-in-den-medien","category-real-estate-immobilienmanagement","category-wohneigentum-in-der-schweiz"],"acf":[],"yoast_head":"<!-- This site is optimized with the Yoast SEO plugin v27.5 - https:\/\/yoast.com\/product\/yoast-seo-wordpress\/ -->\n<title>Wohneigentum in der Schweiz - Erkenntnisse aus einer empirischen Analyse - IFZ Blog<\/title>\n<meta name=\"robots\" content=\"index, follow, max-snippet:-1, max-image-preview:large, max-video-preview:-1\" \/>\n<link rel=\"canonical\" href=\"https:\/\/hub.hslu.ch\/ifz\/2019\/02\/12\/prof-dr-yvonne-seiler-zimmermann-was-taugen-pk-ratings-fuer-die-wahl-der-vorsorgeeinrichtung\/\" \/>\n<script type=\"application\/ld+json\" class=\"yoast-schema-graph\">{\"@context\":\"https:\\\/\\\/schema.org\",\"@graph\":[{\"@type\":\"Article\",\"@id\":\"https:\\\/\\\/hub.hslu.ch\\\/ifz\\\/2019\\\/02\\\/12\\\/prof-dr-yvonne-seiler-zimmermann-was-taugen-pk-ratings-fuer-die-wahl-der-vorsorgeeinrichtung\\\/#article\",\"isPartOf\":{\"@id\":\"https:\\\/\\\/hub.hslu.ch\\\/ifz\\\/2019\\\/02\\\/12\\\/prof-dr-yvonne-seiler-zimmermann-was-taugen-pk-ratings-fuer-die-wahl-der-vorsorgeeinrichtung\\\/\"},\"author\":{\"name\":\"\",\"@id\":\"\"},\"headline\":\"Wohneigentum in der Schweiz &#8211; Erkenntnisse aus einer empirischen Analyse\",\"datePublished\":\"2009-12-21T11:51:56+00:00\",\"dateModified\":\"2020-05-20T13:00:42+00:00\",\"mainEntityOfPage\":{\"@id\":\"https:\\\/\\\/hub.hslu.ch\\\/ifz\\\/2019\\\/02\\\/12\\\/prof-dr-yvonne-seiler-zimmermann-was-taugen-pk-ratings-fuer-die-wahl-der-vorsorgeeinrichtung\\\/\"},\"wordCount\":157,\"commentCount\":0,\"articleSection\":[\"Allgemeines\",\"Forschung und Dienstleistung\",\"IFZ in den Medien\",\"Real Estate \\\/ Immobilienmanagement\",\"Wohneigentum in der Schweiz\"],\"inLanguage\":\"de-CH\",\"potentialAction\":[{\"@type\":\"CommentAction\",\"name\":\"Comment\",\"target\":[\"https:\\\/\\\/hub.hslu.ch\\\/ifz\\\/2019\\\/02\\\/12\\\/prof-dr-yvonne-seiler-zimmermann-was-taugen-pk-ratings-fuer-die-wahl-der-vorsorgeeinrichtung\\\/#respond\"]}]},{\"@type\":\"WebPage\",\"@id\":\"https:\\\/\\\/hub.hslu.ch\\\/ifz\\\/2019\\\/02\\\/12\\\/prof-dr-yvonne-seiler-zimmermann-was-taugen-pk-ratings-fuer-die-wahl-der-vorsorgeeinrichtung\\\/\",\"url\":\"https:\\\/\\\/hub.hslu.ch\\\/ifz\\\/2019\\\/02\\\/12\\\/prof-dr-yvonne-seiler-zimmermann-was-taugen-pk-ratings-fuer-die-wahl-der-vorsorgeeinrichtung\\\/\",\"name\":\"Wohneigentum in der Schweiz - Erkenntnisse aus einer empirischen Analyse - IFZ Blog\",\"isPartOf\":{\"@id\":\"https:\\\/\\\/hub.hslu.ch\\\/ifz\\\/#website\"},\"datePublished\":\"2009-12-21T11:51:56+00:00\",\"dateModified\":\"2020-05-20T13:00:42+00:00\",\"author\":{\"@id\":\"\"},\"breadcrumb\":{\"@id\":\"https:\\\/\\\/hub.hslu.ch\\\/ifz\\\/2019\\\/02\\\/12\\\/prof-dr-yvonne-seiler-zimmermann-was-taugen-pk-ratings-fuer-die-wahl-der-vorsorgeeinrichtung\\\/#breadcrumb\"},\"inLanguage\":\"de-CH\",\"potentialAction\":[{\"@type\":\"ReadAction\",\"target\":[\"https:\\\/\\\/hub.hslu.ch\\\/ifz\\\/2019\\\/02\\\/12\\\/prof-dr-yvonne-seiler-zimmermann-was-taugen-pk-ratings-fuer-die-wahl-der-vorsorgeeinrichtung\\\/\"]}]},{\"@type\":\"BreadcrumbList\",\"@id\":\"https:\\\/\\\/hub.hslu.ch\\\/ifz\\\/2019\\\/02\\\/12\\\/prof-dr-yvonne-seiler-zimmermann-was-taugen-pk-ratings-fuer-die-wahl-der-vorsorgeeinrichtung\\\/#breadcrumb\",\"itemListElement\":[{\"@type\":\"ListItem\",\"position\":1,\"name\":\"Home\",\"item\":\"https:\\\/\\\/hub.hslu.ch\\\/ifz\\\/2019\\\/02\\\/12\\\/prof-dr-yvonne-seiler-zimmermann-was-taugen-pk-ratings-fuer-die-wahl-der-vorsorgeeinrichtung\\\/\"},{\"@type\":\"ListItem\",\"position\":2,\"name\":\"Wohneigentum in der Schweiz &#8211; Erkenntnisse aus einer empirischen Analyse\"}]},{\"@type\":\"WebSite\",\"@id\":\"https:\\\/\\\/hub.hslu.ch\\\/ifz\\\/#website\",\"url\":\"https:\\\/\\\/hub.hslu.ch\\\/ifz\\\/\",\"name\":\"IFZ Blog\",\"description\":\"News aus dem Institut f\u00fcr Finanzdienstleistungen Zug IFZ\",\"potentialAction\":[{\"@type\":\"SearchAction\",\"target\":{\"@type\":\"EntryPoint\",\"urlTemplate\":\"https:\\\/\\\/hub.hslu.ch\\\/ifz\\\/?s={search_term_string}\"},\"query-input\":{\"@type\":\"PropertyValueSpecification\",\"valueRequired\":true,\"valueName\":\"search_term_string\"}}],\"inLanguage\":\"de-CH\"},{\"@type\":\"Person\",\"@id\":\"\"}]}<\/script>\n<!-- \/ Yoast SEO plugin. -->","yoast_head_json":{"title":"Wohneigentum in der Schweiz - Erkenntnisse aus einer empirischen Analyse - IFZ Blog","robots":{"index":"index","follow":"follow","max-snippet":"max-snippet:-1","max-image-preview":"max-image-preview:large","max-video-preview":"max-video-preview:-1"},"canonical":"https:\/\/hub.hslu.ch\/ifz\/2019\/02\/12\/prof-dr-yvonne-seiler-zimmermann-was-taugen-pk-ratings-fuer-die-wahl-der-vorsorgeeinrichtung\/","schema":{"@context":"https:\/\/schema.org","@graph":[{"@type":"Article","@id":"https:\/\/hub.hslu.ch\/ifz\/2019\/02\/12\/prof-dr-yvonne-seiler-zimmermann-was-taugen-pk-ratings-fuer-die-wahl-der-vorsorgeeinrichtung\/#article","isPartOf":{"@id":"https:\/\/hub.hslu.ch\/ifz\/2019\/02\/12\/prof-dr-yvonne-seiler-zimmermann-was-taugen-pk-ratings-fuer-die-wahl-der-vorsorgeeinrichtung\/"},"author":{"name":"","@id":""},"headline":"Wohneigentum in der Schweiz &#8211; Erkenntnisse aus einer empirischen Analyse","datePublished":"2009-12-21T11:51:56+00:00","dateModified":"2020-05-20T13:00:42+00:00","mainEntityOfPage":{"@id":"https:\/\/hub.hslu.ch\/ifz\/2019\/02\/12\/prof-dr-yvonne-seiler-zimmermann-was-taugen-pk-ratings-fuer-die-wahl-der-vorsorgeeinrichtung\/"},"wordCount":157,"commentCount":0,"articleSection":["Allgemeines","Forschung und Dienstleistung","IFZ in den Medien","Real Estate \/ Immobilienmanagement","Wohneigentum in der Schweiz"],"inLanguage":"de-CH","potentialAction":[{"@type":"CommentAction","name":"Comment","target":["https:\/\/hub.hslu.ch\/ifz\/2019\/02\/12\/prof-dr-yvonne-seiler-zimmermann-was-taugen-pk-ratings-fuer-die-wahl-der-vorsorgeeinrichtung\/#respond"]}]},{"@type":"WebPage","@id":"https:\/\/hub.hslu.ch\/ifz\/2019\/02\/12\/prof-dr-yvonne-seiler-zimmermann-was-taugen-pk-ratings-fuer-die-wahl-der-vorsorgeeinrichtung\/","url":"https:\/\/hub.hslu.ch\/ifz\/2019\/02\/12\/prof-dr-yvonne-seiler-zimmermann-was-taugen-pk-ratings-fuer-die-wahl-der-vorsorgeeinrichtung\/","name":"Wohneigentum in der Schweiz - Erkenntnisse aus einer empirischen Analyse - IFZ Blog","isPartOf":{"@id":"https:\/\/hub.hslu.ch\/ifz\/#website"},"datePublished":"2009-12-21T11:51:56+00:00","dateModified":"2020-05-20T13:00:42+00:00","author":{"@id":""},"breadcrumb":{"@id":"https:\/\/hub.hslu.ch\/ifz\/2019\/02\/12\/prof-dr-yvonne-seiler-zimmermann-was-taugen-pk-ratings-fuer-die-wahl-der-vorsorgeeinrichtung\/#breadcrumb"},"inLanguage":"de-CH","potentialAction":[{"@type":"ReadAction","target":["https:\/\/hub.hslu.ch\/ifz\/2019\/02\/12\/prof-dr-yvonne-seiler-zimmermann-was-taugen-pk-ratings-fuer-die-wahl-der-vorsorgeeinrichtung\/"]}]},{"@type":"BreadcrumbList","@id":"https:\/\/hub.hslu.ch\/ifz\/2019\/02\/12\/prof-dr-yvonne-seiler-zimmermann-was-taugen-pk-ratings-fuer-die-wahl-der-vorsorgeeinrichtung\/#breadcrumb","itemListElement":[{"@type":"ListItem","position":1,"name":"Home","item":"https:\/\/hub.hslu.ch\/ifz\/2019\/02\/12\/prof-dr-yvonne-seiler-zimmermann-was-taugen-pk-ratings-fuer-die-wahl-der-vorsorgeeinrichtung\/"},{"@type":"ListItem","position":2,"name":"Wohneigentum in der Schweiz &#8211; Erkenntnisse aus einer empirischen Analyse"}]},{"@type":"WebSite","@id":"https:\/\/hub.hslu.ch\/ifz\/#website","url":"https:\/\/hub.hslu.ch\/ifz\/","name":"IFZ Blog","description":"News aus dem Institut f\u00fcr Finanzdienstleistungen Zug IFZ","potentialAction":[{"@type":"SearchAction","target":{"@type":"EntryPoint","urlTemplate":"https:\/\/hub.hslu.ch\/ifz\/?s={search_term_string}"},"query-input":{"@type":"PropertyValueSpecification","valueRequired":true,"valueName":"search_term_string"}}],"inLanguage":"de-CH"},{"@type":"Person","@id":""}]}},"featured_image_src":null,"featured_image_src_square":null,"author_info":{"display_name":"","author_link":"https:\/\/hub.hslu.ch\/ifz\/author\/"},"_links":{"self":[{"href":"https:\/\/hub.hslu.ch\/ifz\/wp-json\/wp\/v2\/posts\/1765","targetHints":{"allow":["GET"]}}],"collection":[{"href":"https:\/\/hub.hslu.ch\/ifz\/wp-json\/wp\/v2\/posts"}],"about":[{"href":"https:\/\/hub.hslu.ch\/ifz\/wp-json\/wp\/v2\/types\/post"}],"author":[{"embeddable":true,"href":"https:\/\/hub.hslu.ch\/ifz\/wp-json\/wp\/v2\/users\/257"}],"replies":[{"embeddable":true,"href":"https:\/\/hub.hslu.ch\/ifz\/wp-json\/wp\/v2\/comments?post=1765"}],"version-history":[{"count":1,"href":"https:\/\/hub.hslu.ch\/ifz\/wp-json\/wp\/v2\/posts\/1765\/revisions"}],"predecessor-version":[{"id":18507,"href":"https:\/\/hub.hslu.ch\/ifz\/wp-json\/wp\/v2\/posts\/1765\/revisions\/18507"}],"wp:attachment":[{"href":"https:\/\/hub.hslu.ch\/ifz\/wp-json\/wp\/v2\/media?parent=1765"}],"wp:term":[{"taxonomy":"category","embeddable":true,"href":"https:\/\/hub.hslu.ch\/ifz\/wp-json\/wp\/v2\/categories?post=1765"},{"taxonomy":"post_tag","embeddable":true,"href":"https:\/\/hub.hslu.ch\/ifz\/wp-json\/wp\/v2\/tags?post=1765"}],"curies":[{"name":"wp","href":"https:\/\/api.w.org\/{rel}","templated":true}]}}