{"id":17668,"date":"2018-08-14T11:30:39","date_gmt":"2018-08-14T09:30:39","guid":{"rendered":"https:\/\/hub.hslu.ch\/ifz\/?p=17668"},"modified":"2026-02-11T14:52:41","modified_gmt":"2026-02-11T13:52:41","slug":"prof-dr-marco-passardi-was-uns-die-kostenrechnungen-infolge-der-sommerhitze-sagen","status":"publish","type":"post","link":"https:\/\/hub.hslu.ch\/ifz\/2018\/08\/14\/prof-dr-marco-passardi-was-uns-die-kostenrechnungen-infolge-der-sommerhitze-sagen\/","title":{"rendered":"Prof. Dr. Marco Passardi: Was uns die Kostenrechnungen infolge der Sommerhitze sagen"},"content":{"rendered":"\n<p>von <a rel=\"noreferrer noopener\" href=\"https:\/\/www.hslu.ch\/de-ch\/hochschule-luzern\/ueber-uns\/personensuche\/profile\/?pid=1828\" target=\"_blank\">Prof. Dr. Marco Passardi<\/a>, Dozent und Projektleiter am <a rel=\"noreferrer noopener\" href=\"https:\/\/www.hslu.ch\/de-ch\/wirtschaft\/institute\/ifz\/\" target=\"_blank\">Institut f\u00fcr Finanzdienstleistungen Zug IFZ<\/a><\/p>\n\n\n\n\n\n<p>Die Liste solcher Massnahmen wird seit einiger Zeit immer l\u00e4nger:\u00a0Handel von \u00a0Emissionsrechten, Grenzwerte f\u00fcr den CO2-Ausstoss von Autos (die zuweilen beim Import durch \u00abkreative\u00bbMischrechnungen optimiert werden); sodann werden \u00f6kologisch motivierte Abgaben auf Benzin und Diesel vorgeschrieben, D\u00e4mmvorschriften f\u00fcr neu erstellte Geb\u00e4ude vorgegeben, Diskussionen \u00fcber Nachr\u00fcstungsvorschriften f\u00fcr bestehende H\u00e4user gef\u00fchrt und geplante Verbote von \u00d6lheizungen evaluiert.<\/p>\n\n\n\n<p>\u00d6konomen k\u00f6nnen nicht pr\u00fcfen, ob die aktuelle Sommerhitze\u00a0wissenschaftlich durch den Klimawandel begr\u00fcndet werden kann oder nicht \u2013 dies ist die Aufgabe anderer Wissenschaftszweige. Letztere scheinen dazu zu tendieren, einen Zusammenhang zu bejahen. Das leuchtet ein. Aus \u00f6konomischer Sicht ist es jedoch sehr empfehlenswert, sich zuweilen Gedanken dar\u00fcber zu machen, wie sich Kosten und Nutzen staatlicher Eingriffe (nicht nur im Klimabereich) pr\u00e4sentieren.<\/p>\n\n\n\n<p>Richard Tols Analysen haben, unter Ber\u00fccksichtigung der erw\u00e4hnten rechnerischen Schwierigkeiten, ein ern\u00fcchterndes Bild gezeigt. Bis 2010 haben die Staaten der Europ\u00e4ischen Union nahezu 15 Billionen Euro in Klimaschutzmassnahmen geleitet (oder investiert?). Den Temperaturanstieg konnte die Summe jedoch nur um gerade 0,05 Grad Celsius bremsen. Die erw\u00e4hnte Summe kostet, so die Berechnung des \u00d6konomen, alle zehn Jahre ein Jahr Wirtschaftswachstum. Die \u00f6konomischen Kalkulationen m\u00f6gen einen Denkanstoss darstellen, sehr kritisch zu \u00fcberpr\u00fcfen, ob der Mitteleinsatz wirklich zweckdienlich erfolgt ist und wie Gegensteuer zu geben ist.<\/p>\n\n\n\n<p>Der Verband Schweizerischer Elektrizit\u00e4tsunternehmen (VSE) vermeldete bereits, die am 25. Juli 2018 bezahlten Strompreise geh\u00f6rten zu den h\u00f6chsten, die bisher in diesem denkw\u00fcrdigen Hitzesommer zu zahlen gewesen w\u00e4ren. Aber auch kulinarisch zeigen sich weitere Konsequenzen: Deutschland rechnet mit einem Ausfall von bis zu 40 Prozent bei den Kartoffelernten, da die Knollen ab 30 Grad nicht mehr wachsen. Somit d\u00fcrften Pommes frites und Chips teurer werden (ein \u00e4hnlicher Effekt war schon im Hitzesommer 2003 zu beobachten).<\/p>\n\n\n\n<p>Es bleibt uns derweilen nichts anderes \u00fcbrig, als darauf zu warten, bis dass ein Wetterwechsel zu Linderung f\u00fchrt \u2013 wohl werden aber erst kalte und tr\u00fcbe Novembertage dazu beitragen, dass wir uns mit mehr Wohlwollen an die Hitzetage dieses Sommers zur\u00fcckerinnern.<\/p>\n\n\n\n<p>Die ausf\u00fchrliche Kolumne von Prof. Dr. Marco Passardi in der Luzerner Zeitung finden Sie <a href=\"https:\/\/hub.hslu.ch\/ifz\/wp-content\/blogs.dir\/165\/files\/sites\/6\/2018\/08\/Passardi-Marco_Was-uns-die-Kostenrechnungen-infolge-der-Sommerhitze-sagen_Kolumne_Luzerner-Zeitung_180811.pdf\" target=\"_blank\" rel=\"noreferrer noopener\">hier<\/a>.<\/p>\n","protected":false},"excerpt":{"rendered":"<p>Europa und die Schweiz sind schon seit langem von einer grossen Hitzewelle erfasst worden. Pflanzen verdorren, Mensch und Tier leiden \u2013 die Bilder von Tonnen toter Fische im Rhein zeigen die Konsequenzen des Hitzesommers auf. Oftmals werden die aktuellen H\u00f6chsttemperaturen in Verbindung mit dem Klimawandel gebracht; prognostiziert wird, dass uns weitere solche Sommer bevorstehen w\u00fcrden. Aus diesem Grund haben auch Politikerinnen und Politiker begonnen, durch regulative Eingriffe das Verhalten der B\u00fcrgerinnen und B\u00fcrger klimaschonender werden zu lassen.<\/p>\n","protected":false},"author":257,"featured_media":17670,"comment_status":"open","ping_status":"closed","sticky":false,"template":"","format":"standard","meta":{"_acf_changed":false,"inline_featured_image":false,"_relevanssi_hide_post":"","_relevanssi_hide_content":"","_relevanssi_pin_for_all":"","_relevanssi_pin_keywords":"","_relevanssi_unpin_keywords":"","_relevanssi_related_keywords":"","_relevanssi_related_include_ids":"","_relevanssi_related_exclude_ids":"","_relevanssi_related_no_append":"","_relevanssi_related_not_related":"","_relevanssi_related_posts":"","_relevanssi_noindex_reason":"","footnotes":"","_links_to":"","_links_to_target":""},"categories":[854975,561],"tags":[],"class_list":["post-17668","post","type-post","status-publish","format-standard","has-post-thumbnail","hentry","category-ifz-in-den-medien","category-kolumne"],"acf":[],"yoast_head":"<!-- This site is optimized with the Yoast SEO plugin v27.5 - https:\/\/yoast.com\/product\/yoast-seo-wordpress\/ -->\n<title>Prof. Dr. Marco Passardi: Was uns die Kostenrechnungen infolge der Sommerhitze sagen - IFZ Blog<\/title>\n<meta name=\"robots\" content=\"index, follow, max-snippet:-1, max-image-preview:large, max-video-preview:-1\" \/>\n<link rel=\"canonical\" href=\"https:\/\/hub.hslu.ch\/ifz\/2019\/02\/12\/prof-dr-yvonne-seiler-zimmermann-was-taugen-pk-ratings-fuer-die-wahl-der-vorsorgeeinrichtung\/\" \/>\n<script type=\"application\/ld+json\" class=\"yoast-schema-graph\">{\"@context\":\"https:\\\/\\\/schema.org\",\"@graph\":[{\"@type\":\"Article\",\"@id\":\"https:\\\/\\\/hub.hslu.ch\\\/ifz\\\/2019\\\/02\\\/12\\\/prof-dr-yvonne-seiler-zimmermann-was-taugen-pk-ratings-fuer-die-wahl-der-vorsorgeeinrichtung\\\/#article\",\"isPartOf\":{\"@id\":\"https:\\\/\\\/hub.hslu.ch\\\/ifz\\\/2019\\\/02\\\/12\\\/prof-dr-yvonne-seiler-zimmermann-was-taugen-pk-ratings-fuer-die-wahl-der-vorsorgeeinrichtung\\\/\"},\"author\":{\"name\":\"\",\"@id\":\"\"},\"headline\":\"Prof. Dr. Marco Passardi: Was uns die Kostenrechnungen infolge der Sommerhitze sagen\",\"datePublished\":\"2018-08-14T09:30:39+00:00\",\"dateModified\":\"2026-02-11T13:52:41+00:00\",\"mainEntityOfPage\":{\"@id\":\"https:\\\/\\\/hub.hslu.ch\\\/ifz\\\/2019\\\/02\\\/12\\\/prof-dr-yvonne-seiler-zimmermann-was-taugen-pk-ratings-fuer-die-wahl-der-vorsorgeeinrichtung\\\/\"},\"wordCount\":382,\"commentCount\":0,\"image\":{\"@id\":\"https:\\\/\\\/hub.hslu.ch\\\/ifz\\\/2019\\\/02\\\/12\\\/prof-dr-yvonne-seiler-zimmermann-was-taugen-pk-ratings-fuer-die-wahl-der-vorsorgeeinrichtung\\\/#primaryimage\"},\"thumbnailUrl\":\"https:\\\/\\\/hub.hslu.ch\\\/ifz\\\/wp-content\\\/blogs.dir\\\/165\\\/files\\\/sites\\\/6\\\/2018\\\/08\\\/180813_Blog_Passardi-Marco_Sommerhitze.jpg\",\"articleSection\":[\"IFZ in den Medien\",\"Kolumne\"],\"inLanguage\":\"de-CH\",\"potentialAction\":[{\"@type\":\"CommentAction\",\"name\":\"Comment\",\"target\":[\"https:\\\/\\\/hub.hslu.ch\\\/ifz\\\/2019\\\/02\\\/12\\\/prof-dr-yvonne-seiler-zimmermann-was-taugen-pk-ratings-fuer-die-wahl-der-vorsorgeeinrichtung\\\/#respond\"]}]},{\"@type\":\"WebPage\",\"@id\":\"https:\\\/\\\/hub.hslu.ch\\\/ifz\\\/2019\\\/02\\\/12\\\/prof-dr-yvonne-seiler-zimmermann-was-taugen-pk-ratings-fuer-die-wahl-der-vorsorgeeinrichtung\\\/\",\"url\":\"https:\\\/\\\/hub.hslu.ch\\\/ifz\\\/2019\\\/02\\\/12\\\/prof-dr-yvonne-seiler-zimmermann-was-taugen-pk-ratings-fuer-die-wahl-der-vorsorgeeinrichtung\\\/\",\"name\":\"Prof. Dr. Marco Passardi: Was uns die Kostenrechnungen infolge der Sommerhitze sagen - IFZ Blog\",\"isPartOf\":{\"@id\":\"https:\\\/\\\/hub.hslu.ch\\\/ifz\\\/#website\"},\"primaryImageOfPage\":{\"@id\":\"https:\\\/\\\/hub.hslu.ch\\\/ifz\\\/2019\\\/02\\\/12\\\/prof-dr-yvonne-seiler-zimmermann-was-taugen-pk-ratings-fuer-die-wahl-der-vorsorgeeinrichtung\\\/#primaryimage\"},\"image\":{\"@id\":\"https:\\\/\\\/hub.hslu.ch\\\/ifz\\\/2019\\\/02\\\/12\\\/prof-dr-yvonne-seiler-zimmermann-was-taugen-pk-ratings-fuer-die-wahl-der-vorsorgeeinrichtung\\\/#primaryimage\"},\"thumbnailUrl\":\"https:\\\/\\\/hub.hslu.ch\\\/ifz\\\/wp-content\\\/blogs.dir\\\/165\\\/files\\\/sites\\\/6\\\/2018\\\/08\\\/180813_Blog_Passardi-Marco_Sommerhitze.jpg\",\"datePublished\":\"2018-08-14T09:30:39+00:00\",\"dateModified\":\"2026-02-11T13:52:41+00:00\",\"author\":{\"@id\":\"\"},\"breadcrumb\":{\"@id\":\"https:\\\/\\\/hub.hslu.ch\\\/ifz\\\/2019\\\/02\\\/12\\\/prof-dr-yvonne-seiler-zimmermann-was-taugen-pk-ratings-fuer-die-wahl-der-vorsorgeeinrichtung\\\/#breadcrumb\"},\"inLanguage\":\"de-CH\",\"potentialAction\":[{\"@type\":\"ReadAction\",\"target\":[\"https:\\\/\\\/hub.hslu.ch\\\/ifz\\\/2019\\\/02\\\/12\\\/prof-dr-yvonne-seiler-zimmermann-was-taugen-pk-ratings-fuer-die-wahl-der-vorsorgeeinrichtung\\\/\"]}]},{\"@type\":\"ImageObject\",\"inLanguage\":\"de-CH\",\"@id\":\"https:\\\/\\\/hub.hslu.ch\\\/ifz\\\/2019\\\/02\\\/12\\\/prof-dr-yvonne-seiler-zimmermann-was-taugen-pk-ratings-fuer-die-wahl-der-vorsorgeeinrichtung\\\/#primaryimage\",\"url\":\"https:\\\/\\\/hub.hslu.ch\\\/ifz\\\/wp-content\\\/blogs.dir\\\/165\\\/files\\\/sites\\\/6\\\/2018\\\/08\\\/180813_Blog_Passardi-Marco_Sommerhitze.jpg\",\"contentUrl\":\"https:\\\/\\\/hub.hslu.ch\\\/ifz\\\/wp-content\\\/blogs.dir\\\/165\\\/files\\\/sites\\\/6\\\/2018\\\/08\\\/180813_Blog_Passardi-Marco_Sommerhitze.jpg\",\"width\":702,\"height\":336},{\"@type\":\"BreadcrumbList\",\"@id\":\"https:\\\/\\\/hub.hslu.ch\\\/ifz\\\/2019\\\/02\\\/12\\\/prof-dr-yvonne-seiler-zimmermann-was-taugen-pk-ratings-fuer-die-wahl-der-vorsorgeeinrichtung\\\/#breadcrumb\",\"itemListElement\":[{\"@type\":\"ListItem\",\"position\":1,\"name\":\"Home\",\"item\":\"https:\\\/\\\/hub.hslu.ch\\\/ifz\\\/2019\\\/02\\\/12\\\/prof-dr-yvonne-seiler-zimmermann-was-taugen-pk-ratings-fuer-die-wahl-der-vorsorgeeinrichtung\\\/\"},{\"@type\":\"ListItem\",\"position\":2,\"name\":\"Prof. Dr. Marco Passardi: Was uns die Kostenrechnungen infolge der Sommerhitze sagen\"}]},{\"@type\":\"WebSite\",\"@id\":\"https:\\\/\\\/hub.hslu.ch\\\/ifz\\\/#website\",\"url\":\"https:\\\/\\\/hub.hslu.ch\\\/ifz\\\/\",\"name\":\"IFZ Blog\",\"description\":\"News aus dem Institut f\u00fcr Finanzdienstleistungen Zug IFZ\",\"potentialAction\":[{\"@type\":\"SearchAction\",\"target\":{\"@type\":\"EntryPoint\",\"urlTemplate\":\"https:\\\/\\\/hub.hslu.ch\\\/ifz\\\/?s={search_term_string}\"},\"query-input\":{\"@type\":\"PropertyValueSpecification\",\"valueRequired\":true,\"valueName\":\"search_term_string\"}}],\"inLanguage\":\"de-CH\"},{\"@type\":\"Person\",\"@id\":\"\"}]}<\/script>\n<!-- \/ Yoast SEO plugin. -->","yoast_head_json":{"title":"Prof. Dr. Marco Passardi: Was uns die Kostenrechnungen infolge der Sommerhitze sagen - IFZ Blog","robots":{"index":"index","follow":"follow","max-snippet":"max-snippet:-1","max-image-preview":"max-image-preview:large","max-video-preview":"max-video-preview:-1"},"canonical":"https:\/\/hub.hslu.ch\/ifz\/2019\/02\/12\/prof-dr-yvonne-seiler-zimmermann-was-taugen-pk-ratings-fuer-die-wahl-der-vorsorgeeinrichtung\/","schema":{"@context":"https:\/\/schema.org","@graph":[{"@type":"Article","@id":"https:\/\/hub.hslu.ch\/ifz\/2019\/02\/12\/prof-dr-yvonne-seiler-zimmermann-was-taugen-pk-ratings-fuer-die-wahl-der-vorsorgeeinrichtung\/#article","isPartOf":{"@id":"https:\/\/hub.hslu.ch\/ifz\/2019\/02\/12\/prof-dr-yvonne-seiler-zimmermann-was-taugen-pk-ratings-fuer-die-wahl-der-vorsorgeeinrichtung\/"},"author":{"name":"","@id":""},"headline":"Prof. Dr. Marco Passardi: Was uns die Kostenrechnungen infolge der Sommerhitze sagen","datePublished":"2018-08-14T09:30:39+00:00","dateModified":"2026-02-11T13:52:41+00:00","mainEntityOfPage":{"@id":"https:\/\/hub.hslu.ch\/ifz\/2019\/02\/12\/prof-dr-yvonne-seiler-zimmermann-was-taugen-pk-ratings-fuer-die-wahl-der-vorsorgeeinrichtung\/"},"wordCount":382,"commentCount":0,"image":{"@id":"https:\/\/hub.hslu.ch\/ifz\/2019\/02\/12\/prof-dr-yvonne-seiler-zimmermann-was-taugen-pk-ratings-fuer-die-wahl-der-vorsorgeeinrichtung\/#primaryimage"},"thumbnailUrl":"https:\/\/hub.hslu.ch\/ifz\/wp-content\/blogs.dir\/165\/files\/sites\/6\/2018\/08\/180813_Blog_Passardi-Marco_Sommerhitze.jpg","articleSection":["IFZ in den Medien","Kolumne"],"inLanguage":"de-CH","potentialAction":[{"@type":"CommentAction","name":"Comment","target":["https:\/\/hub.hslu.ch\/ifz\/2019\/02\/12\/prof-dr-yvonne-seiler-zimmermann-was-taugen-pk-ratings-fuer-die-wahl-der-vorsorgeeinrichtung\/#respond"]}]},{"@type":"WebPage","@id":"https:\/\/hub.hslu.ch\/ifz\/2019\/02\/12\/prof-dr-yvonne-seiler-zimmermann-was-taugen-pk-ratings-fuer-die-wahl-der-vorsorgeeinrichtung\/","url":"https:\/\/hub.hslu.ch\/ifz\/2019\/02\/12\/prof-dr-yvonne-seiler-zimmermann-was-taugen-pk-ratings-fuer-die-wahl-der-vorsorgeeinrichtung\/","name":"Prof. Dr. Marco Passardi: Was uns die Kostenrechnungen infolge der Sommerhitze sagen - IFZ Blog","isPartOf":{"@id":"https:\/\/hub.hslu.ch\/ifz\/#website"},"primaryImageOfPage":{"@id":"https:\/\/hub.hslu.ch\/ifz\/2019\/02\/12\/prof-dr-yvonne-seiler-zimmermann-was-taugen-pk-ratings-fuer-die-wahl-der-vorsorgeeinrichtung\/#primaryimage"},"image":{"@id":"https:\/\/hub.hslu.ch\/ifz\/2019\/02\/12\/prof-dr-yvonne-seiler-zimmermann-was-taugen-pk-ratings-fuer-die-wahl-der-vorsorgeeinrichtung\/#primaryimage"},"thumbnailUrl":"https:\/\/hub.hslu.ch\/ifz\/wp-content\/blogs.dir\/165\/files\/sites\/6\/2018\/08\/180813_Blog_Passardi-Marco_Sommerhitze.jpg","datePublished":"2018-08-14T09:30:39+00:00","dateModified":"2026-02-11T13:52:41+00:00","author":{"@id":""},"breadcrumb":{"@id":"https:\/\/hub.hslu.ch\/ifz\/2019\/02\/12\/prof-dr-yvonne-seiler-zimmermann-was-taugen-pk-ratings-fuer-die-wahl-der-vorsorgeeinrichtung\/#breadcrumb"},"inLanguage":"de-CH","potentialAction":[{"@type":"ReadAction","target":["https:\/\/hub.hslu.ch\/ifz\/2019\/02\/12\/prof-dr-yvonne-seiler-zimmermann-was-taugen-pk-ratings-fuer-die-wahl-der-vorsorgeeinrichtung\/"]}]},{"@type":"ImageObject","inLanguage":"de-CH","@id":"https:\/\/hub.hslu.ch\/ifz\/2019\/02\/12\/prof-dr-yvonne-seiler-zimmermann-was-taugen-pk-ratings-fuer-die-wahl-der-vorsorgeeinrichtung\/#primaryimage","url":"https:\/\/hub.hslu.ch\/ifz\/wp-content\/blogs.dir\/165\/files\/sites\/6\/2018\/08\/180813_Blog_Passardi-Marco_Sommerhitze.jpg","contentUrl":"https:\/\/hub.hslu.ch\/ifz\/wp-content\/blogs.dir\/165\/files\/sites\/6\/2018\/08\/180813_Blog_Passardi-Marco_Sommerhitze.jpg","width":702,"height":336},{"@type":"BreadcrumbList","@id":"https:\/\/hub.hslu.ch\/ifz\/2019\/02\/12\/prof-dr-yvonne-seiler-zimmermann-was-taugen-pk-ratings-fuer-die-wahl-der-vorsorgeeinrichtung\/#breadcrumb","itemListElement":[{"@type":"ListItem","position":1,"name":"Home","item":"https:\/\/hub.hslu.ch\/ifz\/2019\/02\/12\/prof-dr-yvonne-seiler-zimmermann-was-taugen-pk-ratings-fuer-die-wahl-der-vorsorgeeinrichtung\/"},{"@type":"ListItem","position":2,"name":"Prof. Dr. Marco Passardi: Was uns die Kostenrechnungen infolge der Sommerhitze sagen"}]},{"@type":"WebSite","@id":"https:\/\/hub.hslu.ch\/ifz\/#website","url":"https:\/\/hub.hslu.ch\/ifz\/","name":"IFZ Blog","description":"News aus dem Institut f\u00fcr Finanzdienstleistungen Zug IFZ","potentialAction":[{"@type":"SearchAction","target":{"@type":"EntryPoint","urlTemplate":"https:\/\/hub.hslu.ch\/ifz\/?s={search_term_string}"},"query-input":{"@type":"PropertyValueSpecification","valueRequired":true,"valueName":"search_term_string"}}],"inLanguage":"de-CH"},{"@type":"Person","@id":""}]}},"featured_image_src":"https:\/\/hub.hslu.ch\/ifz\/wp-content\/blogs.dir\/165\/files\/sites\/6\/2018\/08\/180813_Blog_Passardi-Marco_Sommerhitze.jpg","featured_image_src_square":"https:\/\/hub.hslu.ch\/ifz\/wp-content\/blogs.dir\/165\/files\/sites\/6\/2018\/08\/180813_Blog_Passardi-Marco_Sommerhitze.jpg","author_info":{"display_name":"","author_link":"https:\/\/hub.hslu.ch\/ifz\/author\/"},"_links":{"self":[{"href":"https:\/\/hub.hslu.ch\/ifz\/wp-json\/wp\/v2\/posts\/17668","targetHints":{"allow":["GET"]}}],"collection":[{"href":"https:\/\/hub.hslu.ch\/ifz\/wp-json\/wp\/v2\/posts"}],"about":[{"href":"https:\/\/hub.hslu.ch\/ifz\/wp-json\/wp\/v2\/types\/post"}],"author":[{"embeddable":true,"href":"https:\/\/hub.hslu.ch\/ifz\/wp-json\/wp\/v2\/users\/257"}],"replies":[{"embeddable":true,"href":"https:\/\/hub.hslu.ch\/ifz\/wp-json\/wp\/v2\/comments?post=17668"}],"version-history":[{"count":6,"href":"https:\/\/hub.hslu.ch\/ifz\/wp-json\/wp\/v2\/posts\/17668\/revisions"}],"predecessor-version":[{"id":21042,"href":"https:\/\/hub.hslu.ch\/ifz\/wp-json\/wp\/v2\/posts\/17668\/revisions\/21042"}],"wp:featuredmedia":[{"embeddable":true,"href":"https:\/\/hub.hslu.ch\/ifz\/wp-json\/wp\/v2\/media\/17670"}],"wp:attachment":[{"href":"https:\/\/hub.hslu.ch\/ifz\/wp-json\/wp\/v2\/media?parent=17668"}],"wp:term":[{"taxonomy":"category","embeddable":true,"href":"https:\/\/hub.hslu.ch\/ifz\/wp-json\/wp\/v2\/categories?post=17668"},{"taxonomy":"post_tag","embeddable":true,"href":"https:\/\/hub.hslu.ch\/ifz\/wp-json\/wp\/v2\/tags?post=17668"}],"curies":[{"name":"wp","href":"https:\/\/api.w.org\/{rel}","templated":true}]}}