{"id":17677,"date":"2018-09-04T11:30:12","date_gmt":"2018-09-04T09:30:12","guid":{"rendered":"https:\/\/hub.hslu.ch\/ifz\/?p=17677"},"modified":"2026-02-11T14:52:41","modified_gmt":"2026-02-11T13:52:41","slug":"buch-neuerscheinung-interne-kontrollsysteme-im-finanzbereich","status":"publish","type":"post","link":"https:\/\/hub.hslu.ch\/ifz\/2018\/09\/04\/buch-neuerscheinung-interne-kontrollsysteme-im-finanzbereich\/","title":{"rendered":"Prof. Dr. Monika Roth: Wenn die Wahrheit \u00fcberhaupt nicht (mehr) interessiert"},"content":{"rendered":"\n<p>von <a href=\"https:\/\/www.hslu.ch\/de-ch\/hochschule-luzern\/ueber-uns\/personensuche\/profile\/?pid=245\" target=\"_blank\" rel=\"noreferrer noopener\">Prof. Dr. Monika Roth<\/a>, Dozentin und Studienleiterin&nbsp;am <a href=\"https:\/\/www.hslu.ch\/de-ch\/wirtschaft\/institute\/ifz\/\" target=\"_blank\" rel=\"noreferrer noopener\">Institut f\u00fcr Finanzdienstleistungen Zug IFZ<\/a><\/p>\n\n\n\n\n\n<p>K\u00fcrzlich hat jemand in einem Presseartikel von Instantverleumdungen gesprochen und damit thematisiert, dass sich heute nicht nur jeder und jede zu jedem Thema und zu jeder Person \u00f6ffentlich \u00e4ussern kann: Alle sind Spezialisten in allem. Das heisst eigentlich: Jeder, der sich dazu berufen f\u00fchlt, irgendetwas von sich zu geben, wird so Bestandteil der Journaille, des Presseboulevards. Der Begriff Journaille enth\u00e4lt das Wort \u00abJour\u00bb \u2013 es ist ein Hinweis auf Kurzlebigkeit, die Konzentration auf gerade Aktuelles. Die Endung \u00abnaille\u00bb ist abwertend im Sinne der Ver\u00e4chtlichkeit.<\/p>\n\n\n\n<p>Kurzlebig ist es indessen \u00fcberhaupt nicht, wenn in der \u00d6ffentlichkeit \u00fcber Pesonen negativ berichtet wird, wenn Behauptungen als absolute Wahrheiten pr\u00e4sentiert und Beschuldigungen wie rechtskr\u00e4ftige \u00abGerichtswahrheiten\u00bb pr\u00e4sentiert werden. F\u00fcr die Angegriffenen kann solches das Ende ihres gesellschaftlichen Ansehens bedeuten und gravierende Folgen auf die Psyche haben. Sie werden ausgegrenzt, und niemand will dann \u00f6ffentlich zu dieser Person mehr stehen.<\/p>\n\n\n\n<p>Im Rahmen der meines Erachtens zwar zu Recht lancierten #MeToo-Debatte ist es diesbez\u00fcglich zu Exzessen gekommen, die den Rahmen einer sinnvollen \u00f6ffentlichen Diskussion sprengen. Zun\u00e4chst ist es Sache der Justiz, deliktisches Verhalten zu untersuchen und echte #MeToo-F\u00e4lle zu sanktionieren. Zur funktionierenden Strafjustiz\u00a0geh\u00f6rt, dass eine Anschuldigung keine Verurteilung ist und dass bis zum rechtskr\u00e4ftigen Urteil die Unschuldsvermutung gilt. Davon aber will der laute und manchmal masslose Volksmund rein gar nichts wissen. Die Unschuldsvermutung gilt da nicht. Zudem haben sich hier Frauen selbst teilweise als merkw\u00fcrdige und widerspr\u00fcchliche Wesen entpuppt: Wie man behaupten kann, von einem Filmproduzenten vergewaltigt worden zu sein, und nachher mit ihm ein mehrj\u00e4hriges \u00abLiebesverh\u00e4ltnis\u00bb unterh\u00e4lt, erschliesst sich mir gar nicht. Jedenfalls muss die Schlussfolgerung angedacht werden, dass Erfolg und Geld dann doch (noch) die Oberhand gewinnen.<\/p>\n\n\n\n<p>Was allgemein auff\u00e4llt, ist, wie schnell im Rahmen der #MeToo-Debatte M\u00e4nner fallen gelassen wurden, sobald Anschuldigungen da waren (deren Motive man bitte nie hinterfragen wollte). In Schweden brachte sich der Theatermacher Benny Fredriksson, der Ehemann der Operns\u00e4ngerin Anne Sofie von Otter, um, als Anschuldigungen gegen ihn laut wurden, die sich \u00fcbrigens als haltlos erwiesen haben. Fredriksson war mutmasslich nicht immer ein netter Chef, eventuell ein harter, ungeduldiger und schwieriger Mensch \u2013 das alles sind viele, viele andere auch.<\/p>\n\n\n\n<p>Diese Trag\u00f6die hat eine Facette, die ich speziell erw\u00e4hnen will: Wer n\u00e4mlich Fredriksson verteidigte, wer zu ihm stand \u2013 der erlebte einen \u00abShitstorm\u00bb. Alle hatten Angst, von den Medien in den Dreck gezogen zu werden, und bekamen zu sp\u00fcren, wenn sie sich unterst\u00fctzend \u00e4usserten. Die Politik und der Staat versagten vollkommen; man war feige, opportunistisch und auf bevorstehende Wahlen konzentriert. Es gibt ein Bild, das ich einem der B\u00fccher von John Follain \u00fcber die Mafia entnommen habe. Der 1982 von der Mafia ermordete Carabinieri- General Carlo Alberto dalla Chiesa erhielt Mitte 1970 einen Hilferuf eines Polizisten, der vom lokalen Mafia-Boss bedroht worden war. General dalla Chiesa fuhr dorthin und spazierte am hellen Tag mit dem Carabiniere durch den Ort auf und ab und blieb vor dem Haus des Mafioso stehen. Damit bekundete er ohne weiteres, wo er \u2013 nicht nur k\u00f6rperlich \u2013 stand. Das nennt man Haltung.<\/p>\n\n\n\n<p>Was im geschilderten Fall in Schweden passierte, ist abstossend \u2013 niemand mit Anstand wird das bestreiten wollen. Aber es geht noch weiter: Die Haltung, die der 1982 von der Mafia ermordete General dalla Chiesa zeigte, erfuhr er selbst von anderen nicht. Die Komplizenschaft von Politikern mit der Mafia signalisierte diesem im Gegenteil, dass er sehr wohl angreifbar war, und man liess ihn so im Stich. Rom signalisierte Palermo: Der dort weilende dalla Chiesa geniesst keinen besonderen Schutz und keine wirkliche Unterst\u00fctzung \u2013 wenn er so weiter machte, w\u00fcrde er halt den Preis bezahlen m\u00fcssen. Man gab ihn so letztlich zum Abschuss frei.<\/p>\n\n\n\n<p>Das bedeutet: Man muss sich diesen Instantverleumdungen entgegenstellen und Farbe bekennen. Wer sich nur vom Mainstream leiten l\u00e4sst und stumm bleibt, versagt und handelt damit als politischer und gesellschaftlicher Entscheidungstr\u00e4ger ohne Sinn f\u00fcr Verantwortung.<\/p>\n\n\n\n<p>Die <a href=\"https:\/\/hub.hslu.ch\/ifz\/wp-content\/blogs.dir\/165\/files\/sites\/6\/2018\/09\/Roth-Monika_Wenn-die-Wahrheit-\u00fcberhaupt-nicht-mehr-interessiert_Kolumne_Luzerner-Zeitung_180901.pdf\" target=\"_blank\" rel=\"noreferrer noopener\">Kolumne<\/a>&nbsp;von Prof. Dr. Monika Roth ist in der Luzerner Zeitung erschienen.<\/p>\n","protected":false},"excerpt":{"rendered":"<p>Es gibt unz\u00e4hlige Zitate dar\u00fcber, was denn der gute Ruf bedeute, was er wert sei und wie schnell er ruiniert sein kann. Und wir haben in Donald Trump einen amerikanischen Pr\u00e4sidenten, der Wilhelm Buschs Satz \u00abIst der Ruf erst ruiniert, lebt es sich ganz ungeniert\u00bb geradezu exemplarisch umsetzt.<\/p>\n","protected":false},"author":257,"featured_media":17712,"comment_status":"open","ping_status":"closed","sticky":false,"template":"","format":"standard","meta":{"_acf_changed":false,"inline_featured_image":false,"_relevanssi_hide_post":"","_relevanssi_hide_content":"","_relevanssi_pin_for_all":"","_relevanssi_pin_keywords":"","_relevanssi_unpin_keywords":"","_relevanssi_related_keywords":"","_relevanssi_related_include_ids":"","_relevanssi_related_exclude_ids":"","_relevanssi_related_no_append":"","_relevanssi_related_not_related":"","_relevanssi_related_posts":"","_relevanssi_noindex_reason":"","footnotes":"","_links_to":"","_links_to_target":""},"categories":[406,854975,561],"tags":[],"class_list":["post-17677","post","type-post","status-publish","format-standard","has-post-thumbnail","hentry","category-allgemeines","category-ifz-in-den-medien","category-kolumne"],"acf":[],"yoast_head":"<!-- This site is optimized with the Yoast SEO plugin v27.5 - https:\/\/yoast.com\/product\/yoast-seo-wordpress\/ -->\n<title>Prof. Dr. Monika Roth: Wenn die Wahrheit \u00fcberhaupt nicht (mehr) interessiert - IFZ Blog<\/title>\n<meta name=\"robots\" content=\"index, follow, max-snippet:-1, max-image-preview:large, max-video-preview:-1\" \/>\n<link rel=\"canonical\" href=\"https:\/\/hub.hslu.ch\/ifz\/2019\/02\/12\/prof-dr-yvonne-seiler-zimmermann-was-taugen-pk-ratings-fuer-die-wahl-der-vorsorgeeinrichtung\/\" \/>\n<script type=\"application\/ld+json\" class=\"yoast-schema-graph\">{\"@context\":\"https:\\\/\\\/schema.org\",\"@graph\":[{\"@type\":\"Article\",\"@id\":\"https:\\\/\\\/hub.hslu.ch\\\/ifz\\\/2019\\\/02\\\/12\\\/prof-dr-yvonne-seiler-zimmermann-was-taugen-pk-ratings-fuer-die-wahl-der-vorsorgeeinrichtung\\\/#article\",\"isPartOf\":{\"@id\":\"https:\\\/\\\/hub.hslu.ch\\\/ifz\\\/2019\\\/02\\\/12\\\/prof-dr-yvonne-seiler-zimmermann-was-taugen-pk-ratings-fuer-die-wahl-der-vorsorgeeinrichtung\\\/\"},\"author\":{\"name\":\"\",\"@id\":\"\"},\"headline\":\"Prof. Dr. Monika Roth: Wenn die Wahrheit \u00fcberhaupt nicht (mehr) interessiert\",\"datePublished\":\"2018-09-04T09:30:12+00:00\",\"dateModified\":\"2026-02-11T13:52:41+00:00\",\"mainEntityOfPage\":{\"@id\":\"https:\\\/\\\/hub.hslu.ch\\\/ifz\\\/2019\\\/02\\\/12\\\/prof-dr-yvonne-seiler-zimmermann-was-taugen-pk-ratings-fuer-die-wahl-der-vorsorgeeinrichtung\\\/\"},\"wordCount\":698,\"commentCount\":0,\"image\":{\"@id\":\"https:\\\/\\\/hub.hslu.ch\\\/ifz\\\/2019\\\/02\\\/12\\\/prof-dr-yvonne-seiler-zimmermann-was-taugen-pk-ratings-fuer-die-wahl-der-vorsorgeeinrichtung\\\/#primaryimage\"},\"thumbnailUrl\":\"https:\\\/\\\/hub.hslu.ch\\\/ifz\\\/wp-content\\\/blogs.dir\\\/165\\\/files\\\/sites\\\/6\\\/2018\\\/09\\\/180903_Blog-Monika-Roth_Wenn-die-Wahrheit-\u00fcberhaupt-nicht-mehr-interessiert.jpg\",\"articleSection\":[\"Allgemeines\",\"IFZ in den Medien\",\"Kolumne\"],\"inLanguage\":\"de-CH\",\"potentialAction\":[{\"@type\":\"CommentAction\",\"name\":\"Comment\",\"target\":[\"https:\\\/\\\/hub.hslu.ch\\\/ifz\\\/2019\\\/02\\\/12\\\/prof-dr-yvonne-seiler-zimmermann-was-taugen-pk-ratings-fuer-die-wahl-der-vorsorgeeinrichtung\\\/#respond\"]}]},{\"@type\":\"WebPage\",\"@id\":\"https:\\\/\\\/hub.hslu.ch\\\/ifz\\\/2019\\\/02\\\/12\\\/prof-dr-yvonne-seiler-zimmermann-was-taugen-pk-ratings-fuer-die-wahl-der-vorsorgeeinrichtung\\\/\",\"url\":\"https:\\\/\\\/hub.hslu.ch\\\/ifz\\\/2019\\\/02\\\/12\\\/prof-dr-yvonne-seiler-zimmermann-was-taugen-pk-ratings-fuer-die-wahl-der-vorsorgeeinrichtung\\\/\",\"name\":\"Prof. Dr. Monika Roth: Wenn die Wahrheit \u00fcberhaupt nicht (mehr) interessiert - IFZ Blog\",\"isPartOf\":{\"@id\":\"https:\\\/\\\/hub.hslu.ch\\\/ifz\\\/#website\"},\"primaryImageOfPage\":{\"@id\":\"https:\\\/\\\/hub.hslu.ch\\\/ifz\\\/2019\\\/02\\\/12\\\/prof-dr-yvonne-seiler-zimmermann-was-taugen-pk-ratings-fuer-die-wahl-der-vorsorgeeinrichtung\\\/#primaryimage\"},\"image\":{\"@id\":\"https:\\\/\\\/hub.hslu.ch\\\/ifz\\\/2019\\\/02\\\/12\\\/prof-dr-yvonne-seiler-zimmermann-was-taugen-pk-ratings-fuer-die-wahl-der-vorsorgeeinrichtung\\\/#primaryimage\"},\"thumbnailUrl\":\"https:\\\/\\\/hub.hslu.ch\\\/ifz\\\/wp-content\\\/blogs.dir\\\/165\\\/files\\\/sites\\\/6\\\/2018\\\/09\\\/180903_Blog-Monika-Roth_Wenn-die-Wahrheit-\u00fcberhaupt-nicht-mehr-interessiert.jpg\",\"datePublished\":\"2018-09-04T09:30:12+00:00\",\"dateModified\":\"2026-02-11T13:52:41+00:00\",\"author\":{\"@id\":\"\"},\"breadcrumb\":{\"@id\":\"https:\\\/\\\/hub.hslu.ch\\\/ifz\\\/2019\\\/02\\\/12\\\/prof-dr-yvonne-seiler-zimmermann-was-taugen-pk-ratings-fuer-die-wahl-der-vorsorgeeinrichtung\\\/#breadcrumb\"},\"inLanguage\":\"de-CH\",\"potentialAction\":[{\"@type\":\"ReadAction\",\"target\":[\"https:\\\/\\\/hub.hslu.ch\\\/ifz\\\/2019\\\/02\\\/12\\\/prof-dr-yvonne-seiler-zimmermann-was-taugen-pk-ratings-fuer-die-wahl-der-vorsorgeeinrichtung\\\/\"]}]},{\"@type\":\"ImageObject\",\"inLanguage\":\"de-CH\",\"@id\":\"https:\\\/\\\/hub.hslu.ch\\\/ifz\\\/2019\\\/02\\\/12\\\/prof-dr-yvonne-seiler-zimmermann-was-taugen-pk-ratings-fuer-die-wahl-der-vorsorgeeinrichtung\\\/#primaryimage\",\"url\":\"https:\\\/\\\/hub.hslu.ch\\\/ifz\\\/wp-content\\\/blogs.dir\\\/165\\\/files\\\/sites\\\/6\\\/2018\\\/09\\\/180903_Blog-Monika-Roth_Wenn-die-Wahrheit-\u00fcberhaupt-nicht-mehr-interessiert.jpg\",\"contentUrl\":\"https:\\\/\\\/hub.hslu.ch\\\/ifz\\\/wp-content\\\/blogs.dir\\\/165\\\/files\\\/sites\\\/6\\\/2018\\\/09\\\/180903_Blog-Monika-Roth_Wenn-die-Wahrheit-\u00fcberhaupt-nicht-mehr-interessiert.jpg\",\"width\":702,\"height\":336},{\"@type\":\"BreadcrumbList\",\"@id\":\"https:\\\/\\\/hub.hslu.ch\\\/ifz\\\/2019\\\/02\\\/12\\\/prof-dr-yvonne-seiler-zimmermann-was-taugen-pk-ratings-fuer-die-wahl-der-vorsorgeeinrichtung\\\/#breadcrumb\",\"itemListElement\":[{\"@type\":\"ListItem\",\"position\":1,\"name\":\"Home\",\"item\":\"https:\\\/\\\/hub.hslu.ch\\\/ifz\\\/2019\\\/02\\\/12\\\/prof-dr-yvonne-seiler-zimmermann-was-taugen-pk-ratings-fuer-die-wahl-der-vorsorgeeinrichtung\\\/\"},{\"@type\":\"ListItem\",\"position\":2,\"name\":\"Prof. Dr. Monika Roth: Wenn die Wahrheit \u00fcberhaupt nicht (mehr) interessiert\"}]},{\"@type\":\"WebSite\",\"@id\":\"https:\\\/\\\/hub.hslu.ch\\\/ifz\\\/#website\",\"url\":\"https:\\\/\\\/hub.hslu.ch\\\/ifz\\\/\",\"name\":\"IFZ Blog\",\"description\":\"News aus dem Institut f\u00fcr Finanzdienstleistungen Zug IFZ\",\"potentialAction\":[{\"@type\":\"SearchAction\",\"target\":{\"@type\":\"EntryPoint\",\"urlTemplate\":\"https:\\\/\\\/hub.hslu.ch\\\/ifz\\\/?s={search_term_string}\"},\"query-input\":{\"@type\":\"PropertyValueSpecification\",\"valueRequired\":true,\"valueName\":\"search_term_string\"}}],\"inLanguage\":\"de-CH\"},{\"@type\":\"Person\",\"@id\":\"\"}]}<\/script>\n<!-- \/ Yoast SEO plugin. -->","yoast_head_json":{"title":"Prof. Dr. Monika Roth: Wenn die Wahrheit \u00fcberhaupt nicht (mehr) interessiert - IFZ Blog","robots":{"index":"index","follow":"follow","max-snippet":"max-snippet:-1","max-image-preview":"max-image-preview:large","max-video-preview":"max-video-preview:-1"},"canonical":"https:\/\/hub.hslu.ch\/ifz\/2019\/02\/12\/prof-dr-yvonne-seiler-zimmermann-was-taugen-pk-ratings-fuer-die-wahl-der-vorsorgeeinrichtung\/","schema":{"@context":"https:\/\/schema.org","@graph":[{"@type":"Article","@id":"https:\/\/hub.hslu.ch\/ifz\/2019\/02\/12\/prof-dr-yvonne-seiler-zimmermann-was-taugen-pk-ratings-fuer-die-wahl-der-vorsorgeeinrichtung\/#article","isPartOf":{"@id":"https:\/\/hub.hslu.ch\/ifz\/2019\/02\/12\/prof-dr-yvonne-seiler-zimmermann-was-taugen-pk-ratings-fuer-die-wahl-der-vorsorgeeinrichtung\/"},"author":{"name":"","@id":""},"headline":"Prof. Dr. Monika Roth: Wenn die Wahrheit \u00fcberhaupt nicht (mehr) interessiert","datePublished":"2018-09-04T09:30:12+00:00","dateModified":"2026-02-11T13:52:41+00:00","mainEntityOfPage":{"@id":"https:\/\/hub.hslu.ch\/ifz\/2019\/02\/12\/prof-dr-yvonne-seiler-zimmermann-was-taugen-pk-ratings-fuer-die-wahl-der-vorsorgeeinrichtung\/"},"wordCount":698,"commentCount":0,"image":{"@id":"https:\/\/hub.hslu.ch\/ifz\/2019\/02\/12\/prof-dr-yvonne-seiler-zimmermann-was-taugen-pk-ratings-fuer-die-wahl-der-vorsorgeeinrichtung\/#primaryimage"},"thumbnailUrl":"https:\/\/hub.hslu.ch\/ifz\/wp-content\/blogs.dir\/165\/files\/sites\/6\/2018\/09\/180903_Blog-Monika-Roth_Wenn-die-Wahrheit-\u00fcberhaupt-nicht-mehr-interessiert.jpg","articleSection":["Allgemeines","IFZ in den Medien","Kolumne"],"inLanguage":"de-CH","potentialAction":[{"@type":"CommentAction","name":"Comment","target":["https:\/\/hub.hslu.ch\/ifz\/2019\/02\/12\/prof-dr-yvonne-seiler-zimmermann-was-taugen-pk-ratings-fuer-die-wahl-der-vorsorgeeinrichtung\/#respond"]}]},{"@type":"WebPage","@id":"https:\/\/hub.hslu.ch\/ifz\/2019\/02\/12\/prof-dr-yvonne-seiler-zimmermann-was-taugen-pk-ratings-fuer-die-wahl-der-vorsorgeeinrichtung\/","url":"https:\/\/hub.hslu.ch\/ifz\/2019\/02\/12\/prof-dr-yvonne-seiler-zimmermann-was-taugen-pk-ratings-fuer-die-wahl-der-vorsorgeeinrichtung\/","name":"Prof. Dr. Monika Roth: Wenn die Wahrheit \u00fcberhaupt nicht (mehr) interessiert - IFZ Blog","isPartOf":{"@id":"https:\/\/hub.hslu.ch\/ifz\/#website"},"primaryImageOfPage":{"@id":"https:\/\/hub.hslu.ch\/ifz\/2019\/02\/12\/prof-dr-yvonne-seiler-zimmermann-was-taugen-pk-ratings-fuer-die-wahl-der-vorsorgeeinrichtung\/#primaryimage"},"image":{"@id":"https:\/\/hub.hslu.ch\/ifz\/2019\/02\/12\/prof-dr-yvonne-seiler-zimmermann-was-taugen-pk-ratings-fuer-die-wahl-der-vorsorgeeinrichtung\/#primaryimage"},"thumbnailUrl":"https:\/\/hub.hslu.ch\/ifz\/wp-content\/blogs.dir\/165\/files\/sites\/6\/2018\/09\/180903_Blog-Monika-Roth_Wenn-die-Wahrheit-\u00fcberhaupt-nicht-mehr-interessiert.jpg","datePublished":"2018-09-04T09:30:12+00:00","dateModified":"2026-02-11T13:52:41+00:00","author":{"@id":""},"breadcrumb":{"@id":"https:\/\/hub.hslu.ch\/ifz\/2019\/02\/12\/prof-dr-yvonne-seiler-zimmermann-was-taugen-pk-ratings-fuer-die-wahl-der-vorsorgeeinrichtung\/#breadcrumb"},"inLanguage":"de-CH","potentialAction":[{"@type":"ReadAction","target":["https:\/\/hub.hslu.ch\/ifz\/2019\/02\/12\/prof-dr-yvonne-seiler-zimmermann-was-taugen-pk-ratings-fuer-die-wahl-der-vorsorgeeinrichtung\/"]}]},{"@type":"ImageObject","inLanguage":"de-CH","@id":"https:\/\/hub.hslu.ch\/ifz\/2019\/02\/12\/prof-dr-yvonne-seiler-zimmermann-was-taugen-pk-ratings-fuer-die-wahl-der-vorsorgeeinrichtung\/#primaryimage","url":"https:\/\/hub.hslu.ch\/ifz\/wp-content\/blogs.dir\/165\/files\/sites\/6\/2018\/09\/180903_Blog-Monika-Roth_Wenn-die-Wahrheit-\u00fcberhaupt-nicht-mehr-interessiert.jpg","contentUrl":"https:\/\/hub.hslu.ch\/ifz\/wp-content\/blogs.dir\/165\/files\/sites\/6\/2018\/09\/180903_Blog-Monika-Roth_Wenn-die-Wahrheit-\u00fcberhaupt-nicht-mehr-interessiert.jpg","width":702,"height":336},{"@type":"BreadcrumbList","@id":"https:\/\/hub.hslu.ch\/ifz\/2019\/02\/12\/prof-dr-yvonne-seiler-zimmermann-was-taugen-pk-ratings-fuer-die-wahl-der-vorsorgeeinrichtung\/#breadcrumb","itemListElement":[{"@type":"ListItem","position":1,"name":"Home","item":"https:\/\/hub.hslu.ch\/ifz\/2019\/02\/12\/prof-dr-yvonne-seiler-zimmermann-was-taugen-pk-ratings-fuer-die-wahl-der-vorsorgeeinrichtung\/"},{"@type":"ListItem","position":2,"name":"Prof. Dr. Monika Roth: Wenn die Wahrheit \u00fcberhaupt nicht (mehr) interessiert"}]},{"@type":"WebSite","@id":"https:\/\/hub.hslu.ch\/ifz\/#website","url":"https:\/\/hub.hslu.ch\/ifz\/","name":"IFZ Blog","description":"News aus dem Institut f\u00fcr Finanzdienstleistungen Zug IFZ","potentialAction":[{"@type":"SearchAction","target":{"@type":"EntryPoint","urlTemplate":"https:\/\/hub.hslu.ch\/ifz\/?s={search_term_string}"},"query-input":{"@type":"PropertyValueSpecification","valueRequired":true,"valueName":"search_term_string"}}],"inLanguage":"de-CH"},{"@type":"Person","@id":""}]}},"featured_image_src":"https:\/\/hub.hslu.ch\/ifz\/wp-content\/blogs.dir\/165\/files\/sites\/6\/2018\/09\/180903_Blog-Monika-Roth_Wenn-die-Wahrheit-\u00fcberhaupt-nicht-mehr-interessiert.jpg","featured_image_src_square":"https:\/\/hub.hslu.ch\/ifz\/wp-content\/blogs.dir\/165\/files\/sites\/6\/2018\/09\/180903_Blog-Monika-Roth_Wenn-die-Wahrheit-\u00fcberhaupt-nicht-mehr-interessiert.jpg","author_info":{"display_name":"","author_link":"https:\/\/hub.hslu.ch\/ifz\/author\/"},"_links":{"self":[{"href":"https:\/\/hub.hslu.ch\/ifz\/wp-json\/wp\/v2\/posts\/17677","targetHints":{"allow":["GET"]}}],"collection":[{"href":"https:\/\/hub.hslu.ch\/ifz\/wp-json\/wp\/v2\/posts"}],"about":[{"href":"https:\/\/hub.hslu.ch\/ifz\/wp-json\/wp\/v2\/types\/post"}],"author":[{"embeddable":true,"href":"https:\/\/hub.hslu.ch\/ifz\/wp-json\/wp\/v2\/users\/257"}],"replies":[{"embeddable":true,"href":"https:\/\/hub.hslu.ch\/ifz\/wp-json\/wp\/v2\/comments?post=17677"}],"version-history":[{"count":7,"href":"https:\/\/hub.hslu.ch\/ifz\/wp-json\/wp\/v2\/posts\/17677\/revisions"}],"predecessor-version":[{"id":21043,"href":"https:\/\/hub.hslu.ch\/ifz\/wp-json\/wp\/v2\/posts\/17677\/revisions\/21043"}],"wp:featuredmedia":[{"embeddable":true,"href":"https:\/\/hub.hslu.ch\/ifz\/wp-json\/wp\/v2\/media\/17712"}],"wp:attachment":[{"href":"https:\/\/hub.hslu.ch\/ifz\/wp-json\/wp\/v2\/media?parent=17677"}],"wp:term":[{"taxonomy":"category","embeddable":true,"href":"https:\/\/hub.hslu.ch\/ifz\/wp-json\/wp\/v2\/categories?post=17677"},{"taxonomy":"post_tag","embeddable":true,"href":"https:\/\/hub.hslu.ch\/ifz\/wp-json\/wp\/v2\/tags?post=17677"}],"curies":[{"name":"wp","href":"https:\/\/api.w.org\/{rel}","templated":true}]}}