{"id":17734,"date":"2018-09-24T11:30:05","date_gmt":"2018-09-24T09:30:05","guid":{"rendered":"https:\/\/hub.hslu.ch\/ifz\/?p=17734"},"modified":"2026-02-11T14:52:41","modified_gmt":"2026-02-11T13:52:41","slug":"rebecca-guntern-ueber-das-thema-chancen-ergreifen-ein-blick-hinter-die-kulissen-mit-erfahrungen-und-tipps","status":"publish","type":"post","link":"https:\/\/hub.hslu.ch\/ifz\/2018\/09\/24\/rebecca-guntern-ueber-das-thema-chancen-ergreifen-ein-blick-hinter-die-kulissen-mit-erfahrungen-und-tipps\/","title":{"rendered":"Rebecca Guntern \u00fcber das Thema \u00abChancen ergreifen\u00bb \u2013 ein Blick hinter die Kulissen mit Erfahrungen und Tipps"},"content":{"rendered":"\n<p>von <a href=\"https:\/\/www.hslu.ch\/de-ch\/hochschule-luzern\/ueber-uns\/personensuche\/profile\/?pid=3416\" target=\"_blank\" rel=\"noreferrer noopener\">Dr. Anina Hille<\/a>, Dozentin und Projektleiterin am <a href=\"https:\/\/www.hslu.ch\/de-ch\/wirtschaft\/institute\/ifz\/\" target=\"_blank\" rel=\"noreferrer noopener\">Insitut f\u00fcr Finanzdienstleistungen Zug IFZ<\/a><\/p>\n\n\n\n\n\n<p><strong>Du engagierst Dich aktiv f\u00fcr die Chancenerh\u00f6hung von Frauen, um in F\u00fchrungspositionen zu gelangen. Dies sehr erfolgreich. Sandoz verzeichnet \u00fcberdurchschnittlich gute Frauenstatistiken \u2013 und dies in einer tendenziell eher m\u00e4nnerlastigen Branche. Kannst Du uns Massnahmen nennen, die Du hierf\u00fcr umsetzt?<\/strong><\/p>\n\n\n\n<p><strong>Rebecca Guntern<\/strong>: Das sind verschiedene. Beispielsweise schreiben wir alle Jobs mit 80-100% aus. Flexibilit\u00e4t ist in der heutigen Zeit zentral. Das beinhaltet auch einen Kulturwandel von Pr\u00e4senzorientierung zu Ziel- und Leistungsorientierung. Zudem setzen wir bewusst mit Massnahmen beim Middlemanagement an. Eine breite Pipeline an Frauen im Middlemanagement ist zentral um mehr Frauen in F\u00fchrungspositionen zu bringen. Die Erfahrung zeigt, dass sich vor allem hier die Karriereschere bez\u00fcglich Gender \u00f6ffnet. Ein weiteres Beispiel ist ein Talentmanagementprogramm, welches wir gezielt f\u00fcr Frauen durchf\u00fchren.<\/p>\n\n\n\n<p><strong>Stehen wir vor einem Problem, haben wir oftmals einen Tunnelblick und \u00fcbersehen offene T\u00fcren und Chancen. Welchen Tipp hast Du, um auch in solchen Situationen Chancen zu erkennen?<\/strong><\/p>\n\n\n\n<p><strong>Rebecca Guntern:<\/strong> Ich finde es wichtig, die eigene Situation immer wieder aus der Metaebene zu betrachten. Dies kann beispielsweise geschehen, indem man sich bewusst Auszeiten nimmt oder durch internes und externes Mentoring.<\/p>\n\n\n\n<p><strong>Chancen k\u00f6nnen auch tr\u00fcgerisch sein und sich im Nachhinein als schlechte Chance entpuppen. Wie gehst Du mit solchen Situationen um?<\/strong><\/p>\n\n\n\n<p><strong>Rebecca Guntern: <\/strong>Wichtig ist immer wieder aufzustehen, daraus zu lernen und das Ganze zu reflektieren. Stolz ist dabei kein guter Ratgeber.<\/p>\n\n\n\n<p>Wir danken Rebecca Guntern f\u00fcr den spannenden und inspirierenden Einblick und w\u00fcnschen ihr alles Gute f\u00fcr die Zukunft. N\u00e4heres zur Massnahme von Sandoz betreffend flexiblem Arbeiten finden Sie auf <a href=\"https:\/\/hub.hslu.ch\/inspirations\/2018\/09\/14\/flexible-working-sandoz\/\" target=\"_blank\" rel=\"noreferrer noopener\">Women\u2019s Business Inspirations <\/a>, nebst zahlreichen weiteren spannenden Massnahmen von Organisationen.<\/p>\n\n\n\n<p>Sind Sie am Austausch mit Entscheidungstr\u00e4gerinnen aus der Schweizer Wirtschaft interessiert? Am <a href=\"https:\/\/www.hslu.ch\/de-ch\/wirtschaft\/agenda\/veranstaltungen\/2018\/11\/08\/womens-business-supper\/\" target=\"_blank\" rel=\"noreferrer noopener\">3rd Women\u2019s Business Supper <\/a>vom 8. November 2018 ist es m\u00f6glich, in gediegener Arbeitsatmosph\u00e4re &#171;hands on&#187; voneinander zu lernen, zu interagieren, sich zu vernetzen, Chancen f\u00fcr das Miteinander zu schaffen und Barrieren abzubauen, um gemeinsame Wege zu gehen.<\/p>\n","protected":false},"excerpt":{"rendered":"<p>Im Rahmen des Women\u2019s Business Lunch zum Thema &#171;Chancen ergreifen&#187; haben die Teilnehmerinnen mit Rebecca Guntern &#8211; Head Cluster Europe bei Sandoz Pharmaceuticals AG, Vizepr\u00e4sidentin des Firmennetzwerks &#171;Advance \u2013 Women in Business&#187; und Verwaltungsr\u00e4tin der BKW AG &#8211; \u00e4ussert angeregt und aktiv diskutiert. Drei der Fragen und Antworten dieser kurzweiligen Diskussion m\u00f6chten wir mit Ihnen teilen.<\/p>\n","protected":false},"author":142,"featured_media":17740,"comment_status":"open","ping_status":"closed","sticky":false,"template":"","format":"standard","meta":{"_acf_changed":false,"inline_featured_image":false,"_relevanssi_hide_post":"","_relevanssi_hide_content":"","_relevanssi_pin_for_all":"","_relevanssi_pin_keywords":"","_relevanssi_unpin_keywords":"","_relevanssi_related_keywords":"","_relevanssi_related_include_ids":"","_relevanssi_related_exclude_ids":"","_relevanssi_related_no_append":"","_relevanssi_related_not_related":"","_relevanssi_related_posts":"","_relevanssi_noindex_reason":"","footnotes":"","_links_to":"","_links_to_target":""},"categories":[406,854975,766],"tags":[],"class_list":["post-17734","post","type-post","status-publish","format-standard","has-post-thumbnail","hentry","category-allgemeines","category-ifz-in-den-medien","category-womens-finance"],"acf":[],"yoast_head":"<!-- This site is optimized with the Yoast SEO plugin v27.5 - https:\/\/yoast.com\/product\/yoast-seo-wordpress\/ -->\n<title>Rebecca Guntern \u00fcber das Thema \u00abChancen ergreifen\u00bb \u2013 ein Blick hinter die Kulissen mit Erfahrungen und Tipps - IFZ Blog<\/title>\n<meta name=\"robots\" content=\"index, follow, max-snippet:-1, max-image-preview:large, max-video-preview:-1\" \/>\n<link rel=\"canonical\" href=\"https:\/\/hub.hslu.ch\/ifz\/2019\/02\/12\/prof-dr-yvonne-seiler-zimmermann-was-taugen-pk-ratings-fuer-die-wahl-der-vorsorgeeinrichtung\/\" \/>\n<script type=\"application\/ld+json\" class=\"yoast-schema-graph\">{\"@context\":\"https:\\\/\\\/schema.org\",\"@graph\":[{\"@type\":\"Article\",\"@id\":\"https:\\\/\\\/hub.hslu.ch\\\/ifz\\\/2019\\\/02\\\/12\\\/prof-dr-yvonne-seiler-zimmermann-was-taugen-pk-ratings-fuer-die-wahl-der-vorsorgeeinrichtung\\\/#article\",\"isPartOf\":{\"@id\":\"https:\\\/\\\/hub.hslu.ch\\\/ifz\\\/2019\\\/02\\\/12\\\/prof-dr-yvonne-seiler-zimmermann-was-taugen-pk-ratings-fuer-die-wahl-der-vorsorgeeinrichtung\\\/\"},\"author\":{\"name\":\"stefanmiesch\",\"@id\":\"https:\\\/\\\/hub.hslu.ch\\\/ifz\\\/#\\\/schema\\\/person\\\/c036a0722c17e2c9a27566e37cf0060c\"},\"headline\":\"Rebecca Guntern \u00fcber das Thema \u00abChancen ergreifen\u00bb \u2013 ein Blick hinter die Kulissen mit Erfahrungen und Tipps\",\"datePublished\":\"2018-09-24T09:30:05+00:00\",\"dateModified\":\"2026-02-11T13:52:41+00:00\",\"mainEntityOfPage\":{\"@id\":\"https:\\\/\\\/hub.hslu.ch\\\/ifz\\\/2019\\\/02\\\/12\\\/prof-dr-yvonne-seiler-zimmermann-was-taugen-pk-ratings-fuer-die-wahl-der-vorsorgeeinrichtung\\\/\"},\"wordCount\":362,\"commentCount\":0,\"image\":{\"@id\":\"https:\\\/\\\/hub.hslu.ch\\\/ifz\\\/2019\\\/02\\\/12\\\/prof-dr-yvonne-seiler-zimmermann-was-taugen-pk-ratings-fuer-die-wahl-der-vorsorgeeinrichtung\\\/#primaryimage\"},\"thumbnailUrl\":\"https:\\\/\\\/hub.hslu.ch\\\/ifz\\\/wp-content\\\/blogs.dir\\\/165\\\/files\\\/sites\\\/6\\\/2018\\\/09\\\/Rebecca-Guntern_Sandoz.jpg\",\"articleSection\":[\"Allgemeines\",\"IFZ in den Medien\",\"Women's Business\"],\"inLanguage\":\"de-CH\",\"potentialAction\":[{\"@type\":\"CommentAction\",\"name\":\"Comment\",\"target\":[\"https:\\\/\\\/hub.hslu.ch\\\/ifz\\\/2019\\\/02\\\/12\\\/prof-dr-yvonne-seiler-zimmermann-was-taugen-pk-ratings-fuer-die-wahl-der-vorsorgeeinrichtung\\\/#respond\"]}]},{\"@type\":\"WebPage\",\"@id\":\"https:\\\/\\\/hub.hslu.ch\\\/ifz\\\/2019\\\/02\\\/12\\\/prof-dr-yvonne-seiler-zimmermann-was-taugen-pk-ratings-fuer-die-wahl-der-vorsorgeeinrichtung\\\/\",\"url\":\"https:\\\/\\\/hub.hslu.ch\\\/ifz\\\/2019\\\/02\\\/12\\\/prof-dr-yvonne-seiler-zimmermann-was-taugen-pk-ratings-fuer-die-wahl-der-vorsorgeeinrichtung\\\/\",\"name\":\"Rebecca Guntern \u00fcber das Thema \u00abChancen ergreifen\u00bb \u2013 ein Blick hinter die Kulissen mit Erfahrungen und Tipps - IFZ Blog\",\"isPartOf\":{\"@id\":\"https:\\\/\\\/hub.hslu.ch\\\/ifz\\\/#website\"},\"primaryImageOfPage\":{\"@id\":\"https:\\\/\\\/hub.hslu.ch\\\/ifz\\\/2019\\\/02\\\/12\\\/prof-dr-yvonne-seiler-zimmermann-was-taugen-pk-ratings-fuer-die-wahl-der-vorsorgeeinrichtung\\\/#primaryimage\"},\"image\":{\"@id\":\"https:\\\/\\\/hub.hslu.ch\\\/ifz\\\/2019\\\/02\\\/12\\\/prof-dr-yvonne-seiler-zimmermann-was-taugen-pk-ratings-fuer-die-wahl-der-vorsorgeeinrichtung\\\/#primaryimage\"},\"thumbnailUrl\":\"https:\\\/\\\/hub.hslu.ch\\\/ifz\\\/wp-content\\\/blogs.dir\\\/165\\\/files\\\/sites\\\/6\\\/2018\\\/09\\\/Rebecca-Guntern_Sandoz.jpg\",\"datePublished\":\"2018-09-24T09:30:05+00:00\",\"dateModified\":\"2026-02-11T13:52:41+00:00\",\"author\":{\"@id\":\"https:\\\/\\\/hub.hslu.ch\\\/ifz\\\/#\\\/schema\\\/person\\\/c036a0722c17e2c9a27566e37cf0060c\"},\"breadcrumb\":{\"@id\":\"https:\\\/\\\/hub.hslu.ch\\\/ifz\\\/2019\\\/02\\\/12\\\/prof-dr-yvonne-seiler-zimmermann-was-taugen-pk-ratings-fuer-die-wahl-der-vorsorgeeinrichtung\\\/#breadcrumb\"},\"inLanguage\":\"de-CH\",\"potentialAction\":[{\"@type\":\"ReadAction\",\"target\":[\"https:\\\/\\\/hub.hslu.ch\\\/ifz\\\/2019\\\/02\\\/12\\\/prof-dr-yvonne-seiler-zimmermann-was-taugen-pk-ratings-fuer-die-wahl-der-vorsorgeeinrichtung\\\/\"]}]},{\"@type\":\"ImageObject\",\"inLanguage\":\"de-CH\",\"@id\":\"https:\\\/\\\/hub.hslu.ch\\\/ifz\\\/2019\\\/02\\\/12\\\/prof-dr-yvonne-seiler-zimmermann-was-taugen-pk-ratings-fuer-die-wahl-der-vorsorgeeinrichtung\\\/#primaryimage\",\"url\":\"https:\\\/\\\/hub.hslu.ch\\\/ifz\\\/wp-content\\\/blogs.dir\\\/165\\\/files\\\/sites\\\/6\\\/2018\\\/09\\\/Rebecca-Guntern_Sandoz.jpg\",\"contentUrl\":\"https:\\\/\\\/hub.hslu.ch\\\/ifz\\\/wp-content\\\/blogs.dir\\\/165\\\/files\\\/sites\\\/6\\\/2018\\\/09\\\/Rebecca-Guntern_Sandoz.jpg\",\"width\":702,\"height\":336},{\"@type\":\"BreadcrumbList\",\"@id\":\"https:\\\/\\\/hub.hslu.ch\\\/ifz\\\/2019\\\/02\\\/12\\\/prof-dr-yvonne-seiler-zimmermann-was-taugen-pk-ratings-fuer-die-wahl-der-vorsorgeeinrichtung\\\/#breadcrumb\",\"itemListElement\":[{\"@type\":\"ListItem\",\"position\":1,\"name\":\"Home\",\"item\":\"https:\\\/\\\/hub.hslu.ch\\\/ifz\\\/2019\\\/02\\\/12\\\/prof-dr-yvonne-seiler-zimmermann-was-taugen-pk-ratings-fuer-die-wahl-der-vorsorgeeinrichtung\\\/\"},{\"@type\":\"ListItem\",\"position\":2,\"name\":\"Rebecca Guntern \u00fcber das Thema \u00abChancen ergreifen\u00bb \u2013 ein Blick hinter die Kulissen mit Erfahrungen und Tipps\"}]},{\"@type\":\"WebSite\",\"@id\":\"https:\\\/\\\/hub.hslu.ch\\\/ifz\\\/#website\",\"url\":\"https:\\\/\\\/hub.hslu.ch\\\/ifz\\\/\",\"name\":\"IFZ Blog\",\"description\":\"News aus dem Institut f\u00fcr Finanzdienstleistungen Zug IFZ\",\"potentialAction\":[{\"@type\":\"SearchAction\",\"target\":{\"@type\":\"EntryPoint\",\"urlTemplate\":\"https:\\\/\\\/hub.hslu.ch\\\/ifz\\\/?s={search_term_string}\"},\"query-input\":{\"@type\":\"PropertyValueSpecification\",\"valueRequired\":true,\"valueName\":\"search_term_string\"}}],\"inLanguage\":\"de-CH\"},{\"@type\":\"Person\",\"@id\":\"https:\\\/\\\/hub.hslu.ch\\\/ifz\\\/#\\\/schema\\\/person\\\/c036a0722c17e2c9a27566e37cf0060c\",\"name\":\"stefanmiesch\"}]}<\/script>\n<!-- \/ Yoast SEO plugin. -->","yoast_head_json":{"title":"Rebecca Guntern \u00fcber das Thema \u00abChancen ergreifen\u00bb \u2013 ein Blick hinter die Kulissen mit Erfahrungen und Tipps - IFZ Blog","robots":{"index":"index","follow":"follow","max-snippet":"max-snippet:-1","max-image-preview":"max-image-preview:large","max-video-preview":"max-video-preview:-1"},"canonical":"https:\/\/hub.hslu.ch\/ifz\/2019\/02\/12\/prof-dr-yvonne-seiler-zimmermann-was-taugen-pk-ratings-fuer-die-wahl-der-vorsorgeeinrichtung\/","schema":{"@context":"https:\/\/schema.org","@graph":[{"@type":"Article","@id":"https:\/\/hub.hslu.ch\/ifz\/2019\/02\/12\/prof-dr-yvonne-seiler-zimmermann-was-taugen-pk-ratings-fuer-die-wahl-der-vorsorgeeinrichtung\/#article","isPartOf":{"@id":"https:\/\/hub.hslu.ch\/ifz\/2019\/02\/12\/prof-dr-yvonne-seiler-zimmermann-was-taugen-pk-ratings-fuer-die-wahl-der-vorsorgeeinrichtung\/"},"author":{"name":"stefanmiesch","@id":"https:\/\/hub.hslu.ch\/ifz\/#\/schema\/person\/c036a0722c17e2c9a27566e37cf0060c"},"headline":"Rebecca Guntern \u00fcber das Thema \u00abChancen ergreifen\u00bb \u2013 ein Blick hinter die Kulissen mit Erfahrungen und Tipps","datePublished":"2018-09-24T09:30:05+00:00","dateModified":"2026-02-11T13:52:41+00:00","mainEntityOfPage":{"@id":"https:\/\/hub.hslu.ch\/ifz\/2019\/02\/12\/prof-dr-yvonne-seiler-zimmermann-was-taugen-pk-ratings-fuer-die-wahl-der-vorsorgeeinrichtung\/"},"wordCount":362,"commentCount":0,"image":{"@id":"https:\/\/hub.hslu.ch\/ifz\/2019\/02\/12\/prof-dr-yvonne-seiler-zimmermann-was-taugen-pk-ratings-fuer-die-wahl-der-vorsorgeeinrichtung\/#primaryimage"},"thumbnailUrl":"https:\/\/hub.hslu.ch\/ifz\/wp-content\/blogs.dir\/165\/files\/sites\/6\/2018\/09\/Rebecca-Guntern_Sandoz.jpg","articleSection":["Allgemeines","IFZ in den Medien","Women's Business"],"inLanguage":"de-CH","potentialAction":[{"@type":"CommentAction","name":"Comment","target":["https:\/\/hub.hslu.ch\/ifz\/2019\/02\/12\/prof-dr-yvonne-seiler-zimmermann-was-taugen-pk-ratings-fuer-die-wahl-der-vorsorgeeinrichtung\/#respond"]}]},{"@type":"WebPage","@id":"https:\/\/hub.hslu.ch\/ifz\/2019\/02\/12\/prof-dr-yvonne-seiler-zimmermann-was-taugen-pk-ratings-fuer-die-wahl-der-vorsorgeeinrichtung\/","url":"https:\/\/hub.hslu.ch\/ifz\/2019\/02\/12\/prof-dr-yvonne-seiler-zimmermann-was-taugen-pk-ratings-fuer-die-wahl-der-vorsorgeeinrichtung\/","name":"Rebecca Guntern \u00fcber das Thema \u00abChancen ergreifen\u00bb \u2013 ein Blick hinter die Kulissen mit Erfahrungen und Tipps - IFZ Blog","isPartOf":{"@id":"https:\/\/hub.hslu.ch\/ifz\/#website"},"primaryImageOfPage":{"@id":"https:\/\/hub.hslu.ch\/ifz\/2019\/02\/12\/prof-dr-yvonne-seiler-zimmermann-was-taugen-pk-ratings-fuer-die-wahl-der-vorsorgeeinrichtung\/#primaryimage"},"image":{"@id":"https:\/\/hub.hslu.ch\/ifz\/2019\/02\/12\/prof-dr-yvonne-seiler-zimmermann-was-taugen-pk-ratings-fuer-die-wahl-der-vorsorgeeinrichtung\/#primaryimage"},"thumbnailUrl":"https:\/\/hub.hslu.ch\/ifz\/wp-content\/blogs.dir\/165\/files\/sites\/6\/2018\/09\/Rebecca-Guntern_Sandoz.jpg","datePublished":"2018-09-24T09:30:05+00:00","dateModified":"2026-02-11T13:52:41+00:00","author":{"@id":"https:\/\/hub.hslu.ch\/ifz\/#\/schema\/person\/c036a0722c17e2c9a27566e37cf0060c"},"breadcrumb":{"@id":"https:\/\/hub.hslu.ch\/ifz\/2019\/02\/12\/prof-dr-yvonne-seiler-zimmermann-was-taugen-pk-ratings-fuer-die-wahl-der-vorsorgeeinrichtung\/#breadcrumb"},"inLanguage":"de-CH","potentialAction":[{"@type":"ReadAction","target":["https:\/\/hub.hslu.ch\/ifz\/2019\/02\/12\/prof-dr-yvonne-seiler-zimmermann-was-taugen-pk-ratings-fuer-die-wahl-der-vorsorgeeinrichtung\/"]}]},{"@type":"ImageObject","inLanguage":"de-CH","@id":"https:\/\/hub.hslu.ch\/ifz\/2019\/02\/12\/prof-dr-yvonne-seiler-zimmermann-was-taugen-pk-ratings-fuer-die-wahl-der-vorsorgeeinrichtung\/#primaryimage","url":"https:\/\/hub.hslu.ch\/ifz\/wp-content\/blogs.dir\/165\/files\/sites\/6\/2018\/09\/Rebecca-Guntern_Sandoz.jpg","contentUrl":"https:\/\/hub.hslu.ch\/ifz\/wp-content\/blogs.dir\/165\/files\/sites\/6\/2018\/09\/Rebecca-Guntern_Sandoz.jpg","width":702,"height":336},{"@type":"BreadcrumbList","@id":"https:\/\/hub.hslu.ch\/ifz\/2019\/02\/12\/prof-dr-yvonne-seiler-zimmermann-was-taugen-pk-ratings-fuer-die-wahl-der-vorsorgeeinrichtung\/#breadcrumb","itemListElement":[{"@type":"ListItem","position":1,"name":"Home","item":"https:\/\/hub.hslu.ch\/ifz\/2019\/02\/12\/prof-dr-yvonne-seiler-zimmermann-was-taugen-pk-ratings-fuer-die-wahl-der-vorsorgeeinrichtung\/"},{"@type":"ListItem","position":2,"name":"Rebecca Guntern \u00fcber das Thema \u00abChancen ergreifen\u00bb \u2013 ein Blick hinter die Kulissen mit Erfahrungen und Tipps"}]},{"@type":"WebSite","@id":"https:\/\/hub.hslu.ch\/ifz\/#website","url":"https:\/\/hub.hslu.ch\/ifz\/","name":"IFZ Blog","description":"News aus dem Institut f\u00fcr Finanzdienstleistungen Zug IFZ","potentialAction":[{"@type":"SearchAction","target":{"@type":"EntryPoint","urlTemplate":"https:\/\/hub.hslu.ch\/ifz\/?s={search_term_string}"},"query-input":{"@type":"PropertyValueSpecification","valueRequired":true,"valueName":"search_term_string"}}],"inLanguage":"de-CH"},{"@type":"Person","@id":"https:\/\/hub.hslu.ch\/ifz\/#\/schema\/person\/c036a0722c17e2c9a27566e37cf0060c","name":"stefanmiesch"}]}},"featured_image_src":"https:\/\/hub.hslu.ch\/ifz\/wp-content\/blogs.dir\/165\/files\/sites\/6\/2018\/09\/Rebecca-Guntern_Sandoz.jpg","featured_image_src_square":"https:\/\/hub.hslu.ch\/ifz\/wp-content\/blogs.dir\/165\/files\/sites\/6\/2018\/09\/Rebecca-Guntern_Sandoz.jpg","author_info":{"display_name":"stefanmiesch","author_link":"https:\/\/hub.hslu.ch\/ifz\/author\/stefanmiesch\/"},"_links":{"self":[{"href":"https:\/\/hub.hslu.ch\/ifz\/wp-json\/wp\/v2\/posts\/17734","targetHints":{"allow":["GET"]}}],"collection":[{"href":"https:\/\/hub.hslu.ch\/ifz\/wp-json\/wp\/v2\/posts"}],"about":[{"href":"https:\/\/hub.hslu.ch\/ifz\/wp-json\/wp\/v2\/types\/post"}],"author":[{"embeddable":true,"href":"https:\/\/hub.hslu.ch\/ifz\/wp-json\/wp\/v2\/users\/142"}],"replies":[{"embeddable":true,"href":"https:\/\/hub.hslu.ch\/ifz\/wp-json\/wp\/v2\/comments?post=17734"}],"version-history":[{"count":7,"href":"https:\/\/hub.hslu.ch\/ifz\/wp-json\/wp\/v2\/posts\/17734\/revisions"}],"predecessor-version":[{"id":21046,"href":"https:\/\/hub.hslu.ch\/ifz\/wp-json\/wp\/v2\/posts\/17734\/revisions\/21046"}],"wp:featuredmedia":[{"embeddable":true,"href":"https:\/\/hub.hslu.ch\/ifz\/wp-json\/wp\/v2\/media\/17740"}],"wp:attachment":[{"href":"https:\/\/hub.hslu.ch\/ifz\/wp-json\/wp\/v2\/media?parent=17734"}],"wp:term":[{"taxonomy":"category","embeddable":true,"href":"https:\/\/hub.hslu.ch\/ifz\/wp-json\/wp\/v2\/categories?post=17734"},{"taxonomy":"post_tag","embeddable":true,"href":"https:\/\/hub.hslu.ch\/ifz\/wp-json\/wp\/v2\/tags?post=17734"}],"curies":[{"name":"wp","href":"https:\/\/api.w.org\/{rel}","templated":true}]}}