{"id":3793,"date":"2010-11-23T14:02:42","date_gmt":"2010-11-23T13:02:42","guid":{"rendered":"https:\/\/hub.hslu.ch\/ifz\/?p=3793"},"modified":"2011-02-17T12:08:43","modified_gmt":"2011-02-17T11:08:43","slug":"brown-bag-seminare-am-ifz","status":"publish","type":"post","link":"https:\/\/hub.hslu.ch\/ifz\/2010\/11\/23\/brown-bag-seminare-am-ifz\/","title":{"rendered":"Brown Bag Seminare am IFZ"},"content":{"rendered":"<p><a href=\"https:\/\/hub.hslu.ch\/ifz\/wp-content\/blogs.dir\/165\/files\/sites\/6\/2010\/11\/Gabrielle-Wanzenried1.PNG\"><img loading=\"lazy\" decoding=\"async\" class=\"alignleft size-full wp-image-3795\" title=\"Gabrielle Wanzenried\" src=\"https:\/\/hub.hslu.ch\/ifz\/wp-content\/blogs.dir\/165\/files\/sites\/6\/2010\/11\/Gabrielle-Wanzenried1.PNG\" alt=\"Gabrielle Wanzenried\" width=\"92\" height=\"119\" \/><\/a><\/p>\n<p>\u00a0Wenn Sie den Titel dieses Blogeintrags gelesen haben, und nicht wissen worum es bei Brown Bag Seminaren geht, keine Sorge \u2013 wir kl\u00e4ren auf und zitieren ausnahmsweise mal wikipedia:<\/p>\n<p>\u00a0<em>\u201eAls Brownbag-Sitzung (engl. brown bag, dt. braune T\u00fcte) oder Brownbag-Session oder -Seminar bezeichnet man eine Trainings- oder <a title=\"Information\" href=\"http:\/\/de.wikipedia.org\/wiki\/Information\">Informationsveranstaltung<\/a>, w\u00e4hrend der die Zuh\u00f6rer Speisen und Getr\u00e4nke einnehmen k\u00f6nnen. Ziel ist die Nutzung von regul\u00e4ren <a title=\"Pause\" href=\"http:\/\/de.wikipedia.org\/wiki\/Pause\">Pausen<\/a>, z.\u00a0B. der Mittagspause, um Informationen zu vermitteln. Der Begriff brown bag verweist auf die von den Teilnehmern selbst mitgebrachten Essenspakete.\u201c<\/em><\/p>\n<p style=\"text-align: center\">\u00a0<a href=\"https:\/\/hub.hslu.ch\/ifz\/wp-content\/blogs.dir\/165\/files\/sites\/6\/2010\/11\/brown-bag.JPG\"><img loading=\"lazy\" decoding=\"async\" class=\"size-full wp-image-3801 aligncenter\" title=\"brown-bag\" src=\"https:\/\/hub.hslu.ch\/ifz\/wp-content\/blogs.dir\/165\/files\/sites\/6\/2010\/11\/brown-bag.JPG\" alt=\"brown-bag\" width=\"141\" height=\"176\" srcset=\"https:\/\/hub.hslu.ch\/ifz\/wp-content\/blogs.dir\/165\/files\/sites\/6\/2010\/11\/brown-bag.JPG 288w, https:\/\/hub.hslu.ch\/ifz\/wp-content\/blogs.dir\/165\/files\/sites\/6\/2010\/11\/brown-bag-241x300.jpg 241w\" sizes=\"auto, (max-width: 141px) 100vw, 141px\" \/><\/a><\/p>\n<p>Im Herbstsemester 2010 finden folgende Brownbag Seminare statt:<\/p>\n<p><strong>Mittwoch, 3.November 2010<\/strong><\/p>\n<p><a href=\"http:\/\/www.hslu.ch\/hochschule-luzern\/h-ueber-uns\/h-person.htm?id_person=1011240&amp;id_teilschule=25650&amp;row=0\" target=\"_blank\">Prof. Dr. Sita Mazumder<\/a> spricht\u00a0zum Thema &#171;Terrorismusfinanzierung<\/p>\n<p>Die Seminare finden jeweils von <strong>12.30 bis 13.30h<\/strong> in den R\u00e4umlichkeiten des <strong>IFZ an der Grafenau 10 in Zug<\/strong> statt. Wer als IFZ-externe Person Interesse hat, ein einem Seminar teilzunehmen, meldet sich bitte bei <a href=\"m&#97;&#105;&#x6c;&#x74;&#x6f;&#x3a;g&#97;&#98;&#114;&#x69;&#x65;&#x6c;le&#46;&#119;&#x61;&#x6e;&#x7a;en&#114;&#105;&#x65;&#x64;&#x40;hs&#108;&#117;&#x2e;&#x63;&#x68;\">&#x67;&#x61;&#98;r&#x69;&#x65;&#108;le&#x2e;&#x77;&#97;n&#x7a;&#x65;&#110;&#114;i&#x65;&#x64;&#64;h&#x73;&#x6c;&#117;&#46;c&#x68;<\/a>.<\/p>\n<p><strong>Mittwoch, 24.November 2010<\/strong><\/p>\n<p><a href=\"http:\/\/www.hslu.ch\/wirtschaft\/w-outside-navigation\/ifz\/w-ifz-ueber-uns\/w-ifz-person.htm?id_person=1012095&amp;id_teilschule=25650&amp;row=0\" target=\"_blank\">Prof. Dr. Michael Blankennagel\u00a0<\/a>spricht zum Thema \u201cIntegrierte Unternehmens-Planung\u201d<\/p>\n<p><strong>Mittwoch, 1. Dezember 2010<\/strong><\/p>\n<p><a href=\"http:\/\/www.hslu.ch\/hochschule-luzern\/h-ueber-uns\/h-person.htm?id_person=1011437&amp;id_teilschule=25650&amp;row=0\" target=\"_blank\">Daniel Piazza<\/a> spricht zum Thema \u201cIFZ-Projekte im Bereich Public Corporate Governance\u201d<\/p>\n<p><strong>Mittwoch, 19.Januar 2011<\/strong><\/p>\n<p><a href=\"http:\/\/www.hslu.ch\/wirtschaft\/w-outside-navigation\/ifz\/w-ifz-ueber-uns\/w-ifz-person.htm?id_person=1012009&amp;id_teilschule=25650&amp;row=0\" target=\"_blank\">Prof. Dr. Dr. Christian Wunderlin<\/a> spricht zum Thema \u201cOverrides bei Ratingsystemen von Bankkrediten\u201d<\/p>\n<p>Die Seminare finden jeweils von <strong>12.30 bis 13.30h<\/strong> in den R\u00e4umlichkeiten des <strong>IFZ an der Grafenau 10 in Zug<\/strong> statt. Wer als IFZ-externe Person Interesse hat, ein einem Seminar teilzunehmen, meldet sich bitte bei <a href=\"&#109;&#97;&#x69;l&#116;&#x6f;&#x3a;g&#97;&#x62;&#x72;i&#101;&#x6c;l&#101;&#x2e;&#x77;a&#110;&#x7a;&#x65;n&#114;&#x69;e&#100;&#x40;&#x68;s&#108;&#x75;&#x2e;c&#104;\">&#103;&#x61;&#x62;&#114;&#x69;&#x65;l&#x6c;&#x65;&#46;&#119;&#x61;n&#122;&#x65;n&#114;&#x69;e&#100;&#x40;h&#115;&#x6c;&#x75;&#46;&#x63;&#x68;<\/a>.<\/p>\n<p><span><span>\u00a0<\/span><\/span><\/p>\n","protected":false},"excerpt":{"rendered":"<p>\u00a0Wenn Sie den Titel dieses Blogeintrags gelesen haben, und nicht wissen worum es bei Brown Bag Seminaren geht, keine Sorge \u2013 wir kl\u00e4ren auf und zitieren ausnahmsweise mal wikipedia: \u00a0\u201eAls Brownbag-Sitzung (engl. brown bag, dt. braune T\u00fcte) oder Brownbag-Session oder -Seminar bezeichnet man eine Trainings- oder Informationsveranstaltung, w\u00e4hrend der die Zuh\u00f6rer Speisen und Getr\u00e4nke einnehmen<\/p>\n","protected":false},"author":257,"featured_media":0,"comment_status":"open","ping_status":"open","sticky":false,"template":"","format":"standard","meta":{"_acf_changed":false,"inline_featured_image":false,"_relevanssi_hide_post":"","_relevanssi_hide_content":"","_relevanssi_pin_for_all":"","_relevanssi_pin_keywords":"","_relevanssi_unpin_keywords":"","_relevanssi_related_keywords":"","_relevanssi_related_include_ids":"","_relevanssi_related_exclude_ids":"","_relevanssi_related_no_append":"","_relevanssi_related_not_related":"","_relevanssi_related_posts":"","_relevanssi_noindex_reason":"","footnotes":"","_links_to":"","_links_to_target":""},"categories":[146],"tags":[],"class_list":["post-3793","post","type-post","status-publish","format-standard","hentry","category-forschung"],"acf":[],"yoast_head":"<!-- This site is optimized with the Yoast SEO plugin v27.5 - https:\/\/yoast.com\/product\/yoast-seo-wordpress\/ -->\n<title>Brown Bag Seminare am IFZ - IFZ Blog<\/title>\n<meta name=\"robots\" content=\"index, follow, max-snippet:-1, max-image-preview:large, max-video-preview:-1\" \/>\n<link rel=\"canonical\" href=\"https:\/\/hub.hslu.ch\/ifz\/2019\/02\/12\/prof-dr-yvonne-seiler-zimmermann-was-taugen-pk-ratings-fuer-die-wahl-der-vorsorgeeinrichtung\/\" \/>\n<script type=\"application\/ld+json\" class=\"yoast-schema-graph\">{\"@context\":\"https:\\\/\\\/schema.org\",\"@graph\":[{\"@type\":\"Article\",\"@id\":\"https:\\\/\\\/hub.hslu.ch\\\/ifz\\\/2019\\\/02\\\/12\\\/prof-dr-yvonne-seiler-zimmermann-was-taugen-pk-ratings-fuer-die-wahl-der-vorsorgeeinrichtung\\\/#article\",\"isPartOf\":{\"@id\":\"https:\\\/\\\/hub.hslu.ch\\\/ifz\\\/2019\\\/02\\\/12\\\/prof-dr-yvonne-seiler-zimmermann-was-taugen-pk-ratings-fuer-die-wahl-der-vorsorgeeinrichtung\\\/\"},\"author\":{\"name\":\"\",\"@id\":\"\"},\"headline\":\"Brown Bag Seminare am IFZ\",\"datePublished\":\"2010-11-23T13:02:42+00:00\",\"dateModified\":\"2011-02-17T11:08:43+00:00\",\"mainEntityOfPage\":{\"@id\":\"https:\\\/\\\/hub.hslu.ch\\\/ifz\\\/2019\\\/02\\\/12\\\/prof-dr-yvonne-seiler-zimmermann-was-taugen-pk-ratings-fuer-die-wahl-der-vorsorgeeinrichtung\\\/\"},\"wordCount\":225,\"commentCount\":0,\"image\":{\"@id\":\"https:\\\/\\\/hub.hslu.ch\\\/ifz\\\/2019\\\/02\\\/12\\\/prof-dr-yvonne-seiler-zimmermann-was-taugen-pk-ratings-fuer-die-wahl-der-vorsorgeeinrichtung\\\/#primaryimage\"},\"thumbnailUrl\":\"https:\\\/\\\/hub.hslu.ch\\\/ifz\\\/wp-content\\\/blogs.dir\\\/165\\\/files\\\/sites\\\/6\\\/2010\\\/11\\\/Gabrielle-Wanzenried1.PNG\",\"articleSection\":[\"Forschung und Dienstleistung\"],\"inLanguage\":\"de-CH\",\"potentialAction\":[{\"@type\":\"CommentAction\",\"name\":\"Comment\",\"target\":[\"https:\\\/\\\/hub.hslu.ch\\\/ifz\\\/2019\\\/02\\\/12\\\/prof-dr-yvonne-seiler-zimmermann-was-taugen-pk-ratings-fuer-die-wahl-der-vorsorgeeinrichtung\\\/#respond\"]}]},{\"@type\":\"WebPage\",\"@id\":\"https:\\\/\\\/hub.hslu.ch\\\/ifz\\\/2019\\\/02\\\/12\\\/prof-dr-yvonne-seiler-zimmermann-was-taugen-pk-ratings-fuer-die-wahl-der-vorsorgeeinrichtung\\\/\",\"url\":\"https:\\\/\\\/hub.hslu.ch\\\/ifz\\\/2019\\\/02\\\/12\\\/prof-dr-yvonne-seiler-zimmermann-was-taugen-pk-ratings-fuer-die-wahl-der-vorsorgeeinrichtung\\\/\",\"name\":\"Brown Bag Seminare am IFZ - IFZ Blog\",\"isPartOf\":{\"@id\":\"https:\\\/\\\/hub.hslu.ch\\\/ifz\\\/#website\"},\"primaryImageOfPage\":{\"@id\":\"https:\\\/\\\/hub.hslu.ch\\\/ifz\\\/2019\\\/02\\\/12\\\/prof-dr-yvonne-seiler-zimmermann-was-taugen-pk-ratings-fuer-die-wahl-der-vorsorgeeinrichtung\\\/#primaryimage\"},\"image\":{\"@id\":\"https:\\\/\\\/hub.hslu.ch\\\/ifz\\\/2019\\\/02\\\/12\\\/prof-dr-yvonne-seiler-zimmermann-was-taugen-pk-ratings-fuer-die-wahl-der-vorsorgeeinrichtung\\\/#primaryimage\"},\"thumbnailUrl\":\"https:\\\/\\\/hub.hslu.ch\\\/ifz\\\/wp-content\\\/blogs.dir\\\/165\\\/files\\\/sites\\\/6\\\/2010\\\/11\\\/Gabrielle-Wanzenried1.PNG\",\"datePublished\":\"2010-11-23T13:02:42+00:00\",\"dateModified\":\"2011-02-17T11:08:43+00:00\",\"author\":{\"@id\":\"\"},\"breadcrumb\":{\"@id\":\"https:\\\/\\\/hub.hslu.ch\\\/ifz\\\/2019\\\/02\\\/12\\\/prof-dr-yvonne-seiler-zimmermann-was-taugen-pk-ratings-fuer-die-wahl-der-vorsorgeeinrichtung\\\/#breadcrumb\"},\"inLanguage\":\"de-CH\",\"potentialAction\":[{\"@type\":\"ReadAction\",\"target\":[\"https:\\\/\\\/hub.hslu.ch\\\/ifz\\\/2019\\\/02\\\/12\\\/prof-dr-yvonne-seiler-zimmermann-was-taugen-pk-ratings-fuer-die-wahl-der-vorsorgeeinrichtung\\\/\"]}]},{\"@type\":\"ImageObject\",\"inLanguage\":\"de-CH\",\"@id\":\"https:\\\/\\\/hub.hslu.ch\\\/ifz\\\/2019\\\/02\\\/12\\\/prof-dr-yvonne-seiler-zimmermann-was-taugen-pk-ratings-fuer-die-wahl-der-vorsorgeeinrichtung\\\/#primaryimage\",\"url\":\"https:\\\/\\\/hub.hslu.ch\\\/ifz\\\/wp-content\\\/blogs.dir\\\/165\\\/files\\\/sites\\\/6\\\/2010\\\/11\\\/Gabrielle-Wanzenried1.PNG\",\"contentUrl\":\"https:\\\/\\\/hub.hslu.ch\\\/ifz\\\/wp-content\\\/blogs.dir\\\/165\\\/files\\\/sites\\\/6\\\/2010\\\/11\\\/Gabrielle-Wanzenried1.PNG\",\"width\":\"154\",\"height\":\"199\"},{\"@type\":\"BreadcrumbList\",\"@id\":\"https:\\\/\\\/hub.hslu.ch\\\/ifz\\\/2019\\\/02\\\/12\\\/prof-dr-yvonne-seiler-zimmermann-was-taugen-pk-ratings-fuer-die-wahl-der-vorsorgeeinrichtung\\\/#breadcrumb\",\"itemListElement\":[{\"@type\":\"ListItem\",\"position\":1,\"name\":\"Home\",\"item\":\"https:\\\/\\\/hub.hslu.ch\\\/ifz\\\/2019\\\/02\\\/12\\\/prof-dr-yvonne-seiler-zimmermann-was-taugen-pk-ratings-fuer-die-wahl-der-vorsorgeeinrichtung\\\/\"},{\"@type\":\"ListItem\",\"position\":2,\"name\":\"Brown Bag Seminare am IFZ\"}]},{\"@type\":\"WebSite\",\"@id\":\"https:\\\/\\\/hub.hslu.ch\\\/ifz\\\/#website\",\"url\":\"https:\\\/\\\/hub.hslu.ch\\\/ifz\\\/\",\"name\":\"IFZ Blog\",\"description\":\"News aus dem Institut f\u00fcr Finanzdienstleistungen Zug IFZ\",\"potentialAction\":[{\"@type\":\"SearchAction\",\"target\":{\"@type\":\"EntryPoint\",\"urlTemplate\":\"https:\\\/\\\/hub.hslu.ch\\\/ifz\\\/?s={search_term_string}\"},\"query-input\":{\"@type\":\"PropertyValueSpecification\",\"valueRequired\":true,\"valueName\":\"search_term_string\"}}],\"inLanguage\":\"de-CH\"},{\"@type\":\"Person\",\"@id\":\"\"}]}<\/script>\n<!-- \/ Yoast SEO plugin. -->","yoast_head_json":{"title":"Brown Bag Seminare am IFZ - IFZ Blog","robots":{"index":"index","follow":"follow","max-snippet":"max-snippet:-1","max-image-preview":"max-image-preview:large","max-video-preview":"max-video-preview:-1"},"canonical":"https:\/\/hub.hslu.ch\/ifz\/2019\/02\/12\/prof-dr-yvonne-seiler-zimmermann-was-taugen-pk-ratings-fuer-die-wahl-der-vorsorgeeinrichtung\/","schema":{"@context":"https:\/\/schema.org","@graph":[{"@type":"Article","@id":"https:\/\/hub.hslu.ch\/ifz\/2019\/02\/12\/prof-dr-yvonne-seiler-zimmermann-was-taugen-pk-ratings-fuer-die-wahl-der-vorsorgeeinrichtung\/#article","isPartOf":{"@id":"https:\/\/hub.hslu.ch\/ifz\/2019\/02\/12\/prof-dr-yvonne-seiler-zimmermann-was-taugen-pk-ratings-fuer-die-wahl-der-vorsorgeeinrichtung\/"},"author":{"name":"","@id":""},"headline":"Brown Bag Seminare am IFZ","datePublished":"2010-11-23T13:02:42+00:00","dateModified":"2011-02-17T11:08:43+00:00","mainEntityOfPage":{"@id":"https:\/\/hub.hslu.ch\/ifz\/2019\/02\/12\/prof-dr-yvonne-seiler-zimmermann-was-taugen-pk-ratings-fuer-die-wahl-der-vorsorgeeinrichtung\/"},"wordCount":225,"commentCount":0,"image":{"@id":"https:\/\/hub.hslu.ch\/ifz\/2019\/02\/12\/prof-dr-yvonne-seiler-zimmermann-was-taugen-pk-ratings-fuer-die-wahl-der-vorsorgeeinrichtung\/#primaryimage"},"thumbnailUrl":"https:\/\/hub.hslu.ch\/ifz\/wp-content\/blogs.dir\/165\/files\/sites\/6\/2010\/11\/Gabrielle-Wanzenried1.PNG","articleSection":["Forschung und Dienstleistung"],"inLanguage":"de-CH","potentialAction":[{"@type":"CommentAction","name":"Comment","target":["https:\/\/hub.hslu.ch\/ifz\/2019\/02\/12\/prof-dr-yvonne-seiler-zimmermann-was-taugen-pk-ratings-fuer-die-wahl-der-vorsorgeeinrichtung\/#respond"]}]},{"@type":"WebPage","@id":"https:\/\/hub.hslu.ch\/ifz\/2019\/02\/12\/prof-dr-yvonne-seiler-zimmermann-was-taugen-pk-ratings-fuer-die-wahl-der-vorsorgeeinrichtung\/","url":"https:\/\/hub.hslu.ch\/ifz\/2019\/02\/12\/prof-dr-yvonne-seiler-zimmermann-was-taugen-pk-ratings-fuer-die-wahl-der-vorsorgeeinrichtung\/","name":"Brown Bag Seminare am IFZ - IFZ Blog","isPartOf":{"@id":"https:\/\/hub.hslu.ch\/ifz\/#website"},"primaryImageOfPage":{"@id":"https:\/\/hub.hslu.ch\/ifz\/2019\/02\/12\/prof-dr-yvonne-seiler-zimmermann-was-taugen-pk-ratings-fuer-die-wahl-der-vorsorgeeinrichtung\/#primaryimage"},"image":{"@id":"https:\/\/hub.hslu.ch\/ifz\/2019\/02\/12\/prof-dr-yvonne-seiler-zimmermann-was-taugen-pk-ratings-fuer-die-wahl-der-vorsorgeeinrichtung\/#primaryimage"},"thumbnailUrl":"https:\/\/hub.hslu.ch\/ifz\/wp-content\/blogs.dir\/165\/files\/sites\/6\/2010\/11\/Gabrielle-Wanzenried1.PNG","datePublished":"2010-11-23T13:02:42+00:00","dateModified":"2011-02-17T11:08:43+00:00","author":{"@id":""},"breadcrumb":{"@id":"https:\/\/hub.hslu.ch\/ifz\/2019\/02\/12\/prof-dr-yvonne-seiler-zimmermann-was-taugen-pk-ratings-fuer-die-wahl-der-vorsorgeeinrichtung\/#breadcrumb"},"inLanguage":"de-CH","potentialAction":[{"@type":"ReadAction","target":["https:\/\/hub.hslu.ch\/ifz\/2019\/02\/12\/prof-dr-yvonne-seiler-zimmermann-was-taugen-pk-ratings-fuer-die-wahl-der-vorsorgeeinrichtung\/"]}]},{"@type":"ImageObject","inLanguage":"de-CH","@id":"https:\/\/hub.hslu.ch\/ifz\/2019\/02\/12\/prof-dr-yvonne-seiler-zimmermann-was-taugen-pk-ratings-fuer-die-wahl-der-vorsorgeeinrichtung\/#primaryimage","url":"https:\/\/hub.hslu.ch\/ifz\/wp-content\/blogs.dir\/165\/files\/sites\/6\/2010\/11\/Gabrielle-Wanzenried1.PNG","contentUrl":"https:\/\/hub.hslu.ch\/ifz\/wp-content\/blogs.dir\/165\/files\/sites\/6\/2010\/11\/Gabrielle-Wanzenried1.PNG","width":"154","height":"199"},{"@type":"BreadcrumbList","@id":"https:\/\/hub.hslu.ch\/ifz\/2019\/02\/12\/prof-dr-yvonne-seiler-zimmermann-was-taugen-pk-ratings-fuer-die-wahl-der-vorsorgeeinrichtung\/#breadcrumb","itemListElement":[{"@type":"ListItem","position":1,"name":"Home","item":"https:\/\/hub.hslu.ch\/ifz\/2019\/02\/12\/prof-dr-yvonne-seiler-zimmermann-was-taugen-pk-ratings-fuer-die-wahl-der-vorsorgeeinrichtung\/"},{"@type":"ListItem","position":2,"name":"Brown Bag Seminare am IFZ"}]},{"@type":"WebSite","@id":"https:\/\/hub.hslu.ch\/ifz\/#website","url":"https:\/\/hub.hslu.ch\/ifz\/","name":"IFZ Blog","description":"News aus dem Institut f\u00fcr Finanzdienstleistungen Zug IFZ","potentialAction":[{"@type":"SearchAction","target":{"@type":"EntryPoint","urlTemplate":"https:\/\/hub.hslu.ch\/ifz\/?s={search_term_string}"},"query-input":{"@type":"PropertyValueSpecification","valueRequired":true,"valueName":"search_term_string"}}],"inLanguage":"de-CH"},{"@type":"Person","@id":""}]}},"featured_image_src":null,"featured_image_src_square":null,"author_info":{"display_name":"","author_link":"https:\/\/hub.hslu.ch\/ifz\/author\/"},"_links":{"self":[{"href":"https:\/\/hub.hslu.ch\/ifz\/wp-json\/wp\/v2\/posts\/3793","targetHints":{"allow":["GET"]}}],"collection":[{"href":"https:\/\/hub.hslu.ch\/ifz\/wp-json\/wp\/v2\/posts"}],"about":[{"href":"https:\/\/hub.hslu.ch\/ifz\/wp-json\/wp\/v2\/types\/post"}],"author":[{"embeddable":true,"href":"https:\/\/hub.hslu.ch\/ifz\/wp-json\/wp\/v2\/users\/257"}],"replies":[{"embeddable":true,"href":"https:\/\/hub.hslu.ch\/ifz\/wp-json\/wp\/v2\/comments?post=3793"}],"version-history":[{"count":0,"href":"https:\/\/hub.hslu.ch\/ifz\/wp-json\/wp\/v2\/posts\/3793\/revisions"}],"wp:attachment":[{"href":"https:\/\/hub.hslu.ch\/ifz\/wp-json\/wp\/v2\/media?parent=3793"}],"wp:term":[{"taxonomy":"category","embeddable":true,"href":"https:\/\/hub.hslu.ch\/ifz\/wp-json\/wp\/v2\/categories?post=3793"},{"taxonomy":"post_tag","embeddable":true,"href":"https:\/\/hub.hslu.ch\/ifz\/wp-json\/wp\/v2\/tags?post=3793"}],"curies":[{"name":"wp","href":"https:\/\/api.w.org\/{rel}","templated":true}]}}