{"id":3911,"date":"2010-12-07T12:19:05","date_gmt":"2010-12-07T11:19:05","guid":{"rendered":"https:\/\/hub.hslu.ch\/ifz\/?p=3911"},"modified":"2020-05-20T14:50:59","modified_gmt":"2020-05-20T12:50:59","slug":"cfo-of-the-year-2011-nomination-thomas-dressendorfer","status":"publish","type":"post","link":"https:\/\/hub.hslu.ch\/ifz\/2010\/12\/07\/cfo-of-the-year-2011-nomination-thomas-dressendorfer\/","title":{"rendered":"CFO of the Year 2011 &#8211; Nomination Thomas Dressend\u00f6rfer"},"content":{"rendered":"<p><a href=\"https:\/\/hub.hslu.ch\/ifz\/wp-content\/blogs.dir\/165\/files\/sites\/6\/2010\/12\/Logo_CFO_of_the_Year2.JPG\"><img loading=\"lazy\" decoding=\"async\" class=\"alignleft size-full wp-image-3912\" title=\"Logo_CFO_of_the_Year\" src=\"https:\/\/hub.hslu.ch\/ifz\/wp-content\/blogs.dir\/165\/files\/sites\/6\/2010\/12\/Logo_CFO_of_the_Year2.JPG\" alt=\"Logo_CFO_of_the_Year\" width=\"96\" height=\"115\" \/><\/a><\/p>\n<p>F\u00fcr den <a href=\"http:\/\/www.swisscfoday.ch\/award-jury.html\" target=\"_blank\" rel=\"noopener noreferrer\">CFO of the Year Award 2011<\/a> in der Kategorie CFO Forum Schweiz wurden insgesamt 42 Pers\u00f6nlichkeiten als Kandidaten vorgeschlagen. Die <a href=\"http:\/\/www.swisscfoday.ch\/award-jury.html\" target=\"_blank\" rel=\"noopener noreferrer\">Jury<\/a> &#8211; unter dem Vorsitz von <a href=\"http:\/\/www.hslu.ch\/hochschule-luzern\/h-ueber-uns\/h-person.htm?id_person=1011137&amp;id_teilschule=25650&amp;row=0\" target=\"_blank\" rel=\"noopener noreferrer\">Prof. Dr. Christoph Lengwiler<\/a> &#8211; hat aus dem Kreis dieser Personen f\u00fcnf Finanzchefs f\u00fcr den Award nominiert. Unter Anderen ist\u00a0<a href=\"http:\/\/www.swisscfoday.ch\/wahl-2011\/thomas-dressendoerfer.html\" target=\"_blank\" rel=\"noopener noreferrer\">Thomas Dressend\u00f6rfer &#8211; CFO Uster Technologies AG\u00a0<\/a>&#8211; nominiert.<\/p>\n<p>\u00a0<\/p>\n<p style=\"text-align: center\"><a href=\"https:\/\/hub.hslu.ch\/ifz\/wp-content\/blogs.dir\/165\/files\/sites\/6\/2010\/12\/Thomas_dressend\u00f6rfer_USTER.JPG\"><img loading=\"lazy\" decoding=\"async\" class=\"aligncenter size-full wp-image-3917\" title=\"Thomas_dressend\u00f6rfer_USTER\" src=\"https:\/\/hub.hslu.ch\/ifz\/wp-content\/blogs.dir\/165\/files\/sites\/6\/2010\/12\/Thomas_dressend\u00f6rfer_USTER.JPG\" alt=\"Thomas_dressend\u00f6rfer_USTER\" width=\"315\" height=\"169\" srcset=\"https:\/\/hub.hslu.ch\/ifz\/wp-content\/blogs.dir\/165\/files\/sites\/6\/2010\/12\/Thomas_dressend\u00f6rfer_USTER.JPG 450w, https:\/\/hub.hslu.ch\/ifz\/wp-content\/blogs.dir\/165\/files\/sites\/6\/2010\/12\/Thomas_dressend\u00f6rfer_USTER-300x161.jpg 300w\" sizes=\"auto, (max-width: 315px) 100vw, 315px\" \/><\/a>\u00a0\u00a0<\/p>\n<p><strong><br \/>\nEmpfehlung der Jury:<br \/>\n<\/strong>Wir nominieren <a href=\"http:\/\/www.swisscfoday.ch\/wahl-2011\/thomas-dressendoerfer.html\" target=\"_blank\" rel=\"noopener noreferrer\">Thomas Dressend\u00f6rfer <\/a>f\u00fcr den CFO of the Year Award. <a href=\"http:\/\/www.swisscfoday.ch\/wahl-2011\/thomas-dressendoerfer.html\" target=\"_blank\" rel=\"noopener noreferrer\">Thomas Dressend\u00f6rfer<\/a> konnte dank seinen jahrelangen Erfahrungen im Finanzbereich internationaler Unternehmungen viel dazu beitragen, dass die Uster Gruppe die Finanzkrise gut \u00fcberstanden hat und heute sehr gut dasteht. Er ist ein guter Kommunikator und vermag mit seiner Fachkompetenz und mit einem Engagement f\u00fcr die Unternehmung zu \u00fcberzeugen.\u00a0<\/p>\n<p style=\"text-align: center\">[media id=22 width=512 height=313]\u00a0<\/p>\n<p style=\"text-align: left\"><strong>Kandidatenportrait:<br \/>\n<\/strong>Das komplette Kandidatenportrait zum Download finden Sie <a href=\"https:\/\/hub.hslu.ch\/ifz\/wp-content\/blogs.dir\/165\/files\/sites\/6\/2010\/12\/Kandidatenblatt_Thomas_Dressendoerfer1.pdf\">hier<\/a><\/p>\n<p><strong><br \/>\nWeitere Informationen:<\/strong><br \/>\nBesuchen Sie unsere Website <a href=\"http:\/\/www.swisscfoday.ch\/\">www.swisscfoday.ch<\/a> und erfahren Sie mehr \u00fcber die <a href=\"http:\/\/www.swisscfoday.ch\/award-jury.html\" target=\"_blank\" rel=\"noopener noreferrer\">Jury<\/a>, das <a href=\"http:\/\/www.swisscfoday.ch\/programm.html\" target=\"_blank\" rel=\"noopener noreferrer\">Tagungsprogramm<\/a> sowie die <a href=\"http:\/\/www.swisscfoday.ch\/referenten.html\" target=\"_blank\" rel=\"noopener noreferrer\">Referenten<\/a>. Der <a href=\"http:\/\/www.swisscfoday.ch\/\" target=\"_blank\" rel=\"noopener noreferrer\">Swiss CFO Day 2011<\/a> gibt Ihnen die M\u00f6glichkeit mit namhaften Pers\u00f6nlichkeiten aus Finanz und Wirtschaft ins Gespr\u00e4ch zu kommen.<\/p>\n<p><strong>Anmeldung online:<\/strong><br \/>\nMelden Sie sich noch heute <a href=\"http:\/\/www.swisscfoday.ch\/anmeldung.html\" target=\"_blank\" rel=\"noopener noreferrer\">hier<\/a> an &#8211; die Teilnehmerzahl ist beschr\u00e4nkt.<\/p>\n","protected":false},"excerpt":{"rendered":"<p>F\u00fcr den CFO of the Year Award 2011 in der Kategorie CFO Forum Schweiz wurden insgesamt 42 Pers\u00f6nlichkeiten als Kandidaten vorgeschlagen. Die Jury &#8211; unter dem Vorsitz von Prof. Dr. Christoph Lengwiler &#8211; hat aus dem Kreis dieser Personen f\u00fcnf Finanzchefs f\u00fcr den Award nominiert. Unter Anderen ist\u00a0Thomas Dressend\u00f6rfer &#8211; CFO Uster Technologies AG\u00a0&#8211; nominiert.<\/p>\n","protected":false},"author":257,"featured_media":0,"comment_status":"open","ping_status":"open","sticky":false,"template":"","format":"standard","meta":{"_acf_changed":false,"inline_featured_image":false,"_relevanssi_hide_post":"","_relevanssi_hide_content":"","_relevanssi_pin_for_all":"","_relevanssi_pin_keywords":"","_relevanssi_unpin_keywords":"","_relevanssi_related_keywords":"","_relevanssi_related_include_ids":"","_relevanssi_related_exclude_ids":"","_relevanssi_related_no_append":"","_relevanssi_related_not_related":"","_relevanssi_related_posts":"","_relevanssi_noindex_reason":"","footnotes":"","_links_to":"","_links_to_target":""},"categories":[765,854975],"tags":[],"class_list":["post-3911","post","type-post","status-publish","format-standard","hentry","category-cfo","category-ifz-in-den-medien"],"acf":[],"yoast_head":"<!-- This site is optimized with the Yoast SEO plugin v27.5 - https:\/\/yoast.com\/product\/yoast-seo-wordpress\/ -->\n<title>CFO of the Year 2011 - Nomination Thomas Dressend\u00f6rfer - IFZ Blog<\/title>\n<meta name=\"robots\" content=\"index, follow, max-snippet:-1, max-image-preview:large, max-video-preview:-1\" \/>\n<link rel=\"canonical\" href=\"https:\/\/hub.hslu.ch\/ifz\/2019\/02\/12\/prof-dr-yvonne-seiler-zimmermann-was-taugen-pk-ratings-fuer-die-wahl-der-vorsorgeeinrichtung\/\" \/>\n<script type=\"application\/ld+json\" class=\"yoast-schema-graph\">{\"@context\":\"https:\\\/\\\/schema.org\",\"@graph\":[{\"@type\":\"Article\",\"@id\":\"https:\\\/\\\/hub.hslu.ch\\\/ifz\\\/2019\\\/02\\\/12\\\/prof-dr-yvonne-seiler-zimmermann-was-taugen-pk-ratings-fuer-die-wahl-der-vorsorgeeinrichtung\\\/#article\",\"isPartOf\":{\"@id\":\"https:\\\/\\\/hub.hslu.ch\\\/ifz\\\/2019\\\/02\\\/12\\\/prof-dr-yvonne-seiler-zimmermann-was-taugen-pk-ratings-fuer-die-wahl-der-vorsorgeeinrichtung\\\/\"},\"author\":{\"name\":\"\",\"@id\":\"\"},\"headline\":\"CFO of the Year 2011 &#8211; Nomination Thomas Dressend\u00f6rfer\",\"datePublished\":\"2010-12-07T11:19:05+00:00\",\"dateModified\":\"2020-05-20T12:50:59+00:00\",\"mainEntityOfPage\":{\"@id\":\"https:\\\/\\\/hub.hslu.ch\\\/ifz\\\/2019\\\/02\\\/12\\\/prof-dr-yvonne-seiler-zimmermann-was-taugen-pk-ratings-fuer-die-wahl-der-vorsorgeeinrichtung\\\/\"},\"wordCount\":205,\"commentCount\":0,\"image\":{\"@id\":\"https:\\\/\\\/hub.hslu.ch\\\/ifz\\\/2019\\\/02\\\/12\\\/prof-dr-yvonne-seiler-zimmermann-was-taugen-pk-ratings-fuer-die-wahl-der-vorsorgeeinrichtung\\\/#primaryimage\"},\"thumbnailUrl\":\"https:\\\/\\\/hub.hslu.ch\\\/ifz\\\/wp-content\\\/blogs.dir\\\/165\\\/files\\\/sites\\\/6\\\/2010\\\/12\\\/Logo_CFO_of_the_Year2.JPG\",\"articleSection\":[\"CFO\",\"IFZ in den Medien\"],\"inLanguage\":\"de-CH\",\"potentialAction\":[{\"@type\":\"CommentAction\",\"name\":\"Comment\",\"target\":[\"https:\\\/\\\/hub.hslu.ch\\\/ifz\\\/2019\\\/02\\\/12\\\/prof-dr-yvonne-seiler-zimmermann-was-taugen-pk-ratings-fuer-die-wahl-der-vorsorgeeinrichtung\\\/#respond\"]}]},{\"@type\":\"WebPage\",\"@id\":\"https:\\\/\\\/hub.hslu.ch\\\/ifz\\\/2019\\\/02\\\/12\\\/prof-dr-yvonne-seiler-zimmermann-was-taugen-pk-ratings-fuer-die-wahl-der-vorsorgeeinrichtung\\\/\",\"url\":\"https:\\\/\\\/hub.hslu.ch\\\/ifz\\\/2019\\\/02\\\/12\\\/prof-dr-yvonne-seiler-zimmermann-was-taugen-pk-ratings-fuer-die-wahl-der-vorsorgeeinrichtung\\\/\",\"name\":\"CFO of the Year 2011 - Nomination Thomas Dressend\u00f6rfer - IFZ Blog\",\"isPartOf\":{\"@id\":\"https:\\\/\\\/hub.hslu.ch\\\/ifz\\\/#website\"},\"primaryImageOfPage\":{\"@id\":\"https:\\\/\\\/hub.hslu.ch\\\/ifz\\\/2019\\\/02\\\/12\\\/prof-dr-yvonne-seiler-zimmermann-was-taugen-pk-ratings-fuer-die-wahl-der-vorsorgeeinrichtung\\\/#primaryimage\"},\"image\":{\"@id\":\"https:\\\/\\\/hub.hslu.ch\\\/ifz\\\/2019\\\/02\\\/12\\\/prof-dr-yvonne-seiler-zimmermann-was-taugen-pk-ratings-fuer-die-wahl-der-vorsorgeeinrichtung\\\/#primaryimage\"},\"thumbnailUrl\":\"https:\\\/\\\/hub.hslu.ch\\\/ifz\\\/wp-content\\\/blogs.dir\\\/165\\\/files\\\/sites\\\/6\\\/2010\\\/12\\\/Logo_CFO_of_the_Year2.JPG\",\"datePublished\":\"2010-12-07T11:19:05+00:00\",\"dateModified\":\"2020-05-20T12:50:59+00:00\",\"author\":{\"@id\":\"\"},\"breadcrumb\":{\"@id\":\"https:\\\/\\\/hub.hslu.ch\\\/ifz\\\/2019\\\/02\\\/12\\\/prof-dr-yvonne-seiler-zimmermann-was-taugen-pk-ratings-fuer-die-wahl-der-vorsorgeeinrichtung\\\/#breadcrumb\"},\"inLanguage\":\"de-CH\",\"potentialAction\":[{\"@type\":\"ReadAction\",\"target\":[\"https:\\\/\\\/hub.hslu.ch\\\/ifz\\\/2019\\\/02\\\/12\\\/prof-dr-yvonne-seiler-zimmermann-was-taugen-pk-ratings-fuer-die-wahl-der-vorsorgeeinrichtung\\\/\"]}]},{\"@type\":\"ImageObject\",\"inLanguage\":\"de-CH\",\"@id\":\"https:\\\/\\\/hub.hslu.ch\\\/ifz\\\/2019\\\/02\\\/12\\\/prof-dr-yvonne-seiler-zimmermann-was-taugen-pk-ratings-fuer-die-wahl-der-vorsorgeeinrichtung\\\/#primaryimage\",\"url\":\"https:\\\/\\\/hub.hslu.ch\\\/ifz\\\/wp-content\\\/blogs.dir\\\/165\\\/files\\\/sites\\\/6\\\/2010\\\/12\\\/Logo_CFO_of_the_Year2.JPG\",\"contentUrl\":\"https:\\\/\\\/hub.hslu.ch\\\/ifz\\\/wp-content\\\/blogs.dir\\\/165\\\/files\\\/sites\\\/6\\\/2010\\\/12\\\/Logo_CFO_of_the_Year2.JPG\",\"width\":\"137\",\"height\":\"165\"},{\"@type\":\"BreadcrumbList\",\"@id\":\"https:\\\/\\\/hub.hslu.ch\\\/ifz\\\/2019\\\/02\\\/12\\\/prof-dr-yvonne-seiler-zimmermann-was-taugen-pk-ratings-fuer-die-wahl-der-vorsorgeeinrichtung\\\/#breadcrumb\",\"itemListElement\":[{\"@type\":\"ListItem\",\"position\":1,\"name\":\"Home\",\"item\":\"https:\\\/\\\/hub.hslu.ch\\\/ifz\\\/2019\\\/02\\\/12\\\/prof-dr-yvonne-seiler-zimmermann-was-taugen-pk-ratings-fuer-die-wahl-der-vorsorgeeinrichtung\\\/\"},{\"@type\":\"ListItem\",\"position\":2,\"name\":\"CFO of the Year 2011 &#8211; Nomination Thomas Dressend\u00f6rfer\"}]},{\"@type\":\"WebSite\",\"@id\":\"https:\\\/\\\/hub.hslu.ch\\\/ifz\\\/#website\",\"url\":\"https:\\\/\\\/hub.hslu.ch\\\/ifz\\\/\",\"name\":\"IFZ Blog\",\"description\":\"News aus dem Institut f\u00fcr Finanzdienstleistungen Zug IFZ\",\"potentialAction\":[{\"@type\":\"SearchAction\",\"target\":{\"@type\":\"EntryPoint\",\"urlTemplate\":\"https:\\\/\\\/hub.hslu.ch\\\/ifz\\\/?s={search_term_string}\"},\"query-input\":{\"@type\":\"PropertyValueSpecification\",\"valueRequired\":true,\"valueName\":\"search_term_string\"}}],\"inLanguage\":\"de-CH\"},{\"@type\":\"Person\",\"@id\":\"\"}]}<\/script>\n<!-- \/ Yoast SEO plugin. -->","yoast_head_json":{"title":"CFO of the Year 2011 - Nomination Thomas Dressend\u00f6rfer - IFZ Blog","robots":{"index":"index","follow":"follow","max-snippet":"max-snippet:-1","max-image-preview":"max-image-preview:large","max-video-preview":"max-video-preview:-1"},"canonical":"https:\/\/hub.hslu.ch\/ifz\/2019\/02\/12\/prof-dr-yvonne-seiler-zimmermann-was-taugen-pk-ratings-fuer-die-wahl-der-vorsorgeeinrichtung\/","schema":{"@context":"https:\/\/schema.org","@graph":[{"@type":"Article","@id":"https:\/\/hub.hslu.ch\/ifz\/2019\/02\/12\/prof-dr-yvonne-seiler-zimmermann-was-taugen-pk-ratings-fuer-die-wahl-der-vorsorgeeinrichtung\/#article","isPartOf":{"@id":"https:\/\/hub.hslu.ch\/ifz\/2019\/02\/12\/prof-dr-yvonne-seiler-zimmermann-was-taugen-pk-ratings-fuer-die-wahl-der-vorsorgeeinrichtung\/"},"author":{"name":"","@id":""},"headline":"CFO of the Year 2011 &#8211; Nomination Thomas Dressend\u00f6rfer","datePublished":"2010-12-07T11:19:05+00:00","dateModified":"2020-05-20T12:50:59+00:00","mainEntityOfPage":{"@id":"https:\/\/hub.hslu.ch\/ifz\/2019\/02\/12\/prof-dr-yvonne-seiler-zimmermann-was-taugen-pk-ratings-fuer-die-wahl-der-vorsorgeeinrichtung\/"},"wordCount":205,"commentCount":0,"image":{"@id":"https:\/\/hub.hslu.ch\/ifz\/2019\/02\/12\/prof-dr-yvonne-seiler-zimmermann-was-taugen-pk-ratings-fuer-die-wahl-der-vorsorgeeinrichtung\/#primaryimage"},"thumbnailUrl":"https:\/\/hub.hslu.ch\/ifz\/wp-content\/blogs.dir\/165\/files\/sites\/6\/2010\/12\/Logo_CFO_of_the_Year2.JPG","articleSection":["CFO","IFZ in den Medien"],"inLanguage":"de-CH","potentialAction":[{"@type":"CommentAction","name":"Comment","target":["https:\/\/hub.hslu.ch\/ifz\/2019\/02\/12\/prof-dr-yvonne-seiler-zimmermann-was-taugen-pk-ratings-fuer-die-wahl-der-vorsorgeeinrichtung\/#respond"]}]},{"@type":"WebPage","@id":"https:\/\/hub.hslu.ch\/ifz\/2019\/02\/12\/prof-dr-yvonne-seiler-zimmermann-was-taugen-pk-ratings-fuer-die-wahl-der-vorsorgeeinrichtung\/","url":"https:\/\/hub.hslu.ch\/ifz\/2019\/02\/12\/prof-dr-yvonne-seiler-zimmermann-was-taugen-pk-ratings-fuer-die-wahl-der-vorsorgeeinrichtung\/","name":"CFO of the Year 2011 - Nomination Thomas Dressend\u00f6rfer - IFZ Blog","isPartOf":{"@id":"https:\/\/hub.hslu.ch\/ifz\/#website"},"primaryImageOfPage":{"@id":"https:\/\/hub.hslu.ch\/ifz\/2019\/02\/12\/prof-dr-yvonne-seiler-zimmermann-was-taugen-pk-ratings-fuer-die-wahl-der-vorsorgeeinrichtung\/#primaryimage"},"image":{"@id":"https:\/\/hub.hslu.ch\/ifz\/2019\/02\/12\/prof-dr-yvonne-seiler-zimmermann-was-taugen-pk-ratings-fuer-die-wahl-der-vorsorgeeinrichtung\/#primaryimage"},"thumbnailUrl":"https:\/\/hub.hslu.ch\/ifz\/wp-content\/blogs.dir\/165\/files\/sites\/6\/2010\/12\/Logo_CFO_of_the_Year2.JPG","datePublished":"2010-12-07T11:19:05+00:00","dateModified":"2020-05-20T12:50:59+00:00","author":{"@id":""},"breadcrumb":{"@id":"https:\/\/hub.hslu.ch\/ifz\/2019\/02\/12\/prof-dr-yvonne-seiler-zimmermann-was-taugen-pk-ratings-fuer-die-wahl-der-vorsorgeeinrichtung\/#breadcrumb"},"inLanguage":"de-CH","potentialAction":[{"@type":"ReadAction","target":["https:\/\/hub.hslu.ch\/ifz\/2019\/02\/12\/prof-dr-yvonne-seiler-zimmermann-was-taugen-pk-ratings-fuer-die-wahl-der-vorsorgeeinrichtung\/"]}]},{"@type":"ImageObject","inLanguage":"de-CH","@id":"https:\/\/hub.hslu.ch\/ifz\/2019\/02\/12\/prof-dr-yvonne-seiler-zimmermann-was-taugen-pk-ratings-fuer-die-wahl-der-vorsorgeeinrichtung\/#primaryimage","url":"https:\/\/hub.hslu.ch\/ifz\/wp-content\/blogs.dir\/165\/files\/sites\/6\/2010\/12\/Logo_CFO_of_the_Year2.JPG","contentUrl":"https:\/\/hub.hslu.ch\/ifz\/wp-content\/blogs.dir\/165\/files\/sites\/6\/2010\/12\/Logo_CFO_of_the_Year2.JPG","width":"137","height":"165"},{"@type":"BreadcrumbList","@id":"https:\/\/hub.hslu.ch\/ifz\/2019\/02\/12\/prof-dr-yvonne-seiler-zimmermann-was-taugen-pk-ratings-fuer-die-wahl-der-vorsorgeeinrichtung\/#breadcrumb","itemListElement":[{"@type":"ListItem","position":1,"name":"Home","item":"https:\/\/hub.hslu.ch\/ifz\/2019\/02\/12\/prof-dr-yvonne-seiler-zimmermann-was-taugen-pk-ratings-fuer-die-wahl-der-vorsorgeeinrichtung\/"},{"@type":"ListItem","position":2,"name":"CFO of the Year 2011 &#8211; Nomination Thomas Dressend\u00f6rfer"}]},{"@type":"WebSite","@id":"https:\/\/hub.hslu.ch\/ifz\/#website","url":"https:\/\/hub.hslu.ch\/ifz\/","name":"IFZ Blog","description":"News aus dem Institut f\u00fcr Finanzdienstleistungen Zug IFZ","potentialAction":[{"@type":"SearchAction","target":{"@type":"EntryPoint","urlTemplate":"https:\/\/hub.hslu.ch\/ifz\/?s={search_term_string}"},"query-input":{"@type":"PropertyValueSpecification","valueRequired":true,"valueName":"search_term_string"}}],"inLanguage":"de-CH"},{"@type":"Person","@id":""}]}},"featured_image_src":null,"featured_image_src_square":null,"author_info":{"display_name":"","author_link":"https:\/\/hub.hslu.ch\/ifz\/author\/"},"_links":{"self":[{"href":"https:\/\/hub.hslu.ch\/ifz\/wp-json\/wp\/v2\/posts\/3911","targetHints":{"allow":["GET"]}}],"collection":[{"href":"https:\/\/hub.hslu.ch\/ifz\/wp-json\/wp\/v2\/posts"}],"about":[{"href":"https:\/\/hub.hslu.ch\/ifz\/wp-json\/wp\/v2\/types\/post"}],"author":[{"embeddable":true,"href":"https:\/\/hub.hslu.ch\/ifz\/wp-json\/wp\/v2\/users\/257"}],"replies":[{"embeddable":true,"href":"https:\/\/hub.hslu.ch\/ifz\/wp-json\/wp\/v2\/comments?post=3911"}],"version-history":[{"count":1,"href":"https:\/\/hub.hslu.ch\/ifz\/wp-json\/wp\/v2\/posts\/3911\/revisions"}],"predecessor-version":[{"id":19227,"href":"https:\/\/hub.hslu.ch\/ifz\/wp-json\/wp\/v2\/posts\/3911\/revisions\/19227"}],"wp:attachment":[{"href":"https:\/\/hub.hslu.ch\/ifz\/wp-json\/wp\/v2\/media?parent=3911"}],"wp:term":[{"taxonomy":"category","embeddable":true,"href":"https:\/\/hub.hslu.ch\/ifz\/wp-json\/wp\/v2\/categories?post=3911"},{"taxonomy":"post_tag","embeddable":true,"href":"https:\/\/hub.hslu.ch\/ifz\/wp-json\/wp\/v2\/tags?post=3911"}],"curies":[{"name":"wp","href":"https:\/\/api.w.org\/{rel}","templated":true}]}}