{"id":4092,"date":"2011-01-27T08:16:18","date_gmt":"2011-01-27T07:16:18","guid":{"rendered":"https:\/\/hub.hslu.ch\/ifz\/?p=4092"},"modified":"2020-05-20T14:50:59","modified_gmt":"2020-05-20T12:50:59","slug":"cfo-of-the-year-2011-die-gewinner","status":"publish","type":"post","link":"https:\/\/hub.hslu.ch\/ifz\/2011\/01\/27\/cfo-of-the-year-2011-die-gewinner\/","title":{"rendered":"CFO of the Year 2011 &#8211; die Gewinner"},"content":{"rendered":"<p><a href=\"https:\/\/hub.hslu.ch\/ifz\/wp-content\/blogs.dir\/165\/files\/sites\/6\/2011\/01\/cfo_of_the_year_logo1.JPG\"><img loading=\"lazy\" decoding=\"async\" class=\"alignleft size-full wp-image-4094\" title=\"cfo_of_the_year_logo\" src=\"https:\/\/hub.hslu.ch\/ifz\/wp-content\/blogs.dir\/165\/files\/sites\/6\/2011\/01\/cfo_of_the_year_logo1.JPG\" alt=\"cfo_of_the_year_logo\" width=\"129\" height=\"128\" \/><\/a><\/p>\n<p>Was zeichnet einen guten Finanzchef aus? Am diesj\u00e4hrigen <a href=\"http:\/\/www.swisscfoday.ch\/swiss-cfo-day-2011\/impressionen.html\" target=\"_blank\" rel=\"noopener noreferrer\">Swiss CFO Day 2011<\/a> im Theater Casino Zug gab es auf diese Frage eine klare Antwort mit der Verleihung der CFO of the Year Awards.\u00a0In den drei Kategorien SMI, SPI und CFO Forum Schweiz (CFOs) wurden die folgenden Pers\u00f6nlichkeiten f\u00fcr \u00fcberragende Leistungen als CFO ausgezeichnet:\u00a0<\/p>\n<p><strong>Michel Demar\u00e9 (ABB Ltd.)<\/strong><\/p>\n<p>In der Kategorie SMI-Unternehmen gewinnt Michel Demar\u00e9 (CFO ABB Ltd.) die Auszeichnung des CFO of the Year. Er studierte Wirtschaftswissenschaften in Leuven (Belgien). Darauf folgten mehrere Jahre berufliche T\u00e4tigkeit bei Dow Chemical bevor er 2005 CFO und 2008 zudem President of Global Markets bei ABB Ltd. wurde. Des Weiteren ist er Verwaltungsrat der UBS AG und der IMD Foundation. Michel Demar\u00e9 erhielt den Award aufgrund seiner breiten und internationalen Industrieerfahrung. Er vermag durch sein Fachwissen und seine Pers\u00f6nlichkeit zu \u00fcberzeugen. Gegen\u00fcber Medien, Finanzanalysten und Investoren kommuniziert er transparent. Er ist mitverantwortlich f\u00fcr den Erfolg der ABB in einem schwierigen Umfeld.\u00a0<\/p>\n<p><strong>[media id=28 width=512 height=313]<\/strong><\/p>\n<p><strong><br \/>\nRoland Abt (Georg Fischer AG)<\/strong><strong>\u00a0<\/strong><\/p>\n<p>In der Kategorie SPI-Unternehmen geht der Award an den Finanzchef der Georg Fischer AG, Roland Abt. Auch er verf\u00fcgt \u00fcber ein umfangreiches Fachwissen und wird als angenehme Pers\u00f6nlichkeit gesch\u00e4tzt. Er war in verschiedenen Unternehmen t\u00e4tig bevor er 1996 als CFO zur Piping Division von Georg Fischer stiess. Anschliessend war er als Finanzchef f\u00fcr die Integration von Agie-Charmilles mitverantwortlich und wurde 2004 zum CFO der Gruppe berufen. Roland Abt geniesst dank seiner Fachkompetenz und seiner Pers\u00f6nlichkeit innerhalb der Georg Fischer Gruppe und auch bei den externen Anspruchsgruppen grosses Vertrauen und viel Wertsch\u00e4tzung. Er hat in den letzten Monaten massgeblich zur erfolgreichen Restrukturierung der Unternehmensgruppe beigetragen und unter anderem eine erfolgreiche Refinanzierung mit einem Bankenkonsortium realisiert.<br \/>\n<strong>\u00a0[media id=29 width=512 height=313]<\/strong><\/p>\n<p><strong><br \/>\nReto Conrad (Emmi AG)<\/strong><\/p>\n<p>In der Kategorie CFOs Mitglieder wurde Reto Conrad ausgezeichnet. Reto Conrad hat in den letzten f\u00fcnf Jahren zusammen mit seinem Team viel zur Wachstums- und Internationalisierungsstrategie der Emmi Gruppe beigetragen. Reto Conrad l\u00e4sst seine hohe Fachkompetenz und seine hohen ethischen Standards in das t\u00e4gliche Gesch\u00e4ft einfliessen. Es ist ihm auch ein grosses Anliegen, die Mitarbeitenden im Finanzbereich zu f\u00f6rdern. Reto Conrad hat sich zudem ausserhalb der Unternehmung durch seine Auftritte an Konferenzen und Gespr\u00e4chen mit Investoren und Medien als seri\u00f6ser und bestens qualifizierter Finanzchef profiliert.<\/p>\n<p>[media id=30 width=512 height=313]<br \/>\n<strong>Mehr Informationen und Impressionen finden Sie <\/strong><a href=\"http:\/\/www.swisscfoday.ch\/programm.html\" target=\"_blank\" rel=\"noopener noreferrer\"><strong>hier<\/strong><\/a><\/p>\n","protected":false},"excerpt":{"rendered":"<p>Was zeichnet einen guten Finanzchef aus? Am diesj\u00e4hrigen Swiss CFO Day 2011 im Theater Casino Zug gab es auf diese Frage eine klare Antwort mit der Verleihung der CFO of the Year Awards.\u00a0In den drei Kategorien SMI, SPI und CFO Forum Schweiz (CFOs) wurden die folgenden Pers\u00f6nlichkeiten f\u00fcr \u00fcberragende Leistungen als CFO ausgezeichnet:\u00a0 Michel Demar\u00e9<\/p>\n","protected":false},"author":257,"featured_media":0,"comment_status":"open","ping_status":"open","sticky":false,"template":"","format":"standard","meta":{"_acf_changed":false,"inline_featured_image":false,"_relevanssi_hide_post":"","_relevanssi_hide_content":"","_relevanssi_pin_for_all":"","_relevanssi_pin_keywords":"","_relevanssi_unpin_keywords":"","_relevanssi_related_keywords":"","_relevanssi_related_include_ids":"","_relevanssi_related_exclude_ids":"","_relevanssi_related_no_append":"","_relevanssi_related_not_related":"","_relevanssi_related_posts":"","_relevanssi_noindex_reason":"","footnotes":"","_links_to":"","_links_to_target":""},"categories":[765,854975],"tags":[],"class_list":["post-4092","post","type-post","status-publish","format-standard","hentry","category-cfo","category-ifz-in-den-medien"],"acf":[],"yoast_head":"<!-- This site is optimized with the Yoast SEO plugin v27.5 - https:\/\/yoast.com\/product\/yoast-seo-wordpress\/ -->\n<title>CFO of the Year 2011 - die Gewinner - IFZ Blog<\/title>\n<meta name=\"robots\" content=\"index, follow, max-snippet:-1, max-image-preview:large, max-video-preview:-1\" \/>\n<link rel=\"canonical\" href=\"https:\/\/hub.hslu.ch\/ifz\/2019\/02\/12\/prof-dr-yvonne-seiler-zimmermann-was-taugen-pk-ratings-fuer-die-wahl-der-vorsorgeeinrichtung\/\" \/>\n<script type=\"application\/ld+json\" class=\"yoast-schema-graph\">{\"@context\":\"https:\\\/\\\/schema.org\",\"@graph\":[{\"@type\":\"Article\",\"@id\":\"https:\\\/\\\/hub.hslu.ch\\\/ifz\\\/2019\\\/02\\\/12\\\/prof-dr-yvonne-seiler-zimmermann-was-taugen-pk-ratings-fuer-die-wahl-der-vorsorgeeinrichtung\\\/#article\",\"isPartOf\":{\"@id\":\"https:\\\/\\\/hub.hslu.ch\\\/ifz\\\/2019\\\/02\\\/12\\\/prof-dr-yvonne-seiler-zimmermann-was-taugen-pk-ratings-fuer-die-wahl-der-vorsorgeeinrichtung\\\/\"},\"author\":{\"name\":\"\",\"@id\":\"\"},\"headline\":\"CFO of the Year 2011 &#8211; die Gewinner\",\"datePublished\":\"2011-01-27T07:16:18+00:00\",\"dateModified\":\"2020-05-20T12:50:59+00:00\",\"mainEntityOfPage\":{\"@id\":\"https:\\\/\\\/hub.hslu.ch\\\/ifz\\\/2019\\\/02\\\/12\\\/prof-dr-yvonne-seiler-zimmermann-was-taugen-pk-ratings-fuer-die-wahl-der-vorsorgeeinrichtung\\\/\"},\"wordCount\":408,\"commentCount\":0,\"image\":{\"@id\":\"https:\\\/\\\/hub.hslu.ch\\\/ifz\\\/2019\\\/02\\\/12\\\/prof-dr-yvonne-seiler-zimmermann-was-taugen-pk-ratings-fuer-die-wahl-der-vorsorgeeinrichtung\\\/#primaryimage\"},\"thumbnailUrl\":\"https:\\\/\\\/hub.hslu.ch\\\/ifz\\\/wp-content\\\/blogs.dir\\\/165\\\/files\\\/sites\\\/6\\\/2011\\\/01\\\/cfo_of_the_year_logo1.JPG\",\"articleSection\":[\"CFO\",\"IFZ in den Medien\"],\"inLanguage\":\"de-CH\",\"potentialAction\":[{\"@type\":\"CommentAction\",\"name\":\"Comment\",\"target\":[\"https:\\\/\\\/hub.hslu.ch\\\/ifz\\\/2019\\\/02\\\/12\\\/prof-dr-yvonne-seiler-zimmermann-was-taugen-pk-ratings-fuer-die-wahl-der-vorsorgeeinrichtung\\\/#respond\"]}]},{\"@type\":\"WebPage\",\"@id\":\"https:\\\/\\\/hub.hslu.ch\\\/ifz\\\/2019\\\/02\\\/12\\\/prof-dr-yvonne-seiler-zimmermann-was-taugen-pk-ratings-fuer-die-wahl-der-vorsorgeeinrichtung\\\/\",\"url\":\"https:\\\/\\\/hub.hslu.ch\\\/ifz\\\/2019\\\/02\\\/12\\\/prof-dr-yvonne-seiler-zimmermann-was-taugen-pk-ratings-fuer-die-wahl-der-vorsorgeeinrichtung\\\/\",\"name\":\"CFO of the Year 2011 - die Gewinner - IFZ Blog\",\"isPartOf\":{\"@id\":\"https:\\\/\\\/hub.hslu.ch\\\/ifz\\\/#website\"},\"primaryImageOfPage\":{\"@id\":\"https:\\\/\\\/hub.hslu.ch\\\/ifz\\\/2019\\\/02\\\/12\\\/prof-dr-yvonne-seiler-zimmermann-was-taugen-pk-ratings-fuer-die-wahl-der-vorsorgeeinrichtung\\\/#primaryimage\"},\"image\":{\"@id\":\"https:\\\/\\\/hub.hslu.ch\\\/ifz\\\/2019\\\/02\\\/12\\\/prof-dr-yvonne-seiler-zimmermann-was-taugen-pk-ratings-fuer-die-wahl-der-vorsorgeeinrichtung\\\/#primaryimage\"},\"thumbnailUrl\":\"https:\\\/\\\/hub.hslu.ch\\\/ifz\\\/wp-content\\\/blogs.dir\\\/165\\\/files\\\/sites\\\/6\\\/2011\\\/01\\\/cfo_of_the_year_logo1.JPG\",\"datePublished\":\"2011-01-27T07:16:18+00:00\",\"dateModified\":\"2020-05-20T12:50:59+00:00\",\"author\":{\"@id\":\"\"},\"breadcrumb\":{\"@id\":\"https:\\\/\\\/hub.hslu.ch\\\/ifz\\\/2019\\\/02\\\/12\\\/prof-dr-yvonne-seiler-zimmermann-was-taugen-pk-ratings-fuer-die-wahl-der-vorsorgeeinrichtung\\\/#breadcrumb\"},\"inLanguage\":\"de-CH\",\"potentialAction\":[{\"@type\":\"ReadAction\",\"target\":[\"https:\\\/\\\/hub.hslu.ch\\\/ifz\\\/2019\\\/02\\\/12\\\/prof-dr-yvonne-seiler-zimmermann-was-taugen-pk-ratings-fuer-die-wahl-der-vorsorgeeinrichtung\\\/\"]}]},{\"@type\":\"ImageObject\",\"inLanguage\":\"de-CH\",\"@id\":\"https:\\\/\\\/hub.hslu.ch\\\/ifz\\\/2019\\\/02\\\/12\\\/prof-dr-yvonne-seiler-zimmermann-was-taugen-pk-ratings-fuer-die-wahl-der-vorsorgeeinrichtung\\\/#primaryimage\",\"url\":\"https:\\\/\\\/hub.hslu.ch\\\/ifz\\\/wp-content\\\/blogs.dir\\\/165\\\/files\\\/sites\\\/6\\\/2011\\\/01\\\/cfo_of_the_year_logo1.JPG\",\"contentUrl\":\"https:\\\/\\\/hub.hslu.ch\\\/ifz\\\/wp-content\\\/blogs.dir\\\/165\\\/files\\\/sites\\\/6\\\/2011\\\/01\\\/cfo_of_the_year_logo1.JPG\",\"width\":\"129\",\"height\":\"128\"},{\"@type\":\"BreadcrumbList\",\"@id\":\"https:\\\/\\\/hub.hslu.ch\\\/ifz\\\/2019\\\/02\\\/12\\\/prof-dr-yvonne-seiler-zimmermann-was-taugen-pk-ratings-fuer-die-wahl-der-vorsorgeeinrichtung\\\/#breadcrumb\",\"itemListElement\":[{\"@type\":\"ListItem\",\"position\":1,\"name\":\"Home\",\"item\":\"https:\\\/\\\/hub.hslu.ch\\\/ifz\\\/2019\\\/02\\\/12\\\/prof-dr-yvonne-seiler-zimmermann-was-taugen-pk-ratings-fuer-die-wahl-der-vorsorgeeinrichtung\\\/\"},{\"@type\":\"ListItem\",\"position\":2,\"name\":\"CFO of the Year 2011 &#8211; die Gewinner\"}]},{\"@type\":\"WebSite\",\"@id\":\"https:\\\/\\\/hub.hslu.ch\\\/ifz\\\/#website\",\"url\":\"https:\\\/\\\/hub.hslu.ch\\\/ifz\\\/\",\"name\":\"IFZ Blog\",\"description\":\"News aus dem Institut f\u00fcr Finanzdienstleistungen Zug IFZ\",\"potentialAction\":[{\"@type\":\"SearchAction\",\"target\":{\"@type\":\"EntryPoint\",\"urlTemplate\":\"https:\\\/\\\/hub.hslu.ch\\\/ifz\\\/?s={search_term_string}\"},\"query-input\":{\"@type\":\"PropertyValueSpecification\",\"valueRequired\":true,\"valueName\":\"search_term_string\"}}],\"inLanguage\":\"de-CH\"},{\"@type\":\"Person\",\"@id\":\"\"}]}<\/script>\n<!-- \/ Yoast SEO plugin. -->","yoast_head_json":{"title":"CFO of the Year 2011 - die Gewinner - IFZ Blog","robots":{"index":"index","follow":"follow","max-snippet":"max-snippet:-1","max-image-preview":"max-image-preview:large","max-video-preview":"max-video-preview:-1"},"canonical":"https:\/\/hub.hslu.ch\/ifz\/2019\/02\/12\/prof-dr-yvonne-seiler-zimmermann-was-taugen-pk-ratings-fuer-die-wahl-der-vorsorgeeinrichtung\/","schema":{"@context":"https:\/\/schema.org","@graph":[{"@type":"Article","@id":"https:\/\/hub.hslu.ch\/ifz\/2019\/02\/12\/prof-dr-yvonne-seiler-zimmermann-was-taugen-pk-ratings-fuer-die-wahl-der-vorsorgeeinrichtung\/#article","isPartOf":{"@id":"https:\/\/hub.hslu.ch\/ifz\/2019\/02\/12\/prof-dr-yvonne-seiler-zimmermann-was-taugen-pk-ratings-fuer-die-wahl-der-vorsorgeeinrichtung\/"},"author":{"name":"","@id":""},"headline":"CFO of the Year 2011 &#8211; die Gewinner","datePublished":"2011-01-27T07:16:18+00:00","dateModified":"2020-05-20T12:50:59+00:00","mainEntityOfPage":{"@id":"https:\/\/hub.hslu.ch\/ifz\/2019\/02\/12\/prof-dr-yvonne-seiler-zimmermann-was-taugen-pk-ratings-fuer-die-wahl-der-vorsorgeeinrichtung\/"},"wordCount":408,"commentCount":0,"image":{"@id":"https:\/\/hub.hslu.ch\/ifz\/2019\/02\/12\/prof-dr-yvonne-seiler-zimmermann-was-taugen-pk-ratings-fuer-die-wahl-der-vorsorgeeinrichtung\/#primaryimage"},"thumbnailUrl":"https:\/\/hub.hslu.ch\/ifz\/wp-content\/blogs.dir\/165\/files\/sites\/6\/2011\/01\/cfo_of_the_year_logo1.JPG","articleSection":["CFO","IFZ in den Medien"],"inLanguage":"de-CH","potentialAction":[{"@type":"CommentAction","name":"Comment","target":["https:\/\/hub.hslu.ch\/ifz\/2019\/02\/12\/prof-dr-yvonne-seiler-zimmermann-was-taugen-pk-ratings-fuer-die-wahl-der-vorsorgeeinrichtung\/#respond"]}]},{"@type":"WebPage","@id":"https:\/\/hub.hslu.ch\/ifz\/2019\/02\/12\/prof-dr-yvonne-seiler-zimmermann-was-taugen-pk-ratings-fuer-die-wahl-der-vorsorgeeinrichtung\/","url":"https:\/\/hub.hslu.ch\/ifz\/2019\/02\/12\/prof-dr-yvonne-seiler-zimmermann-was-taugen-pk-ratings-fuer-die-wahl-der-vorsorgeeinrichtung\/","name":"CFO of the Year 2011 - die Gewinner - IFZ Blog","isPartOf":{"@id":"https:\/\/hub.hslu.ch\/ifz\/#website"},"primaryImageOfPage":{"@id":"https:\/\/hub.hslu.ch\/ifz\/2019\/02\/12\/prof-dr-yvonne-seiler-zimmermann-was-taugen-pk-ratings-fuer-die-wahl-der-vorsorgeeinrichtung\/#primaryimage"},"image":{"@id":"https:\/\/hub.hslu.ch\/ifz\/2019\/02\/12\/prof-dr-yvonne-seiler-zimmermann-was-taugen-pk-ratings-fuer-die-wahl-der-vorsorgeeinrichtung\/#primaryimage"},"thumbnailUrl":"https:\/\/hub.hslu.ch\/ifz\/wp-content\/blogs.dir\/165\/files\/sites\/6\/2011\/01\/cfo_of_the_year_logo1.JPG","datePublished":"2011-01-27T07:16:18+00:00","dateModified":"2020-05-20T12:50:59+00:00","author":{"@id":""},"breadcrumb":{"@id":"https:\/\/hub.hslu.ch\/ifz\/2019\/02\/12\/prof-dr-yvonne-seiler-zimmermann-was-taugen-pk-ratings-fuer-die-wahl-der-vorsorgeeinrichtung\/#breadcrumb"},"inLanguage":"de-CH","potentialAction":[{"@type":"ReadAction","target":["https:\/\/hub.hslu.ch\/ifz\/2019\/02\/12\/prof-dr-yvonne-seiler-zimmermann-was-taugen-pk-ratings-fuer-die-wahl-der-vorsorgeeinrichtung\/"]}]},{"@type":"ImageObject","inLanguage":"de-CH","@id":"https:\/\/hub.hslu.ch\/ifz\/2019\/02\/12\/prof-dr-yvonne-seiler-zimmermann-was-taugen-pk-ratings-fuer-die-wahl-der-vorsorgeeinrichtung\/#primaryimage","url":"https:\/\/hub.hslu.ch\/ifz\/wp-content\/blogs.dir\/165\/files\/sites\/6\/2011\/01\/cfo_of_the_year_logo1.JPG","contentUrl":"https:\/\/hub.hslu.ch\/ifz\/wp-content\/blogs.dir\/165\/files\/sites\/6\/2011\/01\/cfo_of_the_year_logo1.JPG","width":"129","height":"128"},{"@type":"BreadcrumbList","@id":"https:\/\/hub.hslu.ch\/ifz\/2019\/02\/12\/prof-dr-yvonne-seiler-zimmermann-was-taugen-pk-ratings-fuer-die-wahl-der-vorsorgeeinrichtung\/#breadcrumb","itemListElement":[{"@type":"ListItem","position":1,"name":"Home","item":"https:\/\/hub.hslu.ch\/ifz\/2019\/02\/12\/prof-dr-yvonne-seiler-zimmermann-was-taugen-pk-ratings-fuer-die-wahl-der-vorsorgeeinrichtung\/"},{"@type":"ListItem","position":2,"name":"CFO of the Year 2011 &#8211; die Gewinner"}]},{"@type":"WebSite","@id":"https:\/\/hub.hslu.ch\/ifz\/#website","url":"https:\/\/hub.hslu.ch\/ifz\/","name":"IFZ Blog","description":"News aus dem Institut f\u00fcr Finanzdienstleistungen Zug IFZ","potentialAction":[{"@type":"SearchAction","target":{"@type":"EntryPoint","urlTemplate":"https:\/\/hub.hslu.ch\/ifz\/?s={search_term_string}"},"query-input":{"@type":"PropertyValueSpecification","valueRequired":true,"valueName":"search_term_string"}}],"inLanguage":"de-CH"},{"@type":"Person","@id":""}]}},"featured_image_src":null,"featured_image_src_square":null,"author_info":{"display_name":"","author_link":"https:\/\/hub.hslu.ch\/ifz\/author\/"},"_links":{"self":[{"href":"https:\/\/hub.hslu.ch\/ifz\/wp-json\/wp\/v2\/posts\/4092","targetHints":{"allow":["GET"]}}],"collection":[{"href":"https:\/\/hub.hslu.ch\/ifz\/wp-json\/wp\/v2\/posts"}],"about":[{"href":"https:\/\/hub.hslu.ch\/ifz\/wp-json\/wp\/v2\/types\/post"}],"author":[{"embeddable":true,"href":"https:\/\/hub.hslu.ch\/ifz\/wp-json\/wp\/v2\/users\/257"}],"replies":[{"embeddable":true,"href":"https:\/\/hub.hslu.ch\/ifz\/wp-json\/wp\/v2\/comments?post=4092"}],"version-history":[{"count":1,"href":"https:\/\/hub.hslu.ch\/ifz\/wp-json\/wp\/v2\/posts\/4092\/revisions"}],"predecessor-version":[{"id":19225,"href":"https:\/\/hub.hslu.ch\/ifz\/wp-json\/wp\/v2\/posts\/4092\/revisions\/19225"}],"wp:attachment":[{"href":"https:\/\/hub.hslu.ch\/ifz\/wp-json\/wp\/v2\/media?parent=4092"}],"wp:term":[{"taxonomy":"category","embeddable":true,"href":"https:\/\/hub.hslu.ch\/ifz\/wp-json\/wp\/v2\/categories?post=4092"},{"taxonomy":"post_tag","embeddable":true,"href":"https:\/\/hub.hslu.ch\/ifz\/wp-json\/wp\/v2\/tags?post=4092"}],"curies":[{"name":"wp","href":"https:\/\/api.w.org\/{rel}","templated":true}]}}