{"id":4947,"date":"2011-06-28T09:22:07","date_gmt":"2011-06-28T08:22:07","guid":{"rendered":"https:\/\/hub.hslu.ch\/ifz\/?p=4947"},"modified":"2020-05-20T14:01:53","modified_gmt":"2020-05-20T12:01:53","slug":"immobiliensicherheit-wer-bekommt-den-schwarzen-peter-wenn-ihren-immobilien-das-licht-ausgeht","status":"publish","type":"post","link":"https:\/\/hub.hslu.ch\/ifz\/2011\/06\/28\/immobiliensicherheit-wer-bekommt-den-schwarzen-peter-wenn-ihren-immobilien-das-licht-ausgeht\/","title":{"rendered":"Immobiliensicherheit: Wer bekommt den Schwarzen Peter, wenn Ihren Immobilien das Licht ausgeht?"},"content":{"rendered":"<p><a href=\"https:\/\/hub.hslu.ch\/ifz\/wp-content\/blogs.dir\/165\/files\/sites\/6\/2011\/06\/Markus_Schmidiger.PNG\"><img loading=\"lazy\" decoding=\"async\" class=\"alignleft size-full wp-image-4948\" title=\"Markus_Schmidiger\" src=\"https:\/\/hub.hslu.ch\/ifz\/wp-content\/blogs.dir\/165\/files\/sites\/6\/2011\/06\/Markus_Schmidiger.PNG\" alt=\"Markus_Schmidiger\" width=\"90\" height=\"118\" \/><\/a><\/p>\n<p>Sicherheit und Haftung werden zunehmend wichtige Themen f\u00fcr Immobilienbesitzer und Betreiber. Einerseits werden die gesetzlichen Vorschriften und die Praxis des Haftpflichtrechtes laufend versch\u00e4rft, andererseits sind neue und steigende Bedrohungen aktiv anzugehen. Anl\u00e4sslich des n\u00e4chsten Immobiliengespr\u00e4ches am 30.6.2011 zeigen Referenten aus der Praxis auf:<\/p>\n<ul>\n<li>Wie Bedrohungspotentiale mit einer systematischen Gefahrenanalyse erkannt und entsprechende Pr\u00e4ventionsmassnahmen eingeleitet werden k\u00f6nnen<\/li>\n<li>Wie Videosysteme bei der \u00dcberwachung von Gefahrenpotentialen eingesetzt werden k\u00f6nnen<\/li>\n<li>Welche gesetzlichen Vorschriften heute und in Zukunft f\u00fcr Immobilieneigent\u00fcmer relevant sind und sein werden.<\/li>\n<\/ul>\n<p><strong>Interesse geweckt?<\/strong><br \/>\nAm besten melden Sie sich gleich <a href=\"http:\/\/www.immobilienbusiness.ch\/events\/schweizer-immobiliengespraeche\/details\/article\/36-immobiliengespraech-30062011\/?tx_ttnews%5BbackPid%5D=138&amp;cHash=4156b7bd8c8abb002b0cf2d49e49e0d6\" target=\"_blank\" rel=\"noopener noreferrer\">hier<\/a> an<\/p>\n<p><strong>Haben Sie weitere Fragen zu Immobilienmanagement?<br \/>\n<\/strong>Dann wenden Sie sich an an\u00a0<a href=\"https:\/\/service.gmx.net\/de\/cgi\/derefer?TYPE=3&amp;DEST=http%3A%2F%2Fwww.hslu.ch%2Fhochschule-luzern%2Fh-ueber-uns%2Fh-person.htm%3Fid_person%3D1011614%26amp%3Bid_teilschule%3D25650%26amp%3Brow%3D0\" target=\"_blank\" rel=\"noopener noreferrer\">Dr. Markus Schmidiger<\/a>\u00a0\u00a0oder\u00a0Prof.\u00a0<a href=\"https:\/\/service.gmx.net\/de\/cgi\/derefer?TYPE=3&amp;DEST=http%3A%2F%2Fwww.hslu.ch%2Fhochschule-luzern%2Fh-ueber-uns%2Fh-person.htm%3Fid_person%3D1124916%26amp%3Bid_teilschule%3D25650%26amp%3Brow%3D0\" target=\"_blank\" rel=\"noopener noreferrer\">D<\/a><a href=\"https:\/\/service.gmx.net\/de\/cgi\/derefer?TYPE=3&amp;DEST=http%3A%2F%2Fwww.hslu.ch%2Fhochschule-luzern%2Fh-ueber-uns%2Fh-person.htm%3Fid_person%3D1124916%26amp%3Bid_teilschule%3D25650%26amp%3Brow%3D0\" target=\"_blank\" rel=\"noopener noreferrer\">r. John Davidson<\/a>\u00a0vom\u00a0<a href=\"https:\/\/service.gmx.net\/de\/cgi\/derefer?TYPE=3&amp;DEST=http%3A%2F%2Fwww.hslu.ch%2Fifz\" target=\"_blank\" rel=\"noopener noreferrer\">IFZ<\/a>. Eine umfassende Weiterbildung rund um alle Fragen zu Investition in, Nutzung und Entwicklung von Immobilien bietet unser MAS Immobilienmanagement. Mehr dazu erfahren Sie <a href=\"http:\/\/immobilien.hslu.ch\/\" target=\"_blank\" rel=\"noopener noreferrer\">hier<\/a>\u00a0 oder auch in einem pers\u00f6nlichen Gespr\u00e4ch.<\/p>\n","protected":false},"excerpt":{"rendered":"<p>Sicherheit und Haftung werden zunehmend wichtige Themen f\u00fcr Immobilienbesitzer und Betreiber. Einerseits werden die gesetzlichen Vorschriften und die Praxis des Haftpflichtrechtes laufend versch\u00e4rft, andererseits sind neue und steigende Bedrohungen aktiv anzugehen. Anl\u00e4sslich des n\u00e4chsten Immobiliengespr\u00e4ches am 30.6.2011 zeigen Referenten aus der Praxis auf: Wie Bedrohungspotentiale mit einer systematischen Gefahrenanalyse erkannt und entsprechende Pr\u00e4ventionsmassnahmen eingeleitet werden<\/p>\n","protected":false},"author":257,"featured_media":0,"comment_status":"open","ping_status":"open","sticky":false,"template":"","format":"standard","meta":{"_acf_changed":false,"inline_featured_image":false,"_relevanssi_hide_post":"","_relevanssi_hide_content":"","_relevanssi_pin_for_all":"","_relevanssi_pin_keywords":"","_relevanssi_unpin_keywords":"","_relevanssi_related_keywords":"","_relevanssi_related_include_ids":"","_relevanssi_related_exclude_ids":"","_relevanssi_related_no_append":"","_relevanssi_related_not_related":"","_relevanssi_related_posts":"","_relevanssi_noindex_reason":"","footnotes":"","_links_to":"","_links_to_target":""},"categories":[146,409],"tags":[],"class_list":["post-4947","post","type-post","status-publish","format-standard","hentry","category-forschung","category-real-estate-immobilienmanagement"],"acf":[],"yoast_head":"<!-- This site is optimized with the Yoast SEO plugin v27.5 - https:\/\/yoast.com\/product\/yoast-seo-wordpress\/ -->\n<title>Immobiliensicherheit: Wer bekommt den Schwarzen Peter, wenn Ihren Immobilien das Licht ausgeht? - IFZ Blog<\/title>\n<meta name=\"robots\" content=\"index, follow, max-snippet:-1, max-image-preview:large, max-video-preview:-1\" \/>\n<link rel=\"canonical\" href=\"https:\/\/hub.hslu.ch\/ifz\/2019\/02\/12\/prof-dr-yvonne-seiler-zimmermann-was-taugen-pk-ratings-fuer-die-wahl-der-vorsorgeeinrichtung\/\" \/>\n<script type=\"application\/ld+json\" class=\"yoast-schema-graph\">{\"@context\":\"https:\\\/\\\/schema.org\",\"@graph\":[{\"@type\":\"Article\",\"@id\":\"https:\\\/\\\/hub.hslu.ch\\\/ifz\\\/2019\\\/02\\\/12\\\/prof-dr-yvonne-seiler-zimmermann-was-taugen-pk-ratings-fuer-die-wahl-der-vorsorgeeinrichtung\\\/#article\",\"isPartOf\":{\"@id\":\"https:\\\/\\\/hub.hslu.ch\\\/ifz\\\/2019\\\/02\\\/12\\\/prof-dr-yvonne-seiler-zimmermann-was-taugen-pk-ratings-fuer-die-wahl-der-vorsorgeeinrichtung\\\/\"},\"author\":{\"name\":\"\",\"@id\":\"\"},\"headline\":\"Immobiliensicherheit: Wer bekommt den Schwarzen Peter, wenn Ihren Immobilien das Licht ausgeht?\",\"datePublished\":\"2011-06-28T08:22:07+00:00\",\"dateModified\":\"2020-05-20T12:01:53+00:00\",\"mainEntityOfPage\":{\"@id\":\"https:\\\/\\\/hub.hslu.ch\\\/ifz\\\/2019\\\/02\\\/12\\\/prof-dr-yvonne-seiler-zimmermann-was-taugen-pk-ratings-fuer-die-wahl-der-vorsorgeeinrichtung\\\/\"},\"wordCount\":166,\"commentCount\":0,\"image\":{\"@id\":\"https:\\\/\\\/hub.hslu.ch\\\/ifz\\\/2019\\\/02\\\/12\\\/prof-dr-yvonne-seiler-zimmermann-was-taugen-pk-ratings-fuer-die-wahl-der-vorsorgeeinrichtung\\\/#primaryimage\"},\"thumbnailUrl\":\"https:\\\/\\\/hub.hslu.ch\\\/ifz\\\/wp-content\\\/blogs.dir\\\/165\\\/files\\\/sites\\\/6\\\/2011\\\/06\\\/Markus_Schmidiger.PNG\",\"articleSection\":[\"Forschung und Dienstleistung\",\"Real Estate \\\/ Immobilienmanagement\"],\"inLanguage\":\"de-CH\",\"potentialAction\":[{\"@type\":\"CommentAction\",\"name\":\"Comment\",\"target\":[\"https:\\\/\\\/hub.hslu.ch\\\/ifz\\\/2019\\\/02\\\/12\\\/prof-dr-yvonne-seiler-zimmermann-was-taugen-pk-ratings-fuer-die-wahl-der-vorsorgeeinrichtung\\\/#respond\"]}]},{\"@type\":\"WebPage\",\"@id\":\"https:\\\/\\\/hub.hslu.ch\\\/ifz\\\/2019\\\/02\\\/12\\\/prof-dr-yvonne-seiler-zimmermann-was-taugen-pk-ratings-fuer-die-wahl-der-vorsorgeeinrichtung\\\/\",\"url\":\"https:\\\/\\\/hub.hslu.ch\\\/ifz\\\/2019\\\/02\\\/12\\\/prof-dr-yvonne-seiler-zimmermann-was-taugen-pk-ratings-fuer-die-wahl-der-vorsorgeeinrichtung\\\/\",\"name\":\"Immobiliensicherheit: Wer bekommt den Schwarzen Peter, wenn Ihren Immobilien das Licht ausgeht? - IFZ Blog\",\"isPartOf\":{\"@id\":\"https:\\\/\\\/hub.hslu.ch\\\/ifz\\\/#website\"},\"primaryImageOfPage\":{\"@id\":\"https:\\\/\\\/hub.hslu.ch\\\/ifz\\\/2019\\\/02\\\/12\\\/prof-dr-yvonne-seiler-zimmermann-was-taugen-pk-ratings-fuer-die-wahl-der-vorsorgeeinrichtung\\\/#primaryimage\"},\"image\":{\"@id\":\"https:\\\/\\\/hub.hslu.ch\\\/ifz\\\/2019\\\/02\\\/12\\\/prof-dr-yvonne-seiler-zimmermann-was-taugen-pk-ratings-fuer-die-wahl-der-vorsorgeeinrichtung\\\/#primaryimage\"},\"thumbnailUrl\":\"https:\\\/\\\/hub.hslu.ch\\\/ifz\\\/wp-content\\\/blogs.dir\\\/165\\\/files\\\/sites\\\/6\\\/2011\\\/06\\\/Markus_Schmidiger.PNG\",\"datePublished\":\"2011-06-28T08:22:07+00:00\",\"dateModified\":\"2020-05-20T12:01:53+00:00\",\"author\":{\"@id\":\"\"},\"breadcrumb\":{\"@id\":\"https:\\\/\\\/hub.hslu.ch\\\/ifz\\\/2019\\\/02\\\/12\\\/prof-dr-yvonne-seiler-zimmermann-was-taugen-pk-ratings-fuer-die-wahl-der-vorsorgeeinrichtung\\\/#breadcrumb\"},\"inLanguage\":\"de-CH\",\"potentialAction\":[{\"@type\":\"ReadAction\",\"target\":[\"https:\\\/\\\/hub.hslu.ch\\\/ifz\\\/2019\\\/02\\\/12\\\/prof-dr-yvonne-seiler-zimmermann-was-taugen-pk-ratings-fuer-die-wahl-der-vorsorgeeinrichtung\\\/\"]}]},{\"@type\":\"ImageObject\",\"inLanguage\":\"de-CH\",\"@id\":\"https:\\\/\\\/hub.hslu.ch\\\/ifz\\\/2019\\\/02\\\/12\\\/prof-dr-yvonne-seiler-zimmermann-was-taugen-pk-ratings-fuer-die-wahl-der-vorsorgeeinrichtung\\\/#primaryimage\",\"url\":\"https:\\\/\\\/hub.hslu.ch\\\/ifz\\\/wp-content\\\/blogs.dir\\\/165\\\/files\\\/sites\\\/6\\\/2011\\\/06\\\/Markus_Schmidiger.PNG\",\"contentUrl\":\"https:\\\/\\\/hub.hslu.ch\\\/ifz\\\/wp-content\\\/blogs.dir\\\/165\\\/files\\\/sites\\\/6\\\/2011\\\/06\\\/Markus_Schmidiger.PNG\",\"width\":\"150\",\"height\":\"197\"},{\"@type\":\"BreadcrumbList\",\"@id\":\"https:\\\/\\\/hub.hslu.ch\\\/ifz\\\/2019\\\/02\\\/12\\\/prof-dr-yvonne-seiler-zimmermann-was-taugen-pk-ratings-fuer-die-wahl-der-vorsorgeeinrichtung\\\/#breadcrumb\",\"itemListElement\":[{\"@type\":\"ListItem\",\"position\":1,\"name\":\"Home\",\"item\":\"https:\\\/\\\/hub.hslu.ch\\\/ifz\\\/2019\\\/02\\\/12\\\/prof-dr-yvonne-seiler-zimmermann-was-taugen-pk-ratings-fuer-die-wahl-der-vorsorgeeinrichtung\\\/\"},{\"@type\":\"ListItem\",\"position\":2,\"name\":\"Immobiliensicherheit: Wer bekommt den Schwarzen Peter, wenn Ihren Immobilien das Licht ausgeht?\"}]},{\"@type\":\"WebSite\",\"@id\":\"https:\\\/\\\/hub.hslu.ch\\\/ifz\\\/#website\",\"url\":\"https:\\\/\\\/hub.hslu.ch\\\/ifz\\\/\",\"name\":\"IFZ Blog\",\"description\":\"News aus dem Institut f\u00fcr Finanzdienstleistungen Zug IFZ\",\"potentialAction\":[{\"@type\":\"SearchAction\",\"target\":{\"@type\":\"EntryPoint\",\"urlTemplate\":\"https:\\\/\\\/hub.hslu.ch\\\/ifz\\\/?s={search_term_string}\"},\"query-input\":{\"@type\":\"PropertyValueSpecification\",\"valueRequired\":true,\"valueName\":\"search_term_string\"}}],\"inLanguage\":\"de-CH\"},{\"@type\":\"Person\",\"@id\":\"\"}]}<\/script>\n<!-- \/ Yoast SEO plugin. -->","yoast_head_json":{"title":"Immobiliensicherheit: Wer bekommt den Schwarzen Peter, wenn Ihren Immobilien das Licht ausgeht? - IFZ Blog","robots":{"index":"index","follow":"follow","max-snippet":"max-snippet:-1","max-image-preview":"max-image-preview:large","max-video-preview":"max-video-preview:-1"},"canonical":"https:\/\/hub.hslu.ch\/ifz\/2019\/02\/12\/prof-dr-yvonne-seiler-zimmermann-was-taugen-pk-ratings-fuer-die-wahl-der-vorsorgeeinrichtung\/","schema":{"@context":"https:\/\/schema.org","@graph":[{"@type":"Article","@id":"https:\/\/hub.hslu.ch\/ifz\/2019\/02\/12\/prof-dr-yvonne-seiler-zimmermann-was-taugen-pk-ratings-fuer-die-wahl-der-vorsorgeeinrichtung\/#article","isPartOf":{"@id":"https:\/\/hub.hslu.ch\/ifz\/2019\/02\/12\/prof-dr-yvonne-seiler-zimmermann-was-taugen-pk-ratings-fuer-die-wahl-der-vorsorgeeinrichtung\/"},"author":{"name":"","@id":""},"headline":"Immobiliensicherheit: Wer bekommt den Schwarzen Peter, wenn Ihren Immobilien das Licht ausgeht?","datePublished":"2011-06-28T08:22:07+00:00","dateModified":"2020-05-20T12:01:53+00:00","mainEntityOfPage":{"@id":"https:\/\/hub.hslu.ch\/ifz\/2019\/02\/12\/prof-dr-yvonne-seiler-zimmermann-was-taugen-pk-ratings-fuer-die-wahl-der-vorsorgeeinrichtung\/"},"wordCount":166,"commentCount":0,"image":{"@id":"https:\/\/hub.hslu.ch\/ifz\/2019\/02\/12\/prof-dr-yvonne-seiler-zimmermann-was-taugen-pk-ratings-fuer-die-wahl-der-vorsorgeeinrichtung\/#primaryimage"},"thumbnailUrl":"https:\/\/hub.hslu.ch\/ifz\/wp-content\/blogs.dir\/165\/files\/sites\/6\/2011\/06\/Markus_Schmidiger.PNG","articleSection":["Forschung und Dienstleistung","Real Estate \/ Immobilienmanagement"],"inLanguage":"de-CH","potentialAction":[{"@type":"CommentAction","name":"Comment","target":["https:\/\/hub.hslu.ch\/ifz\/2019\/02\/12\/prof-dr-yvonne-seiler-zimmermann-was-taugen-pk-ratings-fuer-die-wahl-der-vorsorgeeinrichtung\/#respond"]}]},{"@type":"WebPage","@id":"https:\/\/hub.hslu.ch\/ifz\/2019\/02\/12\/prof-dr-yvonne-seiler-zimmermann-was-taugen-pk-ratings-fuer-die-wahl-der-vorsorgeeinrichtung\/","url":"https:\/\/hub.hslu.ch\/ifz\/2019\/02\/12\/prof-dr-yvonne-seiler-zimmermann-was-taugen-pk-ratings-fuer-die-wahl-der-vorsorgeeinrichtung\/","name":"Immobiliensicherheit: Wer bekommt den Schwarzen Peter, wenn Ihren Immobilien das Licht ausgeht? - IFZ Blog","isPartOf":{"@id":"https:\/\/hub.hslu.ch\/ifz\/#website"},"primaryImageOfPage":{"@id":"https:\/\/hub.hslu.ch\/ifz\/2019\/02\/12\/prof-dr-yvonne-seiler-zimmermann-was-taugen-pk-ratings-fuer-die-wahl-der-vorsorgeeinrichtung\/#primaryimage"},"image":{"@id":"https:\/\/hub.hslu.ch\/ifz\/2019\/02\/12\/prof-dr-yvonne-seiler-zimmermann-was-taugen-pk-ratings-fuer-die-wahl-der-vorsorgeeinrichtung\/#primaryimage"},"thumbnailUrl":"https:\/\/hub.hslu.ch\/ifz\/wp-content\/blogs.dir\/165\/files\/sites\/6\/2011\/06\/Markus_Schmidiger.PNG","datePublished":"2011-06-28T08:22:07+00:00","dateModified":"2020-05-20T12:01:53+00:00","author":{"@id":""},"breadcrumb":{"@id":"https:\/\/hub.hslu.ch\/ifz\/2019\/02\/12\/prof-dr-yvonne-seiler-zimmermann-was-taugen-pk-ratings-fuer-die-wahl-der-vorsorgeeinrichtung\/#breadcrumb"},"inLanguage":"de-CH","potentialAction":[{"@type":"ReadAction","target":["https:\/\/hub.hslu.ch\/ifz\/2019\/02\/12\/prof-dr-yvonne-seiler-zimmermann-was-taugen-pk-ratings-fuer-die-wahl-der-vorsorgeeinrichtung\/"]}]},{"@type":"ImageObject","inLanguage":"de-CH","@id":"https:\/\/hub.hslu.ch\/ifz\/2019\/02\/12\/prof-dr-yvonne-seiler-zimmermann-was-taugen-pk-ratings-fuer-die-wahl-der-vorsorgeeinrichtung\/#primaryimage","url":"https:\/\/hub.hslu.ch\/ifz\/wp-content\/blogs.dir\/165\/files\/sites\/6\/2011\/06\/Markus_Schmidiger.PNG","contentUrl":"https:\/\/hub.hslu.ch\/ifz\/wp-content\/blogs.dir\/165\/files\/sites\/6\/2011\/06\/Markus_Schmidiger.PNG","width":"150","height":"197"},{"@type":"BreadcrumbList","@id":"https:\/\/hub.hslu.ch\/ifz\/2019\/02\/12\/prof-dr-yvonne-seiler-zimmermann-was-taugen-pk-ratings-fuer-die-wahl-der-vorsorgeeinrichtung\/#breadcrumb","itemListElement":[{"@type":"ListItem","position":1,"name":"Home","item":"https:\/\/hub.hslu.ch\/ifz\/2019\/02\/12\/prof-dr-yvonne-seiler-zimmermann-was-taugen-pk-ratings-fuer-die-wahl-der-vorsorgeeinrichtung\/"},{"@type":"ListItem","position":2,"name":"Immobiliensicherheit: Wer bekommt den Schwarzen Peter, wenn Ihren Immobilien das Licht ausgeht?"}]},{"@type":"WebSite","@id":"https:\/\/hub.hslu.ch\/ifz\/#website","url":"https:\/\/hub.hslu.ch\/ifz\/","name":"IFZ Blog","description":"News aus dem Institut f\u00fcr Finanzdienstleistungen Zug IFZ","potentialAction":[{"@type":"SearchAction","target":{"@type":"EntryPoint","urlTemplate":"https:\/\/hub.hslu.ch\/ifz\/?s={search_term_string}"},"query-input":{"@type":"PropertyValueSpecification","valueRequired":true,"valueName":"search_term_string"}}],"inLanguage":"de-CH"},{"@type":"Person","@id":""}]}},"featured_image_src":null,"featured_image_src_square":null,"author_info":{"display_name":"","author_link":"https:\/\/hub.hslu.ch\/ifz\/author\/"},"_links":{"self":[{"href":"https:\/\/hub.hslu.ch\/ifz\/wp-json\/wp\/v2\/posts\/4947","targetHints":{"allow":["GET"]}}],"collection":[{"href":"https:\/\/hub.hslu.ch\/ifz\/wp-json\/wp\/v2\/posts"}],"about":[{"href":"https:\/\/hub.hslu.ch\/ifz\/wp-json\/wp\/v2\/types\/post"}],"author":[{"embeddable":true,"href":"https:\/\/hub.hslu.ch\/ifz\/wp-json\/wp\/v2\/users\/257"}],"replies":[{"embeddable":true,"href":"https:\/\/hub.hslu.ch\/ifz\/wp-json\/wp\/v2\/comments?post=4947"}],"version-history":[{"count":1,"href":"https:\/\/hub.hslu.ch\/ifz\/wp-json\/wp\/v2\/posts\/4947\/revisions"}],"predecessor-version":[{"id":18487,"href":"https:\/\/hub.hslu.ch\/ifz\/wp-json\/wp\/v2\/posts\/4947\/revisions\/18487"}],"wp:attachment":[{"href":"https:\/\/hub.hslu.ch\/ifz\/wp-json\/wp\/v2\/media?parent=4947"}],"wp:term":[{"taxonomy":"category","embeddable":true,"href":"https:\/\/hub.hslu.ch\/ifz\/wp-json\/wp\/v2\/categories?post=4947"},{"taxonomy":"post_tag","embeddable":true,"href":"https:\/\/hub.hslu.ch\/ifz\/wp-json\/wp\/v2\/tags?post=4947"}],"curies":[{"name":"wp","href":"https:\/\/api.w.org\/{rel}","templated":true}]}}