{"id":5340,"date":"2011-09-07T14:31:59","date_gmt":"2011-09-07T13:31:59","guid":{"rendered":"https:\/\/hub.hslu.ch\/ifz\/?p=5340"},"modified":"2020-05-20T14:56:33","modified_gmt":"2020-05-20T12:56:33","slug":"weitere-angriffe-wurden-provoziert","status":"publish","type":"post","link":"https:\/\/hub.hslu.ch\/ifz\/2011\/09\/07\/weitere-angriffe-wurden-provoziert\/","title":{"rendered":"\u00abWeitere Angriffe w\u00fcrden provoziert\u00bb"},"content":{"rendered":"<p><a href=\"https:\/\/hub.hslu.ch\/ifz\/wp-content\/blogs.dir\/165\/files\/sites\/6\/2011\/09\/LEC_20Min.jpg\"><img loading=\"lazy\" decoding=\"async\" class=\"alignleft size-full wp-image-5341\" src=\"https:\/\/hub.hslu.ch\/ifz\/wp-content\/blogs.dir\/165\/files\/sites\/6\/2011\/09\/LEC_20Min.jpg\" alt=\"\" width=\"188\" height=\"113\" srcset=\"https:\/\/hub.hslu.ch\/ifz\/wp-content\/blogs.dir\/165\/files\/sites\/6\/2011\/09\/LEC_20Min.jpg 313w, https:\/\/hub.hslu.ch\/ifz\/wp-content\/blogs.dir\/165\/files\/sites\/6\/2011\/09\/LEC_20Min-300x180.jpg 300w\" sizes=\"auto, (max-width: 188px) 100vw, 188px\" \/><\/a><\/p>\n<p><a href=\"http:\/\/www.hslu.ch\/hochschule-luzern\/h-ueber-uns\/h-person.htm?id_person=1011137&amp;id_teilschule=25650&amp;row=0\" target=\"_blank\" rel=\"noopener noreferrer\">Prof. Dr. Christoph Lengwiler<\/a>, Institutsleiter des <a href=\"http:\/\/www.hslu.ch\/ifz\" target=\"_blank\" rel=\"noopener noreferrer\">IFZ<\/a>, spricht in der heutigen Ausgabe von 20 Minuten \u00fcber die aktuellen <a href=\"http:\/\/www.20min.ch\/finance\/news\/story\/13205991\" target=\"_blank\" rel=\"noopener noreferrer\">Justizprobleme mit den USA<\/a>.<\/p>\n<p><em><strong>Herr Prof. Dr. Lengwiler, f\u00e4llen die USA jetzt das Bankgeheimnis endg\u00fcltig?<\/strong><\/em><br \/>\nHoffentlich nicht. Das Bankgeheimnis sch\u00fctzt die Privatsph\u00e4re des Bankkunden. Das sollten wir beibehalten.<br \/>\n<strong><br \/>\n<em>Warum nicht ein Ende mit Schrecken und den US-Forderungen gleich nachgeben?<\/em><\/strong><br \/>\nDie Bankkunden w\u00fcrden es nicht goutieren, wenn sich die Schweizer Banken in die Knie zwingen lassen w\u00fcrden. Das w\u00fcrde weitere Angriffe provozieren und zu Unsicherheiten f\u00fchren. Wir d\u00fcrfen die internationale Wettbewerbsf\u00e4higkeit unserer Banken und Verm\u00f6gensgesellschaften nicht aufs Spiel setzen.<br \/>\n<strong><br \/>\n<em>Warum ziehen die USA ein Ultimatum der Amtshilfe vor?<\/em><\/strong><br \/>\nDas frage ich mich auch. Amerikas Beh\u00f6rden versuchen immer wieder, etwas zu erzwingen. Dahinter steckt Taktik. Eigentlich sollten sie das Amtshilfeverfahren w\u00e4hlen.<\/p>\n<p style=\"text-align: center\"><strong><a href=\"https:\/\/hub.hslu.ch\/ifz\/wp-content\/blogs.dir\/165\/files\/sites\/6\/2011\/09\/ch_USA.jpg\"><img loading=\"lazy\" decoding=\"async\" class=\"size-full wp-image-5346 aligncenter\" src=\"https:\/\/hub.hslu.ch\/ifz\/wp-content\/blogs.dir\/165\/files\/sites\/6\/2011\/09\/ch_USA.jpg\" alt=\"\" width=\"277\" height=\"210\" \/><\/a><\/strong><\/p>\n<p><em><strong>Soll sich der Bundesrat f\u00fcr Banken einsetzen, die in den USA ein Problem mit ihrem Businessmodell haben?<\/strong><\/em><br \/>\nDer Bund muss daf\u00fcr sorgen, dass das Schweizer Rechtssystem nicht durch fremde M\u00e4chte ausgehebelt wird. Darum soll man auch nicht mit Notrechtl\u00f6sungen arbeiten. Umgekehrt k\u00f6nnen Schweizer Firmen nicht gest\u00fctzt werden, wenn sie offensichtlich Gesetze im Ausland verletzen.<\/p>\n<p><em><strong>Was w\u00e4re das D\u00fcmmste, das der Bundesrat jetzt tun k\u00f6nnte?<\/strong><\/em><br \/>\nDumm w\u00e4re, jetzt klar zu sagen, dass man nicht einlenkt, und dann doch nachzugeben. Dann w\u00fcrde er seine Glaubw\u00fcrdigkeit verlieren.<\/p>\n<p>&nbsp;<\/p>\n<p><strong>Das k\u00f6nnte Sie ebenfalls interessieren:<br \/>\n<\/strong><a href=\"http:\/\/www.weiterbildung.hslu.ch\/wirtschaft\/finanzdienstleistungen\/kurs.asp?kid=1680&amp;m=10&amp;page_no=1&amp;tid=&amp;search=Corporate+Finance&amp;sort=0\" target=\"_blank\" rel=\"noopener noreferrer\">MAS Corporate Finance<\/a> &#8211; die Weiterbildung f\u00fcr\u00a0finanzielle Unternehmensf\u00fchrung. Besuchen\u00a0Sie uns am n\u00e4chsten <a href=\"http:\/\/www.weiterbildung.hslu.ch\/wirtschaft\/finanzdienstleistungen\/kurs.asp?kid=2202&amp;m=10&amp;page_no=1&amp;tid=&amp;search=Corporate+Finance&amp;sort=0\" target=\"_blank\" rel=\"noopener noreferrer\">Info-Anlass<\/a> und\u00a0erfahren Sie aus 1.\u00a0Hand alles Wissenswerte.\u00a0Die Studienleitung ist vor Ort und beantwortet gerne Ihre pers\u00f6nlichen Fragen.<\/p>\n<p><strong>Wann:<\/strong> 20. September 2011 von 18.15 bis 20.15 Uhr<br \/>\n<strong>Wo:<\/strong> An der Grafenau in Zug, 2 Minuten vom Bahnhof<\/p>\n","protected":false},"excerpt":{"rendered":"<p>Prof. Dr. Christoph Lengwiler, Institutsleiter des IFZ, spricht in der heutigen Ausgabe von 20 Minuten \u00fcber die aktuellen Justizprobleme mit den USA. Herr Prof. Dr. Lengwiler, f\u00e4llen die USA jetzt das Bankgeheimnis endg\u00fcltig? Hoffentlich nicht. Das Bankgeheimnis sch\u00fctzt die Privatsph\u00e4re des Bankkunden. Das sollten wir beibehalten. Warum nicht ein Ende mit Schrecken und den US-Forderungen<\/p>\n","protected":false},"author":257,"featured_media":0,"comment_status":"open","ping_status":"open","sticky":false,"template":"","format":"standard","meta":{"_acf_changed":false,"inline_featured_image":false,"_relevanssi_hide_post":"","_relevanssi_hide_content":"","_relevanssi_pin_for_all":"","_relevanssi_pin_keywords":"","_relevanssi_unpin_keywords":"","_relevanssi_related_keywords":"","_relevanssi_related_include_ids":"","_relevanssi_related_exclude_ids":"","_relevanssi_related_no_append":"","_relevanssi_related_not_related":"","_relevanssi_related_posts":"","_relevanssi_noindex_reason":"","footnotes":"","_links_to":"","_links_to_target":""},"categories":[407,1046,854975,561],"tags":[7561,7560,60196],"class_list":["post-5340","post","type-post","status-publish","format-standard","hentry","category-financial-markets","category-financial-services","category-ifz-in-den-medien","category-kolumne","tag-bankgeheimniss","tag-mas-corporate-finance","tag-weiterbildung"],"acf":[],"yoast_head":"<!-- This site is optimized with the Yoast SEO plugin v27.5 - https:\/\/yoast.com\/product\/yoast-seo-wordpress\/ -->\n<title>\u00abWeitere Angriffe w\u00fcrden provoziert\u00bb - IFZ Blog<\/title>\n<meta name=\"robots\" content=\"index, follow, max-snippet:-1, max-image-preview:large, max-video-preview:-1\" \/>\n<link rel=\"canonical\" href=\"https:\/\/hub.hslu.ch\/ifz\/2019\/02\/12\/prof-dr-yvonne-seiler-zimmermann-was-taugen-pk-ratings-fuer-die-wahl-der-vorsorgeeinrichtung\/\" \/>\n<script type=\"application\/ld+json\" class=\"yoast-schema-graph\">{\"@context\":\"https:\\\/\\\/schema.org\",\"@graph\":[{\"@type\":\"Article\",\"@id\":\"https:\\\/\\\/hub.hslu.ch\\\/ifz\\\/2019\\\/02\\\/12\\\/prof-dr-yvonne-seiler-zimmermann-was-taugen-pk-ratings-fuer-die-wahl-der-vorsorgeeinrichtung\\\/#article\",\"isPartOf\":{\"@id\":\"https:\\\/\\\/hub.hslu.ch\\\/ifz\\\/2019\\\/02\\\/12\\\/prof-dr-yvonne-seiler-zimmermann-was-taugen-pk-ratings-fuer-die-wahl-der-vorsorgeeinrichtung\\\/\"},\"author\":{\"name\":\"\",\"@id\":\"\"},\"headline\":\"\u00abWeitere Angriffe w\u00fcrden provoziert\u00bb\",\"datePublished\":\"2011-09-07T13:31:59+00:00\",\"dateModified\":\"2020-05-20T12:56:33+00:00\",\"mainEntityOfPage\":{\"@id\":\"https:\\\/\\\/hub.hslu.ch\\\/ifz\\\/2019\\\/02\\\/12\\\/prof-dr-yvonne-seiler-zimmermann-was-taugen-pk-ratings-fuer-die-wahl-der-vorsorgeeinrichtung\\\/\"},\"wordCount\":298,\"commentCount\":0,\"image\":{\"@id\":\"https:\\\/\\\/hub.hslu.ch\\\/ifz\\\/2019\\\/02\\\/12\\\/prof-dr-yvonne-seiler-zimmermann-was-taugen-pk-ratings-fuer-die-wahl-der-vorsorgeeinrichtung\\\/#primaryimage\"},\"thumbnailUrl\":\"https:\\\/\\\/hub.hslu.ch\\\/ifz\\\/wp-content\\\/blogs.dir\\\/165\\\/files\\\/sites\\\/6\\\/2011\\\/09\\\/LEC_20Min.jpg\",\"keywords\":[\"Bankgeheimniss\",\"MAS Corporate Finance\",\"Weiterbildung\"],\"articleSection\":[\"Financial Markets\",\"Financial Services\",\"IFZ in den Medien\",\"Kolumne\"],\"inLanguage\":\"de-CH\",\"potentialAction\":[{\"@type\":\"CommentAction\",\"name\":\"Comment\",\"target\":[\"https:\\\/\\\/hub.hslu.ch\\\/ifz\\\/2019\\\/02\\\/12\\\/prof-dr-yvonne-seiler-zimmermann-was-taugen-pk-ratings-fuer-die-wahl-der-vorsorgeeinrichtung\\\/#respond\"]}]},{\"@type\":\"WebPage\",\"@id\":\"https:\\\/\\\/hub.hslu.ch\\\/ifz\\\/2019\\\/02\\\/12\\\/prof-dr-yvonne-seiler-zimmermann-was-taugen-pk-ratings-fuer-die-wahl-der-vorsorgeeinrichtung\\\/\",\"url\":\"https:\\\/\\\/hub.hslu.ch\\\/ifz\\\/2019\\\/02\\\/12\\\/prof-dr-yvonne-seiler-zimmermann-was-taugen-pk-ratings-fuer-die-wahl-der-vorsorgeeinrichtung\\\/\",\"name\":\"\u00abWeitere Angriffe w\u00fcrden provoziert\u00bb - IFZ Blog\",\"isPartOf\":{\"@id\":\"https:\\\/\\\/hub.hslu.ch\\\/ifz\\\/#website\"},\"primaryImageOfPage\":{\"@id\":\"https:\\\/\\\/hub.hslu.ch\\\/ifz\\\/2019\\\/02\\\/12\\\/prof-dr-yvonne-seiler-zimmermann-was-taugen-pk-ratings-fuer-die-wahl-der-vorsorgeeinrichtung\\\/#primaryimage\"},\"image\":{\"@id\":\"https:\\\/\\\/hub.hslu.ch\\\/ifz\\\/2019\\\/02\\\/12\\\/prof-dr-yvonne-seiler-zimmermann-was-taugen-pk-ratings-fuer-die-wahl-der-vorsorgeeinrichtung\\\/#primaryimage\"},\"thumbnailUrl\":\"https:\\\/\\\/hub.hslu.ch\\\/ifz\\\/wp-content\\\/blogs.dir\\\/165\\\/files\\\/sites\\\/6\\\/2011\\\/09\\\/LEC_20Min.jpg\",\"datePublished\":\"2011-09-07T13:31:59+00:00\",\"dateModified\":\"2020-05-20T12:56:33+00:00\",\"author\":{\"@id\":\"\"},\"breadcrumb\":{\"@id\":\"https:\\\/\\\/hub.hslu.ch\\\/ifz\\\/2019\\\/02\\\/12\\\/prof-dr-yvonne-seiler-zimmermann-was-taugen-pk-ratings-fuer-die-wahl-der-vorsorgeeinrichtung\\\/#breadcrumb\"},\"inLanguage\":\"de-CH\",\"potentialAction\":[{\"@type\":\"ReadAction\",\"target\":[\"https:\\\/\\\/hub.hslu.ch\\\/ifz\\\/2019\\\/02\\\/12\\\/prof-dr-yvonne-seiler-zimmermann-was-taugen-pk-ratings-fuer-die-wahl-der-vorsorgeeinrichtung\\\/\"]}]},{\"@type\":\"ImageObject\",\"inLanguage\":\"de-CH\",\"@id\":\"https:\\\/\\\/hub.hslu.ch\\\/ifz\\\/2019\\\/02\\\/12\\\/prof-dr-yvonne-seiler-zimmermann-was-taugen-pk-ratings-fuer-die-wahl-der-vorsorgeeinrichtung\\\/#primaryimage\",\"url\":\"https:\\\/\\\/hub.hslu.ch\\\/ifz\\\/wp-content\\\/blogs.dir\\\/165\\\/files\\\/sites\\\/6\\\/2011\\\/09\\\/LEC_20Min.jpg\",\"contentUrl\":\"https:\\\/\\\/hub.hslu.ch\\\/ifz\\\/wp-content\\\/blogs.dir\\\/165\\\/files\\\/sites\\\/6\\\/2011\\\/09\\\/LEC_20Min.jpg\",\"width\":\"313\",\"height\":\"188\"},{\"@type\":\"BreadcrumbList\",\"@id\":\"https:\\\/\\\/hub.hslu.ch\\\/ifz\\\/2019\\\/02\\\/12\\\/prof-dr-yvonne-seiler-zimmermann-was-taugen-pk-ratings-fuer-die-wahl-der-vorsorgeeinrichtung\\\/#breadcrumb\",\"itemListElement\":[{\"@type\":\"ListItem\",\"position\":1,\"name\":\"Home\",\"item\":\"https:\\\/\\\/hub.hslu.ch\\\/ifz\\\/2019\\\/02\\\/12\\\/prof-dr-yvonne-seiler-zimmermann-was-taugen-pk-ratings-fuer-die-wahl-der-vorsorgeeinrichtung\\\/\"},{\"@type\":\"ListItem\",\"position\":2,\"name\":\"\u00abWeitere Angriffe w\u00fcrden provoziert\u00bb\"}]},{\"@type\":\"WebSite\",\"@id\":\"https:\\\/\\\/hub.hslu.ch\\\/ifz\\\/#website\",\"url\":\"https:\\\/\\\/hub.hslu.ch\\\/ifz\\\/\",\"name\":\"IFZ Blog\",\"description\":\"News aus dem Institut f\u00fcr Finanzdienstleistungen Zug IFZ\",\"potentialAction\":[{\"@type\":\"SearchAction\",\"target\":{\"@type\":\"EntryPoint\",\"urlTemplate\":\"https:\\\/\\\/hub.hslu.ch\\\/ifz\\\/?s={search_term_string}\"},\"query-input\":{\"@type\":\"PropertyValueSpecification\",\"valueRequired\":true,\"valueName\":\"search_term_string\"}}],\"inLanguage\":\"de-CH\"},{\"@type\":\"Person\",\"@id\":\"\"}]}<\/script>\n<!-- \/ Yoast SEO plugin. -->","yoast_head_json":{"title":"\u00abWeitere Angriffe w\u00fcrden provoziert\u00bb - IFZ Blog","robots":{"index":"index","follow":"follow","max-snippet":"max-snippet:-1","max-image-preview":"max-image-preview:large","max-video-preview":"max-video-preview:-1"},"canonical":"https:\/\/hub.hslu.ch\/ifz\/2019\/02\/12\/prof-dr-yvonne-seiler-zimmermann-was-taugen-pk-ratings-fuer-die-wahl-der-vorsorgeeinrichtung\/","schema":{"@context":"https:\/\/schema.org","@graph":[{"@type":"Article","@id":"https:\/\/hub.hslu.ch\/ifz\/2019\/02\/12\/prof-dr-yvonne-seiler-zimmermann-was-taugen-pk-ratings-fuer-die-wahl-der-vorsorgeeinrichtung\/#article","isPartOf":{"@id":"https:\/\/hub.hslu.ch\/ifz\/2019\/02\/12\/prof-dr-yvonne-seiler-zimmermann-was-taugen-pk-ratings-fuer-die-wahl-der-vorsorgeeinrichtung\/"},"author":{"name":"","@id":""},"headline":"\u00abWeitere Angriffe w\u00fcrden provoziert\u00bb","datePublished":"2011-09-07T13:31:59+00:00","dateModified":"2020-05-20T12:56:33+00:00","mainEntityOfPage":{"@id":"https:\/\/hub.hslu.ch\/ifz\/2019\/02\/12\/prof-dr-yvonne-seiler-zimmermann-was-taugen-pk-ratings-fuer-die-wahl-der-vorsorgeeinrichtung\/"},"wordCount":298,"commentCount":0,"image":{"@id":"https:\/\/hub.hslu.ch\/ifz\/2019\/02\/12\/prof-dr-yvonne-seiler-zimmermann-was-taugen-pk-ratings-fuer-die-wahl-der-vorsorgeeinrichtung\/#primaryimage"},"thumbnailUrl":"https:\/\/hub.hslu.ch\/ifz\/wp-content\/blogs.dir\/165\/files\/sites\/6\/2011\/09\/LEC_20Min.jpg","keywords":["Bankgeheimniss","MAS Corporate Finance","Weiterbildung"],"articleSection":["Financial Markets","Financial Services","IFZ in den Medien","Kolumne"],"inLanguage":"de-CH","potentialAction":[{"@type":"CommentAction","name":"Comment","target":["https:\/\/hub.hslu.ch\/ifz\/2019\/02\/12\/prof-dr-yvonne-seiler-zimmermann-was-taugen-pk-ratings-fuer-die-wahl-der-vorsorgeeinrichtung\/#respond"]}]},{"@type":"WebPage","@id":"https:\/\/hub.hslu.ch\/ifz\/2019\/02\/12\/prof-dr-yvonne-seiler-zimmermann-was-taugen-pk-ratings-fuer-die-wahl-der-vorsorgeeinrichtung\/","url":"https:\/\/hub.hslu.ch\/ifz\/2019\/02\/12\/prof-dr-yvonne-seiler-zimmermann-was-taugen-pk-ratings-fuer-die-wahl-der-vorsorgeeinrichtung\/","name":"\u00abWeitere Angriffe w\u00fcrden provoziert\u00bb - IFZ Blog","isPartOf":{"@id":"https:\/\/hub.hslu.ch\/ifz\/#website"},"primaryImageOfPage":{"@id":"https:\/\/hub.hslu.ch\/ifz\/2019\/02\/12\/prof-dr-yvonne-seiler-zimmermann-was-taugen-pk-ratings-fuer-die-wahl-der-vorsorgeeinrichtung\/#primaryimage"},"image":{"@id":"https:\/\/hub.hslu.ch\/ifz\/2019\/02\/12\/prof-dr-yvonne-seiler-zimmermann-was-taugen-pk-ratings-fuer-die-wahl-der-vorsorgeeinrichtung\/#primaryimage"},"thumbnailUrl":"https:\/\/hub.hslu.ch\/ifz\/wp-content\/blogs.dir\/165\/files\/sites\/6\/2011\/09\/LEC_20Min.jpg","datePublished":"2011-09-07T13:31:59+00:00","dateModified":"2020-05-20T12:56:33+00:00","author":{"@id":""},"breadcrumb":{"@id":"https:\/\/hub.hslu.ch\/ifz\/2019\/02\/12\/prof-dr-yvonne-seiler-zimmermann-was-taugen-pk-ratings-fuer-die-wahl-der-vorsorgeeinrichtung\/#breadcrumb"},"inLanguage":"de-CH","potentialAction":[{"@type":"ReadAction","target":["https:\/\/hub.hslu.ch\/ifz\/2019\/02\/12\/prof-dr-yvonne-seiler-zimmermann-was-taugen-pk-ratings-fuer-die-wahl-der-vorsorgeeinrichtung\/"]}]},{"@type":"ImageObject","inLanguage":"de-CH","@id":"https:\/\/hub.hslu.ch\/ifz\/2019\/02\/12\/prof-dr-yvonne-seiler-zimmermann-was-taugen-pk-ratings-fuer-die-wahl-der-vorsorgeeinrichtung\/#primaryimage","url":"https:\/\/hub.hslu.ch\/ifz\/wp-content\/blogs.dir\/165\/files\/sites\/6\/2011\/09\/LEC_20Min.jpg","contentUrl":"https:\/\/hub.hslu.ch\/ifz\/wp-content\/blogs.dir\/165\/files\/sites\/6\/2011\/09\/LEC_20Min.jpg","width":"313","height":"188"},{"@type":"BreadcrumbList","@id":"https:\/\/hub.hslu.ch\/ifz\/2019\/02\/12\/prof-dr-yvonne-seiler-zimmermann-was-taugen-pk-ratings-fuer-die-wahl-der-vorsorgeeinrichtung\/#breadcrumb","itemListElement":[{"@type":"ListItem","position":1,"name":"Home","item":"https:\/\/hub.hslu.ch\/ifz\/2019\/02\/12\/prof-dr-yvonne-seiler-zimmermann-was-taugen-pk-ratings-fuer-die-wahl-der-vorsorgeeinrichtung\/"},{"@type":"ListItem","position":2,"name":"\u00abWeitere Angriffe w\u00fcrden provoziert\u00bb"}]},{"@type":"WebSite","@id":"https:\/\/hub.hslu.ch\/ifz\/#website","url":"https:\/\/hub.hslu.ch\/ifz\/","name":"IFZ Blog","description":"News aus dem Institut f\u00fcr Finanzdienstleistungen Zug IFZ","potentialAction":[{"@type":"SearchAction","target":{"@type":"EntryPoint","urlTemplate":"https:\/\/hub.hslu.ch\/ifz\/?s={search_term_string}"},"query-input":{"@type":"PropertyValueSpecification","valueRequired":true,"valueName":"search_term_string"}}],"inLanguage":"de-CH"},{"@type":"Person","@id":""}]}},"featured_image_src":null,"featured_image_src_square":null,"author_info":{"display_name":"","author_link":"https:\/\/hub.hslu.ch\/ifz\/author\/"},"_links":{"self":[{"href":"https:\/\/hub.hslu.ch\/ifz\/wp-json\/wp\/v2\/posts\/5340","targetHints":{"allow":["GET"]}}],"collection":[{"href":"https:\/\/hub.hslu.ch\/ifz\/wp-json\/wp\/v2\/posts"}],"about":[{"href":"https:\/\/hub.hslu.ch\/ifz\/wp-json\/wp\/v2\/types\/post"}],"author":[{"embeddable":true,"href":"https:\/\/hub.hslu.ch\/ifz\/wp-json\/wp\/v2\/users\/257"}],"replies":[{"embeddable":true,"href":"https:\/\/hub.hslu.ch\/ifz\/wp-json\/wp\/v2\/comments?post=5340"}],"version-history":[{"count":1,"href":"https:\/\/hub.hslu.ch\/ifz\/wp-json\/wp\/v2\/posts\/5340\/revisions"}],"predecessor-version":[{"id":19382,"href":"https:\/\/hub.hslu.ch\/ifz\/wp-json\/wp\/v2\/posts\/5340\/revisions\/19382"}],"wp:attachment":[{"href":"https:\/\/hub.hslu.ch\/ifz\/wp-json\/wp\/v2\/media?parent=5340"}],"wp:term":[{"taxonomy":"category","embeddable":true,"href":"https:\/\/hub.hslu.ch\/ifz\/wp-json\/wp\/v2\/categories?post=5340"},{"taxonomy":"post_tag","embeddable":true,"href":"https:\/\/hub.hslu.ch\/ifz\/wp-json\/wp\/v2\/tags?post=5340"}],"curies":[{"name":"wp","href":"https:\/\/api.w.org\/{rel}","templated":true}]}}