{"id":7553,"date":"2012-05-30T16:54:07","date_gmt":"2012-05-30T14:54:07","guid":{"rendered":"https:\/\/hub.hslu.ch\/ifz\/?p=7553"},"modified":"2020-05-20T14:56:33","modified_gmt":"2020-05-20T12:56:33","slug":"fifa-museum-schweigen-der-politik-ist-komplizenhaft","status":"publish","type":"post","link":"https:\/\/hub.hslu.ch\/ifz\/2012\/05\/30\/fifa-museum-schweigen-der-politik-ist-komplizenhaft\/","title":{"rendered":"FIFA-Museum: Schweigen der Politik ist komplizenhaft"},"content":{"rendered":"<p><em><a href=\"https:\/\/hub.hslu.ch\/ifz\/wp-content\/blogs.dir\/165\/files\/sites\/6\/2012\/05\/roth_monika.png\"><img loading=\"lazy\" decoding=\"async\" class=\"alignleft size-full wp-image-7557\" src=\"https:\/\/hub.hslu.ch\/ifz\/wp-content\/blogs.dir\/165\/files\/sites\/6\/2012\/05\/roth_monika.png\" alt=\"\" width=\"85\" height=\"125\" \/><\/a><\/em><\/p>\n<p><em>von <a href=\"http:\/\/www.hslu.ch\/hochschule-luzern\/h-ueber-uns\/h-person.htm?id_person=1011537&amp;id_teilschule=25650&amp;row=0\" target=\"_blank\" rel=\"noopener noreferrer\">Prof. Dr. Monika Roth<br \/>\n<\/a>Studienleiterin und Dozentin am <a href=\"http:\/\/www.hslu.ch\/ifz\" target=\"_blank\" rel=\"noopener noreferrer\">Institut f\u00fcr Finanzdienstleistungen Zug<\/a><\/em><\/p>\n<p>Die Stadt Z\u00fcrich \u2013 so erfuhren wir im April \u2013 soll um eine Attraktion reicher werden, denn der Weltfussballverband Fifa will dort f\u00fcr 180 Millionen Franken ein Museum bauen, das dem Fussball gewidmet ist. Es sollen namentlich Troph\u00e4en, B\u00e4lle und Trikots zu sehen sein. \u00abGiacobbo\/M\u00fcller\u00bb fragten in ihrer Sendung, ob wohl auch Couverts ausgestellt w\u00fcrden. Gute Frage. So weit ersichtlich, war die erste Reaktion der Politik positiv; zu reden gaben nur der Standort des Museums sowie ein bef\u00fcrchtetes Verkehrschaos. Es sei sch\u00f6n, dass ein solches Vorhaben umgesetzt werden k\u00f6nne, ohne dass Steuergelder fliessen, lautete eine Stellungnahme.<\/p>\n<p style=\"text-align: center\"><a href=\"https:\/\/hub.hslu.ch\/ifz\/wp-content\/blogs.dir\/165\/files\/sites\/6\/2012\/05\/fussall.gif\"><img loading=\"lazy\" decoding=\"async\" class=\"aligncenter size-full wp-image-7558\" src=\"https:\/\/hub.hslu.ch\/ifz\/wp-content\/blogs.dir\/165\/files\/sites\/6\/2012\/05\/fussall.gif\" alt=\"\" width=\"200\" height=\"197\" \/><\/a><\/p>\n<p>Das Projekt, welches gem\u00e4ss Fifa den Fans eine Begegnungsst\u00e4tte bieten soll, sei ein klares Bekenntnis zur Stadt Z\u00fcrich. Sch\u00f6n: Fussball ist toll, ein verbindender Sport, und ein spannender Match begeistert. Fussball als Nationen und Generationen \u00fcbergreifendes Event liegt uns allen am Herzen (gut: den einen mehr, den anderen weniger &#8230;). Jedenfalls in Basel, wo ich lebe, ist das so. Auch Museen spielen in \u00abmeiner\u00bb Stadt am Rhein eine grosse Rolle. Bemerkenswert\u00a0ist nun aber, dass \u2013 so weit ersichtlich \u2013 zum Museum niemand laut eine grunds\u00e4tzlich kritische Sicht \u00e4usserte.<\/p>\n<p><strong>Interesse geweckt?<\/strong><br \/>\nLesen Sie weiter\u00a0&#8211; die gesamte Kolumne von <a href=\"http:\/\/www.hslu.ch\/hochschule-luzern\/h-ueber-uns\/h-person.htm?id_person=1011537&amp;id_teilschule=25650&amp;row=0\" target=\"_blank\" rel=\"noopener noreferrer\">Prof. Dr. Monika Roth<\/a> finden Sie <a href=\"https:\/\/hub.hslu.ch\/ifz\/wp-content\/blogs.dir\/165\/files\/sites\/6\/2012\/05\/MONIKA_ROTH_FIFA.pdf\">hier<\/a><\/p>\n<p><strong>Das k\u00f6nnte Sie ebenfalls interessieren:<\/strong><br \/>\nDie Krisen und Unsicherheiten in den letzten Jahren haben im Asset Management deutliche Spuren hinterlassen. Alte Weisheiten \u00fcber Risiko und Ertrag scheinen, sogar \u00fcber l\u00e4ngere Zeitperioden, nicht mehr zu stimmen. Der Lehrgang <a href=\"http:\/\/www.weiterbildung.hslu.ch\/wirtschaft\/finanzdienstleistungen\/kurs.asp?kid=2427&amp;m=30&amp;page_no=1&amp;tid=10&amp;search=&amp;sort=1\" target=\"_blank\" rel=\"noopener noreferrer\">DAS\/MAS\u00a0 Asset Management<\/a>\u00a0ist eine holistische Ausbildung f\u00fcr Fachleute, die sich mit der Frage nach einer langfristig orientierten, erfolgreichen Anlagestrategie\u00a0 und deren Umsetzung befassen wollen. Die intensive Auseinandersetzung im Studium mit den verschiedenen Phasen der Real- und Finanzwirtschaft lehrt den Asset Manager, die anvertrauten Werte auch in turbulenten Zeiten, zielsicher resp. Szenarien basiert zu investieren.<\/p>\n<p><a href=\"https:\/\/hub.hslu.ch\/ifz\/wp-content\/blogs.dir\/165\/files\/sites\/6\/2012\/03\/masasset.png\"><img loading=\"lazy\" decoding=\"async\" src=\"https:\/\/hub.hslu.ch\/ifz\/wp-content\/blogs.dir\/165\/files\/sites\/6\/2012\/03\/masasset.png\" alt=\"\" width=\"399\" height=\"154\" \/><\/a><\/p>\n<p>Lernen Sie den <a href=\"http:\/\/www.weiterbildung.hslu.ch\/wirtschaft\/finanzdienstleistungen\/kurs.asp?kid=2427&amp;m=30&amp;page_no=1&amp;tid=10&amp;search=&amp;sort=1\" target=\"_blank\" rel=\"noopener noreferrer\">MAS Asset Management<\/a> und die Studienleitung an den zahlreichen Info-Veranstaltungen kennen:<\/p>\n<p><strong>Wann &amp; Wo:<br \/>\n<\/strong>4. Juni 2012 in Basel, weitere Details erfahren Sie <a href=\"http:\/\/www.weiterbildung.hslu.ch\/wirtschaft\/finanzdienstleistungen\/kurs.asp?kid=2578&amp;m=30&amp;page_no=1&amp;tid=10&amp;search=&amp;sort=1\" target=\"_blank\" rel=\"noopener noreferrer\">hier<br \/>\n<\/a>4. Juni 2012 in Bern, weitere Details erfahren Sie <a href=\"http:\/\/www.weiterbildung.hslu.ch\/wirtschaft\/finanzdienstleistungen\/kurs.asp?kid=2580&amp;m=30&amp;page_no=1&amp;tid=10&amp;search=&amp;sort=1\" target=\"_blank\" rel=\"noopener noreferrer\">hier<br \/>\n<\/a>5. Juni 2012 in Zug, weitere Details erfahren Sie <a href=\"http:\/\/www.weiterbildung.hslu.ch\/wirtschaft\/finanzdienstleistungen\/kurs.asp?kid=2581&amp;m=30&amp;page_no=1&amp;tid=10&amp;search=&amp;sort=1\" target=\"_blank\" rel=\"noopener noreferrer\">hier<br \/>\n<\/a>5. Juni 2012 in Pf\u00e4ffikon, weitere Details erfahren Sie <a href=\"http:\/\/www.weiterbildung.hslu.ch\/wirtschaft\/finanzdienstleistungen\/kurs.asp?kid=2582&amp;m=30&amp;page_no=1&amp;tid=10&amp;search=&amp;sort=1\" target=\"_blank\" rel=\"noopener noreferrer\">hier<br \/>\n<\/a>13. Juni 2012 in Z\u00fcrich, weitere Details erfahren Sie <a href=\"http:\/\/www.weiterbildung.hslu.ch\/wirtschaft\/finanzdienstleistungen\/kurs.asp?kid=2424&amp;m=30&amp;page_no=1&amp;tid=10&amp;search=&amp;sort=1\" target=\"_blank\" rel=\"noopener noreferrer\">hier<br \/>\n<\/a>13. Juni 2012 in St. Gallen, weitere Details erfahren Sie <a href=\"http:\/\/www.weiterbildung.hslu.ch\/wirtschaft\/finanzdienstleistungen\/kurs.asp?kid=2583&amp;m=30&amp;page_no=1&amp;tid=10&amp;search=&amp;sort=1\" target=\"_blank\" rel=\"noopener noreferrer\">hier<br \/>\n<\/a>26. September 2012 in Z\u00fcrich, weitere Details erfahren sie <a href=\"http:\/\/www.weiterbildung.hslu.ch\/wirtschaft\/finanzdienstleistungen\/kurs.asp?kid=2425&amp;m=30&amp;page_no=1&amp;tid=10&amp;search=&amp;sort=1\" target=\"_blank\" rel=\"noopener noreferrer\">hier<br \/>\n<\/a>7. November 2012 in Zug, weitere Details erfahren Sie <a href=\"http:\/\/www.weiterbildung.hslu.ch\/wirtschaft\/finanzdienstleistungen\/kurs.asp?kid=2413&amp;m=30&amp;page_no=1&amp;tid=10&amp;search=&amp;sort=1\" target=\"_blank\" rel=\"noopener noreferrer\">hier<br \/>\n<\/a>9. Januar 2013 in Z\u00fcrich, weitere Details erfahren Sie <a href=\"http:\/\/www.weiterbildung.hslu.ch\/wirtschaft\/finanzdienstleistungen\/kurs.asp?kid=2426&amp;m=30&amp;page_no=1&amp;tid=10&amp;search=&amp;sort=1\" target=\"_blank\" rel=\"noopener noreferrer\">hier <\/a><\/p>\n","protected":false},"excerpt":{"rendered":"<p>von Prof. Dr. Monika Roth Studienleiterin und Dozentin am Institut f\u00fcr Finanzdienstleistungen Zug Die Stadt Z\u00fcrich \u2013 so erfuhren wir im April \u2013 soll um eine Attraktion reicher werden, denn der Weltfussballverband Fifa will dort f\u00fcr 180 Millionen Franken ein Museum bauen, das dem Fussball gewidmet ist. Es sollen namentlich Troph\u00e4en, B\u00e4lle und Trikots zu<\/p>\n","protected":false},"author":257,"featured_media":0,"comment_status":"open","ping_status":"open","sticky":false,"template":"","format":"standard","meta":{"_acf_changed":false,"inline_featured_image":false,"_relevanssi_hide_post":"","_relevanssi_hide_content":"","_relevanssi_pin_for_all":"","_relevanssi_pin_keywords":"","_relevanssi_unpin_keywords":"","_relevanssi_related_keywords":"","_relevanssi_related_include_ids":"","_relevanssi_related_exclude_ids":"","_relevanssi_related_no_append":"","_relevanssi_related_not_related":"","_relevanssi_related_posts":"","_relevanssi_noindex_reason":"","footnotes":"","_links_to":"","_links_to_target":""},"categories":[560,854975,561,134],"tags":[],"class_list":["post-7553","post","type-post","status-publish","format-standard","hentry","category-compliance-management","category-ifz-in-den-medien","category-kolumne","category-weiterbildung"],"acf":[],"yoast_head":"<!-- This site is optimized with the Yoast SEO plugin v28.3 - https:\/\/yoast.com\/product\/yoast-seo-wordpress\/ -->\n<title>FIFA-Museum: Schweigen der Politik ist komplizenhaft - IFZ Blog<\/title>\n<meta name=\"robots\" content=\"index, follow, max-snippet:-1, max-image-preview:large, max-video-preview:-1\" \/>\n<link rel=\"canonical\" href=\"https:\/\/hub.hslu.ch\/ifz\/2012\/05\/30\/fifa-museum-schweigen-der-politik-ist-komplizenhaft\/\" \/>\n<script type=\"application\/ld+json\" class=\"yoast-schema-graph\">{\"@context\":\"https:\\\/\\\/schema.org\",\"@graph\":[{\"@type\":\"Article\",\"@id\":\"https:\\\/\\\/hub.hslu.ch\\\/ifz\\\/2012\\\/05\\\/30\\\/fifa-museum-schweigen-der-politik-ist-komplizenhaft\\\/#article\",\"isPartOf\":{\"@id\":\"https:\\\/\\\/hub.hslu.ch\\\/ifz\\\/2012\\\/05\\\/30\\\/fifa-museum-schweigen-der-politik-ist-komplizenhaft\\\/\"},\"author\":{\"name\":\"michelerath\",\"@id\":\"https:\\\/\\\/hub.hslu.ch\\\/ifz\\\/#\\\/schema\\\/person\\\/882b87e38785a4460c20e49ef3020ea7\"},\"headline\":\"FIFA-Museum: Schweigen der Politik ist komplizenhaft\",\"datePublished\":\"2012-05-30T14:54:07+00:00\",\"dateModified\":\"2020-05-20T12:56:33+00:00\",\"mainEntityOfPage\":{\"@id\":\"https:\\\/\\\/hub.hslu.ch\\\/ifz\\\/2012\\\/05\\\/30\\\/fifa-museum-schweigen-der-politik-ist-komplizenhaft\\\/\"},\"wordCount\":421,\"commentCount\":0,\"image\":{\"@id\":\"https:\\\/\\\/hub.hslu.ch\\\/ifz\\\/2012\\\/05\\\/30\\\/fifa-museum-schweigen-der-politik-ist-komplizenhaft\\\/#primaryimage\"},\"thumbnailUrl\":\"https:\\\/\\\/hub.hslu.ch\\\/ifz\\\/wp-content\\\/blogs.dir\\\/165\\\/files\\\/sites\\\/6\\\/2012\\\/05\\\/roth_monika.png\",\"articleSection\":[\"Compliance Management\",\"IFZ in den Medien\",\"Kolumne\",\"Weiterbildung\"],\"inLanguage\":\"de-CH\",\"potentialAction\":[{\"@type\":\"CommentAction\",\"name\":\"Comment\",\"target\":[\"https:\\\/\\\/hub.hslu.ch\\\/ifz\\\/2012\\\/05\\\/30\\\/fifa-museum-schweigen-der-politik-ist-komplizenhaft\\\/#respond\"]}]},{\"@type\":\"WebPage\",\"@id\":\"https:\\\/\\\/hub.hslu.ch\\\/ifz\\\/2012\\\/05\\\/30\\\/fifa-museum-schweigen-der-politik-ist-komplizenhaft\\\/\",\"url\":\"https:\\\/\\\/hub.hslu.ch\\\/ifz\\\/2012\\\/05\\\/30\\\/fifa-museum-schweigen-der-politik-ist-komplizenhaft\\\/\",\"name\":\"FIFA-Museum: Schweigen der Politik ist komplizenhaft - IFZ Blog\",\"isPartOf\":{\"@id\":\"https:\\\/\\\/hub.hslu.ch\\\/ifz\\\/#website\"},\"primaryImageOfPage\":{\"@id\":\"https:\\\/\\\/hub.hslu.ch\\\/ifz\\\/2012\\\/05\\\/30\\\/fifa-museum-schweigen-der-politik-ist-komplizenhaft\\\/#primaryimage\"},\"image\":{\"@id\":\"https:\\\/\\\/hub.hslu.ch\\\/ifz\\\/2012\\\/05\\\/30\\\/fifa-museum-schweigen-der-politik-ist-komplizenhaft\\\/#primaryimage\"},\"thumbnailUrl\":\"https:\\\/\\\/hub.hslu.ch\\\/ifz\\\/wp-content\\\/blogs.dir\\\/165\\\/files\\\/sites\\\/6\\\/2012\\\/05\\\/roth_monika.png\",\"datePublished\":\"2012-05-30T14:54:07+00:00\",\"dateModified\":\"2020-05-20T12:56:33+00:00\",\"author\":{\"@id\":\"https:\\\/\\\/hub.hslu.ch\\\/ifz\\\/#\\\/schema\\\/person\\\/882b87e38785a4460c20e49ef3020ea7\"},\"breadcrumb\":{\"@id\":\"https:\\\/\\\/hub.hslu.ch\\\/ifz\\\/2012\\\/05\\\/30\\\/fifa-museum-schweigen-der-politik-ist-komplizenhaft\\\/#breadcrumb\"},\"inLanguage\":\"de-CH\",\"potentialAction\":[{\"@type\":\"ReadAction\",\"target\":[\"https:\\\/\\\/hub.hslu.ch\\\/ifz\\\/2012\\\/05\\\/30\\\/fifa-museum-schweigen-der-politik-ist-komplizenhaft\\\/\"]}]},{\"@type\":\"ImageObject\",\"inLanguage\":\"de-CH\",\"@id\":\"https:\\\/\\\/hub.hslu.ch\\\/ifz\\\/2012\\\/05\\\/30\\\/fifa-museum-schweigen-der-politik-ist-komplizenhaft\\\/#primaryimage\",\"url\":\"https:\\\/\\\/hub.hslu.ch\\\/ifz\\\/wp-content\\\/blogs.dir\\\/165\\\/files\\\/sites\\\/6\\\/2012\\\/05\\\/roth_monika.png\",\"contentUrl\":\"https:\\\/\\\/hub.hslu.ch\\\/ifz\\\/wp-content\\\/blogs.dir\\\/165\\\/files\\\/sites\\\/6\\\/2012\\\/05\\\/roth_monika.png\"},{\"@type\":\"BreadcrumbList\",\"@id\":\"https:\\\/\\\/hub.hslu.ch\\\/ifz\\\/2012\\\/05\\\/30\\\/fifa-museum-schweigen-der-politik-ist-komplizenhaft\\\/#breadcrumb\",\"itemListElement\":[{\"@type\":\"ListItem\",\"position\":1,\"name\":\"Home\",\"item\":\"https:\\\/\\\/hub.hslu.ch\\\/ifz\\\/2012\\\/05\\\/30\\\/fifa-museum-schweigen-der-politik-ist-komplizenhaft\\\/\"},{\"@type\":\"ListItem\",\"position\":2,\"name\":\"FIFA-Museum: Schweigen der Politik ist komplizenhaft\"}]},{\"@type\":\"WebSite\",\"@id\":\"https:\\\/\\\/hub.hslu.ch\\\/ifz\\\/#website\",\"url\":\"https:\\\/\\\/hub.hslu.ch\\\/ifz\\\/\",\"name\":\"IFZ Blog\",\"description\":\"News aus dem Institut f\u00fcr Finanzdienstleistungen Zug IFZ\",\"potentialAction\":[{\"@type\":\"SearchAction\",\"target\":{\"@type\":\"EntryPoint\",\"urlTemplate\":\"https:\\\/\\\/hub.hslu.ch\\\/ifz\\\/?s={search_term_string}\"},\"query-input\":{\"@type\":\"PropertyValueSpecification\",\"valueRequired\":true,\"valueName\":\"search_term_string\"}}],\"inLanguage\":\"de-CH\"},{\"@type\":\"Person\",\"@id\":\"https:\\\/\\\/hub.hslu.ch\\\/ifz\\\/#\\\/schema\\\/person\\\/882b87e38785a4460c20e49ef3020ea7\",\"name\":\"michelerath\"}]}<\/script>\n<!-- \/ Yoast SEO plugin. -->","yoast_head_json":{"title":"FIFA-Museum: Schweigen der Politik ist komplizenhaft - IFZ Blog","robots":{"index":"index","follow":"follow","max-snippet":"max-snippet:-1","max-image-preview":"max-image-preview:large","max-video-preview":"max-video-preview:-1"},"canonical":"https:\/\/hub.hslu.ch\/ifz\/2012\/05\/30\/fifa-museum-schweigen-der-politik-ist-komplizenhaft\/","schema":{"@context":"https:\/\/schema.org","@graph":[{"@type":"Article","@id":"https:\/\/hub.hslu.ch\/ifz\/2012\/05\/30\/fifa-museum-schweigen-der-politik-ist-komplizenhaft\/#article","isPartOf":{"@id":"https:\/\/hub.hslu.ch\/ifz\/2012\/05\/30\/fifa-museum-schweigen-der-politik-ist-komplizenhaft\/"},"author":{"name":"michelerath","@id":"https:\/\/hub.hslu.ch\/ifz\/#\/schema\/person\/882b87e38785a4460c20e49ef3020ea7"},"headline":"FIFA-Museum: Schweigen der Politik ist komplizenhaft","datePublished":"2012-05-30T14:54:07+00:00","dateModified":"2020-05-20T12:56:33+00:00","mainEntityOfPage":{"@id":"https:\/\/hub.hslu.ch\/ifz\/2012\/05\/30\/fifa-museum-schweigen-der-politik-ist-komplizenhaft\/"},"wordCount":421,"commentCount":0,"image":{"@id":"https:\/\/hub.hslu.ch\/ifz\/2012\/05\/30\/fifa-museum-schweigen-der-politik-ist-komplizenhaft\/#primaryimage"},"thumbnailUrl":"https:\/\/hub.hslu.ch\/ifz\/wp-content\/blogs.dir\/165\/files\/sites\/6\/2012\/05\/roth_monika.png","articleSection":["Compliance Management","IFZ in den Medien","Kolumne","Weiterbildung"],"inLanguage":"de-CH","potentialAction":[{"@type":"CommentAction","name":"Comment","target":["https:\/\/hub.hslu.ch\/ifz\/2012\/05\/30\/fifa-museum-schweigen-der-politik-ist-komplizenhaft\/#respond"]}]},{"@type":"WebPage","@id":"https:\/\/hub.hslu.ch\/ifz\/2012\/05\/30\/fifa-museum-schweigen-der-politik-ist-komplizenhaft\/","url":"https:\/\/hub.hslu.ch\/ifz\/2012\/05\/30\/fifa-museum-schweigen-der-politik-ist-komplizenhaft\/","name":"FIFA-Museum: Schweigen der Politik ist komplizenhaft - IFZ Blog","isPartOf":{"@id":"https:\/\/hub.hslu.ch\/ifz\/#website"},"primaryImageOfPage":{"@id":"https:\/\/hub.hslu.ch\/ifz\/2012\/05\/30\/fifa-museum-schweigen-der-politik-ist-komplizenhaft\/#primaryimage"},"image":{"@id":"https:\/\/hub.hslu.ch\/ifz\/2012\/05\/30\/fifa-museum-schweigen-der-politik-ist-komplizenhaft\/#primaryimage"},"thumbnailUrl":"https:\/\/hub.hslu.ch\/ifz\/wp-content\/blogs.dir\/165\/files\/sites\/6\/2012\/05\/roth_monika.png","datePublished":"2012-05-30T14:54:07+00:00","dateModified":"2020-05-20T12:56:33+00:00","author":{"@id":"https:\/\/hub.hslu.ch\/ifz\/#\/schema\/person\/882b87e38785a4460c20e49ef3020ea7"},"breadcrumb":{"@id":"https:\/\/hub.hslu.ch\/ifz\/2012\/05\/30\/fifa-museum-schweigen-der-politik-ist-komplizenhaft\/#breadcrumb"},"inLanguage":"de-CH","potentialAction":[{"@type":"ReadAction","target":["https:\/\/hub.hslu.ch\/ifz\/2012\/05\/30\/fifa-museum-schweigen-der-politik-ist-komplizenhaft\/"]}]},{"@type":"ImageObject","inLanguage":"de-CH","@id":"https:\/\/hub.hslu.ch\/ifz\/2012\/05\/30\/fifa-museum-schweigen-der-politik-ist-komplizenhaft\/#primaryimage","url":"https:\/\/hub.hslu.ch\/ifz\/wp-content\/blogs.dir\/165\/files\/sites\/6\/2012\/05\/roth_monika.png","contentUrl":"https:\/\/hub.hslu.ch\/ifz\/wp-content\/blogs.dir\/165\/files\/sites\/6\/2012\/05\/roth_monika.png"},{"@type":"BreadcrumbList","@id":"https:\/\/hub.hslu.ch\/ifz\/2012\/05\/30\/fifa-museum-schweigen-der-politik-ist-komplizenhaft\/#breadcrumb","itemListElement":[{"@type":"ListItem","position":1,"name":"Home","item":"https:\/\/hub.hslu.ch\/ifz\/2012\/05\/30\/fifa-museum-schweigen-der-politik-ist-komplizenhaft\/"},{"@type":"ListItem","position":2,"name":"FIFA-Museum: Schweigen der Politik ist komplizenhaft"}]},{"@type":"WebSite","@id":"https:\/\/hub.hslu.ch\/ifz\/#website","url":"https:\/\/hub.hslu.ch\/ifz\/","name":"IFZ Blog","description":"News aus dem Institut f\u00fcr Finanzdienstleistungen Zug IFZ","potentialAction":[{"@type":"SearchAction","target":{"@type":"EntryPoint","urlTemplate":"https:\/\/hub.hslu.ch\/ifz\/?s={search_term_string}"},"query-input":{"@type":"PropertyValueSpecification","valueRequired":true,"valueName":"search_term_string"}}],"inLanguage":"de-CH"},{"@type":"Person","@id":"https:\/\/hub.hslu.ch\/ifz\/#\/schema\/person\/882b87e38785a4460c20e49ef3020ea7","name":"michelerath"}]}},"featured_image_src":null,"featured_image_src_square":null,"author_info":{"display_name":"michelerath","author_link":"https:\/\/hub.hslu.ch\/ifz\/author\/michelerath\/"},"_links":{"self":[{"href":"https:\/\/hub.hslu.ch\/ifz\/wp-json\/wp\/v2\/posts\/7553","targetHints":{"allow":["GET"]}}],"collection":[{"href":"https:\/\/hub.hslu.ch\/ifz\/wp-json\/wp\/v2\/posts"}],"about":[{"href":"https:\/\/hub.hslu.ch\/ifz\/wp-json\/wp\/v2\/types\/post"}],"author":[{"embeddable":true,"href":"https:\/\/hub.hslu.ch\/ifz\/wp-json\/wp\/v2\/users\/257"}],"replies":[{"embeddable":true,"href":"https:\/\/hub.hslu.ch\/ifz\/wp-json\/wp\/v2\/comments?post=7553"}],"version-history":[{"count":1,"href":"https:\/\/hub.hslu.ch\/ifz\/wp-json\/wp\/v2\/posts\/7553\/revisions"}],"predecessor-version":[{"id":18321,"href":"https:\/\/hub.hslu.ch\/ifz\/wp-json\/wp\/v2\/posts\/7553\/revisions\/18321"}],"wp:attachment":[{"href":"https:\/\/hub.hslu.ch\/ifz\/wp-json\/wp\/v2\/media?parent=7553"}],"wp:term":[{"taxonomy":"category","embeddable":true,"href":"https:\/\/hub.hslu.ch\/ifz\/wp-json\/wp\/v2\/categories?post=7553"},{"taxonomy":"post_tag","embeddable":true,"href":"https:\/\/hub.hslu.ch\/ifz\/wp-json\/wp\/v2\/tags?post=7553"}],"curies":[{"name":"wp","href":"https:\/\/api.w.org\/{rel}","templated":true}]}}