{"id":9502,"date":"2012-10-31T07:57:13","date_gmt":"2012-10-31T06:57:13","guid":{"rendered":"https:\/\/hub.hslu.ch\/ifz\/?p=9502"},"modified":"2020-08-20T11:39:15","modified_gmt":"2020-08-20T09:39:15","slug":"ubs-setzt-nach-verlorenen-jahren-auf-ihre-starken","status":"publish","type":"post","link":"https:\/\/hub.hslu.ch\/ifz\/2012\/10\/31\/ubs-setzt-nach-verlorenen-jahren-auf-ihre-starken\/","title":{"rendered":"UBS setzt nach verlorenen Jahren auf ihre St\u00e4rken"},"content":{"rendered":"<p><img loading=\"lazy\" decoding=\"async\" src=\"https:\/\/hub.hslu.ch\/ifz\/wp-content\/blogs.dir\/165\/files\/sites\/6\/2012\/01\/pem.png\" alt=\"\" width=\"157\" height=\"214\"><\/p>\n<p><em>von&nbsp;<a href=\"http:\/\/www.hslu.ch\/hochschule-luzern\/h-ueber-uns\/h-person.htm?id_person=1011415&amp;id_teilschule=25650&amp;row=0\" target=\"_blank\" rel=\"noopener noreferrer\">Prof. Dr. Maurice Pedergnana<\/a><\/em><br \/>\n<em>Dozent und Studienleiter am&nbsp;<a href=\"http:\/\/www.hslu.ch\/ifz\" target=\"_blank\" rel=\"noopener noreferrer\">Institut f\u00fcr Finanzdienstleistungen Zug IFZ<\/a><\/em><\/p>\n<p>Soll man das Geld einer Bank anvertrauen, die selbst nicht in der Lage ist, ihr Kapital richtig einzusetzen?<\/p>\n<p>Die Antwort auf diese Frage hat die UBS gestern gegeben: Sie will ihr Kapital besser einsetzen und vor allem Kundenl\u00f6sungen wieder in den Vordergrund r\u00fccken. Damit macht sie nach mehr als einem Jahrzehnt eine Kehrtwende, die nun auch die <strong><a href=\"https:\/\/www.credit-suisse.com\/investors\/de\/presentations.jsp?reset=true\" target=\"_blank\" rel=\"noopener noreferrer\">Credit Suisse Group<\/a>&nbsp;<\/strong>unter Zugzwang bringt. Beide verf\u00fcgen noch immer \u00fcber ein \u00fcberdimensioniertes Investment Banking, insbesondere in London und New York, und haben dort noch einen schmerzhaften Abbauprozess vor sich.<\/p>\n<p>Die <strong><a href=\"http:\/\/www.ubs.com\/global\/de\/about_ubs\/media\/switzerland\/releases\/news-display-media-switzerland.html\/de\/2012\/10\/30\/20121030b.html\" target=\"_blank\" rel=\"noopener noreferrer\">UBS<\/a>&nbsp;<\/strong>besinnt sich nach vielen Jahren wieder auf ihre Kernst\u00e4rken. Das Wealth Management Gesch\u00e4ft wird ausgebaut. Das Investment Banking, welches die Kapitalkosten nicht erwirtschaften konnte und sich \u00fcber einen Zyklus hinweg als strategisch nachhaltiges Kapitalvernichtungs-Gesch\u00e4ftsfeld erwiesen hat, wird zur\u00fcckgefahren. Die Kapitalintensit\u00e4t wird deutlich reduziert. Es macht Sinn, das Investment Banking auf die beiden l\u00f6sungsorientierten Hauptkundensegmente Corporate Client Solutions und Investor Client Solutions zu fokussieren.<\/p>\n<p><em><a href=\"http:\/\/www.hslu.ch\/hochschule-luzern\/h-ueber-uns\/h-person.htm?id_person=1011415&amp;id_teilschule=25650&amp;row=0\" target=\"_blank\" rel=\"noopener noreferrer\">Prof. Dr. Maurice Pedergnana<\/a> im 10vor10 des Schweizer Fernsehens<\/em><\/p>\n<p>In einer komplizierten Welt kann ein weltumspannendes Netzwerk von Kunden &nbsp;von der UBS mit umfassenden L\u00f6sungen im Wealth Management und im Investment Banking gleichermassen bedient werden, wie das kaum eine andere Bank zu tun vermag. Insbesondere die amerikanischen Grossbanken sind zwar im Investment Banking im angels\u00e4chsischen Raum gut aufgestellt, aber in den wachsenden M\u00e4rkten f\u00fcrchtet man sich, sein Geld einem amerikanischen Institut anzuvertrauen. Im Wesentlichen sind die nordamerikanischen Wettbewerber der UBS auf nordamerikanische Kundschaft (\u201ethe old world\u201c) ausgerichtet. Die UBS betrachte ich dagegen im Wealth Management als erste Adresse \u2013 global aufgestellt, multikulturell und kundenorientiert: Dazu kommt, dass sie hervorragend positioniert ist, um in der \u201enew world\u201c&nbsp; (asiatisch-pazifischer Raum, Mittlerer Osten und Afrika, Osteuropa, Lateinamerika) ihre Marktleaderposition auszubauen.<\/p>\n<p>Der Verwaltungsrat hat unter der Leitung des sachkundigen Bankers <strong><a href=\"http:\/\/en.wikipedia.org\/wiki\/Axel_A._Weber\" target=\"_blank\" rel=\"noopener noreferrer\">Dr. Axel Weber<\/a>&nbsp;<\/strong>endlich entschieden, was seit Jahren h\u00e4tte getan werden m\u00fcssen. Das Beste unter dem Sch\u00f6nwetterkapit\u00e4n Kaspar Villiger, der sich gegen den CEO Oswald Gr\u00fcbel mangels Sachkunde nicht hatte durchsetzen k\u00f6nnen, war wohl definitiv sein fr\u00fchzeitiger R\u00fccktritt. Zu lange hatte man im Verwaltungsrat geglaubt, eine Unternehmung zu st\u00e4rken, indem man die freigesetzten Mittel aus dem starken Gesch\u00e4ftsfeldern in jene gesetzt hat, wo man Schw\u00e4chen aufwies. Aus der nachfolgenden Folie aus der UBS-Strategie aus dem Jahr 2004 zeigte sich, dass die \u201eCash Cows\u201c aus den gr\u00fcnen Gesch\u00e4ftsbereichen mit hohen Margen dazu verwendet worden sind, um den Aufbau der Investment Bank und des weniger margentr\u00e4chtigeren Fixed Income Bereichs zu f\u00f6rdern.<\/p>\n<p>&nbsp;<\/p>\n<p style=\"text-align: center;\"><a href=\"https:\/\/hub.hslu.ch\/ifz\/wp-content\/blogs.dir\/165\/files\/sites\/6\/2012\/10\/114.png\"><img loading=\"lazy\" decoding=\"async\" class=\"aligncenter size-full wp-image-9504\" src=\"https:\/\/hub.hslu.ch\/ifz\/wp-content\/blogs.dir\/165\/files\/sites\/6\/2012\/10\/114.png\" alt=\"\" width=\"509\" height=\"333\" srcset=\"https:\/\/hub.hslu.ch\/ifz\/wp-content\/blogs.dir\/165\/files\/sites\/6\/2012\/10\/114.png 636w, https:\/\/hub.hslu.ch\/ifz\/wp-content\/blogs.dir\/165\/files\/sites\/6\/2012\/10\/114-300x196.png 300w\" sizes=\"auto, (max-width: 509px) 100vw, 509px\" \/><\/a><\/p>\n<p style=\"text-align: center;\"><a href=\"https:\/\/hub.hslu.ch\/ifz\/wp-content\/blogs.dir\/165\/files\/sites\/6\/2012\/10\/25.png\"><img loading=\"lazy\" decoding=\"async\" class=\"aligncenter size-full wp-image-9505\" src=\"https:\/\/hub.hslu.ch\/ifz\/wp-content\/blogs.dir\/165\/files\/sites\/6\/2012\/10\/25.png\" alt=\"\" width=\"510\" height=\"352\" srcset=\"https:\/\/hub.hslu.ch\/ifz\/wp-content\/blogs.dir\/165\/files\/sites\/6\/2012\/10\/25.png 637w, https:\/\/hub.hslu.ch\/ifz\/wp-content\/blogs.dir\/165\/files\/sites\/6\/2012\/10\/25-300x207.png 300w\" sizes=\"auto, (max-width: 510px) 100vw, 510px\" \/><\/a><\/p>\n<p>Um dennoch mehr Gewinn zu erzielen, wurden die spekulativen Dimensionen im Fixed Income Bereich immer gr\u00f6sser. Innerhalb des Fixed Income Bereichs wurde das Kapital nachweislich in Bereiche wie Structured Credit, High Yield, MBS und CDO investiert, in denen man \u00fcber eine schwache Positionierung (deshalb \u201erot\u201c und \u201eorange\u201c Gesch\u00e4ftsgebiete) und entsprechende Mitarbeiter und Netzwerke verf\u00fcgt hat. Jeder mit gesundem Menschenverstand weiss, dass man vor allem dort vorw\u00e4rts kommt, wo man sich auf seine St\u00e4rken abst\u00fctzen kann. Wer an den gr\u00f6ssten Schw\u00e4chen fokussiert arbeitet, ist am Ende vielleicht weniger schwach, hat aber mittlerweile den Ausbau der St\u00e4rken vernachl\u00e4ssigt.<\/p>\n<p>Nun kehrt die Bank zu dem zur\u00fcck, was uns <strong><a href=\"http:\/\/www.malik-management.com\/de\/malik-corporate\/publikationen\/buecher\/weitere-buecher-herausgeber\/maucher-und-malik-ueber-management\" target=\"_blank\" rel=\"noopener noreferrer\">gutes Management<\/a>&nbsp;<\/strong>lehrt. Es war vor allem ein teurer Lernprozess, nicht in erster Linie wegen der gut dotierten Investment Banker, sondern weil dies auf dem Buckel der Aktion\u00e4re sowie Kundinnen und Kunden erfolgt ist. Mitverursacht von einem schlechten Verwaltungsrat.<\/p>\n<p>PS: Auch der Finanzplatz Schweiz profitiert von dieser Strategiewende. Die UBS ist zu gross, um die Risiken aus dem Investment Banking in London und New York dem Kleinstaat Schweiz aufzub\u00fcrden. Nach der Umsetzung der angek\u00fcndigten Strategie ist die Gefahr des \u201etoo connected to fail\u201c deutlich verringert. Und nicht vergessen: in einigen Jahren d\u00fcrfte die UBS wieder zu einem guten Steuerzahler werden.<\/p>\n<p><strong>Interesse geweckt?<\/strong><br \/>\nLesen Sie weiter &#8211; ein Interview von <a href=\"http:\/\/www.hslu.ch\/hochschule-luzern\/h-ueber-uns\/h-person.htm?id_person=1011415&amp;id_teilschule=25650&amp;row=0\" target=\"_blank\" rel=\"noopener noreferrer\">Prof. Dr. Maurice Pedergnana<\/a> zum angek\u00fcndigten Umbau der UBS aus der Luzerner Zeitung finden Sie&nbsp;<a href=\"https:\/\/hub.hslu.ch\/ifz\/wp-content\/blogs.dir\/165\/files\/sites\/6\/2012\/10\/Artikel_LuzZ_Maurice-Pedergnana.pdf\">hier<\/a><\/p>\n","protected":false},"excerpt":{"rendered":"<p>von&nbsp;Prof. Dr. Maurice Pedergnana Dozent und Studienleiter am&nbsp;Institut f\u00fcr Finanzdienstleistungen Zug IFZ Soll man das Geld einer Bank anvertrauen, die selbst nicht in der Lage ist, ihr Kapital richtig einzusetzen? Die Antwort auf diese Frage hat die UBS gestern gegeben: Sie will ihr Kapital besser einsetzen und vor allem Kundenl\u00f6sungen wieder in den Vordergrund r\u00fccken.<\/p>\n","protected":false},"author":257,"featured_media":0,"comment_status":"open","ping_status":"open","sticky":false,"template":"","format":"standard","meta":{"_acf_changed":false,"inline_featured_image":false,"_relevanssi_hide_post":"","_relevanssi_hide_content":"","_relevanssi_pin_for_all":"","_relevanssi_pin_keywords":"","_relevanssi_unpin_keywords":"","_relevanssi_related_keywords":"","_relevanssi_related_include_ids":"","_relevanssi_related_exclude_ids":"","_relevanssi_related_no_append":"","_relevanssi_related_not_related":"","_relevanssi_related_posts":"","_relevanssi_noindex_reason":"","footnotes":"","_links_to":"","_links_to_target":""},"categories":[400,854975],"tags":[],"class_list":["post-9502","post","type-post","status-publish","format-standard","hentry","category-bank-management","category-ifz-in-den-medien"],"acf":[],"yoast_head":"<!-- This site is optimized with the Yoast SEO plugin v27.4 - https:\/\/yoast.com\/product\/yoast-seo-wordpress\/ -->\n<title>UBS setzt nach verlorenen Jahren auf ihre St\u00e4rken - IFZ Blog<\/title>\n<meta name=\"robots\" content=\"index, follow, max-snippet:-1, max-image-preview:large, max-video-preview:-1\" \/>\n<link rel=\"canonical\" href=\"https:\/\/hub.hslu.ch\/ifz\/2019\/02\/12\/prof-dr-yvonne-seiler-zimmermann-was-taugen-pk-ratings-fuer-die-wahl-der-vorsorgeeinrichtung\/\" \/>\n<script type=\"application\/ld+json\" class=\"yoast-schema-graph\">{\"@context\":\"https:\\\/\\\/schema.org\",\"@graph\":[{\"@type\":\"Article\",\"@id\":\"https:\\\/\\\/hub.hslu.ch\\\/ifz\\\/2019\\\/02\\\/12\\\/prof-dr-yvonne-seiler-zimmermann-was-taugen-pk-ratings-fuer-die-wahl-der-vorsorgeeinrichtung\\\/#article\",\"isPartOf\":{\"@id\":\"https:\\\/\\\/hub.hslu.ch\\\/ifz\\\/2019\\\/02\\\/12\\\/prof-dr-yvonne-seiler-zimmermann-was-taugen-pk-ratings-fuer-die-wahl-der-vorsorgeeinrichtung\\\/\"},\"author\":{\"name\":\"\",\"@id\":\"\"},\"headline\":\"UBS setzt nach verlorenen Jahren auf ihre St\u00e4rken\",\"datePublished\":\"2012-10-31T06:57:13+00:00\",\"dateModified\":\"2020-08-20T09:39:15+00:00\",\"mainEntityOfPage\":{\"@id\":\"https:\\\/\\\/hub.hslu.ch\\\/ifz\\\/2019\\\/02\\\/12\\\/prof-dr-yvonne-seiler-zimmermann-was-taugen-pk-ratings-fuer-die-wahl-der-vorsorgeeinrichtung\\\/\"},\"wordCount\":703,\"commentCount\":0,\"image\":{\"@id\":\"https:\\\/\\\/hub.hslu.ch\\\/ifz\\\/2019\\\/02\\\/12\\\/prof-dr-yvonne-seiler-zimmermann-was-taugen-pk-ratings-fuer-die-wahl-der-vorsorgeeinrichtung\\\/#primaryimage\"},\"thumbnailUrl\":\"https:\\\/\\\/hub.hslu.ch\\\/ifz\\\/wp-content\\\/blogs.dir\\\/165\\\/files\\\/sites\\\/6\\\/2012\\\/01\\\/pem.png\",\"articleSection\":[\"Bank Management\",\"IFZ in den Medien\"],\"inLanguage\":\"de-CH\",\"potentialAction\":[{\"@type\":\"CommentAction\",\"name\":\"Comment\",\"target\":[\"https:\\\/\\\/hub.hslu.ch\\\/ifz\\\/2019\\\/02\\\/12\\\/prof-dr-yvonne-seiler-zimmermann-was-taugen-pk-ratings-fuer-die-wahl-der-vorsorgeeinrichtung\\\/#respond\"]}]},{\"@type\":\"WebPage\",\"@id\":\"https:\\\/\\\/hub.hslu.ch\\\/ifz\\\/2019\\\/02\\\/12\\\/prof-dr-yvonne-seiler-zimmermann-was-taugen-pk-ratings-fuer-die-wahl-der-vorsorgeeinrichtung\\\/\",\"url\":\"https:\\\/\\\/hub.hslu.ch\\\/ifz\\\/2019\\\/02\\\/12\\\/prof-dr-yvonne-seiler-zimmermann-was-taugen-pk-ratings-fuer-die-wahl-der-vorsorgeeinrichtung\\\/\",\"name\":\"UBS setzt nach verlorenen Jahren auf ihre St\u00e4rken - IFZ Blog\",\"isPartOf\":{\"@id\":\"https:\\\/\\\/hub.hslu.ch\\\/ifz\\\/#website\"},\"primaryImageOfPage\":{\"@id\":\"https:\\\/\\\/hub.hslu.ch\\\/ifz\\\/2019\\\/02\\\/12\\\/prof-dr-yvonne-seiler-zimmermann-was-taugen-pk-ratings-fuer-die-wahl-der-vorsorgeeinrichtung\\\/#primaryimage\"},\"image\":{\"@id\":\"https:\\\/\\\/hub.hslu.ch\\\/ifz\\\/2019\\\/02\\\/12\\\/prof-dr-yvonne-seiler-zimmermann-was-taugen-pk-ratings-fuer-die-wahl-der-vorsorgeeinrichtung\\\/#primaryimage\"},\"thumbnailUrl\":\"https:\\\/\\\/hub.hslu.ch\\\/ifz\\\/wp-content\\\/blogs.dir\\\/165\\\/files\\\/sites\\\/6\\\/2012\\\/01\\\/pem.png\",\"datePublished\":\"2012-10-31T06:57:13+00:00\",\"dateModified\":\"2020-08-20T09:39:15+00:00\",\"author\":{\"@id\":\"\"},\"breadcrumb\":{\"@id\":\"https:\\\/\\\/hub.hslu.ch\\\/ifz\\\/2019\\\/02\\\/12\\\/prof-dr-yvonne-seiler-zimmermann-was-taugen-pk-ratings-fuer-die-wahl-der-vorsorgeeinrichtung\\\/#breadcrumb\"},\"inLanguage\":\"de-CH\",\"potentialAction\":[{\"@type\":\"ReadAction\",\"target\":[\"https:\\\/\\\/hub.hslu.ch\\\/ifz\\\/2019\\\/02\\\/12\\\/prof-dr-yvonne-seiler-zimmermann-was-taugen-pk-ratings-fuer-die-wahl-der-vorsorgeeinrichtung\\\/\"]}]},{\"@type\":\"ImageObject\",\"inLanguage\":\"de-CH\",\"@id\":\"https:\\\/\\\/hub.hslu.ch\\\/ifz\\\/2019\\\/02\\\/12\\\/prof-dr-yvonne-seiler-zimmermann-was-taugen-pk-ratings-fuer-die-wahl-der-vorsorgeeinrichtung\\\/#primaryimage\",\"url\":\"https:\\\/\\\/hub.hslu.ch\\\/ifz\\\/wp-content\\\/blogs.dir\\\/165\\\/files\\\/sites\\\/6\\\/2012\\\/01\\\/pem.png\",\"contentUrl\":\"https:\\\/\\\/hub.hslu.ch\\\/ifz\\\/wp-content\\\/blogs.dir\\\/165\\\/files\\\/sites\\\/6\\\/2012\\\/01\\\/pem.png\",\"width\":\"435\",\"height\":\"594\"},{\"@type\":\"BreadcrumbList\",\"@id\":\"https:\\\/\\\/hub.hslu.ch\\\/ifz\\\/2019\\\/02\\\/12\\\/prof-dr-yvonne-seiler-zimmermann-was-taugen-pk-ratings-fuer-die-wahl-der-vorsorgeeinrichtung\\\/#breadcrumb\",\"itemListElement\":[{\"@type\":\"ListItem\",\"position\":1,\"name\":\"Home\",\"item\":\"https:\\\/\\\/hub.hslu.ch\\\/ifz\\\/2019\\\/02\\\/12\\\/prof-dr-yvonne-seiler-zimmermann-was-taugen-pk-ratings-fuer-die-wahl-der-vorsorgeeinrichtung\\\/\"},{\"@type\":\"ListItem\",\"position\":2,\"name\":\"UBS setzt nach verlorenen Jahren auf ihre St\u00e4rken\"}]},{\"@type\":\"WebSite\",\"@id\":\"https:\\\/\\\/hub.hslu.ch\\\/ifz\\\/#website\",\"url\":\"https:\\\/\\\/hub.hslu.ch\\\/ifz\\\/\",\"name\":\"IFZ Blog\",\"description\":\"News aus dem Institut f\u00fcr Finanzdienstleistungen Zug IFZ\",\"potentialAction\":[{\"@type\":\"SearchAction\",\"target\":{\"@type\":\"EntryPoint\",\"urlTemplate\":\"https:\\\/\\\/hub.hslu.ch\\\/ifz\\\/?s={search_term_string}\"},\"query-input\":{\"@type\":\"PropertyValueSpecification\",\"valueRequired\":true,\"valueName\":\"search_term_string\"}}],\"inLanguage\":\"de-CH\"},{\"@type\":\"Person\",\"@id\":\"\"}]}<\/script>\n<!-- \/ Yoast SEO plugin. -->","yoast_head_json":{"title":"UBS setzt nach verlorenen Jahren auf ihre St\u00e4rken - IFZ Blog","robots":{"index":"index","follow":"follow","max-snippet":"max-snippet:-1","max-image-preview":"max-image-preview:large","max-video-preview":"max-video-preview:-1"},"canonical":"https:\/\/hub.hslu.ch\/ifz\/2019\/02\/12\/prof-dr-yvonne-seiler-zimmermann-was-taugen-pk-ratings-fuer-die-wahl-der-vorsorgeeinrichtung\/","schema":{"@context":"https:\/\/schema.org","@graph":[{"@type":"Article","@id":"https:\/\/hub.hslu.ch\/ifz\/2019\/02\/12\/prof-dr-yvonne-seiler-zimmermann-was-taugen-pk-ratings-fuer-die-wahl-der-vorsorgeeinrichtung\/#article","isPartOf":{"@id":"https:\/\/hub.hslu.ch\/ifz\/2019\/02\/12\/prof-dr-yvonne-seiler-zimmermann-was-taugen-pk-ratings-fuer-die-wahl-der-vorsorgeeinrichtung\/"},"author":{"name":"","@id":""},"headline":"UBS setzt nach verlorenen Jahren auf ihre St\u00e4rken","datePublished":"2012-10-31T06:57:13+00:00","dateModified":"2020-08-20T09:39:15+00:00","mainEntityOfPage":{"@id":"https:\/\/hub.hslu.ch\/ifz\/2019\/02\/12\/prof-dr-yvonne-seiler-zimmermann-was-taugen-pk-ratings-fuer-die-wahl-der-vorsorgeeinrichtung\/"},"wordCount":703,"commentCount":0,"image":{"@id":"https:\/\/hub.hslu.ch\/ifz\/2019\/02\/12\/prof-dr-yvonne-seiler-zimmermann-was-taugen-pk-ratings-fuer-die-wahl-der-vorsorgeeinrichtung\/#primaryimage"},"thumbnailUrl":"https:\/\/hub.hslu.ch\/ifz\/wp-content\/blogs.dir\/165\/files\/sites\/6\/2012\/01\/pem.png","articleSection":["Bank Management","IFZ in den Medien"],"inLanguage":"de-CH","potentialAction":[{"@type":"CommentAction","name":"Comment","target":["https:\/\/hub.hslu.ch\/ifz\/2019\/02\/12\/prof-dr-yvonne-seiler-zimmermann-was-taugen-pk-ratings-fuer-die-wahl-der-vorsorgeeinrichtung\/#respond"]}]},{"@type":"WebPage","@id":"https:\/\/hub.hslu.ch\/ifz\/2019\/02\/12\/prof-dr-yvonne-seiler-zimmermann-was-taugen-pk-ratings-fuer-die-wahl-der-vorsorgeeinrichtung\/","url":"https:\/\/hub.hslu.ch\/ifz\/2019\/02\/12\/prof-dr-yvonne-seiler-zimmermann-was-taugen-pk-ratings-fuer-die-wahl-der-vorsorgeeinrichtung\/","name":"UBS setzt nach verlorenen Jahren auf ihre St\u00e4rken - IFZ Blog","isPartOf":{"@id":"https:\/\/hub.hslu.ch\/ifz\/#website"},"primaryImageOfPage":{"@id":"https:\/\/hub.hslu.ch\/ifz\/2019\/02\/12\/prof-dr-yvonne-seiler-zimmermann-was-taugen-pk-ratings-fuer-die-wahl-der-vorsorgeeinrichtung\/#primaryimage"},"image":{"@id":"https:\/\/hub.hslu.ch\/ifz\/2019\/02\/12\/prof-dr-yvonne-seiler-zimmermann-was-taugen-pk-ratings-fuer-die-wahl-der-vorsorgeeinrichtung\/#primaryimage"},"thumbnailUrl":"https:\/\/hub.hslu.ch\/ifz\/wp-content\/blogs.dir\/165\/files\/sites\/6\/2012\/01\/pem.png","datePublished":"2012-10-31T06:57:13+00:00","dateModified":"2020-08-20T09:39:15+00:00","author":{"@id":""},"breadcrumb":{"@id":"https:\/\/hub.hslu.ch\/ifz\/2019\/02\/12\/prof-dr-yvonne-seiler-zimmermann-was-taugen-pk-ratings-fuer-die-wahl-der-vorsorgeeinrichtung\/#breadcrumb"},"inLanguage":"de-CH","potentialAction":[{"@type":"ReadAction","target":["https:\/\/hub.hslu.ch\/ifz\/2019\/02\/12\/prof-dr-yvonne-seiler-zimmermann-was-taugen-pk-ratings-fuer-die-wahl-der-vorsorgeeinrichtung\/"]}]},{"@type":"ImageObject","inLanguage":"de-CH","@id":"https:\/\/hub.hslu.ch\/ifz\/2019\/02\/12\/prof-dr-yvonne-seiler-zimmermann-was-taugen-pk-ratings-fuer-die-wahl-der-vorsorgeeinrichtung\/#primaryimage","url":"https:\/\/hub.hslu.ch\/ifz\/wp-content\/blogs.dir\/165\/files\/sites\/6\/2012\/01\/pem.png","contentUrl":"https:\/\/hub.hslu.ch\/ifz\/wp-content\/blogs.dir\/165\/files\/sites\/6\/2012\/01\/pem.png","width":"435","height":"594"},{"@type":"BreadcrumbList","@id":"https:\/\/hub.hslu.ch\/ifz\/2019\/02\/12\/prof-dr-yvonne-seiler-zimmermann-was-taugen-pk-ratings-fuer-die-wahl-der-vorsorgeeinrichtung\/#breadcrumb","itemListElement":[{"@type":"ListItem","position":1,"name":"Home","item":"https:\/\/hub.hslu.ch\/ifz\/2019\/02\/12\/prof-dr-yvonne-seiler-zimmermann-was-taugen-pk-ratings-fuer-die-wahl-der-vorsorgeeinrichtung\/"},{"@type":"ListItem","position":2,"name":"UBS setzt nach verlorenen Jahren auf ihre St\u00e4rken"}]},{"@type":"WebSite","@id":"https:\/\/hub.hslu.ch\/ifz\/#website","url":"https:\/\/hub.hslu.ch\/ifz\/","name":"IFZ Blog","description":"News aus dem Institut f\u00fcr Finanzdienstleistungen Zug IFZ","potentialAction":[{"@type":"SearchAction","target":{"@type":"EntryPoint","urlTemplate":"https:\/\/hub.hslu.ch\/ifz\/?s={search_term_string}"},"query-input":{"@type":"PropertyValueSpecification","valueRequired":true,"valueName":"search_term_string"}}],"inLanguage":"de-CH"},{"@type":"Person","@id":""}]}},"featured_image_src":null,"featured_image_src_square":null,"author_info":{"display_name":"","author_link":"https:\/\/hub.hslu.ch\/ifz\/author\/"},"_links":{"self":[{"href":"https:\/\/hub.hslu.ch\/ifz\/wp-json\/wp\/v2\/posts\/9502","targetHints":{"allow":["GET"]}}],"collection":[{"href":"https:\/\/hub.hslu.ch\/ifz\/wp-json\/wp\/v2\/posts"}],"about":[{"href":"https:\/\/hub.hslu.ch\/ifz\/wp-json\/wp\/v2\/types\/post"}],"author":[{"embeddable":true,"href":"https:\/\/hub.hslu.ch\/ifz\/wp-json\/wp\/v2\/users\/257"}],"replies":[{"embeddable":true,"href":"https:\/\/hub.hslu.ch\/ifz\/wp-json\/wp\/v2\/comments?post=9502"}],"version-history":[{"count":2,"href":"https:\/\/hub.hslu.ch\/ifz\/wp-json\/wp\/v2\/posts\/9502\/revisions"}],"predecessor-version":[{"id":19991,"href":"https:\/\/hub.hslu.ch\/ifz\/wp-json\/wp\/v2\/posts\/9502\/revisions\/19991"}],"wp:attachment":[{"href":"https:\/\/hub.hslu.ch\/ifz\/wp-json\/wp\/v2\/media?parent=9502"}],"wp:term":[{"taxonomy":"category","embeddable":true,"href":"https:\/\/hub.hslu.ch\/ifz\/wp-json\/wp\/v2\/categories?post=9502"},{"taxonomy":"post_tag","embeddable":true,"href":"https:\/\/hub.hslu.ch\/ifz\/wp-json\/wp\/v2\/tags?post=9502"}],"curies":[{"name":"wp","href":"https:\/\/api.w.org\/{rel}","templated":true}]}}