{"id":12481,"date":"2019-10-25T18:00:38","date_gmt":"2019-10-25T16:00:38","guid":{"rendered":"https:\/\/hub.hslu.ch\/ikm\/?p=12481"},"modified":"2026-02-06T11:12:49","modified_gmt":"2026-02-06T10:12:49","slug":"connectabern-2019","status":"publish","type":"post","link":"https:\/\/hub.hslu.ch\/ikm\/2019\/10\/25\/connectabern-2019\/","title":{"rendered":"Schweizer Digital Commerce: ConnectaBern 2019 und die Onlineh\u00e4ndlerbefragung"},"content":{"rendered":"\n<p class=\"is-style-default\"><\/p>\n\n\n\n<p>Auch in diesem Jahr luden die Post und PostFinance Experten, Interessierte und F\u00fchrungspersonen zur <a aria-label=\"Connecta (\u00f6ffnet in neuem Tab)\" rel=\"noreferrer noopener\" href=\"https:\/\/connecta.post.ch\/de\" target=\"_blank\">Connecta<\/a> nach Bern ein. An rund 80 Sessions teilten Experten ihr Wissen \u00fcber die Auswirkungen der Digitalisierung auf Business und Gesellschaft. Zudem pr\u00e4sentierte die Schweizerische Post AG <a aria-label=\"die aktuellen Ergebnisse des Schweizer E\u2011Commerce Stimmungsbarometer und der Schweizer Onlineh\u00e4ndlerbefragung 2019 (\u00f6ffnet in neuem Tab)\" rel=\"noreferrer noopener\" href=\"https:\/\/e-commerce.post.ch\/onlinehandel-2019\/de\/\" target=\"_blank\">die aktuellen Ergebnisse des Schweizer E\u2011Commerce Stimmungsbarometer und der Schweizer Onlineh\u00e4ndlerbefragung 2019<\/a>. <\/p>\n\n\n\n<p>Auch das Institut f\u00fcr Kommunikation und Marketing IKM war am Event vertreten und mit verschiedenen Fachreferaten pr\u00e4sent.<\/p>\n\n\n\n<figure class=\"wp-block-image size-large\"><img loading=\"lazy\" decoding=\"async\" width=\"702\" height=\"380\" src=\"https:\/\/hub.hslu.ch\/ikm\/wp-content\/blogs.dir\/489\/files\/sites\/8\/ConnectaBern2019-1.jpg\" alt=\"\" class=\"wp-image-15168\" srcset=\"https:\/\/hub.hslu.ch\/ikm\/wp-content\/blogs.dir\/489\/files\/sites\/8\/ConnectaBern2019-1.jpg 702w, https:\/\/hub.hslu.ch\/ikm\/wp-content\/blogs.dir\/489\/files\/sites\/8\/ConnectaBern2019-1-300x162.jpg 300w\" sizes=\"auto, (max-width: 702px) 100vw, 702px\" \/><\/figure>\n\n\n\n\n\n<h2 class=\"wp-block-heading\">Onlinehandel und Arbeitswelt 4.0<\/h2>\n\n\n\n<p>Unser E-Commerce-Spezialist am IKM, <a rel=\"noreferrer noopener\" aria-label=\" (\u00f6ffnet in neuem Tab)\" href=\"https:\/\/ecommercecanvas.org\/about-us\/\" target=\"_blank\">Michael Nussbaumer<\/a> referierte zum neuen E-Commerce-Canvas. Dieses Steuerungstool soll ein agiles E-Commerce-Projektmanagement erm\u00f6glichen  \u2013 auch in Unternehmen, die vielleicht noch nicht in den agilen Modus gewechselt haben. Zum Blogartikel von Michael Nussbaumer:  <a rel=\"noreferrer noopener\" aria-label=\" (\u00f6ffnet in neuem Tab)\" href=\"https:\/\/digital-commerce.post.ch\/de\/pages\/blog\/2019\/e-commerce-canvas\" target=\"_blank\">Onlinehandel &#8211; Das neue E-Commerce-Canvas<\/a>.<\/p>\n\n\n\n<p><a rel=\"noreferrer noopener\" aria-label=\"Cornelia Daheim (\u00f6ffnet in neuem Tab)\" href=\"https:\/\/future-impacts.de\/team\/cornelia-daheim-2\/\" target=\"_blank\">Cornelia Daheim<\/a> von Future Impact fasste den aktuellen Diskurs \u00fcber die Zukunft der Arbeit zusammen: Die Debatte heute sei zwar mit vielen \u00c4ngsten besetzt, z.B. um den Verlust von Kontrolle und Arbeitspl\u00e4tzen. Aktuelle Studien zeigten aber, dass die Aussichten wesentlich besser seien. Ein Punkt, den die Studien jedoch best\u00e4tigten: Lebenslanges Lernen gewinnt deutlich an Bedeutung. Zu den Ergebnissen der internationalen Studie zur Arbeit 2050 und drei m\u00f6glichen Szenarien, wie die Arbeitswelt dann aussehen k\u00f6nnte, geht es hier:  <a rel=\"noreferrer noopener\" aria-label=\" (\u00f6ffnet in neuem Tab)\" href=\"https:\/\/www.bertelsmann-stiftung.de\/de\/publikationen\/publikation\/did\/arbeit-2050-drei-szenarien\/\" target=\"_blank\">Arbeit 2050 &#8211; drei Szenarien<\/a>. <\/p>\n\n\n\n<p>Wie <a rel=\"noreferrer noopener\" aria-label=\"Sascha Pallenberg (\u00f6ffnet in neuem Tab)\" href=\"https:\/\/twitter.com\/sascha_p\" target=\"_blank\">Sascha Pallenberg<\/a>, Blogger der ersten Stunde, einen Kulturwandel bei Daimler durch interne Kommunikation gestaltet(e), hat <a rel=\"noreferrer noopener\" aria-label=\"Oliver Lutz  (\u00f6ffnet in neuem Tab)\" href=\"https:\/\/www.linkedin.com\/in\/oliverlutz1\/\" target=\"_blank\">Oliver Lutz <\/a>auf LinkedIn Pulse zusammengefasst:  <a rel=\"noreferrer noopener\" aria-label=\" (\u00f6ffnet in neuem Tab)\" href=\"https:\/\/www.linkedin.com\/pulse\/kulturwechsel-bei-daimler-oder-wie-cap-auf-schn%C3%A4uzer-traf-oliver-lutz\/\" target=\"_blank\">Kulturwechsel bei Daimler oder wie Cap auf Schn\u00e4uzer traf<\/a>. <\/p>\n\n\n\n<p>Eine gut strukturierte Auslegeordnung zu Hashtags pr\u00e4sentierte <a rel=\"noreferrer noopener\" aria-label=\" (\u00f6ffnet in neuem Tab)\" href=\"https:\/\/www.unibw.de\/bw\/professuren\/philipp-rauschnabel\" target=\"_blank\">Philipp Rauschnabel<\/a>. Vom urspr\u00fcnglichen Zweck von Hashtags ist die heutige Nutzung zwar eher mehr als weniger entfernt, aber um sie herum kommt man nicht. In einer medienpsychologischen Studie fand er heraus, welche Bedeutung Hashtags heute haben und dass sie beispielsweise dazu dienen, Nachrichten zu designen oder f\u00fcr Insider zu verschl\u00fcsseln. Weitere Ergebnisse lesen Sie auf dem Blog der Post: <a rel=\"noreferrer noopener\" aria-label=\" (\u00f6ffnet in neuem Tab)\" href=\"https:\/\/digital-commerce.post.ch\/de\/pages\/blog\/2019\/hashtags\" target=\"_blank\">Hashtags &#8211; mehr als nur ein #Zeichen<\/a>.<\/p>\n\n\n\n<p>Unser Forschungskoordinator und Dozent Dr. Thomas Wozniak  referierte zum Thema Small Data und deren Bedeutung im Entscheidungsprozess. Dabei sollte beachtet werden, dass Daten keine universell objektiven Fakten sind und erst zu Informationen weiterverarbeitet werden m\u00fcssen, um intelligente Business-Entscheidungen treffen zu k\u00f6nnen. Seinen Beitrag hat Thomas Wozniak auf dem IKM-Blog zusammengefasst: <a href=\"https:\/\/hub.hslu.ch\/ikm\/2019\/10\/10\/mit-small-data-zu-intelligenten-business-entscheidungen-fit-fuer-die-connecta\/\" target=\"_blank\" rel=\"noreferrer noopener\" aria-label=\"Mit Small Data zu intelligenten Business-Entscheidungen. (\u00f6ffnet in neuem Tab)\">Mit Small Data zu intelligenten Business-Entscheidungen.<\/a><\/p>\n\n\n\n<h2 class=\"wp-block-heading\">Die gr\u00f6ssten Herausforderungen f\u00fcr den Schweizer Digital Commerce<\/h2>\n\n\n\n<p>Am 22. Oktober 2019 ver\u00f6ffentlichte die Post die <a rel=\"noreferrer noopener\" aria-label=\"Ergebnisse der diesj\u00e4hrigen Onlineh\u00e4ndlerbefragung (\u00f6ffnet in neuem Tab)\" href=\"https:\/\/e-commerce.post.ch\/download\/de\/Onlinehaendlerbefragung_2019.pdf\" target=\"_blank\">Ergebnisse der diesj\u00e4hrigen Onlineh\u00e4ndlerbefragung<\/a>. Diese wurde von der Hochschule Luzern gemeinsam mit der Z\u00fcrcher Hochschule f\u00fcr Angewandte Wissenschaft ZHAW im Auftrag der Schweizerischen Post durchgef\u00fchrt. <\/p>\n\n\n\n<p>Aus der Studie geht hervor, dass die Marktsituation, z.B. Preis- und Konkurrenzdruck, eine grosse Herausforderung f\u00fcr Schweizer Onlineh\u00e4ndler darstellt. F\u00fcr zwei Drittel der Befragten stellen zudem Z\u00f6lle die gr\u00f6sste Exporth\u00fcrde dar. Die detaillierten Ergebnisse der ganzen Studie stellen wir Ihnen im Dezember auf unserer Website zur Verf\u00fcgung: <a aria-label=\"Onlineh\u00e4ndlerbefragung 2019 (\u00f6ffnet in neuem Tab)\" href=\"https:\/\/www.hslu.ch\/de-ch\/wirtschaft\/institute\/ikm\/forschung\/schweizer-digital-commerce\/\" target=\"_blank\" rel=\"noreferrer noopener\">Onlineh\u00e4ndlerbefragung 2019<\/a>.<\/p>\n\n\n\n<figure class=\"wp-block-image size-large\"><img loading=\"lazy\" decoding=\"async\" width=\"702\" height=\"300\" src=\"https:\/\/hub.hslu.ch\/ikm\/wp-content\/blogs.dir\/489\/files\/sites\/8\/Onlinehaendlerbefragung-2019_Herausforderungen-702x300.jpg\" alt=\"Onlinehaendlerbefragung-2019_Herausforderungen\" class=\"wp-image-12505\" srcset=\"https:\/\/hub.hslu.ch\/ikm\/wp-content\/blogs.dir\/489\/files\/sites\/8\/Onlinehaendlerbefragung-2019_Herausforderungen.jpg 702w, https:\/\/hub.hslu.ch\/ikm\/wp-content\/blogs.dir\/489\/files\/sites\/8\/Onlinehaendlerbefragung-2019_Herausforderungen-300x128.jpg 300w\" sizes=\"auto, (max-width: 702px) 100vw, 702px\" \/><figcaption class=\"wp-element-caption\">Die gr\u00f6ssten Herausforderungen im Schweizer Onlinehandel (Onlineh\u00e4ndlerbefragung 2019).<\/figcaption><\/figure>\n\n\n\n<h2 class=\"wp-block-heading\">Zusammenfassung der ConnectaBern, Tweets und LinkedIn<\/h2>\n\n\n\n<ul class=\"wp-block-list\">\n<li><a href=\"https:\/\/blickpunktkmu.ch\/article\/sie-brauchen-mehr-ideen\/34_119?r=1_0&amp;shareid=119&amp;currenteditionid=34\">Eine Zusammenfassung des Events lesen Sie auf Blickpunkt KMU<\/a>. <\/li>\n\n\n\n<li><a href=\"https:\/\/twitter.com\/hashtag\/ConnectaBern\">Hier finden Sie die Tweets zur ConnectaBern 2019<\/a>.<\/li>\n\n\n\n<li><a href=\"https:\/\/www.linkedin.com\/feed\/hashtag\/?keywords=%23ConnectaBern\">Und hier die LinkedIn-Posts zu #connectabern<\/a> (nur f\u00fcr LinkedIn-Nutzer sichtbar).<\/li>\n<\/ul>\n","protected":false},"excerpt":{"rendered":"<p>An der Connecta 2019 kam erneut die Digital- und Online-Branche der Schweiz zusammen. Diskutiert wurde \u00fcber den Schweizer Digital Commerce, die Zukunft der Arbeit und technologische Entwicklungen. Hier finden Sie eine Auswahl interessanter Beitr\u00e4ge sowie die Ergebnisse der Onlineh\u00e4ndlerbefragung 2019.<\/p>\n","protected":false},"author":2496,"featured_media":15170,"comment_status":"open","ping_status":"open","sticky":false,"template":"","format":"standard","meta":{"_acf_changed":false,"inline_featured_image":false,"_relevanssi_hide_post":"","_relevanssi_hide_content":"","_relevanssi_pin_for_all":"","_relevanssi_pin_keywords":"","_relevanssi_unpin_keywords":"","_relevanssi_related_keywords":"","_relevanssi_related_include_ids":"","_relevanssi_related_exclude_ids":"","_relevanssi_related_no_append":"","_relevanssi_related_not_related":"","_relevanssi_related_posts":"11454,18327,11083,11480,21415,10674","_relevanssi_noindex_reason":"","footnotes":"","_links_to":"","_links_to_target":""},"categories":[19461,114,86671],"tags":[86476,86420,86477],"class_list":["post-12481","post","type-post","status-publish","format-standard","has-post-thumbnail","hentry","category-e-commerce","category-events","category-marketing-und-kommunikationsmanagement","tag-connecta","tag-onlinehaendlerbefragung","tag-schweizer-digital-commerce"],"acf":[],"yoast_head":"<!-- This site is optimized with the Yoast SEO plugin v27.5 - https:\/\/yoast.com\/product\/yoast-seo-wordpress\/ -->\n<title>Schweizer Digital Commerce: ConnectaBern 2019 und die Onlineh\u00e4ndlerbefragung - IKM-Blog<\/title>\n<meta name=\"description\" content=\"An der ConnectaBern 2019 diskutierten Experten zu den Auswirkungen der Digitalisierung auf Business und Gesellschaft. Eine Link- und Themen-Liste.\" \/>\n<meta name=\"robots\" content=\"index, follow, max-snippet:-1, max-image-preview:large, max-video-preview:-1\" \/>\n<link rel=\"canonical\" href=\"https:\/\/hub.hslu.ch\/ikm\/2019\/10\/25\/connectabern-2019\/\" \/>\n<meta property=\"og:locale\" content=\"de_DE\" \/>\n<meta property=\"og:type\" content=\"article\" \/>\n<meta property=\"og:title\" content=\"Schweizer Digital Commerce: ConnectaBern 2019 und die Onlineh\u00e4ndlerbefragung - IKM-Blog\" \/>\n<meta property=\"og:description\" content=\"An der ConnectaBern 2019 diskutierten Experten zu den Auswirkungen der Digitalisierung auf Business und Gesellschaft. Eine Link- und Themen-Liste.\" \/>\n<meta property=\"og:url\" content=\"https:\/\/hub.hslu.ch\/ikm\/2019\/10\/25\/connectabern-2019\/\" \/>\n<meta property=\"og:site_name\" content=\"IKM-Blog\" \/>\n<meta property=\"article:published_time\" content=\"2019-10-25T16:00:38+00:00\" \/>\n<meta property=\"article:modified_time\" content=\"2026-02-06T10:12:49+00:00\" \/>\n<meta property=\"og:image\" content=\"https:\/\/hub.hslu.ch\/ikm\/wp-content\/blogs.dir\/489\/files\/sites\/8\/Key-Visual-Connecta-2019-1500-927.jpg\" \/>\n\t<meta property=\"og:image:width\" content=\"1500\" \/>\n\t<meta property=\"og:image:height\" content=\"927\" \/>\n\t<meta property=\"og:image:type\" content=\"image\/jpeg\" \/>\n<meta name=\"twitter:card\" content=\"summary_large_image\" \/>\n<meta name=\"twitter:label1\" content=\"Geschrieben von\" \/>\n\t<meta name=\"twitter:data1\" content=\"\" \/>\n\t<meta name=\"twitter:label2\" content=\"Gesch\u00e4tzte Lesezeit\" \/>\n\t<meta name=\"twitter:data2\" content=\"4\u00a0Minuten\" \/>\n<script type=\"application\/ld+json\" class=\"yoast-schema-graph\">{\"@context\":\"https:\\\/\\\/schema.org\",\"@graph\":[{\"@type\":\"Article\",\"@id\":\"https:\\\/\\\/hub.hslu.ch\\\/ikm\\\/2019\\\/10\\\/25\\\/connectabern-2019\\\/#article\",\"isPartOf\":{\"@id\":\"https:\\\/\\\/hub.hslu.ch\\\/ikm\\\/2019\\\/10\\\/25\\\/connectabern-2019\\\/\"},\"author\":{\"name\":\"\",\"@id\":\"\"},\"headline\":\"Schweizer Digital Commerce: ConnectaBern 2019 und die Onlineh\u00e4ndlerbefragung\",\"datePublished\":\"2019-10-25T16:00:38+00:00\",\"dateModified\":\"2026-02-06T10:12:49+00:00\",\"mainEntityOfPage\":{\"@id\":\"https:\\\/\\\/hub.hslu.ch\\\/ikm\\\/2019\\\/10\\\/25\\\/connectabern-2019\\\/\"},\"wordCount\":525,\"commentCount\":1,\"image\":{\"@id\":\"https:\\\/\\\/hub.hslu.ch\\\/ikm\\\/2019\\\/10\\\/25\\\/connectabern-2019\\\/#primaryimage\"},\"thumbnailUrl\":\"https:\\\/\\\/hub.hslu.ch\\\/ikm\\\/wp-content\\\/blogs.dir\\\/489\\\/files\\\/sites\\\/8\\\/Key-Visual-Connecta-2019-1500-927.jpg\",\"keywords\":[\"Connecta\",\"Onlineh\u00e4ndlerbefragung\",\"Schweizer Digital Commerce\"],\"articleSection\":[\"E-Commerce\",\"Events\",\"Marketing- und Kommunikationsmanagement\"],\"inLanguage\":\"de-CH\",\"potentialAction\":[{\"@type\":\"CommentAction\",\"name\":\"Comment\",\"target\":[\"https:\\\/\\\/hub.hslu.ch\\\/ikm\\\/2019\\\/10\\\/25\\\/connectabern-2019\\\/#respond\"]}]},{\"@type\":\"WebPage\",\"@id\":\"https:\\\/\\\/hub.hslu.ch\\\/ikm\\\/2019\\\/10\\\/25\\\/connectabern-2019\\\/\",\"url\":\"https:\\\/\\\/hub.hslu.ch\\\/ikm\\\/2019\\\/10\\\/25\\\/connectabern-2019\\\/\",\"name\":\"Schweizer Digital Commerce: ConnectaBern 2019 und die Onlineh\u00e4ndlerbefragung - IKM-Blog\",\"isPartOf\":{\"@id\":\"https:\\\/\\\/hub.hslu.ch\\\/ikm\\\/#website\"},\"primaryImageOfPage\":{\"@id\":\"https:\\\/\\\/hub.hslu.ch\\\/ikm\\\/2019\\\/10\\\/25\\\/connectabern-2019\\\/#primaryimage\"},\"image\":{\"@id\":\"https:\\\/\\\/hub.hslu.ch\\\/ikm\\\/2019\\\/10\\\/25\\\/connectabern-2019\\\/#primaryimage\"},\"thumbnailUrl\":\"https:\\\/\\\/hub.hslu.ch\\\/ikm\\\/wp-content\\\/blogs.dir\\\/489\\\/files\\\/sites\\\/8\\\/Key-Visual-Connecta-2019-1500-927.jpg\",\"datePublished\":\"2019-10-25T16:00:38+00:00\",\"dateModified\":\"2026-02-06T10:12:49+00:00\",\"author\":{\"@id\":\"\"},\"description\":\"An der ConnectaBern 2019 diskutierten Experten zu den Auswirkungen der Digitalisierung auf Business und Gesellschaft. Eine Link- und Themen-Liste.\",\"breadcrumb\":{\"@id\":\"https:\\\/\\\/hub.hslu.ch\\\/ikm\\\/2019\\\/10\\\/25\\\/connectabern-2019\\\/#breadcrumb\"},\"inLanguage\":\"de-CH\",\"potentialAction\":[{\"@type\":\"ReadAction\",\"target\":[\"https:\\\/\\\/hub.hslu.ch\\\/ikm\\\/2019\\\/10\\\/25\\\/connectabern-2019\\\/\"]}]},{\"@type\":\"ImageObject\",\"inLanguage\":\"de-CH\",\"@id\":\"https:\\\/\\\/hub.hslu.ch\\\/ikm\\\/2019\\\/10\\\/25\\\/connectabern-2019\\\/#primaryimage\",\"url\":\"https:\\\/\\\/hub.hslu.ch\\\/ikm\\\/wp-content\\\/blogs.dir\\\/489\\\/files\\\/sites\\\/8\\\/Key-Visual-Connecta-2019-1500-927.jpg\",\"contentUrl\":\"https:\\\/\\\/hub.hslu.ch\\\/ikm\\\/wp-content\\\/blogs.dir\\\/489\\\/files\\\/sites\\\/8\\\/Key-Visual-Connecta-2019-1500-927.jpg\",\"width\":1500,\"height\":927},{\"@type\":\"BreadcrumbList\",\"@id\":\"https:\\\/\\\/hub.hslu.ch\\\/ikm\\\/2019\\\/10\\\/25\\\/connectabern-2019\\\/#breadcrumb\",\"itemListElement\":[{\"@type\":\"ListItem\",\"position\":1,\"name\":\"Home\",\"item\":\"https:\\\/\\\/hub.hslu.ch\\\/ikm\\\/\"},{\"@type\":\"ListItem\",\"position\":2,\"name\":\"Schweizer Digital Commerce: ConnectaBern 2019 und die Onlineh\u00e4ndlerbefragung\"}]},{\"@type\":\"WebSite\",\"@id\":\"https:\\\/\\\/hub.hslu.ch\\\/ikm\\\/#website\",\"url\":\"https:\\\/\\\/hub.hslu.ch\\\/ikm\\\/\",\"name\":\"IKM-Blog\",\"description\":\"Kommunikation und Marketing an der Hochschule Luzern \u2013 Wirtschaft\",\"potentialAction\":[{\"@type\":\"SearchAction\",\"target\":{\"@type\":\"EntryPoint\",\"urlTemplate\":\"https:\\\/\\\/hub.hslu.ch\\\/ikm\\\/?s={search_term_string}\"},\"query-input\":{\"@type\":\"PropertyValueSpecification\",\"valueRequired\":true,\"valueName\":\"search_term_string\"}}],\"inLanguage\":\"de-CH\"},{\"@type\":\"Person\",\"@id\":\"\"}]}<\/script>\n<!-- \/ Yoast SEO plugin. -->","yoast_head_json":{"title":"Schweizer Digital Commerce: ConnectaBern 2019 und die Onlineh\u00e4ndlerbefragung - IKM-Blog","description":"An der ConnectaBern 2019 diskutierten Experten zu den Auswirkungen der Digitalisierung auf Business und Gesellschaft. Eine Link- und Themen-Liste.","robots":{"index":"index","follow":"follow","max-snippet":"max-snippet:-1","max-image-preview":"max-image-preview:large","max-video-preview":"max-video-preview:-1"},"canonical":"https:\/\/hub.hslu.ch\/ikm\/2019\/10\/25\/connectabern-2019\/","og_locale":"de_DE","og_type":"article","og_title":"Schweizer Digital Commerce: ConnectaBern 2019 und die Onlineh\u00e4ndlerbefragung - IKM-Blog","og_description":"An der ConnectaBern 2019 diskutierten Experten zu den Auswirkungen der Digitalisierung auf Business und Gesellschaft. Eine Link- und Themen-Liste.","og_url":"https:\/\/hub.hslu.ch\/ikm\/2019\/10\/25\/connectabern-2019\/","og_site_name":"IKM-Blog","article_published_time":"2019-10-25T16:00:38+00:00","article_modified_time":"2026-02-06T10:12:49+00:00","og_image":[{"width":1500,"height":927,"url":"https:\/\/hub.hslu.ch\/ikm\/wp-content\/blogs.dir\/489\/files\/sites\/8\/Key-Visual-Connecta-2019-1500-927.jpg","type":"image\/jpeg"}],"twitter_card":"summary_large_image","twitter_misc":{"Geschrieben von":"","Gesch\u00e4tzte Lesezeit":"4\u00a0Minuten"},"schema":{"@context":"https:\/\/schema.org","@graph":[{"@type":"Article","@id":"https:\/\/hub.hslu.ch\/ikm\/2019\/10\/25\/connectabern-2019\/#article","isPartOf":{"@id":"https:\/\/hub.hslu.ch\/ikm\/2019\/10\/25\/connectabern-2019\/"},"author":{"name":"","@id":""},"headline":"Schweizer Digital Commerce: ConnectaBern 2019 und die Onlineh\u00e4ndlerbefragung","datePublished":"2019-10-25T16:00:38+00:00","dateModified":"2026-02-06T10:12:49+00:00","mainEntityOfPage":{"@id":"https:\/\/hub.hslu.ch\/ikm\/2019\/10\/25\/connectabern-2019\/"},"wordCount":525,"commentCount":1,"image":{"@id":"https:\/\/hub.hslu.ch\/ikm\/2019\/10\/25\/connectabern-2019\/#primaryimage"},"thumbnailUrl":"https:\/\/hub.hslu.ch\/ikm\/wp-content\/blogs.dir\/489\/files\/sites\/8\/Key-Visual-Connecta-2019-1500-927.jpg","keywords":["Connecta","Onlineh\u00e4ndlerbefragung","Schweizer Digital Commerce"],"articleSection":["E-Commerce","Events","Marketing- und Kommunikationsmanagement"],"inLanguage":"de-CH","potentialAction":[{"@type":"CommentAction","name":"Comment","target":["https:\/\/hub.hslu.ch\/ikm\/2019\/10\/25\/connectabern-2019\/#respond"]}]},{"@type":"WebPage","@id":"https:\/\/hub.hslu.ch\/ikm\/2019\/10\/25\/connectabern-2019\/","url":"https:\/\/hub.hslu.ch\/ikm\/2019\/10\/25\/connectabern-2019\/","name":"Schweizer Digital Commerce: ConnectaBern 2019 und die Onlineh\u00e4ndlerbefragung - IKM-Blog","isPartOf":{"@id":"https:\/\/hub.hslu.ch\/ikm\/#website"},"primaryImageOfPage":{"@id":"https:\/\/hub.hslu.ch\/ikm\/2019\/10\/25\/connectabern-2019\/#primaryimage"},"image":{"@id":"https:\/\/hub.hslu.ch\/ikm\/2019\/10\/25\/connectabern-2019\/#primaryimage"},"thumbnailUrl":"https:\/\/hub.hslu.ch\/ikm\/wp-content\/blogs.dir\/489\/files\/sites\/8\/Key-Visual-Connecta-2019-1500-927.jpg","datePublished":"2019-10-25T16:00:38+00:00","dateModified":"2026-02-06T10:12:49+00:00","author":{"@id":""},"description":"An der ConnectaBern 2019 diskutierten Experten zu den Auswirkungen der Digitalisierung auf Business und Gesellschaft. Eine Link- und Themen-Liste.","breadcrumb":{"@id":"https:\/\/hub.hslu.ch\/ikm\/2019\/10\/25\/connectabern-2019\/#breadcrumb"},"inLanguage":"de-CH","potentialAction":[{"@type":"ReadAction","target":["https:\/\/hub.hslu.ch\/ikm\/2019\/10\/25\/connectabern-2019\/"]}]},{"@type":"ImageObject","inLanguage":"de-CH","@id":"https:\/\/hub.hslu.ch\/ikm\/2019\/10\/25\/connectabern-2019\/#primaryimage","url":"https:\/\/hub.hslu.ch\/ikm\/wp-content\/blogs.dir\/489\/files\/sites\/8\/Key-Visual-Connecta-2019-1500-927.jpg","contentUrl":"https:\/\/hub.hslu.ch\/ikm\/wp-content\/blogs.dir\/489\/files\/sites\/8\/Key-Visual-Connecta-2019-1500-927.jpg","width":1500,"height":927},{"@type":"BreadcrumbList","@id":"https:\/\/hub.hslu.ch\/ikm\/2019\/10\/25\/connectabern-2019\/#breadcrumb","itemListElement":[{"@type":"ListItem","position":1,"name":"Home","item":"https:\/\/hub.hslu.ch\/ikm\/"},{"@type":"ListItem","position":2,"name":"Schweizer Digital Commerce: ConnectaBern 2019 und die Onlineh\u00e4ndlerbefragung"}]},{"@type":"WebSite","@id":"https:\/\/hub.hslu.ch\/ikm\/#website","url":"https:\/\/hub.hslu.ch\/ikm\/","name":"IKM-Blog","description":"Kommunikation und Marketing an der Hochschule Luzern \u2013 Wirtschaft","potentialAction":[{"@type":"SearchAction","target":{"@type":"EntryPoint","urlTemplate":"https:\/\/hub.hslu.ch\/ikm\/?s={search_term_string}"},"query-input":{"@type":"PropertyValueSpecification","valueRequired":true,"valueName":"search_term_string"}}],"inLanguage":"de-CH"},{"@type":"Person","@id":""}]}},"featured_image_src":"https:\/\/hub.hslu.ch\/ikm\/wp-content\/blogs.dir\/489\/files\/sites\/8\/Key-Visual-Connecta-2019-1500-927.jpg","featured_image_src_square":"https:\/\/hub.hslu.ch\/ikm\/wp-content\/blogs.dir\/489\/files\/sites\/8\/Key-Visual-Connecta-2019-1500-927.jpg","author_info":{"display_name":"","author_link":"https:\/\/hub.hslu.ch\/ikm\/author\/"},"_links":{"self":[{"href":"https:\/\/hub.hslu.ch\/ikm\/wp-json\/wp\/v2\/posts\/12481","targetHints":{"allow":["GET"]}}],"collection":[{"href":"https:\/\/hub.hslu.ch\/ikm\/wp-json\/wp\/v2\/posts"}],"about":[{"href":"https:\/\/hub.hslu.ch\/ikm\/wp-json\/wp\/v2\/types\/post"}],"author":[{"embeddable":true,"href":"https:\/\/hub.hslu.ch\/ikm\/wp-json\/wp\/v2\/users\/2496"}],"replies":[{"embeddable":true,"href":"https:\/\/hub.hslu.ch\/ikm\/wp-json\/wp\/v2\/comments?post=12481"}],"version-history":[{"count":55,"href":"https:\/\/hub.hslu.ch\/ikm\/wp-json\/wp\/v2\/posts\/12481\/revisions"}],"predecessor-version":[{"id":24339,"href":"https:\/\/hub.hslu.ch\/ikm\/wp-json\/wp\/v2\/posts\/12481\/revisions\/24339"}],"wp:featuredmedia":[{"embeddable":true,"href":"https:\/\/hub.hslu.ch\/ikm\/wp-json\/wp\/v2\/media\/15170"}],"wp:attachment":[{"href":"https:\/\/hub.hslu.ch\/ikm\/wp-json\/wp\/v2\/media?parent=12481"}],"wp:term":[{"taxonomy":"category","embeddable":true,"href":"https:\/\/hub.hslu.ch\/ikm\/wp-json\/wp\/v2\/categories?post=12481"},{"taxonomy":"post_tag","embeddable":true,"href":"https:\/\/hub.hslu.ch\/ikm\/wp-json\/wp\/v2\/tags?post=12481"}],"curies":[{"name":"wp","href":"https:\/\/api.w.org\/{rel}","templated":true}]}}