{"id":13850,"date":"2020-10-22T00:01:00","date_gmt":"2020-10-21T22:01:00","guid":{"rendered":"https:\/\/hub.hslu.ch\/ikm\/?p=13850"},"modified":"2026-02-11T14:53:07","modified_gmt":"2026-02-11T13:53:07","slug":"die-connecta-erfindet-sich-digital-neu-alle-formate-auf-einen-blick","status":"publish","type":"post","link":"https:\/\/hub.hslu.ch\/ikm\/2020\/10\/22\/die-connecta-erfindet-sich-digital-neu-alle-formate-auf-einen-blick\/","title":{"rendered":"Die Connecta erfindet sich digital neu \u2013 alle Formate auf einen Blick"},"content":{"rendered":"\n\n\n<p>Die Organisatoren waren auf sehr vieles vorbereitet. Schlussendlich war das Virus aber st\u00e4rker und sie mussten schweren Herzens das Ziel einer gewohnten Connecta aufgeben. Die Vorgaben f\u00fcr die Durchf\u00fchrung einer f\u00fcr alle sicheren Veranstaltung haben sie zu diesem Schritt gezwungen.<\/p>\n\n\n\n<p>Auf der Connecta kommen viele Menschen zusammen, die sich h\u00e4ufig nur einmal im Jahr pers\u00f6nlich begegnen. Wie bei einem Familientreffen m\u00f6chte man sich nahe sein. Da ist es einfach unrealistisch, Sicherheitsabstand zu wahren.<\/p>\n\n\n\n<h3 class=\"wp-block-heading\"><strong>Weshalb keine digitale Connecta<\/strong>?<\/h3>\n\n\n\n<p>Was vor ein paar Monaten noch funktioniert hat, ist nach Ansicht der Organisatoren heute kein gangbarer Weg mehr: Die Zuschauer digitaler Events sind heute \u00fcberdr\u00fcssig, passiv am PC zu setzen und sich via Zoom stundenlang Referate anzuh\u00f6ren. Nach eingehender Pr\u00fcfung sind die Organisatoren zum Entschluss gekommen, dass sich ein Ereignis mit \u00fcber 80 Referierenden nicht einfach ins Netz stellen l\u00e4sst. Da war der Qualit\u00e4tsanspruch zu hoch.<\/p>\n\n\n\n<h3 class=\"wp-block-heading\"><strong>Aus einem physischen Anlass werden vier Digitalangebote<\/strong><\/h3>\n\n\n\n<p>Der Fokus auf Referate in Kleingruppen macht die Connecta zu etwas Einzigartigem in der Schweiz. Deshalb haben sich die Leute um die Connecta \u00fcberlegt, etwas ganz Spezielles als Ersatz anzubieten.<\/p>\n\n\n\n<h4 class=\"wp-block-heading\">Connecta Talk<\/h4>\n\n\n\n<p>Die Moderatorin Aileen Zumstein hat mit \u00fcber 20 Referierenden der Connecta Videointerviews gef\u00fchrt. So auch mit Ricarda Raemy von der Schweizerischen Post und mir. Wir zeichneten uns verantwortlich f\u00fcr die <a href=\"https:\/\/www.hslu.ch\/de-ch\/wirtschaft\/institute\/ikm\/forschung\/schweizer-digital-commerce\/\" target=\"_blank\" rel=\"noreferrer noopener\">HSLU-Studie zur Nachhaltigkeit im Onlinehandel<\/a>, welche im Auftrag der Schweizerischen Post erstellt wurde. Jetzt anschauen und die Highlights der Studie erfahren.<\/p>\n\n\n\n<figure class=\"wp-block-embed is-type-video is-provider-youtube wp-block-embed-youtube wp-embed-aspect-16-9 wp-has-aspect-ratio\"><div class=\"wp-block-embed__wrapper\">\n<iframe loading=\"lazy\" title=\"Connecta Talk mit Ricarda Raemy &amp; Michael Nussbaumer\" width=\"640\" height=\"360\" src=\"https:\/\/www.youtube.com\/embed\/gq7O6dPGKTc?feature=oembed\" frameborder=\"0\" allow=\"accelerometer; autoplay; clipboard-write; encrypted-media; gyroscope; picture-in-picture; web-share\" referrerpolicy=\"strict-origin-when-cross-origin\" allowfullscreen><\/iframe>\n<\/div><\/figure>\n\n\n\n<p>Weiter f\u00fchrte der Podcaster Martin Rechsteiner, vielen besser bekannt als Pokipsie, mit zahlreichen Referierenden sehr spannende und intensive Gespr\u00e4che. Die Podcasts gibt es <a href=\"https:\/\/connecta.post.ch\/de\/connecta-talk\" target=\"_blank\" rel=\"noreferrer noopener\">unter diesem Link<\/a>.<\/p>\n\n\n\n<p>Connecta TV<\/p>\n\n\n\n<p>Eine rund einst\u00fcndige Sendung unter der Leitung und Moderation von Katrin-C\u00e9cile Ziegler. Mit vielen spannenden Studiog\u00e4sten, u.a. mit mir als Leiter des <a href=\"https:\/\/hub.hslu.ch\/ikm\/2021\/01\/23\/nachhaltigkeit-im-e-commerce\" target=\"_blank\" rel=\"noreferrer noopener\">CAS E-Commerce Management<\/a> von der Hochschule Luzern. Alles ohne Filter und zu Themen rund um Handel, Digitalisierung und dem neuen \u00abWie weiter?\u00bb. Gespannt auf Connecta TV? Jetzt anschauen! <\/p>\n\n\n\n<figure class=\"wp-block-embed is-type-video is-provider-youtube wp-block-embed-youtube wp-embed-aspect-16-9 wp-has-aspect-ratio\"><div class=\"wp-block-embed__wrapper\">\n<iframe loading=\"lazy\" title=\"Connecta TV \u2013 Wie sieht die Zukunft nach dem Lockdown aus?\" width=\"640\" height=\"360\" src=\"https:\/\/www.youtube.com\/embed\/xxiPoZfyFAM?feature=oembed\" frameborder=\"0\" allow=\"accelerometer; autoplay; clipboard-write; encrypted-media; gyroscope; picture-in-picture; web-share\" referrerpolicy=\"strict-origin-when-cross-origin\" allowfullscreen><\/iframe>\n<\/div><\/figure>\n\n\n\n<p>Connecta Dok<\/p>\n\n\n\n<p>Die Organisatoren der Connecta haben den Dokumentarfilmer Daniel Rytz gebeten, sich dar\u00fcber Gedanken zu machen, was seit dem 16. M\u00e4rz 2020 \u2013 dem Lockdown in der Schweiz \u2013 alles passiert ist. Was hat sich bewegt \u2013 und noch wichtiger \u2013 wohin steuern wir in Zukunft? <\/p>\n\n\n\n<figure class=\"wp-block-embed is-type-video is-provider-youtube wp-block-embed-youtube wp-embed-aspect-16-9 wp-has-aspect-ratio\"><div class=\"wp-block-embed__wrapper\">\n<iframe loading=\"lazy\" title=\"Connecta Dok \u2013 Wie der Lockdown den Handel und die Digitalisierung beeinflusst.\" width=\"640\" height=\"360\" src=\"https:\/\/www.youtube.com\/embed\/LND6oogHSNY?feature=oembed\" frameborder=\"0\" allow=\"accelerometer; autoplay; clipboard-write; encrypted-media; gyroscope; picture-in-picture; web-share\" referrerpolicy=\"strict-origin-when-cross-origin\" allowfullscreen><\/iframe>\n<\/div><\/figure>\n\n\n\n<p>Connecta Blog<\/p>\n\n\n\n<p>Rund die H\u00e4lfte der Referierenden an der Connecta haben eine Zusammenfassung ihres Referats in Form eines Blogbeitrags geschrieben. So auch Dr. Ingo G\u00e4chter, HSLU zum Thema \u00abSmart Data LEADERSHIP\u00bb. Alle Blogbeitr\u00e4ge k\u00f6nnen <a href=\"https:\/\/digital-commerce.post.ch\/de\/pages\/blog\" target=\"_blank\" rel=\"noreferrer noopener\">unter diesem Link<\/a> abgerufen werden.<\/p>\n\n\n\n<p>Wie die Connecta 2021 aussehen wird, steht noch in den Sternen. Die Pandemie gibt da den Takt vor. Die Hochschule Luzern wir aber auch 2021 Partnerin dieser hochkar\u00e4tigen Veranstaltung sein. In welchem Format diese auch immer durchgef\u00fchrt wird. Stay tuned!<\/p>\n","protected":false},"excerpt":{"rendered":"<p>Unmittelbar nach dem Ende der Connecta im vergangenen Jahr begannen die Vorarbeiten f\u00fcr das f\u00fcnfj\u00e4hrige Jubil\u00e4um im 2020. Die Hochschule Luzern ist seit Beginn weg Partnerin dieser einmaligen Digitalveranstaltung und mit Referenten dabei. Eines war klar, es sollte eine noch sch\u00f6nere Connecta werden. Denn jedes Jahr wollen die Organisatoren einen besonderen Tag im Herbst an einem einzigartigen Ort erschaffen: zum Wohlf\u00fchlen, Vernetzen, Diskutieren und Weiterbilden.<\/p>\n","protected":false},"author":2694,"featured_media":13860,"comment_status":"open","ping_status":"open","sticky":false,"template":"","format":"standard","meta":{"_acf_changed":false,"inline_featured_image":false,"_relevanssi_hide_post":"","_relevanssi_hide_content":"","_relevanssi_pin_for_all":"","_relevanssi_pin_keywords":"","_relevanssi_unpin_keywords":"","_relevanssi_related_keywords":"","_relevanssi_related_include_ids":"","_relevanssi_related_exclude_ids":"","_relevanssi_related_no_append":"","_relevanssi_related_not_related":"","_relevanssi_related_posts":"11083,10674,16881,21415,6623,13746","_relevanssi_noindex_reason":"","footnotes":"","_links_to":"","_links_to_target":""},"categories":[19461,86671],"tags":[86476,86420],"class_list":["post-13850","post","type-post","status-publish","format-standard","has-post-thumbnail","hentry","category-e-commerce","category-marketing-und-kommunikationsmanagement","tag-connecta","tag-onlinehaendlerbefragung"],"acf":[],"yoast_head":"<!-- This site is optimized with the Yoast SEO plugin v27.5 - https:\/\/yoast.com\/product\/yoast-seo-wordpress\/ -->\n<title>Die Connecta erfindet sich digital neu \u2013 alle Formate auf einen Blick - IKM-Blog<\/title>\n<meta name=\"description\" content=\"Unmittelbar nach dem Ende der Connecta im vergangenen Jahr begannen die Vorarbeiten f\u00fcr das f\u00fcnfj\u00e4hrige Jubil\u00e4um im 2020. Die Hochschule Luzern ist seit Beginn weg Partnerin dieser einmaligen Digitalveranstaltung und mit Referenten dabei. Eines war klar, es sollte eine noch sch\u00f6nere Connecta werden. Denn jedes Jahr wollen die Organisatoren einen besonderen Tag im Herbst an einem einzigartigen Ort erschaffen: zum Wohlf\u00fchlen, Vernetzen, Diskutieren und Weiterbilden.\" \/>\n<meta name=\"robots\" content=\"index, follow, max-snippet:-1, max-image-preview:large, max-video-preview:-1\" \/>\n<link rel=\"canonical\" href=\"https:\/\/hub.hslu.ch\/ikm\/2020\/10\/22\/die-connecta-erfindet-sich-digital-neu-alle-formate-auf-einen-blick\/\" \/>\n<meta property=\"og:locale\" content=\"de_DE\" \/>\n<meta property=\"og:type\" content=\"article\" \/>\n<meta property=\"og:title\" content=\"Die Connecta erfindet sich digital neu \u2013 alle Formate auf einen Blick - IKM-Blog\" \/>\n<meta property=\"og:description\" content=\"Unmittelbar nach dem Ende der Connecta im vergangenen Jahr begannen die Vorarbeiten f\u00fcr das f\u00fcnfj\u00e4hrige Jubil\u00e4um im 2020. Die Hochschule Luzern ist seit Beginn weg Partnerin dieser einmaligen Digitalveranstaltung und mit Referenten dabei. Eines war klar, es sollte eine noch sch\u00f6nere Connecta werden. Denn jedes Jahr wollen die Organisatoren einen besonderen Tag im Herbst an einem einzigartigen Ort erschaffen: zum Wohlf\u00fchlen, Vernetzen, Diskutieren und Weiterbilden.\" \/>\n<meta property=\"og:url\" content=\"https:\/\/hub.hslu.ch\/ikm\/2020\/10\/22\/die-connecta-erfindet-sich-digital-neu-alle-formate-auf-einen-blick\/\" \/>\n<meta property=\"og:site_name\" content=\"IKM-Blog\" \/>\n<meta property=\"article:published_time\" content=\"2020-10-21T22:01:00+00:00\" \/>\n<meta property=\"article:modified_time\" content=\"2026-02-11T13:53:07+00:00\" \/>\n<meta property=\"og:image\" content=\"https:\/\/hub.hslu.ch\/ikm\/wp-content\/blogs.dir\/489\/files\/sites\/8\/Connecta-TV-Behind-the-Scene-01.jpg\" \/>\n\t<meta property=\"og:image:width\" content=\"1500\" \/>\n\t<meta property=\"og:image:height\" content=\"927\" \/>\n\t<meta property=\"og:image:type\" content=\"image\/jpeg\" \/>\n<meta name=\"twitter:card\" content=\"summary_large_image\" \/>\n<meta name=\"twitter:label1\" content=\"Geschrieben von\" \/>\n\t<meta name=\"twitter:data1\" content=\"\" \/>\n\t<meta name=\"twitter:label2\" content=\"Gesch\u00e4tzte Lesezeit\" \/>\n\t<meta name=\"twitter:data2\" content=\"3\u00a0Minuten\" \/>\n<script type=\"application\/ld+json\" class=\"yoast-schema-graph\">{\"@context\":\"https:\\\/\\\/schema.org\",\"@graph\":[{\"@type\":\"Article\",\"@id\":\"https:\\\/\\\/hub.hslu.ch\\\/ikm\\\/2020\\\/10\\\/22\\\/die-connecta-erfindet-sich-digital-neu-alle-formate-auf-einen-blick\\\/#article\",\"isPartOf\":{\"@id\":\"https:\\\/\\\/hub.hslu.ch\\\/ikm\\\/2020\\\/10\\\/22\\\/die-connecta-erfindet-sich-digital-neu-alle-formate-auf-einen-blick\\\/\"},\"author\":{\"name\":\"\",\"@id\":\"\"},\"headline\":\"Die Connecta erfindet sich digital neu \u2013 alle Formate auf einen Blick\",\"datePublished\":\"2020-10-21T22:01:00+00:00\",\"dateModified\":\"2026-02-11T13:53:07+00:00\",\"mainEntityOfPage\":{\"@id\":\"https:\\\/\\\/hub.hslu.ch\\\/ikm\\\/2020\\\/10\\\/22\\\/die-connecta-erfindet-sich-digital-neu-alle-formate-auf-einen-blick\\\/\"},\"wordCount\":487,\"commentCount\":0,\"image\":{\"@id\":\"https:\\\/\\\/hub.hslu.ch\\\/ikm\\\/2020\\\/10\\\/22\\\/die-connecta-erfindet-sich-digital-neu-alle-formate-auf-einen-blick\\\/#primaryimage\"},\"thumbnailUrl\":\"https:\\\/\\\/hub.hslu.ch\\\/ikm\\\/wp-content\\\/blogs.dir\\\/489\\\/files\\\/sites\\\/8\\\/Connecta-TV-Behind-the-Scene-01.jpg\",\"keywords\":[\"Connecta\",\"Onlineh\u00e4ndlerbefragung\"],\"articleSection\":[\"E-Commerce\",\"Marketing- und Kommunikationsmanagement\"],\"inLanguage\":\"de-CH\",\"potentialAction\":[{\"@type\":\"CommentAction\",\"name\":\"Comment\",\"target\":[\"https:\\\/\\\/hub.hslu.ch\\\/ikm\\\/2020\\\/10\\\/22\\\/die-connecta-erfindet-sich-digital-neu-alle-formate-auf-einen-blick\\\/#respond\"]}]},{\"@type\":\"WebPage\",\"@id\":\"https:\\\/\\\/hub.hslu.ch\\\/ikm\\\/2020\\\/10\\\/22\\\/die-connecta-erfindet-sich-digital-neu-alle-formate-auf-einen-blick\\\/\",\"url\":\"https:\\\/\\\/hub.hslu.ch\\\/ikm\\\/2020\\\/10\\\/22\\\/die-connecta-erfindet-sich-digital-neu-alle-formate-auf-einen-blick\\\/\",\"name\":\"Die Connecta erfindet sich digital neu \u2013 alle Formate auf einen Blick - IKM-Blog\",\"isPartOf\":{\"@id\":\"https:\\\/\\\/hub.hslu.ch\\\/ikm\\\/#website\"},\"primaryImageOfPage\":{\"@id\":\"https:\\\/\\\/hub.hslu.ch\\\/ikm\\\/2020\\\/10\\\/22\\\/die-connecta-erfindet-sich-digital-neu-alle-formate-auf-einen-blick\\\/#primaryimage\"},\"image\":{\"@id\":\"https:\\\/\\\/hub.hslu.ch\\\/ikm\\\/2020\\\/10\\\/22\\\/die-connecta-erfindet-sich-digital-neu-alle-formate-auf-einen-blick\\\/#primaryimage\"},\"thumbnailUrl\":\"https:\\\/\\\/hub.hslu.ch\\\/ikm\\\/wp-content\\\/blogs.dir\\\/489\\\/files\\\/sites\\\/8\\\/Connecta-TV-Behind-the-Scene-01.jpg\",\"datePublished\":\"2020-10-21T22:01:00+00:00\",\"dateModified\":\"2026-02-11T13:53:07+00:00\",\"author\":{\"@id\":\"\"},\"description\":\"Unmittelbar nach dem Ende der Connecta im vergangenen Jahr begannen die Vorarbeiten f\u00fcr das f\u00fcnfj\u00e4hrige Jubil\u00e4um im 2020. Die Hochschule Luzern ist seit Beginn weg Partnerin dieser einmaligen Digitalveranstaltung und mit Referenten dabei. Eines war klar, es sollte eine noch sch\u00f6nere Connecta werden. Denn jedes Jahr wollen die Organisatoren einen besonderen Tag im Herbst an einem einzigartigen Ort erschaffen: zum Wohlf\u00fchlen, Vernetzen, Diskutieren und Weiterbilden.\",\"breadcrumb\":{\"@id\":\"https:\\\/\\\/hub.hslu.ch\\\/ikm\\\/2020\\\/10\\\/22\\\/die-connecta-erfindet-sich-digital-neu-alle-formate-auf-einen-blick\\\/#breadcrumb\"},\"inLanguage\":\"de-CH\",\"potentialAction\":[{\"@type\":\"ReadAction\",\"target\":[\"https:\\\/\\\/hub.hslu.ch\\\/ikm\\\/2020\\\/10\\\/22\\\/die-connecta-erfindet-sich-digital-neu-alle-formate-auf-einen-blick\\\/\"]}]},{\"@type\":\"ImageObject\",\"inLanguage\":\"de-CH\",\"@id\":\"https:\\\/\\\/hub.hslu.ch\\\/ikm\\\/2020\\\/10\\\/22\\\/die-connecta-erfindet-sich-digital-neu-alle-formate-auf-einen-blick\\\/#primaryimage\",\"url\":\"https:\\\/\\\/hub.hslu.ch\\\/ikm\\\/wp-content\\\/blogs.dir\\\/489\\\/files\\\/sites\\\/8\\\/Connecta-TV-Behind-the-Scene-01.jpg\",\"contentUrl\":\"https:\\\/\\\/hub.hslu.ch\\\/ikm\\\/wp-content\\\/blogs.dir\\\/489\\\/files\\\/sites\\\/8\\\/Connecta-TV-Behind-the-Scene-01.jpg\",\"width\":1500,\"height\":927},{\"@type\":\"BreadcrumbList\",\"@id\":\"https:\\\/\\\/hub.hslu.ch\\\/ikm\\\/2020\\\/10\\\/22\\\/die-connecta-erfindet-sich-digital-neu-alle-formate-auf-einen-blick\\\/#breadcrumb\",\"itemListElement\":[{\"@type\":\"ListItem\",\"position\":1,\"name\":\"Home\",\"item\":\"https:\\\/\\\/hub.hslu.ch\\\/ikm\\\/\"},{\"@type\":\"ListItem\",\"position\":2,\"name\":\"Die Connecta erfindet sich digital neu \u2013 alle Formate auf einen Blick\"}]},{\"@type\":\"WebSite\",\"@id\":\"https:\\\/\\\/hub.hslu.ch\\\/ikm\\\/#website\",\"url\":\"https:\\\/\\\/hub.hslu.ch\\\/ikm\\\/\",\"name\":\"IKM-Blog\",\"description\":\"Kommunikation und Marketing an der Hochschule Luzern \u2013 Wirtschaft\",\"potentialAction\":[{\"@type\":\"SearchAction\",\"target\":{\"@type\":\"EntryPoint\",\"urlTemplate\":\"https:\\\/\\\/hub.hslu.ch\\\/ikm\\\/?s={search_term_string}\"},\"query-input\":{\"@type\":\"PropertyValueSpecification\",\"valueRequired\":true,\"valueName\":\"search_term_string\"}}],\"inLanguage\":\"de-CH\"},{\"@type\":\"Person\",\"@id\":\"\"}]}<\/script>\n<!-- \/ Yoast SEO plugin. -->","yoast_head_json":{"title":"Die Connecta erfindet sich digital neu \u2013 alle Formate auf einen Blick - IKM-Blog","description":"Unmittelbar nach dem Ende der Connecta im vergangenen Jahr begannen die Vorarbeiten f\u00fcr das f\u00fcnfj\u00e4hrige Jubil\u00e4um im 2020. Die Hochschule Luzern ist seit Beginn weg Partnerin dieser einmaligen Digitalveranstaltung und mit Referenten dabei. Eines war klar, es sollte eine noch sch\u00f6nere Connecta werden. Denn jedes Jahr wollen die Organisatoren einen besonderen Tag im Herbst an einem einzigartigen Ort erschaffen: zum Wohlf\u00fchlen, Vernetzen, Diskutieren und Weiterbilden.","robots":{"index":"index","follow":"follow","max-snippet":"max-snippet:-1","max-image-preview":"max-image-preview:large","max-video-preview":"max-video-preview:-1"},"canonical":"https:\/\/hub.hslu.ch\/ikm\/2020\/10\/22\/die-connecta-erfindet-sich-digital-neu-alle-formate-auf-einen-blick\/","og_locale":"de_DE","og_type":"article","og_title":"Die Connecta erfindet sich digital neu \u2013 alle Formate auf einen Blick - IKM-Blog","og_description":"Unmittelbar nach dem Ende der Connecta im vergangenen Jahr begannen die Vorarbeiten f\u00fcr das f\u00fcnfj\u00e4hrige Jubil\u00e4um im 2020. Die Hochschule Luzern ist seit Beginn weg Partnerin dieser einmaligen Digitalveranstaltung und mit Referenten dabei. Eines war klar, es sollte eine noch sch\u00f6nere Connecta werden. Denn jedes Jahr wollen die Organisatoren einen besonderen Tag im Herbst an einem einzigartigen Ort erschaffen: zum Wohlf\u00fchlen, Vernetzen, Diskutieren und Weiterbilden.","og_url":"https:\/\/hub.hslu.ch\/ikm\/2020\/10\/22\/die-connecta-erfindet-sich-digital-neu-alle-formate-auf-einen-blick\/","og_site_name":"IKM-Blog","article_published_time":"2020-10-21T22:01:00+00:00","article_modified_time":"2026-02-11T13:53:07+00:00","og_image":[{"width":1500,"height":927,"url":"https:\/\/hub.hslu.ch\/ikm\/wp-content\/blogs.dir\/489\/files\/sites\/8\/Connecta-TV-Behind-the-Scene-01.jpg","type":"image\/jpeg"}],"twitter_card":"summary_large_image","twitter_misc":{"Geschrieben von":"","Gesch\u00e4tzte Lesezeit":"3\u00a0Minuten"},"schema":{"@context":"https:\/\/schema.org","@graph":[{"@type":"Article","@id":"https:\/\/hub.hslu.ch\/ikm\/2020\/10\/22\/die-connecta-erfindet-sich-digital-neu-alle-formate-auf-einen-blick\/#article","isPartOf":{"@id":"https:\/\/hub.hslu.ch\/ikm\/2020\/10\/22\/die-connecta-erfindet-sich-digital-neu-alle-formate-auf-einen-blick\/"},"author":{"name":"","@id":""},"headline":"Die Connecta erfindet sich digital neu \u2013 alle Formate auf einen Blick","datePublished":"2020-10-21T22:01:00+00:00","dateModified":"2026-02-11T13:53:07+00:00","mainEntityOfPage":{"@id":"https:\/\/hub.hslu.ch\/ikm\/2020\/10\/22\/die-connecta-erfindet-sich-digital-neu-alle-formate-auf-einen-blick\/"},"wordCount":487,"commentCount":0,"image":{"@id":"https:\/\/hub.hslu.ch\/ikm\/2020\/10\/22\/die-connecta-erfindet-sich-digital-neu-alle-formate-auf-einen-blick\/#primaryimage"},"thumbnailUrl":"https:\/\/hub.hslu.ch\/ikm\/wp-content\/blogs.dir\/489\/files\/sites\/8\/Connecta-TV-Behind-the-Scene-01.jpg","keywords":["Connecta","Onlineh\u00e4ndlerbefragung"],"articleSection":["E-Commerce","Marketing- und Kommunikationsmanagement"],"inLanguage":"de-CH","potentialAction":[{"@type":"CommentAction","name":"Comment","target":["https:\/\/hub.hslu.ch\/ikm\/2020\/10\/22\/die-connecta-erfindet-sich-digital-neu-alle-formate-auf-einen-blick\/#respond"]}]},{"@type":"WebPage","@id":"https:\/\/hub.hslu.ch\/ikm\/2020\/10\/22\/die-connecta-erfindet-sich-digital-neu-alle-formate-auf-einen-blick\/","url":"https:\/\/hub.hslu.ch\/ikm\/2020\/10\/22\/die-connecta-erfindet-sich-digital-neu-alle-formate-auf-einen-blick\/","name":"Die Connecta erfindet sich digital neu \u2013 alle Formate auf einen Blick - IKM-Blog","isPartOf":{"@id":"https:\/\/hub.hslu.ch\/ikm\/#website"},"primaryImageOfPage":{"@id":"https:\/\/hub.hslu.ch\/ikm\/2020\/10\/22\/die-connecta-erfindet-sich-digital-neu-alle-formate-auf-einen-blick\/#primaryimage"},"image":{"@id":"https:\/\/hub.hslu.ch\/ikm\/2020\/10\/22\/die-connecta-erfindet-sich-digital-neu-alle-formate-auf-einen-blick\/#primaryimage"},"thumbnailUrl":"https:\/\/hub.hslu.ch\/ikm\/wp-content\/blogs.dir\/489\/files\/sites\/8\/Connecta-TV-Behind-the-Scene-01.jpg","datePublished":"2020-10-21T22:01:00+00:00","dateModified":"2026-02-11T13:53:07+00:00","author":{"@id":""},"description":"Unmittelbar nach dem Ende der Connecta im vergangenen Jahr begannen die Vorarbeiten f\u00fcr das f\u00fcnfj\u00e4hrige Jubil\u00e4um im 2020. Die Hochschule Luzern ist seit Beginn weg Partnerin dieser einmaligen Digitalveranstaltung und mit Referenten dabei. Eines war klar, es sollte eine noch sch\u00f6nere Connecta werden. Denn jedes Jahr wollen die Organisatoren einen besonderen Tag im Herbst an einem einzigartigen Ort erschaffen: zum Wohlf\u00fchlen, Vernetzen, Diskutieren und Weiterbilden.","breadcrumb":{"@id":"https:\/\/hub.hslu.ch\/ikm\/2020\/10\/22\/die-connecta-erfindet-sich-digital-neu-alle-formate-auf-einen-blick\/#breadcrumb"},"inLanguage":"de-CH","potentialAction":[{"@type":"ReadAction","target":["https:\/\/hub.hslu.ch\/ikm\/2020\/10\/22\/die-connecta-erfindet-sich-digital-neu-alle-formate-auf-einen-blick\/"]}]},{"@type":"ImageObject","inLanguage":"de-CH","@id":"https:\/\/hub.hslu.ch\/ikm\/2020\/10\/22\/die-connecta-erfindet-sich-digital-neu-alle-formate-auf-einen-blick\/#primaryimage","url":"https:\/\/hub.hslu.ch\/ikm\/wp-content\/blogs.dir\/489\/files\/sites\/8\/Connecta-TV-Behind-the-Scene-01.jpg","contentUrl":"https:\/\/hub.hslu.ch\/ikm\/wp-content\/blogs.dir\/489\/files\/sites\/8\/Connecta-TV-Behind-the-Scene-01.jpg","width":1500,"height":927},{"@type":"BreadcrumbList","@id":"https:\/\/hub.hslu.ch\/ikm\/2020\/10\/22\/die-connecta-erfindet-sich-digital-neu-alle-formate-auf-einen-blick\/#breadcrumb","itemListElement":[{"@type":"ListItem","position":1,"name":"Home","item":"https:\/\/hub.hslu.ch\/ikm\/"},{"@type":"ListItem","position":2,"name":"Die Connecta erfindet sich digital neu \u2013 alle Formate auf einen Blick"}]},{"@type":"WebSite","@id":"https:\/\/hub.hslu.ch\/ikm\/#website","url":"https:\/\/hub.hslu.ch\/ikm\/","name":"IKM-Blog","description":"Kommunikation und Marketing an der Hochschule Luzern \u2013 Wirtschaft","potentialAction":[{"@type":"SearchAction","target":{"@type":"EntryPoint","urlTemplate":"https:\/\/hub.hslu.ch\/ikm\/?s={search_term_string}"},"query-input":{"@type":"PropertyValueSpecification","valueRequired":true,"valueName":"search_term_string"}}],"inLanguage":"de-CH"},{"@type":"Person","@id":""}]}},"featured_image_src":"https:\/\/hub.hslu.ch\/ikm\/wp-content\/blogs.dir\/489\/files\/sites\/8\/Connecta-TV-Behind-the-Scene-01.jpg","featured_image_src_square":"https:\/\/hub.hslu.ch\/ikm\/wp-content\/blogs.dir\/489\/files\/sites\/8\/Connecta-TV-Behind-the-Scene-01.jpg","author_info":{"display_name":"","author_link":"https:\/\/hub.hslu.ch\/ikm\/author\/"},"_links":{"self":[{"href":"https:\/\/hub.hslu.ch\/ikm\/wp-json\/wp\/v2\/posts\/13850","targetHints":{"allow":["GET"]}}],"collection":[{"href":"https:\/\/hub.hslu.ch\/ikm\/wp-json\/wp\/v2\/posts"}],"about":[{"href":"https:\/\/hub.hslu.ch\/ikm\/wp-json\/wp\/v2\/types\/post"}],"author":[{"embeddable":true,"href":"https:\/\/hub.hslu.ch\/ikm\/wp-json\/wp\/v2\/users\/2694"}],"replies":[{"embeddable":true,"href":"https:\/\/hub.hslu.ch\/ikm\/wp-json\/wp\/v2\/comments?post=13850"}],"version-history":[{"count":16,"href":"https:\/\/hub.hslu.ch\/ikm\/wp-json\/wp\/v2\/posts\/13850\/revisions"}],"predecessor-version":[{"id":24513,"href":"https:\/\/hub.hslu.ch\/ikm\/wp-json\/wp\/v2\/posts\/13850\/revisions\/24513"}],"wp:featuredmedia":[{"embeddable":true,"href":"https:\/\/hub.hslu.ch\/ikm\/wp-json\/wp\/v2\/media\/13860"}],"wp:attachment":[{"href":"https:\/\/hub.hslu.ch\/ikm\/wp-json\/wp\/v2\/media?parent=13850"}],"wp:term":[{"taxonomy":"category","embeddable":true,"href":"https:\/\/hub.hslu.ch\/ikm\/wp-json\/wp\/v2\/categories?post=13850"},{"taxonomy":"post_tag","embeddable":true,"href":"https:\/\/hub.hslu.ch\/ikm\/wp-json\/wp\/v2\/tags?post=13850"}],"curies":[{"name":"wp","href":"https:\/\/api.w.org\/{rel}","templated":true}]}}