{"id":15491,"date":"2021-03-31T09:01:00","date_gmt":"2021-03-31T07:01:00","guid":{"rendered":"https:\/\/hub.hslu.ch\/ikm\/?p=15491"},"modified":"2026-02-09T16:15:39","modified_gmt":"2026-02-09T15:15:39","slug":"trends-in-der-kommunikation-wo-die-reise-hingeht","status":"publish","type":"post","link":"https:\/\/hub.hslu.ch\/ikm\/2021\/03\/31\/trends-in-der-kommunikation-wo-die-reise-hingeht\/","title":{"rendered":"Trends in der Kommunikation \u2013 wo die Reise hingeht"},"content":{"rendered":"\n<p>In diesem Blogbeitrag stelle ich die f\u00fcnf Trends vor. Dar\u00fcber hinaus vertiefe ich den Kommunikationstrend \u00abVoice Interaction\u00bb.<\/p>\n\n\n\n<p>Das Ziel des <a href=\"https:\/\/www.akademische-gesellschaft.com\/forschung\/themen-ergebnisse\/communications-trend-radar\/\">Communications Trend Radar 2021<\/a> ist es, Fachpersonen aus dem Kommunikationsmanagement zu helfen, Trends zu analysieren und die Auswirkungen auf die Kommunikation abzusch\u00e4tzen. Die Academic Society for Management &amp; Communication der Uni Leipzig und der Uni Duisburg-Essen f\u00fchrte die Studie 2020 durch.<\/p>\n\n\n\n<h2 class=\"wp-block-heading\">Denialism, Digital Nudging, Sustainable Communications, Voice Interaction &amp; Virtual Corporate Communications<\/h2>\n\n\n\n<p>Ein Kommunikationstrend ist <strong>\u00abDenialism\u00bb <\/strong>(engl. Wissenschaftsleugnen). Dabei handelt es sich um einen psychologischen Mechanismus, bei dem Menschen anerkannte Fakten und Wahrheiten leugnen. Das Ph\u00e4nomen ist zwar nicht neu, hat aber f\u00fcr Unternehmen seit den Entwicklungen der Covid-19-Pandemie an Bedeutung gewonnen.<\/p>\n\n\n\n<p>Einer von zwei identifizierten Technologie-Trends ist das <strong>\u00abDigital Nudging\u00bb.<\/strong> Beim Nudging geht es darum, Nutzende zu positiven Entscheidungen zu f\u00fchren, ohne sie zu manipulieren. Die Nudge-Methode kommt aus der Verhaltens\u00f6konomie und wird derzeit vor allem in Health-Kampagnen und im E-Commerce angewendet (mehr dazu im <a href=\"https:\/\/ikm-hslu.ch\/ikm-blog\/2019\/02\/08\/10-jahre-nudge-10-jahre-sanfte-stupser\/\">Blogbeitrag \u00ab10 Jahre Nudge\u00bb<\/a>).<\/p>\n\n\n\n<figure class=\"wp-block-image size-large\"><img loading=\"lazy\" decoding=\"async\" width=\"702\" height=\"265\" src=\"https:\/\/hub.hslu.ch\/ikm\/wp-content\/blogs.dir\/489\/files\/sites\/8\/Fuenf-Trends-2021-702x265.jpg\" alt=\"\" class=\"wp-image-15493\" srcset=\"https:\/\/hub.hslu.ch\/ikm\/wp-content\/blogs.dir\/489\/files\/sites\/8\/Fuenf-Trends-2021-702x265.jpg 702w, https:\/\/hub.hslu.ch\/ikm\/wp-content\/blogs.dir\/489\/files\/sites\/8\/Fuenf-Trends-2021-300x113.jpg 300w, https:\/\/hub.hslu.ch\/ikm\/wp-content\/blogs.dir\/489\/files\/sites\/8\/Fuenf-Trends-2021-768x289.jpg 768w, https:\/\/hub.hslu.ch\/ikm\/wp-content\/blogs.dir\/489\/files\/sites\/8\/Fuenf-Trends-2021-928x350.jpg 928w, https:\/\/hub.hslu.ch\/ikm\/wp-content\/blogs.dir\/489\/files\/sites\/8\/Fuenf-Trends-2021.jpg 1223w\" sizes=\"auto, (max-width: 702px) 100vw, 702px\" \/><\/figure>\n\n\n\n<p>Abbildung 1: F\u00fcnf Trends f\u00fcr 2021 (Quelle: <a href=\"https:\/\/www.akademische-gesellschaft.com\/fileadmin\/webcontent\/Forschungsthemen\/Communications_Trend_Radar\/AGUK_CommTrendRadar2021_presentation_final.pdf\">Communications Trend Radar 2021<\/a>)<\/p>\n\n\n\n<p>Nachhaltigkeit wurde bereits in der Vergangenheit zu einem Megatrend erkl\u00e4rt (zeigt z.B. <a href=\"https:\/\/www.zukunftsinstitut.de\/documents\/downloads\/MegatrendMapZukunftsinstitut_120918.pdf\">die Megatrend-Map des Zukunftsinstituts<\/a>). 2020 hat <strong>\u00abSustainable Communications\u00bb<\/strong> nochmal an Bedeutung gewonnen: Nachhaltigkeit ist zum strategischen Ziel f\u00fcr viele Unternehmen geworden. Der n\u00e4chste Schritt ist die nachhaltige Kommunikation (nicht die Kommunikation \u00fcber Nachhaltigkeit).<\/p>\n\n\n\n<p>Schon seit l\u00e4ngerem werden digitale Anwendungen wichtiger, die mit der Stimme gesteuert werden statt mit Text. Kein Wunder also, dass es die <strong>\u00abVoice Interaction\u00bb<\/strong> in die Top 5 der Kommunikationstrends geschafft hat. Zur Voice Interaction geh\u00f6ren nicht nur Smart Speaker, sondern auch Voice-Search, Smart-Home-Anwendungen und Integrationen in Smartphones und Laptops. Mit \u00abCloubhouse\u00bb ist zudem das erste Social Network auf der Bildfl\u00e4che erschienen, das rein Audio-basiert ist. Die Art und Weise wie Unternehmen und Marken mit ihren Bezugsgruppen interagieren, wird sich durch Voice-Anwendungen fundamental ver\u00e4ndern (vgl. \u00ab<a href=\"https:\/\/hub.hslu.ch\/ikm\/2021\/02\/16\/voice-assistants-in-kommunikation-und-marketing\/\" target=\"_blank\" rel=\"noreferrer noopener\">Voice-basierte Anwendungen haben grosses Potenzial<\/a>\u00bb). F\u00fcr interne Prozesse ist das Optimierungspotenzial durch Voice ebenfalls gross.<\/p>\n\n\n\n<p>Mit der Covid-19-Pandemie ist die <strong>\u00abVirtual Corporate Communications\u00bb<\/strong> ins Zentrum vieler Unternehmen ger\u00fcckt. Denn was mancherorts schon lange selbstverst\u00e4ndlich war, galt bis Anfang 2020 keineswegs f\u00fcr alle Arbeitnehmerinnen und Arbeitnehmer: Workflows, Management und Teamleitung ben\u00f6tigen jetzt und in Zukunft virtuelle (hybride) L\u00f6sungen.<\/p>\n\n\n\n<h2 class=\"wp-block-heading\">Was bedeutet \u00abVoice Interaction\u00bb f\u00fcr Unternehmen?<\/h2>\n\n\n\n<p>F\u00fcr Unternehmen er\u00f6ffnet sich mit Voice Interaction eine Vielfalt an m\u00f6glichen Use Cases. Das Communication Trend Radar 2021 zeigt, dass die Nutzerinnen und Nutzer immer h\u00e4ufiger Voice Interaction verwenden. Kommunikationsfachleute sollten sich vermehrt mit Audio-Content auseinandersetzen und verstehen lernen, welche Auswirkungen dieser auf ihr Unternehmen hat.<\/p>\n\n\n\n<figure class=\"wp-block-image size-large is-resized\"><img loading=\"lazy\" decoding=\"async\" width=\"702\" height=\"410\" src=\"https:\/\/hub.hslu.ch\/ikm\/wp-content\/blogs.dir\/489\/files\/sites\/8\/Voice-First-702x410.png\" alt=\"\" class=\"wp-image-15494\" style=\"width:580px;height:338px\" srcset=\"https:\/\/hub.hslu.ch\/ikm\/wp-content\/blogs.dir\/489\/files\/sites\/8\/Voice-First-702x410.png 702w, https:\/\/hub.hslu.ch\/ikm\/wp-content\/blogs.dir\/489\/files\/sites\/8\/Voice-First-300x175.png 300w, https:\/\/hub.hslu.ch\/ikm\/wp-content\/blogs.dir\/489\/files\/sites\/8\/Voice-First.png 756w\" sizes=\"auto, (max-width: 702px) 100vw, 702px\" \/><\/figure>\n\n\n\n<p>Abbildung 2: Quelle: Voice First Barometer 2020 der Universit\u00e4t Luzern und dem Farner Lab.<\/p>\n\n\n\n<p>Voice ist keineswegs nur ein neuer Kanal, \u00fcber den die Zielgruppen angesprochen werden k\u00f6nnen. Vielmehr reiht sich Voice Interaction in weitere wichtige Entwicklungen ein: Vor allem die Verarbeitung und Automation von Daten spielen eine wichtige Rolle sowie das \u00d6ko-System, auf das Unternehmen zur\u00fcckgreifen. Dar\u00fcber hinaus ist die Personalisierung von Produkten ein Themengebiet von Voice Interaction sowie \u2013 nicht zuletzt \u2013 Barrierefreiheit (vgl. Ziele 2024 des European Accessibility Act).<\/p>\n\n\n\n<h2 class=\"wp-block-heading\">3 x Herausforderung und Chance<\/h2>\n\n\n\n<p>Die Studie nennt drei Hauptfaktoren, weswegen Voice Interaction es unter die Top Trends 2021 geschafft hat:<\/p>\n\n\n\n<ol class=\"wp-block-list\">\n<li><strong>Die Nachfrage steigt, w\u00e4hrend die Sichtbarkeit abnimmt.<\/strong><br>Die h\u00e4ufigste Nutzung von Voice-Anwendungen entfiel auf Suchanfragen im Internet (Repr\u00e4sentativ f\u00fcr Deutschland 54%). Bei den meisten Voice-Anwendungen, zum Beispiel \u00fcber Siri oder Alexa, wird jedoch nur das Suchresultat vorgelesen, was zuoberst bei der jeweiligen Suchmaschine gelistet ist: Die Sichtbarkeit von Unternehmen nimmt ab. Zudem werden die Suchanfragen l\u00e4nger und beinhalten mehr F\u00fcllw\u00f6rter. Wollen Unternehmen gefunden werden, m\u00fcssen sie sich mit dem Thema <a href=\"https:\/\/ikm-hslu.ch\/ikm-blog\/2020\/12\/09\/was-ist-voice-search\/\">Voice Search<\/a> auseinandersetzen.<\/li>\n\n\n\n<li><strong>Neue Anforderungen bergen neue M\u00f6glichkeiten.<\/strong><br>Es wird notwendig, Websites mit Audio-Content zu erweitern und bestehende Services f\u00fcr Smart Speaker aufzuarbeiten. Mit gutem Beispiel geht hier die Schweizerische Post voran: <a href=\"https:\/\/digital-commerce.post.ch\/de\/pages\/blog\/2020\/nachgefragt-bei-philipp-leuthold\">Voice Commerce &#8211; Nachgefragt bei Philipp Leuthold<\/a>. Voice Interaction bietet die M\u00f6glichkeit, die Bezugsgruppen in ganz neuer Weise anzusprechen. Kommunikationsprofis k\u00f6nnten bestehende Produkte und Dienstleistungen um Voice erg\u00e4nzen. Aber es ergeben sich auch Chancen, neue Formate zu entwickeln und Voice Branding weiterzudenken.<\/li>\n\n\n\n<li><strong>Personalisierte Kommunikation wird durch Datenverarbeitung deutlich gesteigert.<\/strong><br>Die Ansprache wird durch Voice Interaction so pers\u00f6nlich wie nie. Um ein zufriedenstellendes Nutzererlebnis zu verwirklichen, m\u00fcssen die Informationen \u00fcber die Nutzenden mit der Voice-Anwendung verkn\u00fcpft sein. Unternehmen, die heute noch nicht begonnen haben, ihre Content- und Kunden-Datenbanken aufzur\u00e4umen und zu verkn\u00fcpfen, sollten sp\u00e4testens 2021 damit beginnen. An dieser Stelle ist es wichtig, sich \u00fcber die Auswirkungen der Datenverarbeitung klar zu werden (eine Empfehlung zu diesem Thema: \u00ab<a href=\"https:\/\/vui.agency\/bias-in-ai-in-2020\/\">Bias in AI in 2020<\/a>\u00bb).<\/li>\n<\/ol>\n\n\n\n<p>Content-Datenbanken werden viel komplexer in Zukunft. Der Content muss f\u00fcr die Website funktionieren, f\u00fcr die Sprachausgabe im Internet oder eben auch f\u00fcr eine individuelle Kundendienstanfrage via Voice-Anwendung. Dazu muss Kommunikation vernetzt gedacht und VUI nahtlos in die Customer Journey integriert werden k\u00f6nnen.<\/p>\n\n\n\n<h2 class=\"wp-block-heading\">Weiterf\u00fchrende Links und Literatur<\/h2>\n\n\n\n<p>Die vollst\u00e4ndige Studie sowie die Pr\u00e4sentation mit den Ergebnissen sind unter folgendem Link zu finden: <a href=\"https:\/\/www.akademische-gesellschaft.com\/forschung\/themen-ergebnisse\/communications-trend-radar\/\">akademische-gesellschaft.com<\/a><\/p>\n\n\n\n<p>Blogbeitrag von Antonia Steigerwald: <a href=\"https:\/\/ikm-hslu.ch\/ikm-blog\/2021\/02\/16\/voice-assistants-in-kommunikation-und-marketing\/\">Voice-basierte Anwendungen haben grosses Potenzial \u2013 vor allem in Kommunikation und Marketing<\/a><\/p>\n\n\n\n<p>Studie der Uni Luzern mit Farner: <a href=\"https:\/\/www.unilu.ch\/fakultaeten\/wf\/institute-zentren-forschungsstellen\/institute-of-marketing-and-analytics\/swiss-consumer-studies\/\" target=\"_blank\" rel=\"noreferrer noopener\">Top 7 Insights Voice First Barometer Schweiz 2020<\/a><\/p>\n\n\n\n<p>12 Megatrends des zukunftsinstituts: <a href=\"https:\/\/www.zukunftsinstitut.de\/dossier\/megatrends\/#12-megatrends\">https:\/\/www.zukunftsinstitut.de\/dossier\/megatrends\/#12-megatrends<\/a><\/p>\n\n\n\n<p>Blogbeitrag von Anna-Maria Meck: \u00ab<a href=\"https:\/\/vui.agency\/bias-in-ai-in-2020\/\">Bias in AI in 2020<\/a>\u00bb<\/p>\n\n\n\n<p>#Kommunikationsmanagement #Trends #Voice User Interfaces #voice #Voice Interaction<\/p>\n","protected":false},"excerpt":{"rendered":"<p>Megatrends beeinflussen Unternehmen und deren Kommunikation. Innert weniger Monate hat zudem die Covid-19-Pandemie die grossen Herausforderungen aufgezeigt. Das Communication Trends Radar hat zu diesem Zweck f\u00fcnf Trends f\u00fcr 2021 identifiziert.<\/p>\n","protected":false},"author":113,"featured_media":15512,"comment_status":"open","ping_status":"closed","sticky":false,"template":"","format":"standard","meta":{"_acf_changed":false,"inline_featured_image":false,"_relevanssi_hide_post":"","_relevanssi_hide_content":"","_relevanssi_pin_for_all":"","_relevanssi_pin_keywords":"","_relevanssi_unpin_keywords":"","_relevanssi_related_keywords":"","_relevanssi_related_include_ids":"","_relevanssi_related_exclude_ids":"","_relevanssi_related_no_append":"","_relevanssi_related_not_related":"","_relevanssi_related_posts":"16881,11083,21415,13257,10674,18594","_relevanssi_noindex_reason":"","footnotes":"","_links_to":"","_links_to_target":""},"categories":[66959,86544,86671],"tags":[86546,86545,86551],"class_list":["post-15491","post","type-post","status-publish","format-standard","has-post-thumbnail","hentry","category-communication-management","category-forschung","category-marketing-und-kommunikationsmanagement","tag-kommunikationstrends","tag-trends","tag-voice-assistants"],"acf":[],"yoast_head":"<!-- This site is optimized with the Yoast SEO plugin v27.5 - https:\/\/yoast.com\/product\/yoast-seo-wordpress\/ -->\n<title>Trends in der Kommunikation \u2013 wo die Reise hingeht - IKM-Blog<\/title>\n<meta name=\"description\" content=\"Megatrends beeinflussen Unternehmen und deren Kommunikation. Innert weniger Monate hat zudem die Covid-19-Pandemie die grossen Herausforderungen aufgezeigt. Das Communication Trends Radar hat zu diesem Zweck f\u00fcnf Trends f\u00fcr 2021 identifiziert.\" \/>\n<meta name=\"robots\" content=\"index, follow, max-snippet:-1, max-image-preview:large, max-video-preview:-1\" \/>\n<link rel=\"canonical\" href=\"https:\/\/hub.hslu.ch\/ikm\/2021\/03\/31\/trends-in-der-kommunikation-wo-die-reise-hingeht\/\" \/>\n<meta property=\"og:locale\" content=\"de_DE\" \/>\n<meta property=\"og:type\" content=\"article\" \/>\n<meta property=\"og:title\" content=\"Trends in der Kommunikation \u2013 wo die Reise hingeht - IKM-Blog\" \/>\n<meta property=\"og:description\" content=\"Megatrends beeinflussen Unternehmen und deren Kommunikation. Innert weniger Monate hat zudem die Covid-19-Pandemie die grossen Herausforderungen aufgezeigt. Das Communication Trends Radar hat zu diesem Zweck f\u00fcnf Trends f\u00fcr 2021 identifiziert.\" \/>\n<meta property=\"og:url\" content=\"https:\/\/hub.hslu.ch\/ikm\/2021\/03\/31\/trends-in-der-kommunikation-wo-die-reise-hingeht\/\" \/>\n<meta property=\"og:site_name\" content=\"IKM-Blog\" \/>\n<meta property=\"article:published_time\" content=\"2021-03-31T07:01:00+00:00\" \/>\n<meta property=\"article:modified_time\" content=\"2026-02-09T15:15:39+00:00\" \/>\n<meta property=\"og:image\" content=\"https:\/\/hub.hslu.ch\/ikm\/wp-content\/blogs.dir\/489\/files\/sites\/8\/beitragsbild-trends-in-der-kommunikation.jpeg\" \/>\n\t<meta property=\"og:image:width\" content=\"2048\" \/>\n\t<meta property=\"og:image:height\" content=\"2048\" \/>\n\t<meta property=\"og:image:type\" content=\"image\/jpeg\" \/>\n<meta name=\"twitter:card\" content=\"summary_large_image\" \/>\n<meta name=\"twitter:label1\" content=\"Geschrieben von\" \/>\n\t<meta name=\"twitter:data1\" content=\"\" \/>\n\t<meta name=\"twitter:label2\" content=\"Gesch\u00e4tzte Lesezeit\" \/>\n\t<meta name=\"twitter:data2\" content=\"6\u00a0Minuten\" \/>\n<script type=\"application\/ld+json\" class=\"yoast-schema-graph\">{\"@context\":\"https:\\\/\\\/schema.org\",\"@graph\":[{\"@type\":\"Article\",\"@id\":\"https:\\\/\\\/hub.hslu.ch\\\/ikm\\\/2021\\\/03\\\/31\\\/trends-in-der-kommunikation-wo-die-reise-hingeht\\\/#article\",\"isPartOf\":{\"@id\":\"https:\\\/\\\/hub.hslu.ch\\\/ikm\\\/2021\\\/03\\\/31\\\/trends-in-der-kommunikation-wo-die-reise-hingeht\\\/\"},\"author\":{\"name\":\"\",\"@id\":\"\"},\"headline\":\"Trends in der Kommunikation \u2013 wo die Reise hingeht\",\"datePublished\":\"2021-03-31T07:01:00+00:00\",\"dateModified\":\"2026-02-09T15:15:39+00:00\",\"mainEntityOfPage\":{\"@id\":\"https:\\\/\\\/hub.hslu.ch\\\/ikm\\\/2021\\\/03\\\/31\\\/trends-in-der-kommunikation-wo-die-reise-hingeht\\\/\"},\"wordCount\":901,\"commentCount\":0,\"image\":{\"@id\":\"https:\\\/\\\/hub.hslu.ch\\\/ikm\\\/2021\\\/03\\\/31\\\/trends-in-der-kommunikation-wo-die-reise-hingeht\\\/#primaryimage\"},\"thumbnailUrl\":\"https:\\\/\\\/hub.hslu.ch\\\/ikm\\\/wp-content\\\/blogs.dir\\\/489\\\/files\\\/sites\\\/8\\\/beitragsbild-trends-in-der-kommunikation.jpeg\",\"keywords\":[\"kommunikationstrends\",\"trends\",\"Voice Assistants\"],\"articleSection\":[\"Communication Management\",\"Forschung\",\"Marketing- und Kommunikationsmanagement\"],\"inLanguage\":\"de-CH\",\"potentialAction\":[{\"@type\":\"CommentAction\",\"name\":\"Comment\",\"target\":[\"https:\\\/\\\/hub.hslu.ch\\\/ikm\\\/2021\\\/03\\\/31\\\/trends-in-der-kommunikation-wo-die-reise-hingeht\\\/#respond\"]}]},{\"@type\":\"WebPage\",\"@id\":\"https:\\\/\\\/hub.hslu.ch\\\/ikm\\\/2021\\\/03\\\/31\\\/trends-in-der-kommunikation-wo-die-reise-hingeht\\\/\",\"url\":\"https:\\\/\\\/hub.hslu.ch\\\/ikm\\\/2021\\\/03\\\/31\\\/trends-in-der-kommunikation-wo-die-reise-hingeht\\\/\",\"name\":\"Trends in der Kommunikation \u2013 wo die Reise hingeht - IKM-Blog\",\"isPartOf\":{\"@id\":\"https:\\\/\\\/hub.hslu.ch\\\/ikm\\\/#website\"},\"primaryImageOfPage\":{\"@id\":\"https:\\\/\\\/hub.hslu.ch\\\/ikm\\\/2021\\\/03\\\/31\\\/trends-in-der-kommunikation-wo-die-reise-hingeht\\\/#primaryimage\"},\"image\":{\"@id\":\"https:\\\/\\\/hub.hslu.ch\\\/ikm\\\/2021\\\/03\\\/31\\\/trends-in-der-kommunikation-wo-die-reise-hingeht\\\/#primaryimage\"},\"thumbnailUrl\":\"https:\\\/\\\/hub.hslu.ch\\\/ikm\\\/wp-content\\\/blogs.dir\\\/489\\\/files\\\/sites\\\/8\\\/beitragsbild-trends-in-der-kommunikation.jpeg\",\"datePublished\":\"2021-03-31T07:01:00+00:00\",\"dateModified\":\"2026-02-09T15:15:39+00:00\",\"author\":{\"@id\":\"\"},\"description\":\"Megatrends beeinflussen Unternehmen und deren Kommunikation. Innert weniger Monate hat zudem die Covid-19-Pandemie die grossen Herausforderungen aufgezeigt. Das Communication Trends Radar hat zu diesem Zweck f\u00fcnf Trends f\u00fcr 2021 identifiziert.\",\"breadcrumb\":{\"@id\":\"https:\\\/\\\/hub.hslu.ch\\\/ikm\\\/2021\\\/03\\\/31\\\/trends-in-der-kommunikation-wo-die-reise-hingeht\\\/#breadcrumb\"},\"inLanguage\":\"de-CH\",\"potentialAction\":[{\"@type\":\"ReadAction\",\"target\":[\"https:\\\/\\\/hub.hslu.ch\\\/ikm\\\/2021\\\/03\\\/31\\\/trends-in-der-kommunikation-wo-die-reise-hingeht\\\/\"]}]},{\"@type\":\"ImageObject\",\"inLanguage\":\"de-CH\",\"@id\":\"https:\\\/\\\/hub.hslu.ch\\\/ikm\\\/2021\\\/03\\\/31\\\/trends-in-der-kommunikation-wo-die-reise-hingeht\\\/#primaryimage\",\"url\":\"https:\\\/\\\/hub.hslu.ch\\\/ikm\\\/wp-content\\\/blogs.dir\\\/489\\\/files\\\/sites\\\/8\\\/beitragsbild-trends-in-der-kommunikation.jpeg\",\"contentUrl\":\"https:\\\/\\\/hub.hslu.ch\\\/ikm\\\/wp-content\\\/blogs.dir\\\/489\\\/files\\\/sites\\\/8\\\/beitragsbild-trends-in-der-kommunikation.jpeg\",\"width\":2048,\"height\":2048},{\"@type\":\"BreadcrumbList\",\"@id\":\"https:\\\/\\\/hub.hslu.ch\\\/ikm\\\/2021\\\/03\\\/31\\\/trends-in-der-kommunikation-wo-die-reise-hingeht\\\/#breadcrumb\",\"itemListElement\":[{\"@type\":\"ListItem\",\"position\":1,\"name\":\"Home\",\"item\":\"https:\\\/\\\/hub.hslu.ch\\\/ikm\\\/\"},{\"@type\":\"ListItem\",\"position\":2,\"name\":\"Trends in der Kommunikation \u2013 wo die Reise hingeht\"}]},{\"@type\":\"WebSite\",\"@id\":\"https:\\\/\\\/hub.hslu.ch\\\/ikm\\\/#website\",\"url\":\"https:\\\/\\\/hub.hslu.ch\\\/ikm\\\/\",\"name\":\"IKM-Blog\",\"description\":\"Kommunikation und Marketing an der Hochschule Luzern \u2013 Wirtschaft\",\"potentialAction\":[{\"@type\":\"SearchAction\",\"target\":{\"@type\":\"EntryPoint\",\"urlTemplate\":\"https:\\\/\\\/hub.hslu.ch\\\/ikm\\\/?s={search_term_string}\"},\"query-input\":{\"@type\":\"PropertyValueSpecification\",\"valueRequired\":true,\"valueName\":\"search_term_string\"}}],\"inLanguage\":\"de-CH\"},{\"@type\":\"Person\",\"@id\":\"\"}]}<\/script>\n<!-- \/ Yoast SEO plugin. -->","yoast_head_json":{"title":"Trends in der Kommunikation \u2013 wo die Reise hingeht - IKM-Blog","description":"Megatrends beeinflussen Unternehmen und deren Kommunikation. Innert weniger Monate hat zudem die Covid-19-Pandemie die grossen Herausforderungen aufgezeigt. Das Communication Trends Radar hat zu diesem Zweck f\u00fcnf Trends f\u00fcr 2021 identifiziert.","robots":{"index":"index","follow":"follow","max-snippet":"max-snippet:-1","max-image-preview":"max-image-preview:large","max-video-preview":"max-video-preview:-1"},"canonical":"https:\/\/hub.hslu.ch\/ikm\/2021\/03\/31\/trends-in-der-kommunikation-wo-die-reise-hingeht\/","og_locale":"de_DE","og_type":"article","og_title":"Trends in der Kommunikation \u2013 wo die Reise hingeht - IKM-Blog","og_description":"Megatrends beeinflussen Unternehmen und deren Kommunikation. Innert weniger Monate hat zudem die Covid-19-Pandemie die grossen Herausforderungen aufgezeigt. Das Communication Trends Radar hat zu diesem Zweck f\u00fcnf Trends f\u00fcr 2021 identifiziert.","og_url":"https:\/\/hub.hslu.ch\/ikm\/2021\/03\/31\/trends-in-der-kommunikation-wo-die-reise-hingeht\/","og_site_name":"IKM-Blog","article_published_time":"2021-03-31T07:01:00+00:00","article_modified_time":"2026-02-09T15:15:39+00:00","og_image":[{"width":2048,"height":2048,"url":"https:\/\/hub.hslu.ch\/ikm\/wp-content\/blogs.dir\/489\/files\/sites\/8\/beitragsbild-trends-in-der-kommunikation.jpeg","type":"image\/jpeg"}],"twitter_card":"summary_large_image","twitter_misc":{"Geschrieben von":"","Gesch\u00e4tzte Lesezeit":"6\u00a0Minuten"},"schema":{"@context":"https:\/\/schema.org","@graph":[{"@type":"Article","@id":"https:\/\/hub.hslu.ch\/ikm\/2021\/03\/31\/trends-in-der-kommunikation-wo-die-reise-hingeht\/#article","isPartOf":{"@id":"https:\/\/hub.hslu.ch\/ikm\/2021\/03\/31\/trends-in-der-kommunikation-wo-die-reise-hingeht\/"},"author":{"name":"","@id":""},"headline":"Trends in der Kommunikation \u2013 wo die Reise hingeht","datePublished":"2021-03-31T07:01:00+00:00","dateModified":"2026-02-09T15:15:39+00:00","mainEntityOfPage":{"@id":"https:\/\/hub.hslu.ch\/ikm\/2021\/03\/31\/trends-in-der-kommunikation-wo-die-reise-hingeht\/"},"wordCount":901,"commentCount":0,"image":{"@id":"https:\/\/hub.hslu.ch\/ikm\/2021\/03\/31\/trends-in-der-kommunikation-wo-die-reise-hingeht\/#primaryimage"},"thumbnailUrl":"https:\/\/hub.hslu.ch\/ikm\/wp-content\/blogs.dir\/489\/files\/sites\/8\/beitragsbild-trends-in-der-kommunikation.jpeg","keywords":["kommunikationstrends","trends","Voice Assistants"],"articleSection":["Communication Management","Forschung","Marketing- und Kommunikationsmanagement"],"inLanguage":"de-CH","potentialAction":[{"@type":"CommentAction","name":"Comment","target":["https:\/\/hub.hslu.ch\/ikm\/2021\/03\/31\/trends-in-der-kommunikation-wo-die-reise-hingeht\/#respond"]}]},{"@type":"WebPage","@id":"https:\/\/hub.hslu.ch\/ikm\/2021\/03\/31\/trends-in-der-kommunikation-wo-die-reise-hingeht\/","url":"https:\/\/hub.hslu.ch\/ikm\/2021\/03\/31\/trends-in-der-kommunikation-wo-die-reise-hingeht\/","name":"Trends in der Kommunikation \u2013 wo die Reise hingeht - IKM-Blog","isPartOf":{"@id":"https:\/\/hub.hslu.ch\/ikm\/#website"},"primaryImageOfPage":{"@id":"https:\/\/hub.hslu.ch\/ikm\/2021\/03\/31\/trends-in-der-kommunikation-wo-die-reise-hingeht\/#primaryimage"},"image":{"@id":"https:\/\/hub.hslu.ch\/ikm\/2021\/03\/31\/trends-in-der-kommunikation-wo-die-reise-hingeht\/#primaryimage"},"thumbnailUrl":"https:\/\/hub.hslu.ch\/ikm\/wp-content\/blogs.dir\/489\/files\/sites\/8\/beitragsbild-trends-in-der-kommunikation.jpeg","datePublished":"2021-03-31T07:01:00+00:00","dateModified":"2026-02-09T15:15:39+00:00","author":{"@id":""},"description":"Megatrends beeinflussen Unternehmen und deren Kommunikation. Innert weniger Monate hat zudem die Covid-19-Pandemie die grossen Herausforderungen aufgezeigt. Das Communication Trends Radar hat zu diesem Zweck f\u00fcnf Trends f\u00fcr 2021 identifiziert.","breadcrumb":{"@id":"https:\/\/hub.hslu.ch\/ikm\/2021\/03\/31\/trends-in-der-kommunikation-wo-die-reise-hingeht\/#breadcrumb"},"inLanguage":"de-CH","potentialAction":[{"@type":"ReadAction","target":["https:\/\/hub.hslu.ch\/ikm\/2021\/03\/31\/trends-in-der-kommunikation-wo-die-reise-hingeht\/"]}]},{"@type":"ImageObject","inLanguage":"de-CH","@id":"https:\/\/hub.hslu.ch\/ikm\/2021\/03\/31\/trends-in-der-kommunikation-wo-die-reise-hingeht\/#primaryimage","url":"https:\/\/hub.hslu.ch\/ikm\/wp-content\/blogs.dir\/489\/files\/sites\/8\/beitragsbild-trends-in-der-kommunikation.jpeg","contentUrl":"https:\/\/hub.hslu.ch\/ikm\/wp-content\/blogs.dir\/489\/files\/sites\/8\/beitragsbild-trends-in-der-kommunikation.jpeg","width":2048,"height":2048},{"@type":"BreadcrumbList","@id":"https:\/\/hub.hslu.ch\/ikm\/2021\/03\/31\/trends-in-der-kommunikation-wo-die-reise-hingeht\/#breadcrumb","itemListElement":[{"@type":"ListItem","position":1,"name":"Home","item":"https:\/\/hub.hslu.ch\/ikm\/"},{"@type":"ListItem","position":2,"name":"Trends in der Kommunikation \u2013 wo die Reise hingeht"}]},{"@type":"WebSite","@id":"https:\/\/hub.hslu.ch\/ikm\/#website","url":"https:\/\/hub.hslu.ch\/ikm\/","name":"IKM-Blog","description":"Kommunikation und Marketing an der Hochschule Luzern \u2013 Wirtschaft","potentialAction":[{"@type":"SearchAction","target":{"@type":"EntryPoint","urlTemplate":"https:\/\/hub.hslu.ch\/ikm\/?s={search_term_string}"},"query-input":{"@type":"PropertyValueSpecification","valueRequired":true,"valueName":"search_term_string"}}],"inLanguage":"de-CH"},{"@type":"Person","@id":""}]}},"featured_image_src":"https:\/\/hub.hslu.ch\/ikm\/wp-content\/blogs.dir\/489\/files\/sites\/8\/beitragsbild-trends-in-der-kommunikation.jpeg","featured_image_src_square":"https:\/\/hub.hslu.ch\/ikm\/wp-content\/blogs.dir\/489\/files\/sites\/8\/beitragsbild-trends-in-der-kommunikation.jpeg","author_info":{"display_name":"","author_link":"https:\/\/hub.hslu.ch\/ikm\/author\/"},"_links":{"self":[{"href":"https:\/\/hub.hslu.ch\/ikm\/wp-json\/wp\/v2\/posts\/15491","targetHints":{"allow":["GET"]}}],"collection":[{"href":"https:\/\/hub.hslu.ch\/ikm\/wp-json\/wp\/v2\/posts"}],"about":[{"href":"https:\/\/hub.hslu.ch\/ikm\/wp-json\/wp\/v2\/types\/post"}],"author":[{"embeddable":true,"href":"https:\/\/hub.hslu.ch\/ikm\/wp-json\/wp\/v2\/users\/113"}],"replies":[{"embeddable":true,"href":"https:\/\/hub.hslu.ch\/ikm\/wp-json\/wp\/v2\/comments?post=15491"}],"version-history":[{"count":27,"href":"https:\/\/hub.hslu.ch\/ikm\/wp-json\/wp\/v2\/posts\/15491\/revisions"}],"predecessor-version":[{"id":24431,"href":"https:\/\/hub.hslu.ch\/ikm\/wp-json\/wp\/v2\/posts\/15491\/revisions\/24431"}],"wp:featuredmedia":[{"embeddable":true,"href":"https:\/\/hub.hslu.ch\/ikm\/wp-json\/wp\/v2\/media\/15512"}],"wp:attachment":[{"href":"https:\/\/hub.hslu.ch\/ikm\/wp-json\/wp\/v2\/media?parent=15491"}],"wp:term":[{"taxonomy":"category","embeddable":true,"href":"https:\/\/hub.hslu.ch\/ikm\/wp-json\/wp\/v2\/categories?post=15491"},{"taxonomy":"post_tag","embeddable":true,"href":"https:\/\/hub.hslu.ch\/ikm\/wp-json\/wp\/v2\/tags?post=15491"}],"curies":[{"name":"wp","href":"https:\/\/api.w.org\/{rel}","templated":true}]}}