{"id":17531,"date":"2022-01-12T12:06:02","date_gmt":"2022-01-12T11:06:02","guid":{"rendered":"https:\/\/hub.hslu.ch\/ikm\/?p=17531"},"modified":"2026-02-11T14:53:08","modified_gmt":"2026-02-11T13:53:08","slug":"cas-brand-management-feiert-jubilaum-interview-mit-dr-andre-briw","status":"publish","type":"post","link":"https:\/\/hub.hslu.ch\/ikm\/2022\/01\/12\/cas-brand-management-feiert-jubilaum-interview-mit-dr-andre-briw\/","title":{"rendered":"CAS Brand Management feiert Jubil\u00e4um \u2013 Interview mit Dr. Andr\u00e9 Briw"},"content":{"rendered":"\n\n\n<h2 class=\"wp-block-heading\">Wie f\u00fchlst du dich nach \u00fcber 30 Durchf\u00fchrungen? <\/h2>\n\n\n\n<p>Um einiges \u00e4lter, aber nicht wegen dem CAS Brand Management. Aber vor allem f\u00fchle ich mich erf\u00fcllter, kompetenter, reifer und noch markenaffiner, wegen dem CAS Brand Management. <br>Die zahlreichen Kontakte mit den Teilnehmenden \u2013 insgesamt \u00fcber 800 seit 2005 \u2013 und mit den sehr treuen und kompetenten Dozierenden waren und sind sehr spannend und bereichernd.<\/p>\n\n\n\n<div style=\"background-color:#f2f2f2;color:#32373c\" class=\"wp-block-genesis-blocks-gb-profile-box square gb-has-avatar gb-font-size-18 gb-block-profile gb-profile-columns\"><div class=\"gb-profile-column gb-profile-avatar-wrap\"><div class=\"gb-profile-image-wrap\"><figure class=\"gb-profile-image-square\"><img loading=\"lazy\" decoding=\"async\" width=\"593\" height=\"784\" class=\"gb-profile-avatar wp-image-17558\" src=\"https:\/\/hub.hslu.ch\/ikm\/wp-content\/blogs.dir\/489\/files\/sites\/8\/Andre-Briw-2.jpg\" alt=\"\" srcset=\"https:\/\/hub.hslu.ch\/ikm\/wp-content\/blogs.dir\/489\/files\/sites\/8\/Andre-Briw-2.jpg 593w, https:\/\/hub.hslu.ch\/ikm\/wp-content\/blogs.dir\/489\/files\/sites\/8\/Andre-Briw-2-227x300.jpg 227w, https:\/\/hub.hslu.ch\/ikm\/wp-content\/blogs.dir\/489\/files\/sites\/8\/Andre-Briw-2-528x698.jpg 528w\" sizes=\"auto, (max-width: 593px) 100vw, 593px\" \/><\/figure><\/div><\/div><div class=\"gb-profile-column gb-profile-content-wrap\"><h2 class=\"gb-profile-name\" style=\"color:#32373c\">Andr\u00e9 Briw<\/h2><p class=\"gb-profile-title\" style=\"color:#32373c\">Er leitet den CAS Brand Management und den MAS Brand and Marketing Management des Instituts f\u00fcr Kommunikation und Marketing IKM. <br \/><br \/>Andr\u00e9 Briw wohnt mit seiner Familie plus M\u00e9doc, ein Entlebucher Sennenhund, in der Stadt Luzern.<br \/>Neben dem Unterrichten an der Hochschule Luzern widmet er sich gerne seiner Faszination &#171;Oldtimer&#187;, f\u00fchrt nebst dem Auto auch oft den Hund aus oder geht Wandern. <br \/>Ein weiteres Jubil\u00e4um, welches er dieses Jahr feiern kann, ist sein eigenes \u2013 er wird 60 Jahre alt.<\/p><div class=\"gb-profile-text\"><\/div><ul class=\"gb-social-links\"><\/ul><\/div><\/div>\n\n\n\n<h2 class=\"wp-block-heading\">Welche Momente sind dir ganz besonders in Erinnerung geblieben? <\/h2>\n\n\n\n<p>Ganz viele ausserordentliche, positive Momente und Ereignisse. Hier nur eine ganz kleine spontane Auswahl: Prof. Dr. Alexander Deichsel, der Begr\u00fcnder der Markensoziologie als wissenschaftlicher Grundlage der Markentechnik, hielt im 2018 im CAS Nr. 23 ein Gast-Referat. Die Markensoziologie ist ein zentraler Pfeiler des CAS, der diesen auch von anderen Weiterbildungsangeboten im Bereich der Markenf\u00fchrung klar differenziert. In seinem an Spannung kaum zu \u00fcberbietenden, hoch interessanten Referat erkl\u00e4rte uns der emeritierte Professor \u2013 damals 83-j\u00e4hrig! \u2013 wie im \u00abEnergie-System Marke\u00bb mit der Zeit die Markenkraft entsteht, wie sich zwischen der Marke und den Menschen bzw. der Kundschaft auf der Grundlage des Vertrauens eine soziale Bindung entwickelt und daraus im Idealfall eine Marken-Gemeinschaft w\u00e4chst. Die Darstellung des Marken-Systems auf der Wandtafel war grandios, wie ein Kunstwerk. Die Teilnehmenden waren begeistert. Dieses wissenschaftlich fundierte und in der Praxis sehr bew\u00e4hrte Wissen \u00fcber die Entstehung und die Steuerung bzw. F\u00fchrung der Marke wurde im CAS lange Jahre von Dr. Thomas Otte und seit 10 Jahren von Prof. Dr. Oliver Errichiello und Prof. Dr. Arnd Zschiesche auf ebenso \u00fcberzeugende und begeisternde Art vermittelt. Alle drei waren Sch\u00fcler von Prof. Dr. Alexander Deichsel und haben bei ihm an der Universit\u00e4t Hamburg promoviert.<\/p>\n\n\n\n<figure class=\"wp-block-image size-large\"><img loading=\"lazy\" decoding=\"async\" width=\"702\" height=\"468\" src=\"https:\/\/hub.hslu.ch\/ikm\/wp-content\/blogs.dir\/489\/files\/sites\/8\/CAS-BM_HSLU_Prof.-Dr.-Alexander-Deichsel-2-702x468.jpg\" alt=\"\" class=\"wp-image-17533\" srcset=\"https:\/\/hub.hslu.ch\/ikm\/wp-content\/blogs.dir\/489\/files\/sites\/8\/CAS-BM_HSLU_Prof.-Dr.-Alexander-Deichsel-2-702x468.jpg 702w, https:\/\/hub.hslu.ch\/ikm\/wp-content\/blogs.dir\/489\/files\/sites\/8\/CAS-BM_HSLU_Prof.-Dr.-Alexander-Deichsel-2-300x200.jpg 300w, https:\/\/hub.hslu.ch\/ikm\/wp-content\/blogs.dir\/489\/files\/sites\/8\/CAS-BM_HSLU_Prof.-Dr.-Alexander-Deichsel-2-768x512.jpg 768w, https:\/\/hub.hslu.ch\/ikm\/wp-content\/blogs.dir\/489\/files\/sites\/8\/CAS-BM_HSLU_Prof.-Dr.-Alexander-Deichsel-2-1536x1024.jpg 1536w, https:\/\/hub.hslu.ch\/ikm\/wp-content\/blogs.dir\/489\/files\/sites\/8\/CAS-BM_HSLU_Prof.-Dr.-Alexander-Deichsel-2-600x400.jpg 600w, https:\/\/hub.hslu.ch\/ikm\/wp-content\/blogs.dir\/489\/files\/sites\/8\/CAS-BM_HSLU_Prof.-Dr.-Alexander-Deichsel-2-928x619.jpg 928w, https:\/\/hub.hslu.ch\/ikm\/wp-content\/blogs.dir\/489\/files\/sites\/8\/CAS-BM_HSLU_Prof.-Dr.-Alexander-Deichsel-2.jpg 2048w\" sizes=\"auto, (max-width: 702px) 100vw, 702px\" \/><figcaption class=\"wp-element-caption\"> v.l.n.r.  Prof. Dr. Oliver Errichiello, Prof. Dr. Arnd Zschiesche, Prof. Dr. Alexander Deichsel und Dr. Andr\u00e9 Briw <\/figcaption><\/figure>\n\n\n\n<p>Oder dann die tolle Geschichte einer langj\u00e4hrigen Dozentin, die im Bahnhof auf dem Weg zum CAS-Kurs nach Luzern in den falschen Zug eingestiegen ist und dies erst bemerkte, als er bereits losgefahren war. Sie sprang auf zog die Notbremse! Das kam bei den anderen Passagieren und dem Zugbegleiter nicht gut an. Sie entschuldigte sich in aller Form und erkl\u00e4rte, sie m\u00fcsse unbedingt p\u00fcnktlich an der Hochschule Luzern sein f\u00fcr ihren Unterricht. Was man f\u00fcr den CAS Brand Management so alles macht! Gl\u00fccklicherweise erhielt sie f\u00fcr diesen k\u00fchnen Akt der Pflichterf\u00fcllung keine Busse von der SBB \u2013 eine positive Markenerfahrung.<\/p>\n\n\n\n<p>Ein weiteres Highlight gab es im soeben abgeschlossenen CAS Nr. 30. Als Einzelarbeit entwickelte und pr\u00e4sentierte eine Teilnehmerin ein Markenkonzept f\u00fcr die \u00abFreiwillige Feuerwehr der Stadt Zug (FFZ)\u00bb. Also \u00abBrand Management\u00bb in reinster Form! ?<\/p>\n\n\n\n<p>Ferner sind die halbst\u00fcndigen Pr\u00e4sentationen der Gruppenarbeiten am vorletzten Kurs-Wochenende immer ein absolutes Highlight. Die Teilnehmenden beschreiben und\/oder entwickeln f\u00fcr ausgew\u00e4hlte Marken aus allen m\u00f6glichen Bereichen ein Markenkonzept, beurteilen die F\u00fchrung dieser Marken und erarbeiten Optimierungs-Massnahmen. Die Arbeiten sind nicht nur inhaltlich sehr beeindruckend, auch die Live-Inszenierung der Markenwelten anl\u00e4sslich der Pr\u00e4sentation ist jeweils grandios.<\/p>\n\n\n\n<p>Abends bei einem Bier k\u00f6nnte ich aber noch zahlreiche weitere tolle Geschichten aus den 30 CAS-Kursen erz\u00e4hlen.<\/p>\n\n\n\n<h2 class=\"wp-block-heading\">Wie ist der CAS entstanden, wie hat alles begonnen?<\/h2>\n\n\n\n<p>Urspr\u00fcnglich hat Michael Boenigk erkannt, dass das Bed\u00fcrfnis nach einer spezifischen Weiterbildung im sehr relevanten Bereich der Markenf\u00fchrung gross ist. Er hat den ersten Kurs inhaltlich konzipiert und Spezialistinnen aus der Wissenschaft und Praxis als Dozierende ins Boot geholt. Ich selber leite den CAS seit der 2. Durchf\u00fchrung im 2006. Da der Kurs aufgrund der positiven Resonanz und der Weiterempfehlungen der Teilnehmenden immer rasch ausgebucht war und die Wartelisten l\u00e4nger wurden, haben wir ihn im 2009 erstmals zwei Mal pro Jahr durchgef\u00fchrt. Im Verlaufe der Jahre habe ich zusammen mit den Dozierenden \u2013 die meisten sind seit der ersten oder zweiten Durchf\u00fchrung dabei \u2013 und aufgrund von Teilnehmenden-Feedbacks die Inhalte laufend weiter entwickelt und neue Themen aufgenommen.<\/p>\n\n\n\n<h2 class=\"wp-block-heading\">Wie hat sich die Thematik &#171;Brand Management&#187; in den letzten Jahren ver\u00e4ndert? Haben sich auch die Teilnehmenden ver\u00e4ndert?<\/h2>\n\n\n\n<p>Die wichtigsten Ver\u00e4nderungen im Brand Management haben \u2013 wie k\u00f6nnte es anders sein \u2013 auch in diesem Gebiet mit der Digitalisierung zu tun. Diese beeinflusst nat\u00fcrlich das Verhalten der Konsument*innen bzw. Kundinnen\/Kunden und der Unternehmen oder anderen Institutionen in Bezug auf die Markenwahrnehmung, die Markenbindung, die Markenf\u00fchrung etc. Arnd Zschiesche bringt die Auswirkungen der Digitalisierung im MARKENRADAR, dem Meinungsforum f\u00fcr alle, die sich mit Marken und Markenf\u00fchrung besch\u00e4ftigen, wie folgt auf den Punkt (<a href=\"https:\/\/www.markenradar.com\/digitale-markenfuehrung\/\" target=\"_blank\" rel=\"noreferrer noopener\">https:\/\/www.markenradar.com\/digitale-markenfuehrung\/<\/a> ):<\/p>\n\n\n\n<p>\u00abDie Auswirkungen sind vielf\u00e4ltig, aber insgesamt \u00fcberwiegen meines Erachtens die Chancen die Risiken eindeutig. Entscheidend f\u00fcr das Verst\u00e4ndnis aus markenstrategischer Sicht ist, dass die Digitalisierung prim\u00e4r eine analoge Herausforderung darstellt. Denn es geht in erster Linie \u201enur\u201c darum \u2013 bewusst verk\u00fcrzt dargestellt \u2013 dass ich als Unternehmen meine ureigenen Leistungen und Kompetenzen, mein Erfolgsprinzip aus der analogen Welt in m\u00f6glichst typischer Art und Weise in mein digitales Angebot transferiere. Die Digitalisierung macht technisch vieles m\u00f6glich, auch vieles Neues, aber sie erfindet weder den Menschen neu noch seine Bed\u00fcrfnisse. Wenn ich einen Baumarkt meines Vertrauens habe, dann wird er dieses geworden sein, weil ich sein Angebot, seine Beratung, seine Lage, jedenfalls einige bestimmte und sehr konkrete Dinge an diesem Baumarkt sch\u00e4tze.\u00bb<\/p>\n\n\n\n<p>D.h., die wichtigsten Grundgesetze bzw. Prinzipien der Markenf\u00fchrung sind trotz Digitalisierung dieselben geblieben. Davon bin ich selber auch voll \u00fcberzeugt. Hier ein paar Stichworte bzw. Aussagen dazu, die im Kurs vermittelt und diskutiert werden:<\/p>\n\n\n\n<ul class=\"wp-block-list\">\n<li>Ausschlaggebend f\u00fcr die Anziehungskraft, die St\u00e4rke einer Marke, war, ist und bleibt immer das Vertrauen (Marke = Vertrauen, Markenf\u00fchrung = Vertrauens-Management).<\/li>\n\n\n\n<li>Eine Marke braucht bei der F\u00fchrung Kontinuit\u00e4t und Konstanz bzw. eine selbst\u00e4hnliche ganzheitliche Entwicklung\/Evolution (= sich selbst treu bleiben).<\/li>\n\n\n\n<li>Die Schaffung, Pflege und Kommunikation von Besonderheiten\/Einmaligkeit ist von zentraler Bedeutung; jede Marke hat einen eigenen, unverwechselbaren Genetischen Code mit konkreten Leistungsmerkmalen bzw. Erfolgsbausteinen (keine Marke ohne konkrete Leistung).<\/li>\n\n\n\n<li>Die treue Stammkundschaft ist neben der konkreten Leistung einer der wichtigsten Energietr\u00e4ger und Multiplikatoren der Marke.<\/li>\n\n\n\n<li>Erfolgreicher, nachhaltiger Markenaufbau braucht Zeit.<\/li>\n<\/ul>\n\n\n\n<p>Weiter ins Detail gehe ich hier nicht; wer mehr dazu erfahren und lernen will, wie Marken systematisch entwickelt und langfristig erfolgreich gef\u00fchrt werden, muss halt den CAS Brand Management absolvieren. ? Noch kurz zur Frage, ob sich auch die Teilnehmenden in den vergangenen Jahren ver\u00e4ndert haben: auch hier kann ich von einer Evolution sprechen, aber nicht von radikalen Ver\u00e4nderungen. Die j\u00fcngeren Generationen haben als Digital Natives nat\u00fcrlich mehr Erfahrungen und gr\u00f6ssere Basis-Kompetenzen im digitalen Bereich, was f\u00fcr die Gestaltung digitaler Markenkontaktpunkte sicher hilfreich ist. Dann kann ich auch feststellen, dass die Erwartungshaltung der Teilnehmenden in Bezug auf die Qualit\u00e4t der Lerninhalte, der Unterrichts-Methoden sowie die Kurs-Organisation und die pers\u00f6nliche Betreuung von mir als Kursleiter und von meiner Kollegin als Programmorganisatorin gestiegen ist. Bei der Beurteilung des Kurses erhalten Fabienne Wyss (und ihre Vorg\u00e4ngerin Pia Bethge) und ich aber jeweils gute Noten, was uns ausserordentlich freut und motiviert.<\/p>\n\n\n\n<blockquote class=\"wp-block-quote is-layout-flow wp-block-quote-is-layout-flow\">\n<p>&#171;[&#8230;], die wichtigsten Grundgesetze bzw. Prinzipien der Markenf\u00fchrung sind trotz Digitalisierung dieselben geblieben. Davon bin ich selber auch voll \u00fcberzeugt.&#187;<\/p>\n<\/blockquote>\n\n\n\n<h2 class=\"wp-block-heading\">Welche zuk\u00fcnftigen Entwicklungen und Themen zeichnen sich im Bereich der Markenf\u00fchrung ab?<\/h2>\n\n\n\n<p>Diverse Dozierende des CAS besch\u00e4ftigen sich intensiv mit dieser Frage. Themen wie Co-Creation, Aktivismus, KI, Robotik etc. werden auch die Markenwelt ver\u00e4ndern. Bei vielen Themen ist zwar noch nicht wirklich absehbar, wie sie sich entwickeln werden, aber es ist sinnvoll, sich dar\u00fcber heute schon Gedanken zu machen. V.a. Prof. Dr. Carsten Baumgarth (HWR Berlin) sowie Colin Fernando und Dr. Judith Meyer (beide:<a href=\"https:\/\/www.brand-trust.de\/de\/ueber-uns\/\" target=\"_blank\" rel=\"noreferrer noopener\">https:\/\/www.brand-trust.de\/de\/ueber-uns<\/a>) f\u00fchren auch wissenschaftliche Studien und Experimente zu solchen Zukunftsthemen durch.<\/p>\n\n\n\n<blockquote class=\"wp-block-quote is-layout-flow wp-block-quote-is-layout-flow\">\n<p>&#171;Themen wie Co-Creation, Aktivismus, KI, Robotik etc. werden auch die Markenwelt ver\u00e4ndern.&#187;<\/p>\n<\/blockquote>\n\n\n\n<h2 class=\"wp-block-heading\">Was sind f\u00fcr dich die Highlights dieser CAS Weiterbildung?<\/h2>\n\n\n\n<p>Besondere Highlights sind, wenn mir Teilnehmende mit Begeisterung erz\u00e4hlen, wie sie Kurs-Inhalte im Unternehmen erfolgreich umgesetzt haben. Oder auch, wie sie es mit guten Argumenten geschafft haben, Vorgesetzte oder Arbeitskolleg*innen von der Relevanz der Marke und der Markenf\u00fchrung zu \u00fcberzeugen. Und dann gibt es immer wieder Teilnehmende, die neben ihrem Haupt-Job ein Start-up aufbauen und bereits von Anfang an ein Marken-Fundament entwickeln (Soll-Markenidentit\u00e4t und -positionierung bzw. Soll-Erfolgsbausteine, Alleinstellungsmerkmale, Markenwerte, markengeleiteter Marketing-Mix etc.). Ferner gibt es immer wieder Inhaber*innen und Mitarbeitende von Werbe-Agenturen, die aufgrund des Kurses spezifische Beratungsangebote im Bereich der Markenentwicklung und -f\u00fchrung f\u00fcr ihre Kunden eingef\u00fchrt haben und damit gutes Geld verdienen. Somit bieten sie ihren Kunden nicht nur Kreativ-Leistungen an (neue Kampagne, Logo, Slogan, CD etc.), sondern erarbeiten zuerst gemeinsam mit den Kunden ein solides Marken-Fundament.<\/p>\n\n\n\n<p>Erm\u00f6glicht wird dies, weil die Teilnehmenden in f\u00fcnf recht intensiven Monaten sich einen breit gef\u00e4cherten \u201cWerkzeugkasten\u201d mit zahlreichen Techniken, Methoden, Tools zum Thema Markenf\u00fchrung zusammen stellen k\u00f6nnen. Mit diesem R\u00fcstzeug sind sie umfassend f\u00fcr alle beruflichen Herausforderungen ausgestattet \u2013 in Praxis und Theorie.<\/p>\n\n\n\n<p>Ganz besonders freut mich die Initiative dreier ehemaliger CAS-Absolventen, die im 2015 die \u00abTafelrunde der Marke\u00bb (<a href=\"https:\/\/tafelrunde-der-marke.ch\/\" target=\"_blank\" rel=\"noreferrer noopener\">https:\/\/tafelrunde-der-marke.ch\/<\/a> ) gegr\u00fcndet haben. Ihre Mission: \u00abDie&nbsp;Tafelrunde der Marke vereint Menschen, welche Besonderheit und Einzigartigkeit leben. Ihre Gemeinsamkeit besteht in der Faszination f\u00fcr Marken und Markenf\u00fchrung. In einem genussvollem Rahmen lassen sich die Teilnehmer der Tafelrunde der Marke aus markensoziologischer Perspektive inspirieren und setzen neu gewonnene Erkenntnisse in ihren Alltag um.\u00bb Die Tafelrunde f\u00fchrt j\u00e4hrlich zwei Veranstaltungen zu aktuellen Kernthemen zu \u00abMarke und Markenf\u00fchrung\u00bb mit Impuls-Referaten von Fachspezialist*innen und Diskussionen. \u00abDie Veranstaltung ist ein Genuss f\u00fcr Geist und Gaumen\u00bb, das kann ich best\u00e4tigen.<\/p>\n\n\n\n<h2 class=\"wp-block-heading\">Zum Schluss das Wunschkonzert: <br>Was w\u00fcnschst du dir von den Teilnehmenden und Dozierenden f\u00fcr das CAS Brand Management?<\/h2>\n\n\n\n<p>Weihnachten ist zwar schon vorbei, aber ich habe doch noch ein paar W\u00fcnsche an die Adresse der Teilnehmenden und Dozierenden: Interesse, Begeisterung, ja sogar Feuer f\u00fcr das Thema Brand und Brand Management; Offenheit f\u00fcr Neues und f\u00fcr verschiedene Denkweisen und Theorien der Markenf\u00fchrung; Willen, das Gelernte im Unternehmen oder in einem Start-up dann auch konsequent anzuwenden; sich f\u00fcr das Thema im beruflichen Umfeld stark machen und sich f\u00fcr die Marke und Markenf\u00fchrung einsetzen, d.h. andere mit dem \u00abMarken-Virus\u00bb anstecken.<\/p>\n\n\n\n<figure class=\"wp-block-image size-large is-resized\"><a href=\"https:\/\/www.hslu.ch\/de-ch\/wirtschaft\/weiterbildung\/cas\/ikm\/brand-management\" target=\"_blank\" rel=\"noopener\"><img loading=\"lazy\" decoding=\"async\" width=\"702\" height=\"395\" src=\"https:\/\/hub.hslu.ch\/ikm\/wp-content\/blogs.dir\/489\/files\/sites\/8\/007_211130_w_ikm_ban_cas_bm_1200x675-ohne-702x395.jpg\" alt=\"\" class=\"wp-image-17556\" style=\"width:527px;height:297px\" srcset=\"https:\/\/hub.hslu.ch\/ikm\/wp-content\/blogs.dir\/489\/files\/sites\/8\/007_211130_w_ikm_ban_cas_bm_1200x675-ohne-702x395.jpg 702w, https:\/\/hub.hslu.ch\/ikm\/wp-content\/blogs.dir\/489\/files\/sites\/8\/007_211130_w_ikm_ban_cas_bm_1200x675-ohne-300x169.jpg 300w, https:\/\/hub.hslu.ch\/ikm\/wp-content\/blogs.dir\/489\/files\/sites\/8\/007_211130_w_ikm_ban_cas_bm_1200x675-ohne-768x432.jpg 768w, https:\/\/hub.hslu.ch\/ikm\/wp-content\/blogs.dir\/489\/files\/sites\/8\/007_211130_w_ikm_ban_cas_bm_1200x675-ohne-928x522.jpg 928w, https:\/\/hub.hslu.ch\/ikm\/wp-content\/blogs.dir\/489\/files\/sites\/8\/007_211130_w_ikm_ban_cas_bm_1200x675-ohne.jpg 1200w\" sizes=\"auto, (max-width: 702px) 100vw, 702px\" \/><\/a><\/figure>\n","protected":false},"excerpt":{"rendered":"<p>Es ist eine ganz besondere Erfolgsgeschichte. Ende 2021 fand die 30. Durchf\u00fchrung des CAS Brand Management an der Hochschule Luzern statt. Praktisch von Anfang an mit dabei ist Andr\u00e9 Briw, Leiter des CAS. Wir haben ihn zu den Anf\u00e4ngen des CAS, speziellen Ereignissen und zur Entwicklung des Thema Brand Management befragt.<\/p>\n","protected":false},"author":129,"featured_media":17670,"comment_status":"open","ping_status":"open","sticky":false,"template":"","format":"standard","meta":{"_acf_changed":false,"inline_featured_image":false,"_relevanssi_hide_post":"","_relevanssi_hide_content":"","_relevanssi_pin_for_all":"","_relevanssi_pin_keywords":"","_relevanssi_unpin_keywords":"","_relevanssi_related_keywords":"","_relevanssi_related_include_ids":"","_relevanssi_related_exclude_ids":"","_relevanssi_related_no_append":"","_relevanssi_related_not_related":"","_relevanssi_related_posts":"11401,12716,11869,21044,16881,12752","_relevanssi_noindex_reason":"","footnotes":"","_links_to":"","_links_to_target":""},"categories":[66955,86671,4668],"tags":[86564,134],"class_list":["post-17531","post","type-post","status-publish","format-standard","has-post-thumbnail","hentry","category-brand-and-design-management","category-marketing-und-kommunikationsmanagement","category-weiterbildung","tag-cas-brand-management","tag-weiterbildung"],"acf":[],"yoast_head":"<!-- This site is optimized with the Yoast SEO plugin v27.4 - https:\/\/yoast.com\/product\/yoast-seo-wordpress\/ -->\n<title>CAS Brand Management hat Jubil\u00e4um: Interview mit Dr. Andr\u00e9 Briw<\/title>\n<meta name=\"description\" content=\"Es ist eine ganz besondere Erfolgsgeschichte. Ende 2021 fand die 30. Durchf\u00fchrung des CAS Brand Management an der Hochschule Luzern statt.\" \/>\n<meta name=\"robots\" content=\"index, follow, max-snippet:-1, max-image-preview:large, max-video-preview:-1\" \/>\n<link rel=\"canonical\" href=\"https:\/\/hub.hslu.ch\/ikm\/2022\/01\/12\/cas-brand-management-feiert-jubilaum-interview-mit-dr-andre-briw\/\" \/>\n<meta property=\"og:locale\" content=\"de_DE\" \/>\n<meta property=\"og:type\" content=\"article\" \/>\n<meta property=\"og:title\" content=\"CAS Brand Management hat Jubil\u00e4um: Interview mit Dr. Andr\u00e9 Briw\" \/>\n<meta property=\"og:description\" content=\"Es ist eine ganz besondere Erfolgsgeschichte. Ende 2021 fand die 30. Durchf\u00fchrung des CAS Brand Management an der Hochschule Luzern statt.\" \/>\n<meta property=\"og:url\" content=\"https:\/\/hub.hslu.ch\/ikm\/2022\/01\/12\/cas-brand-management-feiert-jubilaum-interview-mit-dr-andre-briw\/\" \/>\n<meta property=\"og:site_name\" content=\"IKM-Blog\" \/>\n<meta property=\"article:published_time\" content=\"2022-01-12T11:06:02+00:00\" \/>\n<meta property=\"article:modified_time\" content=\"2026-02-11T13:53:08+00:00\" \/>\n<meta property=\"og:image\" content=\"https:\/\/hub.hslu.ch\/ikm\/wp-content\/blogs.dir\/489\/files\/sites\/8\/Fotocollage-CAS-BM-30_2022.jpg\" \/>\n\t<meta property=\"og:image:width\" content=\"2000\" \/>\n\t<meta property=\"og:image:height\" content=\"1600\" \/>\n\t<meta property=\"og:image:type\" content=\"image\/jpeg\" \/>\n<meta name=\"author\" content=\"Fabienne Geiser-Wyss\" \/>\n<meta name=\"twitter:card\" content=\"summary_large_image\" \/>\n<meta name=\"twitter:label1\" content=\"Geschrieben von\" \/>\n\t<meta name=\"twitter:data1\" content=\"Fabienne Geiser-Wyss\" \/>\n\t<meta name=\"twitter:label2\" content=\"Gesch\u00e4tzte Lesezeit\" \/>\n\t<meta name=\"twitter:data2\" content=\"11\u00a0Minuten\" \/>\n<script type=\"application\/ld+json\" class=\"yoast-schema-graph\">{\"@context\":\"https:\\\/\\\/schema.org\",\"@graph\":[{\"@type\":\"Article\",\"@id\":\"https:\\\/\\\/hub.hslu.ch\\\/ikm\\\/2022\\\/01\\\/12\\\/cas-brand-management-feiert-jubilaum-interview-mit-dr-andre-briw\\\/#article\",\"isPartOf\":{\"@id\":\"https:\\\/\\\/hub.hslu.ch\\\/ikm\\\/2022\\\/01\\\/12\\\/cas-brand-management-feiert-jubilaum-interview-mit-dr-andre-briw\\\/\"},\"author\":{\"name\":\"Fabienne Geiser-Wyss\",\"@id\":\"https:\\\/\\\/hub.hslu.ch\\\/ikm\\\/#\\\/schema\\\/person\\\/00cf015a1f50ba97639964036d18d96b\"},\"headline\":\"CAS Brand Management feiert Jubil\u00e4um \u2013 Interview mit Dr. Andr\u00e9 Briw\",\"datePublished\":\"2022-01-12T11:06:02+00:00\",\"dateModified\":\"2026-02-11T13:53:08+00:00\",\"mainEntityOfPage\":{\"@id\":\"https:\\\/\\\/hub.hslu.ch\\\/ikm\\\/2022\\\/01\\\/12\\\/cas-brand-management-feiert-jubilaum-interview-mit-dr-andre-briw\\\/\"},\"wordCount\":1802,\"commentCount\":2,\"image\":{\"@id\":\"https:\\\/\\\/hub.hslu.ch\\\/ikm\\\/2022\\\/01\\\/12\\\/cas-brand-management-feiert-jubilaum-interview-mit-dr-andre-briw\\\/#primaryimage\"},\"thumbnailUrl\":\"https:\\\/\\\/hub.hslu.ch\\\/ikm\\\/wp-content\\\/blogs.dir\\\/489\\\/files\\\/sites\\\/8\\\/Fotocollage-CAS-BM-30_2022.jpg\",\"keywords\":[\"CAS Brand Management\",\"Weiterbildung\"],\"articleSection\":[\"Brand and Design Management\",\"Marketing- und Kommunikationsmanagement\",\"Weiterbildung\"],\"inLanguage\":\"de-CH\",\"potentialAction\":[{\"@type\":\"CommentAction\",\"name\":\"Comment\",\"target\":[\"https:\\\/\\\/hub.hslu.ch\\\/ikm\\\/2022\\\/01\\\/12\\\/cas-brand-management-feiert-jubilaum-interview-mit-dr-andre-briw\\\/#respond\"]}]},{\"@type\":\"WebPage\",\"@id\":\"https:\\\/\\\/hub.hslu.ch\\\/ikm\\\/2022\\\/01\\\/12\\\/cas-brand-management-feiert-jubilaum-interview-mit-dr-andre-briw\\\/\",\"url\":\"https:\\\/\\\/hub.hslu.ch\\\/ikm\\\/2022\\\/01\\\/12\\\/cas-brand-management-feiert-jubilaum-interview-mit-dr-andre-briw\\\/\",\"name\":\"CAS Brand Management hat Jubil\u00e4um: Interview mit Dr. Andr\u00e9 Briw\",\"isPartOf\":{\"@id\":\"https:\\\/\\\/hub.hslu.ch\\\/ikm\\\/#website\"},\"primaryImageOfPage\":{\"@id\":\"https:\\\/\\\/hub.hslu.ch\\\/ikm\\\/2022\\\/01\\\/12\\\/cas-brand-management-feiert-jubilaum-interview-mit-dr-andre-briw\\\/#primaryimage\"},\"image\":{\"@id\":\"https:\\\/\\\/hub.hslu.ch\\\/ikm\\\/2022\\\/01\\\/12\\\/cas-brand-management-feiert-jubilaum-interview-mit-dr-andre-briw\\\/#primaryimage\"},\"thumbnailUrl\":\"https:\\\/\\\/hub.hslu.ch\\\/ikm\\\/wp-content\\\/blogs.dir\\\/489\\\/files\\\/sites\\\/8\\\/Fotocollage-CAS-BM-30_2022.jpg\",\"datePublished\":\"2022-01-12T11:06:02+00:00\",\"dateModified\":\"2026-02-11T13:53:08+00:00\",\"author\":{\"@id\":\"https:\\\/\\\/hub.hslu.ch\\\/ikm\\\/#\\\/schema\\\/person\\\/00cf015a1f50ba97639964036d18d96b\"},\"description\":\"Es ist eine ganz besondere Erfolgsgeschichte. Ende 2021 fand die 30. Durchf\u00fchrung des CAS Brand Management an der Hochschule Luzern statt.\",\"breadcrumb\":{\"@id\":\"https:\\\/\\\/hub.hslu.ch\\\/ikm\\\/2022\\\/01\\\/12\\\/cas-brand-management-feiert-jubilaum-interview-mit-dr-andre-briw\\\/#breadcrumb\"},\"inLanguage\":\"de-CH\",\"potentialAction\":[{\"@type\":\"ReadAction\",\"target\":[\"https:\\\/\\\/hub.hslu.ch\\\/ikm\\\/2022\\\/01\\\/12\\\/cas-brand-management-feiert-jubilaum-interview-mit-dr-andre-briw\\\/\"]}]},{\"@type\":\"ImageObject\",\"inLanguage\":\"de-CH\",\"@id\":\"https:\\\/\\\/hub.hslu.ch\\\/ikm\\\/2022\\\/01\\\/12\\\/cas-brand-management-feiert-jubilaum-interview-mit-dr-andre-briw\\\/#primaryimage\",\"url\":\"https:\\\/\\\/hub.hslu.ch\\\/ikm\\\/wp-content\\\/blogs.dir\\\/489\\\/files\\\/sites\\\/8\\\/Fotocollage-CAS-BM-30_2022.jpg\",\"contentUrl\":\"https:\\\/\\\/hub.hslu.ch\\\/ikm\\\/wp-content\\\/blogs.dir\\\/489\\\/files\\\/sites\\\/8\\\/Fotocollage-CAS-BM-30_2022.jpg\",\"width\":2000,\"height\":1600,\"caption\":\"Aktuelle Dozierende des CAS Brand Management (v.l.n.r.): Dr. phil. Arnd Zschiesche, Dr. Andr\u00e9 Briw, Dr. phil. Oliver Errichiello, Ueli Gr\u00fcter, Dr. Judith Meyer, Dr. phil. Markus Renner, Dirk Heinzl, Colin Fernando, lic. oec. Peter Masciadri, Dr. rer. pol. Christine Wichert, Joachim Kernstock, Prof. Dr. Carsten Baumgarth, Dr. rer. pol Florian Siems\"},{\"@type\":\"BreadcrumbList\",\"@id\":\"https:\\\/\\\/hub.hslu.ch\\\/ikm\\\/2022\\\/01\\\/12\\\/cas-brand-management-feiert-jubilaum-interview-mit-dr-andre-briw\\\/#breadcrumb\",\"itemListElement\":[{\"@type\":\"ListItem\",\"position\":1,\"name\":\"Home\",\"item\":\"https:\\\/\\\/hub.hslu.ch\\\/ikm\\\/\"},{\"@type\":\"ListItem\",\"position\":2,\"name\":\"CAS Brand Management feiert Jubil\u00e4um \u2013 Interview mit Dr. Andr\u00e9 Briw\"}]},{\"@type\":\"WebSite\",\"@id\":\"https:\\\/\\\/hub.hslu.ch\\\/ikm\\\/#website\",\"url\":\"https:\\\/\\\/hub.hslu.ch\\\/ikm\\\/\",\"name\":\"IKM-Blog\",\"description\":\"Kommunikation und Marketing an der Hochschule Luzern \u2013 Wirtschaft\",\"potentialAction\":[{\"@type\":\"SearchAction\",\"target\":{\"@type\":\"EntryPoint\",\"urlTemplate\":\"https:\\\/\\\/hub.hslu.ch\\\/ikm\\\/?s={search_term_string}\"},\"query-input\":{\"@type\":\"PropertyValueSpecification\",\"valueRequired\":true,\"valueName\":\"search_term_string\"}}],\"inLanguage\":\"de-CH\"},{\"@type\":\"Person\",\"@id\":\"https:\\\/\\\/hub.hslu.ch\\\/ikm\\\/#\\\/schema\\\/person\\\/00cf015a1f50ba97639964036d18d96b\",\"name\":\"Fabienne Geiser-Wyss\"}]}<\/script>\n<!-- \/ Yoast SEO plugin. -->","yoast_head_json":{"title":"CAS Brand Management hat Jubil\u00e4um: Interview mit Dr. Andr\u00e9 Briw","description":"Es ist eine ganz besondere Erfolgsgeschichte. Ende 2021 fand die 30. Durchf\u00fchrung des CAS Brand Management an der Hochschule Luzern statt.","robots":{"index":"index","follow":"follow","max-snippet":"max-snippet:-1","max-image-preview":"max-image-preview:large","max-video-preview":"max-video-preview:-1"},"canonical":"https:\/\/hub.hslu.ch\/ikm\/2022\/01\/12\/cas-brand-management-feiert-jubilaum-interview-mit-dr-andre-briw\/","og_locale":"de_DE","og_type":"article","og_title":"CAS Brand Management hat Jubil\u00e4um: Interview mit Dr. Andr\u00e9 Briw","og_description":"Es ist eine ganz besondere Erfolgsgeschichte. Ende 2021 fand die 30. Durchf\u00fchrung des CAS Brand Management an der Hochschule Luzern statt.","og_url":"https:\/\/hub.hslu.ch\/ikm\/2022\/01\/12\/cas-brand-management-feiert-jubilaum-interview-mit-dr-andre-briw\/","og_site_name":"IKM-Blog","article_published_time":"2022-01-12T11:06:02+00:00","article_modified_time":"2026-02-11T13:53:08+00:00","og_image":[{"width":2000,"height":1600,"url":"https:\/\/hub.hslu.ch\/ikm\/wp-content\/blogs.dir\/489\/files\/sites\/8\/Fotocollage-CAS-BM-30_2022.jpg","type":"image\/jpeg"}],"author":"Fabienne Geiser-Wyss","twitter_card":"summary_large_image","twitter_misc":{"Geschrieben von":"Fabienne Geiser-Wyss","Gesch\u00e4tzte Lesezeit":"11\u00a0Minuten"},"schema":{"@context":"https:\/\/schema.org","@graph":[{"@type":"Article","@id":"https:\/\/hub.hslu.ch\/ikm\/2022\/01\/12\/cas-brand-management-feiert-jubilaum-interview-mit-dr-andre-briw\/#article","isPartOf":{"@id":"https:\/\/hub.hslu.ch\/ikm\/2022\/01\/12\/cas-brand-management-feiert-jubilaum-interview-mit-dr-andre-briw\/"},"author":{"name":"Fabienne Geiser-Wyss","@id":"https:\/\/hub.hslu.ch\/ikm\/#\/schema\/person\/00cf015a1f50ba97639964036d18d96b"},"headline":"CAS Brand Management feiert Jubil\u00e4um \u2013 Interview mit Dr. Andr\u00e9 Briw","datePublished":"2022-01-12T11:06:02+00:00","dateModified":"2026-02-11T13:53:08+00:00","mainEntityOfPage":{"@id":"https:\/\/hub.hslu.ch\/ikm\/2022\/01\/12\/cas-brand-management-feiert-jubilaum-interview-mit-dr-andre-briw\/"},"wordCount":1802,"commentCount":2,"image":{"@id":"https:\/\/hub.hslu.ch\/ikm\/2022\/01\/12\/cas-brand-management-feiert-jubilaum-interview-mit-dr-andre-briw\/#primaryimage"},"thumbnailUrl":"https:\/\/hub.hslu.ch\/ikm\/wp-content\/blogs.dir\/489\/files\/sites\/8\/Fotocollage-CAS-BM-30_2022.jpg","keywords":["CAS Brand Management","Weiterbildung"],"articleSection":["Brand and Design Management","Marketing- und Kommunikationsmanagement","Weiterbildung"],"inLanguage":"de-CH","potentialAction":[{"@type":"CommentAction","name":"Comment","target":["https:\/\/hub.hslu.ch\/ikm\/2022\/01\/12\/cas-brand-management-feiert-jubilaum-interview-mit-dr-andre-briw\/#respond"]}]},{"@type":"WebPage","@id":"https:\/\/hub.hslu.ch\/ikm\/2022\/01\/12\/cas-brand-management-feiert-jubilaum-interview-mit-dr-andre-briw\/","url":"https:\/\/hub.hslu.ch\/ikm\/2022\/01\/12\/cas-brand-management-feiert-jubilaum-interview-mit-dr-andre-briw\/","name":"CAS Brand Management hat Jubil\u00e4um: Interview mit Dr. Andr\u00e9 Briw","isPartOf":{"@id":"https:\/\/hub.hslu.ch\/ikm\/#website"},"primaryImageOfPage":{"@id":"https:\/\/hub.hslu.ch\/ikm\/2022\/01\/12\/cas-brand-management-feiert-jubilaum-interview-mit-dr-andre-briw\/#primaryimage"},"image":{"@id":"https:\/\/hub.hslu.ch\/ikm\/2022\/01\/12\/cas-brand-management-feiert-jubilaum-interview-mit-dr-andre-briw\/#primaryimage"},"thumbnailUrl":"https:\/\/hub.hslu.ch\/ikm\/wp-content\/blogs.dir\/489\/files\/sites\/8\/Fotocollage-CAS-BM-30_2022.jpg","datePublished":"2022-01-12T11:06:02+00:00","dateModified":"2026-02-11T13:53:08+00:00","author":{"@id":"https:\/\/hub.hslu.ch\/ikm\/#\/schema\/person\/00cf015a1f50ba97639964036d18d96b"},"description":"Es ist eine ganz besondere Erfolgsgeschichte. Ende 2021 fand die 30. Durchf\u00fchrung des CAS Brand Management an der Hochschule Luzern statt.","breadcrumb":{"@id":"https:\/\/hub.hslu.ch\/ikm\/2022\/01\/12\/cas-brand-management-feiert-jubilaum-interview-mit-dr-andre-briw\/#breadcrumb"},"inLanguage":"de-CH","potentialAction":[{"@type":"ReadAction","target":["https:\/\/hub.hslu.ch\/ikm\/2022\/01\/12\/cas-brand-management-feiert-jubilaum-interview-mit-dr-andre-briw\/"]}]},{"@type":"ImageObject","inLanguage":"de-CH","@id":"https:\/\/hub.hslu.ch\/ikm\/2022\/01\/12\/cas-brand-management-feiert-jubilaum-interview-mit-dr-andre-briw\/#primaryimage","url":"https:\/\/hub.hslu.ch\/ikm\/wp-content\/blogs.dir\/489\/files\/sites\/8\/Fotocollage-CAS-BM-30_2022.jpg","contentUrl":"https:\/\/hub.hslu.ch\/ikm\/wp-content\/blogs.dir\/489\/files\/sites\/8\/Fotocollage-CAS-BM-30_2022.jpg","width":2000,"height":1600,"caption":"Aktuelle Dozierende des CAS Brand Management (v.l.n.r.): Dr. phil. Arnd Zschiesche, Dr. Andr\u00e9 Briw, Dr. phil. Oliver Errichiello, Ueli Gr\u00fcter, Dr. Judith Meyer, Dr. phil. Markus Renner, Dirk Heinzl, Colin Fernando, lic. oec. Peter Masciadri, Dr. rer. pol. Christine Wichert, Joachim Kernstock, Prof. Dr. Carsten Baumgarth, Dr. rer. pol Florian Siems"},{"@type":"BreadcrumbList","@id":"https:\/\/hub.hslu.ch\/ikm\/2022\/01\/12\/cas-brand-management-feiert-jubilaum-interview-mit-dr-andre-briw\/#breadcrumb","itemListElement":[{"@type":"ListItem","position":1,"name":"Home","item":"https:\/\/hub.hslu.ch\/ikm\/"},{"@type":"ListItem","position":2,"name":"CAS Brand Management feiert Jubil\u00e4um \u2013 Interview mit Dr. Andr\u00e9 Briw"}]},{"@type":"WebSite","@id":"https:\/\/hub.hslu.ch\/ikm\/#website","url":"https:\/\/hub.hslu.ch\/ikm\/","name":"IKM-Blog","description":"Kommunikation und Marketing an der Hochschule Luzern \u2013 Wirtschaft","potentialAction":[{"@type":"SearchAction","target":{"@type":"EntryPoint","urlTemplate":"https:\/\/hub.hslu.ch\/ikm\/?s={search_term_string}"},"query-input":{"@type":"PropertyValueSpecification","valueRequired":true,"valueName":"search_term_string"}}],"inLanguage":"de-CH"},{"@type":"Person","@id":"https:\/\/hub.hslu.ch\/ikm\/#\/schema\/person\/00cf015a1f50ba97639964036d18d96b","name":"Fabienne Geiser-Wyss"}]}},"featured_image_src":"https:\/\/hub.hslu.ch\/ikm\/wp-content\/blogs.dir\/489\/files\/sites\/8\/Fotocollage-CAS-BM-30_2022.jpg","featured_image_src_square":"https:\/\/hub.hslu.ch\/ikm\/wp-content\/blogs.dir\/489\/files\/sites\/8\/Fotocollage-CAS-BM-30_2022.jpg","author_info":{"display_name":"Fabienne Geiser-Wyss","author_link":"https:\/\/hub.hslu.ch\/ikm\/author\/fabiennewyss\/"},"_links":{"self":[{"href":"https:\/\/hub.hslu.ch\/ikm\/wp-json\/wp\/v2\/posts\/17531","targetHints":{"allow":["GET"]}}],"collection":[{"href":"https:\/\/hub.hslu.ch\/ikm\/wp-json\/wp\/v2\/posts"}],"about":[{"href":"https:\/\/hub.hslu.ch\/ikm\/wp-json\/wp\/v2\/types\/post"}],"author":[{"embeddable":true,"href":"https:\/\/hub.hslu.ch\/ikm\/wp-json\/wp\/v2\/users\/129"}],"replies":[{"embeddable":true,"href":"https:\/\/hub.hslu.ch\/ikm\/wp-json\/wp\/v2\/comments?post=17531"}],"version-history":[{"count":54,"href":"https:\/\/hub.hslu.ch\/ikm\/wp-json\/wp\/v2\/posts\/17531\/revisions"}],"predecessor-version":[{"id":24534,"href":"https:\/\/hub.hslu.ch\/ikm\/wp-json\/wp\/v2\/posts\/17531\/revisions\/24534"}],"wp:featuredmedia":[{"embeddable":true,"href":"https:\/\/hub.hslu.ch\/ikm\/wp-json\/wp\/v2\/media\/17670"}],"wp:attachment":[{"href":"https:\/\/hub.hslu.ch\/ikm\/wp-json\/wp\/v2\/media?parent=17531"}],"wp:term":[{"taxonomy":"category","embeddable":true,"href":"https:\/\/hub.hslu.ch\/ikm\/wp-json\/wp\/v2\/categories?post=17531"},{"taxonomy":"post_tag","embeddable":true,"href":"https:\/\/hub.hslu.ch\/ikm\/wp-json\/wp\/v2\/tags?post=17531"}],"curies":[{"name":"wp","href":"https:\/\/api.w.org\/{rel}","templated":true}]}}