{"id":18914,"date":"2022-10-07T10:19:57","date_gmt":"2022-10-07T08:19:57","guid":{"rendered":"https:\/\/hub.hslu.ch\/ikm\/?p=18914"},"modified":"2026-02-09T14:43:55","modified_gmt":"2026-02-09T13:43:55","slug":"ikm-alumni-im-interview-beverly-hersche","status":"publish","type":"post","link":"https:\/\/hub.hslu.ch\/ikm\/2022\/10\/07\/ikm-alumni-im-interview-beverly-hersche\/","title":{"rendered":"IKM Alumni im Interview \u2013 Beverly Hersche"},"content":{"rendered":"\n<h2 class=\"wp-block-heading\">Wer bist du?<\/h2>\n\n\n\n<p>Mein Name ist Beverly, ich bin 26 Jahre alt und komme aus dem sch\u00f6nen Kanton Aargau ? Meine Freizeit (aka. Kopf l\u00fcften) geniesse ich wenn m\u00f6glich draussen in der Natur und auch mal drinnen im Fitnessstudio.<\/p>\n\n\n\n<h2 class=\"wp-block-heading\">Weshalb hast du dich dazu entschieden, eine Weiterbildung zu besuchen?<\/h2>\n\n\n\n<p>Ich habe mich f\u00fcr eine Weiterbildung entschieden um nach dem eher generischen Studium, vertiefter in eine gewisse Materie zu sehen. Praxisbezug war mir da sehr wichtig.<\/p>\n\n\n\n<h2 class=\"wp-block-heading\">Weshalb hast du dich f\u00fcr das IKM entschieden?<\/h2>\n\n\n\n<p>Das Angebot des IKM hat mich angesprochen und sicher wurde ich auch beeinflusst durch das bereits abgeschlossene Bachelorstudium am IKM.<\/p>\n\n\n\n<h2 class=\"wp-block-heading\">Wo arbeitest du heute?<\/h2>\n\n\n\n<p>Seit neuem arbeite ich in der Informatik von Coop. Ich bin da Projektleiterin f\u00fcr die Onlineshops livique.ch\/lumimart.ch. Im Fachjargon nennt man dies auch Product Owner. Meine Aufgabe ist es, als Schnittstelle zwischen der Fachabteilung von Livique \/ Lumimart und den Entwicklern zu agieren. Die wichtigste Aufgabe ist es dabei, die beiden Onlineshops stetig zu optimieren. Daf\u00fcr arbeiten wir in Scrum. Das heisst, ich als Product Owner verwalte ein Product Backlog mit (meist) Anforderung von der Fachabteilung, priorisiere die verschiedenen Items, plane diese in Sprints ein und schaue f\u00fcr eine korrekte Umsetzung. Dies beinhaltet auch das Testing von allen umgesetzten Anforderungen.<\/p>\n\n\n\n<p>Vor dem Schritt in die Informatik habe ich ein Grossteil der Marketing Palette durchlebt. Klassisches Marketing (am POS, Plakat, Print), Onlinemarketing, CRM und dann schlussendlich E-Commerce. Und von da aus kam dann der technische Aspekt immer weiter dazu.<\/p>\n\n\n\n<figure class=\"wp-block-image size-large is-resized\"><img loading=\"lazy\" decoding=\"async\" width=\"702\" height=\"527\" src=\"https:\/\/hub.hslu.ch\/ikm\/wp-content\/blogs.dir\/489\/files\/sites\/8\/Bild-Beverly-Hersche-702x527.jpeg\" alt=\"Alumni Beverly Hersche\" class=\"wp-image-18919\" style=\"width:817px;height:613px\" srcset=\"https:\/\/hub.hslu.ch\/ikm\/wp-content\/blogs.dir\/489\/files\/sites\/8\/Bild-Beverly-Hersche-702x527.jpeg 702w, https:\/\/hub.hslu.ch\/ikm\/wp-content\/blogs.dir\/489\/files\/sites\/8\/Bild-Beverly-Hersche-300x225.jpeg 300w, https:\/\/hub.hslu.ch\/ikm\/wp-content\/blogs.dir\/489\/files\/sites\/8\/Bild-Beverly-Hersche-768x576.jpeg 768w, https:\/\/hub.hslu.ch\/ikm\/wp-content\/blogs.dir\/489\/files\/sites\/8\/Bild-Beverly-Hersche-1536x1152.jpeg 1536w, https:\/\/hub.hslu.ch\/ikm\/wp-content\/blogs.dir\/489\/files\/sites\/8\/Bild-Beverly-Hersche-928x696.jpeg 928w, https:\/\/hub.hslu.ch\/ikm\/wp-content\/blogs.dir\/489\/files\/sites\/8\/Bild-Beverly-Hersche.jpeg 2048w\" sizes=\"auto, (max-width: 702px) 100vw, 702px\" \/><figcaption class=\"wp-element-caption\"><strong>Beverly Hersche<\/strong><br>Product Owner und Absolventin des CAS Digital Media and Campaign Management<\/figcaption><\/figure>\n\n\n\n<h2 class=\"wp-block-heading\">In welcher Form profitiert dein Arbeitgeber von deiner CAS Teilnahme?<\/h2>\n\n\n\n<p>Mein vorheriger Arbeitgeber konnte sicher von der damaligen absolvierten Weiterbildung profitieren. Ich habe das <a href=\"https:\/\/www.hslu.ch\/de-ch\/wirtschaft\/weiterbildung\/cas\/ikm\/digital-media-and-campaign-management\/\" target=\"_blank\" rel=\"noreferrer noopener\">CAS in Digital Media and Campaign Management<\/a> absolviert. Meine berufliche Aufgabe war es da auch, nationale Marketing Kampagnen zu planen. Mein erlangtes Wissen aus der Weiterbildung f\u00fchrten zu neuen Denkanst\u00f6ssen, was eine effektivere Planung betrifft.<\/p>\n\n\n\n<h2 class=\"wp-block-heading\">Haben dich die Projekte und Leistungsnachweise w\u00e4hrend dem CAS weitergebracht?<\/h2>\n\n\n\n<p>In der Weiterbildung wurde der von mir mitgebrachte Case im Leistungsnachweis bearbeitet (Gruppenarbeit). Darin haben wir eine Online Kampagne f\u00fcr ein neues Produkt meines ehemaligen Arbeitgebers erarbeitet. Die Arbeit in der Gruppe gab wertvolle Inputs \u00abvon Aussen\u00bb. Die Zusammenarbeit mit 5 verschiedenen Personen aus 5 verschiedenen Unternehmen war herausfordernd, ergab schlussendlich aber ein gutes Endprodukt.<\/p>\n\n\n\n<h2 class=\"wp-block-heading\">In welchem Pensum hast du nebst deiner Weiterbildung gearbeitet?<\/h2>\n\n\n\n<p>Ich habe weiterhin 100% gearbeitet, w\u00e4hrend ich das CAS am Freitagnachmittag und Samstag besucht habe. Das war gut mit dem Beruf zu vereinbaren. Da es sich nur um ein Semester handelt, nimmt man auch die \u00abverlorene\u00bb Freizeit vom Wochenende in Kauf. W\u00fcrde ich gleich mehrere CAS nacheinander, bzw. gleich den MAS absolvieren, w\u00fcrde ich auf ca. 70-80% reduzieren.<\/p>\n\n\n\n<p><\/p>\n\n\n\n<p><strong>Interessiert zu erfahren was andere Alumni gesagt haben? In K\u00fcrze erscheint das n\u00e4chste Interview auf diesem Blog.<\/strong><\/p>\n","protected":false},"excerpt":{"rendered":"<p>Das Weiterbildungsangebot am Institut f\u00fcr Kommunikation und Marketing IKM umfasst aktuell drei MAS-Programme, 15 CAS-Programme sowie 11 SAS-Programme. Wir haben Alumni unserer Weiterbildungen interviewt. In dieser Blog-Reihe erf\u00e4hrt ihr, wer hinter unseren Teilnehmenden steckt, was sie dazu bewogen hat eine Weiterbildung am IKM zu machen und wie sie davon profitieren. Im ersten Teil haben wir Beverly Hersche interviewt.<\/p>\n","protected":false},"author":247,"featured_media":18919,"comment_status":"open","ping_status":"open","sticky":false,"template":"","format":"standard","meta":{"_acf_changed":false,"inline_featured_image":false,"_relevanssi_hide_post":"","_relevanssi_hide_content":"","_relevanssi_pin_for_all":"","_relevanssi_pin_keywords":"","_relevanssi_unpin_keywords":"","_relevanssi_related_keywords":"","_relevanssi_related_include_ids":"","_relevanssi_related_exclude_ids":"","_relevanssi_related_no_append":"","_relevanssi_related_not_related":"","_relevanssi_related_posts":"18922,15309,18149,16947,8782,11869","_relevanssi_noindex_reason":"","footnotes":"","_links_to":"","_links_to_target":""},"categories":[86671,4668],"tags":[],"class_list":["post-18914","post","type-post","status-publish","format-standard","has-post-thumbnail","hentry","category-marketing-und-kommunikationsmanagement","category-weiterbildung"],"acf":[],"yoast_head":"<!-- This site is optimized with the Yoast SEO plugin v27.4 - https:\/\/yoast.com\/product\/yoast-seo-wordpress\/ -->\n<title>IKM Alumni im Interview \u2013 Beverly Hersche - IKM-Blog<\/title>\n<meta name=\"description\" content=\"Wir haben Alumni unserer Weiterbildungen am IKM interviewt. In dieser Blog-Reihe erf\u00e4hrt ihr, wer hinter unseren Teilnehmenden steckt.\" \/>\n<meta name=\"robots\" content=\"index, follow, max-snippet:-1, max-image-preview:large, max-video-preview:-1\" \/>\n<link rel=\"canonical\" href=\"https:\/\/hub.hslu.ch\/ikm\/2022\/10\/07\/ikm-alumni-im-interview-beverly-hersche\/\" \/>\n<meta property=\"og:locale\" content=\"de_DE\" \/>\n<meta property=\"og:type\" content=\"article\" \/>\n<meta property=\"og:title\" content=\"IKM Alumni im Interview \u2013 Beverly Hersche - IKM-Blog\" \/>\n<meta property=\"og:description\" content=\"Wir haben Alumni unserer Weiterbildungen am IKM interviewt. In dieser Blog-Reihe erf\u00e4hrt ihr, wer hinter unseren Teilnehmenden steckt.\" \/>\n<meta property=\"og:url\" content=\"https:\/\/hub.hslu.ch\/ikm\/2022\/10\/07\/ikm-alumni-im-interview-beverly-hersche\/\" \/>\n<meta property=\"og:site_name\" content=\"IKM-Blog\" \/>\n<meta property=\"article:published_time\" content=\"2022-10-07T08:19:57+00:00\" \/>\n<meta property=\"article:modified_time\" content=\"2026-02-09T13:43:55+00:00\" \/>\n<meta property=\"og:image\" content=\"https:\/\/hub.hslu.ch\/ikm\/wp-content\/blogs.dir\/489\/files\/sites\/8\/Bild-Beverly-Hersche.jpeg\" \/>\n\t<meta property=\"og:image:width\" content=\"2048\" \/>\n\t<meta property=\"og:image:height\" content=\"1536\" \/>\n\t<meta property=\"og:image:type\" content=\"image\/jpeg\" \/>\n<meta name=\"author\" content=\"sandramendez\" \/>\n<meta name=\"twitter:card\" content=\"summary_large_image\" \/>\n<meta name=\"twitter:label1\" content=\"Geschrieben von\" \/>\n\t<meta name=\"twitter:data1\" content=\"sandramendez\" \/>\n\t<meta name=\"twitter:label2\" content=\"Gesch\u00e4tzte Lesezeit\" \/>\n\t<meta name=\"twitter:data2\" content=\"4\u00a0Minuten\" \/>\n<script type=\"application\/ld+json\" class=\"yoast-schema-graph\">{\"@context\":\"https:\\\/\\\/schema.org\",\"@graph\":[{\"@type\":\"Article\",\"@id\":\"https:\\\/\\\/hub.hslu.ch\\\/ikm\\\/2022\\\/10\\\/07\\\/ikm-alumni-im-interview-beverly-hersche\\\/#article\",\"isPartOf\":{\"@id\":\"https:\\\/\\\/hub.hslu.ch\\\/ikm\\\/2022\\\/10\\\/07\\\/ikm-alumni-im-interview-beverly-hersche\\\/\"},\"author\":{\"name\":\"sandramendez\",\"@id\":\"https:\\\/\\\/hub.hslu.ch\\\/ikm\\\/#\\\/schema\\\/person\\\/f499a20cf3ea24019b09ec0b7a32f6f3\"},\"headline\":\"IKM Alumni im Interview \u2013 Beverly Hersche\",\"datePublished\":\"2022-10-07T08:19:57+00:00\",\"dateModified\":\"2026-02-09T13:43:55+00:00\",\"mainEntityOfPage\":{\"@id\":\"https:\\\/\\\/hub.hslu.ch\\\/ikm\\\/2022\\\/10\\\/07\\\/ikm-alumni-im-interview-beverly-hersche\\\/\"},\"wordCount\":486,\"commentCount\":0,\"image\":{\"@id\":\"https:\\\/\\\/hub.hslu.ch\\\/ikm\\\/2022\\\/10\\\/07\\\/ikm-alumni-im-interview-beverly-hersche\\\/#primaryimage\"},\"thumbnailUrl\":\"https:\\\/\\\/hub.hslu.ch\\\/ikm\\\/wp-content\\\/blogs.dir\\\/489\\\/files\\\/sites\\\/8\\\/Bild-Beverly-Hersche.jpeg\",\"articleSection\":[\"Marketing- und Kommunikationsmanagement\",\"Weiterbildung\"],\"inLanguage\":\"de-CH\",\"potentialAction\":[{\"@type\":\"CommentAction\",\"name\":\"Comment\",\"target\":[\"https:\\\/\\\/hub.hslu.ch\\\/ikm\\\/2022\\\/10\\\/07\\\/ikm-alumni-im-interview-beverly-hersche\\\/#respond\"]}]},{\"@type\":\"WebPage\",\"@id\":\"https:\\\/\\\/hub.hslu.ch\\\/ikm\\\/2022\\\/10\\\/07\\\/ikm-alumni-im-interview-beverly-hersche\\\/\",\"url\":\"https:\\\/\\\/hub.hslu.ch\\\/ikm\\\/2022\\\/10\\\/07\\\/ikm-alumni-im-interview-beverly-hersche\\\/\",\"name\":\"IKM Alumni im Interview \u2013 Beverly Hersche - IKM-Blog\",\"isPartOf\":{\"@id\":\"https:\\\/\\\/hub.hslu.ch\\\/ikm\\\/#website\"},\"primaryImageOfPage\":{\"@id\":\"https:\\\/\\\/hub.hslu.ch\\\/ikm\\\/2022\\\/10\\\/07\\\/ikm-alumni-im-interview-beverly-hersche\\\/#primaryimage\"},\"image\":{\"@id\":\"https:\\\/\\\/hub.hslu.ch\\\/ikm\\\/2022\\\/10\\\/07\\\/ikm-alumni-im-interview-beverly-hersche\\\/#primaryimage\"},\"thumbnailUrl\":\"https:\\\/\\\/hub.hslu.ch\\\/ikm\\\/wp-content\\\/blogs.dir\\\/489\\\/files\\\/sites\\\/8\\\/Bild-Beverly-Hersche.jpeg\",\"datePublished\":\"2022-10-07T08:19:57+00:00\",\"dateModified\":\"2026-02-09T13:43:55+00:00\",\"author\":{\"@id\":\"https:\\\/\\\/hub.hslu.ch\\\/ikm\\\/#\\\/schema\\\/person\\\/f499a20cf3ea24019b09ec0b7a32f6f3\"},\"description\":\"Wir haben Alumni unserer Weiterbildungen am IKM interviewt. In dieser Blog-Reihe erf\u00e4hrt ihr, wer hinter unseren Teilnehmenden steckt.\",\"breadcrumb\":{\"@id\":\"https:\\\/\\\/hub.hslu.ch\\\/ikm\\\/2022\\\/10\\\/07\\\/ikm-alumni-im-interview-beverly-hersche\\\/#breadcrumb\"},\"inLanguage\":\"de-CH\",\"potentialAction\":[{\"@type\":\"ReadAction\",\"target\":[\"https:\\\/\\\/hub.hslu.ch\\\/ikm\\\/2022\\\/10\\\/07\\\/ikm-alumni-im-interview-beverly-hersche\\\/\"]}]},{\"@type\":\"ImageObject\",\"inLanguage\":\"de-CH\",\"@id\":\"https:\\\/\\\/hub.hslu.ch\\\/ikm\\\/2022\\\/10\\\/07\\\/ikm-alumni-im-interview-beverly-hersche\\\/#primaryimage\",\"url\":\"https:\\\/\\\/hub.hslu.ch\\\/ikm\\\/wp-content\\\/blogs.dir\\\/489\\\/files\\\/sites\\\/8\\\/Bild-Beverly-Hersche.jpeg\",\"contentUrl\":\"https:\\\/\\\/hub.hslu.ch\\\/ikm\\\/wp-content\\\/blogs.dir\\\/489\\\/files\\\/sites\\\/8\\\/Bild-Beverly-Hersche.jpeg\",\"width\":2048,\"height\":1536},{\"@type\":\"BreadcrumbList\",\"@id\":\"https:\\\/\\\/hub.hslu.ch\\\/ikm\\\/2022\\\/10\\\/07\\\/ikm-alumni-im-interview-beverly-hersche\\\/#breadcrumb\",\"itemListElement\":[{\"@type\":\"ListItem\",\"position\":1,\"name\":\"Home\",\"item\":\"https:\\\/\\\/hub.hslu.ch\\\/ikm\\\/\"},{\"@type\":\"ListItem\",\"position\":2,\"name\":\"IKM Alumni im Interview \u2013 Beverly Hersche\"}]},{\"@type\":\"WebSite\",\"@id\":\"https:\\\/\\\/hub.hslu.ch\\\/ikm\\\/#website\",\"url\":\"https:\\\/\\\/hub.hslu.ch\\\/ikm\\\/\",\"name\":\"IKM-Blog\",\"description\":\"Kommunikation und Marketing an der Hochschule Luzern \u2013 Wirtschaft\",\"potentialAction\":[{\"@type\":\"SearchAction\",\"target\":{\"@type\":\"EntryPoint\",\"urlTemplate\":\"https:\\\/\\\/hub.hslu.ch\\\/ikm\\\/?s={search_term_string}\"},\"query-input\":{\"@type\":\"PropertyValueSpecification\",\"valueRequired\":true,\"valueName\":\"search_term_string\"}}],\"inLanguage\":\"de-CH\"},{\"@type\":\"Person\",\"@id\":\"https:\\\/\\\/hub.hslu.ch\\\/ikm\\\/#\\\/schema\\\/person\\\/f499a20cf3ea24019b09ec0b7a32f6f3\",\"name\":\"sandramendez\"}]}<\/script>\n<!-- \/ Yoast SEO plugin. -->","yoast_head_json":{"title":"IKM Alumni im Interview \u2013 Beverly Hersche - IKM-Blog","description":"Wir haben Alumni unserer Weiterbildungen am IKM interviewt. In dieser Blog-Reihe erf\u00e4hrt ihr, wer hinter unseren Teilnehmenden steckt.","robots":{"index":"index","follow":"follow","max-snippet":"max-snippet:-1","max-image-preview":"max-image-preview:large","max-video-preview":"max-video-preview:-1"},"canonical":"https:\/\/hub.hslu.ch\/ikm\/2022\/10\/07\/ikm-alumni-im-interview-beverly-hersche\/","og_locale":"de_DE","og_type":"article","og_title":"IKM Alumni im Interview \u2013 Beverly Hersche - IKM-Blog","og_description":"Wir haben Alumni unserer Weiterbildungen am IKM interviewt. In dieser Blog-Reihe erf\u00e4hrt ihr, wer hinter unseren Teilnehmenden steckt.","og_url":"https:\/\/hub.hslu.ch\/ikm\/2022\/10\/07\/ikm-alumni-im-interview-beverly-hersche\/","og_site_name":"IKM-Blog","article_published_time":"2022-10-07T08:19:57+00:00","article_modified_time":"2026-02-09T13:43:55+00:00","og_image":[{"width":2048,"height":1536,"url":"https:\/\/hub.hslu.ch\/ikm\/wp-content\/blogs.dir\/489\/files\/sites\/8\/Bild-Beverly-Hersche.jpeg","type":"image\/jpeg"}],"author":"sandramendez","twitter_card":"summary_large_image","twitter_misc":{"Geschrieben von":"sandramendez","Gesch\u00e4tzte Lesezeit":"4\u00a0Minuten"},"schema":{"@context":"https:\/\/schema.org","@graph":[{"@type":"Article","@id":"https:\/\/hub.hslu.ch\/ikm\/2022\/10\/07\/ikm-alumni-im-interview-beverly-hersche\/#article","isPartOf":{"@id":"https:\/\/hub.hslu.ch\/ikm\/2022\/10\/07\/ikm-alumni-im-interview-beverly-hersche\/"},"author":{"name":"sandramendez","@id":"https:\/\/hub.hslu.ch\/ikm\/#\/schema\/person\/f499a20cf3ea24019b09ec0b7a32f6f3"},"headline":"IKM Alumni im Interview \u2013 Beverly Hersche","datePublished":"2022-10-07T08:19:57+00:00","dateModified":"2026-02-09T13:43:55+00:00","mainEntityOfPage":{"@id":"https:\/\/hub.hslu.ch\/ikm\/2022\/10\/07\/ikm-alumni-im-interview-beverly-hersche\/"},"wordCount":486,"commentCount":0,"image":{"@id":"https:\/\/hub.hslu.ch\/ikm\/2022\/10\/07\/ikm-alumni-im-interview-beverly-hersche\/#primaryimage"},"thumbnailUrl":"https:\/\/hub.hslu.ch\/ikm\/wp-content\/blogs.dir\/489\/files\/sites\/8\/Bild-Beverly-Hersche.jpeg","articleSection":["Marketing- und Kommunikationsmanagement","Weiterbildung"],"inLanguage":"de-CH","potentialAction":[{"@type":"CommentAction","name":"Comment","target":["https:\/\/hub.hslu.ch\/ikm\/2022\/10\/07\/ikm-alumni-im-interview-beverly-hersche\/#respond"]}]},{"@type":"WebPage","@id":"https:\/\/hub.hslu.ch\/ikm\/2022\/10\/07\/ikm-alumni-im-interview-beverly-hersche\/","url":"https:\/\/hub.hslu.ch\/ikm\/2022\/10\/07\/ikm-alumni-im-interview-beverly-hersche\/","name":"IKM Alumni im Interview \u2013 Beverly Hersche - IKM-Blog","isPartOf":{"@id":"https:\/\/hub.hslu.ch\/ikm\/#website"},"primaryImageOfPage":{"@id":"https:\/\/hub.hslu.ch\/ikm\/2022\/10\/07\/ikm-alumni-im-interview-beverly-hersche\/#primaryimage"},"image":{"@id":"https:\/\/hub.hslu.ch\/ikm\/2022\/10\/07\/ikm-alumni-im-interview-beverly-hersche\/#primaryimage"},"thumbnailUrl":"https:\/\/hub.hslu.ch\/ikm\/wp-content\/blogs.dir\/489\/files\/sites\/8\/Bild-Beverly-Hersche.jpeg","datePublished":"2022-10-07T08:19:57+00:00","dateModified":"2026-02-09T13:43:55+00:00","author":{"@id":"https:\/\/hub.hslu.ch\/ikm\/#\/schema\/person\/f499a20cf3ea24019b09ec0b7a32f6f3"},"description":"Wir haben Alumni unserer Weiterbildungen am IKM interviewt. In dieser Blog-Reihe erf\u00e4hrt ihr, wer hinter unseren Teilnehmenden steckt.","breadcrumb":{"@id":"https:\/\/hub.hslu.ch\/ikm\/2022\/10\/07\/ikm-alumni-im-interview-beverly-hersche\/#breadcrumb"},"inLanguage":"de-CH","potentialAction":[{"@type":"ReadAction","target":["https:\/\/hub.hslu.ch\/ikm\/2022\/10\/07\/ikm-alumni-im-interview-beverly-hersche\/"]}]},{"@type":"ImageObject","inLanguage":"de-CH","@id":"https:\/\/hub.hslu.ch\/ikm\/2022\/10\/07\/ikm-alumni-im-interview-beverly-hersche\/#primaryimage","url":"https:\/\/hub.hslu.ch\/ikm\/wp-content\/blogs.dir\/489\/files\/sites\/8\/Bild-Beverly-Hersche.jpeg","contentUrl":"https:\/\/hub.hslu.ch\/ikm\/wp-content\/blogs.dir\/489\/files\/sites\/8\/Bild-Beverly-Hersche.jpeg","width":2048,"height":1536},{"@type":"BreadcrumbList","@id":"https:\/\/hub.hslu.ch\/ikm\/2022\/10\/07\/ikm-alumni-im-interview-beverly-hersche\/#breadcrumb","itemListElement":[{"@type":"ListItem","position":1,"name":"Home","item":"https:\/\/hub.hslu.ch\/ikm\/"},{"@type":"ListItem","position":2,"name":"IKM Alumni im Interview \u2013 Beverly Hersche"}]},{"@type":"WebSite","@id":"https:\/\/hub.hslu.ch\/ikm\/#website","url":"https:\/\/hub.hslu.ch\/ikm\/","name":"IKM-Blog","description":"Kommunikation und Marketing an der Hochschule Luzern \u2013 Wirtschaft","potentialAction":[{"@type":"SearchAction","target":{"@type":"EntryPoint","urlTemplate":"https:\/\/hub.hslu.ch\/ikm\/?s={search_term_string}"},"query-input":{"@type":"PropertyValueSpecification","valueRequired":true,"valueName":"search_term_string"}}],"inLanguage":"de-CH"},{"@type":"Person","@id":"https:\/\/hub.hslu.ch\/ikm\/#\/schema\/person\/f499a20cf3ea24019b09ec0b7a32f6f3","name":"sandramendez"}]}},"featured_image_src":"https:\/\/hub.hslu.ch\/ikm\/wp-content\/blogs.dir\/489\/files\/sites\/8\/Bild-Beverly-Hersche.jpeg","featured_image_src_square":"https:\/\/hub.hslu.ch\/ikm\/wp-content\/blogs.dir\/489\/files\/sites\/8\/Bild-Beverly-Hersche.jpeg","author_info":{"display_name":"sandramendez","author_link":"https:\/\/hub.hslu.ch\/ikm\/author\/sandramendez\/"},"_links":{"self":[{"href":"https:\/\/hub.hslu.ch\/ikm\/wp-json\/wp\/v2\/posts\/18914","targetHints":{"allow":["GET"]}}],"collection":[{"href":"https:\/\/hub.hslu.ch\/ikm\/wp-json\/wp\/v2\/posts"}],"about":[{"href":"https:\/\/hub.hslu.ch\/ikm\/wp-json\/wp\/v2\/types\/post"}],"author":[{"embeddable":true,"href":"https:\/\/hub.hslu.ch\/ikm\/wp-json\/wp\/v2\/users\/247"}],"replies":[{"embeddable":true,"href":"https:\/\/hub.hslu.ch\/ikm\/wp-json\/wp\/v2\/comments?post=18914"}],"version-history":[{"count":16,"href":"https:\/\/hub.hslu.ch\/ikm\/wp-json\/wp\/v2\/posts\/18914\/revisions"}],"predecessor-version":[{"id":24398,"href":"https:\/\/hub.hslu.ch\/ikm\/wp-json\/wp\/v2\/posts\/18914\/revisions\/24398"}],"wp:featuredmedia":[{"embeddable":true,"href":"https:\/\/hub.hslu.ch\/ikm\/wp-json\/wp\/v2\/media\/18919"}],"wp:attachment":[{"href":"https:\/\/hub.hslu.ch\/ikm\/wp-json\/wp\/v2\/media?parent=18914"}],"wp:term":[{"taxonomy":"category","embeddable":true,"href":"https:\/\/hub.hslu.ch\/ikm\/wp-json\/wp\/v2\/categories?post=18914"},{"taxonomy":"post_tag","embeddable":true,"href":"https:\/\/hub.hslu.ch\/ikm\/wp-json\/wp\/v2\/tags?post=18914"}],"curies":[{"name":"wp","href":"https:\/\/api.w.org\/{rel}","templated":true}]}}